{"id":3250,"date":"2017-10-25T13:04:59","date_gmt":"2017-10-25T11:04:59","guid":{"rendered":"https:\/\/www.krafthand.de\/truck\/artikel\/dekra-uebernimmt-lausitzring-3250\/"},"modified":"2017-10-25T13:04:59","modified_gmt":"2017-10-25T11:04:59","slug":"dekra-uebernimmt-lausitzring","status":"publish","type":"post","link":"https:\/\/www.krafthand.de\/truck\/artikel\/dekra-uebernimmt-lausitzring-3250\/","title":{"rendered":"Dekra \u00fcbernimmt Lausitzring"},"content":{"rendered":"<p class=\"text-colored\">Am Lausitzring soll Europas gr\u00f6\u00dftes, unabh\u00e4ngiges Testzentrum f\u00fcr automatisiertes und vernetztes Fahren entstehen. Das zumindest hat sich die Stuttgarter Sachverst\u00e4ndigenorganisation Dekra als Ziel gesetzt und will hierf\u00fcr nach eigenem Bekunden den Ring zum 1. November 2017 \u00fcbernehmen.<\/p>\n<p>Zusammen mit dem 2003 gegr\u00fcndeten Dekra Technology Center (DTC), der in unmittelbarer Nachbarschaft zu der Rennstrecke in Klettwitz (Brandenburg) liegt, soll ein Innovationszentrum f\u00fcr die Pr\u00fcfung der Mobilit\u00e4t der Zukunft entstehen. <\/p>\n<p>Es soll laut Stefan K\u00f6lbl, Vorsitzender des Vorstands Dekra e.V. und Dekra SE &quot;ein zentraler Bestandteil des internationalen Testverbunds f\u00fcr das automatisierte und vernetzte Fahren werden, den Dekra in Europa und Asien aufbaut&quot;. Dazu will das Unternehmen nach eigenen Angaben in einem ersten Schritt mehr als 30 Millionen Euro investieren. Der geplante Ausbau der Strecken und der Infrastruktur soll im Wesentlichen im Lauf des Jahres 2018 stattfinden.<\/p>\n","protected":false},"excerpt":{"rendered":"<p>Am Lausitzring soll Europas gr\u00f6\u00dftes, unabh\u00e4ngiges Testzentrum f\u00fcr automatisiertes und vernetztes Fahren entstehen. Das zumindest hat sich die Stuttgarter Sachverst\u00e4ndigenorganisation Dekra als Ziel gesetzt und will hierf\u00fcr nach eigenem Bekunden den Ring zum 1. November 2017 \u00fcbernehmen. <span class=\"excerpt-more__dots\">&#8230;<\/span> <a class=\"excerpt-more__link\" href=\"https:\/\/www.krafthand.de\/truck\/artikel\/dekra-uebernimmt-lausitzring-3250\/\" >weiter<\/a><\/p>\n","protected":false},"author":3,"featured_media":3251,"comment_status":"closed","ping_status":"closed","sticky":false,"template":"","format":"standard","meta":{"footnotes":""},"categories":[5],"tags":[2151,3428,3427,3425,3426],"settings":[],"class_list":["post-3250","post","type-post","status-publish","format-standard","has-post-thumbnail","hentry","category-branche","tag-dekra","tag-innovationszentrum","tag-klettwitz","tag-lausitzring","tag-testzentrum"],"yoast_head":"<!-- This site is optimized with the Yoast SEO plugin v27.3 - https:\/\/yoast.com\/product\/yoast-seo-wordpress\/ -->\n<title>Dekra \u00fcbernimmt Lausitzring - Krafthand-Truck<\/title>\n<meta name=\"robots\" content=\"index, follow, max-snippet:-1, max-image-preview:large, max-video-preview:-1\" \/>\n<link rel=\"canonical\" href=\"https:\/\/www.krafthand.de\/truck\/artikel\/dekra-uebernimmt-lausitzring-3250\/\" \/>\n<meta property=\"og:locale\" content=\"de_DE\" \/>\n<meta property=\"og:type\" content=\"article\" \/>\n<meta property=\"og:title\" content=\"Dekra \u00fcbernimmt Lausitzring - Krafthand-Truck\" \/>\n<meta property=\"og:description\" content=\"Am Lausitzring soll Europas gr\u00f6\u00dftes, unabh\u00e4ngiges Testzentrum f\u00fcr automatisiertes und vernetztes Fahren entstehen. Das zumindest hat sich die Stuttgarter Sachverst\u00e4ndigenorganisation Dekra als Ziel gesetzt und will hierf\u00fcr nach eigenem Bekunden den Ring zum 1. November 2017 \u00fcbernehmen. ... weiter\" \/>\n<meta property=\"og:url\" content=\"https:\/\/www.krafthand-truck.de\/artikel\/dekra-uebernimmt-lausitzring-3250\/\" \/>\n<meta property=\"og:site_name\" content=\"Krafthand-Truck\" \/>\n<meta property=\"article:published_time\" content=\"2017-10-25T11:04:59+00:00\" \/>\n<meta property=\"og:image\" content=\"https:\/\/www.krafthand.de\/truck\/wp-content\/uploads\/2017\/10\/kht0317_079.jpg\" \/>\n\t<meta property=\"og:image:width\" content=\"1200\" \/>\n\t<meta property=\"og:image:height\" content=\"695\" \/>\n\t<meta property=\"og:image:type\" content=\"image\/jpeg\" \/>\n<meta name=\"author\" content=\"katja.heid@krafthand.de\" \/>\n<meta name=\"twitter:card\" content=\"summary_large_image\" \/>\n<meta name=\"twitter:label1\" content=\"Verfasst von\" \/>\n\t<meta name=\"twitter:data1\" content=\"katja.heid@krafthand.de\" \/>\n\t<meta name=\"twitter:label2\" content=\"Gesch\u00e4tzte Lesezeit\" \/>\n\t<meta name=\"twitter:data2\" content=\"1\u00a0Minute\" \/>\n<script type=\"application\/ld+json\" class=\"yoast-schema-graph\">{\"@context\":\"https:\\\/\\\/schema.org\",\"@graph\":[{\"@type\":\"Article\",\"@id\":\"https:\\\/\\\/www.krafthand.de\\\/truck\\\/artikel\\\/dekra-uebernimmt-lausitzring-3250\\\/#article\",\"isPartOf\":{\"@id\":\"https:\\\/\\\/www.krafthand.de\\\/truck\\\/artikel\\\/dekra-uebernimmt-lausitzring-3250\\\/\"},\"author\":{\"name\":\"katja.heid@krafthand.de\",\"@id\":\"https:\\\/\\\/www.krafthand.de\\\/truck\\\/#\\\/schema\\\/person\\\/8e290c6d425b72d176adc7767a251001\"},\"headline\":\"Dekra \u00fcbernimmt Lausitzring\",\"datePublished\":\"2017-10-25T11:04:59+00:00\",\"mainEntityOfPage\":{\"@id\":\"https:\\\/\\\/www.krafthand.de\\\/truck\\\/artikel\\\/dekra-uebernimmt-lausitzring-3250\\\/\"},\"wordCount\":149,\"image\":{\"@id\":\"https:\\\/\\\/www.krafthand.de\\\/truck\\\/artikel\\\/dekra-uebernimmt-lausitzring-3250\\\/#primaryimage\"},\"thumbnailUrl\":\"https:\\\/\\\/static.krafthand-truck.de\\\/uploads\\\/2017\\\/10\\\/kht0317_079.jpg\",\"keywords\":[\"Dekra\",\"Innovationszentrum\",\"Klettwitz\",\"Lausitzring\",\"Testzentrum\"],\"articleSection\":[\"Nfz-Branche\"],\"inLanguage\":\"de\"},{\"@type\":\"WebPage\",\"@id\":\"https:\\\/\\\/www.krafthand.de\\\/truck\\\/artikel\\\/dekra-uebernimmt-lausitzring-3250\\\/\",\"url\":\"https:\\\/\\\/www.krafthand.de\\\/truck\\\/artikel\\\/dekra-uebernimmt-lausitzring-3250\\\/\",\"name\":\"Dekra \u00fcbernimmt Lausitzring - Krafthand-Truck\",\"isPartOf\":{\"@id\":\"https:\\\/\\\/www.krafthand.de\\\/truck\\\/#website\"},\"primaryImageOfPage\":{\"@id\":\"https:\\\/\\\/www.krafthand.de\\\/truck\\\/artikel\\\/dekra-uebernimmt-lausitzring-3250\\\/#primaryimage\"},\"image\":{\"@id\":\"https:\\\/\\\/www.krafthand.de\\\/truck\\\/artikel\\\/dekra-uebernimmt-lausitzring-3250\\\/#primaryimage\"},\"thumbnailUrl\":\"https:\\\/\\\/static.krafthand-truck.de\\\/uploads\\\/2017\\\/10\\\/kht0317_079.jpg\",\"datePublished\":\"2017-10-25T11:04:59+00:00\",\"author\":{\"@id\":\"https:\\\/\\\/www.krafthand.de\\\/truck\\\/#\\\/schema\\\/person\\\/8e290c6d425b72d176adc7767a251001\"},\"breadcrumb\":{\"@id\":\"https:\\\/\\\/www.krafthand.de\\\/truck\\\/artikel\\\/dekra-uebernimmt-lausitzring-3250\\\/#breadcrumb\"},\"inLanguage\":\"de\",\"potentialAction\":[{\"@type\":\"ReadAction\",\"target\":[\"https:\\\/\\\/www.krafthand.de\\\/truck\\\/artikel\\\/dekra-uebernimmt-lausitzring-3250\\\/\"]}]},{\"@type\":\"ImageObject\",\"inLanguage\":\"de\",\"@id\":\"https:\\\/\\\/www.krafthand.de\\\/truck\\\/artikel\\\/dekra-uebernimmt-lausitzring-3250\\\/#primaryimage\",\"url\":\"https:\\\/\\\/static.krafthand-truck.de\\\/uploads\\\/2017\\\/10\\\/kht0317_079.jpg\",\"contentUrl\":\"https:\\\/\\\/static.krafthand-truck.de\\\/uploads\\\/2017\\\/10\\\/kht0317_079.jpg\",\"width\":1200,\"height\":695,\"caption\":\"Dekra m\u00f6chte den Lausitzring zum 1. November 2017 \u00fcbernehmen. Bild: Dekra\"},{\"@type\":\"BreadcrumbList\",\"@id\":\"https:\\\/\\\/www.krafthand.de\\\/truck\\\/artikel\\\/dekra-uebernimmt-lausitzring-3250\\\/#breadcrumb\",\"itemListElement\":[{\"@type\":\"ListItem\",\"position\":1,\"name\":\"Krafthand-Truck\",\"item\":\"https:\\\/\\\/www.krafthand.de\\\/truck\\\/\"},{\"@type\":\"ListItem\",\"position\":2,\"name\":\"Nfz-Branche\",\"item\":\"https:\\\/\\\/www.krafthand.de\\\/truck\\\/kategorie\\\/branche\\\/\"},{\"@type\":\"ListItem\",\"position\":3,\"name\":\"Dekra \u00fcbernimmt Lausitzring\"}]},{\"@type\":\"WebSite\",\"@id\":\"https:\\\/\\\/www.krafthand.de\\\/truck\\\/#website\",\"url\":\"https:\\\/\\\/www.krafthand.de\\\/truck\\\/\",\"name\":\"Krafthand-Truck\",\"description\":\"\",\"potentialAction\":[{\"@type\":\"SearchAction\",\"target\":{\"@type\":\"EntryPoint\",\"urlTemplate\":\"https:\\\/\\\/www.krafthand.de\\\/truck\\\/?s={search_term_string}\"},\"query-input\":{\"@type\":\"PropertyValueSpecification\",\"valueRequired\":true,\"valueName\":\"search_term_string\"}}],\"inLanguage\":\"de\"},{\"@type\":\"Person\",\"@id\":\"https:\\\/\\\/www.krafthand.de\\\/truck\\\/#\\\/schema\\\/person\\\/8e290c6d425b72d176adc7767a251001\",\"name\":\"katja.heid@krafthand.de\",\"image\":{\"@type\":\"ImageObject\",\"inLanguage\":\"de\",\"@id\":\"https:\\\/\\\/secure.gravatar.com\\\/avatar\\\/9a2930c54ede0e0a76c0f8abfb74704de273084f2aa0e3c6deb2c86704c7402b?s=96&d=mm&r=g\",\"url\":\"https:\\\/\\\/secure.gravatar.com\\\/avatar\\\/9a2930c54ede0e0a76c0f8abfb74704de273084f2aa0e3c6deb2c86704c7402b?s=96&d=mm&r=g\",\"contentUrl\":\"https:\\\/\\\/secure.gravatar.com\\\/avatar\\\/9a2930c54ede0e0a76c0f8abfb74704de273084f2aa0e3c6deb2c86704c7402b?s=96&d=mm&r=g\",\"caption\":\"katja.heid@krafthand.de\"}}]}<\/script>\n<!-- \/ Yoast SEO plugin. -->","yoast_head_json":{"title":"Dekra \u00fcbernimmt Lausitzring - Krafthand-Truck","robots":{"index":"index","follow":"follow","max-snippet":"max-snippet:-1","max-image-preview":"max-image-preview:large","max-video-preview":"max-video-preview:-1"},"canonical":"https:\/\/www.krafthand.de\/truck\/artikel\/dekra-uebernimmt-lausitzring-3250\/","og_locale":"de_DE","og_type":"article","og_title":"Dekra \u00fcbernimmt Lausitzring - Krafthand-Truck","og_description":"Am Lausitzring soll Europas gr\u00f6\u00dftes, unabh\u00e4ngiges Testzentrum f\u00fcr automatisiertes und vernetztes Fahren entstehen. Das zumindest hat sich die Stuttgarter Sachverst\u00e4ndigenorganisation Dekra als Ziel gesetzt und will hierf\u00fcr nach eigenem Bekunden den Ring zum 1. November 2017 \u00fcbernehmen. ... weiter","og_url":"https:\/\/www.krafthand-truck.de\/artikel\/dekra-uebernimmt-lausitzring-3250\/","og_site_name":"Krafthand-Truck","article_published_time":"2017-10-25T11:04:59+00:00","og_image":[{"width":1200,"height":695,"url":"https:\/\/www.krafthand.de\/truck\/wp-content\/uploads\/2017\/10\/kht0317_079.jpg","type":"image\/jpeg"}],"author":"katja.heid@krafthand.de","twitter_card":"summary_large_image","twitter_misc":{"Verfasst von":"katja.heid@krafthand.de","Gesch\u00e4tzte Lesezeit":"1\u00a0Minute"},"schema":{"@context":"https:\/\/schema.org","@graph":[{"@type":"Article","@id":"https:\/\/www.krafthand.de\/truck\/artikel\/dekra-uebernimmt-lausitzring-3250\/#article","isPartOf":{"@id":"https:\/\/www.krafthand.de\/truck\/artikel\/dekra-uebernimmt-lausitzring-3250\/"},"author":{"name":"katja.heid@krafthand.de","@id":"https:\/\/www.krafthand.de\/truck\/#\/schema\/person\/8e290c6d425b72d176adc7767a251001"},"headline":"Dekra \u00fcbernimmt Lausitzring","datePublished":"2017-10-25T11:04:59+00:00","mainEntityOfPage":{"@id":"https:\/\/www.krafthand.de\/truck\/artikel\/dekra-uebernimmt-lausitzring-3250\/"},"wordCount":149,"image":{"@id":"https:\/\/www.krafthand.de\/truck\/artikel\/dekra-uebernimmt-lausitzring-3250\/#primaryimage"},"thumbnailUrl":"https:\/\/static.krafthand-truck.de\/uploads\/2017\/10\/kht0317_079.jpg","keywords":["Dekra","Innovationszentrum","Klettwitz","Lausitzring","Testzentrum"],"articleSection":["Nfz-Branche"],"inLanguage":"de"},{"@type":"WebPage","@id":"https:\/\/www.krafthand.de\/truck\/artikel\/dekra-uebernimmt-lausitzring-3250\/","url":"https:\/\/www.krafthand.de\/truck\/artikel\/dekra-uebernimmt-lausitzring-3250\/","name":"Dekra \u00fcbernimmt Lausitzring - Krafthand-Truck","isPartOf":{"@id":"https:\/\/www.krafthand.de\/truck\/#website"},"primaryImageOfPage":{"@id":"https:\/\/www.krafthand.de\/truck\/artikel\/dekra-uebernimmt-lausitzring-3250\/#primaryimage"},"image":{"@id":"https:\/\/www.krafthand.de\/truck\/artikel\/dekra-uebernimmt-lausitzring-3250\/#primaryimage"},"thumbnailUrl":"https:\/\/static.krafthand-truck.de\/uploads\/2017\/10\/kht0317_079.jpg","datePublished":"2017-10-25T11:04:59+00:00","author":{"@id":"https:\/\/www.krafthand.de\/truck\/#\/schema\/person\/8e290c6d425b72d176adc7767a251001"},"breadcrumb":{"@id":"https:\/\/www.krafthand.de\/truck\/artikel\/dekra-uebernimmt-lausitzring-3250\/#breadcrumb"},"inLanguage":"de","potentialAction":[{"@type":"ReadAction","target":["https:\/\/www.krafthand.de\/truck\/artikel\/dekra-uebernimmt-lausitzring-3250\/"]}]},{"@type":"ImageObject","inLanguage":"de","@id":"https:\/\/www.krafthand.de\/truck\/artikel\/dekra-uebernimmt-lausitzring-3250\/#primaryimage","url":"https:\/\/static.krafthand-truck.de\/uploads\/2017\/10\/kht0317_079.jpg","contentUrl":"https:\/\/static.krafthand-truck.de\/uploads\/2017\/10\/kht0317_079.jpg","width":1200,"height":695,"caption":"Dekra m\u00f6chte den Lausitzring zum 1. November 2017 \u00fcbernehmen. Bild: Dekra"},{"@type":"BreadcrumbList","@id":"https:\/\/www.krafthand.de\/truck\/artikel\/dekra-uebernimmt-lausitzring-3250\/#breadcrumb","itemListElement":[{"@type":"ListItem","position":1,"name":"Krafthand-Truck","item":"https:\/\/www.krafthand.de\/truck\/"},{"@type":"ListItem","position":2,"name":"Nfz-Branche","item":"https:\/\/www.krafthand.de\/truck\/kategorie\/branche\/"},{"@type":"ListItem","position":3,"name":"Dekra \u00fcbernimmt Lausitzring"}]},{"@type":"WebSite","@id":"https:\/\/www.krafthand.de\/truck\/#website","url":"https:\/\/www.krafthand.de\/truck\/","name":"Krafthand-Truck","description":"","potentialAction":[{"@type":"SearchAction","target":{"@type":"EntryPoint","urlTemplate":"https:\/\/www.krafthand.de\/truck\/?s={search_term_string}"},"query-input":{"@type":"PropertyValueSpecification","valueRequired":true,"valueName":"search_term_string"}}],"inLanguage":"de"},{"@type":"Person","@id":"https:\/\/www.krafthand.de\/truck\/#\/schema\/person\/8e290c6d425b72d176adc7767a251001","name":"katja.heid@krafthand.de","image":{"@type":"ImageObject","inLanguage":"de","@id":"https:\/\/secure.gravatar.com\/avatar\/9a2930c54ede0e0a76c0f8abfb74704de273084f2aa0e3c6deb2c86704c7402b?s=96&d=mm&r=g","url":"https:\/\/secure.gravatar.com\/avatar\/9a2930c54ede0e0a76c0f8abfb74704de273084f2aa0e3c6deb2c86704c7402b?s=96&d=mm&r=g","contentUrl":"https:\/\/secure.gravatar.com\/avatar\/9a2930c54ede0e0a76c0f8abfb74704de273084f2aa0e3c6deb2c86704c7402b?s=96&d=mm&r=g","caption":"katja.heid@krafthand.de"}}]}},"_links":{"self":[{"href":"https:\/\/www.krafthand.de\/truck\/wp-json\/wp\/v2\/posts\/3250","targetHints":{"allow":["GET"]}}],"collection":[{"href":"https:\/\/www.krafthand.de\/truck\/wp-json\/wp\/v2\/posts"}],"about":[{"href":"https:\/\/www.krafthand.de\/truck\/wp-json\/wp\/v2\/types\/post"}],"author":[{"embeddable":true,"href":"https:\/\/www.krafthand.de\/truck\/wp-json\/wp\/v2\/users\/3"}],"replies":[{"embeddable":true,"href":"https:\/\/www.krafthand.de\/truck\/wp-json\/wp\/v2\/comments?post=3250"}],"version-history":[{"count":0,"href":"https:\/\/www.krafthand.de\/truck\/wp-json\/wp\/v2\/posts\/3250\/revisions"}],"wp:featuredmedia":[{"embeddable":true,"href":"https:\/\/www.krafthand.de\/truck\/wp-json\/wp\/v2\/media\/3251"}],"wp:attachment":[{"href":"https:\/\/www.krafthand.de\/truck\/wp-json\/wp\/v2\/media?parent=3250"}],"wp:term":[{"taxonomy":"category","embeddable":true,"href":"https:\/\/www.krafthand.de\/truck\/wp-json\/wp\/v2\/categories?post=3250"},{"taxonomy":"post_tag","embeddable":true,"href":"https:\/\/www.krafthand.de\/truck\/wp-json\/wp\/v2\/tags?post=3250"},{"taxonomy":"settings","embeddable":true,"href":"https:\/\/www.krafthand.de\/truck\/wp-json\/wp\/v2\/settings?post=3250"}],"curies":[{"name":"wp","href":"https:\/\/api.w.org\/{rel}","templated":true}]}}