{"id":3248,"date":"2017-10-25T12:58:58","date_gmt":"2017-10-25T10:58:58","guid":{"rendered":"https:\/\/www.krafthand.de\/truck\/artikel\/selbstfahr-waschanlage-von-stark-auch-mit-fahrerkabine-erhaeltlich-3248\/"},"modified":"2017-10-25T12:58:58","modified_gmt":"2017-10-25T10:58:58","slug":"selbstfahr-waschanlage-von-stark-auch-mit-fahrerkabine-erhaeltlich","status":"publish","type":"post","link":"https:\/\/www.krafthand.de\/truck\/artikel\/selbstfahr-waschanlage-von-stark-auch-mit-fahrerkabine-erhaeltlich-3248\/","title":{"rendered":"Selbstfahr-Waschanlage von Stark auch mit Fahrerkabine erh\u00e4ltlich"},"content":{"rendered":"<p class=\"text-colored\">Wie es sich f\u00fcr einen echten Schwaben geh\u00f6rt, t\u00fcftelt der im Jagstzell-Dankoltsweiler ans\u00e4ssige Reinigungsger\u00e4tespezialist Stark permanent an seinen Waschanlagen und entwickelt diese st\u00e4ndig weiter. J\u00fcngstes Beispiel f\u00fcr den schw\u00e4bischen Innovationsgeist ist die Fahrerkabine f\u00fcr die mobilen, selbstfahrenden Lkw- und Omnibuswaschanlagen.<\/p>\n<p>&quot;Mit der neuen Kabine sitzt der Bediener bequem im Trockenen und hat dennoch den Waschbereich und den Abstand der Waschb\u00fcrste zum Fahrzeug optimal im Blick. Durch den zus\u00e4tzlichen Weitwinkel-R\u00fcckspiegel kann er zudem das Umfeld einsehen&quot;, berichtet Gesch\u00e4ftsf\u00fchrer Matthias Stark.<br \/>\nStark bietet die mobilen Waschger\u00e4te als Lkw- oder Omnibus-Version an. Die Unterschiede liegen Unternehmensangaben zufolge in Details. Beispielsweise verf\u00fcgt die Bus-Variante \u00fcber spezielle &#8218;Carlite&#8216;-Waschb\u00fcrsten, zudem sollen sich mit der Dachw\u00e4sche- Funktion auch Panorama-D\u00e4cher, wie sie mittlerweile bei vielen neuen Reisebussen zu finden sind, bequem reinigen lassen.<br \/>\nDen Produktinformationen zufolge sind an den mobilen Waschanlagen alle Funktionen hydraulisch, unter anderem auch der &#8218;Anfahrschutz&#8216;, der laut Stark eine Besonderheit seiner Produkte darstellt. F\u00e4hrt der W\u00e4scher zu nahe ans Fahrzeug, stoppt der Anfahrschutz aufgrund des erh\u00f6hten Widerstands automatisch die B\u00fcrstenrotation, bevor unn\u00f6tige und teure Sch\u00e4den entstehen k\u00f6nnen.<\/p>\n","protected":false},"excerpt":{"rendered":"<p>Wie es sich f\u00fcr einen echten Schwaben geh\u00f6rt, t\u00fcftelt der im Jagstzell-Dankoltsweiler ans\u00e4ssige Reinigungsger\u00e4tespezialist Stark permanent an seinen Waschanlagen und entwickelt diese st\u00e4ndig weiter. J\u00fcngstes Beispiel f\u00fcr den schw\u00e4bischen Innovationsgeist ist die Fahrerkabine f\u00fcr die mobilen, selbstfahrenden Lkw- und Omnibuswaschanlagen. <span class=\"excerpt-more__dots\">&#8230;<\/span> <a class=\"excerpt-more__link\" href=\"https:\/\/www.krafthand.de\/truck\/artikel\/selbstfahr-waschanlage-von-stark-auch-mit-fahrerkabine-erhaeltlich-3248\/\" >weiter<\/a><\/p>\n","protected":false},"author":3,"featured_media":3249,"comment_status":"closed","ping_status":"closed","sticky":false,"template":"","format":"standard","meta":{"footnotes":""},"categories":[5],"tags":[3424,3423,135,3421,3422,3419,3420],"settings":[],"class_list":["post-3248","post","type-post","status-publish","format-standard","has-post-thumbnail","hentry","category-branche","tag-anfahrschutz","tag-carlite-waschbuerste","tag-fahrerkabine","tag-mobile-selbstfahr-waschanlage","tag-reinigungsgeraet","tag-stark","tag-trockenwaesche"],"yoast_head":"<!-- This site is optimized with the Yoast SEO plugin v27.3 - https:\/\/yoast.com\/product\/yoast-seo-wordpress\/ -->\n<title>Selbstfahr-Waschanlage von Stark auch mit Fahrerkabine erh\u00e4ltlich - Krafthand-Truck<\/title>\n<meta name=\"robots\" content=\"index, follow, max-snippet:-1, max-image-preview:large, max-video-preview:-1\" \/>\n<link rel=\"canonical\" href=\"https:\/\/www.krafthand.de\/truck\/artikel\/selbstfahr-waschanlage-von-stark-auch-mit-fahrerkabine-erhaeltlich-3248\/\" \/>\n<meta property=\"og:locale\" content=\"de_DE\" \/>\n<meta property=\"og:type\" content=\"article\" \/>\n<meta property=\"og:title\" content=\"Selbstfahr-Waschanlage von Stark auch mit Fahrerkabine erh\u00e4ltlich - Krafthand-Truck\" \/>\n<meta property=\"og:description\" content=\"Wie es sich f\u00fcr einen echten Schwaben geh\u00f6rt, t\u00fcftelt der im Jagstzell-Dankoltsweiler ans\u00e4ssige Reinigungsger\u00e4tespezialist Stark permanent an seinen Waschanlagen und entwickelt diese st\u00e4ndig weiter. J\u00fcngstes Beispiel f\u00fcr den schw\u00e4bischen Innovationsgeist ist die Fahrerkabine f\u00fcr die mobilen, selbstfahrenden Lkw- und Omnibuswaschanlagen. ... weiter\" \/>\n<meta property=\"og:url\" content=\"https:\/\/www.krafthand-truck.de\/artikel\/selbstfahr-waschanlage-von-stark-auch-mit-fahrerkabine-erhaeltlich-3248\/\" \/>\n<meta property=\"og:site_name\" content=\"Krafthand-Truck\" \/>\n<meta property=\"article:published_time\" content=\"2017-10-25T10:58:58+00:00\" \/>\n<meta property=\"og:image\" content=\"https:\/\/www.krafthand.de\/truck\/wp-content\/uploads\/2017\/10\/kht0317_050.jpg\" \/>\n\t<meta property=\"og:image:width\" content=\"1200\" \/>\n\t<meta property=\"og:image:height\" content=\"724\" \/>\n\t<meta property=\"og:image:type\" content=\"image\/jpeg\" \/>\n<meta name=\"author\" content=\"katja.heid@krafthand.de\" \/>\n<meta name=\"twitter:card\" content=\"summary_large_image\" \/>\n<meta name=\"twitter:label1\" content=\"Verfasst von\" \/>\n\t<meta name=\"twitter:data1\" content=\"katja.heid@krafthand.de\" \/>\n\t<meta name=\"twitter:label2\" content=\"Gesch\u00e4tzte Lesezeit\" \/>\n\t<meta name=\"twitter:data2\" content=\"1\u00a0Minute\" \/>\n<script type=\"application\/ld+json\" class=\"yoast-schema-graph\">{\"@context\":\"https:\\\/\\\/schema.org\",\"@graph\":[{\"@type\":\"Article\",\"@id\":\"https:\\\/\\\/www.krafthand.de\\\/truck\\\/artikel\\\/selbstfahr-waschanlage-von-stark-auch-mit-fahrerkabine-erhaeltlich-3248\\\/#article\",\"isPartOf\":{\"@id\":\"https:\\\/\\\/www.krafthand.de\\\/truck\\\/artikel\\\/selbstfahr-waschanlage-von-stark-auch-mit-fahrerkabine-erhaeltlich-3248\\\/\"},\"author\":{\"name\":\"katja.heid@krafthand.de\",\"@id\":\"https:\\\/\\\/www.krafthand.de\\\/truck\\\/#\\\/schema\\\/person\\\/8e290c6d425b72d176adc7767a251001\"},\"headline\":\"Selbstfahr-Waschanlage von Stark auch mit Fahrerkabine erh\u00e4ltlich\",\"datePublished\":\"2017-10-25T10:58:58+00:00\",\"mainEntityOfPage\":{\"@id\":\"https:\\\/\\\/www.krafthand.de\\\/truck\\\/artikel\\\/selbstfahr-waschanlage-von-stark-auch-mit-fahrerkabine-erhaeltlich-3248\\\/\"},\"wordCount\":213,\"image\":{\"@id\":\"https:\\\/\\\/www.krafthand.de\\\/truck\\\/artikel\\\/selbstfahr-waschanlage-von-stark-auch-mit-fahrerkabine-erhaeltlich-3248\\\/#primaryimage\"},\"thumbnailUrl\":\"https:\\\/\\\/static.krafthand-truck.de\\\/uploads\\\/2017\\\/10\\\/kht0317_050.jpg\",\"keywords\":[\"Anfahrschutz\",\"Carlite-Waschb\u00fcrste\",\"Fahrerkabine\",\"Mobile Selbstfahr-Waschanlage\",\"Reinigungsger\u00e4t\",\"Stark\",\"Trockenw\u00e4sche\"],\"articleSection\":[\"Nfz-Branche\"],\"inLanguage\":\"de\"},{\"@type\":\"WebPage\",\"@id\":\"https:\\\/\\\/www.krafthand.de\\\/truck\\\/artikel\\\/selbstfahr-waschanlage-von-stark-auch-mit-fahrerkabine-erhaeltlich-3248\\\/\",\"url\":\"https:\\\/\\\/www.krafthand.de\\\/truck\\\/artikel\\\/selbstfahr-waschanlage-von-stark-auch-mit-fahrerkabine-erhaeltlich-3248\\\/\",\"name\":\"Selbstfahr-Waschanlage von Stark auch mit Fahrerkabine erh\u00e4ltlich - Krafthand-Truck\",\"isPartOf\":{\"@id\":\"https:\\\/\\\/www.krafthand.de\\\/truck\\\/#website\"},\"primaryImageOfPage\":{\"@id\":\"https:\\\/\\\/www.krafthand.de\\\/truck\\\/artikel\\\/selbstfahr-waschanlage-von-stark-auch-mit-fahrerkabine-erhaeltlich-3248\\\/#primaryimage\"},\"image\":{\"@id\":\"https:\\\/\\\/www.krafthand.de\\\/truck\\\/artikel\\\/selbstfahr-waschanlage-von-stark-auch-mit-fahrerkabine-erhaeltlich-3248\\\/#primaryimage\"},\"thumbnailUrl\":\"https:\\\/\\\/static.krafthand-truck.de\\\/uploads\\\/2017\\\/10\\\/kht0317_050.jpg\",\"datePublished\":\"2017-10-25T10:58:58+00:00\",\"author\":{\"@id\":\"https:\\\/\\\/www.krafthand.de\\\/truck\\\/#\\\/schema\\\/person\\\/8e290c6d425b72d176adc7767a251001\"},\"breadcrumb\":{\"@id\":\"https:\\\/\\\/www.krafthand.de\\\/truck\\\/artikel\\\/selbstfahr-waschanlage-von-stark-auch-mit-fahrerkabine-erhaeltlich-3248\\\/#breadcrumb\"},\"inLanguage\":\"de\",\"potentialAction\":[{\"@type\":\"ReadAction\",\"target\":[\"https:\\\/\\\/www.krafthand.de\\\/truck\\\/artikel\\\/selbstfahr-waschanlage-von-stark-auch-mit-fahrerkabine-erhaeltlich-3248\\\/\"]}]},{\"@type\":\"ImageObject\",\"inLanguage\":\"de\",\"@id\":\"https:\\\/\\\/www.krafthand.de\\\/truck\\\/artikel\\\/selbstfahr-waschanlage-von-stark-auch-mit-fahrerkabine-erhaeltlich-3248\\\/#primaryimage\",\"url\":\"https:\\\/\\\/static.krafthand-truck.de\\\/uploads\\\/2017\\\/10\\\/kht0317_050.jpg\",\"contentUrl\":\"https:\\\/\\\/static.krafthand-truck.de\\\/uploads\\\/2017\\\/10\\\/kht0317_050.jpg\",\"width\":1200,\"height\":724,\"caption\":\"\u201aTrockenw\u00e4sche\u2019: Ab sofort liefert Stark f\u00fcr seine mobilen Selbstfahr-Waschanlagen auf Wunsch auch eine Fahrerkabine. Damit sitzt der W\u00e4scher im Trockenen und hat den Waschbereich sowie das Umfeld dennoch optimal im Blick. Bild: Stark\"},{\"@type\":\"BreadcrumbList\",\"@id\":\"https:\\\/\\\/www.krafthand.de\\\/truck\\\/artikel\\\/selbstfahr-waschanlage-von-stark-auch-mit-fahrerkabine-erhaeltlich-3248\\\/#breadcrumb\",\"itemListElement\":[{\"@type\":\"ListItem\",\"position\":1,\"name\":\"Krafthand-Truck\",\"item\":\"https:\\\/\\\/www.krafthand.de\\\/truck\\\/\"},{\"@type\":\"ListItem\",\"position\":2,\"name\":\"Nfz-Branche\",\"item\":\"https:\\\/\\\/www.krafthand.de\\\/truck\\\/kategorie\\\/branche\\\/\"},{\"@type\":\"ListItem\",\"position\":3,\"name\":\"Selbstfahr-Waschanlage von Stark auch mit Fahrerkabine erh\u00e4ltlich\"}]},{\"@type\":\"WebSite\",\"@id\":\"https:\\\/\\\/www.krafthand.de\\\/truck\\\/#website\",\"url\":\"https:\\\/\\\/www.krafthand.de\\\/truck\\\/\",\"name\":\"Krafthand-Truck\",\"description\":\"\",\"potentialAction\":[{\"@type\":\"SearchAction\",\"target\":{\"@type\":\"EntryPoint\",\"urlTemplate\":\"https:\\\/\\\/www.krafthand.de\\\/truck\\\/?s={search_term_string}\"},\"query-input\":{\"@type\":\"PropertyValueSpecification\",\"valueRequired\":true,\"valueName\":\"search_term_string\"}}],\"inLanguage\":\"de\"},{\"@type\":\"Person\",\"@id\":\"https:\\\/\\\/www.krafthand.de\\\/truck\\\/#\\\/schema\\\/person\\\/8e290c6d425b72d176adc7767a251001\",\"name\":\"katja.heid@krafthand.de\",\"image\":{\"@type\":\"ImageObject\",\"inLanguage\":\"de\",\"@id\":\"https:\\\/\\\/secure.gravatar.com\\\/avatar\\\/9a2930c54ede0e0a76c0f8abfb74704de273084f2aa0e3c6deb2c86704c7402b?s=96&d=mm&r=g\",\"url\":\"https:\\\/\\\/secure.gravatar.com\\\/avatar\\\/9a2930c54ede0e0a76c0f8abfb74704de273084f2aa0e3c6deb2c86704c7402b?s=96&d=mm&r=g\",\"contentUrl\":\"https:\\\/\\\/secure.gravatar.com\\\/avatar\\\/9a2930c54ede0e0a76c0f8abfb74704de273084f2aa0e3c6deb2c86704c7402b?s=96&d=mm&r=g\",\"caption\":\"katja.heid@krafthand.de\"}}]}<\/script>\n<!-- \/ Yoast SEO plugin. -->","yoast_head_json":{"title":"Selbstfahr-Waschanlage von Stark auch mit Fahrerkabine erh\u00e4ltlich - Krafthand-Truck","robots":{"index":"index","follow":"follow","max-snippet":"max-snippet:-1","max-image-preview":"max-image-preview:large","max-video-preview":"max-video-preview:-1"},"canonical":"https:\/\/www.krafthand.de\/truck\/artikel\/selbstfahr-waschanlage-von-stark-auch-mit-fahrerkabine-erhaeltlich-3248\/","og_locale":"de_DE","og_type":"article","og_title":"Selbstfahr-Waschanlage von Stark auch mit Fahrerkabine erh\u00e4ltlich - Krafthand-Truck","og_description":"Wie es sich f\u00fcr einen echten Schwaben geh\u00f6rt, t\u00fcftelt der im Jagstzell-Dankoltsweiler ans\u00e4ssige Reinigungsger\u00e4tespezialist Stark permanent an seinen Waschanlagen und entwickelt diese st\u00e4ndig weiter. J\u00fcngstes Beispiel f\u00fcr den schw\u00e4bischen Innovationsgeist ist die Fahrerkabine f\u00fcr die mobilen, selbstfahrenden Lkw- und Omnibuswaschanlagen. ... weiter","og_url":"https:\/\/www.krafthand-truck.de\/artikel\/selbstfahr-waschanlage-von-stark-auch-mit-fahrerkabine-erhaeltlich-3248\/","og_site_name":"Krafthand-Truck","article_published_time":"2017-10-25T10:58:58+00:00","og_image":[{"width":1200,"height":724,"url":"https:\/\/www.krafthand.de\/truck\/wp-content\/uploads\/2017\/10\/kht0317_050.jpg","type":"image\/jpeg"}],"author":"katja.heid@krafthand.de","twitter_card":"summary_large_image","twitter_misc":{"Verfasst von":"katja.heid@krafthand.de","Gesch\u00e4tzte Lesezeit":"1\u00a0Minute"},"schema":{"@context":"https:\/\/schema.org","@graph":[{"@type":"Article","@id":"https:\/\/www.krafthand.de\/truck\/artikel\/selbstfahr-waschanlage-von-stark-auch-mit-fahrerkabine-erhaeltlich-3248\/#article","isPartOf":{"@id":"https:\/\/www.krafthand.de\/truck\/artikel\/selbstfahr-waschanlage-von-stark-auch-mit-fahrerkabine-erhaeltlich-3248\/"},"author":{"name":"katja.heid@krafthand.de","@id":"https:\/\/www.krafthand.de\/truck\/#\/schema\/person\/8e290c6d425b72d176adc7767a251001"},"headline":"Selbstfahr-Waschanlage von Stark auch mit Fahrerkabine erh\u00e4ltlich","datePublished":"2017-10-25T10:58:58+00:00","mainEntityOfPage":{"@id":"https:\/\/www.krafthand.de\/truck\/artikel\/selbstfahr-waschanlage-von-stark-auch-mit-fahrerkabine-erhaeltlich-3248\/"},"wordCount":213,"image":{"@id":"https:\/\/www.krafthand.de\/truck\/artikel\/selbstfahr-waschanlage-von-stark-auch-mit-fahrerkabine-erhaeltlich-3248\/#primaryimage"},"thumbnailUrl":"https:\/\/static.krafthand-truck.de\/uploads\/2017\/10\/kht0317_050.jpg","keywords":["Anfahrschutz","Carlite-Waschb\u00fcrste","Fahrerkabine","Mobile Selbstfahr-Waschanlage","Reinigungsger\u00e4t","Stark","Trockenw\u00e4sche"],"articleSection":["Nfz-Branche"],"inLanguage":"de"},{"@type":"WebPage","@id":"https:\/\/www.krafthand.de\/truck\/artikel\/selbstfahr-waschanlage-von-stark-auch-mit-fahrerkabine-erhaeltlich-3248\/","url":"https:\/\/www.krafthand.de\/truck\/artikel\/selbstfahr-waschanlage-von-stark-auch-mit-fahrerkabine-erhaeltlich-3248\/","name":"Selbstfahr-Waschanlage von Stark auch mit Fahrerkabine erh\u00e4ltlich - Krafthand-Truck","isPartOf":{"@id":"https:\/\/www.krafthand.de\/truck\/#website"},"primaryImageOfPage":{"@id":"https:\/\/www.krafthand.de\/truck\/artikel\/selbstfahr-waschanlage-von-stark-auch-mit-fahrerkabine-erhaeltlich-3248\/#primaryimage"},"image":{"@id":"https:\/\/www.krafthand.de\/truck\/artikel\/selbstfahr-waschanlage-von-stark-auch-mit-fahrerkabine-erhaeltlich-3248\/#primaryimage"},"thumbnailUrl":"https:\/\/static.krafthand-truck.de\/uploads\/2017\/10\/kht0317_050.jpg","datePublished":"2017-10-25T10:58:58+00:00","author":{"@id":"https:\/\/www.krafthand.de\/truck\/#\/schema\/person\/8e290c6d425b72d176adc7767a251001"},"breadcrumb":{"@id":"https:\/\/www.krafthand.de\/truck\/artikel\/selbstfahr-waschanlage-von-stark-auch-mit-fahrerkabine-erhaeltlich-3248\/#breadcrumb"},"inLanguage":"de","potentialAction":[{"@type":"ReadAction","target":["https:\/\/www.krafthand.de\/truck\/artikel\/selbstfahr-waschanlage-von-stark-auch-mit-fahrerkabine-erhaeltlich-3248\/"]}]},{"@type":"ImageObject","inLanguage":"de","@id":"https:\/\/www.krafthand.de\/truck\/artikel\/selbstfahr-waschanlage-von-stark-auch-mit-fahrerkabine-erhaeltlich-3248\/#primaryimage","url":"https:\/\/static.krafthand-truck.de\/uploads\/2017\/10\/kht0317_050.jpg","contentUrl":"https:\/\/static.krafthand-truck.de\/uploads\/2017\/10\/kht0317_050.jpg","width":1200,"height":724,"caption":"\u201aTrockenw\u00e4sche\u2019: Ab sofort liefert Stark f\u00fcr seine mobilen Selbstfahr-Waschanlagen auf Wunsch auch eine Fahrerkabine. Damit sitzt der W\u00e4scher im Trockenen und hat den Waschbereich sowie das Umfeld dennoch optimal im Blick. Bild: Stark"},{"@type":"BreadcrumbList","@id":"https:\/\/www.krafthand.de\/truck\/artikel\/selbstfahr-waschanlage-von-stark-auch-mit-fahrerkabine-erhaeltlich-3248\/#breadcrumb","itemListElement":[{"@type":"ListItem","position":1,"name":"Krafthand-Truck","item":"https:\/\/www.krafthand.de\/truck\/"},{"@type":"ListItem","position":2,"name":"Nfz-Branche","item":"https:\/\/www.krafthand.de\/truck\/kategorie\/branche\/"},{"@type":"ListItem","position":3,"name":"Selbstfahr-Waschanlage von Stark auch mit Fahrerkabine erh\u00e4ltlich"}]},{"@type":"WebSite","@id":"https:\/\/www.krafthand.de\/truck\/#website","url":"https:\/\/www.krafthand.de\/truck\/","name":"Krafthand-Truck","description":"","potentialAction":[{"@type":"SearchAction","target":{"@type":"EntryPoint","urlTemplate":"https:\/\/www.krafthand.de\/truck\/?s={search_term_string}"},"query-input":{"@type":"PropertyValueSpecification","valueRequired":true,"valueName":"search_term_string"}}],"inLanguage":"de"},{"@type":"Person","@id":"https:\/\/www.krafthand.de\/truck\/#\/schema\/person\/8e290c6d425b72d176adc7767a251001","name":"katja.heid@krafthand.de","image":{"@type":"ImageObject","inLanguage":"de","@id":"https:\/\/secure.gravatar.com\/avatar\/9a2930c54ede0e0a76c0f8abfb74704de273084f2aa0e3c6deb2c86704c7402b?s=96&d=mm&r=g","url":"https:\/\/secure.gravatar.com\/avatar\/9a2930c54ede0e0a76c0f8abfb74704de273084f2aa0e3c6deb2c86704c7402b?s=96&d=mm&r=g","contentUrl":"https:\/\/secure.gravatar.com\/avatar\/9a2930c54ede0e0a76c0f8abfb74704de273084f2aa0e3c6deb2c86704c7402b?s=96&d=mm&r=g","caption":"katja.heid@krafthand.de"}}]}},"_links":{"self":[{"href":"https:\/\/www.krafthand.de\/truck\/wp-json\/wp\/v2\/posts\/3248","targetHints":{"allow":["GET"]}}],"collection":[{"href":"https:\/\/www.krafthand.de\/truck\/wp-json\/wp\/v2\/posts"}],"about":[{"href":"https:\/\/www.krafthand.de\/truck\/wp-json\/wp\/v2\/types\/post"}],"author":[{"embeddable":true,"href":"https:\/\/www.krafthand.de\/truck\/wp-json\/wp\/v2\/users\/3"}],"replies":[{"embeddable":true,"href":"https:\/\/www.krafthand.de\/truck\/wp-json\/wp\/v2\/comments?post=3248"}],"version-history":[{"count":0,"href":"https:\/\/www.krafthand.de\/truck\/wp-json\/wp\/v2\/posts\/3248\/revisions"}],"wp:featuredmedia":[{"embeddable":true,"href":"https:\/\/www.krafthand.de\/truck\/wp-json\/wp\/v2\/media\/3249"}],"wp:attachment":[{"href":"https:\/\/www.krafthand.de\/truck\/wp-json\/wp\/v2\/media?parent=3248"}],"wp:term":[{"taxonomy":"category","embeddable":true,"href":"https:\/\/www.krafthand.de\/truck\/wp-json\/wp\/v2\/categories?post=3248"},{"taxonomy":"post_tag","embeddable":true,"href":"https:\/\/www.krafthand.de\/truck\/wp-json\/wp\/v2\/tags?post=3248"},{"taxonomy":"settings","embeddable":true,"href":"https:\/\/www.krafthand.de\/truck\/wp-json\/wp\/v2\/settings?post=3248"}],"curies":[{"name":"wp","href":"https:\/\/api.w.org\/{rel}","templated":true}]}}