{"id":32467,"date":"2022-06-04T09:58:53","date_gmt":"2022-06-04T07:58:53","guid":{"rendered":"https:\/\/www.krafthand.de\/truck\/?p=32467"},"modified":"2022-06-08T17:25:10","modified_gmt":"2022-06-08T15:25:10","slug":"zukunftskongress-nutzfahrzeuge-wie-sieht-der-gueterverkehr-von-morgen-aus","status":"publish","type":"post","link":"https:\/\/www.krafthand.de\/truck\/artikel\/zukunftskongress-nutzfahrzeuge-wie-sieht-der-gueterverkehr-von-morgen-aus-32467\/","title":{"rendered":"Zukunftskongress Nutzfahrzeuge: Wie sieht der G\u00fcterverkehr von morgen aus?"},"content":{"rendered":"<p>Beim 4. DEKRA Zukunftskongress Nutzfahrzeuge am 2. und 3. Juni 2022 in Berlin diskutierten Experten und Praktiker aus Politik, Industrie, Forschung und Transportgewerbe die Potenziale innovativer Technologien rund um das Nutzfahrzeug von morgen. Im Mittelpunkt der Vortr\u00e4ge und Podiumsgespr\u00e4che standen insbesondere Themen wie aktive Sicherheit, CO2-Reduktion, Automatisierung, Digitalisierung, Cyber-Security, Telematik und Konzepte f\u00fcr die letzte Meile.<\/p>\n<p>Auch in Zeiten von unterbrochenen Lieferketten und Schwierigkeiten mit der Materialbeschaffung ist eines ganz klar: Das R\u00fcckgrat von Wirtschaft und Gesellschaft weltweit ist der Transport von Waren von einem Ort zum anderen. Dieser Transport wird auch in Zukunft wichtig und notwendig sein. Was ihn \u201ezukunftssicher\u201c macht und wo zugleich in Bezug auf Effizienz, Klima und Verkehrssicherheit der gr\u00f6\u00dfte Handlungsbedarf f\u00fcr weitere Optimierungen besteht, diskutierten an zwei Tagen namhafte Referenten aus Politik, Wirtschaft und Wissenschaft beim 4. DEKRA Zukunftskongress in Berlin vor rund 300 G\u00e4sten. Eigentlich h\u00e4tte die Veranstaltung schon Ende November 2021 stattfinden sollen. Pandemiebedingt musste sie allerdings wie viele andere Events dieser Gr\u00f6\u00dfenordnung abgesagt und neu terminiert werden.<\/p>\n<h3>Plattform f\u00fcr die Transport- und Logistikbranche<\/h3>\n<p>Mit der vierten Ausgabe hat der DEKRA Zukunftskongress Nutzfahrzeuge wieder seine Position als zentrale Plattform f\u00fcr die gesamte Transport- und Logistikbranche untermauert. 2015 zum ersten Mal in dieser Form veranstaltet, ist er aus traditionsreichen Veranstaltungsreihen von DEKRA und dem ETM-Verlag hervorgegangen. Er b\u00fcndelt alle Themen, die die unterschiedlichen Interessengruppen und Beteiligten rund ums Nutzfahrzeug bewegen. Dieses Jahr stand das Programm unter der \u00dcberschrift \u201efuture-proof transportation\u201c und war in drei teilweise parallel laufende Themenstr\u00e4nge unterteilt: Nutzfahrzeug-Technologie, Digitalisierung und Letzte Meile.<\/p>\n<p>&nbsp;<\/p>\n<blockquote>\n<figure id=\"attachment_32469\" aria-describedby=\"caption-attachment-32469\" style=\"width: 380px\" class=\"wp-caption alignleft\"><a href=\"https:\/\/static.krafthand-truck.de\/uploads\/2022\/06\/DEKRA_Zukunftskongress_Nutzfahrzeuge_2022_Jann_Fehlauer.jpg\" target=\"_blank\" rel=\"noopener\"><img fetchpriority=\"high\" decoding=\"async\" class=\"wp-image-32469\" src=\"https:\/\/static.krafthand-truck.de\/uploads\/2022\/06\/DEKRA_Zukunftskongress_Nutzfahrzeuge_2022_Jann_Fehlauer-300x201.jpg\" alt=\"\" width=\"380\" height=\"254\" srcset=\"https:\/\/static.krafthand-truck.de\/uploads\/2022\/06\/DEKRA_Zukunftskongress_Nutzfahrzeuge_2022_Jann_Fehlauer-300x201.jpg 300w, https:\/\/static.krafthand-truck.de\/uploads\/2022\/06\/DEKRA_Zukunftskongress_Nutzfahrzeuge_2022_Jann_Fehlauer-1024x684.jpg 1024w, https:\/\/static.krafthand-truck.de\/uploads\/2022\/06\/DEKRA_Zukunftskongress_Nutzfahrzeuge_2022_Jann_Fehlauer-768x513.jpg 768w, https:\/\/static.krafthand-truck.de\/uploads\/2022\/06\/DEKRA_Zukunftskongress_Nutzfahrzeuge_2022_Jann_Fehlauer.jpg 1200w\" sizes=\"(max-width: 380px) 100vw, 380px\" \/><\/a><figcaption id=\"caption-attachment-32469\" class=\"wp-caption-text\">Jann Fehlauer<\/figcaption><\/figure>\n<p>\u201eAuf dieser Branchenplattform geht es darum, Erfahrungen auszutauschen, Meinungen nebeneinander zu legen sowie Erwartungen zu formulieren und einzuordnen\u201c, sagte Jann Fehlauer bei der Begr\u00fc\u00dfung der G\u00e4ste. Im Hinblick auf den Stra\u00dfeng\u00fcterverkehr von morgen sieht der Gesch\u00e4ftsf\u00fchrer der DEKRA Automobil GmbH dabei im Wesentlichen drei Kriterien als ganz entscheidend an: \u201eDer G\u00fcterverkehr der Zukunft muss sicher, effizient und nachhaltig sein \u2013 und das entlang der gesamten Wertsch\u00f6pfungskette vom Prim\u00e4r-Rohstoff zum hochwertigen Industrieprodukt, vom Produktdesigner bis zum Endverbraucher.\u201c<\/p><\/blockquote>\n<h3>Technologiewechsel zielorientiert voranbringen<\/h3>\n<p>Einen zentralen Schwerpunkt beim DEKRA Zukunftskongress Nutzfahrzeuge bildete die Reduktion der CO2-Emissionen. Nach dem Bundes-Klimaschutzgesetz m\u00fcssen die Treibhausgasemissionen des Stra\u00dfenverkehrs bis zum Jahr 2030 auf h\u00f6chstens 85 Millionen Tonnen CO2 reduziert werden \u2013 2020 waren es laut Klimabilanz des Umweltbundesamtes 146 Millionen Tonnen. \u201eAngesichts der weiter steigenden Verkehrsleistung ist dieses Ziel f\u00fcr alle beteiligten Player eine gro\u00dfe Herausforderung\u201c, betonte Oliver Luksic, Parlamentarischer Staatssekret\u00e4r im Bundesministerium f\u00fcr Digitales und Verkehr, in seiner Keynote. Den notwendigen Technologiewechsel hin zu alternativen Antrieben schiebe die Politik durch F\u00f6rderprogramme in H\u00f6he von 1,6 Milliarden Euro bis 2024 massiv an. Gleichzeitig k\u00f6nnten Transportunternehmer die mit dem Umstieg verbundenen Kosten zu einem nicht unbetr\u00e4chtlichen Teil auch \u00fcber die l\u00e4ngere Nutzungsdauer eines Lkw \u2013 Stichwort \u201eTotal Cost of Ownership\u201c \u2013 kompensieren. Dringend notwendig ist nach Ansicht von Luksic auch der Ausbau der Ladeinfrastruktur. Eine entscheidende Rolle bei der Transformation komme au\u00dferdem der Maut zu. 2023 soll eine CO2-abh\u00e4ngige Maut mit einer st\u00e4rkeren Spreizung an den Start gebracht und dabei emissions\u00e4rmere Fahrzeuge entlastet werden.<\/p>\n<p>Thomas Fabian, Commercial Vehicles Director der Automobile Manufacturers\u2018 Association (ACEA), stellte seinerseits klar:<em> \u201eZur Dekarbonisierung des Stra\u00dfeng\u00fcterverkehrs gibt es keine Alternative.\u201c<\/em> Die Hersteller w\u00fcrden hierf\u00fcr bereits heute alternative Antriebskonzepte bieten und ihr Portfolio konsequent erweitern. <em>\u201eUm die Verkaufszahlen von Lkw mit alternativen Antrieben zu erh\u00f6hen und gleichzeitig die Preise f\u00fcr die Fahrzeuge zu senken, ist die Versch\u00e4rfung der CO2-Flottengrenzwerte das richtige Mittel\u201c<\/em>, gab Stef Cornelis, Direktor von Transport &amp; Environment Deutschland, zu bedenken. Frank Huster, Hauptgesch\u00e4ftsf\u00fchrer beim DSLV Bundesverband Spedition und Logistik, w\u00fcnscht sich f\u00fcr die Transportbranche noch mehr finanzielle Anreize f\u00fcr den Umstieg und au\u00dferdem noch mehr Planungssicherheit.<\/p>\n<p>Rund um den Klimaschutz, die Reduktion der CO2-Emissionen und die Elektromobilit\u00e4t pr\u00e4sentierten die Referenten auf dem Zukunftskongress zahlreiche Strategien. In diesem Zusammenhang gingen Winfried Gr\u00fcndler, Senior Vice President der ZF Friedrichshafen AG, und Andreas Wimmer, Gesch\u00e4ftsf\u00fchrer Knorr-Bremse Systeme f\u00fcr Nutzfahrzeuge GmbH, vor allem auch auf die Chancen ein, die sich f\u00fcr Zulieferer aus der Elektrifizierung, Automatisierung und Digitalisierung der Nutzfahrzeuge f\u00fcr das eigene Produkt-Portfolio ergeben.<\/p>\n<h3>Mehr Sicherheit durch Fahrerassistenzsysteme<\/h3>\n<p>Intensiv besch\u00e4ftigte sich der Kongress auch mit der Sicherheit von Nutzfahrzeugen. Wie Prof. Dr. Walter Eichendorf, Pr\u00e4sident des Deutschen Verkehrssicherheitsrats (DVR), ausf\u00fchrte, sind G\u00fcterkraftfahrzeuge zwar nur zu etwa f\u00fcnf Prozent an Unf\u00e4llen mit Personenschaden beteiligt. \u201eDoch wenn es zu Zusammenst\u00f6\u00dfen kommt, enden sie f\u00fcr Pkw-Fahrer als h\u00e4ufigste Unfallgegner und insbesondere f\u00fcr ungesch\u00fctzte Verkehrsteilnehmer wie Radfahrer oder Fu\u00dfg\u00e4nger nicht selten mit schweren oder t\u00f6dlichen Verletzungen.\u201c Um nachhaltig gegenzusteuern und Berufskraftfahrer insbesondere in komplexen Verkehrssituationen zu entlasten, seien Fahrerassistenzsysteme wie der Notbremsassistent, der Abbiegeassistent oder der R\u00fcckfahrassistent unverzichtbar, so Eichendorf. Dies gelte erst recht vor dem Hintergrund, dass die EU bis 2050 die Zahl der Verkehrstoten auf Null reduzieren m\u00f6chte.<\/p>\n<p>Um das Sicherheitspotenzial von Assistenzsystemen und automatisierten Funktionen zu heben, gibt es nach Ansicht von DEKRA Gesch\u00e4ftsf\u00fchrer Jann Fehlauer allerdings eine unabdingbare Voraussetzung: <em>\u201eDie elektronischen Systeme m\u00fcssen zuverl\u00e4ssig und sicher funktionieren, und zwar dauerhaft \u00fcber den gesamten Lebenszyklus des Fahrzeugs hinweg.\u201c <\/em>Um das sicherzustellen, brauche man die richtigen Verfahren und Methoden f\u00fcr die Fahrzeugpr\u00fcfung der Zukunft. \u201eEntscheidend ist aus unserer Sicht, dass \u00dcberwachungsorganisationen einen klar geregelten, diskriminierungsfreien Zugriff auf die origin\u00e4ren sicherheits- und umweltrelevanten Daten aus dem Fahrzeug bekommen. DEKRA tritt dabei f\u00fcr ein Datentreuh\u00e4nder-Modell ein, nach dem die Daten, die das Fahrzeug an den Hersteller sendet, parallel in einem \u201eTrust Center\u201c abgelegt werden, das nach gesetzlich geregelten Rollen und Rechten den jeweiligen Stakeholdern die f\u00fcr ihre Aufgaben relevanten Datenausschnitte zur Verf\u00fcgung stellt.<\/p>\n<h3>Europ\u00e4ischer Sicherheitspreis<\/h3>\n<p>Stichwort Sicherheit: Pandemiebedingt versp\u00e4tet bekamen im Rahmen des Kongresses au\u00dferdem Kay Morschheuser, der ehemalige langj\u00e4hrige Leiter Nutzfahrzeug-Unfallanalysen und Sicherheitsstrategien bei Daimler, sowie der langj\u00e4hrige Iveco-Ingenieur Joachim Werner den ihnen 2020 beziehungsweise 2021 verliehenen Europ\u00e4ischen Sicherheitspreis Nutzfahrzeuge \u00fcberreicht. Den Preis vergibt die Europ\u00e4ische Vereinigung f\u00fcr Unfallforschung und Unfallanalyse (EVU) j\u00e4hrlich seit 1990 gemeinsam mit DEKRA und dem DVR. Nach Ansicht von EVU-Pr\u00e4sident J\u00f6rg Ahlgrimm wurde die Entwicklung von Sicherheitssystemen wie Notbrems- oder Abbiegeassistent ganz wesentlich durch die Erkenntnisse aus der Unfallforschung von Kay Morschheuser und seinem Team beeinflusst. Joachim Werner erhielt die Auszeichnung f\u00fcr seine zahlreichen Beitr\u00e4ge zur aktiven und passiven Sicherheit wie auch zur Nachhaltigkeit von mittelschweren und schweren Lkw.<\/p>\n<h3>Mehrwerte durch intelligente Telematik<\/h3>\n<p>Auf dem 4. DEKRA Zukunftskongress Nutzfahrzeuge nahmen die Experten und Praktiker aus Industrie und Forschung schlie\u00dflich auch ausgiebig den Status sowie die weiteren Entwicklungen im Bereich der Digitalisierung unter die Lupe. Im Mittelpunkt standen dabei Fragen wie zum Beispiel: Wie kann Telematik die Effizienz steigern? Wie rechnet sie sich? Wie finden Transportunternehmer und Logistiker das richtige System f\u00fcr ihr konkretes Anforderungsprofil? Und: Welche Rolle spielen einheitliche Standards, oder welche Rolle sollten sie spielen? Nicht zuletzt war in Berlin rund um die Digitalisierung das Thema Cyber Security omnipr\u00e4sent. Denn die angestrebte Effizienzsteigerung wird sich nur dann wirklich realisieren lassen, wenn die Daten sicher und vor Angriffen gesch\u00fctzt unterwegs sind. Auf der letzten Meile ist Effizienz durch Digitalisierung ebenfalls ein Thema. Auch in diesem Punkt zeigte der Zukunftskongress vielversprechende L\u00f6sungen auf.<\/p>\n\r\n\t\t\t\t<div class=\"post-author\">\r\n\t\t\t\t\t<div class=\"khm-cp-author clearfix\">\r\n\t\t\t\t\t\t<div class=\"khm-cp-author__content\">\r\n\t\t\t\t\t\t\t\tKontakt zum Autor:<br \/>\r\n\t\t\t\t\t\t\t\t<strong>Georg Blenk<\/strong>, 08247 \/ 3007-45 |  <a href=\"mailto:georg.blenk@krafthand-medien.de\">georg.blenk@krafthand-medien.de<\/a>\r\n\t\t\t\t\t\t\t<div class=\"khm-cp-author__image\">\r\n\t\t\t\t\t\t<img src=\"https:\/\/static.krafthand-truck.de\/uploads\/2021\/01\/Blenk_6104-250x300-1-removebg-preview.png\" class=\"img-responsive\">\r\n\t\t\t\t\t<\/div>\r\n\t\t\t\t\t\t<\/div>\r\n\t\t\t\t\t<\/div>\r\n\t\t\t\t<\/div>\r\n\t\t\t\t","protected":false},"excerpt":{"rendered":"<p>Beim 4. DEKRA Zukunftskongress Nutzfahrzeuge am 2. und 3. Juni 2022 in Berlin diskutierten Experten aus Politik, Industrie, Forschung und Transportgewerbe die Potenziale innovativer Technologien rund um das Nutzfahrzeug von morgen. Im Mittelpunkt der Vortr\u00e4ge und Podiumsgespr\u00e4che standen Themen wie aktive Sicherheit, CO2-Reduktion, Automatisierung, Digitalisierung, Cyber-Security, Telematik und Konzepte f\u00fcr die letzte Meile. <span class=\"excerpt-more__dots\">&#8230;<\/span> <a class=\"excerpt-more__link\" href=\"https:\/\/www.krafthand.de\/truck\/artikel\/zukunftskongress-nutzfahrzeuge-wie-sieht-der-gueterverkehr-von-morgen-aus-32467\/\" >weiter<\/a><\/p>\n","protected":false},"author":9,"featured_media":32471,"comment_status":"closed","ping_status":"closed","sticky":false,"template":"","format":"standard","meta":{"footnotes":""},"categories":[4238,4232,4233,4236,4245],"tags":[2151,4683],"settings":[3524,4766,3523],"class_list":["post-32467","post","type-post","status-publish","format-standard","has-post-thumbnail","hentry","category-koepfe","category-remote-service","category-navigation","category-veranstaltungen","category-verbaende","tag-dekra","tag-zukunftskongress-nutzfahrzeuge"],"yoast_head":"<!-- This site is optimized with the Yoast SEO plugin v27.3 - https:\/\/yoast.com\/product\/yoast-seo-wordpress\/ -->\n<title>DEKRA Zukunftskongress Nutzfahrzeuge 2022 I Krafthand-Truck<\/title>\n<meta name=\"description\" content=\"Zukunftskongress Nutzfahrzeuge 2022: Experten aus Politik, Industrie, Forschung und Transportgewerbe diskutierten die Potenziale innovativer Technologien rund um das Nutzfahrzeug von morgen.\" \/>\n<meta name=\"robots\" content=\"index, follow, max-snippet:-1, max-image-preview:large, max-video-preview:-1\" \/>\n<link rel=\"canonical\" href=\"https:\/\/www.krafthand.de\/truck\/artikel\/zukunftskongress-nutzfahrzeuge-wie-sieht-der-gueterverkehr-von-morgen-aus-32467\/\" \/>\n<meta property=\"og:locale\" content=\"de_DE\" \/>\n<meta property=\"og:type\" content=\"article\" \/>\n<meta property=\"og:title\" content=\"DEKRA Zukunftskongress Nutzfahrzeuge 2022 I Krafthand-Truck\" \/>\n<meta property=\"og:description\" content=\"Zukunftskongress Nutzfahrzeuge 2022: Experten aus Politik, Industrie, Forschung und Transportgewerbe diskutierten die Potenziale innovativer Technologien rund um das Nutzfahrzeug von morgen.\" \/>\n<meta property=\"og:url\" content=\"https:\/\/www.krafthand-truck.de\/artikel\/zukunftskongress-nutzfahrzeuge-wie-sieht-der-gueterverkehr-von-morgen-aus-32467\/\" \/>\n<meta property=\"og:site_name\" content=\"Krafthand-Truck\" \/>\n<meta property=\"article:published_time\" content=\"2022-06-04T07:58:53+00:00\" \/>\n<meta property=\"article:modified_time\" content=\"2022-06-08T15:25:10+00:00\" \/>\n<meta property=\"og:image\" content=\"https:\/\/static.krafthand-truck.de\/uploads\/2022\/06\/DEKRA_Zukunftskongress_Nutzfahrzeuge_2022_1.jpg\" \/>\n\t<meta property=\"og:image:width\" content=\"1280\" \/>\n\t<meta property=\"og:image:height\" content=\"747\" \/>\n\t<meta property=\"og:image:type\" content=\"image\/jpeg\" \/>\n<meta name=\"author\" content=\"georg.blenk@krafthand-medien.de\" \/>\n<meta name=\"twitter:card\" content=\"summary_large_image\" \/>\n<meta name=\"twitter:label1\" content=\"Verfasst von\" \/>\n\t<meta name=\"twitter:data1\" content=\"georg.blenk@krafthand-medien.de\" \/>\n\t<meta name=\"twitter:label2\" content=\"Gesch\u00e4tzte Lesezeit\" \/>\n\t<meta name=\"twitter:data2\" content=\"7\u00a0Minuten\" \/>\n<script type=\"application\/ld+json\" class=\"yoast-schema-graph\">{\"@context\":\"https:\\\/\\\/schema.org\",\"@graph\":[{\"@type\":\"Article\",\"@id\":\"https:\\\/\\\/www.krafthand.de\\\/truck\\\/artikel\\\/zukunftskongress-nutzfahrzeuge-wie-sieht-der-gueterverkehr-von-morgen-aus-32467\\\/#article\",\"isPartOf\":{\"@id\":\"https:\\\/\\\/www.krafthand.de\\\/truck\\\/artikel\\\/zukunftskongress-nutzfahrzeuge-wie-sieht-der-gueterverkehr-von-morgen-aus-32467\\\/\"},\"author\":{\"name\":\"georg.blenk@krafthand-medien.de\",\"@id\":\"https:\\\/\\\/www.krafthand.de\\\/truck\\\/#\\\/schema\\\/person\\\/51fa80b1c57034c4bf63f9f988fc24ce\"},\"headline\":\"Zukunftskongress Nutzfahrzeuge: Wie sieht der G\u00fcterverkehr von morgen aus?\",\"datePublished\":\"2022-06-04T07:58:53+00:00\",\"dateModified\":\"2022-06-08T15:25:10+00:00\",\"mainEntityOfPage\":{\"@id\":\"https:\\\/\\\/www.krafthand.de\\\/truck\\\/artikel\\\/zukunftskongress-nutzfahrzeuge-wie-sieht-der-gueterverkehr-von-morgen-aus-32467\\\/\"},\"wordCount\":1243,\"image\":{\"@id\":\"https:\\\/\\\/www.krafthand.de\\\/truck\\\/artikel\\\/zukunftskongress-nutzfahrzeuge-wie-sieht-der-gueterverkehr-von-morgen-aus-32467\\\/#primaryimage\"},\"thumbnailUrl\":\"https:\\\/\\\/static.krafthand-truck.de\\\/uploads\\\/2022\\\/06\\\/DEKRA_Zukunftskongress_Nutzfahrzeuge_2022_1.jpg\",\"keywords\":[\"Dekra\",\"Zukunftskongress Nutzfahrzeuge\"],\"articleSection\":[\"K\u00f6pfe\\\/Personen\",\"Remote-Service\\\/OTA\",\"Telematik \\\/ Navigation\",\"Veranstaltungen\\\/Messen\",\"Verb\u00e4nde\\\/Politik\\\/Recht\"],\"inLanguage\":\"de\"},{\"@type\":\"WebPage\",\"@id\":\"https:\\\/\\\/www.krafthand.de\\\/truck\\\/artikel\\\/zukunftskongress-nutzfahrzeuge-wie-sieht-der-gueterverkehr-von-morgen-aus-32467\\\/\",\"url\":\"https:\\\/\\\/www.krafthand.de\\\/truck\\\/artikel\\\/zukunftskongress-nutzfahrzeuge-wie-sieht-der-gueterverkehr-von-morgen-aus-32467\\\/\",\"name\":\"DEKRA Zukunftskongress Nutzfahrzeuge 2022 I Krafthand-Truck\",\"isPartOf\":{\"@id\":\"https:\\\/\\\/www.krafthand.de\\\/truck\\\/#website\"},\"primaryImageOfPage\":{\"@id\":\"https:\\\/\\\/www.krafthand.de\\\/truck\\\/artikel\\\/zukunftskongress-nutzfahrzeuge-wie-sieht-der-gueterverkehr-von-morgen-aus-32467\\\/#primaryimage\"},\"image\":{\"@id\":\"https:\\\/\\\/www.krafthand.de\\\/truck\\\/artikel\\\/zukunftskongress-nutzfahrzeuge-wie-sieht-der-gueterverkehr-von-morgen-aus-32467\\\/#primaryimage\"},\"thumbnailUrl\":\"https:\\\/\\\/static.krafthand-truck.de\\\/uploads\\\/2022\\\/06\\\/DEKRA_Zukunftskongress_Nutzfahrzeuge_2022_1.jpg\",\"datePublished\":\"2022-06-04T07:58:53+00:00\",\"dateModified\":\"2022-06-08T15:25:10+00:00\",\"author\":{\"@id\":\"https:\\\/\\\/www.krafthand.de\\\/truck\\\/#\\\/schema\\\/person\\\/51fa80b1c57034c4bf63f9f988fc24ce\"},\"description\":\"Zukunftskongress Nutzfahrzeuge 2022: Experten aus Politik, Industrie, Forschung und Transportgewerbe diskutierten die Potenziale innovativer Technologien rund um das Nutzfahrzeug von morgen.\",\"breadcrumb\":{\"@id\":\"https:\\\/\\\/www.krafthand.de\\\/truck\\\/artikel\\\/zukunftskongress-nutzfahrzeuge-wie-sieht-der-gueterverkehr-von-morgen-aus-32467\\\/#breadcrumb\"},\"inLanguage\":\"de\",\"potentialAction\":[{\"@type\":\"ReadAction\",\"target\":[\"https:\\\/\\\/www.krafthand.de\\\/truck\\\/artikel\\\/zukunftskongress-nutzfahrzeuge-wie-sieht-der-gueterverkehr-von-morgen-aus-32467\\\/\"]}]},{\"@type\":\"ImageObject\",\"inLanguage\":\"de\",\"@id\":\"https:\\\/\\\/www.krafthand.de\\\/truck\\\/artikel\\\/zukunftskongress-nutzfahrzeuge-wie-sieht-der-gueterverkehr-von-morgen-aus-32467\\\/#primaryimage\",\"url\":\"https:\\\/\\\/static.krafthand-truck.de\\\/uploads\\\/2022\\\/06\\\/DEKRA_Zukunftskongress_Nutzfahrzeuge_2022_1.jpg\",\"contentUrl\":\"https:\\\/\\\/static.krafthand-truck.de\\\/uploads\\\/2022\\\/06\\\/DEKRA_Zukunftskongress_Nutzfahrzeuge_2022_1.jpg\",\"width\":1280,\"height\":747,\"caption\":\"Zukunftskongress Nutzfahrzeuge 2019\"},{\"@type\":\"BreadcrumbList\",\"@id\":\"https:\\\/\\\/www.krafthand.de\\\/truck\\\/artikel\\\/zukunftskongress-nutzfahrzeuge-wie-sieht-der-gueterverkehr-von-morgen-aus-32467\\\/#breadcrumb\",\"itemListElement\":[{\"@type\":\"ListItem\",\"position\":1,\"name\":\"Krafthand-Truck\",\"item\":\"https:\\\/\\\/www.krafthand.de\\\/truck\\\/\"},{\"@type\":\"ListItem\",\"position\":2,\"name\":\"IT+Fuhrpark\",\"item\":\"https:\\\/\\\/www.krafthand.de\\\/truck\\\/kategorie\\\/fuhrpark\\\/\"},{\"@type\":\"ListItem\",\"position\":3,\"name\":\"Telematik \\\/ Navigation\",\"item\":\"https:\\\/\\\/www.krafthand.de\\\/truck\\\/kategorie\\\/fuhrpark\\\/navigation\\\/\"},{\"@type\":\"ListItem\",\"position\":4,\"name\":\"Zukunftskongress Nutzfahrzeuge: Wie sieht der G\u00fcterverkehr von morgen aus?\"}]},{\"@type\":\"WebSite\",\"@id\":\"https:\\\/\\\/www.krafthand.de\\\/truck\\\/#website\",\"url\":\"https:\\\/\\\/www.krafthand.de\\\/truck\\\/\",\"name\":\"Krafthand-Truck\",\"description\":\"\",\"potentialAction\":[{\"@type\":\"SearchAction\",\"target\":{\"@type\":\"EntryPoint\",\"urlTemplate\":\"https:\\\/\\\/www.krafthand.de\\\/truck\\\/?s={search_term_string}\"},\"query-input\":{\"@type\":\"PropertyValueSpecification\",\"valueRequired\":true,\"valueName\":\"search_term_string\"}}],\"inLanguage\":\"de\"},{\"@type\":\"Person\",\"@id\":\"https:\\\/\\\/www.krafthand.de\\\/truck\\\/#\\\/schema\\\/person\\\/51fa80b1c57034c4bf63f9f988fc24ce\",\"name\":\"georg.blenk@krafthand-medien.de\",\"image\":{\"@type\":\"ImageObject\",\"inLanguage\":\"de\",\"@id\":\"https:\\\/\\\/secure.gravatar.com\\\/avatar\\\/93713c30affe0aa95d3a4130e499bb1abee2eb31adbdd9ce2aa1543538490215?s=96&d=mm&r=g\",\"url\":\"https:\\\/\\\/secure.gravatar.com\\\/avatar\\\/93713c30affe0aa95d3a4130e499bb1abee2eb31adbdd9ce2aa1543538490215?s=96&d=mm&r=g\",\"contentUrl\":\"https:\\\/\\\/secure.gravatar.com\\\/avatar\\\/93713c30affe0aa95d3a4130e499bb1abee2eb31adbdd9ce2aa1543538490215?s=96&d=mm&r=g\",\"caption\":\"georg.blenk@krafthand-medien.de\"}}]}<\/script>\n<!-- \/ Yoast SEO plugin. -->","yoast_head_json":{"title":"DEKRA Zukunftskongress Nutzfahrzeuge 2022 I Krafthand-Truck","description":"Zukunftskongress Nutzfahrzeuge 2022: Experten aus Politik, Industrie, Forschung und Transportgewerbe diskutierten die Potenziale innovativer Technologien rund um das Nutzfahrzeug von morgen.","robots":{"index":"index","follow":"follow","max-snippet":"max-snippet:-1","max-image-preview":"max-image-preview:large","max-video-preview":"max-video-preview:-1"},"canonical":"https:\/\/www.krafthand.de\/truck\/artikel\/zukunftskongress-nutzfahrzeuge-wie-sieht-der-gueterverkehr-von-morgen-aus-32467\/","og_locale":"de_DE","og_type":"article","og_title":"DEKRA Zukunftskongress Nutzfahrzeuge 2022 I Krafthand-Truck","og_description":"Zukunftskongress Nutzfahrzeuge 2022: Experten aus Politik, Industrie, Forschung und Transportgewerbe diskutierten die Potenziale innovativer Technologien rund um das Nutzfahrzeug von morgen.","og_url":"https:\/\/www.krafthand-truck.de\/artikel\/zukunftskongress-nutzfahrzeuge-wie-sieht-der-gueterverkehr-von-morgen-aus-32467\/","og_site_name":"Krafthand-Truck","article_published_time":"2022-06-04T07:58:53+00:00","article_modified_time":"2022-06-08T15:25:10+00:00","og_image":[{"width":1280,"height":747,"url":"https:\/\/static.krafthand-truck.de\/uploads\/2022\/06\/DEKRA_Zukunftskongress_Nutzfahrzeuge_2022_1.jpg","type":"image\/jpeg"}],"author":"georg.blenk@krafthand-medien.de","twitter_card":"summary_large_image","twitter_misc":{"Verfasst von":"georg.blenk@krafthand-medien.de","Gesch\u00e4tzte Lesezeit":"7\u00a0Minuten"},"schema":{"@context":"https:\/\/schema.org","@graph":[{"@type":"Article","@id":"https:\/\/www.krafthand.de\/truck\/artikel\/zukunftskongress-nutzfahrzeuge-wie-sieht-der-gueterverkehr-von-morgen-aus-32467\/#article","isPartOf":{"@id":"https:\/\/www.krafthand.de\/truck\/artikel\/zukunftskongress-nutzfahrzeuge-wie-sieht-der-gueterverkehr-von-morgen-aus-32467\/"},"author":{"name":"georg.blenk@krafthand-medien.de","@id":"https:\/\/www.krafthand.de\/truck\/#\/schema\/person\/51fa80b1c57034c4bf63f9f988fc24ce"},"headline":"Zukunftskongress Nutzfahrzeuge: Wie sieht der G\u00fcterverkehr von morgen aus?","datePublished":"2022-06-04T07:58:53+00:00","dateModified":"2022-06-08T15:25:10+00:00","mainEntityOfPage":{"@id":"https:\/\/www.krafthand.de\/truck\/artikel\/zukunftskongress-nutzfahrzeuge-wie-sieht-der-gueterverkehr-von-morgen-aus-32467\/"},"wordCount":1243,"image":{"@id":"https:\/\/www.krafthand.de\/truck\/artikel\/zukunftskongress-nutzfahrzeuge-wie-sieht-der-gueterverkehr-von-morgen-aus-32467\/#primaryimage"},"thumbnailUrl":"https:\/\/static.krafthand-truck.de\/uploads\/2022\/06\/DEKRA_Zukunftskongress_Nutzfahrzeuge_2022_1.jpg","keywords":["Dekra","Zukunftskongress Nutzfahrzeuge"],"articleSection":["K\u00f6pfe\/Personen","Remote-Service\/OTA","Telematik \/ Navigation","Veranstaltungen\/Messen","Verb\u00e4nde\/Politik\/Recht"],"inLanguage":"de"},{"@type":"WebPage","@id":"https:\/\/www.krafthand.de\/truck\/artikel\/zukunftskongress-nutzfahrzeuge-wie-sieht-der-gueterverkehr-von-morgen-aus-32467\/","url":"https:\/\/www.krafthand.de\/truck\/artikel\/zukunftskongress-nutzfahrzeuge-wie-sieht-der-gueterverkehr-von-morgen-aus-32467\/","name":"DEKRA Zukunftskongress Nutzfahrzeuge 2022 I Krafthand-Truck","isPartOf":{"@id":"https:\/\/www.krafthand.de\/truck\/#website"},"primaryImageOfPage":{"@id":"https:\/\/www.krafthand.de\/truck\/artikel\/zukunftskongress-nutzfahrzeuge-wie-sieht-der-gueterverkehr-von-morgen-aus-32467\/#primaryimage"},"image":{"@id":"https:\/\/www.krafthand.de\/truck\/artikel\/zukunftskongress-nutzfahrzeuge-wie-sieht-der-gueterverkehr-von-morgen-aus-32467\/#primaryimage"},"thumbnailUrl":"https:\/\/static.krafthand-truck.de\/uploads\/2022\/06\/DEKRA_Zukunftskongress_Nutzfahrzeuge_2022_1.jpg","datePublished":"2022-06-04T07:58:53+00:00","dateModified":"2022-06-08T15:25:10+00:00","author":{"@id":"https:\/\/www.krafthand.de\/truck\/#\/schema\/person\/51fa80b1c57034c4bf63f9f988fc24ce"},"description":"Zukunftskongress Nutzfahrzeuge 2022: Experten aus Politik, Industrie, Forschung und Transportgewerbe diskutierten die Potenziale innovativer Technologien rund um das Nutzfahrzeug von morgen.","breadcrumb":{"@id":"https:\/\/www.krafthand.de\/truck\/artikel\/zukunftskongress-nutzfahrzeuge-wie-sieht-der-gueterverkehr-von-morgen-aus-32467\/#breadcrumb"},"inLanguage":"de","potentialAction":[{"@type":"ReadAction","target":["https:\/\/www.krafthand.de\/truck\/artikel\/zukunftskongress-nutzfahrzeuge-wie-sieht-der-gueterverkehr-von-morgen-aus-32467\/"]}]},{"@type":"ImageObject","inLanguage":"de","@id":"https:\/\/www.krafthand.de\/truck\/artikel\/zukunftskongress-nutzfahrzeuge-wie-sieht-der-gueterverkehr-von-morgen-aus-32467\/#primaryimage","url":"https:\/\/static.krafthand-truck.de\/uploads\/2022\/06\/DEKRA_Zukunftskongress_Nutzfahrzeuge_2022_1.jpg","contentUrl":"https:\/\/static.krafthand-truck.de\/uploads\/2022\/06\/DEKRA_Zukunftskongress_Nutzfahrzeuge_2022_1.jpg","width":1280,"height":747,"caption":"Zukunftskongress Nutzfahrzeuge 2019"},{"@type":"BreadcrumbList","@id":"https:\/\/www.krafthand.de\/truck\/artikel\/zukunftskongress-nutzfahrzeuge-wie-sieht-der-gueterverkehr-von-morgen-aus-32467\/#breadcrumb","itemListElement":[{"@type":"ListItem","position":1,"name":"Krafthand-Truck","item":"https:\/\/www.krafthand.de\/truck\/"},{"@type":"ListItem","position":2,"name":"IT+Fuhrpark","item":"https:\/\/www.krafthand.de\/truck\/kategorie\/fuhrpark\/"},{"@type":"ListItem","position":3,"name":"Telematik \/ Navigation","item":"https:\/\/www.krafthand.de\/truck\/kategorie\/fuhrpark\/navigation\/"},{"@type":"ListItem","position":4,"name":"Zukunftskongress Nutzfahrzeuge: Wie sieht der G\u00fcterverkehr von morgen aus?"}]},{"@type":"WebSite","@id":"https:\/\/www.krafthand.de\/truck\/#website","url":"https:\/\/www.krafthand.de\/truck\/","name":"Krafthand-Truck","description":"","potentialAction":[{"@type":"SearchAction","target":{"@type":"EntryPoint","urlTemplate":"https:\/\/www.krafthand.de\/truck\/?s={search_term_string}"},"query-input":{"@type":"PropertyValueSpecification","valueRequired":true,"valueName":"search_term_string"}}],"inLanguage":"de"},{"@type":"Person","@id":"https:\/\/www.krafthand.de\/truck\/#\/schema\/person\/51fa80b1c57034c4bf63f9f988fc24ce","name":"georg.blenk@krafthand-medien.de","image":{"@type":"ImageObject","inLanguage":"de","@id":"https:\/\/secure.gravatar.com\/avatar\/93713c30affe0aa95d3a4130e499bb1abee2eb31adbdd9ce2aa1543538490215?s=96&d=mm&r=g","url":"https:\/\/secure.gravatar.com\/avatar\/93713c30affe0aa95d3a4130e499bb1abee2eb31adbdd9ce2aa1543538490215?s=96&d=mm&r=g","contentUrl":"https:\/\/secure.gravatar.com\/avatar\/93713c30affe0aa95d3a4130e499bb1abee2eb31adbdd9ce2aa1543538490215?s=96&d=mm&r=g","caption":"georg.blenk@krafthand-medien.de"}}]}},"_links":{"self":[{"href":"https:\/\/www.krafthand.de\/truck\/wp-json\/wp\/v2\/posts\/32467","targetHints":{"allow":["GET"]}}],"collection":[{"href":"https:\/\/www.krafthand.de\/truck\/wp-json\/wp\/v2\/posts"}],"about":[{"href":"https:\/\/www.krafthand.de\/truck\/wp-json\/wp\/v2\/types\/post"}],"author":[{"embeddable":true,"href":"https:\/\/www.krafthand.de\/truck\/wp-json\/wp\/v2\/users\/9"}],"replies":[{"embeddable":true,"href":"https:\/\/www.krafthand.de\/truck\/wp-json\/wp\/v2\/comments?post=32467"}],"version-history":[{"count":6,"href":"https:\/\/www.krafthand.de\/truck\/wp-json\/wp\/v2\/posts\/32467\/revisions"}],"predecessor-version":[{"id":32501,"href":"https:\/\/www.krafthand.de\/truck\/wp-json\/wp\/v2\/posts\/32467\/revisions\/32501"}],"wp:featuredmedia":[{"embeddable":true,"href":"https:\/\/www.krafthand.de\/truck\/wp-json\/wp\/v2\/media\/32471"}],"wp:attachment":[{"href":"https:\/\/www.krafthand.de\/truck\/wp-json\/wp\/v2\/media?parent=32467"}],"wp:term":[{"taxonomy":"category","embeddable":true,"href":"https:\/\/www.krafthand.de\/truck\/wp-json\/wp\/v2\/categories?post=32467"},{"taxonomy":"post_tag","embeddable":true,"href":"https:\/\/www.krafthand.de\/truck\/wp-json\/wp\/v2\/tags?post=32467"},{"taxonomy":"settings","embeddable":true,"href":"https:\/\/www.krafthand.de\/truck\/wp-json\/wp\/v2\/settings?post=32467"}],"curies":[{"name":"wp","href":"https:\/\/api.w.org\/{rel}","templated":true}]}}