{"id":3240,"date":"2017-10-19T09:08:16","date_gmt":"2017-10-19T07:08:16","guid":{"rendered":"https:\/\/www.krafthand.de\/truck\/artikel\/alltrucks-nun-auch-in-polen-3240\/"},"modified":"2017-10-19T09:08:16","modified_gmt":"2017-10-19T07:08:16","slug":"alltrucks-nun-auch-in-polen","status":"publish","type":"post","link":"https:\/\/www.krafthand.de\/truck\/artikel\/alltrucks-nun-auch-in-polen-3240\/","title":{"rendered":"Alltrucks nun auch in Polen"},"content":{"rendered":"<p class=\"text-colored\">Seit der Gr\u00fcndung im Jahr 2013 hat das Werkstattsystem &#8218;Alltrucks&#8216; nach eigenem Bekunden bereits mehr als 350 Partner in Deutschland, \u00d6sterreich, der Schweiz, Italien, den Benelux-Staaten, Spanien und Frankreich gewinnen k\u00f6nnen. Hinter dem System &#8218;Alltrucks Truck &#038; Trailer Service&#8216; stehen die drei Nutzfahrzeugzulieferer Bosch, Knorr-Bremse und ZF.<\/p>\n<p>Seit Anfang Juli ist das auf den Mehrmarkenservice an leichten bis schweren Nutzfahrzeugen, Trailern, Bussen und Landmaschinen spezialisierte Full-Service-Werkstattkonzept nun auch in Polen vertreten. <\/p>\n<p>Verantwortlich f\u00fcr die Umsetzung des Alltrucks- Konzepts dort sind nach Unternehmensangaben Nils Hollmann und Piotr Rakowski. &quot;Alltrucks bietet den Nutzfahrzeug-Werkst\u00e4tten die F\u00e4higkeiten, Informationen und Werkzeuge, damit diese ihren Kunden einen qualifizierten Mehrmarkenservice anbieten k\u00f6nnen. Zudem wird der Partner Teil eines wachsenden Service-Netzwerks mit einer starken Marke und einer europ\u00e4ischen Ausrichtung&quot;, bekr\u00e4ftigten die beiden zum Marktstart.<\/p>\n","protected":false},"excerpt":{"rendered":"<p>Seit der Gr\u00fcndung im Jahr 2013 hat das Werkstattsystem &#8218;Alltrucks&#8216; nach eigenem Bekunden bereits mehr als 350 Partner in Deutschland, \u00d6sterreich, der Schweiz, Italien, den Benelux-Staaten, Spanien und Frankreich gewinnen k\u00f6nnen. Hinter dem System &#8218;Alltrucks Truck &#038; Trailer Service&#8216; stehen die drei Nutzfahrzeugzulieferer Bosch, Knorr-Bremse und ZF. <span class=\"excerpt-more__dots\">&#8230;<\/span> <a class=\"excerpt-more__link\" href=\"https:\/\/www.krafthand.de\/truck\/artikel\/alltrucks-nun-auch-in-polen-3240\/\" >weiter<\/a><\/p>\n","protected":false},"author":3,"featured_media":3241,"comment_status":"closed","ping_status":"closed","sticky":false,"template":"","format":"standard","meta":{"footnotes":""},"categories":[5],"tags":[182,3407,26,3406],"settings":[],"class_list":["post-3240","post","type-post","status-publish","format-standard","has-post-thumbnail","hentry","category-branche","tag-alltrucks","tag-mehrmarkenservice","tag-nutzfahrzeug","tag-polen"],"yoast_head":"<!-- This site is optimized with the Yoast SEO plugin v27.3 - https:\/\/yoast.com\/product\/yoast-seo-wordpress\/ -->\n<title>Alltrucks nun auch in Polen - Krafthand-Truck<\/title>\n<meta name=\"robots\" content=\"index, follow, max-snippet:-1, max-image-preview:large, max-video-preview:-1\" \/>\n<link rel=\"canonical\" href=\"https:\/\/www.krafthand.de\/truck\/artikel\/alltrucks-nun-auch-in-polen-3240\/\" \/>\n<meta property=\"og:locale\" content=\"de_DE\" \/>\n<meta property=\"og:type\" content=\"article\" \/>\n<meta property=\"og:title\" content=\"Alltrucks nun auch in Polen - Krafthand-Truck\" \/>\n<meta property=\"og:description\" content=\"Seit der Gr\u00fcndung im Jahr 2013 hat das Werkstattsystem &#039;Alltrucks&#039; nach eigenem Bekunden bereits mehr als 350 Partner in Deutschland, \u00d6sterreich, der Schweiz, Italien, den Benelux-Staaten, Spanien und Frankreich gewinnen k\u00f6nnen. Hinter dem System &#039;Alltrucks Truck &amp; Trailer Service&#039; stehen die drei Nutzfahrzeugzulieferer Bosch, Knorr-Bremse und ZF. ... weiter\" \/>\n<meta property=\"og:url\" content=\"https:\/\/www.krafthand-truck.de\/artikel\/alltrucks-nun-auch-in-polen-3240\/\" \/>\n<meta property=\"og:site_name\" content=\"Krafthand-Truck\" \/>\n<meta property=\"article:published_time\" content=\"2017-10-19T07:08:16+00:00\" \/>\n<meta property=\"og:image\" content=\"https:\/\/www.krafthand.de\/truck\/wp-content\/uploads\/2017\/10\/kht0317_074.jpg\" \/>\n\t<meta property=\"og:image:width\" content=\"1200\" \/>\n\t<meta property=\"og:image:height\" content=\"911\" \/>\n\t<meta property=\"og:image:type\" content=\"image\/jpeg\" \/>\n<meta name=\"author\" content=\"katja.heid@krafthand.de\" \/>\n<meta name=\"twitter:card\" content=\"summary_large_image\" \/>\n<meta name=\"twitter:label1\" content=\"Verfasst von\" \/>\n\t<meta name=\"twitter:data1\" content=\"katja.heid@krafthand.de\" \/>\n\t<meta name=\"twitter:label2\" content=\"Gesch\u00e4tzte Lesezeit\" \/>\n\t<meta name=\"twitter:data2\" content=\"1\u00a0Minute\" \/>\n<script type=\"application\/ld+json\" class=\"yoast-schema-graph\">{\"@context\":\"https:\\\/\\\/schema.org\",\"@graph\":[{\"@type\":\"Article\",\"@id\":\"https:\\\/\\\/www.krafthand.de\\\/truck\\\/artikel\\\/alltrucks-nun-auch-in-polen-3240\\\/#article\",\"isPartOf\":{\"@id\":\"https:\\\/\\\/www.krafthand.de\\\/truck\\\/artikel\\\/alltrucks-nun-auch-in-polen-3240\\\/\"},\"author\":{\"name\":\"katja.heid@krafthand.de\",\"@id\":\"https:\\\/\\\/www.krafthand.de\\\/truck\\\/#\\\/schema\\\/person\\\/8e290c6d425b72d176adc7767a251001\"},\"headline\":\"Alltrucks nun auch in Polen\",\"datePublished\":\"2017-10-19T07:08:16+00:00\",\"mainEntityOfPage\":{\"@id\":\"https:\\\/\\\/www.krafthand.de\\\/truck\\\/artikel\\\/alltrucks-nun-auch-in-polen-3240\\\/\"},\"wordCount\":140,\"image\":{\"@id\":\"https:\\\/\\\/www.krafthand.de\\\/truck\\\/artikel\\\/alltrucks-nun-auch-in-polen-3240\\\/#primaryimage\"},\"thumbnailUrl\":\"https:\\\/\\\/static.krafthand-truck.de\\\/uploads\\\/2017\\\/10\\\/kht0317_074.jpg\",\"keywords\":[\"Alltrucks\",\"Mehrmarkenservice\",\"Nutzfahrzeug\",\"Polen\"],\"articleSection\":[\"Nfz-Branche\"],\"inLanguage\":\"de\"},{\"@type\":\"WebPage\",\"@id\":\"https:\\\/\\\/www.krafthand.de\\\/truck\\\/artikel\\\/alltrucks-nun-auch-in-polen-3240\\\/\",\"url\":\"https:\\\/\\\/www.krafthand.de\\\/truck\\\/artikel\\\/alltrucks-nun-auch-in-polen-3240\\\/\",\"name\":\"Alltrucks nun auch in Polen - Krafthand-Truck\",\"isPartOf\":{\"@id\":\"https:\\\/\\\/www.krafthand.de\\\/truck\\\/#website\"},\"primaryImageOfPage\":{\"@id\":\"https:\\\/\\\/www.krafthand.de\\\/truck\\\/artikel\\\/alltrucks-nun-auch-in-polen-3240\\\/#primaryimage\"},\"image\":{\"@id\":\"https:\\\/\\\/www.krafthand.de\\\/truck\\\/artikel\\\/alltrucks-nun-auch-in-polen-3240\\\/#primaryimage\"},\"thumbnailUrl\":\"https:\\\/\\\/static.krafthand-truck.de\\\/uploads\\\/2017\\\/10\\\/kht0317_074.jpg\",\"datePublished\":\"2017-10-19T07:08:16+00:00\",\"author\":{\"@id\":\"https:\\\/\\\/www.krafthand.de\\\/truck\\\/#\\\/schema\\\/person\\\/8e290c6d425b72d176adc7767a251001\"},\"breadcrumb\":{\"@id\":\"https:\\\/\\\/www.krafthand.de\\\/truck\\\/artikel\\\/alltrucks-nun-auch-in-polen-3240\\\/#breadcrumb\"},\"inLanguage\":\"de\",\"potentialAction\":[{\"@type\":\"ReadAction\",\"target\":[\"https:\\\/\\\/www.krafthand.de\\\/truck\\\/artikel\\\/alltrucks-nun-auch-in-polen-3240\\\/\"]}]},{\"@type\":\"ImageObject\",\"inLanguage\":\"de\",\"@id\":\"https:\\\/\\\/www.krafthand.de\\\/truck\\\/artikel\\\/alltrucks-nun-auch-in-polen-3240\\\/#primaryimage\",\"url\":\"https:\\\/\\\/static.krafthand-truck.de\\\/uploads\\\/2017\\\/10\\\/kht0317_074.jpg\",\"contentUrl\":\"https:\\\/\\\/static.krafthand-truck.de\\\/uploads\\\/2017\\\/10\\\/kht0317_074.jpg\",\"width\":1200,\"height\":911},{\"@type\":\"BreadcrumbList\",\"@id\":\"https:\\\/\\\/www.krafthand.de\\\/truck\\\/artikel\\\/alltrucks-nun-auch-in-polen-3240\\\/#breadcrumb\",\"itemListElement\":[{\"@type\":\"ListItem\",\"position\":1,\"name\":\"Krafthand-Truck\",\"item\":\"https:\\\/\\\/www.krafthand.de\\\/truck\\\/\"},{\"@type\":\"ListItem\",\"position\":2,\"name\":\"Nfz-Branche\",\"item\":\"https:\\\/\\\/www.krafthand.de\\\/truck\\\/kategorie\\\/branche\\\/\"},{\"@type\":\"ListItem\",\"position\":3,\"name\":\"Alltrucks nun auch in Polen\"}]},{\"@type\":\"WebSite\",\"@id\":\"https:\\\/\\\/www.krafthand.de\\\/truck\\\/#website\",\"url\":\"https:\\\/\\\/www.krafthand.de\\\/truck\\\/\",\"name\":\"Krafthand-Truck\",\"description\":\"\",\"potentialAction\":[{\"@type\":\"SearchAction\",\"target\":{\"@type\":\"EntryPoint\",\"urlTemplate\":\"https:\\\/\\\/www.krafthand.de\\\/truck\\\/?s={search_term_string}\"},\"query-input\":{\"@type\":\"PropertyValueSpecification\",\"valueRequired\":true,\"valueName\":\"search_term_string\"}}],\"inLanguage\":\"de\"},{\"@type\":\"Person\",\"@id\":\"https:\\\/\\\/www.krafthand.de\\\/truck\\\/#\\\/schema\\\/person\\\/8e290c6d425b72d176adc7767a251001\",\"name\":\"katja.heid@krafthand.de\",\"image\":{\"@type\":\"ImageObject\",\"inLanguage\":\"de\",\"@id\":\"https:\\\/\\\/secure.gravatar.com\\\/avatar\\\/9a2930c54ede0e0a76c0f8abfb74704de273084f2aa0e3c6deb2c86704c7402b?s=96&d=mm&r=g\",\"url\":\"https:\\\/\\\/secure.gravatar.com\\\/avatar\\\/9a2930c54ede0e0a76c0f8abfb74704de273084f2aa0e3c6deb2c86704c7402b?s=96&d=mm&r=g\",\"contentUrl\":\"https:\\\/\\\/secure.gravatar.com\\\/avatar\\\/9a2930c54ede0e0a76c0f8abfb74704de273084f2aa0e3c6deb2c86704c7402b?s=96&d=mm&r=g\",\"caption\":\"katja.heid@krafthand.de\"}}]}<\/script>\n<!-- \/ Yoast SEO plugin. -->","yoast_head_json":{"title":"Alltrucks nun auch in Polen - Krafthand-Truck","robots":{"index":"index","follow":"follow","max-snippet":"max-snippet:-1","max-image-preview":"max-image-preview:large","max-video-preview":"max-video-preview:-1"},"canonical":"https:\/\/www.krafthand.de\/truck\/artikel\/alltrucks-nun-auch-in-polen-3240\/","og_locale":"de_DE","og_type":"article","og_title":"Alltrucks nun auch in Polen - Krafthand-Truck","og_description":"Seit der Gr\u00fcndung im Jahr 2013 hat das Werkstattsystem 'Alltrucks' nach eigenem Bekunden bereits mehr als 350 Partner in Deutschland, \u00d6sterreich, der Schweiz, Italien, den Benelux-Staaten, Spanien und Frankreich gewinnen k\u00f6nnen. Hinter dem System 'Alltrucks Truck & Trailer Service' stehen die drei Nutzfahrzeugzulieferer Bosch, Knorr-Bremse und ZF. ... weiter","og_url":"https:\/\/www.krafthand-truck.de\/artikel\/alltrucks-nun-auch-in-polen-3240\/","og_site_name":"Krafthand-Truck","article_published_time":"2017-10-19T07:08:16+00:00","og_image":[{"width":1200,"height":911,"url":"https:\/\/www.krafthand.de\/truck\/wp-content\/uploads\/2017\/10\/kht0317_074.jpg","type":"image\/jpeg"}],"author":"katja.heid@krafthand.de","twitter_card":"summary_large_image","twitter_misc":{"Verfasst von":"katja.heid@krafthand.de","Gesch\u00e4tzte Lesezeit":"1\u00a0Minute"},"schema":{"@context":"https:\/\/schema.org","@graph":[{"@type":"Article","@id":"https:\/\/www.krafthand.de\/truck\/artikel\/alltrucks-nun-auch-in-polen-3240\/#article","isPartOf":{"@id":"https:\/\/www.krafthand.de\/truck\/artikel\/alltrucks-nun-auch-in-polen-3240\/"},"author":{"name":"katja.heid@krafthand.de","@id":"https:\/\/www.krafthand.de\/truck\/#\/schema\/person\/8e290c6d425b72d176adc7767a251001"},"headline":"Alltrucks nun auch in Polen","datePublished":"2017-10-19T07:08:16+00:00","mainEntityOfPage":{"@id":"https:\/\/www.krafthand.de\/truck\/artikel\/alltrucks-nun-auch-in-polen-3240\/"},"wordCount":140,"image":{"@id":"https:\/\/www.krafthand.de\/truck\/artikel\/alltrucks-nun-auch-in-polen-3240\/#primaryimage"},"thumbnailUrl":"https:\/\/static.krafthand-truck.de\/uploads\/2017\/10\/kht0317_074.jpg","keywords":["Alltrucks","Mehrmarkenservice","Nutzfahrzeug","Polen"],"articleSection":["Nfz-Branche"],"inLanguage":"de"},{"@type":"WebPage","@id":"https:\/\/www.krafthand.de\/truck\/artikel\/alltrucks-nun-auch-in-polen-3240\/","url":"https:\/\/www.krafthand.de\/truck\/artikel\/alltrucks-nun-auch-in-polen-3240\/","name":"Alltrucks nun auch in Polen - Krafthand-Truck","isPartOf":{"@id":"https:\/\/www.krafthand.de\/truck\/#website"},"primaryImageOfPage":{"@id":"https:\/\/www.krafthand.de\/truck\/artikel\/alltrucks-nun-auch-in-polen-3240\/#primaryimage"},"image":{"@id":"https:\/\/www.krafthand.de\/truck\/artikel\/alltrucks-nun-auch-in-polen-3240\/#primaryimage"},"thumbnailUrl":"https:\/\/static.krafthand-truck.de\/uploads\/2017\/10\/kht0317_074.jpg","datePublished":"2017-10-19T07:08:16+00:00","author":{"@id":"https:\/\/www.krafthand.de\/truck\/#\/schema\/person\/8e290c6d425b72d176adc7767a251001"},"breadcrumb":{"@id":"https:\/\/www.krafthand.de\/truck\/artikel\/alltrucks-nun-auch-in-polen-3240\/#breadcrumb"},"inLanguage":"de","potentialAction":[{"@type":"ReadAction","target":["https:\/\/www.krafthand.de\/truck\/artikel\/alltrucks-nun-auch-in-polen-3240\/"]}]},{"@type":"ImageObject","inLanguage":"de","@id":"https:\/\/www.krafthand.de\/truck\/artikel\/alltrucks-nun-auch-in-polen-3240\/#primaryimage","url":"https:\/\/static.krafthand-truck.de\/uploads\/2017\/10\/kht0317_074.jpg","contentUrl":"https:\/\/static.krafthand-truck.de\/uploads\/2017\/10\/kht0317_074.jpg","width":1200,"height":911},{"@type":"BreadcrumbList","@id":"https:\/\/www.krafthand.de\/truck\/artikel\/alltrucks-nun-auch-in-polen-3240\/#breadcrumb","itemListElement":[{"@type":"ListItem","position":1,"name":"Krafthand-Truck","item":"https:\/\/www.krafthand.de\/truck\/"},{"@type":"ListItem","position":2,"name":"Nfz-Branche","item":"https:\/\/www.krafthand.de\/truck\/kategorie\/branche\/"},{"@type":"ListItem","position":3,"name":"Alltrucks nun auch in Polen"}]},{"@type":"WebSite","@id":"https:\/\/www.krafthand.de\/truck\/#website","url":"https:\/\/www.krafthand.de\/truck\/","name":"Krafthand-Truck","description":"","potentialAction":[{"@type":"SearchAction","target":{"@type":"EntryPoint","urlTemplate":"https:\/\/www.krafthand.de\/truck\/?s={search_term_string}"},"query-input":{"@type":"PropertyValueSpecification","valueRequired":true,"valueName":"search_term_string"}}],"inLanguage":"de"},{"@type":"Person","@id":"https:\/\/www.krafthand.de\/truck\/#\/schema\/person\/8e290c6d425b72d176adc7767a251001","name":"katja.heid@krafthand.de","image":{"@type":"ImageObject","inLanguage":"de","@id":"https:\/\/secure.gravatar.com\/avatar\/9a2930c54ede0e0a76c0f8abfb74704de273084f2aa0e3c6deb2c86704c7402b?s=96&d=mm&r=g","url":"https:\/\/secure.gravatar.com\/avatar\/9a2930c54ede0e0a76c0f8abfb74704de273084f2aa0e3c6deb2c86704c7402b?s=96&d=mm&r=g","contentUrl":"https:\/\/secure.gravatar.com\/avatar\/9a2930c54ede0e0a76c0f8abfb74704de273084f2aa0e3c6deb2c86704c7402b?s=96&d=mm&r=g","caption":"katja.heid@krafthand.de"}}]}},"_links":{"self":[{"href":"https:\/\/www.krafthand.de\/truck\/wp-json\/wp\/v2\/posts\/3240","targetHints":{"allow":["GET"]}}],"collection":[{"href":"https:\/\/www.krafthand.de\/truck\/wp-json\/wp\/v2\/posts"}],"about":[{"href":"https:\/\/www.krafthand.de\/truck\/wp-json\/wp\/v2\/types\/post"}],"author":[{"embeddable":true,"href":"https:\/\/www.krafthand.de\/truck\/wp-json\/wp\/v2\/users\/3"}],"replies":[{"embeddable":true,"href":"https:\/\/www.krafthand.de\/truck\/wp-json\/wp\/v2\/comments?post=3240"}],"version-history":[{"count":0,"href":"https:\/\/www.krafthand.de\/truck\/wp-json\/wp\/v2\/posts\/3240\/revisions"}],"wp:featuredmedia":[{"embeddable":true,"href":"https:\/\/www.krafthand.de\/truck\/wp-json\/wp\/v2\/media\/3241"}],"wp:attachment":[{"href":"https:\/\/www.krafthand.de\/truck\/wp-json\/wp\/v2\/media?parent=3240"}],"wp:term":[{"taxonomy":"category","embeddable":true,"href":"https:\/\/www.krafthand.de\/truck\/wp-json\/wp\/v2\/categories?post=3240"},{"taxonomy":"post_tag","embeddable":true,"href":"https:\/\/www.krafthand.de\/truck\/wp-json\/wp\/v2\/tags?post=3240"},{"taxonomy":"settings","embeddable":true,"href":"https:\/\/www.krafthand.de\/truck\/wp-json\/wp\/v2\/settings?post=3240"}],"curies":[{"name":"wp","href":"https:\/\/api.w.org\/{rel}","templated":true}]}}