{"id":32386,"date":"2022-05-30T12:04:10","date_gmt":"2022-05-30T10:04:10","guid":{"rendered":"https:\/\/www.krafthand.de\/truck\/?p=32386"},"modified":"2022-06-13T09:23:18","modified_gmt":"2022-06-13T07:23:18","slug":"autopromotec-bologna-endlich-wieder-messe","status":"publish","type":"post","link":"https:\/\/www.krafthand.de\/truck\/artikel\/autopromotec-bologna-endlich-wieder-messe-32386\/","title":{"rendered":"Autopromotec Bologna &#8211; Endlich wieder Messe!"},"content":{"rendered":"<p>Die <a href=\"https:\/\/www.autopromotec.com\/en\/index.php\" target=\"_blank\" rel=\"noopener\">Autopromotec<\/a> fand vom 25. bis 28.Mai in Bologna statt. Die internationale Fachmesse f\u00fcr Pkw-\/Nkw-Service, Werkstattausr\u00fcstung, Pkw- und Nfz-Teile, Reifen und angeschlossene Dienstleistungen, war die erste gro\u00dfe Pr\u00e4senzveranstaltung f\u00fcr den Automotive-Aftermarket nach zahlreichen pandemiebedingten Absagen und &#8218;Zwischenl\u00f6sungen&#8216;. Auf einer Ausstellungsfl\u00e4che von rund 141.000 Quadratmetern pr\u00e4sentierten 1.311 Austeller aus 42 L\u00e4ndern, in 15 Hallen und auf sechs Freifl\u00e4chen, ihre Produkte und Dienstleistungen. 75.141 internationale Fachbesucher(innen) versammelten sich auf dem Messegel\u00e4nde in Bologna, um die neuesten Innovationen in Bezug auf spezifische Produkte und Dienstleistungen f\u00fcr jeden einzelnen Marktsektor zu entdecken.<\/p>\n<blockquote><p>&#8222;Wir beschlossen im Juli 2020 die Autopromotec zu organisieren, obwohl viele Unw\u00e4gbarkeiten im Raum standen. Jetzt sind wir \u00fcberaus zufrieden, die Messe war ein voller Erfolg!&#8220;, so Renzo Servadei, CEO der Autopromotec.<\/p><\/blockquote>\n<figure id=\"attachment_32413\" aria-describedby=\"caption-attachment-32413\" style=\"width: 380px\" class=\"wp-caption alignleft\"><a href=\"https:\/\/static.krafthand-truck.de\/uploads\/2022\/05\/Autopromotec_Renzo_Servadei_Team.jpg\" target=\"_blank\" rel=\"noopener\"><img fetchpriority=\"high\" decoding=\"async\" class=\"wp-image-32413\" src=\"https:\/\/static.krafthand-truck.de\/uploads\/2022\/05\/Autopromotec_Renzo_Servadei_Team-300x179.jpg\" alt=\"\" width=\"380\" height=\"226\" srcset=\"https:\/\/static.krafthand-truck.de\/uploads\/2022\/05\/Autopromotec_Renzo_Servadei_Team-300x179.jpg 300w, https:\/\/static.krafthand-truck.de\/uploads\/2022\/05\/Autopromotec_Renzo_Servadei_Team-1024x609.jpg 1024w, https:\/\/static.krafthand-truck.de\/uploads\/2022\/05\/Autopromotec_Renzo_Servadei_Team-768x457.jpg 768w, https:\/\/static.krafthand-truck.de\/uploads\/2022\/05\/Autopromotec_Renzo_Servadei_Team.jpg 1200w\" sizes=\"(max-width: 380px) 100vw, 380px\" \/><\/a><figcaption id=\"caption-attachment-32413\" class=\"wp-caption-text\">Enrica Lazzarini, Communication Specialist, Renzo Servadei, CEO Autopromotec, Francesca Del Bello, Communication Assistant (v.l.n.r.). Bild: Georg Blenk<\/figcaption><\/figure>\n<p>Die Autopromotec lieferte nicht nur einen aktuellen \u00dcberblick \u00fcber den Automotive-Aftermarket, sondern er\u00f6ffnete auch einen detaillierten Blick in die Zukunft, analysierte Trends und Entwicklungen. Beispielsweise wurde mit der Initiative &#8218;FUTURMOTIVE Experience \u2013 Talks \u2013 Startups&#8216; eine Plattform pr\u00e4sentiert, die die Besucherinnen in zahlreichen Konferenzen und Workshops \u00fcber disruptive Trends, das aktuelle Mobilit\u00e4tsangebot und den \u00dcbergang der Branche zur \u00f6kologischen Nachhaltigkeit bis hin zur Digitalisierung, informierte. Zus\u00e4tzlich konnten zahlreiche Start-up-Unternehmen ihre Gesch\u00e4ftsmodelle erkl\u00e4ren. Um zuk\u00fcnftige Entwicklungen zu veranschaulichen, f\u00fchrte auf einer rund 600 Quadratmeter gro\u00dfen Ausstellungsfl\u00e4che die &#8218;Electric-City&#8216; durch die vernetzte Stadt der Zukunft.<\/p>\n<blockquote><p>&#8222;Wir alle sind die Gestalter der Zukunft. Die Autopromotec hat erfolgreich gezeigt, wo die Reise hingeht. Der Bedarf an einem pers\u00f6nlichen Austausch war enorm&#8220;, so Renzo Servadei<\/p><\/blockquote>\n<p>Die starke internationale Bedeutung der Autopromotec unterstrich zus\u00e4tzlich die Rekordzahl ausl\u00e4ndischer Delegierter. 180 Repr\u00e4sentanten aus \u00fcber 35 L\u00e4nder, tauschten sich in mehr als 800 B2B-Meetings aus. In Hinblick auf die Kontroverse mit der Termin\u00fcberlagerung mit der Reifenmesse &#8218;Tire Cologne&#8216; erg\u00e4nzte Servadei: <em>&#8222;Wir m\u00fcssen den Aftermarket gemeinsam entwickeln. Nicht zuletzt m\u00fcssen wir alle an einem Strang ziehen und europ\u00e4isch denken.&#8220;<\/em><\/p>\n<h3>Rundgang: Impressionen zur Autopromotec 2022<\/h3>\n<div class=\"gallery-container\"><div class=\"owl-carousel owl-theme\">\r\n        <div>\r\n        \t<img decoding=\"async\" src=\"https:\/\/static.krafthand-truck.de\/uploads\/2022\/05\/Autopromotec_Hallen_Overview-1024x576.jpg\" alt=\"\" \/>\r\n          <a href=\"https:\/\/static.krafthand-truck.de\/uploads\/2022\/05\/Autopromotec_Hallen_Overview-1024x576.jpg\" data-featherlight=\"gallery_69f591fe1b191\" class=\"gallery-expand\" data-title=\"\u00dcber 1.300 Aussteller pr\u00e4sentierten sich auf der Autopromotec \"><i class=\"fa fa-expand\" aria-hidden=\"true\"><\/i><\/a>\r\n        \t<div class=\"gallery-caption wp-caption-text\"><p>\u00dcber 1.300 Aussteller pr\u00e4sentierten sich auf der Autopromotec <\/p>\n<\/div>\r\n        <\/div>\r\n        <div>\r\n        \t<img decoding=\"async\" src=\"https:\/\/static.krafthand-truck.de\/uploads\/2022\/05\/hallenplan_autopromotec-1024x712-1.png\" alt=\"\" \/>\r\n          <a href=\"https:\/\/static.krafthand-truck.de\/uploads\/2022\/05\/hallenplan_autopromotec-1024x712-1.png\" data-featherlight=\"gallery_69f591fe1b191\" class=\"gallery-expand\" data-title=\"Hallenplan der Autopromotec 2022\"><i class=\"fa fa-expand\" aria-hidden=\"true\"><\/i><\/a>\r\n        \t<div class=\"gallery-caption wp-caption-text\"><p>Hallenplan der Autopromotec 2022<\/p>\n<\/div>\r\n        <\/div>\r\n        <div>\r\n        \t<img decoding=\"async\" src=\"https:\/\/static.krafthand-truck.de\/uploads\/2022\/05\/Texa_E_Truck_Krafthand_Truck-1024x616.jpg\" alt=\"\" \/>\r\n          <a href=\"https:\/\/static.krafthand-truck.de\/uploads\/2022\/05\/Texa_E_Truck_Krafthand_Truck-1024x616.jpg\" data-featherlight=\"gallery_69f591fe1b191\" class=\"gallery-expand\" data-title=\"Predictive-Maintenance: TEXA e-Truck\"><i class=\"fa fa-expand\" aria-hidden=\"true\"><\/i><\/a>\r\n        \t<div class=\"gallery-caption wp-caption-text\"><p>Predictive-Maintenance: TEXA e-Truck<\/p>\n<\/div>\r\n        <\/div>\r\n        <div>\r\n        \t<img decoding=\"async\" src=\"https:\/\/static.krafthand-truck.de\/uploads\/2022\/05\/Fahrwerksvermessung_Lkw_Josam-1024x671.jpg\" alt=\"\" \/>\r\n          <a href=\"https:\/\/static.krafthand-truck.de\/uploads\/2022\/05\/Fahrwerksvermessung_Lkw_Josam-1024x671.jpg\" data-featherlight=\"gallery_69f591fe1b191\" class=\"gallery-expand\" data-title=\"Lkw-Achsmesssystem von Josam\"><i class=\"fa fa-expand\" aria-hidden=\"true\"><\/i><\/a>\r\n        \t<div class=\"gallery-caption wp-caption-text\"><p>Lkw-Achsmesssystem von Josam<\/p>\n<\/div>\r\n        <\/div>\r\n        <div>\r\n        \t<img decoding=\"async\" src=\"https:\/\/static.krafthand-truck.de\/uploads\/2022\/05\/Falken_Lkw_Reifen-1024x600.jpg\" alt=\"\" \/>\r\n          <a href=\"https:\/\/static.krafthand-truck.de\/uploads\/2022\/05\/Falken_Lkw_Reifen-1024x600.jpg\" data-featherlight=\"gallery_69f591fe1b191\" class=\"gallery-expand\" data-title=\"Lkw-Reifen von Falken\"><i class=\"fa fa-expand\" aria-hidden=\"true\"><\/i><\/a>\r\n        \t<div class=\"gallery-caption wp-caption-text\"><p>Lkw-Reifen von Falken<\/p>\n<\/div>\r\n        <\/div>\r\n        <div>\r\n        \t<img decoding=\"async\" src=\"https:\/\/static.krafthand-truck.de\/uploads\/2022\/05\/Reifen_Runderneuerung_Lkw-1024x660.jpg\" alt=\"\" \/>\r\n          <a href=\"https:\/\/static.krafthand-truck.de\/uploads\/2022\/05\/Reifen_Runderneuerung_Lkw-1024x660.jpg\" data-featherlight=\"gallery_69f591fe1b191\" class=\"gallery-expand\" data-title=\"Das Thema Runderneuerung stand ebenfalls im Fokus\"><i class=\"fa fa-expand\" aria-hidden=\"true\"><\/i><\/a>\r\n        \t<div class=\"gallery-caption wp-caption-text\"><p>Das Thema Runderneuerung stand ebenfalls im Fokus<\/p>\n<\/div>\r\n        <\/div>\r\n        <div>\r\n        \t<img decoding=\"async\" src=\"https:\/\/static.krafthand-truck.de\/uploads\/2022\/05\/Lkw_Bremsen_Brembo_Prime_Aftermarket-1024x644.jpg\" alt=\"\" \/>\r\n          <a href=\"https:\/\/static.krafthand-truck.de\/uploads\/2022\/05\/Lkw_Bremsen_Brembo_Prime_Aftermarket-1024x644.jpg\" data-featherlight=\"gallery_69f591fe1b191\" class=\"gallery-expand\" data-title=\"Brembo-Prime: Neue Bremskomponenten f\u00fcr den Nkw-Aftermarket\"><i class=\"fa fa-expand\" aria-hidden=\"true\"><\/i><\/a>\r\n        \t<div class=\"gallery-caption wp-caption-text\"><p>Brembo-Prime: Neue Bremskomponenten f\u00fcr den Nkw-Aftermarket<\/p>\n<\/div>\r\n        <\/div>\r\n        <div>\r\n        \t<img decoding=\"async\" src=\"https:\/\/static.krafthand-truck.de\/uploads\/2022\/05\/Lkw_Lift_Omer-1024x576.jpg\" alt=\"\" \/>\r\n          <a href=\"https:\/\/static.krafthand-truck.de\/uploads\/2022\/05\/Lkw_Lift_Omer-1024x576.jpg\" data-featherlight=\"gallery_69f591fe1b191\" class=\"gallery-expand\" data-title=\"Lkw-Hebetechnik von Omer\"><i class=\"fa fa-expand\" aria-hidden=\"true\"><\/i><\/a>\r\n        \t<div class=\"gallery-caption wp-caption-text\"><p>Lkw-Hebetechnik von Omer<\/p>\n<\/div>\r\n        <\/div>\r\n        <div>\r\n        \t<img decoding=\"async\" src=\"https:\/\/static.krafthand-truck.de\/uploads\/2022\/05\/Lkw_Reifen_Wuchten_Cormach-1024x576.jpg\" alt=\"\" \/>\r\n          <a href=\"https:\/\/static.krafthand-truck.de\/uploads\/2022\/05\/Lkw_Reifen_Wuchten_Cormach-1024x576.jpg\" data-featherlight=\"gallery_69f591fe1b191\" class=\"gallery-expand\" data-title=\"Lkw-Reifen-Wuchtger\u00e4t von Cormach\"><i class=\"fa fa-expand\" aria-hidden=\"true\"><\/i><\/a>\r\n        \t<div class=\"gallery-caption wp-caption-text\"><p>Lkw-Reifen-Wuchtger\u00e4t von Cormach<\/p>\n<\/div>\r\n        <\/div>\r\n        <div>\r\n        \t<img decoding=\"async\" src=\"https:\/\/static.krafthand-truck.de\/uploads\/2022\/05\/Lkw_Reifenmontage_OMCN-1024x660.jpg\" alt=\"\" \/>\r\n          <a href=\"https:\/\/static.krafthand-truck.de\/uploads\/2022\/05\/Lkw_Reifenmontage_OMCN-1024x660.jpg\" data-featherlight=\"gallery_69f591fe1b191\" class=\"gallery-expand\" data-title=\"Lkw-Reifen-Montageger\u00e4t von OMCN\"><i class=\"fa fa-expand\" aria-hidden=\"true\"><\/i><\/a>\r\n        \t<div class=\"gallery-caption wp-caption-text\"><p>Lkw-Reifen-Montageger\u00e4t von OMCN<\/p>\n<\/div>\r\n        <\/div><\/div><\/div>\r\n\t<script>\r\n\t\tjQuery(document).ready(function($){\r\n      setTimeout(function(){\r\n  \t\t\t$(\".owl-carousel\").owlCarousel({\r\n  \t\t\t\tloop:true,\r\n    \t\t\tmargin:10,\r\n    \t\t\tresponsiveClass:true,\r\n    \t\t\titems:1,\r\n    \t\t\tautoHeight: true,\r\n          nav: true,\r\n          URLhashListener: true,\r\n          startPosition: \"URLHash\",\r\n          navText: [\r\n            \"<i class='fa fa-chevron-left'><\/i>\",\r\n            \"<i class='fa fa-chevron-right'><\/i>\"\r\n          ],\r\n  \t\t\t});\r\n      }, 2000);\r\n\t\t});\r\n\t<\/script>\r\n\t\n<p>Die <a href=\"https:\/\/www.krafthand.de\/truck\/magazin\/\" target=\"_blank\" rel=\"noopener\">Krafthand-Truck<\/a> berichtet im Nachgang im Detail \u00fcber interessante Produkte und Neuerungen.<\/p>\n\r\n\t\t\t\t<div class=\"post-author\">\r\n\t\t\t\t\t<div class=\"khm-cp-author clearfix\">\r\n\t\t\t\t\t\t<div class=\"khm-cp-author__content\">\r\n\t\t\t\t\t\t\t\tKontakt zum Autor:<br \/>\r\n\t\t\t\t\t\t\t\t<strong>Georg Blenk<\/strong>, 08247 \/ 3007-45 |  <a href=\"mailto:georg.blenk@krafthand-medien.de\">georg.blenk@krafthand-medien.de<\/a>\r\n\t\t\t\t\t\t\t<div class=\"khm-cp-author__image\">\r\n\t\t\t\t\t\t<img src=\"https:\/\/static.krafthand-truck.de\/uploads\/2021\/01\/Blenk_6104-250x300-1-removebg-preview.png\" class=\"img-responsive\">\r\n\t\t\t\t\t<\/div>\r\n\t\t\t\t\t\t<\/div>\r\n\t\t\t\t\t<\/div>\r\n\t\t\t\t<\/div>\r\n\t\t\t\t","protected":false},"excerpt":{"rendered":"<p>Die Autopromotec fand vom 25. bis 28.Mai in Bologna statt. Die internationale Fachmesse f\u00fcr Pkw-\/Nkw-Service, Werkstattausr\u00fcstung, Pkw- und Nfz-Teile, Reifen und angeschlossene Dienstleistungen, war die erste gro\u00dfe Pr\u00e4senzveranstaltung f\u00fcr den Automotive-Aftermarket. <span class=\"excerpt-more__dots\">&#8230;<\/span> <a class=\"excerpt-more__link\" href=\"https:\/\/www.krafthand.de\/truck\/artikel\/autopromotec-bologna-endlich-wieder-messe-32386\/\" >weiter<\/a><\/p>\n","protected":false},"author":9,"featured_media":32404,"comment_status":"closed","ping_status":"closed","sticky":false,"template":"","format":"standard","meta":{"footnotes":""},"categories":[4236],"tags":[2997,2998,40,5209],"settings":[3524,4766,3523],"class_list":["post-32386","post","type-post","status-publish","format-standard","has-post-thumbnail","hentry","category-veranstaltungen","tag-autopromotec","tag-bologna","tag-messe","tag-renzo-servadei"],"yoast_head":"<!-- This site is optimized with the Yoast SEO plugin v27.3 - https:\/\/yoast.com\/product\/yoast-seo-wordpress\/ -->\n<title>Autopromotec 2022 I Endlich wieder Messe! I Krafthand-Truck<\/title>\n<meta name=\"description\" content=\"Die internationale Fachmesse Autopromotec in Bologna 2022 war die erste gro\u00dfe Pr\u00e4senzveranstaltung f\u00fcr den Automotive-Aftermarket.\" \/>\n<meta name=\"robots\" content=\"index, follow, max-snippet:-1, max-image-preview:large, max-video-preview:-1\" \/>\n<link rel=\"canonical\" href=\"https:\/\/www.krafthand.de\/truck\/artikel\/autopromotec-bologna-endlich-wieder-messe-32386\/\" \/>\n<meta property=\"og:locale\" content=\"de_DE\" \/>\n<meta property=\"og:type\" content=\"article\" \/>\n<meta property=\"og:title\" content=\"Autopromotec 2022 I Endlich wieder Messe! I Krafthand-Truck\" \/>\n<meta property=\"og:description\" content=\"Die internationale Fachmesse Autopromotec in Bologna 2022 war die erste gro\u00dfe Pr\u00e4senzveranstaltung f\u00fcr den Automotive-Aftermarket.\" \/>\n<meta property=\"og:url\" content=\"https:\/\/www.krafthand-truck.de\/artikel\/autopromotec-bologna-endlich-wieder-messe-32386\/\" \/>\n<meta property=\"og:site_name\" content=\"Krafthand-Truck\" \/>\n<meta property=\"article:published_time\" content=\"2022-05-30T10:04:10+00:00\" \/>\n<meta property=\"article:modified_time\" content=\"2022-06-13T07:23:18+00:00\" \/>\n<meta property=\"og:image\" content=\"https:\/\/static.krafthand-truck.de\/uploads\/2022\/05\/Autopromotec_Aufmacher.jpg\" \/>\n\t<meta property=\"og:image:width\" content=\"1200\" \/>\n\t<meta property=\"og:image:height\" content=\"662\" \/>\n\t<meta property=\"og:image:type\" content=\"image\/jpeg\" \/>\n<meta name=\"author\" content=\"georg.blenk@krafthand-medien.de\" \/>\n<meta name=\"twitter:card\" content=\"summary_large_image\" \/>\n<meta name=\"twitter:label1\" content=\"Verfasst von\" \/>\n\t<meta name=\"twitter:data1\" content=\"georg.blenk@krafthand-medien.de\" \/>\n\t<meta name=\"twitter:label2\" content=\"Gesch\u00e4tzte Lesezeit\" \/>\n\t<meta name=\"twitter:data2\" content=\"2\u00a0Minuten\" \/>\n<script type=\"application\/ld+json\" class=\"yoast-schema-graph\">{\"@context\":\"https:\\\/\\\/schema.org\",\"@graph\":[{\"@type\":\"Article\",\"@id\":\"https:\\\/\\\/www.krafthand.de\\\/truck\\\/artikel\\\/autopromotec-bologna-endlich-wieder-messe-32386\\\/#article\",\"isPartOf\":{\"@id\":\"https:\\\/\\\/www.krafthand.de\\\/truck\\\/artikel\\\/autopromotec-bologna-endlich-wieder-messe-32386\\\/\"},\"author\":{\"name\":\"georg.blenk@krafthand-medien.de\",\"@id\":\"https:\\\/\\\/www.krafthand.de\\\/truck\\\/#\\\/schema\\\/person\\\/51fa80b1c57034c4bf63f9f988fc24ce\"},\"headline\":\"Autopromotec Bologna &#8211; Endlich wieder Messe!\",\"datePublished\":\"2022-05-30T10:04:10+00:00\",\"dateModified\":\"2022-06-13T07:23:18+00:00\",\"mainEntityOfPage\":{\"@id\":\"https:\\\/\\\/www.krafthand.de\\\/truck\\\/artikel\\\/autopromotec-bologna-endlich-wieder-messe-32386\\\/\"},\"wordCount\":373,\"image\":{\"@id\":\"https:\\\/\\\/www.krafthand.de\\\/truck\\\/artikel\\\/autopromotec-bologna-endlich-wieder-messe-32386\\\/#primaryimage\"},\"thumbnailUrl\":\"https:\\\/\\\/static.krafthand-truck.de\\\/uploads\\\/2022\\\/05\\\/Autopromotec_Aufmacher.jpg\",\"keywords\":[\"Autopromotec\",\"Bologna\",\"Messe\",\"Renzo Servadei\"],\"articleSection\":[\"Veranstaltungen\\\/Messen\"],\"inLanguage\":\"de\"},{\"@type\":\"WebPage\",\"@id\":\"https:\\\/\\\/www.krafthand.de\\\/truck\\\/artikel\\\/autopromotec-bologna-endlich-wieder-messe-32386\\\/\",\"url\":\"https:\\\/\\\/www.krafthand.de\\\/truck\\\/artikel\\\/autopromotec-bologna-endlich-wieder-messe-32386\\\/\",\"name\":\"Autopromotec 2022 I Endlich wieder Messe! I Krafthand-Truck\",\"isPartOf\":{\"@id\":\"https:\\\/\\\/www.krafthand.de\\\/truck\\\/#website\"},\"primaryImageOfPage\":{\"@id\":\"https:\\\/\\\/www.krafthand.de\\\/truck\\\/artikel\\\/autopromotec-bologna-endlich-wieder-messe-32386\\\/#primaryimage\"},\"image\":{\"@id\":\"https:\\\/\\\/www.krafthand.de\\\/truck\\\/artikel\\\/autopromotec-bologna-endlich-wieder-messe-32386\\\/#primaryimage\"},\"thumbnailUrl\":\"https:\\\/\\\/static.krafthand-truck.de\\\/uploads\\\/2022\\\/05\\\/Autopromotec_Aufmacher.jpg\",\"datePublished\":\"2022-05-30T10:04:10+00:00\",\"dateModified\":\"2022-06-13T07:23:18+00:00\",\"author\":{\"@id\":\"https:\\\/\\\/www.krafthand.de\\\/truck\\\/#\\\/schema\\\/person\\\/51fa80b1c57034c4bf63f9f988fc24ce\"},\"description\":\"Die internationale Fachmesse Autopromotec in Bologna 2022 war die erste gro\u00dfe Pr\u00e4senzveranstaltung f\u00fcr den Automotive-Aftermarket.\",\"breadcrumb\":{\"@id\":\"https:\\\/\\\/www.krafthand.de\\\/truck\\\/artikel\\\/autopromotec-bologna-endlich-wieder-messe-32386\\\/#breadcrumb\"},\"inLanguage\":\"de\",\"potentialAction\":[{\"@type\":\"ReadAction\",\"target\":[\"https:\\\/\\\/www.krafthand.de\\\/truck\\\/artikel\\\/autopromotec-bologna-endlich-wieder-messe-32386\\\/\"]}]},{\"@type\":\"ImageObject\",\"inLanguage\":\"de\",\"@id\":\"https:\\\/\\\/www.krafthand.de\\\/truck\\\/artikel\\\/autopromotec-bologna-endlich-wieder-messe-32386\\\/#primaryimage\",\"url\":\"https:\\\/\\\/static.krafthand-truck.de\\\/uploads\\\/2022\\\/05\\\/Autopromotec_Aufmacher.jpg\",\"contentUrl\":\"https:\\\/\\\/static.krafthand-truck.de\\\/uploads\\\/2022\\\/05\\\/Autopromotec_Aufmacher.jpg\",\"width\":1200,\"height\":662},{\"@type\":\"BreadcrumbList\",\"@id\":\"https:\\\/\\\/www.krafthand.de\\\/truck\\\/artikel\\\/autopromotec-bologna-endlich-wieder-messe-32386\\\/#breadcrumb\",\"itemListElement\":[{\"@type\":\"ListItem\",\"position\":1,\"name\":\"Krafthand-Truck\",\"item\":\"https:\\\/\\\/www.krafthand.de\\\/truck\\\/\"},{\"@type\":\"ListItem\",\"position\":2,\"name\":\"Nfz-Branche\",\"item\":\"https:\\\/\\\/www.krafthand.de\\\/truck\\\/kategorie\\\/branche\\\/\"},{\"@type\":\"ListItem\",\"position\":3,\"name\":\"Veranstaltungen\\\/Messen\",\"item\":\"https:\\\/\\\/www.krafthand.de\\\/truck\\\/kategorie\\\/branche\\\/veranstaltungen\\\/\"},{\"@type\":\"ListItem\",\"position\":4,\"name\":\"Autopromotec Bologna &#8211; Endlich wieder Messe!\"}]},{\"@type\":\"WebSite\",\"@id\":\"https:\\\/\\\/www.krafthand.de\\\/truck\\\/#website\",\"url\":\"https:\\\/\\\/www.krafthand.de\\\/truck\\\/\",\"name\":\"Krafthand-Truck\",\"description\":\"\",\"potentialAction\":[{\"@type\":\"SearchAction\",\"target\":{\"@type\":\"EntryPoint\",\"urlTemplate\":\"https:\\\/\\\/www.krafthand.de\\\/truck\\\/?s={search_term_string}\"},\"query-input\":{\"@type\":\"PropertyValueSpecification\",\"valueRequired\":true,\"valueName\":\"search_term_string\"}}],\"inLanguage\":\"de\"},{\"@type\":\"Person\",\"@id\":\"https:\\\/\\\/www.krafthand.de\\\/truck\\\/#\\\/schema\\\/person\\\/51fa80b1c57034c4bf63f9f988fc24ce\",\"name\":\"georg.blenk@krafthand-medien.de\",\"image\":{\"@type\":\"ImageObject\",\"inLanguage\":\"de\",\"@id\":\"https:\\\/\\\/secure.gravatar.com\\\/avatar\\\/93713c30affe0aa95d3a4130e499bb1abee2eb31adbdd9ce2aa1543538490215?s=96&d=mm&r=g\",\"url\":\"https:\\\/\\\/secure.gravatar.com\\\/avatar\\\/93713c30affe0aa95d3a4130e499bb1abee2eb31adbdd9ce2aa1543538490215?s=96&d=mm&r=g\",\"contentUrl\":\"https:\\\/\\\/secure.gravatar.com\\\/avatar\\\/93713c30affe0aa95d3a4130e499bb1abee2eb31adbdd9ce2aa1543538490215?s=96&d=mm&r=g\",\"caption\":\"georg.blenk@krafthand-medien.de\"}}]}<\/script>\n<!-- \/ Yoast SEO plugin. -->","yoast_head_json":{"title":"Autopromotec 2022 I Endlich wieder Messe! I Krafthand-Truck","description":"Die internationale Fachmesse Autopromotec in Bologna 2022 war die erste gro\u00dfe Pr\u00e4senzveranstaltung f\u00fcr den Automotive-Aftermarket.","robots":{"index":"index","follow":"follow","max-snippet":"max-snippet:-1","max-image-preview":"max-image-preview:large","max-video-preview":"max-video-preview:-1"},"canonical":"https:\/\/www.krafthand.de\/truck\/artikel\/autopromotec-bologna-endlich-wieder-messe-32386\/","og_locale":"de_DE","og_type":"article","og_title":"Autopromotec 2022 I Endlich wieder Messe! I Krafthand-Truck","og_description":"Die internationale Fachmesse Autopromotec in Bologna 2022 war die erste gro\u00dfe Pr\u00e4senzveranstaltung f\u00fcr den Automotive-Aftermarket.","og_url":"https:\/\/www.krafthand-truck.de\/artikel\/autopromotec-bologna-endlich-wieder-messe-32386\/","og_site_name":"Krafthand-Truck","article_published_time":"2022-05-30T10:04:10+00:00","article_modified_time":"2022-06-13T07:23:18+00:00","og_image":[{"width":1200,"height":662,"url":"https:\/\/static.krafthand-truck.de\/uploads\/2022\/05\/Autopromotec_Aufmacher.jpg","type":"image\/jpeg"}],"author":"georg.blenk@krafthand-medien.de","twitter_card":"summary_large_image","twitter_misc":{"Verfasst von":"georg.blenk@krafthand-medien.de","Gesch\u00e4tzte Lesezeit":"2\u00a0Minuten"},"schema":{"@context":"https:\/\/schema.org","@graph":[{"@type":"Article","@id":"https:\/\/www.krafthand.de\/truck\/artikel\/autopromotec-bologna-endlich-wieder-messe-32386\/#article","isPartOf":{"@id":"https:\/\/www.krafthand.de\/truck\/artikel\/autopromotec-bologna-endlich-wieder-messe-32386\/"},"author":{"name":"georg.blenk@krafthand-medien.de","@id":"https:\/\/www.krafthand.de\/truck\/#\/schema\/person\/51fa80b1c57034c4bf63f9f988fc24ce"},"headline":"Autopromotec Bologna &#8211; Endlich wieder Messe!","datePublished":"2022-05-30T10:04:10+00:00","dateModified":"2022-06-13T07:23:18+00:00","mainEntityOfPage":{"@id":"https:\/\/www.krafthand.de\/truck\/artikel\/autopromotec-bologna-endlich-wieder-messe-32386\/"},"wordCount":373,"image":{"@id":"https:\/\/www.krafthand.de\/truck\/artikel\/autopromotec-bologna-endlich-wieder-messe-32386\/#primaryimage"},"thumbnailUrl":"https:\/\/static.krafthand-truck.de\/uploads\/2022\/05\/Autopromotec_Aufmacher.jpg","keywords":["Autopromotec","Bologna","Messe","Renzo Servadei"],"articleSection":["Veranstaltungen\/Messen"],"inLanguage":"de"},{"@type":"WebPage","@id":"https:\/\/www.krafthand.de\/truck\/artikel\/autopromotec-bologna-endlich-wieder-messe-32386\/","url":"https:\/\/www.krafthand.de\/truck\/artikel\/autopromotec-bologna-endlich-wieder-messe-32386\/","name":"Autopromotec 2022 I Endlich wieder Messe! I Krafthand-Truck","isPartOf":{"@id":"https:\/\/www.krafthand.de\/truck\/#website"},"primaryImageOfPage":{"@id":"https:\/\/www.krafthand.de\/truck\/artikel\/autopromotec-bologna-endlich-wieder-messe-32386\/#primaryimage"},"image":{"@id":"https:\/\/www.krafthand.de\/truck\/artikel\/autopromotec-bologna-endlich-wieder-messe-32386\/#primaryimage"},"thumbnailUrl":"https:\/\/static.krafthand-truck.de\/uploads\/2022\/05\/Autopromotec_Aufmacher.jpg","datePublished":"2022-05-30T10:04:10+00:00","dateModified":"2022-06-13T07:23:18+00:00","author":{"@id":"https:\/\/www.krafthand.de\/truck\/#\/schema\/person\/51fa80b1c57034c4bf63f9f988fc24ce"},"description":"Die internationale Fachmesse Autopromotec in Bologna 2022 war die erste gro\u00dfe Pr\u00e4senzveranstaltung f\u00fcr den Automotive-Aftermarket.","breadcrumb":{"@id":"https:\/\/www.krafthand.de\/truck\/artikel\/autopromotec-bologna-endlich-wieder-messe-32386\/#breadcrumb"},"inLanguage":"de","potentialAction":[{"@type":"ReadAction","target":["https:\/\/www.krafthand.de\/truck\/artikel\/autopromotec-bologna-endlich-wieder-messe-32386\/"]}]},{"@type":"ImageObject","inLanguage":"de","@id":"https:\/\/www.krafthand.de\/truck\/artikel\/autopromotec-bologna-endlich-wieder-messe-32386\/#primaryimage","url":"https:\/\/static.krafthand-truck.de\/uploads\/2022\/05\/Autopromotec_Aufmacher.jpg","contentUrl":"https:\/\/static.krafthand-truck.de\/uploads\/2022\/05\/Autopromotec_Aufmacher.jpg","width":1200,"height":662},{"@type":"BreadcrumbList","@id":"https:\/\/www.krafthand.de\/truck\/artikel\/autopromotec-bologna-endlich-wieder-messe-32386\/#breadcrumb","itemListElement":[{"@type":"ListItem","position":1,"name":"Krafthand-Truck","item":"https:\/\/www.krafthand.de\/truck\/"},{"@type":"ListItem","position":2,"name":"Nfz-Branche","item":"https:\/\/www.krafthand.de\/truck\/kategorie\/branche\/"},{"@type":"ListItem","position":3,"name":"Veranstaltungen\/Messen","item":"https:\/\/www.krafthand.de\/truck\/kategorie\/branche\/veranstaltungen\/"},{"@type":"ListItem","position":4,"name":"Autopromotec Bologna &#8211; Endlich wieder Messe!"}]},{"@type":"WebSite","@id":"https:\/\/www.krafthand.de\/truck\/#website","url":"https:\/\/www.krafthand.de\/truck\/","name":"Krafthand-Truck","description":"","potentialAction":[{"@type":"SearchAction","target":{"@type":"EntryPoint","urlTemplate":"https:\/\/www.krafthand.de\/truck\/?s={search_term_string}"},"query-input":{"@type":"PropertyValueSpecification","valueRequired":true,"valueName":"search_term_string"}}],"inLanguage":"de"},{"@type":"Person","@id":"https:\/\/www.krafthand.de\/truck\/#\/schema\/person\/51fa80b1c57034c4bf63f9f988fc24ce","name":"georg.blenk@krafthand-medien.de","image":{"@type":"ImageObject","inLanguage":"de","@id":"https:\/\/secure.gravatar.com\/avatar\/93713c30affe0aa95d3a4130e499bb1abee2eb31adbdd9ce2aa1543538490215?s=96&d=mm&r=g","url":"https:\/\/secure.gravatar.com\/avatar\/93713c30affe0aa95d3a4130e499bb1abee2eb31adbdd9ce2aa1543538490215?s=96&d=mm&r=g","contentUrl":"https:\/\/secure.gravatar.com\/avatar\/93713c30affe0aa95d3a4130e499bb1abee2eb31adbdd9ce2aa1543538490215?s=96&d=mm&r=g","caption":"georg.blenk@krafthand-medien.de"}}]}},"_links":{"self":[{"href":"https:\/\/www.krafthand.de\/truck\/wp-json\/wp\/v2\/posts\/32386","targetHints":{"allow":["GET"]}}],"collection":[{"href":"https:\/\/www.krafthand.de\/truck\/wp-json\/wp\/v2\/posts"}],"about":[{"href":"https:\/\/www.krafthand.de\/truck\/wp-json\/wp\/v2\/types\/post"}],"author":[{"embeddable":true,"href":"https:\/\/www.krafthand.de\/truck\/wp-json\/wp\/v2\/users\/9"}],"replies":[{"embeddable":true,"href":"https:\/\/www.krafthand.de\/truck\/wp-json\/wp\/v2\/comments?post=32386"}],"version-history":[{"count":43,"href":"https:\/\/www.krafthand.de\/truck\/wp-json\/wp\/v2\/posts\/32386\/revisions"}],"predecessor-version":[{"id":32517,"href":"https:\/\/www.krafthand.de\/truck\/wp-json\/wp\/v2\/posts\/32386\/revisions\/32517"}],"wp:featuredmedia":[{"embeddable":true,"href":"https:\/\/www.krafthand.de\/truck\/wp-json\/wp\/v2\/media\/32404"}],"wp:attachment":[{"href":"https:\/\/www.krafthand.de\/truck\/wp-json\/wp\/v2\/media?parent=32386"}],"wp:term":[{"taxonomy":"category","embeddable":true,"href":"https:\/\/www.krafthand.de\/truck\/wp-json\/wp\/v2\/categories?post=32386"},{"taxonomy":"post_tag","embeddable":true,"href":"https:\/\/www.krafthand.de\/truck\/wp-json\/wp\/v2\/tags?post=32386"},{"taxonomy":"settings","embeddable":true,"href":"https:\/\/www.krafthand.de\/truck\/wp-json\/wp\/v2\/settings?post=32386"}],"curies":[{"name":"wp","href":"https:\/\/api.w.org\/{rel}","templated":true}]}}