{"id":32379,"date":"2022-05-23T10:42:45","date_gmt":"2022-05-23T08:42:45","guid":{"rendered":"https:\/\/www.krafthand.de\/truck\/?p=32379"},"modified":"2022-05-23T10:47:02","modified_gmt":"2022-05-23T08:47:02","slug":"iveco-ist-offizieller-partner-der-fia-etrc","status":"publish","type":"post","link":"https:\/\/www.krafthand.de\/truck\/artikel\/iveco-ist-offizieller-partner-der-fia-etrc-32379\/","title":{"rendered":"IVECO ist offizieller Partner der FIA-ETRC"},"content":{"rendered":"<p><a href=\"https:\/\/www.iveco.com\/Germany\/Pages\/Home-page.aspx\" target=\"_blank\" rel=\"noopener\">IVECO<\/a> ist offizieller Partner der FIA European Truck Racing Championship f\u00fcr die Saison 2022, nachdem im vergangenen Jahr die Vereinbarung mit der ETRA zur Verl\u00e4ngerung der vielj\u00e4hrigen Partnerschaft bis zum Ende der Saison 2023 unterzeichnet wurde. Der Lkw-Hersteller m\u00f6chte dabei mit dem umweltfreundlichen IVECO S-WAY LNG, dem ersten Pace Truck mit einem alternativen Antrieb in der <a href=\"https:\/\/www.goodyearfiaetrc.com\" target=\"_blank\" rel=\"noopener\">FIA ETRC<\/a>, einen Beitrag zu den ETRA-Nachhaltigkeitszielen leisten und dabei helfen den CO2-Fu\u00dfabdruck zu reduzieren. Sein Saisondeb\u00fct gab der IVECO S-WAY LNG Pace Truck beim ersten Truck Grand Prix des Jahres auf der Rennstrecke von Misano in Italien am 21. und 22. Mai 2022. Vom 15.-17. Juli 2022 findet die ETRC auf dem N\u00fcrburgring statt.<\/p>\n<p>Der IVECO S-WAY LNG Pace Truck f\u00e4hrt mit Bio-LNG. In den beiden 540 Liter gro\u00dfen LNG-Tanks finden mindestens 390 Kilogramm Bio-LNG Platz. Damit ist laut IVECO eine Reichweite bis 1.600 Kilometern m\u00f6glich. Mit diesem umweltfreundlichen Kraftstoff st\u00f6\u00dft er im Vergleich zu einem Diesel-Lkw weniger Stickstoffdioxide, Ru\u00df sowie 95 Prozent weniger CO2-Emissionen aus.<\/p>\n<p>IVECO ist bei der ETRC 2022 zudem wieder als technischer Sponsor \u201aDer Bullen von IVECO\u2018, einer Partnerschaft zwischen den Team Schwabentruck und Hahn Racing, vertreten. IVECO unterst\u00fctzt die Teams mit den neuen IVECO S-WAY-R Race Trucks, die eine deutliche \u00dcberarbeitung erhielten, um die Leistung zu steigern und gleichzeitig die Emissionen weiter zu senken. Die IVECO S-WAY-R Trucks der Teams fahren bei allen Rennen der Meisterschaft mit dem synthetisch hergestelltem HVO (Hydrogenated-Vegetable-Oils) der neuesten Generation.<\/p>\n<p><i>Den Beitrag finden Sie auch in der Print-Ausgabe 2-2022 der <a href=\"https:\/\/www.krafthand.de\/truck\/magazin\/\" title=\"Zum Magazin\">Krafthand-Truck<\/a>.<\/i><\/p>","protected":false},"excerpt":{"rendered":"<p>IVECO ist auch offizieller Partner der FIA European Truck Racing Championship f\u00fcr die Saison 2022. Zudem ist der Lkw-Hersteller wieder als technischer Sponsor \u201aDer Bullen von IVECO\u2018, einer Partnerschaft zwischen den Team Schwabentruck und Hahn Racing, vertreten. <span class=\"excerpt-more__dots\">&#8230;<\/span> <a class=\"excerpt-more__link\" href=\"https:\/\/www.krafthand.de\/truck\/artikel\/iveco-ist-offizieller-partner-der-fia-etrc-32379\/\" >weiter<\/a><\/p>\n","protected":false},"author":9,"featured_media":32383,"comment_status":"closed","ping_status":"closed","sticky":false,"template":"","format":"standard","meta":{"footnotes":""},"categories":[4913,4236],"tags":[1161,29,5208,146,5207],"settings":[4766,3523],"class_list":["post-32379","post","type-post","status-publish","format-standard","has-post-thumbnail","hentry","category-alternative-kraftstoffe","category-veranstaltungen","tag-fia-etrc","tag-iveco","tag-misano","tag-nuerburgring","tag-truck-grnd-prix"],"yoast_head":"<!-- This site is optimized with the Yoast SEO plugin v27.3 - https:\/\/yoast.com\/product\/yoast-seo-wordpress\/ -->\n<title>IVECO ist Partner der ETRC 2022 I Krafthand-Truck<\/title>\n<meta name=\"description\" content=\"IVECO ist offizieller Partner der FIA European Truck Racing Championship 2022. Zus\u00e4tzlich ist der Lkw-Hersteller technischer Sponsor des Teams Schwabentruck und Hahn Racing.\" \/>\n<meta name=\"robots\" content=\"index, follow, max-snippet:-1, max-image-preview:large, max-video-preview:-1\" \/>\n<link rel=\"canonical\" href=\"https:\/\/www.krafthand.de\/truck\/artikel\/iveco-ist-offizieller-partner-der-fia-etrc-32379\/\" \/>\n<meta property=\"og:locale\" content=\"de_DE\" \/>\n<meta property=\"og:type\" content=\"article\" \/>\n<meta property=\"og:title\" content=\"IVECO ist Partner der ETRC 2022 I Krafthand-Truck\" \/>\n<meta property=\"og:description\" content=\"IVECO ist offizieller Partner der FIA European Truck Racing Championship 2022. Zus\u00e4tzlich ist der Lkw-Hersteller technischer Sponsor des Teams Schwabentruck und Hahn Racing.\" \/>\n<meta property=\"og:url\" content=\"https:\/\/www.krafthand-truck.de\/artikel\/iveco-ist-offizieller-partner-der-fia-etrc-32379\/\" \/>\n<meta property=\"og:site_name\" content=\"Krafthand-Truck\" \/>\n<meta property=\"article:published_time\" content=\"2022-05-23T08:42:45+00:00\" \/>\n<meta property=\"article:modified_time\" content=\"2022-05-23T08:47:02+00:00\" \/>\n<meta property=\"og:image\" content=\"https:\/\/static.krafthand-truck.de\/uploads\/2022\/05\/IVECO_FIA_ETRC_Truck_Grand_Prix_Krafthand_Truck.jpg\" \/>\n\t<meta property=\"og:image:width\" content=\"1200\" \/>\n\t<meta property=\"og:image:height\" content=\"759\" \/>\n\t<meta property=\"og:image:type\" content=\"image\/jpeg\" \/>\n<meta name=\"author\" content=\"georg.blenk@krafthand-medien.de\" \/>\n<meta name=\"twitter:card\" content=\"summary_large_image\" \/>\n<meta name=\"twitter:label1\" content=\"Verfasst von\" \/>\n\t<meta name=\"twitter:data1\" content=\"georg.blenk@krafthand-medien.de\" \/>\n\t<meta name=\"twitter:label2\" content=\"Gesch\u00e4tzte Lesezeit\" \/>\n\t<meta name=\"twitter:data2\" content=\"1\u00a0Minute\" \/>\n<script type=\"application\/ld+json\" class=\"yoast-schema-graph\">{\"@context\":\"https:\\\/\\\/schema.org\",\"@graph\":[{\"@type\":\"Article\",\"@id\":\"https:\\\/\\\/www.krafthand.de\\\/truck\\\/artikel\\\/iveco-ist-offizieller-partner-der-fia-etrc-32379\\\/#article\",\"isPartOf\":{\"@id\":\"https:\\\/\\\/www.krafthand.de\\\/truck\\\/artikel\\\/iveco-ist-offizieller-partner-der-fia-etrc-32379\\\/\"},\"author\":{\"name\":\"georg.blenk@krafthand-medien.de\",\"@id\":\"https:\\\/\\\/www.krafthand.de\\\/truck\\\/#\\\/schema\\\/person\\\/51fa80b1c57034c4bf63f9f988fc24ce\"},\"headline\":\"IVECO ist offizieller Partner der FIA-ETRC\",\"datePublished\":\"2022-05-23T08:42:45+00:00\",\"dateModified\":\"2022-05-23T08:47:02+00:00\",\"mainEntityOfPage\":{\"@id\":\"https:\\\/\\\/www.krafthand.de\\\/truck\\\/artikel\\\/iveco-ist-offizieller-partner-der-fia-etrc-32379\\\/\"},\"wordCount\":246,\"image\":{\"@id\":\"https:\\\/\\\/www.krafthand.de\\\/truck\\\/artikel\\\/iveco-ist-offizieller-partner-der-fia-etrc-32379\\\/#primaryimage\"},\"thumbnailUrl\":\"https:\\\/\\\/static.krafthand-truck.de\\\/uploads\\\/2022\\\/05\\\/IVECO_FIA_ETRC_Truck_Grand_Prix_Krafthand_Truck.jpg\",\"keywords\":[\"FIA ETRC\",\"Iveco\",\"Misano\",\"N\u00fcrburgring\",\"Truck-Grnd-Prix\"],\"articleSection\":[\"Alternative Kraftstoffe\",\"Veranstaltungen\\\/Messen\"],\"inLanguage\":\"de\"},{\"@type\":\"WebPage\",\"@id\":\"https:\\\/\\\/www.krafthand.de\\\/truck\\\/artikel\\\/iveco-ist-offizieller-partner-der-fia-etrc-32379\\\/\",\"url\":\"https:\\\/\\\/www.krafthand.de\\\/truck\\\/artikel\\\/iveco-ist-offizieller-partner-der-fia-etrc-32379\\\/\",\"name\":\"IVECO ist Partner der ETRC 2022 I Krafthand-Truck\",\"isPartOf\":{\"@id\":\"https:\\\/\\\/www.krafthand.de\\\/truck\\\/#website\"},\"primaryImageOfPage\":{\"@id\":\"https:\\\/\\\/www.krafthand.de\\\/truck\\\/artikel\\\/iveco-ist-offizieller-partner-der-fia-etrc-32379\\\/#primaryimage\"},\"image\":{\"@id\":\"https:\\\/\\\/www.krafthand.de\\\/truck\\\/artikel\\\/iveco-ist-offizieller-partner-der-fia-etrc-32379\\\/#primaryimage\"},\"thumbnailUrl\":\"https:\\\/\\\/static.krafthand-truck.de\\\/uploads\\\/2022\\\/05\\\/IVECO_FIA_ETRC_Truck_Grand_Prix_Krafthand_Truck.jpg\",\"datePublished\":\"2022-05-23T08:42:45+00:00\",\"dateModified\":\"2022-05-23T08:47:02+00:00\",\"author\":{\"@id\":\"https:\\\/\\\/www.krafthand.de\\\/truck\\\/#\\\/schema\\\/person\\\/51fa80b1c57034c4bf63f9f988fc24ce\"},\"description\":\"IVECO ist offizieller Partner der FIA European Truck Racing Championship 2022. Zus\u00e4tzlich ist der Lkw-Hersteller technischer Sponsor des Teams Schwabentruck und Hahn Racing.\",\"breadcrumb\":{\"@id\":\"https:\\\/\\\/www.krafthand.de\\\/truck\\\/artikel\\\/iveco-ist-offizieller-partner-der-fia-etrc-32379\\\/#breadcrumb\"},\"inLanguage\":\"de\",\"potentialAction\":[{\"@type\":\"ReadAction\",\"target\":[\"https:\\\/\\\/www.krafthand.de\\\/truck\\\/artikel\\\/iveco-ist-offizieller-partner-der-fia-etrc-32379\\\/\"]}]},{\"@type\":\"ImageObject\",\"inLanguage\":\"de\",\"@id\":\"https:\\\/\\\/www.krafthand.de\\\/truck\\\/artikel\\\/iveco-ist-offizieller-partner-der-fia-etrc-32379\\\/#primaryimage\",\"url\":\"https:\\\/\\\/static.krafthand-truck.de\\\/uploads\\\/2022\\\/05\\\/IVECO_FIA_ETRC_Truck_Grand_Prix_Krafthand_Truck.jpg\",\"contentUrl\":\"https:\\\/\\\/static.krafthand-truck.de\\\/uploads\\\/2022\\\/05\\\/IVECO_FIA_ETRC_Truck_Grand_Prix_Krafthand_Truck.jpg\",\"width\":1200,\"height\":759},{\"@type\":\"BreadcrumbList\",\"@id\":\"https:\\\/\\\/www.krafthand.de\\\/truck\\\/artikel\\\/iveco-ist-offizieller-partner-der-fia-etrc-32379\\\/#breadcrumb\",\"itemListElement\":[{\"@type\":\"ListItem\",\"position\":1,\"name\":\"Krafthand-Truck\",\"item\":\"https:\\\/\\\/www.krafthand.de\\\/truck\\\/\"},{\"@type\":\"ListItem\",\"position\":2,\"name\":\"Nfz-Branche\",\"item\":\"https:\\\/\\\/www.krafthand.de\\\/truck\\\/kategorie\\\/branche\\\/\"},{\"@type\":\"ListItem\",\"position\":3,\"name\":\"Veranstaltungen\\\/Messen\",\"item\":\"https:\\\/\\\/www.krafthand.de\\\/truck\\\/kategorie\\\/branche\\\/veranstaltungen\\\/\"},{\"@type\":\"ListItem\",\"position\":4,\"name\":\"IVECO ist offizieller Partner der FIA-ETRC\"}]},{\"@type\":\"WebSite\",\"@id\":\"https:\\\/\\\/www.krafthand.de\\\/truck\\\/#website\",\"url\":\"https:\\\/\\\/www.krafthand.de\\\/truck\\\/\",\"name\":\"Krafthand-Truck\",\"description\":\"\",\"potentialAction\":[{\"@type\":\"SearchAction\",\"target\":{\"@type\":\"EntryPoint\",\"urlTemplate\":\"https:\\\/\\\/www.krafthand.de\\\/truck\\\/?s={search_term_string}\"},\"query-input\":{\"@type\":\"PropertyValueSpecification\",\"valueRequired\":true,\"valueName\":\"search_term_string\"}}],\"inLanguage\":\"de\"},{\"@type\":\"Person\",\"@id\":\"https:\\\/\\\/www.krafthand.de\\\/truck\\\/#\\\/schema\\\/person\\\/51fa80b1c57034c4bf63f9f988fc24ce\",\"name\":\"georg.blenk@krafthand-medien.de\",\"image\":{\"@type\":\"ImageObject\",\"inLanguage\":\"de\",\"@id\":\"https:\\\/\\\/secure.gravatar.com\\\/avatar\\\/93713c30affe0aa95d3a4130e499bb1abee2eb31adbdd9ce2aa1543538490215?s=96&d=mm&r=g\",\"url\":\"https:\\\/\\\/secure.gravatar.com\\\/avatar\\\/93713c30affe0aa95d3a4130e499bb1abee2eb31adbdd9ce2aa1543538490215?s=96&d=mm&r=g\",\"contentUrl\":\"https:\\\/\\\/secure.gravatar.com\\\/avatar\\\/93713c30affe0aa95d3a4130e499bb1abee2eb31adbdd9ce2aa1543538490215?s=96&d=mm&r=g\",\"caption\":\"georg.blenk@krafthand-medien.de\"}}]}<\/script>\n<!-- \/ Yoast SEO plugin. -->","yoast_head_json":{"title":"IVECO ist Partner der ETRC 2022 I Krafthand-Truck","description":"IVECO ist offizieller Partner der FIA European Truck Racing Championship 2022. Zus\u00e4tzlich ist der Lkw-Hersteller technischer Sponsor des Teams Schwabentruck und Hahn Racing.","robots":{"index":"index","follow":"follow","max-snippet":"max-snippet:-1","max-image-preview":"max-image-preview:large","max-video-preview":"max-video-preview:-1"},"canonical":"https:\/\/www.krafthand.de\/truck\/artikel\/iveco-ist-offizieller-partner-der-fia-etrc-32379\/","og_locale":"de_DE","og_type":"article","og_title":"IVECO ist Partner der ETRC 2022 I Krafthand-Truck","og_description":"IVECO ist offizieller Partner der FIA European Truck Racing Championship 2022. Zus\u00e4tzlich ist der Lkw-Hersteller technischer Sponsor des Teams Schwabentruck und Hahn Racing.","og_url":"https:\/\/www.krafthand-truck.de\/artikel\/iveco-ist-offizieller-partner-der-fia-etrc-32379\/","og_site_name":"Krafthand-Truck","article_published_time":"2022-05-23T08:42:45+00:00","article_modified_time":"2022-05-23T08:47:02+00:00","og_image":[{"width":1200,"height":759,"url":"https:\/\/static.krafthand-truck.de\/uploads\/2022\/05\/IVECO_FIA_ETRC_Truck_Grand_Prix_Krafthand_Truck.jpg","type":"image\/jpeg"}],"author":"georg.blenk@krafthand-medien.de","twitter_card":"summary_large_image","twitter_misc":{"Verfasst von":"georg.blenk@krafthand-medien.de","Gesch\u00e4tzte Lesezeit":"1\u00a0Minute"},"schema":{"@context":"https:\/\/schema.org","@graph":[{"@type":"Article","@id":"https:\/\/www.krafthand.de\/truck\/artikel\/iveco-ist-offizieller-partner-der-fia-etrc-32379\/#article","isPartOf":{"@id":"https:\/\/www.krafthand.de\/truck\/artikel\/iveco-ist-offizieller-partner-der-fia-etrc-32379\/"},"author":{"name":"georg.blenk@krafthand-medien.de","@id":"https:\/\/www.krafthand.de\/truck\/#\/schema\/person\/51fa80b1c57034c4bf63f9f988fc24ce"},"headline":"IVECO ist offizieller Partner der FIA-ETRC","datePublished":"2022-05-23T08:42:45+00:00","dateModified":"2022-05-23T08:47:02+00:00","mainEntityOfPage":{"@id":"https:\/\/www.krafthand.de\/truck\/artikel\/iveco-ist-offizieller-partner-der-fia-etrc-32379\/"},"wordCount":246,"image":{"@id":"https:\/\/www.krafthand.de\/truck\/artikel\/iveco-ist-offizieller-partner-der-fia-etrc-32379\/#primaryimage"},"thumbnailUrl":"https:\/\/static.krafthand-truck.de\/uploads\/2022\/05\/IVECO_FIA_ETRC_Truck_Grand_Prix_Krafthand_Truck.jpg","keywords":["FIA ETRC","Iveco","Misano","N\u00fcrburgring","Truck-Grnd-Prix"],"articleSection":["Alternative Kraftstoffe","Veranstaltungen\/Messen"],"inLanguage":"de"},{"@type":"WebPage","@id":"https:\/\/www.krafthand.de\/truck\/artikel\/iveco-ist-offizieller-partner-der-fia-etrc-32379\/","url":"https:\/\/www.krafthand.de\/truck\/artikel\/iveco-ist-offizieller-partner-der-fia-etrc-32379\/","name":"IVECO ist Partner der ETRC 2022 I Krafthand-Truck","isPartOf":{"@id":"https:\/\/www.krafthand.de\/truck\/#website"},"primaryImageOfPage":{"@id":"https:\/\/www.krafthand.de\/truck\/artikel\/iveco-ist-offizieller-partner-der-fia-etrc-32379\/#primaryimage"},"image":{"@id":"https:\/\/www.krafthand.de\/truck\/artikel\/iveco-ist-offizieller-partner-der-fia-etrc-32379\/#primaryimage"},"thumbnailUrl":"https:\/\/static.krafthand-truck.de\/uploads\/2022\/05\/IVECO_FIA_ETRC_Truck_Grand_Prix_Krafthand_Truck.jpg","datePublished":"2022-05-23T08:42:45+00:00","dateModified":"2022-05-23T08:47:02+00:00","author":{"@id":"https:\/\/www.krafthand.de\/truck\/#\/schema\/person\/51fa80b1c57034c4bf63f9f988fc24ce"},"description":"IVECO ist offizieller Partner der FIA European Truck Racing Championship 2022. Zus\u00e4tzlich ist der Lkw-Hersteller technischer Sponsor des Teams Schwabentruck und Hahn Racing.","breadcrumb":{"@id":"https:\/\/www.krafthand.de\/truck\/artikel\/iveco-ist-offizieller-partner-der-fia-etrc-32379\/#breadcrumb"},"inLanguage":"de","potentialAction":[{"@type":"ReadAction","target":["https:\/\/www.krafthand.de\/truck\/artikel\/iveco-ist-offizieller-partner-der-fia-etrc-32379\/"]}]},{"@type":"ImageObject","inLanguage":"de","@id":"https:\/\/www.krafthand.de\/truck\/artikel\/iveco-ist-offizieller-partner-der-fia-etrc-32379\/#primaryimage","url":"https:\/\/static.krafthand-truck.de\/uploads\/2022\/05\/IVECO_FIA_ETRC_Truck_Grand_Prix_Krafthand_Truck.jpg","contentUrl":"https:\/\/static.krafthand-truck.de\/uploads\/2022\/05\/IVECO_FIA_ETRC_Truck_Grand_Prix_Krafthand_Truck.jpg","width":1200,"height":759},{"@type":"BreadcrumbList","@id":"https:\/\/www.krafthand.de\/truck\/artikel\/iveco-ist-offizieller-partner-der-fia-etrc-32379\/#breadcrumb","itemListElement":[{"@type":"ListItem","position":1,"name":"Krafthand-Truck","item":"https:\/\/www.krafthand.de\/truck\/"},{"@type":"ListItem","position":2,"name":"Nfz-Branche","item":"https:\/\/www.krafthand.de\/truck\/kategorie\/branche\/"},{"@type":"ListItem","position":3,"name":"Veranstaltungen\/Messen","item":"https:\/\/www.krafthand.de\/truck\/kategorie\/branche\/veranstaltungen\/"},{"@type":"ListItem","position":4,"name":"IVECO ist offizieller Partner der FIA-ETRC"}]},{"@type":"WebSite","@id":"https:\/\/www.krafthand.de\/truck\/#website","url":"https:\/\/www.krafthand.de\/truck\/","name":"Krafthand-Truck","description":"","potentialAction":[{"@type":"SearchAction","target":{"@type":"EntryPoint","urlTemplate":"https:\/\/www.krafthand.de\/truck\/?s={search_term_string}"},"query-input":{"@type":"PropertyValueSpecification","valueRequired":true,"valueName":"search_term_string"}}],"inLanguage":"de"},{"@type":"Person","@id":"https:\/\/www.krafthand.de\/truck\/#\/schema\/person\/51fa80b1c57034c4bf63f9f988fc24ce","name":"georg.blenk@krafthand-medien.de","image":{"@type":"ImageObject","inLanguage":"de","@id":"https:\/\/secure.gravatar.com\/avatar\/93713c30affe0aa95d3a4130e499bb1abee2eb31adbdd9ce2aa1543538490215?s=96&d=mm&r=g","url":"https:\/\/secure.gravatar.com\/avatar\/93713c30affe0aa95d3a4130e499bb1abee2eb31adbdd9ce2aa1543538490215?s=96&d=mm&r=g","contentUrl":"https:\/\/secure.gravatar.com\/avatar\/93713c30affe0aa95d3a4130e499bb1abee2eb31adbdd9ce2aa1543538490215?s=96&d=mm&r=g","caption":"georg.blenk@krafthand-medien.de"}}]}},"_links":{"self":[{"href":"https:\/\/www.krafthand.de\/truck\/wp-json\/wp\/v2\/posts\/32379","targetHints":{"allow":["GET"]}}],"collection":[{"href":"https:\/\/www.krafthand.de\/truck\/wp-json\/wp\/v2\/posts"}],"about":[{"href":"https:\/\/www.krafthand.de\/truck\/wp-json\/wp\/v2\/types\/post"}],"author":[{"embeddable":true,"href":"https:\/\/www.krafthand.de\/truck\/wp-json\/wp\/v2\/users\/9"}],"replies":[{"embeddable":true,"href":"https:\/\/www.krafthand.de\/truck\/wp-json\/wp\/v2\/comments?post=32379"}],"version-history":[{"count":3,"href":"https:\/\/www.krafthand.de\/truck\/wp-json\/wp\/v2\/posts\/32379\/revisions"}],"predecessor-version":[{"id":32382,"href":"https:\/\/www.krafthand.de\/truck\/wp-json\/wp\/v2\/posts\/32379\/revisions\/32382"}],"wp:featuredmedia":[{"embeddable":true,"href":"https:\/\/www.krafthand.de\/truck\/wp-json\/wp\/v2\/media\/32383"}],"wp:attachment":[{"href":"https:\/\/www.krafthand.de\/truck\/wp-json\/wp\/v2\/media?parent=32379"}],"wp:term":[{"taxonomy":"category","embeddable":true,"href":"https:\/\/www.krafthand.de\/truck\/wp-json\/wp\/v2\/categories?post=32379"},{"taxonomy":"post_tag","embeddable":true,"href":"https:\/\/www.krafthand.de\/truck\/wp-json\/wp\/v2\/tags?post=32379"},{"taxonomy":"settings","embeddable":true,"href":"https:\/\/www.krafthand.de\/truck\/wp-json\/wp\/v2\/settings?post=32379"}],"curies":[{"name":"wp","href":"https:\/\/api.w.org\/{rel}","templated":true}]}}