{"id":32347,"date":"2022-05-10T12:27:35","date_gmt":"2022-05-10T10:27:35","guid":{"rendered":"https:\/\/www.krafthand.de\/truck\/?p=32347"},"modified":"2022-05-10T12:27:35","modified_gmt":"2022-05-10T10:27:35","slug":"runderneuerte-im-fokus-azur-auf-dem-zukunftskongress-nutzfahrzeuge-in-berlin","status":"publish","type":"post","link":"https:\/\/www.krafthand.de\/truck\/artikel\/runderneuerte-im-fokus-azur-auf-dem-zukunftskongress-nutzfahrzeuge-in-berlin-32347\/","title":{"rendered":"Runderneuerte im Fokus: AZuR auf dem Zukunftskongress Nutzfahrzeuge in Berlin"},"content":{"rendered":"<p>Am 2. und 3. Juni 2022 findet der Zukunftskongress Nutzfahrzeuge 2022 in Berlin statt. Unter dem Motto \u201eFuture-proof transportation\u201c trifft sich die Transport- und Logistikbranche und diskutiert \u00fcber den Lkw der Zukunft. Das Netzwerk AZuR und die Initiative &#8218;Runderneuert&#8216; pr\u00e4sentieren dort nachhaltige Wege des Altreifenrecyclings.<\/p>\n<p>Auf dem Zukunftskongress Nutzfahrzeuge 2022 im Vienna House Andel\u2019s in Berlin ist das Innovationsforum Altreifen-Recycling AZuR (Allianz Zukunft Reifen) gemeinsam mit der Initiative &#8218;Runderneuert&#8216; mit einem Messestand vor Ort und informiert Besucher \u00fcber die vielen M\u00f6glichkeiten einer \u00f6konomisch und \u00f6kologisch sinnvollen Altreifenverwertung.<\/p>\n<p>&#8218;Runderneuert&#8216; ist eine Initiative von <a href=\"https:\/\/azur-netzwerk.de\" target=\"_blank\" rel=\"noopener\">AZuR<\/a> bestehend aus engagierten Unternehmen, die gemeinsam als Projektgruppe Flottenbetreiber, Unternehmer und Endverbraucher, aber auch die Politik und Kommunen \u00fcber die Vorteile der Runderneuerung aufkl\u00e4rt. Die Reifenrunderneuerung ist eine hervorragende und erprobte L\u00f6sung der Altreifenverwertung im Sinne der Circular Economy. Um die Runderneuerung in den Fokus der \u00d6ffentlichkeit zu r\u00fccken, hat die Projektgruppe die Informationswebsite <a href=\"https:\/\/runderneuert.de\" target=\"_blank\" rel=\"noopener\">runderneuert.de<\/a> ins Leben gerufen und beim Fraunhofer Institut Umsicht eine \u00d6kobilanz in Auftrag gegeben, die aktuelle Zahlen zum Rollwiderstand und zur Laufleistung von runderneuerten Reifen liefern soll. Beim Zukunftskongress liegen voraussichtlich erste Daten der Studie vor, die am Stand von AZuR bestimmt f\u00fcr Gespr\u00e4chsstoff sorgen werden.<\/p>\n<p>Der Dekra Zukunftskongress Nutzfahrzeuge gilt als eine der wichtigsten Veranstaltungen der Transport- und Logistikbranche. Eigentlich sollte der Kongress bereits Ende 2021 stattfinden, wurde aber pandemiebedingt abgesagt und auf den 2. und 3. Juni 2022 verschoben. Bei der Pr\u00e4senzveranstaltung erwartet die Besucher ein vielf\u00e4ltiges Programm aus Fachausstellung, Vortr\u00e4gen, Workshops und Podiumsdiskussionen<\/p>\n<blockquote><p>\u201eDer Zukunftskongress bietet eine tolle Plattform f\u00fcr den Austausch zwischen Experten der Branche. Wir freuen uns darauf, vor Ort dabei zu sein und unsere Ideen f\u00fcr eine nachhaltige Altreifenentsorgung an unserem Stand pr\u00e4sentieren zu k\u00f6nnen\u201c, sagt Christina Guth von AZuR.<\/p><\/blockquote>\n<div class=\"infobox box-grey\"><\/p>\n<h4>\u00dcber &#8218;Runderneuert&#8216;<\/h4>\n<p>&#8218;Runderneuert&#8216; ist eine Initiative des Innovationsforums Altreifen-Recycling AZuR (Allianz Zukunft Reifen), das sich mit vielen Partnern aus dem Reifensegment branchen\u00fcbergreifend f\u00fcr eine verantwortungsvolle, umweltbewusste Altreifenverwertung einsetzt. Im Rahmen des Runderneuerungsprojekts \u201e\u00d6kologische und \u00f6konomische Bilanzierung der Runderneuerung von Fahrzeugaltreifen\u201c, das von der Deutschen Bundesstiftung Umwelt (DBU) gef\u00f6rdert wird, hat AZuR die Initiative \u201eRunderneuert\u201c ins Leben gerufen, um die Runderneuerung in den Fokus zu r\u00fccken und ihr Potenzial f\u00fcr den Umweltschutz bekannter zu machen \u2013 f\u00fcr eine erweiterte Kreislaufwirtschaft, in der Produkte m\u00f6glichst lange und effizient genutzt werden. (www.runderneuert.de)<\/p>\n<h4>\u00dcber das Innovationsforum Altreifen-Recycling AZuR<\/h4>\n<p>Die Entsorgungsproblematik in Deutschland steigt. Der Markt des Altreifen-Recyclings ist im Umbruch. Altreifen und Altgummi in Zukunft vollumf\u00e4nglich wiederzuverwerten und gleichzeitig das Aufkommen an Altreifen zu reduzieren \u2013 das ist das hoch gesteckte Ziel des Innovationsforums Altreifen-Recycling. Ziel ist die Initiierung eines interdisziplin\u00e4ren Netzwerkes aus Wirtschaft und Wissenschaft auf dem Innovationsfeld. Es soll eine branchen\u00fcbergreifende Vernetzung der verschiedenen Akteure und Akteurinnen aus Wirtschaft und Wissenschaft in der \u201eAltreifen-Branche\u201c angesto\u00dfen werden, um die Voraussetzungen gerade f\u00fcr kleine und mittlere Unternehmen zum Beispiel f\u00fcr neue Produkte, Absatzm\u00e4rkte und die Entwicklung neuer Gesch\u00e4ftsmodelle zu verbessern. Seit seiner Gr\u00fcndung im Jahr 2020 wurde AZuR zehn Monate durch das Bundesministerium f\u00fcr Bildung und Forschung (BMBF) gef\u00f6rdert. Seit Juni 2021 wird das Netzwerk unter der Schirmherrschaft des wdk eigenfinanziert fortgef\u00fchrt. (www.azur-netzwerk.de)<\/p>\n<p><\/div>\n\r\n\t\t\t\t<div class=\"post-author\">\r\n\t\t\t\t\t<div class=\"khm-cp-author clearfix\">\r\n\t\t\t\t\t\t<div class=\"khm-cp-author__content\">\r\n\t\t\t\t\t\t\t\tKontakt zum Autor:<br \/>\r\n\t\t\t\t\t\t\t\t<strong>Georg Blenk<\/strong>, 08247 \/ 3007-45 |  <a href=\"mailto:georg.blenk@krafthand-medien.de\">georg.blenk@krafthand-medien.de<\/a>\r\n\t\t\t\t\t\t\t<div class=\"khm-cp-author__image\">\r\n\t\t\t\t\t\t<img src=\"https:\/\/static.krafthand-truck.de\/uploads\/2021\/01\/Blenk_6104-250x300-1-removebg-preview.png\" class=\"img-responsive\">\r\n\t\t\t\t\t<\/div>\r\n\t\t\t\t\t\t<\/div>\r\n\t\t\t\t\t<\/div>\r\n\t\t\t\t<\/div>\r\n\t\t\t\t","protected":false},"excerpt":{"rendered":"<p>Das Netzwerk AZuR und die Initiative &#8218;Runderneuert&#8216; pr\u00e4sentieren auf dem Zukunftskongress Nutzfahrzeuge 2022 in Berlin nachhaltige Wege des Altreifenrecyclings. <span class=\"excerpt-more__dots\">&#8230;<\/span> <a class=\"excerpt-more__link\" href=\"https:\/\/www.krafthand.de\/truck\/artikel\/runderneuerte-im-fokus-azur-auf-dem-zukunftskongress-nutzfahrzeuge-in-berlin-32347\/\" >weiter<\/a><\/p>\n","protected":false},"author":9,"featured_media":32350,"comment_status":"closed","ping_status":"closed","sticky":false,"template":"","format":"standard","meta":{"footnotes":""},"categories":[4227,4236,4245],"tags":[5198,5197,4110,298],"settings":[3524,4766,3523],"class_list":["post-32347","post","type-post","status-publish","format-standard","has-post-thumbnail","hentry","category-rad-reifen-bremse","category-veranstaltungen","category-verbaende","tag-altreifen","tag-azur","tag-recycling","tag-runderneuerung"],"yoast_head":"<!-- This site is optimized with the Yoast SEO plugin v27.3 - https:\/\/yoast.com\/product\/yoast-seo-wordpress\/ -->\n<title>AZuR I Initiative Runderneuert I Zukunftskongress Nutzfahrzeuge<\/title>\n<meta name=\"description\" content=\"Das Netzwerk AZuR und die Initiative &#039;Runderneuert&#039; pr\u00e4sentieren auf dem Zukunftskongress Nutzfahrzeuge 2022 Wege des Altreifenrecyclings.\" \/>\n<meta name=\"robots\" content=\"index, follow, max-snippet:-1, max-image-preview:large, max-video-preview:-1\" \/>\n<link rel=\"canonical\" href=\"https:\/\/www.krafthand.de\/truck\/artikel\/runderneuerte-im-fokus-azur-auf-dem-zukunftskongress-nutzfahrzeuge-in-berlin-32347\/\" \/>\n<meta property=\"og:locale\" content=\"de_DE\" \/>\n<meta property=\"og:type\" content=\"article\" \/>\n<meta property=\"og:title\" content=\"AZuR I Initiative Runderneuert I Zukunftskongress Nutzfahrzeuge\" \/>\n<meta property=\"og:description\" content=\"Das Netzwerk AZuR und die Initiative &#039;Runderneuert&#039; pr\u00e4sentieren auf dem Zukunftskongress Nutzfahrzeuge 2022 Wege des Altreifenrecyclings.\" \/>\n<meta property=\"og:url\" content=\"https:\/\/www.krafthand-truck.de\/artikel\/runderneuerte-im-fokus-azur-auf-dem-zukunftskongress-nutzfahrzeuge-in-berlin-32347\/\" \/>\n<meta property=\"og:site_name\" content=\"Krafthand-Truck\" \/>\n<meta property=\"article:published_time\" content=\"2022-05-10T10:27:35+00:00\" \/>\n<meta property=\"og:image\" content=\"https:\/\/static.krafthand-truck.de\/uploads\/2022\/05\/Marangoni_Fertigung_AzuR_Lkw_Reifen_Runderneuerung.jpg\" \/>\n\t<meta property=\"og:image:width\" content=\"1200\" \/>\n\t<meta property=\"og:image:height\" content=\"687\" \/>\n\t<meta property=\"og:image:type\" content=\"image\/jpeg\" \/>\n<meta name=\"author\" content=\"georg.blenk@krafthand-medien.de\" \/>\n<meta name=\"twitter:card\" content=\"summary_large_image\" \/>\n<meta name=\"twitter:label1\" content=\"Verfasst von\" \/>\n\t<meta name=\"twitter:data1\" content=\"georg.blenk@krafthand-medien.de\" \/>\n\t<meta name=\"twitter:label2\" content=\"Gesch\u00e4tzte Lesezeit\" \/>\n\t<meta name=\"twitter:data2\" content=\"3\u00a0Minuten\" \/>\n<script type=\"application\/ld+json\" class=\"yoast-schema-graph\">{\"@context\":\"https:\\\/\\\/schema.org\",\"@graph\":[{\"@type\":\"Article\",\"@id\":\"https:\\\/\\\/www.krafthand.de\\\/truck\\\/artikel\\\/runderneuerte-im-fokus-azur-auf-dem-zukunftskongress-nutzfahrzeuge-in-berlin-32347\\\/#article\",\"isPartOf\":{\"@id\":\"https:\\\/\\\/www.krafthand.de\\\/truck\\\/artikel\\\/runderneuerte-im-fokus-azur-auf-dem-zukunftskongress-nutzfahrzeuge-in-berlin-32347\\\/\"},\"author\":{\"name\":\"georg.blenk@krafthand-medien.de\",\"@id\":\"https:\\\/\\\/www.krafthand.de\\\/truck\\\/#\\\/schema\\\/person\\\/51fa80b1c57034c4bf63f9f988fc24ce\"},\"headline\":\"Runderneuerte im Fokus: AZuR auf dem Zukunftskongress Nutzfahrzeuge in Berlin\",\"datePublished\":\"2022-05-10T10:27:35+00:00\",\"mainEntityOfPage\":{\"@id\":\"https:\\\/\\\/www.krafthand.de\\\/truck\\\/artikel\\\/runderneuerte-im-fokus-azur-auf-dem-zukunftskongress-nutzfahrzeuge-in-berlin-32347\\\/\"},\"wordCount\":540,\"image\":{\"@id\":\"https:\\\/\\\/www.krafthand.de\\\/truck\\\/artikel\\\/runderneuerte-im-fokus-azur-auf-dem-zukunftskongress-nutzfahrzeuge-in-berlin-32347\\\/#primaryimage\"},\"thumbnailUrl\":\"https:\\\/\\\/static.krafthand-truck.de\\\/uploads\\\/2022\\\/05\\\/Marangoni_Fertigung_AzuR_Lkw_Reifen_Runderneuerung.jpg\",\"keywords\":[\"Altreifen\",\"AzuR\",\"Recycling\",\"Runderneuerung\"],\"articleSection\":[\"Rad\\\/Reifen\\\/Bremse\",\"Veranstaltungen\\\/Messen\",\"Verb\u00e4nde\\\/Politik\\\/Recht\"],\"inLanguage\":\"de\"},{\"@type\":\"WebPage\",\"@id\":\"https:\\\/\\\/www.krafthand.de\\\/truck\\\/artikel\\\/runderneuerte-im-fokus-azur-auf-dem-zukunftskongress-nutzfahrzeuge-in-berlin-32347\\\/\",\"url\":\"https:\\\/\\\/www.krafthand.de\\\/truck\\\/artikel\\\/runderneuerte-im-fokus-azur-auf-dem-zukunftskongress-nutzfahrzeuge-in-berlin-32347\\\/\",\"name\":\"AZuR I Initiative Runderneuert I Zukunftskongress Nutzfahrzeuge\",\"isPartOf\":{\"@id\":\"https:\\\/\\\/www.krafthand.de\\\/truck\\\/#website\"},\"primaryImageOfPage\":{\"@id\":\"https:\\\/\\\/www.krafthand.de\\\/truck\\\/artikel\\\/runderneuerte-im-fokus-azur-auf-dem-zukunftskongress-nutzfahrzeuge-in-berlin-32347\\\/#primaryimage\"},\"image\":{\"@id\":\"https:\\\/\\\/www.krafthand.de\\\/truck\\\/artikel\\\/runderneuerte-im-fokus-azur-auf-dem-zukunftskongress-nutzfahrzeuge-in-berlin-32347\\\/#primaryimage\"},\"thumbnailUrl\":\"https:\\\/\\\/static.krafthand-truck.de\\\/uploads\\\/2022\\\/05\\\/Marangoni_Fertigung_AzuR_Lkw_Reifen_Runderneuerung.jpg\",\"datePublished\":\"2022-05-10T10:27:35+00:00\",\"author\":{\"@id\":\"https:\\\/\\\/www.krafthand.de\\\/truck\\\/#\\\/schema\\\/person\\\/51fa80b1c57034c4bf63f9f988fc24ce\"},\"description\":\"Das Netzwerk AZuR und die Initiative 'Runderneuert' pr\u00e4sentieren auf dem Zukunftskongress Nutzfahrzeuge 2022 Wege des Altreifenrecyclings.\",\"breadcrumb\":{\"@id\":\"https:\\\/\\\/www.krafthand.de\\\/truck\\\/artikel\\\/runderneuerte-im-fokus-azur-auf-dem-zukunftskongress-nutzfahrzeuge-in-berlin-32347\\\/#breadcrumb\"},\"inLanguage\":\"de\",\"potentialAction\":[{\"@type\":\"ReadAction\",\"target\":[\"https:\\\/\\\/www.krafthand.de\\\/truck\\\/artikel\\\/runderneuerte-im-fokus-azur-auf-dem-zukunftskongress-nutzfahrzeuge-in-berlin-32347\\\/\"]}]},{\"@type\":\"ImageObject\",\"inLanguage\":\"de\",\"@id\":\"https:\\\/\\\/www.krafthand.de\\\/truck\\\/artikel\\\/runderneuerte-im-fokus-azur-auf-dem-zukunftskongress-nutzfahrzeuge-in-berlin-32347\\\/#primaryimage\",\"url\":\"https:\\\/\\\/static.krafthand-truck.de\\\/uploads\\\/2022\\\/05\\\/Marangoni_Fertigung_AzuR_Lkw_Reifen_Runderneuerung.jpg\",\"contentUrl\":\"https:\\\/\\\/static.krafthand-truck.de\\\/uploads\\\/2022\\\/05\\\/Marangoni_Fertigung_AzuR_Lkw_Reifen_Runderneuerung.jpg\",\"width\":1200,\"height\":687},{\"@type\":\"BreadcrumbList\",\"@id\":\"https:\\\/\\\/www.krafthand.de\\\/truck\\\/artikel\\\/runderneuerte-im-fokus-azur-auf-dem-zukunftskongress-nutzfahrzeuge-in-berlin-32347\\\/#breadcrumb\",\"itemListElement\":[{\"@type\":\"ListItem\",\"position\":1,\"name\":\"Krafthand-Truck\",\"item\":\"https:\\\/\\\/www.krafthand.de\\\/truck\\\/\"},{\"@type\":\"ListItem\",\"position\":2,\"name\":\"Nfz-Branche\",\"item\":\"https:\\\/\\\/www.krafthand.de\\\/truck\\\/kategorie\\\/branche\\\/\"},{\"@type\":\"ListItem\",\"position\":3,\"name\":\"Verb\u00e4nde\\\/Politik\\\/Recht\",\"item\":\"https:\\\/\\\/www.krafthand.de\\\/truck\\\/kategorie\\\/branche\\\/verbaende\\\/\"},{\"@type\":\"ListItem\",\"position\":4,\"name\":\"Runderneuerte im Fokus: AZuR auf dem Zukunftskongress Nutzfahrzeuge in Berlin\"}]},{\"@type\":\"WebSite\",\"@id\":\"https:\\\/\\\/www.krafthand.de\\\/truck\\\/#website\",\"url\":\"https:\\\/\\\/www.krafthand.de\\\/truck\\\/\",\"name\":\"Krafthand-Truck\",\"description\":\"\",\"potentialAction\":[{\"@type\":\"SearchAction\",\"target\":{\"@type\":\"EntryPoint\",\"urlTemplate\":\"https:\\\/\\\/www.krafthand.de\\\/truck\\\/?s={search_term_string}\"},\"query-input\":{\"@type\":\"PropertyValueSpecification\",\"valueRequired\":true,\"valueName\":\"search_term_string\"}}],\"inLanguage\":\"de\"},{\"@type\":\"Person\",\"@id\":\"https:\\\/\\\/www.krafthand.de\\\/truck\\\/#\\\/schema\\\/person\\\/51fa80b1c57034c4bf63f9f988fc24ce\",\"name\":\"georg.blenk@krafthand-medien.de\",\"image\":{\"@type\":\"ImageObject\",\"inLanguage\":\"de\",\"@id\":\"https:\\\/\\\/secure.gravatar.com\\\/avatar\\\/93713c30affe0aa95d3a4130e499bb1abee2eb31adbdd9ce2aa1543538490215?s=96&d=mm&r=g\",\"url\":\"https:\\\/\\\/secure.gravatar.com\\\/avatar\\\/93713c30affe0aa95d3a4130e499bb1abee2eb31adbdd9ce2aa1543538490215?s=96&d=mm&r=g\",\"contentUrl\":\"https:\\\/\\\/secure.gravatar.com\\\/avatar\\\/93713c30affe0aa95d3a4130e499bb1abee2eb31adbdd9ce2aa1543538490215?s=96&d=mm&r=g\",\"caption\":\"georg.blenk@krafthand-medien.de\"}}]}<\/script>\n<!-- \/ Yoast SEO plugin. -->","yoast_head_json":{"title":"AZuR I Initiative Runderneuert I Zukunftskongress Nutzfahrzeuge","description":"Das Netzwerk AZuR und die Initiative 'Runderneuert' pr\u00e4sentieren auf dem Zukunftskongress Nutzfahrzeuge 2022 Wege des Altreifenrecyclings.","robots":{"index":"index","follow":"follow","max-snippet":"max-snippet:-1","max-image-preview":"max-image-preview:large","max-video-preview":"max-video-preview:-1"},"canonical":"https:\/\/www.krafthand.de\/truck\/artikel\/runderneuerte-im-fokus-azur-auf-dem-zukunftskongress-nutzfahrzeuge-in-berlin-32347\/","og_locale":"de_DE","og_type":"article","og_title":"AZuR I Initiative Runderneuert I Zukunftskongress Nutzfahrzeuge","og_description":"Das Netzwerk AZuR und die Initiative 'Runderneuert' pr\u00e4sentieren auf dem Zukunftskongress Nutzfahrzeuge 2022 Wege des Altreifenrecyclings.","og_url":"https:\/\/www.krafthand-truck.de\/artikel\/runderneuerte-im-fokus-azur-auf-dem-zukunftskongress-nutzfahrzeuge-in-berlin-32347\/","og_site_name":"Krafthand-Truck","article_published_time":"2022-05-10T10:27:35+00:00","og_image":[{"width":1200,"height":687,"url":"https:\/\/static.krafthand-truck.de\/uploads\/2022\/05\/Marangoni_Fertigung_AzuR_Lkw_Reifen_Runderneuerung.jpg","type":"image\/jpeg"}],"author":"georg.blenk@krafthand-medien.de","twitter_card":"summary_large_image","twitter_misc":{"Verfasst von":"georg.blenk@krafthand-medien.de","Gesch\u00e4tzte Lesezeit":"3\u00a0Minuten"},"schema":{"@context":"https:\/\/schema.org","@graph":[{"@type":"Article","@id":"https:\/\/www.krafthand.de\/truck\/artikel\/runderneuerte-im-fokus-azur-auf-dem-zukunftskongress-nutzfahrzeuge-in-berlin-32347\/#article","isPartOf":{"@id":"https:\/\/www.krafthand.de\/truck\/artikel\/runderneuerte-im-fokus-azur-auf-dem-zukunftskongress-nutzfahrzeuge-in-berlin-32347\/"},"author":{"name":"georg.blenk@krafthand-medien.de","@id":"https:\/\/www.krafthand.de\/truck\/#\/schema\/person\/51fa80b1c57034c4bf63f9f988fc24ce"},"headline":"Runderneuerte im Fokus: AZuR auf dem Zukunftskongress Nutzfahrzeuge in Berlin","datePublished":"2022-05-10T10:27:35+00:00","mainEntityOfPage":{"@id":"https:\/\/www.krafthand.de\/truck\/artikel\/runderneuerte-im-fokus-azur-auf-dem-zukunftskongress-nutzfahrzeuge-in-berlin-32347\/"},"wordCount":540,"image":{"@id":"https:\/\/www.krafthand.de\/truck\/artikel\/runderneuerte-im-fokus-azur-auf-dem-zukunftskongress-nutzfahrzeuge-in-berlin-32347\/#primaryimage"},"thumbnailUrl":"https:\/\/static.krafthand-truck.de\/uploads\/2022\/05\/Marangoni_Fertigung_AzuR_Lkw_Reifen_Runderneuerung.jpg","keywords":["Altreifen","AzuR","Recycling","Runderneuerung"],"articleSection":["Rad\/Reifen\/Bremse","Veranstaltungen\/Messen","Verb\u00e4nde\/Politik\/Recht"],"inLanguage":"de"},{"@type":"WebPage","@id":"https:\/\/www.krafthand.de\/truck\/artikel\/runderneuerte-im-fokus-azur-auf-dem-zukunftskongress-nutzfahrzeuge-in-berlin-32347\/","url":"https:\/\/www.krafthand.de\/truck\/artikel\/runderneuerte-im-fokus-azur-auf-dem-zukunftskongress-nutzfahrzeuge-in-berlin-32347\/","name":"AZuR I Initiative Runderneuert I Zukunftskongress Nutzfahrzeuge","isPartOf":{"@id":"https:\/\/www.krafthand.de\/truck\/#website"},"primaryImageOfPage":{"@id":"https:\/\/www.krafthand.de\/truck\/artikel\/runderneuerte-im-fokus-azur-auf-dem-zukunftskongress-nutzfahrzeuge-in-berlin-32347\/#primaryimage"},"image":{"@id":"https:\/\/www.krafthand.de\/truck\/artikel\/runderneuerte-im-fokus-azur-auf-dem-zukunftskongress-nutzfahrzeuge-in-berlin-32347\/#primaryimage"},"thumbnailUrl":"https:\/\/static.krafthand-truck.de\/uploads\/2022\/05\/Marangoni_Fertigung_AzuR_Lkw_Reifen_Runderneuerung.jpg","datePublished":"2022-05-10T10:27:35+00:00","author":{"@id":"https:\/\/www.krafthand.de\/truck\/#\/schema\/person\/51fa80b1c57034c4bf63f9f988fc24ce"},"description":"Das Netzwerk AZuR und die Initiative 'Runderneuert' pr\u00e4sentieren auf dem Zukunftskongress Nutzfahrzeuge 2022 Wege des Altreifenrecyclings.","breadcrumb":{"@id":"https:\/\/www.krafthand.de\/truck\/artikel\/runderneuerte-im-fokus-azur-auf-dem-zukunftskongress-nutzfahrzeuge-in-berlin-32347\/#breadcrumb"},"inLanguage":"de","potentialAction":[{"@type":"ReadAction","target":["https:\/\/www.krafthand.de\/truck\/artikel\/runderneuerte-im-fokus-azur-auf-dem-zukunftskongress-nutzfahrzeuge-in-berlin-32347\/"]}]},{"@type":"ImageObject","inLanguage":"de","@id":"https:\/\/www.krafthand.de\/truck\/artikel\/runderneuerte-im-fokus-azur-auf-dem-zukunftskongress-nutzfahrzeuge-in-berlin-32347\/#primaryimage","url":"https:\/\/static.krafthand-truck.de\/uploads\/2022\/05\/Marangoni_Fertigung_AzuR_Lkw_Reifen_Runderneuerung.jpg","contentUrl":"https:\/\/static.krafthand-truck.de\/uploads\/2022\/05\/Marangoni_Fertigung_AzuR_Lkw_Reifen_Runderneuerung.jpg","width":1200,"height":687},{"@type":"BreadcrumbList","@id":"https:\/\/www.krafthand.de\/truck\/artikel\/runderneuerte-im-fokus-azur-auf-dem-zukunftskongress-nutzfahrzeuge-in-berlin-32347\/#breadcrumb","itemListElement":[{"@type":"ListItem","position":1,"name":"Krafthand-Truck","item":"https:\/\/www.krafthand.de\/truck\/"},{"@type":"ListItem","position":2,"name":"Nfz-Branche","item":"https:\/\/www.krafthand.de\/truck\/kategorie\/branche\/"},{"@type":"ListItem","position":3,"name":"Verb\u00e4nde\/Politik\/Recht","item":"https:\/\/www.krafthand.de\/truck\/kategorie\/branche\/verbaende\/"},{"@type":"ListItem","position":4,"name":"Runderneuerte im Fokus: AZuR auf dem Zukunftskongress Nutzfahrzeuge in Berlin"}]},{"@type":"WebSite","@id":"https:\/\/www.krafthand.de\/truck\/#website","url":"https:\/\/www.krafthand.de\/truck\/","name":"Krafthand-Truck","description":"","potentialAction":[{"@type":"SearchAction","target":{"@type":"EntryPoint","urlTemplate":"https:\/\/www.krafthand.de\/truck\/?s={search_term_string}"},"query-input":{"@type":"PropertyValueSpecification","valueRequired":true,"valueName":"search_term_string"}}],"inLanguage":"de"},{"@type":"Person","@id":"https:\/\/www.krafthand.de\/truck\/#\/schema\/person\/51fa80b1c57034c4bf63f9f988fc24ce","name":"georg.blenk@krafthand-medien.de","image":{"@type":"ImageObject","inLanguage":"de","@id":"https:\/\/secure.gravatar.com\/avatar\/93713c30affe0aa95d3a4130e499bb1abee2eb31adbdd9ce2aa1543538490215?s=96&d=mm&r=g","url":"https:\/\/secure.gravatar.com\/avatar\/93713c30affe0aa95d3a4130e499bb1abee2eb31adbdd9ce2aa1543538490215?s=96&d=mm&r=g","contentUrl":"https:\/\/secure.gravatar.com\/avatar\/93713c30affe0aa95d3a4130e499bb1abee2eb31adbdd9ce2aa1543538490215?s=96&d=mm&r=g","caption":"georg.blenk@krafthand-medien.de"}}]}},"_links":{"self":[{"href":"https:\/\/www.krafthand.de\/truck\/wp-json\/wp\/v2\/posts\/32347","targetHints":{"allow":["GET"]}}],"collection":[{"href":"https:\/\/www.krafthand.de\/truck\/wp-json\/wp\/v2\/posts"}],"about":[{"href":"https:\/\/www.krafthand.de\/truck\/wp-json\/wp\/v2\/types\/post"}],"author":[{"embeddable":true,"href":"https:\/\/www.krafthand.de\/truck\/wp-json\/wp\/v2\/users\/9"}],"replies":[{"embeddable":true,"href":"https:\/\/www.krafthand.de\/truck\/wp-json\/wp\/v2\/comments?post=32347"}],"version-history":[{"count":3,"href":"https:\/\/www.krafthand.de\/truck\/wp-json\/wp\/v2\/posts\/32347\/revisions"}],"predecessor-version":[{"id":32351,"href":"https:\/\/www.krafthand.de\/truck\/wp-json\/wp\/v2\/posts\/32347\/revisions\/32351"}],"wp:featuredmedia":[{"embeddable":true,"href":"https:\/\/www.krafthand.de\/truck\/wp-json\/wp\/v2\/media\/32350"}],"wp:attachment":[{"href":"https:\/\/www.krafthand.de\/truck\/wp-json\/wp\/v2\/media?parent=32347"}],"wp:term":[{"taxonomy":"category","embeddable":true,"href":"https:\/\/www.krafthand.de\/truck\/wp-json\/wp\/v2\/categories?post=32347"},{"taxonomy":"post_tag","embeddable":true,"href":"https:\/\/www.krafthand.de\/truck\/wp-json\/wp\/v2\/tags?post=32347"},{"taxonomy":"settings","embeddable":true,"href":"https:\/\/www.krafthand.de\/truck\/wp-json\/wp\/v2\/settings?post=32347"}],"curies":[{"name":"wp","href":"https:\/\/api.w.org\/{rel}","templated":true}]}}