{"id":32292,"date":"2022-05-06T13:29:30","date_gmt":"2022-05-06T11:29:30","guid":{"rendered":"https:\/\/www.krafthand.de\/truck\/?p=32292"},"modified":"2022-05-06T13:29:58","modified_gmt":"2022-05-06T11:29:58","slug":"texa-20-jahre-mehrmarken-lkw-diagnose","status":"publish","type":"post","link":"https:\/\/www.krafthand.de\/truck\/artikel\/texa-20-jahre-mehrmarken-lkw-diagnose-32292\/","title":{"rendered":"TEXA: 20 Jahre Mehrmarken-Lkw-Diagnose"},"content":{"rendered":"<p>TEXA feiert in diesem Jahr sein 20-j\u00e4hriges Jubil\u00e4um im Bereich der Multimarken-Diagnose f\u00fcr Nutzfahrzeuge. Ein langer Weg aus Projekten, Intuitionen und gro\u00dfen Vertriebserfolgen, die es dem Unternehmen \u00a0erm\u00f6glicht habe, sich als Referenz f\u00fcr Nfz-Mechatroniker weltweit zu etablieren. Dies sei laut TEXA auch der Forschungs- und Entwicklungst\u00e4tigkeit zu verdanken, die von einem Team aus Entwicklern, Pr\u00fcfern, technischen Redakteuren und dem Produktsupport an Industriefahrzeugen, leichten Nutzfahrzeugen, Bussen, Transportern, Anh\u00e4ngern und Aufliegern durchgef\u00fchrt wird. In zwanzig Jahren hat <a href=\"https:\/\/www.texadeutschland.com\" target=\"_blank\" rel=\"noopener\">TEXA<\/a> eigenen Angaben zufolge mehr als 60.000 Diagnoseger\u00e4te produziert.<\/p>\n<p>Die Erfolgsgeschichte begann im Jahr 2002 anl\u00e4sslich der Transpotec in Verona, der Messe f\u00fcr Transport- und Logistikdienstleistungen, mit der allerersten Pr\u00e4sentation der Diagnose eines Nutzfahrzeug-Bremssystems. Die zahlreichen positiven R\u00fcckmeldungen waren laut TEXA damals ein erster Indikator f\u00fcr das gro\u00dfe Potenzial des Nutzfahrzeugmarktes.\u00a0 TEXA entschied sich damals daf\u00fcr, den Weg fortzusetzen und ein neues Entwicklungsprojekt ins Leben zu rufen.<\/p>\n<p>Mit der ersten TEXA-L\u00f6sung konnte der Nfz-Profi nur die vom Steuerger\u00e4t angezeigten Fehler interpretieren, aber mit den weiteren Entwicklungen war er bereits in der Lage, immer fortschrittlichere Funktionen wie die Neuprogrammierung auszuf\u00fchren. Die Software wurde weiterentwickelt und hat heute eine Abdeckung von \u00fcber 200 Marken erreicht. Hervorzuheben ist auch die Integration grafischer L\u00f6sungen wie Dashboards, die es erm\u00f6glichen, die technischen Parameter der Fahrzeuge in Echtzeit zu studieren. Zusammen mit den Diagnosewerkzeugen begann TEXA auch mit der Entwicklung eines Schulungspakets f\u00fcr Anwender und eines Call-Center-Service, um kontinuierliche Unterst\u00fctzung zu bieten.<\/p>\n<blockquote><p>\u201eIm Jahr 2002 konnte die Entscheidung, in Diagnoseger\u00e4te f\u00fcr schwere Fahrzeuge zu investieren, wie ein Gl\u00fccksspiel erscheinen. Heute, zwanzig Jahre sp\u00e4ter, kann ich mit Stolz sagen, dass wir f\u00fcr unsere Bem\u00fchungen voll und ganz belohnt wurden&#8220;, erz\u00e4hlt Bruno Vianello, Pr\u00e4sident von TEXA.&#8220;<\/p><\/blockquote>\n","protected":false},"excerpt":{"rendered":"<p>TEXA feiert in diesem Jahr sein 20-j\u00e4hriges Jubil\u00e4um im Bereich der Multimarken-Diagnose f\u00fcr Nutzfahrzeuge. In zwanzig Jahren hat TEXA eigenen Angaben zufolge mehr als 60.000 Diagnoseger\u00e4te produziert. <span class=\"excerpt-more__dots\">&#8230;<\/span> <a class=\"excerpt-more__link\" href=\"https:\/\/www.krafthand.de\/truck\/artikel\/texa-20-jahre-mehrmarken-lkw-diagnose-32292\/\" >weiter<\/a><\/p>\n","protected":false},"author":9,"featured_media":32296,"comment_status":"closed","ping_status":"closed","sticky":false,"template":"","format":"standard","meta":{"footnotes":""},"categories":[4216,4220],"tags":[5192,1593],"settings":[4766,3523],"class_list":["post-32292","post","type-post","status-publish","format-standard","has-post-thumbnail","hentry","category-nfz-service","category-werkstattausruestung","tag-nfz-diagnose","tag-texa"],"yoast_head":"<!-- This site is optimized with the Yoast SEO plugin v27.3 - https:\/\/yoast.com\/product\/yoast-seo-wordpress\/ -->\n<title>20 Jahre TEXA-Lkw-Diagnose I Krafthand-Truck<\/title>\n<meta name=\"description\" content=\"TEXA feiert in diesem Jahr sein 20-j\u00e4hriges Jubil\u00e4um im Bereich der Multimarken-Diagnose f\u00fcr Nutzfahrzeuge.\" \/>\n<meta name=\"robots\" content=\"index, follow, max-snippet:-1, max-image-preview:large, max-video-preview:-1\" \/>\n<link rel=\"canonical\" href=\"https:\/\/www.krafthand.de\/truck\/artikel\/texa-20-jahre-mehrmarken-lkw-diagnose-32292\/\" \/>\n<meta property=\"og:locale\" content=\"de_DE\" \/>\n<meta property=\"og:type\" content=\"article\" \/>\n<meta property=\"og:title\" content=\"20 Jahre TEXA-Lkw-Diagnose I Krafthand-Truck\" \/>\n<meta property=\"og:description\" content=\"TEXA feiert in diesem Jahr sein 20-j\u00e4hriges Jubil\u00e4um im Bereich der Multimarken-Diagnose f\u00fcr Nutzfahrzeuge.\" \/>\n<meta property=\"og:url\" content=\"https:\/\/www.krafthand-truck.de\/artikel\/texa-20-jahre-mehrmarken-lkw-diagnose-32292\/\" \/>\n<meta property=\"og:site_name\" content=\"Krafthand-Truck\" \/>\n<meta property=\"article:published_time\" content=\"2022-05-06T11:29:30+00:00\" \/>\n<meta property=\"article:modified_time\" content=\"2022-05-06T11:29:58+00:00\" \/>\n<meta property=\"og:image\" content=\"https:\/\/static.krafthand-truck.de\/uploads\/2022\/05\/TEXA_20_Jahre_Lkw_Diagnose.jpg\" \/>\n\t<meta property=\"og:image:width\" content=\"1200\" \/>\n\t<meta property=\"og:image:height\" content=\"934\" \/>\n\t<meta property=\"og:image:type\" content=\"image\/jpeg\" \/>\n<meta name=\"author\" content=\"georg.blenk@krafthand-medien.de\" \/>\n<meta name=\"twitter:card\" content=\"summary_large_image\" \/>\n<meta name=\"twitter:label1\" content=\"Verfasst von\" \/>\n\t<meta name=\"twitter:data1\" content=\"georg.blenk@krafthand-medien.de\" \/>\n\t<meta name=\"twitter:label2\" content=\"Gesch\u00e4tzte Lesezeit\" \/>\n\t<meta name=\"twitter:data2\" content=\"2\u00a0Minuten\" \/>\n<script type=\"application\/ld+json\" class=\"yoast-schema-graph\">{\"@context\":\"https:\\\/\\\/schema.org\",\"@graph\":[{\"@type\":\"Article\",\"@id\":\"https:\\\/\\\/www.krafthand.de\\\/truck\\\/artikel\\\/texa-20-jahre-mehrmarken-lkw-diagnose-32292\\\/#article\",\"isPartOf\":{\"@id\":\"https:\\\/\\\/www.krafthand.de\\\/truck\\\/artikel\\\/texa-20-jahre-mehrmarken-lkw-diagnose-32292\\\/\"},\"author\":{\"name\":\"georg.blenk@krafthand-medien.de\",\"@id\":\"https:\\\/\\\/www.krafthand.de\\\/truck\\\/#\\\/schema\\\/person\\\/51fa80b1c57034c4bf63f9f988fc24ce\"},\"headline\":\"TEXA: 20 Jahre Mehrmarken-Lkw-Diagnose\",\"datePublished\":\"2022-05-06T11:29:30+00:00\",\"dateModified\":\"2022-05-06T11:29:58+00:00\",\"mainEntityOfPage\":{\"@id\":\"https:\\\/\\\/www.krafthand.de\\\/truck\\\/artikel\\\/texa-20-jahre-mehrmarken-lkw-diagnose-32292\\\/\"},\"wordCount\":305,\"image\":{\"@id\":\"https:\\\/\\\/www.krafthand.de\\\/truck\\\/artikel\\\/texa-20-jahre-mehrmarken-lkw-diagnose-32292\\\/#primaryimage\"},\"thumbnailUrl\":\"https:\\\/\\\/static.krafthand-truck.de\\\/uploads\\\/2022\\\/05\\\/TEXA_20_Jahre_Lkw_Diagnose.jpg\",\"keywords\":[\"Nfz-Diagnose\",\"Texa\"],\"articleSection\":[\"Nfz-Service\",\"Werkstattausr\u00fcstung\"],\"inLanguage\":\"de\"},{\"@type\":\"WebPage\",\"@id\":\"https:\\\/\\\/www.krafthand.de\\\/truck\\\/artikel\\\/texa-20-jahre-mehrmarken-lkw-diagnose-32292\\\/\",\"url\":\"https:\\\/\\\/www.krafthand.de\\\/truck\\\/artikel\\\/texa-20-jahre-mehrmarken-lkw-diagnose-32292\\\/\",\"name\":\"20 Jahre TEXA-Lkw-Diagnose I Krafthand-Truck\",\"isPartOf\":{\"@id\":\"https:\\\/\\\/www.krafthand.de\\\/truck\\\/#website\"},\"primaryImageOfPage\":{\"@id\":\"https:\\\/\\\/www.krafthand.de\\\/truck\\\/artikel\\\/texa-20-jahre-mehrmarken-lkw-diagnose-32292\\\/#primaryimage\"},\"image\":{\"@id\":\"https:\\\/\\\/www.krafthand.de\\\/truck\\\/artikel\\\/texa-20-jahre-mehrmarken-lkw-diagnose-32292\\\/#primaryimage\"},\"thumbnailUrl\":\"https:\\\/\\\/static.krafthand-truck.de\\\/uploads\\\/2022\\\/05\\\/TEXA_20_Jahre_Lkw_Diagnose.jpg\",\"datePublished\":\"2022-05-06T11:29:30+00:00\",\"dateModified\":\"2022-05-06T11:29:58+00:00\",\"author\":{\"@id\":\"https:\\\/\\\/www.krafthand.de\\\/truck\\\/#\\\/schema\\\/person\\\/51fa80b1c57034c4bf63f9f988fc24ce\"},\"description\":\"TEXA feiert in diesem Jahr sein 20-j\u00e4hriges Jubil\u00e4um im Bereich der Multimarken-Diagnose f\u00fcr Nutzfahrzeuge.\",\"breadcrumb\":{\"@id\":\"https:\\\/\\\/www.krafthand.de\\\/truck\\\/artikel\\\/texa-20-jahre-mehrmarken-lkw-diagnose-32292\\\/#breadcrumb\"},\"inLanguage\":\"de\",\"potentialAction\":[{\"@type\":\"ReadAction\",\"target\":[\"https:\\\/\\\/www.krafthand.de\\\/truck\\\/artikel\\\/texa-20-jahre-mehrmarken-lkw-diagnose-32292\\\/\"]}]},{\"@type\":\"ImageObject\",\"inLanguage\":\"de\",\"@id\":\"https:\\\/\\\/www.krafthand.de\\\/truck\\\/artikel\\\/texa-20-jahre-mehrmarken-lkw-diagnose-32292\\\/#primaryimage\",\"url\":\"https:\\\/\\\/static.krafthand-truck.de\\\/uploads\\\/2022\\\/05\\\/TEXA_20_Jahre_Lkw_Diagnose.jpg\",\"contentUrl\":\"https:\\\/\\\/static.krafthand-truck.de\\\/uploads\\\/2022\\\/05\\\/TEXA_20_Jahre_Lkw_Diagnose.jpg\",\"width\":1200,\"height\":934},{\"@type\":\"BreadcrumbList\",\"@id\":\"https:\\\/\\\/www.krafthand.de\\\/truck\\\/artikel\\\/texa-20-jahre-mehrmarken-lkw-diagnose-32292\\\/#breadcrumb\",\"itemListElement\":[{\"@type\":\"ListItem\",\"position\":1,\"name\":\"Krafthand-Truck\",\"item\":\"https:\\\/\\\/www.krafthand.de\\\/truck\\\/\"},{\"@type\":\"ListItem\",\"position\":2,\"name\":\"Nfz-Service\",\"item\":\"https:\\\/\\\/www.krafthand.de\\\/truck\\\/kategorie\\\/nfz-service\\\/\"},{\"@type\":\"ListItem\",\"position\":3,\"name\":\"Werkstattausr\u00fcstung\",\"item\":\"https:\\\/\\\/www.krafthand.de\\\/truck\\\/kategorie\\\/nfz-service\\\/werkstattausruestung\\\/\"},{\"@type\":\"ListItem\",\"position\":4,\"name\":\"TEXA: 20 Jahre Mehrmarken-Lkw-Diagnose\"}]},{\"@type\":\"WebSite\",\"@id\":\"https:\\\/\\\/www.krafthand.de\\\/truck\\\/#website\",\"url\":\"https:\\\/\\\/www.krafthand.de\\\/truck\\\/\",\"name\":\"Krafthand-Truck\",\"description\":\"\",\"potentialAction\":[{\"@type\":\"SearchAction\",\"target\":{\"@type\":\"EntryPoint\",\"urlTemplate\":\"https:\\\/\\\/www.krafthand.de\\\/truck\\\/?s={search_term_string}\"},\"query-input\":{\"@type\":\"PropertyValueSpecification\",\"valueRequired\":true,\"valueName\":\"search_term_string\"}}],\"inLanguage\":\"de\"},{\"@type\":\"Person\",\"@id\":\"https:\\\/\\\/www.krafthand.de\\\/truck\\\/#\\\/schema\\\/person\\\/51fa80b1c57034c4bf63f9f988fc24ce\",\"name\":\"georg.blenk@krafthand-medien.de\",\"image\":{\"@type\":\"ImageObject\",\"inLanguage\":\"de\",\"@id\":\"https:\\\/\\\/secure.gravatar.com\\\/avatar\\\/93713c30affe0aa95d3a4130e499bb1abee2eb31adbdd9ce2aa1543538490215?s=96&d=mm&r=g\",\"url\":\"https:\\\/\\\/secure.gravatar.com\\\/avatar\\\/93713c30affe0aa95d3a4130e499bb1abee2eb31adbdd9ce2aa1543538490215?s=96&d=mm&r=g\",\"contentUrl\":\"https:\\\/\\\/secure.gravatar.com\\\/avatar\\\/93713c30affe0aa95d3a4130e499bb1abee2eb31adbdd9ce2aa1543538490215?s=96&d=mm&r=g\",\"caption\":\"georg.blenk@krafthand-medien.de\"}}]}<\/script>\n<!-- \/ Yoast SEO plugin. -->","yoast_head_json":{"title":"20 Jahre TEXA-Lkw-Diagnose I Krafthand-Truck","description":"TEXA feiert in diesem Jahr sein 20-j\u00e4hriges Jubil\u00e4um im Bereich der Multimarken-Diagnose f\u00fcr Nutzfahrzeuge.","robots":{"index":"index","follow":"follow","max-snippet":"max-snippet:-1","max-image-preview":"max-image-preview:large","max-video-preview":"max-video-preview:-1"},"canonical":"https:\/\/www.krafthand.de\/truck\/artikel\/texa-20-jahre-mehrmarken-lkw-diagnose-32292\/","og_locale":"de_DE","og_type":"article","og_title":"20 Jahre TEXA-Lkw-Diagnose I Krafthand-Truck","og_description":"TEXA feiert in diesem Jahr sein 20-j\u00e4hriges Jubil\u00e4um im Bereich der Multimarken-Diagnose f\u00fcr Nutzfahrzeuge.","og_url":"https:\/\/www.krafthand-truck.de\/artikel\/texa-20-jahre-mehrmarken-lkw-diagnose-32292\/","og_site_name":"Krafthand-Truck","article_published_time":"2022-05-06T11:29:30+00:00","article_modified_time":"2022-05-06T11:29:58+00:00","og_image":[{"width":1200,"height":934,"url":"https:\/\/static.krafthand-truck.de\/uploads\/2022\/05\/TEXA_20_Jahre_Lkw_Diagnose.jpg","type":"image\/jpeg"}],"author":"georg.blenk@krafthand-medien.de","twitter_card":"summary_large_image","twitter_misc":{"Verfasst von":"georg.blenk@krafthand-medien.de","Gesch\u00e4tzte Lesezeit":"2\u00a0Minuten"},"schema":{"@context":"https:\/\/schema.org","@graph":[{"@type":"Article","@id":"https:\/\/www.krafthand.de\/truck\/artikel\/texa-20-jahre-mehrmarken-lkw-diagnose-32292\/#article","isPartOf":{"@id":"https:\/\/www.krafthand.de\/truck\/artikel\/texa-20-jahre-mehrmarken-lkw-diagnose-32292\/"},"author":{"name":"georg.blenk@krafthand-medien.de","@id":"https:\/\/www.krafthand.de\/truck\/#\/schema\/person\/51fa80b1c57034c4bf63f9f988fc24ce"},"headline":"TEXA: 20 Jahre Mehrmarken-Lkw-Diagnose","datePublished":"2022-05-06T11:29:30+00:00","dateModified":"2022-05-06T11:29:58+00:00","mainEntityOfPage":{"@id":"https:\/\/www.krafthand.de\/truck\/artikel\/texa-20-jahre-mehrmarken-lkw-diagnose-32292\/"},"wordCount":305,"image":{"@id":"https:\/\/www.krafthand.de\/truck\/artikel\/texa-20-jahre-mehrmarken-lkw-diagnose-32292\/#primaryimage"},"thumbnailUrl":"https:\/\/static.krafthand-truck.de\/uploads\/2022\/05\/TEXA_20_Jahre_Lkw_Diagnose.jpg","keywords":["Nfz-Diagnose","Texa"],"articleSection":["Nfz-Service","Werkstattausr\u00fcstung"],"inLanguage":"de"},{"@type":"WebPage","@id":"https:\/\/www.krafthand.de\/truck\/artikel\/texa-20-jahre-mehrmarken-lkw-diagnose-32292\/","url":"https:\/\/www.krafthand.de\/truck\/artikel\/texa-20-jahre-mehrmarken-lkw-diagnose-32292\/","name":"20 Jahre TEXA-Lkw-Diagnose I Krafthand-Truck","isPartOf":{"@id":"https:\/\/www.krafthand.de\/truck\/#website"},"primaryImageOfPage":{"@id":"https:\/\/www.krafthand.de\/truck\/artikel\/texa-20-jahre-mehrmarken-lkw-diagnose-32292\/#primaryimage"},"image":{"@id":"https:\/\/www.krafthand.de\/truck\/artikel\/texa-20-jahre-mehrmarken-lkw-diagnose-32292\/#primaryimage"},"thumbnailUrl":"https:\/\/static.krafthand-truck.de\/uploads\/2022\/05\/TEXA_20_Jahre_Lkw_Diagnose.jpg","datePublished":"2022-05-06T11:29:30+00:00","dateModified":"2022-05-06T11:29:58+00:00","author":{"@id":"https:\/\/www.krafthand.de\/truck\/#\/schema\/person\/51fa80b1c57034c4bf63f9f988fc24ce"},"description":"TEXA feiert in diesem Jahr sein 20-j\u00e4hriges Jubil\u00e4um im Bereich der Multimarken-Diagnose f\u00fcr Nutzfahrzeuge.","breadcrumb":{"@id":"https:\/\/www.krafthand.de\/truck\/artikel\/texa-20-jahre-mehrmarken-lkw-diagnose-32292\/#breadcrumb"},"inLanguage":"de","potentialAction":[{"@type":"ReadAction","target":["https:\/\/www.krafthand.de\/truck\/artikel\/texa-20-jahre-mehrmarken-lkw-diagnose-32292\/"]}]},{"@type":"ImageObject","inLanguage":"de","@id":"https:\/\/www.krafthand.de\/truck\/artikel\/texa-20-jahre-mehrmarken-lkw-diagnose-32292\/#primaryimage","url":"https:\/\/static.krafthand-truck.de\/uploads\/2022\/05\/TEXA_20_Jahre_Lkw_Diagnose.jpg","contentUrl":"https:\/\/static.krafthand-truck.de\/uploads\/2022\/05\/TEXA_20_Jahre_Lkw_Diagnose.jpg","width":1200,"height":934},{"@type":"BreadcrumbList","@id":"https:\/\/www.krafthand.de\/truck\/artikel\/texa-20-jahre-mehrmarken-lkw-diagnose-32292\/#breadcrumb","itemListElement":[{"@type":"ListItem","position":1,"name":"Krafthand-Truck","item":"https:\/\/www.krafthand.de\/truck\/"},{"@type":"ListItem","position":2,"name":"Nfz-Service","item":"https:\/\/www.krafthand.de\/truck\/kategorie\/nfz-service\/"},{"@type":"ListItem","position":3,"name":"Werkstattausr\u00fcstung","item":"https:\/\/www.krafthand.de\/truck\/kategorie\/nfz-service\/werkstattausruestung\/"},{"@type":"ListItem","position":4,"name":"TEXA: 20 Jahre Mehrmarken-Lkw-Diagnose"}]},{"@type":"WebSite","@id":"https:\/\/www.krafthand.de\/truck\/#website","url":"https:\/\/www.krafthand.de\/truck\/","name":"Krafthand-Truck","description":"","potentialAction":[{"@type":"SearchAction","target":{"@type":"EntryPoint","urlTemplate":"https:\/\/www.krafthand.de\/truck\/?s={search_term_string}"},"query-input":{"@type":"PropertyValueSpecification","valueRequired":true,"valueName":"search_term_string"}}],"inLanguage":"de"},{"@type":"Person","@id":"https:\/\/www.krafthand.de\/truck\/#\/schema\/person\/51fa80b1c57034c4bf63f9f988fc24ce","name":"georg.blenk@krafthand-medien.de","image":{"@type":"ImageObject","inLanguage":"de","@id":"https:\/\/secure.gravatar.com\/avatar\/93713c30affe0aa95d3a4130e499bb1abee2eb31adbdd9ce2aa1543538490215?s=96&d=mm&r=g","url":"https:\/\/secure.gravatar.com\/avatar\/93713c30affe0aa95d3a4130e499bb1abee2eb31adbdd9ce2aa1543538490215?s=96&d=mm&r=g","contentUrl":"https:\/\/secure.gravatar.com\/avatar\/93713c30affe0aa95d3a4130e499bb1abee2eb31adbdd9ce2aa1543538490215?s=96&d=mm&r=g","caption":"georg.blenk@krafthand-medien.de"}}]}},"_links":{"self":[{"href":"https:\/\/www.krafthand.de\/truck\/wp-json\/wp\/v2\/posts\/32292","targetHints":{"allow":["GET"]}}],"collection":[{"href":"https:\/\/www.krafthand.de\/truck\/wp-json\/wp\/v2\/posts"}],"about":[{"href":"https:\/\/www.krafthand.de\/truck\/wp-json\/wp\/v2\/types\/post"}],"author":[{"embeddable":true,"href":"https:\/\/www.krafthand.de\/truck\/wp-json\/wp\/v2\/users\/9"}],"replies":[{"embeddable":true,"href":"https:\/\/www.krafthand.de\/truck\/wp-json\/wp\/v2\/comments?post=32292"}],"version-history":[{"count":6,"href":"https:\/\/www.krafthand.de\/truck\/wp-json\/wp\/v2\/posts\/32292\/revisions"}],"predecessor-version":[{"id":32299,"href":"https:\/\/www.krafthand.de\/truck\/wp-json\/wp\/v2\/posts\/32292\/revisions\/32299"}],"wp:featuredmedia":[{"embeddable":true,"href":"https:\/\/www.krafthand.de\/truck\/wp-json\/wp\/v2\/media\/32296"}],"wp:attachment":[{"href":"https:\/\/www.krafthand.de\/truck\/wp-json\/wp\/v2\/media?parent=32292"}],"wp:term":[{"taxonomy":"category","embeddable":true,"href":"https:\/\/www.krafthand.de\/truck\/wp-json\/wp\/v2\/categories?post=32292"},{"taxonomy":"post_tag","embeddable":true,"href":"https:\/\/www.krafthand.de\/truck\/wp-json\/wp\/v2\/tags?post=32292"},{"taxonomy":"settings","embeddable":true,"href":"https:\/\/www.krafthand.de\/truck\/wp-json\/wp\/v2\/settings?post=32292"}],"curies":[{"name":"wp","href":"https:\/\/api.w.org\/{rel}","templated":true}]}}