{"id":32269,"date":"2022-05-06T08:12:34","date_gmt":"2022-05-06T06:12:34","guid":{"rendered":"https:\/\/www.krafthand.de\/truck\/?p=32269"},"modified":"2022-05-07T18:05:44","modified_gmt":"2022-05-07T16:05:44","slug":"turbolader-spezialist-motair-auf-wachstumskurs","status":"publish","type":"post","link":"https:\/\/www.krafthand.de\/truck\/artikel\/turbolader-spezialist-motair-auf-wachstumskurs-32269\/","title":{"rendered":"Turbolader-Spezialist Motair auf Wachstumskurs"},"content":{"rendered":"<p>Der Spezialist f\u00fcr Turbolader <a href=\"https:\/\/www.motair.de\/de\/\" target=\"_blank\" rel=\"noopener\">Motair<\/a> bietet in Deutschland sowohl Produkte bekannter OE-Hersteller als auch wiederaufbereitete Lader f\u00fcr Lkw an. Erg\u00e4nzt wird das Portfolio durch Anbauprodukte, die international vertrieben werden. Das Know-how und die Marktpr\u00e4senz von Motair f\u00fchrten im November 2021 zur <a href=\"https:\/\/www.krafthand.de\/truck\/artikel\/bilstein-group-uebernimmt-den-turbolader-spezialisten-motair-30049\/\" target=\"_blank\" rel=\"noopener\">\u00dcbernahme<\/a> des K\u00f6lner Unternehmens durch die Bilstein Group. F\u00fcr den renommierten Hersteller und Lieferanten von Pkw- und Nkw-Ersatzteilen mit Sitz in Ennepetal bedeutet das Investment eine wichtige Erg\u00e4nzung des mehr als 62.000 verschiedene Produkte umfassenden Sortiments f\u00fcr Pkw, Lkw und Agrarfahrzeuge.<\/p>\n<blockquote><p>\u201eDie Zeichen stehen auf Wachstum! Durch die enge Zusammenarbeit mit der Bilstein Group Vertriebsmannschaft im D\/A\/CH-Bereich ergeben sich f\u00fcr den Absatz von Motair-Turboladern neue Perspektiven. Mehr noch laufen bereits Gespr\u00e4che, um unsere Produkte auch au\u00dferhalb Deutschlands in verschiedenen M\u00e4rkten anbieten zu k\u00f6nnen. Das weltweite Vertriebsnetz der Bilstein Group ist dabei ein wesentlicher Faktor\u201c, so Motair-Gesch\u00e4ftsf\u00fchrer Andreas Solibieda.<\/p><\/blockquote>\n<p>Durch die Insolvenz der <a href=\"https:\/\/www.hess-automotive.de\/de\" target=\"_blank\" rel=\"noopener\">Hess-Unternehmensgruppe<\/a>, zu der Motair vor dem Verkauf an die Bilstein Group geh\u00f6rte, haben sich am K\u00f6lner Standort neue Nutzungspl\u00e4ne ergeben. <em>\u201eFakt ist, dass das Grundst\u00fcck in den n\u00e4chsten Jahren neu bebaut werden wird. Wir haben mit dem Besitzer aber f\u00fcr uns zufriedenstellende Vereinbarungen treffen k\u00f6nnen, die uns genug Zeit geben, einen attraktiven neuen Standort f\u00fcr Motair und nicht zuletzt das zuk\u00fcnftige Wachstum zu finden. Schlie\u00dflich wollen wir nicht nur unsere bestehenden Partnerschaften ausbauen, sondern auch neue Kunden gewinnen\u201c, so Solibieda.<\/em><\/p>\n","protected":false},"excerpt":{"rendered":"<p>Der Spezialist f\u00fcr Turbolader Motair bietet in Deutschland sowohl Produkte bekannter OE-Hersteller als auch wiederaufbereitete Turbolader, unter anderem f\u00fcr Lkw an. Nach der \u00dcbernahme von Motair durch die Bilstein Group stehen die Zeichen auf Wachstum. <span class=\"excerpt-more__dots\">&#8230;<\/span> <a class=\"excerpt-more__link\" href=\"https:\/\/www.krafthand.de\/truck\/artikel\/turbolader-spezialist-motair-auf-wachstumskurs-32269\/\" >weiter<\/a><\/p>\n","protected":false},"author":9,"featured_media":32280,"comment_status":"closed","ping_status":"closed","sticky":false,"template":"","format":"standard","meta":{"footnotes":""},"categories":[4912,4235],"tags":[3124,368,367],"settings":[4766,3523],"class_list":["post-32269","post","type-post","status-publish","format-standard","has-post-thumbnail","hentry","category-ersatzteile-zubehoer","category-unternehmen","tag-bilstein","tag-motair","tag-turbolader"],"yoast_head":"<!-- This site is optimized with the Yoast SEO plugin v27.3 - https:\/\/yoast.com\/product\/yoast-seo-wordpress\/ -->\n<title>Motair: Die Zeichen stehen auf Wachstum I Krafthand-Truck<\/title>\n<meta name=\"description\" content=\"Nach der \u00dcbernahme des Turboladerspezialisten Motair durch die Bilstein Group stehen die Zeichen auf Wachstum.\" \/>\n<meta name=\"robots\" content=\"index, follow, max-snippet:-1, max-image-preview:large, max-video-preview:-1\" \/>\n<link rel=\"canonical\" href=\"https:\/\/www.krafthand.de\/truck\/artikel\/turbolader-spezialist-motair-auf-wachstumskurs-32269\/\" \/>\n<meta property=\"og:locale\" content=\"de_DE\" \/>\n<meta property=\"og:type\" content=\"article\" \/>\n<meta property=\"og:title\" content=\"Motair: Die Zeichen stehen auf Wachstum I Krafthand-Truck\" \/>\n<meta property=\"og:description\" content=\"Nach der \u00dcbernahme des Turboladerspezialisten Motair durch die Bilstein Group stehen die Zeichen auf Wachstum.\" \/>\n<meta property=\"og:url\" content=\"https:\/\/www.krafthand-truck.de\/artikel\/turbolader-spezialist-motair-auf-wachstumskurs-32269\/\" \/>\n<meta property=\"og:site_name\" content=\"Krafthand-Truck\" \/>\n<meta property=\"article:published_time\" content=\"2022-05-06T06:12:34+00:00\" \/>\n<meta property=\"article:modified_time\" content=\"2022-05-07T16:05:44+00:00\" \/>\n<meta property=\"og:image\" content=\"https:\/\/static.krafthand-truck.de\/uploads\/2022\/05\/Motair_Logo.jpg\" \/>\n\t<meta property=\"og:image:width\" content=\"732\" \/>\n\t<meta property=\"og:image:height\" content=\"472\" \/>\n\t<meta property=\"og:image:type\" content=\"image\/jpeg\" \/>\n<meta name=\"author\" content=\"georg.blenk@krafthand-medien.de\" \/>\n<meta name=\"twitter:card\" content=\"summary_large_image\" \/>\n<meta name=\"twitter:label1\" content=\"Verfasst von\" \/>\n\t<meta name=\"twitter:data1\" content=\"georg.blenk@krafthand-medien.de\" \/>\n\t<meta name=\"twitter:label2\" content=\"Gesch\u00e4tzte Lesezeit\" \/>\n\t<meta name=\"twitter:data2\" content=\"2\u00a0Minuten\" \/>\n<script type=\"application\/ld+json\" class=\"yoast-schema-graph\">{\"@context\":\"https:\\\/\\\/schema.org\",\"@graph\":[{\"@type\":\"Article\",\"@id\":\"https:\\\/\\\/www.krafthand.de\\\/truck\\\/artikel\\\/turbolader-spezialist-motair-auf-wachstumskurs-32269\\\/#article\",\"isPartOf\":{\"@id\":\"https:\\\/\\\/www.krafthand.de\\\/truck\\\/artikel\\\/turbolader-spezialist-motair-auf-wachstumskurs-32269\\\/\"},\"author\":{\"name\":\"georg.blenk@krafthand-medien.de\",\"@id\":\"https:\\\/\\\/www.krafthand.de\\\/truck\\\/#\\\/schema\\\/person\\\/51fa80b1c57034c4bf63f9f988fc24ce\"},\"headline\":\"Turbolader-Spezialist Motair auf Wachstumskurs\",\"datePublished\":\"2022-05-06T06:12:34+00:00\",\"dateModified\":\"2022-05-07T16:05:44+00:00\",\"mainEntityOfPage\":{\"@id\":\"https:\\\/\\\/www.krafthand.de\\\/truck\\\/artikel\\\/turbolader-spezialist-motair-auf-wachstumskurs-32269\\\/\"},\"wordCount\":253,\"image\":{\"@id\":\"https:\\\/\\\/www.krafthand.de\\\/truck\\\/artikel\\\/turbolader-spezialist-motair-auf-wachstumskurs-32269\\\/#primaryimage\"},\"thumbnailUrl\":\"https:\\\/\\\/static.krafthand-truck.de\\\/uploads\\\/2022\\\/05\\\/Motair_Logo.jpg\",\"keywords\":[\"Bilstein\",\"Motair\",\"Turbolader\"],\"articleSection\":[\"Ersatzteile\\\/Zubeh\u00f6r\",\"Unternehmen\"],\"inLanguage\":\"de\"},{\"@type\":\"WebPage\",\"@id\":\"https:\\\/\\\/www.krafthand.de\\\/truck\\\/artikel\\\/turbolader-spezialist-motair-auf-wachstumskurs-32269\\\/\",\"url\":\"https:\\\/\\\/www.krafthand.de\\\/truck\\\/artikel\\\/turbolader-spezialist-motair-auf-wachstumskurs-32269\\\/\",\"name\":\"Motair: Die Zeichen stehen auf Wachstum I Krafthand-Truck\",\"isPartOf\":{\"@id\":\"https:\\\/\\\/www.krafthand.de\\\/truck\\\/#website\"},\"primaryImageOfPage\":{\"@id\":\"https:\\\/\\\/www.krafthand.de\\\/truck\\\/artikel\\\/turbolader-spezialist-motair-auf-wachstumskurs-32269\\\/#primaryimage\"},\"image\":{\"@id\":\"https:\\\/\\\/www.krafthand.de\\\/truck\\\/artikel\\\/turbolader-spezialist-motair-auf-wachstumskurs-32269\\\/#primaryimage\"},\"thumbnailUrl\":\"https:\\\/\\\/static.krafthand-truck.de\\\/uploads\\\/2022\\\/05\\\/Motair_Logo.jpg\",\"datePublished\":\"2022-05-06T06:12:34+00:00\",\"dateModified\":\"2022-05-07T16:05:44+00:00\",\"author\":{\"@id\":\"https:\\\/\\\/www.krafthand.de\\\/truck\\\/#\\\/schema\\\/person\\\/51fa80b1c57034c4bf63f9f988fc24ce\"},\"description\":\"Nach der \u00dcbernahme des Turboladerspezialisten Motair durch die Bilstein Group stehen die Zeichen auf Wachstum.\",\"breadcrumb\":{\"@id\":\"https:\\\/\\\/www.krafthand.de\\\/truck\\\/artikel\\\/turbolader-spezialist-motair-auf-wachstumskurs-32269\\\/#breadcrumb\"},\"inLanguage\":\"de\",\"potentialAction\":[{\"@type\":\"ReadAction\",\"target\":[\"https:\\\/\\\/www.krafthand.de\\\/truck\\\/artikel\\\/turbolader-spezialist-motair-auf-wachstumskurs-32269\\\/\"]}]},{\"@type\":\"ImageObject\",\"inLanguage\":\"de\",\"@id\":\"https:\\\/\\\/www.krafthand.de\\\/truck\\\/artikel\\\/turbolader-spezialist-motair-auf-wachstumskurs-32269\\\/#primaryimage\",\"url\":\"https:\\\/\\\/static.krafthand-truck.de\\\/uploads\\\/2022\\\/05\\\/Motair_Logo.jpg\",\"contentUrl\":\"https:\\\/\\\/static.krafthand-truck.de\\\/uploads\\\/2022\\\/05\\\/Motair_Logo.jpg\",\"width\":732,\"height\":472},{\"@type\":\"BreadcrumbList\",\"@id\":\"https:\\\/\\\/www.krafthand.de\\\/truck\\\/artikel\\\/turbolader-spezialist-motair-auf-wachstumskurs-32269\\\/#breadcrumb\",\"itemListElement\":[{\"@type\":\"ListItem\",\"position\":1,\"name\":\"Krafthand-Truck\",\"item\":\"https:\\\/\\\/www.krafthand.de\\\/truck\\\/\"},{\"@type\":\"ListItem\",\"position\":2,\"name\":\"Nfz-Branche\",\"item\":\"https:\\\/\\\/www.krafthand.de\\\/truck\\\/kategorie\\\/branche\\\/\"},{\"@type\":\"ListItem\",\"position\":3,\"name\":\"Unternehmen\",\"item\":\"https:\\\/\\\/www.krafthand.de\\\/truck\\\/kategorie\\\/branche\\\/unternehmen\\\/\"},{\"@type\":\"ListItem\",\"position\":4,\"name\":\"Turbolader-Spezialist Motair auf Wachstumskurs\"}]},{\"@type\":\"WebSite\",\"@id\":\"https:\\\/\\\/www.krafthand.de\\\/truck\\\/#website\",\"url\":\"https:\\\/\\\/www.krafthand.de\\\/truck\\\/\",\"name\":\"Krafthand-Truck\",\"description\":\"\",\"potentialAction\":[{\"@type\":\"SearchAction\",\"target\":{\"@type\":\"EntryPoint\",\"urlTemplate\":\"https:\\\/\\\/www.krafthand.de\\\/truck\\\/?s={search_term_string}\"},\"query-input\":{\"@type\":\"PropertyValueSpecification\",\"valueRequired\":true,\"valueName\":\"search_term_string\"}}],\"inLanguage\":\"de\"},{\"@type\":\"Person\",\"@id\":\"https:\\\/\\\/www.krafthand.de\\\/truck\\\/#\\\/schema\\\/person\\\/51fa80b1c57034c4bf63f9f988fc24ce\",\"name\":\"georg.blenk@krafthand-medien.de\",\"image\":{\"@type\":\"ImageObject\",\"inLanguage\":\"de\",\"@id\":\"https:\\\/\\\/secure.gravatar.com\\\/avatar\\\/93713c30affe0aa95d3a4130e499bb1abee2eb31adbdd9ce2aa1543538490215?s=96&d=mm&r=g\",\"url\":\"https:\\\/\\\/secure.gravatar.com\\\/avatar\\\/93713c30affe0aa95d3a4130e499bb1abee2eb31adbdd9ce2aa1543538490215?s=96&d=mm&r=g\",\"contentUrl\":\"https:\\\/\\\/secure.gravatar.com\\\/avatar\\\/93713c30affe0aa95d3a4130e499bb1abee2eb31adbdd9ce2aa1543538490215?s=96&d=mm&r=g\",\"caption\":\"georg.blenk@krafthand-medien.de\"}}]}<\/script>\n<!-- \/ Yoast SEO plugin. -->","yoast_head_json":{"title":"Motair: Die Zeichen stehen auf Wachstum I Krafthand-Truck","description":"Nach der \u00dcbernahme des Turboladerspezialisten Motair durch die Bilstein Group stehen die Zeichen auf Wachstum.","robots":{"index":"index","follow":"follow","max-snippet":"max-snippet:-1","max-image-preview":"max-image-preview:large","max-video-preview":"max-video-preview:-1"},"canonical":"https:\/\/www.krafthand.de\/truck\/artikel\/turbolader-spezialist-motair-auf-wachstumskurs-32269\/","og_locale":"de_DE","og_type":"article","og_title":"Motair: Die Zeichen stehen auf Wachstum I Krafthand-Truck","og_description":"Nach der \u00dcbernahme des Turboladerspezialisten Motair durch die Bilstein Group stehen die Zeichen auf Wachstum.","og_url":"https:\/\/www.krafthand-truck.de\/artikel\/turbolader-spezialist-motair-auf-wachstumskurs-32269\/","og_site_name":"Krafthand-Truck","article_published_time":"2022-05-06T06:12:34+00:00","article_modified_time":"2022-05-07T16:05:44+00:00","og_image":[{"width":732,"height":472,"url":"https:\/\/static.krafthand-truck.de\/uploads\/2022\/05\/Motair_Logo.jpg","type":"image\/jpeg"}],"author":"georg.blenk@krafthand-medien.de","twitter_card":"summary_large_image","twitter_misc":{"Verfasst von":"georg.blenk@krafthand-medien.de","Gesch\u00e4tzte Lesezeit":"2\u00a0Minuten"},"schema":{"@context":"https:\/\/schema.org","@graph":[{"@type":"Article","@id":"https:\/\/www.krafthand.de\/truck\/artikel\/turbolader-spezialist-motair-auf-wachstumskurs-32269\/#article","isPartOf":{"@id":"https:\/\/www.krafthand.de\/truck\/artikel\/turbolader-spezialist-motair-auf-wachstumskurs-32269\/"},"author":{"name":"georg.blenk@krafthand-medien.de","@id":"https:\/\/www.krafthand.de\/truck\/#\/schema\/person\/51fa80b1c57034c4bf63f9f988fc24ce"},"headline":"Turbolader-Spezialist Motair auf Wachstumskurs","datePublished":"2022-05-06T06:12:34+00:00","dateModified":"2022-05-07T16:05:44+00:00","mainEntityOfPage":{"@id":"https:\/\/www.krafthand.de\/truck\/artikel\/turbolader-spezialist-motair-auf-wachstumskurs-32269\/"},"wordCount":253,"image":{"@id":"https:\/\/www.krafthand.de\/truck\/artikel\/turbolader-spezialist-motair-auf-wachstumskurs-32269\/#primaryimage"},"thumbnailUrl":"https:\/\/static.krafthand-truck.de\/uploads\/2022\/05\/Motair_Logo.jpg","keywords":["Bilstein","Motair","Turbolader"],"articleSection":["Ersatzteile\/Zubeh\u00f6r","Unternehmen"],"inLanguage":"de"},{"@type":"WebPage","@id":"https:\/\/www.krafthand.de\/truck\/artikel\/turbolader-spezialist-motair-auf-wachstumskurs-32269\/","url":"https:\/\/www.krafthand.de\/truck\/artikel\/turbolader-spezialist-motair-auf-wachstumskurs-32269\/","name":"Motair: Die Zeichen stehen auf Wachstum I Krafthand-Truck","isPartOf":{"@id":"https:\/\/www.krafthand.de\/truck\/#website"},"primaryImageOfPage":{"@id":"https:\/\/www.krafthand.de\/truck\/artikel\/turbolader-spezialist-motair-auf-wachstumskurs-32269\/#primaryimage"},"image":{"@id":"https:\/\/www.krafthand.de\/truck\/artikel\/turbolader-spezialist-motair-auf-wachstumskurs-32269\/#primaryimage"},"thumbnailUrl":"https:\/\/static.krafthand-truck.de\/uploads\/2022\/05\/Motair_Logo.jpg","datePublished":"2022-05-06T06:12:34+00:00","dateModified":"2022-05-07T16:05:44+00:00","author":{"@id":"https:\/\/www.krafthand.de\/truck\/#\/schema\/person\/51fa80b1c57034c4bf63f9f988fc24ce"},"description":"Nach der \u00dcbernahme des Turboladerspezialisten Motair durch die Bilstein Group stehen die Zeichen auf Wachstum.","breadcrumb":{"@id":"https:\/\/www.krafthand.de\/truck\/artikel\/turbolader-spezialist-motair-auf-wachstumskurs-32269\/#breadcrumb"},"inLanguage":"de","potentialAction":[{"@type":"ReadAction","target":["https:\/\/www.krafthand.de\/truck\/artikel\/turbolader-spezialist-motair-auf-wachstumskurs-32269\/"]}]},{"@type":"ImageObject","inLanguage":"de","@id":"https:\/\/www.krafthand.de\/truck\/artikel\/turbolader-spezialist-motair-auf-wachstumskurs-32269\/#primaryimage","url":"https:\/\/static.krafthand-truck.de\/uploads\/2022\/05\/Motair_Logo.jpg","contentUrl":"https:\/\/static.krafthand-truck.de\/uploads\/2022\/05\/Motair_Logo.jpg","width":732,"height":472},{"@type":"BreadcrumbList","@id":"https:\/\/www.krafthand.de\/truck\/artikel\/turbolader-spezialist-motair-auf-wachstumskurs-32269\/#breadcrumb","itemListElement":[{"@type":"ListItem","position":1,"name":"Krafthand-Truck","item":"https:\/\/www.krafthand.de\/truck\/"},{"@type":"ListItem","position":2,"name":"Nfz-Branche","item":"https:\/\/www.krafthand.de\/truck\/kategorie\/branche\/"},{"@type":"ListItem","position":3,"name":"Unternehmen","item":"https:\/\/www.krafthand.de\/truck\/kategorie\/branche\/unternehmen\/"},{"@type":"ListItem","position":4,"name":"Turbolader-Spezialist Motair auf Wachstumskurs"}]},{"@type":"WebSite","@id":"https:\/\/www.krafthand.de\/truck\/#website","url":"https:\/\/www.krafthand.de\/truck\/","name":"Krafthand-Truck","description":"","potentialAction":[{"@type":"SearchAction","target":{"@type":"EntryPoint","urlTemplate":"https:\/\/www.krafthand.de\/truck\/?s={search_term_string}"},"query-input":{"@type":"PropertyValueSpecification","valueRequired":true,"valueName":"search_term_string"}}],"inLanguage":"de"},{"@type":"Person","@id":"https:\/\/www.krafthand.de\/truck\/#\/schema\/person\/51fa80b1c57034c4bf63f9f988fc24ce","name":"georg.blenk@krafthand-medien.de","image":{"@type":"ImageObject","inLanguage":"de","@id":"https:\/\/secure.gravatar.com\/avatar\/93713c30affe0aa95d3a4130e499bb1abee2eb31adbdd9ce2aa1543538490215?s=96&d=mm&r=g","url":"https:\/\/secure.gravatar.com\/avatar\/93713c30affe0aa95d3a4130e499bb1abee2eb31adbdd9ce2aa1543538490215?s=96&d=mm&r=g","contentUrl":"https:\/\/secure.gravatar.com\/avatar\/93713c30affe0aa95d3a4130e499bb1abee2eb31adbdd9ce2aa1543538490215?s=96&d=mm&r=g","caption":"georg.blenk@krafthand-medien.de"}}]}},"_links":{"self":[{"href":"https:\/\/www.krafthand.de\/truck\/wp-json\/wp\/v2\/posts\/32269","targetHints":{"allow":["GET"]}}],"collection":[{"href":"https:\/\/www.krafthand.de\/truck\/wp-json\/wp\/v2\/posts"}],"about":[{"href":"https:\/\/www.krafthand.de\/truck\/wp-json\/wp\/v2\/types\/post"}],"author":[{"embeddable":true,"href":"https:\/\/www.krafthand.de\/truck\/wp-json\/wp\/v2\/users\/9"}],"replies":[{"embeddable":true,"href":"https:\/\/www.krafthand.de\/truck\/wp-json\/wp\/v2\/comments?post=32269"}],"version-history":[{"count":9,"href":"https:\/\/www.krafthand.de\/truck\/wp-json\/wp\/v2\/posts\/32269\/revisions"}],"predecessor-version":[{"id":32302,"href":"https:\/\/www.krafthand.de\/truck\/wp-json\/wp\/v2\/posts\/32269\/revisions\/32302"}],"wp:featuredmedia":[{"embeddable":true,"href":"https:\/\/www.krafthand.de\/truck\/wp-json\/wp\/v2\/media\/32280"}],"wp:attachment":[{"href":"https:\/\/www.krafthand.de\/truck\/wp-json\/wp\/v2\/media?parent=32269"}],"wp:term":[{"taxonomy":"category","embeddable":true,"href":"https:\/\/www.krafthand.de\/truck\/wp-json\/wp\/v2\/categories?post=32269"},{"taxonomy":"post_tag","embeddable":true,"href":"https:\/\/www.krafthand.de\/truck\/wp-json\/wp\/v2\/tags?post=32269"},{"taxonomy":"settings","embeddable":true,"href":"https:\/\/www.krafthand.de\/truck\/wp-json\/wp\/v2\/settings?post=32269"}],"curies":[{"name":"wp","href":"https:\/\/api.w.org\/{rel}","templated":true}]}}