{"id":32264,"date":"2022-05-05T14:56:23","date_gmt":"2022-05-05T12:56:23","guid":{"rendered":"https:\/\/www.krafthand.de\/truck\/?p=32264"},"modified":"2022-05-05T14:56:36","modified_gmt":"2022-05-05T12:56:36","slug":"mirror-cam-generation-ii-mercedes-benz-trucks-entwickelt-kamerasystem-weiter","status":"publish","type":"post","link":"https:\/\/www.krafthand.de\/truck\/artikel\/mirror-cam-generation-ii-mercedes-benz-trucks-entwickelt-kamerasystem-weiter-32264\/","title":{"rendered":"Mirror-Cam \u2013 Generation II: Mercedes-Benz Trucks entwickelt Kamerasystem weiter"},"content":{"rendered":"<p>Mit der seit April 2022 in den Actros- (inklusive eActros) und Arocs-Baureihen verf\u00fcgbaren zweiten Generation der Mirror-Cam, hat <a href=\"https:\/\/www.daimlertruck.com\/de\" target=\"_blank\" rel=\"noopener\">Mercedes-Benz Trucks<\/a> das Kamerasystem in zahlreichen Details weiterentwickelt. So sind die Kameraarme auf beiden Seiten um jeweils zehn Zentimeter verk\u00fcrzt worden. Das gilt sowohl f\u00fcr das schmalere als auch f\u00fcr das breitere Fahrerhaus. Dies br\u00e4chte unter anderem den Vorteil, dass die Fahrer sich beim R\u00fcckw\u00e4rtsfahren geradeaus leichter tun. Zudem ist die Perspektive der des gewohnten Glasspiegels noch \u00e4hnlicher. Die Verk\u00fcrzung bringt noch einen weiteren Vorteil mit sich. Denn am 2,50 Meter breiten Fahrerhaus ragt der Kameraarm jetzt nicht weiter \u00fcber die Fahrzeugkontur hinaus als der vom Fahrer gut sichtbare Rampenspiegel. Kollisionen mit Objekten am Wegesrand sind damit nun nahezu ausgeschlossen.<br \/>\nZus\u00e4tzlich wurde unten an der Mirror-Cam auch eine Tropfkante angebracht, die verhindern soll, dass Regenwasser auf die Linse gelangen kann und es dadurch zu unerw\u00fcnschten optischen Effekten kommt.<br \/>\nDar\u00fcber hinaus haben die Ingenieure von Mercedes-Benz Trucks das sogenannte \u201aTone Mapping\u2018 weiter optimiert. Gemeint ist ein Prozess, bei dem ein Bild so angepasst wird, dass ein gro\u00dfer Bereich von T\u00f6nen auf einem Medium richtig angezeigt wird, was sich vor allem in einer verbesserten Kontrastdarstellung zeigen soll.<\/p>\n<figure id=\"attachment_32266\" aria-describedby=\"caption-attachment-32266\" style=\"width: 420px\" class=\"wp-caption alignleft\"><a href=\"https:\/\/static.krafthand-truck.de\/uploads\/2022\/05\/MirrorCam_2_Mercedes_Benz_lkw_02.jpg\" target=\"_blank\" rel=\"noopener\"><img fetchpriority=\"high\" decoding=\"async\" class=\"wp-image-32266\" src=\"https:\/\/static.krafthand-truck.de\/uploads\/2022\/05\/MirrorCam_2_Mercedes_Benz_lkw_02-300x200.jpg\" alt=\"\" width=\"420\" height=\"280\" srcset=\"https:\/\/static.krafthand-truck.de\/uploads\/2022\/05\/MirrorCam_2_Mercedes_Benz_lkw_02-300x200.jpg 300w, https:\/\/static.krafthand-truck.de\/uploads\/2022\/05\/MirrorCam_2_Mercedes_Benz_lkw_02-1024x683.jpg 1024w, https:\/\/static.krafthand-truck.de\/uploads\/2022\/05\/MirrorCam_2_Mercedes_Benz_lkw_02-768x512.jpg 768w, https:\/\/static.krafthand-truck.de\/uploads\/2022\/05\/MirrorCam_2_Mercedes_Benz_lkw_02.jpg 1200w\" sizes=\"(max-width: 420px) 100vw, 420px\" \/><\/a><figcaption id=\"caption-attachment-32266\" class=\"wp-caption-text\">Mit der Mirror-Cam, Gen II sind noch realistischere Abbildung der Umgebung und mehr Bildinformation m\u00f6glich.<\/figcaption><\/figure>\n<h3>Sicherheit und dem Komfort<\/h3>\n<p>Die vorgenommenen \u00dcberarbeitungen f\u00fchren laut Mercedes-Benz Trucks insgesamt zu einem h\u00f6heren Mehrwert der Mirror-Cam. Durch seine unterst\u00fctzende Wirkung kann das weiterentwickelte System dazu beitragen, Situationen wie \u00dcberholen, Rangieren, Fahren bei schlechter Sicht und Dunkelheit, Kurvenfahrten und das Passieren von Engstellen jetzt noch sicherer und stressfreier zu bew\u00e4ltigen. Erg\u00e4nzt wird das System wie bisher durch den Weitwinkelmodus beim R\u00fcckw\u00e4rtsrangieren, durch Distanzlinien im Display zum besseren Einsch\u00e4tzen des Abstands zu Objekten, dem Mitschwenken des Kamerabildes bei Kurvenfahrten oder der \u00dcberwachung des Fahrzeugumfelds w\u00e4hrend der Rast.<br \/>\nDas Zusammenspiel der Mirror-Cam mit dem Abbiege-Assistenten, insbesondere in komplexen Verkehrssituationen und un\u00fcbersichtlichen Kreuzungsbereichen ist zus\u00e4tzlich hilfreich. Sollte die Gefahr bestehen, dass ein Lkw-Fahrer beim Rechtsabbiegen einen Radfahrer oder Fu\u00dfg\u00e4nger wider Erwarten nicht sieht, kann das System im Rahmen seiner Systemgrenzen unterst\u00fctzend eingreifen, den Fahrer mit Hilfe eines mehrstufigen Prozesses warnen und im Falle des \u201aActive-Sideguard-Assist\u2018 bis zu einer eigenen Abbiegegeschwindigkeit von 20 km\/h eine automatisierte Bremsung einleiten. F\u00fcr die optischen Warnhinweise nutzt der Abbiege-Assistent auch weiterhin das Display der Mirror-Cam.<\/p>\n<p><i>Den Beitrag finden Sie auch in der Print-Ausgabe 2-2022 der <a href=\"https:\/\/www.krafthand.de\/truck\/magazin\/\" title=\"Zum Magazin\">Krafthand-Truck<\/a>.<\/i><\/p>\r\n\t\t\t\t<div class=\"post-author\">\r\n\t\t\t\t\t<div class=\"khm-cp-author clearfix\">\r\n\t\t\t\t\t\t<div class=\"khm-cp-author__content\">\r\n\t\t\t\t\t\t\t\tKontakt zum Autor:<br \/>\r\n\t\t\t\t\t\t\t\t<strong>Georg Blenk<\/strong>, 08247 \/ 3007-45 |  <a href=\"mailto:georg.blenk@krafthand-medien.de\">georg.blenk@krafthand-medien.de<\/a>\r\n\t\t\t\t\t\t\t<div class=\"khm-cp-author__image\">\r\n\t\t\t\t\t\t<img src=\"https:\/\/static.krafthand-truck.de\/uploads\/2021\/01\/Blenk_6104-250x300-1-removebg-preview.png\" class=\"img-responsive\">\r\n\t\t\t\t\t<\/div>\r\n\t\t\t\t\t\t<\/div>\r\n\t\t\t\t\t<\/div>\r\n\t\t\t\t<\/div>\r\n\t\t\t\t","protected":false},"excerpt":{"rendered":"<p>Mit der seit April 2022 in den Actros- (inklusive eActros) und Arocs-Baureihen verf\u00fcgbaren zweiten Generation der Mirror-Cam, hat Mercedes-Benz Trucks sein Kamerasystem in zahlreichen Details weiterentwickelt. <span class=\"excerpt-more__dots\">&#8230;<\/span> <a class=\"excerpt-more__link\" href=\"https:\/\/www.krafthand.de\/truck\/artikel\/mirror-cam-generation-ii-mercedes-benz-trucks-entwickelt-kamerasystem-weiter-32264\/\" >weiter<\/a><\/p>\n","protected":false},"author":9,"featured_media":32265,"comment_status":"closed","ping_status":"closed","sticky":false,"template":"","format":"standard","meta":{"footnotes":""},"categories":[4225],"tags":[893,479,4882,5190,5191],"settings":[3524,4766,3523],"class_list":["post-32264","post","type-post","status-publish","format-standard","has-post-thumbnail","hentry","category-ssistenzsysteme","tag-kamerasystem","tag-mercedes-benz","tag-mirror-cam","tag-mirrorcam","tag-tone-mapping"],"yoast_head":"<!-- This site is optimized with the Yoast SEO plugin v27.3 - https:\/\/yoast.com\/product\/yoast-seo-wordpress\/ -->\n<title>Mercedes-Benz Trucks mit neuer MirrorCam I Krafthand-Truck<\/title>\n<meta name=\"description\" content=\"Mit der zweiten Generation der Mirror-Cam, hat Mercedes-Benz Trucks sein Kamerasystem in zahlreichen Details weiterentwickelt.\" \/>\n<meta name=\"robots\" content=\"index, follow, max-snippet:-1, max-image-preview:large, max-video-preview:-1\" \/>\n<link rel=\"canonical\" href=\"https:\/\/www.krafthand.de\/truck\/artikel\/mirror-cam-generation-ii-mercedes-benz-trucks-entwickelt-kamerasystem-weiter-32264\/\" \/>\n<meta property=\"og:locale\" content=\"de_DE\" \/>\n<meta property=\"og:type\" content=\"article\" \/>\n<meta property=\"og:title\" content=\"Mercedes-Benz Trucks mit neuer MirrorCam I Krafthand-Truck\" \/>\n<meta property=\"og:description\" content=\"Mit der zweiten Generation der Mirror-Cam, hat Mercedes-Benz Trucks sein Kamerasystem in zahlreichen Details weiterentwickelt.\" \/>\n<meta property=\"og:url\" content=\"https:\/\/www.krafthand-truck.de\/artikel\/mirror-cam-generation-ii-mercedes-benz-trucks-entwickelt-kamerasystem-weiter-32264\/\" \/>\n<meta property=\"og:site_name\" content=\"Krafthand-Truck\" \/>\n<meta property=\"article:published_time\" content=\"2022-05-05T12:56:23+00:00\" \/>\n<meta property=\"article:modified_time\" content=\"2022-05-05T12:56:36+00:00\" \/>\n<meta property=\"og:image\" content=\"https:\/\/static.krafthand-truck.de\/uploads\/2022\/05\/MirrorCam_2_Mercedes_Benz_lkw_03.jpg\" \/>\n\t<meta property=\"og:image:width\" content=\"1200\" \/>\n\t<meta property=\"og:image:height\" content=\"747\" \/>\n\t<meta property=\"og:image:type\" content=\"image\/jpeg\" \/>\n<meta name=\"author\" content=\"georg.blenk@krafthand-medien.de\" \/>\n<meta name=\"twitter:card\" content=\"summary_large_image\" \/>\n<meta name=\"twitter:label1\" content=\"Verfasst von\" \/>\n\t<meta name=\"twitter:data1\" content=\"georg.blenk@krafthand-medien.de\" \/>\n\t<meta name=\"twitter:label2\" content=\"Gesch\u00e4tzte Lesezeit\" \/>\n\t<meta name=\"twitter:data2\" content=\"2\u00a0Minuten\" \/>\n<script type=\"application\/ld+json\" class=\"yoast-schema-graph\">{\"@context\":\"https:\\\/\\\/schema.org\",\"@graph\":[{\"@type\":\"Article\",\"@id\":\"https:\\\/\\\/www.krafthand.de\\\/truck\\\/artikel\\\/mirror-cam-generation-ii-mercedes-benz-trucks-entwickelt-kamerasystem-weiter-32264\\\/#article\",\"isPartOf\":{\"@id\":\"https:\\\/\\\/www.krafthand.de\\\/truck\\\/artikel\\\/mirror-cam-generation-ii-mercedes-benz-trucks-entwickelt-kamerasystem-weiter-32264\\\/\"},\"author\":{\"name\":\"georg.blenk@krafthand-medien.de\",\"@id\":\"https:\\\/\\\/www.krafthand.de\\\/truck\\\/#\\\/schema\\\/person\\\/51fa80b1c57034c4bf63f9f988fc24ce\"},\"headline\":\"Mirror-Cam \u2013 Generation II: Mercedes-Benz Trucks entwickelt Kamerasystem weiter\",\"datePublished\":\"2022-05-05T12:56:23+00:00\",\"dateModified\":\"2022-05-05T12:56:36+00:00\",\"mainEntityOfPage\":{\"@id\":\"https:\\\/\\\/www.krafthand.de\\\/truck\\\/artikel\\\/mirror-cam-generation-ii-mercedes-benz-trucks-entwickelt-kamerasystem-weiter-32264\\\/\"},\"wordCount\":418,\"image\":{\"@id\":\"https:\\\/\\\/www.krafthand.de\\\/truck\\\/artikel\\\/mirror-cam-generation-ii-mercedes-benz-trucks-entwickelt-kamerasystem-weiter-32264\\\/#primaryimage\"},\"thumbnailUrl\":\"https:\\\/\\\/static.krafthand-truck.de\\\/uploads\\\/2022\\\/05\\\/MirrorCam_2_Mercedes_Benz_lkw_03.jpg\",\"keywords\":[\"Kamerasystem\",\"Mercedes-Benz\",\"Mirror-Cam\",\"MirrorCam\",\"Tone-Mapping\"],\"articleSection\":[\"Assistenzsysteme\"],\"inLanguage\":\"de\"},{\"@type\":\"WebPage\",\"@id\":\"https:\\\/\\\/www.krafthand.de\\\/truck\\\/artikel\\\/mirror-cam-generation-ii-mercedes-benz-trucks-entwickelt-kamerasystem-weiter-32264\\\/\",\"url\":\"https:\\\/\\\/www.krafthand.de\\\/truck\\\/artikel\\\/mirror-cam-generation-ii-mercedes-benz-trucks-entwickelt-kamerasystem-weiter-32264\\\/\",\"name\":\"Mercedes-Benz Trucks mit neuer MirrorCam I Krafthand-Truck\",\"isPartOf\":{\"@id\":\"https:\\\/\\\/www.krafthand.de\\\/truck\\\/#website\"},\"primaryImageOfPage\":{\"@id\":\"https:\\\/\\\/www.krafthand.de\\\/truck\\\/artikel\\\/mirror-cam-generation-ii-mercedes-benz-trucks-entwickelt-kamerasystem-weiter-32264\\\/#primaryimage\"},\"image\":{\"@id\":\"https:\\\/\\\/www.krafthand.de\\\/truck\\\/artikel\\\/mirror-cam-generation-ii-mercedes-benz-trucks-entwickelt-kamerasystem-weiter-32264\\\/#primaryimage\"},\"thumbnailUrl\":\"https:\\\/\\\/static.krafthand-truck.de\\\/uploads\\\/2022\\\/05\\\/MirrorCam_2_Mercedes_Benz_lkw_03.jpg\",\"datePublished\":\"2022-05-05T12:56:23+00:00\",\"dateModified\":\"2022-05-05T12:56:36+00:00\",\"author\":{\"@id\":\"https:\\\/\\\/www.krafthand.de\\\/truck\\\/#\\\/schema\\\/person\\\/51fa80b1c57034c4bf63f9f988fc24ce\"},\"description\":\"Mit der zweiten Generation der Mirror-Cam, hat Mercedes-Benz Trucks sein Kamerasystem in zahlreichen Details weiterentwickelt.\",\"breadcrumb\":{\"@id\":\"https:\\\/\\\/www.krafthand.de\\\/truck\\\/artikel\\\/mirror-cam-generation-ii-mercedes-benz-trucks-entwickelt-kamerasystem-weiter-32264\\\/#breadcrumb\"},\"inLanguage\":\"de\",\"potentialAction\":[{\"@type\":\"ReadAction\",\"target\":[\"https:\\\/\\\/www.krafthand.de\\\/truck\\\/artikel\\\/mirror-cam-generation-ii-mercedes-benz-trucks-entwickelt-kamerasystem-weiter-32264\\\/\"]}]},{\"@type\":\"ImageObject\",\"inLanguage\":\"de\",\"@id\":\"https:\\\/\\\/www.krafthand.de\\\/truck\\\/artikel\\\/mirror-cam-generation-ii-mercedes-benz-trucks-entwickelt-kamerasystem-weiter-32264\\\/#primaryimage\",\"url\":\"https:\\\/\\\/static.krafthand-truck.de\\\/uploads\\\/2022\\\/05\\\/MirrorCam_2_Mercedes_Benz_lkw_03.jpg\",\"contentUrl\":\"https:\\\/\\\/static.krafthand-truck.de\\\/uploads\\\/2022\\\/05\\\/MirrorCam_2_Mercedes_Benz_lkw_03.jpg\",\"width\":1200,\"height\":747},{\"@type\":\"BreadcrumbList\",\"@id\":\"https:\\\/\\\/www.krafthand.de\\\/truck\\\/artikel\\\/mirror-cam-generation-ii-mercedes-benz-trucks-entwickelt-kamerasystem-weiter-32264\\\/#breadcrumb\",\"itemListElement\":[{\"@type\":\"ListItem\",\"position\":1,\"name\":\"Krafthand-Truck\",\"item\":\"https:\\\/\\\/www.krafthand.de\\\/truck\\\/\"},{\"@type\":\"ListItem\",\"position\":2,\"name\":\"Nfz-Technik\",\"item\":\"https:\\\/\\\/www.krafthand.de\\\/truck\\\/kategorie\\\/nfz-technik\\\/\"},{\"@type\":\"ListItem\",\"position\":3,\"name\":\"Assistenzsysteme\",\"item\":\"https:\\\/\\\/www.krafthand.de\\\/truck\\\/kategorie\\\/nfz-technik\\\/ssistenzsysteme\\\/\"},{\"@type\":\"ListItem\",\"position\":4,\"name\":\"Mirror-Cam \u2013 Generation II: Mercedes-Benz Trucks entwickelt Kamerasystem weiter\"}]},{\"@type\":\"WebSite\",\"@id\":\"https:\\\/\\\/www.krafthand.de\\\/truck\\\/#website\",\"url\":\"https:\\\/\\\/www.krafthand.de\\\/truck\\\/\",\"name\":\"Krafthand-Truck\",\"description\":\"\",\"potentialAction\":[{\"@type\":\"SearchAction\",\"target\":{\"@type\":\"EntryPoint\",\"urlTemplate\":\"https:\\\/\\\/www.krafthand.de\\\/truck\\\/?s={search_term_string}\"},\"query-input\":{\"@type\":\"PropertyValueSpecification\",\"valueRequired\":true,\"valueName\":\"search_term_string\"}}],\"inLanguage\":\"de\"},{\"@type\":\"Person\",\"@id\":\"https:\\\/\\\/www.krafthand.de\\\/truck\\\/#\\\/schema\\\/person\\\/51fa80b1c57034c4bf63f9f988fc24ce\",\"name\":\"georg.blenk@krafthand-medien.de\",\"image\":{\"@type\":\"ImageObject\",\"inLanguage\":\"de\",\"@id\":\"https:\\\/\\\/secure.gravatar.com\\\/avatar\\\/93713c30affe0aa95d3a4130e499bb1abee2eb31adbdd9ce2aa1543538490215?s=96&d=mm&r=g\",\"url\":\"https:\\\/\\\/secure.gravatar.com\\\/avatar\\\/93713c30affe0aa95d3a4130e499bb1abee2eb31adbdd9ce2aa1543538490215?s=96&d=mm&r=g\",\"contentUrl\":\"https:\\\/\\\/secure.gravatar.com\\\/avatar\\\/93713c30affe0aa95d3a4130e499bb1abee2eb31adbdd9ce2aa1543538490215?s=96&d=mm&r=g\",\"caption\":\"georg.blenk@krafthand-medien.de\"}}]}<\/script>\n<!-- \/ Yoast SEO plugin. -->","yoast_head_json":{"title":"Mercedes-Benz Trucks mit neuer MirrorCam I Krafthand-Truck","description":"Mit der zweiten Generation der Mirror-Cam, hat Mercedes-Benz Trucks sein Kamerasystem in zahlreichen Details weiterentwickelt.","robots":{"index":"index","follow":"follow","max-snippet":"max-snippet:-1","max-image-preview":"max-image-preview:large","max-video-preview":"max-video-preview:-1"},"canonical":"https:\/\/www.krafthand.de\/truck\/artikel\/mirror-cam-generation-ii-mercedes-benz-trucks-entwickelt-kamerasystem-weiter-32264\/","og_locale":"de_DE","og_type":"article","og_title":"Mercedes-Benz Trucks mit neuer MirrorCam I Krafthand-Truck","og_description":"Mit der zweiten Generation der Mirror-Cam, hat Mercedes-Benz Trucks sein Kamerasystem in zahlreichen Details weiterentwickelt.","og_url":"https:\/\/www.krafthand-truck.de\/artikel\/mirror-cam-generation-ii-mercedes-benz-trucks-entwickelt-kamerasystem-weiter-32264\/","og_site_name":"Krafthand-Truck","article_published_time":"2022-05-05T12:56:23+00:00","article_modified_time":"2022-05-05T12:56:36+00:00","og_image":[{"width":1200,"height":747,"url":"https:\/\/static.krafthand-truck.de\/uploads\/2022\/05\/MirrorCam_2_Mercedes_Benz_lkw_03.jpg","type":"image\/jpeg"}],"author":"georg.blenk@krafthand-medien.de","twitter_card":"summary_large_image","twitter_misc":{"Verfasst von":"georg.blenk@krafthand-medien.de","Gesch\u00e4tzte Lesezeit":"2\u00a0Minuten"},"schema":{"@context":"https:\/\/schema.org","@graph":[{"@type":"Article","@id":"https:\/\/www.krafthand.de\/truck\/artikel\/mirror-cam-generation-ii-mercedes-benz-trucks-entwickelt-kamerasystem-weiter-32264\/#article","isPartOf":{"@id":"https:\/\/www.krafthand.de\/truck\/artikel\/mirror-cam-generation-ii-mercedes-benz-trucks-entwickelt-kamerasystem-weiter-32264\/"},"author":{"name":"georg.blenk@krafthand-medien.de","@id":"https:\/\/www.krafthand.de\/truck\/#\/schema\/person\/51fa80b1c57034c4bf63f9f988fc24ce"},"headline":"Mirror-Cam \u2013 Generation II: Mercedes-Benz Trucks entwickelt Kamerasystem weiter","datePublished":"2022-05-05T12:56:23+00:00","dateModified":"2022-05-05T12:56:36+00:00","mainEntityOfPage":{"@id":"https:\/\/www.krafthand.de\/truck\/artikel\/mirror-cam-generation-ii-mercedes-benz-trucks-entwickelt-kamerasystem-weiter-32264\/"},"wordCount":418,"image":{"@id":"https:\/\/www.krafthand.de\/truck\/artikel\/mirror-cam-generation-ii-mercedes-benz-trucks-entwickelt-kamerasystem-weiter-32264\/#primaryimage"},"thumbnailUrl":"https:\/\/static.krafthand-truck.de\/uploads\/2022\/05\/MirrorCam_2_Mercedes_Benz_lkw_03.jpg","keywords":["Kamerasystem","Mercedes-Benz","Mirror-Cam","MirrorCam","Tone-Mapping"],"articleSection":["Assistenzsysteme"],"inLanguage":"de"},{"@type":"WebPage","@id":"https:\/\/www.krafthand.de\/truck\/artikel\/mirror-cam-generation-ii-mercedes-benz-trucks-entwickelt-kamerasystem-weiter-32264\/","url":"https:\/\/www.krafthand.de\/truck\/artikel\/mirror-cam-generation-ii-mercedes-benz-trucks-entwickelt-kamerasystem-weiter-32264\/","name":"Mercedes-Benz Trucks mit neuer MirrorCam I Krafthand-Truck","isPartOf":{"@id":"https:\/\/www.krafthand.de\/truck\/#website"},"primaryImageOfPage":{"@id":"https:\/\/www.krafthand.de\/truck\/artikel\/mirror-cam-generation-ii-mercedes-benz-trucks-entwickelt-kamerasystem-weiter-32264\/#primaryimage"},"image":{"@id":"https:\/\/www.krafthand.de\/truck\/artikel\/mirror-cam-generation-ii-mercedes-benz-trucks-entwickelt-kamerasystem-weiter-32264\/#primaryimage"},"thumbnailUrl":"https:\/\/static.krafthand-truck.de\/uploads\/2022\/05\/MirrorCam_2_Mercedes_Benz_lkw_03.jpg","datePublished":"2022-05-05T12:56:23+00:00","dateModified":"2022-05-05T12:56:36+00:00","author":{"@id":"https:\/\/www.krafthand.de\/truck\/#\/schema\/person\/51fa80b1c57034c4bf63f9f988fc24ce"},"description":"Mit der zweiten Generation der Mirror-Cam, hat Mercedes-Benz Trucks sein Kamerasystem in zahlreichen Details weiterentwickelt.","breadcrumb":{"@id":"https:\/\/www.krafthand.de\/truck\/artikel\/mirror-cam-generation-ii-mercedes-benz-trucks-entwickelt-kamerasystem-weiter-32264\/#breadcrumb"},"inLanguage":"de","potentialAction":[{"@type":"ReadAction","target":["https:\/\/www.krafthand.de\/truck\/artikel\/mirror-cam-generation-ii-mercedes-benz-trucks-entwickelt-kamerasystem-weiter-32264\/"]}]},{"@type":"ImageObject","inLanguage":"de","@id":"https:\/\/www.krafthand.de\/truck\/artikel\/mirror-cam-generation-ii-mercedes-benz-trucks-entwickelt-kamerasystem-weiter-32264\/#primaryimage","url":"https:\/\/static.krafthand-truck.de\/uploads\/2022\/05\/MirrorCam_2_Mercedes_Benz_lkw_03.jpg","contentUrl":"https:\/\/static.krafthand-truck.de\/uploads\/2022\/05\/MirrorCam_2_Mercedes_Benz_lkw_03.jpg","width":1200,"height":747},{"@type":"BreadcrumbList","@id":"https:\/\/www.krafthand.de\/truck\/artikel\/mirror-cam-generation-ii-mercedes-benz-trucks-entwickelt-kamerasystem-weiter-32264\/#breadcrumb","itemListElement":[{"@type":"ListItem","position":1,"name":"Krafthand-Truck","item":"https:\/\/www.krafthand.de\/truck\/"},{"@type":"ListItem","position":2,"name":"Nfz-Technik","item":"https:\/\/www.krafthand.de\/truck\/kategorie\/nfz-technik\/"},{"@type":"ListItem","position":3,"name":"Assistenzsysteme","item":"https:\/\/www.krafthand.de\/truck\/kategorie\/nfz-technik\/ssistenzsysteme\/"},{"@type":"ListItem","position":4,"name":"Mirror-Cam \u2013 Generation II: Mercedes-Benz Trucks entwickelt Kamerasystem weiter"}]},{"@type":"WebSite","@id":"https:\/\/www.krafthand.de\/truck\/#website","url":"https:\/\/www.krafthand.de\/truck\/","name":"Krafthand-Truck","description":"","potentialAction":[{"@type":"SearchAction","target":{"@type":"EntryPoint","urlTemplate":"https:\/\/www.krafthand.de\/truck\/?s={search_term_string}"},"query-input":{"@type":"PropertyValueSpecification","valueRequired":true,"valueName":"search_term_string"}}],"inLanguage":"de"},{"@type":"Person","@id":"https:\/\/www.krafthand.de\/truck\/#\/schema\/person\/51fa80b1c57034c4bf63f9f988fc24ce","name":"georg.blenk@krafthand-medien.de","image":{"@type":"ImageObject","inLanguage":"de","@id":"https:\/\/secure.gravatar.com\/avatar\/93713c30affe0aa95d3a4130e499bb1abee2eb31adbdd9ce2aa1543538490215?s=96&d=mm&r=g","url":"https:\/\/secure.gravatar.com\/avatar\/93713c30affe0aa95d3a4130e499bb1abee2eb31adbdd9ce2aa1543538490215?s=96&d=mm&r=g","contentUrl":"https:\/\/secure.gravatar.com\/avatar\/93713c30affe0aa95d3a4130e499bb1abee2eb31adbdd9ce2aa1543538490215?s=96&d=mm&r=g","caption":"georg.blenk@krafthand-medien.de"}}]}},"_links":{"self":[{"href":"https:\/\/www.krafthand.de\/truck\/wp-json\/wp\/v2\/posts\/32264","targetHints":{"allow":["GET"]}}],"collection":[{"href":"https:\/\/www.krafthand.de\/truck\/wp-json\/wp\/v2\/posts"}],"about":[{"href":"https:\/\/www.krafthand.de\/truck\/wp-json\/wp\/v2\/types\/post"}],"author":[{"embeddable":true,"href":"https:\/\/www.krafthand.de\/truck\/wp-json\/wp\/v2\/users\/9"}],"replies":[{"embeddable":true,"href":"https:\/\/www.krafthand.de\/truck\/wp-json\/wp\/v2\/comments?post=32264"}],"version-history":[{"count":3,"href":"https:\/\/www.krafthand.de\/truck\/wp-json\/wp\/v2\/posts\/32264\/revisions"}],"predecessor-version":[{"id":32737,"href":"https:\/\/www.krafthand.de\/truck\/wp-json\/wp\/v2\/posts\/32264\/revisions\/32737"}],"wp:featuredmedia":[{"embeddable":true,"href":"https:\/\/www.krafthand.de\/truck\/wp-json\/wp\/v2\/media\/32265"}],"wp:attachment":[{"href":"https:\/\/www.krafthand.de\/truck\/wp-json\/wp\/v2\/media?parent=32264"}],"wp:term":[{"taxonomy":"category","embeddable":true,"href":"https:\/\/www.krafthand.de\/truck\/wp-json\/wp\/v2\/categories?post=32264"},{"taxonomy":"post_tag","embeddable":true,"href":"https:\/\/www.krafthand.de\/truck\/wp-json\/wp\/v2\/tags?post=32264"},{"taxonomy":"settings","embeddable":true,"href":"https:\/\/www.krafthand.de\/truck\/wp-json\/wp\/v2\/settings?post=32264"}],"curies":[{"name":"wp","href":"https:\/\/api.w.org\/{rel}","templated":true}]}}