{"id":32242,"date":"2022-05-03T09:54:19","date_gmt":"2022-05-03T07:54:19","guid":{"rendered":"https:\/\/www.krafthand.de\/truck\/?p=32242"},"modified":"2022-05-03T09:57:21","modified_gmt":"2022-05-03T07:57:21","slug":"hylane-vermietet-wasserstoff-lkws","status":"publish","type":"post","link":"https:\/\/www.krafthand.de\/truck\/artikel\/hylane-vermietet-wasserstoff-lkws-32242\/","title":{"rendered":"Hylane vermietet Wasserstoff-Lkws"},"content":{"rendered":"<p>Die Hylane GmbH ist ein Tochterunternehmen der DEVK-Versicherung mit Sitz in K\u00f6ln. Das Unternehmen, gegr\u00fcndet 2021, setzt auf die Vermietung von klimafreundlichen Nutzfahrzeugen.\u00a0 Jetzt bietet Hylane Wasserstoff-Lkw (FCEV) mit unterschiedlichen Auf- und Einbauten an. Sp\u00e4ter sollen auch Transporter und Busse folgen.<\/p>\n<h3>Wasserstoff-Lkw mieten<\/h3>\n<p>Maximaler Komfort bei minimalem Risiko \u2013 das ist das Versprechen von <a href=\"https:\/\/www.hylane.de\" target=\"_blank\" rel=\"noopener\">Hylane<\/a>. Durch eine nutzungsbasierte Miete (im sogenannten \u201ePay-Per-Use-Modell\u201c) zahlen die Kunden des Unternehmens nur f\u00fcr die tats\u00e4chlich gefahrenen Kilometer. Das Risiko f\u00fcr technische Ausf\u00e4lle l\u00e4ge dadurch nicht bei den Nutzern, sondern bei Hylane. Alle Leistungen (au\u00dfer Fahrer und Treibstoff) sind in der Miete enthalten. Die Kunden k\u00f6nnen aus einer Reihe emissionsfreier<br \/>\nFahrzeuge ausw\u00e4hlen, wobei der Fokus auf Lkw mit Brennstoffzelle liegt. Zum Start werden Fahrzeuge von <a href=\"https:\/\/www.hyzonmotors.com\" target=\"_blank\" rel=\"noopener\">Hyzon Motors<\/a>, <a href=\"https:\/\/hyundai-hm.com\/unser-truck\" target=\"_blank\" rel=\"noopener\">Hyundai<\/a>, Daimler Truck in Kooperation mit <a href=\"https:\/\/cleanlogistics.de\/de\/\" target=\"_blank\" rel=\"noopener\">Clean Logistics Technology<\/a> sowie MAN Truck &amp; Bus als Umbaul\u00f6sung der Firma <a href=\"https:\/\/www.framo-eway.com\/de\/\" target=\"_blank\" rel=\"noopener\">Framo eTrucks<\/a> (mit Brennstoffzelle der Robert Bosch GmbH) bereitstehen.<\/p>\n<h3>Klimaschonende Mobilit\u00e4t<\/h3>\n<p>Hylane betrachtet klimaschonende Mobilit\u00e4t als ganzheitliches System. Aspekte wie die Energieproduktion, eine ad\u00e4quate Tank- und Ladeinfrastruktur, die Produktionsketten der Fahrzeuge, vorhandene staatliche F\u00f6rderungen, ein Nachweis der CO2-Einsparung sowie ein m\u00f6gliches Recycling einzelner Fahrzeugkomponenten seien von vorneherein in das Konzept integriert. Das Ziel von Hylane ist es eigenen Angaben zufolge, ihren Kunden unter konsequenter Ausnutzung wirtschaftlicher M\u00f6glichkeiten ein nachhaltiges und flexibles Mobilit\u00e4tsmanagement zu erm\u00f6glichen.<\/p>\n<blockquote>\n<figure id=\"attachment_32250\" aria-describedby=\"caption-attachment-32250\" style=\"width: 216px\" class=\"wp-caption alignleft\"><a href=\"https:\/\/static.krafthand-truck.de\/uploads\/2022\/05\/Hylane_Sara-Schiffer.jpg\" target=\"_blank\" rel=\"noopener\"><img fetchpriority=\"high\" decoding=\"async\" class=\"wp-image-32250 size-medium\" src=\"https:\/\/static.krafthand-truck.de\/uploads\/2022\/05\/Hylane_Sara-Schiffer-216x300.jpg\" alt=\"\" width=\"216\" height=\"300\" srcset=\"https:\/\/static.krafthand-truck.de\/uploads\/2022\/05\/Hylane_Sara-Schiffer-216x300.jpg 216w, https:\/\/static.krafthand-truck.de\/uploads\/2022\/05\/Hylane_Sara-Schiffer-739x1024.jpg 739w, https:\/\/static.krafthand-truck.de\/uploads\/2022\/05\/Hylane_Sara-Schiffer-768x1065.jpg 768w, https:\/\/static.krafthand-truck.de\/uploads\/2022\/05\/Hylane_Sara-Schiffer.jpg 800w\" sizes=\"(max-width: 216px) 100vw, 216px\" \/><\/a><figcaption id=\"caption-attachment-32250\" class=\"wp-caption-text\">Sara Schiffer<\/figcaption><\/figure>\n<p>Sara Schiffer, Gesch\u00e4ftsf\u00fchrerin von Hylane; \u201eWir f\u00fchren Gespr\u00e4che mit renommierten Transportunternehmen, die bereit sind, mit uns in einen klimaneutralen Transport ihrer Waren einzusteigen. Mietvertr\u00e4ge f\u00fcr die ersten Fahrzeuge haben wir bereits geschlossen. Erster Kunde ist der globale Logistikdienstleister DB Schenker.\u201c<\/p><\/blockquote>\n<p><em>&#8222;Nutzfahrzeuge mit Wasserstoff-Brennstoffzellen-Antrieb haben, neben Batterie- und Oberleitungs-Lkw, gro\u00dfes Potenzial, den Stra\u00dfeng\u00fcterverkehr in Deutschland nachhaltiger zu gestalten und somit einen Beitrag zum Erreichen der Klimaziele zu leisten. Die NOW freut sich, dieses Start-up der DEVK zu begleiten&#8220;<\/em>, erg\u00e4nzt Axel Blume, Leiter des Teams \u201eKlimafreundliche Nutzfahrzeuge\u201c der Nationale Organisation Wasserstoff- und Brennstoffzellentechnologie (<a href=\"https:\/\/www.now-gmbh.de\" target=\"_blank\" rel=\"noopener\">NOW GmbH<\/a>).<\/p>\n\r\n\t\t\t\t<div class=\"post-author\">\r\n\t\t\t\t\t<div class=\"khm-cp-author clearfix\">\r\n\t\t\t\t\t\t<div class=\"khm-cp-author__content\">\r\n\t\t\t\t\t\t\t\tKontakt zum Autor:<br \/>\r\n\t\t\t\t\t\t\t\t<strong>Georg Blenk<\/strong>, 08247 \/ 3007-45 |  <a href=\"mailto:georg.blenk@krafthand-medien.de\">georg.blenk@krafthand-medien.de<\/a>\r\n\t\t\t\t\t\t\t<div class=\"khm-cp-author__image\">\r\n\t\t\t\t\t\t<img src=\"https:\/\/static.krafthand-truck.de\/uploads\/2021\/01\/Blenk_6104-250x300-1-removebg-preview.png\" class=\"img-responsive\">\r\n\t\t\t\t\t<\/div>\r\n\t\t\t\t\t\t<\/div>\r\n\t\t\t\t\t<\/div>\r\n\t\t\t\t<\/div>\r\n\t\t\t\t","protected":false},"excerpt":{"rendered":"<p>Hylane setzt auf die Vermietung von klimafreundlichen Nutzfahrzeugen.\u00a0 Jetzt bietet das Unternehmen Wasserstoff-Lkw (FCEV) mit unterschiedlichen Auf- und Einbauten an. Sp\u00e4ter sollen auch Transporter und Busse folgen. <span class=\"excerpt-more__dots\">&#8230;<\/span> <a class=\"excerpt-more__link\" href=\"https:\/\/www.krafthand.de\/truck\/artikel\/hylane-vermietet-wasserstoff-lkws-32242\/\" >weiter<\/a><\/p>\n","protected":false},"author":9,"featured_media":32249,"comment_status":"closed","ping_status":"closed","sticky":false,"template":"","format":"standard","meta":{"footnotes":""},"categories":[4224,4915,4235],"tags":[4348,5189,5188,4181],"settings":[3524,3523],"class_list":["post-32242","post","type-post","status-publish","format-standard","has-post-thumbnail","hentry","category-e-antrieb","category-neue-fahrzeuge","category-unternehmen","tag-fcev","tag-h2-lkw","tag-hylane","tag-wasserstoff"],"yoast_head":"<!-- This site is optimized with the Yoast SEO plugin v27.3 - https:\/\/yoast.com\/product\/yoast-seo-wordpress\/ -->\n<title>Hylane vermietet Wasserstoff-Lkw I Krafthand-Truck<\/title>\n<meta name=\"description\" content=\"Hylane vermietet Wasserstoff-Lkw mit unterschiedlichen Auf- und Einbauten. Sp\u00e4ter sollen Transporter und Busse folgen.\" \/>\n<meta name=\"robots\" content=\"index, follow, max-snippet:-1, max-image-preview:large, max-video-preview:-1\" \/>\n<link rel=\"canonical\" href=\"https:\/\/www.krafthand.de\/truck\/artikel\/hylane-vermietet-wasserstoff-lkws-32242\/\" \/>\n<meta property=\"og:locale\" content=\"de_DE\" \/>\n<meta property=\"og:type\" content=\"article\" \/>\n<meta property=\"og:title\" content=\"Hylane vermietet Wasserstoff-Lkw I Krafthand-Truck\" \/>\n<meta property=\"og:description\" content=\"Hylane vermietet Wasserstoff-Lkw mit unterschiedlichen Auf- und Einbauten. Sp\u00e4ter sollen Transporter und Busse folgen.\" \/>\n<meta property=\"og:url\" content=\"https:\/\/www.krafthand-truck.de\/artikel\/hylane-vermietet-wasserstoff-lkws-32242\/\" \/>\n<meta property=\"og:site_name\" content=\"Krafthand-Truck\" \/>\n<meta property=\"article:published_time\" content=\"2022-05-03T07:54:19+00:00\" \/>\n<meta property=\"article:modified_time\" content=\"2022-05-03T07:57:21+00:00\" \/>\n<meta property=\"og:image\" content=\"https:\/\/static.krafthand-truck.de\/uploads\/2022\/05\/Hylane_H2_Lkw_Trucks.jpg\" \/>\n\t<meta property=\"og:image:width\" content=\"1200\" \/>\n\t<meta property=\"og:image:height\" content=\"627\" \/>\n\t<meta property=\"og:image:type\" content=\"image\/jpeg\" \/>\n<meta name=\"author\" content=\"georg.blenk@krafthand-medien.de\" \/>\n<meta name=\"twitter:card\" content=\"summary_large_image\" \/>\n<meta name=\"twitter:label1\" content=\"Verfasst von\" \/>\n\t<meta name=\"twitter:data1\" content=\"georg.blenk@krafthand-medien.de\" \/>\n\t<meta name=\"twitter:label2\" content=\"Gesch\u00e4tzte Lesezeit\" \/>\n\t<meta name=\"twitter:data2\" content=\"2\u00a0Minuten\" \/>\n<script type=\"application\/ld+json\" class=\"yoast-schema-graph\">{\"@context\":\"https:\\\/\\\/schema.org\",\"@graph\":[{\"@type\":\"Article\",\"@id\":\"https:\\\/\\\/www.krafthand.de\\\/truck\\\/artikel\\\/hylane-vermietet-wasserstoff-lkws-32242\\\/#article\",\"isPartOf\":{\"@id\":\"https:\\\/\\\/www.krafthand.de\\\/truck\\\/artikel\\\/hylane-vermietet-wasserstoff-lkws-32242\\\/\"},\"author\":{\"name\":\"georg.blenk@krafthand-medien.de\",\"@id\":\"https:\\\/\\\/www.krafthand.de\\\/truck\\\/#\\\/schema\\\/person\\\/51fa80b1c57034c4bf63f9f988fc24ce\"},\"headline\":\"Hylane vermietet Wasserstoff-Lkws\",\"datePublished\":\"2022-05-03T07:54:19+00:00\",\"dateModified\":\"2022-05-03T07:57:21+00:00\",\"mainEntityOfPage\":{\"@id\":\"https:\\\/\\\/www.krafthand.de\\\/truck\\\/artikel\\\/hylane-vermietet-wasserstoff-lkws-32242\\\/\"},\"wordCount\":348,\"image\":{\"@id\":\"https:\\\/\\\/www.krafthand.de\\\/truck\\\/artikel\\\/hylane-vermietet-wasserstoff-lkws-32242\\\/#primaryimage\"},\"thumbnailUrl\":\"https:\\\/\\\/static.krafthand-truck.de\\\/uploads\\\/2022\\\/05\\\/Hylane_H2_Lkw_Trucks.jpg\",\"keywords\":[\"FCEV\",\"H2-Lkw\",\"Hylane\",\"Wasserstoff\"],\"articleSection\":[\"E-Antrieb (BEV\\\/FCEV)\",\"Neue Fahrzeuge\",\"Unternehmen\"],\"inLanguage\":\"de\"},{\"@type\":\"WebPage\",\"@id\":\"https:\\\/\\\/www.krafthand.de\\\/truck\\\/artikel\\\/hylane-vermietet-wasserstoff-lkws-32242\\\/\",\"url\":\"https:\\\/\\\/www.krafthand.de\\\/truck\\\/artikel\\\/hylane-vermietet-wasserstoff-lkws-32242\\\/\",\"name\":\"Hylane vermietet Wasserstoff-Lkw I Krafthand-Truck\",\"isPartOf\":{\"@id\":\"https:\\\/\\\/www.krafthand.de\\\/truck\\\/#website\"},\"primaryImageOfPage\":{\"@id\":\"https:\\\/\\\/www.krafthand.de\\\/truck\\\/artikel\\\/hylane-vermietet-wasserstoff-lkws-32242\\\/#primaryimage\"},\"image\":{\"@id\":\"https:\\\/\\\/www.krafthand.de\\\/truck\\\/artikel\\\/hylane-vermietet-wasserstoff-lkws-32242\\\/#primaryimage\"},\"thumbnailUrl\":\"https:\\\/\\\/static.krafthand-truck.de\\\/uploads\\\/2022\\\/05\\\/Hylane_H2_Lkw_Trucks.jpg\",\"datePublished\":\"2022-05-03T07:54:19+00:00\",\"dateModified\":\"2022-05-03T07:57:21+00:00\",\"author\":{\"@id\":\"https:\\\/\\\/www.krafthand.de\\\/truck\\\/#\\\/schema\\\/person\\\/51fa80b1c57034c4bf63f9f988fc24ce\"},\"description\":\"Hylane vermietet Wasserstoff-Lkw mit unterschiedlichen Auf- und Einbauten. Sp\u00e4ter sollen Transporter und Busse folgen.\",\"breadcrumb\":{\"@id\":\"https:\\\/\\\/www.krafthand.de\\\/truck\\\/artikel\\\/hylane-vermietet-wasserstoff-lkws-32242\\\/#breadcrumb\"},\"inLanguage\":\"de\",\"potentialAction\":[{\"@type\":\"ReadAction\",\"target\":[\"https:\\\/\\\/www.krafthand.de\\\/truck\\\/artikel\\\/hylane-vermietet-wasserstoff-lkws-32242\\\/\"]}]},{\"@type\":\"ImageObject\",\"inLanguage\":\"de\",\"@id\":\"https:\\\/\\\/www.krafthand.de\\\/truck\\\/artikel\\\/hylane-vermietet-wasserstoff-lkws-32242\\\/#primaryimage\",\"url\":\"https:\\\/\\\/static.krafthand-truck.de\\\/uploads\\\/2022\\\/05\\\/Hylane_H2_Lkw_Trucks.jpg\",\"contentUrl\":\"https:\\\/\\\/static.krafthand-truck.de\\\/uploads\\\/2022\\\/05\\\/Hylane_H2_Lkw_Trucks.jpg\",\"width\":1200,\"height\":627},{\"@type\":\"BreadcrumbList\",\"@id\":\"https:\\\/\\\/www.krafthand.de\\\/truck\\\/artikel\\\/hylane-vermietet-wasserstoff-lkws-32242\\\/#breadcrumb\",\"itemListElement\":[{\"@type\":\"ListItem\",\"position\":1,\"name\":\"Krafthand-Truck\",\"item\":\"https:\\\/\\\/www.krafthand.de\\\/truck\\\/\"},{\"@type\":\"ListItem\",\"position\":2,\"name\":\"IT+Fuhrpark\",\"item\":\"https:\\\/\\\/www.krafthand.de\\\/truck\\\/kategorie\\\/fuhrpark\\\/\"},{\"@type\":\"ListItem\",\"position\":3,\"name\":\"Neue Fahrzeuge\",\"item\":\"https:\\\/\\\/www.krafthand.de\\\/truck\\\/kategorie\\\/fuhrpark\\\/neue-fahrzeuge\\\/\"},{\"@type\":\"ListItem\",\"position\":4,\"name\":\"Hylane vermietet Wasserstoff-Lkws\"}]},{\"@type\":\"WebSite\",\"@id\":\"https:\\\/\\\/www.krafthand.de\\\/truck\\\/#website\",\"url\":\"https:\\\/\\\/www.krafthand.de\\\/truck\\\/\",\"name\":\"Krafthand-Truck\",\"description\":\"\",\"potentialAction\":[{\"@type\":\"SearchAction\",\"target\":{\"@type\":\"EntryPoint\",\"urlTemplate\":\"https:\\\/\\\/www.krafthand.de\\\/truck\\\/?s={search_term_string}\"},\"query-input\":{\"@type\":\"PropertyValueSpecification\",\"valueRequired\":true,\"valueName\":\"search_term_string\"}}],\"inLanguage\":\"de\"},{\"@type\":\"Person\",\"@id\":\"https:\\\/\\\/www.krafthand.de\\\/truck\\\/#\\\/schema\\\/person\\\/51fa80b1c57034c4bf63f9f988fc24ce\",\"name\":\"georg.blenk@krafthand-medien.de\",\"image\":{\"@type\":\"ImageObject\",\"inLanguage\":\"de\",\"@id\":\"https:\\\/\\\/secure.gravatar.com\\\/avatar\\\/93713c30affe0aa95d3a4130e499bb1abee2eb31adbdd9ce2aa1543538490215?s=96&d=mm&r=g\",\"url\":\"https:\\\/\\\/secure.gravatar.com\\\/avatar\\\/93713c30affe0aa95d3a4130e499bb1abee2eb31adbdd9ce2aa1543538490215?s=96&d=mm&r=g\",\"contentUrl\":\"https:\\\/\\\/secure.gravatar.com\\\/avatar\\\/93713c30affe0aa95d3a4130e499bb1abee2eb31adbdd9ce2aa1543538490215?s=96&d=mm&r=g\",\"caption\":\"georg.blenk@krafthand-medien.de\"}}]}<\/script>\n<!-- \/ Yoast SEO plugin. -->","yoast_head_json":{"title":"Hylane vermietet Wasserstoff-Lkw I Krafthand-Truck","description":"Hylane vermietet Wasserstoff-Lkw mit unterschiedlichen Auf- und Einbauten. Sp\u00e4ter sollen Transporter und Busse folgen.","robots":{"index":"index","follow":"follow","max-snippet":"max-snippet:-1","max-image-preview":"max-image-preview:large","max-video-preview":"max-video-preview:-1"},"canonical":"https:\/\/www.krafthand.de\/truck\/artikel\/hylane-vermietet-wasserstoff-lkws-32242\/","og_locale":"de_DE","og_type":"article","og_title":"Hylane vermietet Wasserstoff-Lkw I Krafthand-Truck","og_description":"Hylane vermietet Wasserstoff-Lkw mit unterschiedlichen Auf- und Einbauten. Sp\u00e4ter sollen Transporter und Busse folgen.","og_url":"https:\/\/www.krafthand-truck.de\/artikel\/hylane-vermietet-wasserstoff-lkws-32242\/","og_site_name":"Krafthand-Truck","article_published_time":"2022-05-03T07:54:19+00:00","article_modified_time":"2022-05-03T07:57:21+00:00","og_image":[{"width":1200,"height":627,"url":"https:\/\/static.krafthand-truck.de\/uploads\/2022\/05\/Hylane_H2_Lkw_Trucks.jpg","type":"image\/jpeg"}],"author":"georg.blenk@krafthand-medien.de","twitter_card":"summary_large_image","twitter_misc":{"Verfasst von":"georg.blenk@krafthand-medien.de","Gesch\u00e4tzte Lesezeit":"2\u00a0Minuten"},"schema":{"@context":"https:\/\/schema.org","@graph":[{"@type":"Article","@id":"https:\/\/www.krafthand.de\/truck\/artikel\/hylane-vermietet-wasserstoff-lkws-32242\/#article","isPartOf":{"@id":"https:\/\/www.krafthand.de\/truck\/artikel\/hylane-vermietet-wasserstoff-lkws-32242\/"},"author":{"name":"georg.blenk@krafthand-medien.de","@id":"https:\/\/www.krafthand.de\/truck\/#\/schema\/person\/51fa80b1c57034c4bf63f9f988fc24ce"},"headline":"Hylane vermietet Wasserstoff-Lkws","datePublished":"2022-05-03T07:54:19+00:00","dateModified":"2022-05-03T07:57:21+00:00","mainEntityOfPage":{"@id":"https:\/\/www.krafthand.de\/truck\/artikel\/hylane-vermietet-wasserstoff-lkws-32242\/"},"wordCount":348,"image":{"@id":"https:\/\/www.krafthand.de\/truck\/artikel\/hylane-vermietet-wasserstoff-lkws-32242\/#primaryimage"},"thumbnailUrl":"https:\/\/static.krafthand-truck.de\/uploads\/2022\/05\/Hylane_H2_Lkw_Trucks.jpg","keywords":["FCEV","H2-Lkw","Hylane","Wasserstoff"],"articleSection":["E-Antrieb (BEV\/FCEV)","Neue Fahrzeuge","Unternehmen"],"inLanguage":"de"},{"@type":"WebPage","@id":"https:\/\/www.krafthand.de\/truck\/artikel\/hylane-vermietet-wasserstoff-lkws-32242\/","url":"https:\/\/www.krafthand.de\/truck\/artikel\/hylane-vermietet-wasserstoff-lkws-32242\/","name":"Hylane vermietet Wasserstoff-Lkw I Krafthand-Truck","isPartOf":{"@id":"https:\/\/www.krafthand.de\/truck\/#website"},"primaryImageOfPage":{"@id":"https:\/\/www.krafthand.de\/truck\/artikel\/hylane-vermietet-wasserstoff-lkws-32242\/#primaryimage"},"image":{"@id":"https:\/\/www.krafthand.de\/truck\/artikel\/hylane-vermietet-wasserstoff-lkws-32242\/#primaryimage"},"thumbnailUrl":"https:\/\/static.krafthand-truck.de\/uploads\/2022\/05\/Hylane_H2_Lkw_Trucks.jpg","datePublished":"2022-05-03T07:54:19+00:00","dateModified":"2022-05-03T07:57:21+00:00","author":{"@id":"https:\/\/www.krafthand.de\/truck\/#\/schema\/person\/51fa80b1c57034c4bf63f9f988fc24ce"},"description":"Hylane vermietet Wasserstoff-Lkw mit unterschiedlichen Auf- und Einbauten. Sp\u00e4ter sollen Transporter und Busse folgen.","breadcrumb":{"@id":"https:\/\/www.krafthand.de\/truck\/artikel\/hylane-vermietet-wasserstoff-lkws-32242\/#breadcrumb"},"inLanguage":"de","potentialAction":[{"@type":"ReadAction","target":["https:\/\/www.krafthand.de\/truck\/artikel\/hylane-vermietet-wasserstoff-lkws-32242\/"]}]},{"@type":"ImageObject","inLanguage":"de","@id":"https:\/\/www.krafthand.de\/truck\/artikel\/hylane-vermietet-wasserstoff-lkws-32242\/#primaryimage","url":"https:\/\/static.krafthand-truck.de\/uploads\/2022\/05\/Hylane_H2_Lkw_Trucks.jpg","contentUrl":"https:\/\/static.krafthand-truck.de\/uploads\/2022\/05\/Hylane_H2_Lkw_Trucks.jpg","width":1200,"height":627},{"@type":"BreadcrumbList","@id":"https:\/\/www.krafthand.de\/truck\/artikel\/hylane-vermietet-wasserstoff-lkws-32242\/#breadcrumb","itemListElement":[{"@type":"ListItem","position":1,"name":"Krafthand-Truck","item":"https:\/\/www.krafthand.de\/truck\/"},{"@type":"ListItem","position":2,"name":"IT+Fuhrpark","item":"https:\/\/www.krafthand.de\/truck\/kategorie\/fuhrpark\/"},{"@type":"ListItem","position":3,"name":"Neue Fahrzeuge","item":"https:\/\/www.krafthand.de\/truck\/kategorie\/fuhrpark\/neue-fahrzeuge\/"},{"@type":"ListItem","position":4,"name":"Hylane vermietet Wasserstoff-Lkws"}]},{"@type":"WebSite","@id":"https:\/\/www.krafthand.de\/truck\/#website","url":"https:\/\/www.krafthand.de\/truck\/","name":"Krafthand-Truck","description":"","potentialAction":[{"@type":"SearchAction","target":{"@type":"EntryPoint","urlTemplate":"https:\/\/www.krafthand.de\/truck\/?s={search_term_string}"},"query-input":{"@type":"PropertyValueSpecification","valueRequired":true,"valueName":"search_term_string"}}],"inLanguage":"de"},{"@type":"Person","@id":"https:\/\/www.krafthand.de\/truck\/#\/schema\/person\/51fa80b1c57034c4bf63f9f988fc24ce","name":"georg.blenk@krafthand-medien.de","image":{"@type":"ImageObject","inLanguage":"de","@id":"https:\/\/secure.gravatar.com\/avatar\/93713c30affe0aa95d3a4130e499bb1abee2eb31adbdd9ce2aa1543538490215?s=96&d=mm&r=g","url":"https:\/\/secure.gravatar.com\/avatar\/93713c30affe0aa95d3a4130e499bb1abee2eb31adbdd9ce2aa1543538490215?s=96&d=mm&r=g","contentUrl":"https:\/\/secure.gravatar.com\/avatar\/93713c30affe0aa95d3a4130e499bb1abee2eb31adbdd9ce2aa1543538490215?s=96&d=mm&r=g","caption":"georg.blenk@krafthand-medien.de"}}]}},"_links":{"self":[{"href":"https:\/\/www.krafthand.de\/truck\/wp-json\/wp\/v2\/posts\/32242","targetHints":{"allow":["GET"]}}],"collection":[{"href":"https:\/\/www.krafthand.de\/truck\/wp-json\/wp\/v2\/posts"}],"about":[{"href":"https:\/\/www.krafthand.de\/truck\/wp-json\/wp\/v2\/types\/post"}],"author":[{"embeddable":true,"href":"https:\/\/www.krafthand.de\/truck\/wp-json\/wp\/v2\/users\/9"}],"replies":[{"embeddable":true,"href":"https:\/\/www.krafthand.de\/truck\/wp-json\/wp\/v2\/comments?post=32242"}],"version-history":[{"count":18,"href":"https:\/\/www.krafthand.de\/truck\/wp-json\/wp\/v2\/posts\/32242\/revisions"}],"predecessor-version":[{"id":32262,"href":"https:\/\/www.krafthand.de\/truck\/wp-json\/wp\/v2\/posts\/32242\/revisions\/32262"}],"wp:featuredmedia":[{"embeddable":true,"href":"https:\/\/www.krafthand.de\/truck\/wp-json\/wp\/v2\/media\/32249"}],"wp:attachment":[{"href":"https:\/\/www.krafthand.de\/truck\/wp-json\/wp\/v2\/media?parent=32242"}],"wp:term":[{"taxonomy":"category","embeddable":true,"href":"https:\/\/www.krafthand.de\/truck\/wp-json\/wp\/v2\/categories?post=32242"},{"taxonomy":"post_tag","embeddable":true,"href":"https:\/\/www.krafthand.de\/truck\/wp-json\/wp\/v2\/tags?post=32242"},{"taxonomy":"settings","embeddable":true,"href":"https:\/\/www.krafthand.de\/truck\/wp-json\/wp\/v2\/settings?post=32242"}],"curies":[{"name":"wp","href":"https:\/\/api.w.org\/{rel}","templated":true}]}}