{"id":32231,"date":"2022-04-29T13:02:58","date_gmt":"2022-04-29T11:02:58","guid":{"rendered":"https:\/\/www.krafthand.de\/truck\/?p=32231"},"modified":"2022-04-29T13:31:28","modified_gmt":"2022-04-29T11:31:28","slug":"avl-ditest-geraet-zur-partikelzaehlung-bei-pkw-lkw-i-krafthand-truck","status":"publish","type":"post","link":"https:\/\/www.krafthand.de\/truck\/artikel\/avl-ditest-geraet-zur-partikelzaehlung-bei-pkw-lkw-i-krafthand-truck-32231\/","title":{"rendered":"AVL-DiTEST: Neues Ger\u00e4t zur Messung der Partikelanzahl"},"content":{"rendered":"<p>Der nachhaltige Umgang mit unserer Umwelt spielt im Schwerlastverkehr eine gro\u00dfe Rolle. Aus diesem Grund werden Abgaswerte auch von Lkw immer genauer \u00fcberpr\u00fcft. Aktuell steht die Messung der Partikelanzahl von modernen Dieselfahrzeugen, sowohl von Pkw als auch von Lkw, im Zentrum der Betrachtung. Grundlage ist die neue, strengere AU-Gesetzgebung zur Messung der Partikelanzahl w\u00e4hrend der wiederkehrenden, technischen Inspektion, die in Deutschland ab 01.01.2023 verpflichtend ist.<\/p>\n<p><a href=\"https:\/\/avlditest.com\/index.php\/de\/\" target=\"_blank\" rel=\"noopener\">AVL DiTEST<\/a> hat deshalb jetzt mit dem AVL DiTEST-Counter ein Ger\u00e4t zur pr\u00e4zisen Partikelz\u00e4hlung vorgestellt, dass kontinuierlich im ganzt\u00e4gigen Dauerbetrieb in der Nfz-Werkstatt verwendet werden kann. Es basiert auf dem Prinzip \u201aDiffusion-Charging\u2018, kurz DC, dem elektrischen Aufladen von Partikeln. Das DC-Prinzip und die robuste Bauweise erm\u00f6glichen laut AVL-DiTEST eine schnelle Messverf\u00fcgbarkeit ohne weitere Betriebsmittel, eine exakte Partikelz\u00e4hlung in kurzer Zeit und kontinuierliche Messungen im ganzt\u00e4gigen Dauerbetrieb. Falls zuk\u00fcnftig gefordert, k\u00f6nnten mit dem AVL DiTEST Counter auch Fahrzeuge mit Ottomotor \u00fcberpr\u00fcft werden.<\/p>\n<blockquote><p>\u201eUns erreichen immer mehr Anfragen zur gesetzlichen Grundlage, m\u00f6glichen Ger\u00e4tel\u00f6sungen und dem Thema Partikelmessung im Allgemeinen. Die Einf\u00fchrung der verpflichtenden Partikelanzahlmessung mit 01.01.2023 f\u00fcr Deutschland r\u00fcckt n\u00e4her. Eine gute Vorbereitung ist essenziell, damit die Umstellung rechtzeitig und reibungslos verl\u00e4uft. In den Niederlanden, beispielsweise, wird diese bereits zum 01.07.2022 erfolgen\u201c, erkl\u00e4rt Thomas Kramer, Bereichsleiter Vertrieb in Deutschland.<\/p><\/blockquote>\n<p>Der \u201aCounter\u2018 zeichnet sich laut AVL DiTEST durch eine selbsterkl\u00e4rende und \u00fcbersichtliche Bedienung und einen effizienten Messablauf aus. Das Ger\u00e4t ist jeder Zeit einsatzbereit. Zudem sei der Wartungsaufwand des Ger\u00e4ts gering. Die Messung der Partikelanzahl selbst erfolgt \u00fcber eine PC-gef\u00fchrte AU-Messprozedur. Die Kalibrierung nach ISO 17025 erfolgt im hauseigenen AVL DiTEST Kalibrierlabor.<\/p>\n","protected":false},"excerpt":{"rendered":"<p>AVL DiTEST hat deshalb jetzt mit dem AVL DiTEST-Counter ein Ger\u00e4t zur pr\u00e4zisen Partikelz\u00e4hlung vorgestellt, dass kontinuierlich im ganzt\u00e4gigen Dauerbetrieb in der Nfz-Werkstatt verwendet werden kann. <span class=\"excerpt-more__dots\">&#8230;<\/span> <a class=\"excerpt-more__link\" href=\"https:\/\/www.krafthand.de\/truck\/artikel\/avl-ditest-geraet-zur-partikelzaehlung-bei-pkw-lkw-i-krafthand-truck-32231\/\" >weiter<\/a><\/p>\n","protected":false},"author":9,"featured_media":32232,"comment_status":"closed","ping_status":"closed","sticky":false,"template":"","format":"standard","meta":{"footnotes":""},"categories":[4220],"tags":[1402,974,5187,5186],"settings":[4766,3523],"class_list":["post-32231","post","type-post","status-publish","format-standard","has-post-thumbnail","hentry","category-werkstattausruestung","tag-au","tag-avl-ditest","tag-counter","tag-partikelzaehler"],"yoast_head":"<!-- This site is optimized with the Yoast SEO plugin v27.3 - https:\/\/yoast.com\/product\/yoast-seo-wordpress\/ -->\n<title>AVL-DiTEST: Neues Ger\u00e4t zur Messung der Partikelanzahl - Krafthand-Truck<\/title>\n<meta name=\"description\" content=\"AVL DiTEST hat mit dem &#039;Counter&#039; ein Ger\u00e4t zur pr\u00e4zisen Partikelz\u00e4hlung bei Pkw und Lkw im Programm.\" \/>\n<meta name=\"robots\" content=\"index, follow, max-snippet:-1, max-image-preview:large, max-video-preview:-1\" \/>\n<link rel=\"canonical\" href=\"https:\/\/www.krafthand.de\/truck\/artikel\/avl-ditest-geraet-zur-partikelzaehlung-bei-pkw-lkw-i-krafthand-truck-32231\/\" \/>\n<meta property=\"og:locale\" content=\"de_DE\" \/>\n<meta property=\"og:type\" content=\"article\" \/>\n<meta property=\"og:title\" content=\"AVL-DiTEST: Neues Ger\u00e4t zur Messung der Partikelanzahl - Krafthand-Truck\" \/>\n<meta property=\"og:description\" content=\"AVL DiTEST hat mit dem &#039;Counter&#039; ein Ger\u00e4t zur pr\u00e4zisen Partikelz\u00e4hlung bei Pkw und Lkw im Programm.\" \/>\n<meta property=\"og:url\" content=\"https:\/\/www.krafthand-truck.de\/artikel\/avl-ditest-geraet-zur-partikelzaehlung-bei-pkw-lkw-i-krafthand-truck-32231\/\" \/>\n<meta property=\"og:site_name\" content=\"Krafthand-Truck\" \/>\n<meta property=\"article:published_time\" content=\"2022-04-29T11:02:58+00:00\" \/>\n<meta property=\"article:modified_time\" content=\"2022-04-29T11:31:28+00:00\" \/>\n<meta property=\"og:image\" content=\"https:\/\/static.krafthand-truck.de\/uploads\/2022\/04\/AVL_Ditest_Counter_Partikelzaehler_Krafthand_Truck.jpg\" \/>\n\t<meta property=\"og:image:width\" content=\"1200\" \/>\n\t<meta property=\"og:image:height\" content=\"867\" \/>\n\t<meta property=\"og:image:type\" content=\"image\/jpeg\" \/>\n<meta name=\"author\" content=\"georg.blenk@krafthand-medien.de\" \/>\n<meta name=\"twitter:card\" content=\"summary_large_image\" \/>\n<meta name=\"twitter:label1\" content=\"Verfasst von\" \/>\n\t<meta name=\"twitter:data1\" content=\"georg.blenk@krafthand-medien.de\" \/>\n\t<meta name=\"twitter:label2\" content=\"Gesch\u00e4tzte Lesezeit\" \/>\n\t<meta name=\"twitter:data2\" content=\"1\u00a0Minute\" \/>\n<script type=\"application\/ld+json\" class=\"yoast-schema-graph\">{\"@context\":\"https:\\\/\\\/schema.org\",\"@graph\":[{\"@type\":\"Article\",\"@id\":\"https:\\\/\\\/www.krafthand.de\\\/truck\\\/artikel\\\/avl-ditest-geraet-zur-partikelzaehlung-bei-pkw-lkw-i-krafthand-truck-32231\\\/#article\",\"isPartOf\":{\"@id\":\"https:\\\/\\\/www.krafthand.de\\\/truck\\\/artikel\\\/avl-ditest-geraet-zur-partikelzaehlung-bei-pkw-lkw-i-krafthand-truck-32231\\\/\"},\"author\":{\"name\":\"georg.blenk@krafthand-medien.de\",\"@id\":\"https:\\\/\\\/www.krafthand.de\\\/truck\\\/#\\\/schema\\\/person\\\/51fa80b1c57034c4bf63f9f988fc24ce\"},\"headline\":\"AVL-DiTEST: Neues Ger\u00e4t zur Messung der Partikelanzahl\",\"datePublished\":\"2022-04-29T11:02:58+00:00\",\"dateModified\":\"2022-04-29T11:31:28+00:00\",\"mainEntityOfPage\":{\"@id\":\"https:\\\/\\\/www.krafthand.de\\\/truck\\\/artikel\\\/avl-ditest-geraet-zur-partikelzaehlung-bei-pkw-lkw-i-krafthand-truck-32231\\\/\"},\"wordCount\":285,\"image\":{\"@id\":\"https:\\\/\\\/www.krafthand.de\\\/truck\\\/artikel\\\/avl-ditest-geraet-zur-partikelzaehlung-bei-pkw-lkw-i-krafthand-truck-32231\\\/#primaryimage\"},\"thumbnailUrl\":\"https:\\\/\\\/static.krafthand-truck.de\\\/uploads\\\/2022\\\/04\\\/AVL_Ditest_Counter_Partikelzaehler_Krafthand_Truck.jpg\",\"keywords\":[\"AU\",\"AVL Ditest\",\"Counter\",\"Partikelz\u00e4hler\"],\"articleSection\":[\"Werkstattausr\u00fcstung\"],\"inLanguage\":\"de\"},{\"@type\":\"WebPage\",\"@id\":\"https:\\\/\\\/www.krafthand.de\\\/truck\\\/artikel\\\/avl-ditest-geraet-zur-partikelzaehlung-bei-pkw-lkw-i-krafthand-truck-32231\\\/\",\"url\":\"https:\\\/\\\/www.krafthand.de\\\/truck\\\/artikel\\\/avl-ditest-geraet-zur-partikelzaehlung-bei-pkw-lkw-i-krafthand-truck-32231\\\/\",\"name\":\"AVL-DiTEST: Neues Ger\u00e4t zur Messung der Partikelanzahl - Krafthand-Truck\",\"isPartOf\":{\"@id\":\"https:\\\/\\\/www.krafthand.de\\\/truck\\\/#website\"},\"primaryImageOfPage\":{\"@id\":\"https:\\\/\\\/www.krafthand.de\\\/truck\\\/artikel\\\/avl-ditest-geraet-zur-partikelzaehlung-bei-pkw-lkw-i-krafthand-truck-32231\\\/#primaryimage\"},\"image\":{\"@id\":\"https:\\\/\\\/www.krafthand.de\\\/truck\\\/artikel\\\/avl-ditest-geraet-zur-partikelzaehlung-bei-pkw-lkw-i-krafthand-truck-32231\\\/#primaryimage\"},\"thumbnailUrl\":\"https:\\\/\\\/static.krafthand-truck.de\\\/uploads\\\/2022\\\/04\\\/AVL_Ditest_Counter_Partikelzaehler_Krafthand_Truck.jpg\",\"datePublished\":\"2022-04-29T11:02:58+00:00\",\"dateModified\":\"2022-04-29T11:31:28+00:00\",\"author\":{\"@id\":\"https:\\\/\\\/www.krafthand.de\\\/truck\\\/#\\\/schema\\\/person\\\/51fa80b1c57034c4bf63f9f988fc24ce\"},\"description\":\"AVL DiTEST hat mit dem 'Counter' ein Ger\u00e4t zur pr\u00e4zisen Partikelz\u00e4hlung bei Pkw und Lkw im Programm.\",\"breadcrumb\":{\"@id\":\"https:\\\/\\\/www.krafthand.de\\\/truck\\\/artikel\\\/avl-ditest-geraet-zur-partikelzaehlung-bei-pkw-lkw-i-krafthand-truck-32231\\\/#breadcrumb\"},\"inLanguage\":\"de\",\"potentialAction\":[{\"@type\":\"ReadAction\",\"target\":[\"https:\\\/\\\/www.krafthand.de\\\/truck\\\/artikel\\\/avl-ditest-geraet-zur-partikelzaehlung-bei-pkw-lkw-i-krafthand-truck-32231\\\/\"]}]},{\"@type\":\"ImageObject\",\"inLanguage\":\"de\",\"@id\":\"https:\\\/\\\/www.krafthand.de\\\/truck\\\/artikel\\\/avl-ditest-geraet-zur-partikelzaehlung-bei-pkw-lkw-i-krafthand-truck-32231\\\/#primaryimage\",\"url\":\"https:\\\/\\\/static.krafthand-truck.de\\\/uploads\\\/2022\\\/04\\\/AVL_Ditest_Counter_Partikelzaehler_Krafthand_Truck.jpg\",\"contentUrl\":\"https:\\\/\\\/static.krafthand-truck.de\\\/uploads\\\/2022\\\/04\\\/AVL_Ditest_Counter_Partikelzaehler_Krafthand_Truck.jpg\",\"width\":1200,\"height\":867},{\"@type\":\"BreadcrumbList\",\"@id\":\"https:\\\/\\\/www.krafthand.de\\\/truck\\\/artikel\\\/avl-ditest-geraet-zur-partikelzaehlung-bei-pkw-lkw-i-krafthand-truck-32231\\\/#breadcrumb\",\"itemListElement\":[{\"@type\":\"ListItem\",\"position\":1,\"name\":\"Krafthand-Truck\",\"item\":\"https:\\\/\\\/www.krafthand.de\\\/truck\\\/\"},{\"@type\":\"ListItem\",\"position\":2,\"name\":\"Nfz-Service\",\"item\":\"https:\\\/\\\/www.krafthand.de\\\/truck\\\/kategorie\\\/nfz-service\\\/\"},{\"@type\":\"ListItem\",\"position\":3,\"name\":\"Werkstattausr\u00fcstung\",\"item\":\"https:\\\/\\\/www.krafthand.de\\\/truck\\\/kategorie\\\/nfz-service\\\/werkstattausruestung\\\/\"},{\"@type\":\"ListItem\",\"position\":4,\"name\":\"AVL-DiTEST: Neues Ger\u00e4t zur Messung der Partikelanzahl\"}]},{\"@type\":\"WebSite\",\"@id\":\"https:\\\/\\\/www.krafthand.de\\\/truck\\\/#website\",\"url\":\"https:\\\/\\\/www.krafthand.de\\\/truck\\\/\",\"name\":\"Krafthand-Truck\",\"description\":\"\",\"potentialAction\":[{\"@type\":\"SearchAction\",\"target\":{\"@type\":\"EntryPoint\",\"urlTemplate\":\"https:\\\/\\\/www.krafthand.de\\\/truck\\\/?s={search_term_string}\"},\"query-input\":{\"@type\":\"PropertyValueSpecification\",\"valueRequired\":true,\"valueName\":\"search_term_string\"}}],\"inLanguage\":\"de\"},{\"@type\":\"Person\",\"@id\":\"https:\\\/\\\/www.krafthand.de\\\/truck\\\/#\\\/schema\\\/person\\\/51fa80b1c57034c4bf63f9f988fc24ce\",\"name\":\"georg.blenk@krafthand-medien.de\",\"image\":{\"@type\":\"ImageObject\",\"inLanguage\":\"de\",\"@id\":\"https:\\\/\\\/secure.gravatar.com\\\/avatar\\\/93713c30affe0aa95d3a4130e499bb1abee2eb31adbdd9ce2aa1543538490215?s=96&d=mm&r=g\",\"url\":\"https:\\\/\\\/secure.gravatar.com\\\/avatar\\\/93713c30affe0aa95d3a4130e499bb1abee2eb31adbdd9ce2aa1543538490215?s=96&d=mm&r=g\",\"contentUrl\":\"https:\\\/\\\/secure.gravatar.com\\\/avatar\\\/93713c30affe0aa95d3a4130e499bb1abee2eb31adbdd9ce2aa1543538490215?s=96&d=mm&r=g\",\"caption\":\"georg.blenk@krafthand-medien.de\"}}]}<\/script>\n<!-- \/ Yoast SEO plugin. -->","yoast_head_json":{"title":"AVL-DiTEST: Neues Ger\u00e4t zur Messung der Partikelanzahl - Krafthand-Truck","description":"AVL DiTEST hat mit dem 'Counter' ein Ger\u00e4t zur pr\u00e4zisen Partikelz\u00e4hlung bei Pkw und Lkw im Programm.","robots":{"index":"index","follow":"follow","max-snippet":"max-snippet:-1","max-image-preview":"max-image-preview:large","max-video-preview":"max-video-preview:-1"},"canonical":"https:\/\/www.krafthand.de\/truck\/artikel\/avl-ditest-geraet-zur-partikelzaehlung-bei-pkw-lkw-i-krafthand-truck-32231\/","og_locale":"de_DE","og_type":"article","og_title":"AVL-DiTEST: Neues Ger\u00e4t zur Messung der Partikelanzahl - Krafthand-Truck","og_description":"AVL DiTEST hat mit dem 'Counter' ein Ger\u00e4t zur pr\u00e4zisen Partikelz\u00e4hlung bei Pkw und Lkw im Programm.","og_url":"https:\/\/www.krafthand-truck.de\/artikel\/avl-ditest-geraet-zur-partikelzaehlung-bei-pkw-lkw-i-krafthand-truck-32231\/","og_site_name":"Krafthand-Truck","article_published_time":"2022-04-29T11:02:58+00:00","article_modified_time":"2022-04-29T11:31:28+00:00","og_image":[{"width":1200,"height":867,"url":"https:\/\/static.krafthand-truck.de\/uploads\/2022\/04\/AVL_Ditest_Counter_Partikelzaehler_Krafthand_Truck.jpg","type":"image\/jpeg"}],"author":"georg.blenk@krafthand-medien.de","twitter_card":"summary_large_image","twitter_misc":{"Verfasst von":"georg.blenk@krafthand-medien.de","Gesch\u00e4tzte Lesezeit":"1\u00a0Minute"},"schema":{"@context":"https:\/\/schema.org","@graph":[{"@type":"Article","@id":"https:\/\/www.krafthand.de\/truck\/artikel\/avl-ditest-geraet-zur-partikelzaehlung-bei-pkw-lkw-i-krafthand-truck-32231\/#article","isPartOf":{"@id":"https:\/\/www.krafthand.de\/truck\/artikel\/avl-ditest-geraet-zur-partikelzaehlung-bei-pkw-lkw-i-krafthand-truck-32231\/"},"author":{"name":"georg.blenk@krafthand-medien.de","@id":"https:\/\/www.krafthand.de\/truck\/#\/schema\/person\/51fa80b1c57034c4bf63f9f988fc24ce"},"headline":"AVL-DiTEST: Neues Ger\u00e4t zur Messung der Partikelanzahl","datePublished":"2022-04-29T11:02:58+00:00","dateModified":"2022-04-29T11:31:28+00:00","mainEntityOfPage":{"@id":"https:\/\/www.krafthand.de\/truck\/artikel\/avl-ditest-geraet-zur-partikelzaehlung-bei-pkw-lkw-i-krafthand-truck-32231\/"},"wordCount":285,"image":{"@id":"https:\/\/www.krafthand.de\/truck\/artikel\/avl-ditest-geraet-zur-partikelzaehlung-bei-pkw-lkw-i-krafthand-truck-32231\/#primaryimage"},"thumbnailUrl":"https:\/\/static.krafthand-truck.de\/uploads\/2022\/04\/AVL_Ditest_Counter_Partikelzaehler_Krafthand_Truck.jpg","keywords":["AU","AVL Ditest","Counter","Partikelz\u00e4hler"],"articleSection":["Werkstattausr\u00fcstung"],"inLanguage":"de"},{"@type":"WebPage","@id":"https:\/\/www.krafthand.de\/truck\/artikel\/avl-ditest-geraet-zur-partikelzaehlung-bei-pkw-lkw-i-krafthand-truck-32231\/","url":"https:\/\/www.krafthand.de\/truck\/artikel\/avl-ditest-geraet-zur-partikelzaehlung-bei-pkw-lkw-i-krafthand-truck-32231\/","name":"AVL-DiTEST: Neues Ger\u00e4t zur Messung der Partikelanzahl - Krafthand-Truck","isPartOf":{"@id":"https:\/\/www.krafthand.de\/truck\/#website"},"primaryImageOfPage":{"@id":"https:\/\/www.krafthand.de\/truck\/artikel\/avl-ditest-geraet-zur-partikelzaehlung-bei-pkw-lkw-i-krafthand-truck-32231\/#primaryimage"},"image":{"@id":"https:\/\/www.krafthand.de\/truck\/artikel\/avl-ditest-geraet-zur-partikelzaehlung-bei-pkw-lkw-i-krafthand-truck-32231\/#primaryimage"},"thumbnailUrl":"https:\/\/static.krafthand-truck.de\/uploads\/2022\/04\/AVL_Ditest_Counter_Partikelzaehler_Krafthand_Truck.jpg","datePublished":"2022-04-29T11:02:58+00:00","dateModified":"2022-04-29T11:31:28+00:00","author":{"@id":"https:\/\/www.krafthand.de\/truck\/#\/schema\/person\/51fa80b1c57034c4bf63f9f988fc24ce"},"description":"AVL DiTEST hat mit dem 'Counter' ein Ger\u00e4t zur pr\u00e4zisen Partikelz\u00e4hlung bei Pkw und Lkw im Programm.","breadcrumb":{"@id":"https:\/\/www.krafthand.de\/truck\/artikel\/avl-ditest-geraet-zur-partikelzaehlung-bei-pkw-lkw-i-krafthand-truck-32231\/#breadcrumb"},"inLanguage":"de","potentialAction":[{"@type":"ReadAction","target":["https:\/\/www.krafthand.de\/truck\/artikel\/avl-ditest-geraet-zur-partikelzaehlung-bei-pkw-lkw-i-krafthand-truck-32231\/"]}]},{"@type":"ImageObject","inLanguage":"de","@id":"https:\/\/www.krafthand.de\/truck\/artikel\/avl-ditest-geraet-zur-partikelzaehlung-bei-pkw-lkw-i-krafthand-truck-32231\/#primaryimage","url":"https:\/\/static.krafthand-truck.de\/uploads\/2022\/04\/AVL_Ditest_Counter_Partikelzaehler_Krafthand_Truck.jpg","contentUrl":"https:\/\/static.krafthand-truck.de\/uploads\/2022\/04\/AVL_Ditest_Counter_Partikelzaehler_Krafthand_Truck.jpg","width":1200,"height":867},{"@type":"BreadcrumbList","@id":"https:\/\/www.krafthand.de\/truck\/artikel\/avl-ditest-geraet-zur-partikelzaehlung-bei-pkw-lkw-i-krafthand-truck-32231\/#breadcrumb","itemListElement":[{"@type":"ListItem","position":1,"name":"Krafthand-Truck","item":"https:\/\/www.krafthand.de\/truck\/"},{"@type":"ListItem","position":2,"name":"Nfz-Service","item":"https:\/\/www.krafthand.de\/truck\/kategorie\/nfz-service\/"},{"@type":"ListItem","position":3,"name":"Werkstattausr\u00fcstung","item":"https:\/\/www.krafthand.de\/truck\/kategorie\/nfz-service\/werkstattausruestung\/"},{"@type":"ListItem","position":4,"name":"AVL-DiTEST: Neues Ger\u00e4t zur Messung der Partikelanzahl"}]},{"@type":"WebSite","@id":"https:\/\/www.krafthand.de\/truck\/#website","url":"https:\/\/www.krafthand.de\/truck\/","name":"Krafthand-Truck","description":"","potentialAction":[{"@type":"SearchAction","target":{"@type":"EntryPoint","urlTemplate":"https:\/\/www.krafthand.de\/truck\/?s={search_term_string}"},"query-input":{"@type":"PropertyValueSpecification","valueRequired":true,"valueName":"search_term_string"}}],"inLanguage":"de"},{"@type":"Person","@id":"https:\/\/www.krafthand.de\/truck\/#\/schema\/person\/51fa80b1c57034c4bf63f9f988fc24ce","name":"georg.blenk@krafthand-medien.de","image":{"@type":"ImageObject","inLanguage":"de","@id":"https:\/\/secure.gravatar.com\/avatar\/93713c30affe0aa95d3a4130e499bb1abee2eb31adbdd9ce2aa1543538490215?s=96&d=mm&r=g","url":"https:\/\/secure.gravatar.com\/avatar\/93713c30affe0aa95d3a4130e499bb1abee2eb31adbdd9ce2aa1543538490215?s=96&d=mm&r=g","contentUrl":"https:\/\/secure.gravatar.com\/avatar\/93713c30affe0aa95d3a4130e499bb1abee2eb31adbdd9ce2aa1543538490215?s=96&d=mm&r=g","caption":"georg.blenk@krafthand-medien.de"}}]}},"_links":{"self":[{"href":"https:\/\/www.krafthand.de\/truck\/wp-json\/wp\/v2\/posts\/32231","targetHints":{"allow":["GET"]}}],"collection":[{"href":"https:\/\/www.krafthand.de\/truck\/wp-json\/wp\/v2\/posts"}],"about":[{"href":"https:\/\/www.krafthand.de\/truck\/wp-json\/wp\/v2\/types\/post"}],"author":[{"embeddable":true,"href":"https:\/\/www.krafthand.de\/truck\/wp-json\/wp\/v2\/users\/9"}],"replies":[{"embeddable":true,"href":"https:\/\/www.krafthand.de\/truck\/wp-json\/wp\/v2\/comments?post=32231"}],"version-history":[{"count":4,"href":"https:\/\/www.krafthand.de\/truck\/wp-json\/wp\/v2\/posts\/32231\/revisions"}],"predecessor-version":[{"id":32238,"href":"https:\/\/www.krafthand.de\/truck\/wp-json\/wp\/v2\/posts\/32231\/revisions\/32238"}],"wp:featuredmedia":[{"embeddable":true,"href":"https:\/\/www.krafthand.de\/truck\/wp-json\/wp\/v2\/media\/32232"}],"wp:attachment":[{"href":"https:\/\/www.krafthand.de\/truck\/wp-json\/wp\/v2\/media?parent=32231"}],"wp:term":[{"taxonomy":"category","embeddable":true,"href":"https:\/\/www.krafthand.de\/truck\/wp-json\/wp\/v2\/categories?post=32231"},{"taxonomy":"post_tag","embeddable":true,"href":"https:\/\/www.krafthand.de\/truck\/wp-json\/wp\/v2\/tags?post=32231"},{"taxonomy":"settings","embeddable":true,"href":"https:\/\/www.krafthand.de\/truck\/wp-json\/wp\/v2\/settings?post=32231"}],"curies":[{"name":"wp","href":"https:\/\/api.w.org\/{rel}","templated":true}]}}