{"id":32185,"date":"2022-04-26T10:22:33","date_gmt":"2022-04-26T08:22:33","guid":{"rendered":"https:\/\/www.krafthand.de\/truck\/?p=32185"},"modified":"2022-04-26T10:24:52","modified_gmt":"2022-04-26T08:24:52","slug":"man-produziert-wieder","status":"publish","type":"post","link":"https:\/\/www.krafthand.de\/truck\/artikel\/man-produziert-wieder-32185\/","title":{"rendered":"MAN produziert wieder"},"content":{"rendered":"<p>MAN hat wieder mit dem Anlauf der Lkw-Produktion begonnen. Die Produktion stand aufgrund von Lieferausf\u00e4llen wegen des Ukraine-Krieges in den Lkw-Werken von MAN in M\u00fcnchen und Krakau seit Mitte M\u00e4rz sechs Wochen still. Auch die Komponentenwerke von MAN in N\u00fcrnberg und Salzgitter fahren ihre Kapazit\u00e4ten laut <a href=\"https:\/\/www.man.eu\/de\/de\/homepage.html\" target=\"_blank\" rel=\"noopener\">MAN<\/a> jetzt Schritt f\u00fcr Schritt wieder hoch. Der Wiederanlauf in M\u00fcnchen wurde am fr\u00fchen Montagmorgen vom Bayerischen Ministerpr\u00e4sident Dr. Markus S\u00f6der begleitet.<\/p>\n<blockquote><p>\u201eDer Wiederanlauf in unserer Lkw-Produktion ist ein sehr gutes Signal f\u00fcr unsere Belegschaft und unsere Kunden. Es besteht allerdings noch kein Grund zur Euphorie. Wir werden uns nur schrittweise unseren \u00fcblichen Fertigungsniveaus n\u00e4hern. Die Produktion bleibt weiter mit gro\u00dfen Unsicherheiten behaftet. Sollte sich der Krieg wieder st\u00e4rker in die Westukraine verlagern, kann es zu einem erneuten Stillstand kommen. Flexibilit\u00e4t ist und bleibt das Gebot der Stunde, ebenso wie eine strenge Kostendisziplin&#8220;, sagte der MAN-CEO Alexander Vlaskamp.<\/p><\/blockquote>\n<p>Die Kabelstrang-Lieferanten in der Ukraine die f\u00fcr MAN Kabelstr\u00e4nge produzieren, k\u00f6nnen aktuell wieder fertigen und liefern, wenn auch auf niedrigem Niveau. Zudem liegt MAN bei der Duplizierung der Kabelstrang-Fertigung in anderen L\u00e4ndern im Plan. Zun\u00e4chst wird MAN jedoch deutlich weniger Varianten im Programm haben und \u2013 bei hoher Unsicherheit \u2013 schrittweise hochfahren.<\/p>\n<p>MAN m\u00f6chte konsequent an seinem Restrukturierungsprogramm im Zusammenhang mit der Transformation des Unternehmens festhalten. Aufgrund des verminderten Produktionsprogramms wird das Unternehmen auch weiterhin auf das Instrument der Kurzarbeit an den deutschen Standorten zur\u00fcckgreifen m\u00fcssen.<\/p>\n","protected":false},"excerpt":{"rendered":"<p>MAN hat wieder mit dem Anlauf der Lkw-Produktion begonnen. Die Produktion stand aufgrund von Lieferausf\u00e4llen wegen des Ukraine-Krieges in den Lkw-Werken von MAN in M\u00fcnchen und Krakau seit Mitte M\u00e4rz sechs Wochen still. <span class=\"excerpt-more__dots\">&#8230;<\/span> <a class=\"excerpt-more__link\" href=\"https:\/\/www.krafthand.de\/truck\/artikel\/man-produziert-wieder-32185\/\" >weiter<\/a><\/p>\n","protected":false},"author":9,"featured_media":32188,"comment_status":"closed","ping_status":"closed","sticky":false,"template":"","format":"standard","meta":{"footnotes":""},"categories":[4235],"tags":[5183,152,5184,3210],"settings":[3523],"class_list":["post-32185","post","type-post","status-publish","format-standard","has-post-thumbnail","hentry","category-unternehmen","tag-alexander-vlaskamp","tag-man","tag-markus-soeder","tag-produktion"],"yoast_head":"<!-- This site is optimized with the Yoast SEO plugin v27.3 - https:\/\/yoast.com\/product\/yoast-seo-wordpress\/ -->\n<title>MAN produziert wieder I Krafthand-Truck<\/title>\n<meta name=\"description\" content=\"MAN begann mit dem Anlauf der Lkw-Produktion. Die Produktion stand aufgrund von Lieferausf\u00e4llen in den Lkw-Werken still.\" \/>\n<meta name=\"robots\" content=\"index, follow, max-snippet:-1, max-image-preview:large, max-video-preview:-1\" \/>\n<link rel=\"canonical\" href=\"https:\/\/www.krafthand.de\/truck\/artikel\/man-produziert-wieder-32185\/\" \/>\n<meta property=\"og:locale\" content=\"de_DE\" \/>\n<meta property=\"og:type\" content=\"article\" \/>\n<meta property=\"og:title\" content=\"MAN produziert wieder I Krafthand-Truck\" \/>\n<meta property=\"og:description\" content=\"MAN begann mit dem Anlauf der Lkw-Produktion. Die Produktion stand aufgrund von Lieferausf\u00e4llen in den Lkw-Werken still.\" \/>\n<meta property=\"og:url\" content=\"https:\/\/www.krafthand-truck.de\/artikel\/man-produziert-wieder-32185\/\" \/>\n<meta property=\"og:site_name\" content=\"Krafthand-Truck\" \/>\n<meta property=\"article:published_time\" content=\"2022-04-26T08:22:33+00:00\" \/>\n<meta property=\"article:modified_time\" content=\"2022-04-26T08:24:52+00:00\" \/>\n<meta property=\"og:image\" content=\"https:\/\/static.krafthand-truck.de\/uploads\/2022\/04\/MAN_Markus_Soeder_Muenchen_Krafthand_Truck.jpg\" \/>\n\t<meta property=\"og:image:width\" content=\"1200\" \/>\n\t<meta property=\"og:image:height\" content=\"915\" \/>\n\t<meta property=\"og:image:type\" content=\"image\/jpeg\" \/>\n<meta name=\"author\" content=\"georg.blenk@krafthand-medien.de\" \/>\n<meta name=\"twitter:card\" content=\"summary_large_image\" \/>\n<meta name=\"twitter:label1\" content=\"Verfasst von\" \/>\n\t<meta name=\"twitter:data1\" content=\"georg.blenk@krafthand-medien.de\" \/>\n\t<meta name=\"twitter:label2\" content=\"Gesch\u00e4tzte Lesezeit\" \/>\n\t<meta name=\"twitter:data2\" content=\"1\u00a0Minute\" \/>\n<script type=\"application\/ld+json\" class=\"yoast-schema-graph\">{\"@context\":\"https:\\\/\\\/schema.org\",\"@graph\":[{\"@type\":\"Article\",\"@id\":\"https:\\\/\\\/www.krafthand.de\\\/truck\\\/artikel\\\/man-produziert-wieder-32185\\\/#article\",\"isPartOf\":{\"@id\":\"https:\\\/\\\/www.krafthand.de\\\/truck\\\/artikel\\\/man-produziert-wieder-32185\\\/\"},\"author\":{\"name\":\"georg.blenk@krafthand-medien.de\",\"@id\":\"https:\\\/\\\/www.krafthand.de\\\/truck\\\/#\\\/schema\\\/person\\\/51fa80b1c57034c4bf63f9f988fc24ce\"},\"headline\":\"MAN produziert wieder\",\"datePublished\":\"2022-04-26T08:22:33+00:00\",\"dateModified\":\"2022-04-26T08:24:52+00:00\",\"mainEntityOfPage\":{\"@id\":\"https:\\\/\\\/www.krafthand.de\\\/truck\\\/artikel\\\/man-produziert-wieder-32185\\\/\"},\"wordCount\":254,\"image\":{\"@id\":\"https:\\\/\\\/www.krafthand.de\\\/truck\\\/artikel\\\/man-produziert-wieder-32185\\\/#primaryimage\"},\"thumbnailUrl\":\"https:\\\/\\\/static.krafthand-truck.de\\\/uploads\\\/2022\\\/04\\\/MAN_Markus_Soeder_Muenchen_Krafthand_Truck.jpg\",\"keywords\":[\"Alexander Vlaskamp\",\"MAN\",\"Markus S\u00f6der\",\"Produktion\"],\"articleSection\":[\"Unternehmen\"],\"inLanguage\":\"de\"},{\"@type\":\"WebPage\",\"@id\":\"https:\\\/\\\/www.krafthand.de\\\/truck\\\/artikel\\\/man-produziert-wieder-32185\\\/\",\"url\":\"https:\\\/\\\/www.krafthand.de\\\/truck\\\/artikel\\\/man-produziert-wieder-32185\\\/\",\"name\":\"MAN produziert wieder I Krafthand-Truck\",\"isPartOf\":{\"@id\":\"https:\\\/\\\/www.krafthand.de\\\/truck\\\/#website\"},\"primaryImageOfPage\":{\"@id\":\"https:\\\/\\\/www.krafthand.de\\\/truck\\\/artikel\\\/man-produziert-wieder-32185\\\/#primaryimage\"},\"image\":{\"@id\":\"https:\\\/\\\/www.krafthand.de\\\/truck\\\/artikel\\\/man-produziert-wieder-32185\\\/#primaryimage\"},\"thumbnailUrl\":\"https:\\\/\\\/static.krafthand-truck.de\\\/uploads\\\/2022\\\/04\\\/MAN_Markus_Soeder_Muenchen_Krafthand_Truck.jpg\",\"datePublished\":\"2022-04-26T08:22:33+00:00\",\"dateModified\":\"2022-04-26T08:24:52+00:00\",\"author\":{\"@id\":\"https:\\\/\\\/www.krafthand.de\\\/truck\\\/#\\\/schema\\\/person\\\/51fa80b1c57034c4bf63f9f988fc24ce\"},\"description\":\"MAN begann mit dem Anlauf der Lkw-Produktion. Die Produktion stand aufgrund von Lieferausf\u00e4llen in den Lkw-Werken still.\",\"breadcrumb\":{\"@id\":\"https:\\\/\\\/www.krafthand.de\\\/truck\\\/artikel\\\/man-produziert-wieder-32185\\\/#breadcrumb\"},\"inLanguage\":\"de\",\"potentialAction\":[{\"@type\":\"ReadAction\",\"target\":[\"https:\\\/\\\/www.krafthand.de\\\/truck\\\/artikel\\\/man-produziert-wieder-32185\\\/\"]}]},{\"@type\":\"ImageObject\",\"inLanguage\":\"de\",\"@id\":\"https:\\\/\\\/www.krafthand.de\\\/truck\\\/artikel\\\/man-produziert-wieder-32185\\\/#primaryimage\",\"url\":\"https:\\\/\\\/static.krafthand-truck.de\\\/uploads\\\/2022\\\/04\\\/MAN_Markus_Soeder_Muenchen_Krafthand_Truck.jpg\",\"contentUrl\":\"https:\\\/\\\/static.krafthand-truck.de\\\/uploads\\\/2022\\\/04\\\/MAN_Markus_Soeder_Muenchen_Krafthand_Truck.jpg\",\"width\":1200,\"height\":915},{\"@type\":\"BreadcrumbList\",\"@id\":\"https:\\\/\\\/www.krafthand.de\\\/truck\\\/artikel\\\/man-produziert-wieder-32185\\\/#breadcrumb\",\"itemListElement\":[{\"@type\":\"ListItem\",\"position\":1,\"name\":\"Krafthand-Truck\",\"item\":\"https:\\\/\\\/www.krafthand.de\\\/truck\\\/\"},{\"@type\":\"ListItem\",\"position\":2,\"name\":\"Nfz-Branche\",\"item\":\"https:\\\/\\\/www.krafthand.de\\\/truck\\\/kategorie\\\/branche\\\/\"},{\"@type\":\"ListItem\",\"position\":3,\"name\":\"Unternehmen\",\"item\":\"https:\\\/\\\/www.krafthand.de\\\/truck\\\/kategorie\\\/branche\\\/unternehmen\\\/\"},{\"@type\":\"ListItem\",\"position\":4,\"name\":\"MAN produziert wieder\"}]},{\"@type\":\"WebSite\",\"@id\":\"https:\\\/\\\/www.krafthand.de\\\/truck\\\/#website\",\"url\":\"https:\\\/\\\/www.krafthand.de\\\/truck\\\/\",\"name\":\"Krafthand-Truck\",\"description\":\"\",\"potentialAction\":[{\"@type\":\"SearchAction\",\"target\":{\"@type\":\"EntryPoint\",\"urlTemplate\":\"https:\\\/\\\/www.krafthand.de\\\/truck\\\/?s={search_term_string}\"},\"query-input\":{\"@type\":\"PropertyValueSpecification\",\"valueRequired\":true,\"valueName\":\"search_term_string\"}}],\"inLanguage\":\"de\"},{\"@type\":\"Person\",\"@id\":\"https:\\\/\\\/www.krafthand.de\\\/truck\\\/#\\\/schema\\\/person\\\/51fa80b1c57034c4bf63f9f988fc24ce\",\"name\":\"georg.blenk@krafthand-medien.de\",\"image\":{\"@type\":\"ImageObject\",\"inLanguage\":\"de\",\"@id\":\"https:\\\/\\\/secure.gravatar.com\\\/avatar\\\/93713c30affe0aa95d3a4130e499bb1abee2eb31adbdd9ce2aa1543538490215?s=96&d=mm&r=g\",\"url\":\"https:\\\/\\\/secure.gravatar.com\\\/avatar\\\/93713c30affe0aa95d3a4130e499bb1abee2eb31adbdd9ce2aa1543538490215?s=96&d=mm&r=g\",\"contentUrl\":\"https:\\\/\\\/secure.gravatar.com\\\/avatar\\\/93713c30affe0aa95d3a4130e499bb1abee2eb31adbdd9ce2aa1543538490215?s=96&d=mm&r=g\",\"caption\":\"georg.blenk@krafthand-medien.de\"}}]}<\/script>\n<!-- \/ Yoast SEO plugin. -->","yoast_head_json":{"title":"MAN produziert wieder I Krafthand-Truck","description":"MAN begann mit dem Anlauf der Lkw-Produktion. Die Produktion stand aufgrund von Lieferausf\u00e4llen in den Lkw-Werken still.","robots":{"index":"index","follow":"follow","max-snippet":"max-snippet:-1","max-image-preview":"max-image-preview:large","max-video-preview":"max-video-preview:-1"},"canonical":"https:\/\/www.krafthand.de\/truck\/artikel\/man-produziert-wieder-32185\/","og_locale":"de_DE","og_type":"article","og_title":"MAN produziert wieder I Krafthand-Truck","og_description":"MAN begann mit dem Anlauf der Lkw-Produktion. Die Produktion stand aufgrund von Lieferausf\u00e4llen in den Lkw-Werken still.","og_url":"https:\/\/www.krafthand-truck.de\/artikel\/man-produziert-wieder-32185\/","og_site_name":"Krafthand-Truck","article_published_time":"2022-04-26T08:22:33+00:00","article_modified_time":"2022-04-26T08:24:52+00:00","og_image":[{"width":1200,"height":915,"url":"https:\/\/static.krafthand-truck.de\/uploads\/2022\/04\/MAN_Markus_Soeder_Muenchen_Krafthand_Truck.jpg","type":"image\/jpeg"}],"author":"georg.blenk@krafthand-medien.de","twitter_card":"summary_large_image","twitter_misc":{"Verfasst von":"georg.blenk@krafthand-medien.de","Gesch\u00e4tzte Lesezeit":"1\u00a0Minute"},"schema":{"@context":"https:\/\/schema.org","@graph":[{"@type":"Article","@id":"https:\/\/www.krafthand.de\/truck\/artikel\/man-produziert-wieder-32185\/#article","isPartOf":{"@id":"https:\/\/www.krafthand.de\/truck\/artikel\/man-produziert-wieder-32185\/"},"author":{"name":"georg.blenk@krafthand-medien.de","@id":"https:\/\/www.krafthand.de\/truck\/#\/schema\/person\/51fa80b1c57034c4bf63f9f988fc24ce"},"headline":"MAN produziert wieder","datePublished":"2022-04-26T08:22:33+00:00","dateModified":"2022-04-26T08:24:52+00:00","mainEntityOfPage":{"@id":"https:\/\/www.krafthand.de\/truck\/artikel\/man-produziert-wieder-32185\/"},"wordCount":254,"image":{"@id":"https:\/\/www.krafthand.de\/truck\/artikel\/man-produziert-wieder-32185\/#primaryimage"},"thumbnailUrl":"https:\/\/static.krafthand-truck.de\/uploads\/2022\/04\/MAN_Markus_Soeder_Muenchen_Krafthand_Truck.jpg","keywords":["Alexander Vlaskamp","MAN","Markus S\u00f6der","Produktion"],"articleSection":["Unternehmen"],"inLanguage":"de"},{"@type":"WebPage","@id":"https:\/\/www.krafthand.de\/truck\/artikel\/man-produziert-wieder-32185\/","url":"https:\/\/www.krafthand.de\/truck\/artikel\/man-produziert-wieder-32185\/","name":"MAN produziert wieder I Krafthand-Truck","isPartOf":{"@id":"https:\/\/www.krafthand.de\/truck\/#website"},"primaryImageOfPage":{"@id":"https:\/\/www.krafthand.de\/truck\/artikel\/man-produziert-wieder-32185\/#primaryimage"},"image":{"@id":"https:\/\/www.krafthand.de\/truck\/artikel\/man-produziert-wieder-32185\/#primaryimage"},"thumbnailUrl":"https:\/\/static.krafthand-truck.de\/uploads\/2022\/04\/MAN_Markus_Soeder_Muenchen_Krafthand_Truck.jpg","datePublished":"2022-04-26T08:22:33+00:00","dateModified":"2022-04-26T08:24:52+00:00","author":{"@id":"https:\/\/www.krafthand.de\/truck\/#\/schema\/person\/51fa80b1c57034c4bf63f9f988fc24ce"},"description":"MAN begann mit dem Anlauf der Lkw-Produktion. Die Produktion stand aufgrund von Lieferausf\u00e4llen in den Lkw-Werken still.","breadcrumb":{"@id":"https:\/\/www.krafthand.de\/truck\/artikel\/man-produziert-wieder-32185\/#breadcrumb"},"inLanguage":"de","potentialAction":[{"@type":"ReadAction","target":["https:\/\/www.krafthand.de\/truck\/artikel\/man-produziert-wieder-32185\/"]}]},{"@type":"ImageObject","inLanguage":"de","@id":"https:\/\/www.krafthand.de\/truck\/artikel\/man-produziert-wieder-32185\/#primaryimage","url":"https:\/\/static.krafthand-truck.de\/uploads\/2022\/04\/MAN_Markus_Soeder_Muenchen_Krafthand_Truck.jpg","contentUrl":"https:\/\/static.krafthand-truck.de\/uploads\/2022\/04\/MAN_Markus_Soeder_Muenchen_Krafthand_Truck.jpg","width":1200,"height":915},{"@type":"BreadcrumbList","@id":"https:\/\/www.krafthand.de\/truck\/artikel\/man-produziert-wieder-32185\/#breadcrumb","itemListElement":[{"@type":"ListItem","position":1,"name":"Krafthand-Truck","item":"https:\/\/www.krafthand.de\/truck\/"},{"@type":"ListItem","position":2,"name":"Nfz-Branche","item":"https:\/\/www.krafthand.de\/truck\/kategorie\/branche\/"},{"@type":"ListItem","position":3,"name":"Unternehmen","item":"https:\/\/www.krafthand.de\/truck\/kategorie\/branche\/unternehmen\/"},{"@type":"ListItem","position":4,"name":"MAN produziert wieder"}]},{"@type":"WebSite","@id":"https:\/\/www.krafthand.de\/truck\/#website","url":"https:\/\/www.krafthand.de\/truck\/","name":"Krafthand-Truck","description":"","potentialAction":[{"@type":"SearchAction","target":{"@type":"EntryPoint","urlTemplate":"https:\/\/www.krafthand.de\/truck\/?s={search_term_string}"},"query-input":{"@type":"PropertyValueSpecification","valueRequired":true,"valueName":"search_term_string"}}],"inLanguage":"de"},{"@type":"Person","@id":"https:\/\/www.krafthand.de\/truck\/#\/schema\/person\/51fa80b1c57034c4bf63f9f988fc24ce","name":"georg.blenk@krafthand-medien.de","image":{"@type":"ImageObject","inLanguage":"de","@id":"https:\/\/secure.gravatar.com\/avatar\/93713c30affe0aa95d3a4130e499bb1abee2eb31adbdd9ce2aa1543538490215?s=96&d=mm&r=g","url":"https:\/\/secure.gravatar.com\/avatar\/93713c30affe0aa95d3a4130e499bb1abee2eb31adbdd9ce2aa1543538490215?s=96&d=mm&r=g","contentUrl":"https:\/\/secure.gravatar.com\/avatar\/93713c30affe0aa95d3a4130e499bb1abee2eb31adbdd9ce2aa1543538490215?s=96&d=mm&r=g","caption":"georg.blenk@krafthand-medien.de"}}]}},"_links":{"self":[{"href":"https:\/\/www.krafthand.de\/truck\/wp-json\/wp\/v2\/posts\/32185","targetHints":{"allow":["GET"]}}],"collection":[{"href":"https:\/\/www.krafthand.de\/truck\/wp-json\/wp\/v2\/posts"}],"about":[{"href":"https:\/\/www.krafthand.de\/truck\/wp-json\/wp\/v2\/types\/post"}],"author":[{"embeddable":true,"href":"https:\/\/www.krafthand.de\/truck\/wp-json\/wp\/v2\/users\/9"}],"replies":[{"embeddable":true,"href":"https:\/\/www.krafthand.de\/truck\/wp-json\/wp\/v2\/comments?post=32185"}],"version-history":[{"count":5,"href":"https:\/\/www.krafthand.de\/truck\/wp-json\/wp\/v2\/posts\/32185\/revisions"}],"predecessor-version":[{"id":32191,"href":"https:\/\/www.krafthand.de\/truck\/wp-json\/wp\/v2\/posts\/32185\/revisions\/32191"}],"wp:featuredmedia":[{"embeddable":true,"href":"https:\/\/www.krafthand.de\/truck\/wp-json\/wp\/v2\/media\/32188"}],"wp:attachment":[{"href":"https:\/\/www.krafthand.de\/truck\/wp-json\/wp\/v2\/media?parent=32185"}],"wp:term":[{"taxonomy":"category","embeddable":true,"href":"https:\/\/www.krafthand.de\/truck\/wp-json\/wp\/v2\/categories?post=32185"},{"taxonomy":"post_tag","embeddable":true,"href":"https:\/\/www.krafthand.de\/truck\/wp-json\/wp\/v2\/tags?post=32185"},{"taxonomy":"settings","embeddable":true,"href":"https:\/\/www.krafthand.de\/truck\/wp-json\/wp\/v2\/settings?post=32185"}],"curies":[{"name":"wp","href":"https:\/\/api.w.org\/{rel}","templated":true}]}}