{"id":3216,"date":"2017-09-27T12:10:44","date_gmt":"2017-09-27T10:10:44","guid":{"rendered":"https:\/\/www.krafthand.de\/truck\/artikel\/mobil-starten-und-laden-mit-startium-980e-von-gys-3216\/"},"modified":"2017-09-27T12:10:44","modified_gmt":"2017-09-27T10:10:44","slug":"mobil-starten-und-laden-mit-startium-980e-von-gys","status":"publish","type":"post","link":"https:\/\/www.krafthand.de\/truck\/artikel\/mobil-starten-und-laden-mit-startium-980e-von-gys-3216\/","title":{"rendered":"Mobil starten und laden mit &#8218;Startium 980E&#8216; von GYS"},"content":{"rendered":"<p class=\"text-colored\">Streikt die Starterbatterie, ist schnelle Hilfe gefragt. Doch mit Fremdstarten alleine ist die Sache meist nur teilweise erledigt, idealerweise sollte man anschlie\u00dfend die Batterie erst voll laden, bevor das Fahrzeug wieder auf Tour geht. Beispielsweise mit dem &#8218;Startium 980E&#8216; des franz\u00f6sischen Ladetechnik-Spezialisten GYS. Das fahrbare Startund Ladeger\u00e4t arbeitet automatisch, eine integrierte Mikroprozessorsteuerung soll dabei eine hohe Sicherheit und Effizienz bieten.<\/p>\n<p>Den Produktinformationen zufolge eignet sich das &#8218;Startium 980E&#8216; f\u00fcr 12- und 24-Volt-Bordnetze und f\u00fcr alle Bleibatterie-Typen (fl\u00fcssig, Gel, AGM, Start&amp;Stop, Calcium, VRLA, EFB etc.) von 20 bis 750 Ah (12 V) beziehungsweise 20 bis 525 Ah (24 V). Den maximalen Startstrom gibt GYS mit 500 A (12 V) beziehungsweise 400 A (24 V) an. Sicherheit soll unter anderem die serienm\u00e4\u00dfige &#8218;intelligente Startfunktion&#8216; bieten. Damit erkennt das Startger\u00e4t automatisch besch\u00e4digte und sulfatierte Batterien und verhindert einen Startvorgang, um die empfindliche Bordelektronik des Fahrzeugs zu sch\u00fctzen.<\/p>\n<p>Tiefentladene Akkus sollen sich ab einer Restspannung von einem Volt wieder aufp\u00e4ppeln lassen, wobei das Ger\u00e4t permanent den Batteriezustand analysiert und die Ladeintensit\u00e4t entsprechend reguliert. Dank der Funktion &#8218;SOS Recovery&#8216;, welche laut GYS in die Ladekurve integriert ist, sollen sich sogar bereits sulfatierte Akkus wieder regenerieren lassen. Eine Digitalanzeige zeigt dabei die Spannung und den Ladeprozentsatz der Batterie in Echtzeit an. Ist diese schlie\u00dflich &#8218;voll&#8216;, schaltet das &#8218;Startium 980E&#8216; selbstt\u00e4tig auf &#8218;Floating&#8216; (= Spannungserhaltung) um.<\/p>\n","protected":false},"excerpt":{"rendered":"<p>Streikt die Starterbatterie, ist schnelle Hilfe gefragt. Doch mit Fremdstarten alleine ist die Sache meist nur teilweise erledigt, idealerweise sollte man anschlie\u00dfend die Batterie erst voll laden, bevor das Fahrzeug wieder auf Tour geht. Beispielsweise mit dem &#8218;Startium 980E&#8216; des franz\u00f6sischen Ladetechnik-Spezialisten GYS. Das fahrbare Startund Ladeger\u00e4t arbeitet automatisch, eine integrierte Mikroprozessorsteuerung soll dabei eine hohe Sicherheit und Effizienz bieten. <span class=\"excerpt-more__dots\">&#8230;<\/span> <a class=\"excerpt-more__link\" href=\"https:\/\/www.krafthand.de\/truck\/artikel\/mobil-starten-und-laden-mit-startium-980e-von-gys-3216\/\" >weiter<\/a><\/p>\n","protected":false},"author":3,"featured_media":3217,"comment_status":"closed","ping_status":"closed","sticky":false,"template":"","format":"standard","meta":{"footnotes":""},"categories":[5],"tags":[1502,2229,1367,3356,3354,3355],"settings":[],"class_list":["post-3216","post","type-post","status-publish","format-standard","has-post-thumbnail","hentry","category-branche","tag-batterie","tag-gys","tag-ladegeraet","tag-mikroprozessorsteuerung","tag-startgeraet","tag-startium-980e"],"yoast_head":"<!-- This site is optimized with the Yoast SEO plugin v27.3 - https:\/\/yoast.com\/product\/yoast-seo-wordpress\/ -->\n<title>Mobil starten und laden mit &#039;Startium 980E&#039; von GYS - Krafthand-Truck<\/title>\n<meta name=\"robots\" content=\"index, follow, max-snippet:-1, max-image-preview:large, max-video-preview:-1\" \/>\n<link rel=\"canonical\" href=\"https:\/\/www.krafthand.de\/truck\/artikel\/mobil-starten-und-laden-mit-startium-980e-von-gys-3216\/\" \/>\n<meta property=\"og:locale\" content=\"de_DE\" \/>\n<meta property=\"og:type\" content=\"article\" \/>\n<meta property=\"og:title\" content=\"Mobil starten und laden mit &#039;Startium 980E&#039; von GYS - Krafthand-Truck\" \/>\n<meta property=\"og:description\" content=\"Streikt die Starterbatterie, ist schnelle Hilfe gefragt. Doch mit Fremdstarten alleine ist die Sache meist nur teilweise erledigt, idealerweise sollte man anschlie\u00dfend die Batterie erst voll laden, bevor das Fahrzeug wieder auf Tour geht. Beispielsweise mit dem &#039;Startium 980E&#039; des franz\u00f6sischen Ladetechnik-Spezialisten GYS. Das fahrbare Startund Ladeger\u00e4t arbeitet automatisch, eine integrierte Mikroprozessorsteuerung soll dabei eine hohe Sicherheit und Effizienz bieten. ... weiter\" \/>\n<meta property=\"og:url\" content=\"https:\/\/www.krafthand-truck.de\/artikel\/mobil-starten-und-laden-mit-startium-980e-von-gys-3216\/\" \/>\n<meta property=\"og:site_name\" content=\"Krafthand-Truck\" \/>\n<meta property=\"article:published_time\" content=\"2017-09-27T10:10:44+00:00\" \/>\n<meta property=\"og:image\" content=\"https:\/\/www.krafthand.de\/truck\/wp-content\/uploads\/2017\/09\/kht0317_019.jpg\" \/>\n\t<meta property=\"og:image:width\" content=\"1200\" \/>\n\t<meta property=\"og:image:height\" content=\"1200\" \/>\n\t<meta property=\"og:image:type\" content=\"image\/jpeg\" \/>\n<meta name=\"author\" content=\"katja.heid@krafthand.de\" \/>\n<meta name=\"twitter:card\" content=\"summary_large_image\" \/>\n<meta name=\"twitter:label1\" content=\"Verfasst von\" \/>\n\t<meta name=\"twitter:data1\" content=\"katja.heid@krafthand.de\" \/>\n\t<meta name=\"twitter:label2\" content=\"Gesch\u00e4tzte Lesezeit\" \/>\n\t<meta name=\"twitter:data2\" content=\"1\u00a0Minute\" \/>\n<script type=\"application\/ld+json\" class=\"yoast-schema-graph\">{\"@context\":\"https:\\\/\\\/schema.org\",\"@graph\":[{\"@type\":\"Article\",\"@id\":\"https:\\\/\\\/www.krafthand.de\\\/truck\\\/artikel\\\/mobil-starten-und-laden-mit-startium-980e-von-gys-3216\\\/#article\",\"isPartOf\":{\"@id\":\"https:\\\/\\\/www.krafthand.de\\\/truck\\\/artikel\\\/mobil-starten-und-laden-mit-startium-980e-von-gys-3216\\\/\"},\"author\":{\"name\":\"katja.heid@krafthand.de\",\"@id\":\"https:\\\/\\\/www.krafthand.de\\\/truck\\\/#\\\/schema\\\/person\\\/8e290c6d425b72d176adc7767a251001\"},\"headline\":\"Mobil starten und laden mit &#8218;Startium 980E&#8216; von GYS\",\"datePublished\":\"2017-09-27T10:10:44+00:00\",\"mainEntityOfPage\":{\"@id\":\"https:\\\/\\\/www.krafthand.de\\\/truck\\\/artikel\\\/mobil-starten-und-laden-mit-startium-980e-von-gys-3216\\\/\"},\"wordCount\":236,\"image\":{\"@id\":\"https:\\\/\\\/www.krafthand.de\\\/truck\\\/artikel\\\/mobil-starten-und-laden-mit-startium-980e-von-gys-3216\\\/#primaryimage\"},\"thumbnailUrl\":\"https:\\\/\\\/static.krafthand-truck.de\\\/uploads\\\/2017\\\/09\\\/kht0317_019.jpg\",\"keywords\":[\"Batterie\",\"Gys\",\"Ladeger\u00e4t\",\"Mikroprozessorsteuerung\",\"Startger\u00e4t\",\"Startium 980E\"],\"articleSection\":[\"Nfz-Branche\"],\"inLanguage\":\"de\"},{\"@type\":\"WebPage\",\"@id\":\"https:\\\/\\\/www.krafthand.de\\\/truck\\\/artikel\\\/mobil-starten-und-laden-mit-startium-980e-von-gys-3216\\\/\",\"url\":\"https:\\\/\\\/www.krafthand.de\\\/truck\\\/artikel\\\/mobil-starten-und-laden-mit-startium-980e-von-gys-3216\\\/\",\"name\":\"Mobil starten und laden mit 'Startium 980E' von GYS - Krafthand-Truck\",\"isPartOf\":{\"@id\":\"https:\\\/\\\/www.krafthand.de\\\/truck\\\/#website\"},\"primaryImageOfPage\":{\"@id\":\"https:\\\/\\\/www.krafthand.de\\\/truck\\\/artikel\\\/mobil-starten-und-laden-mit-startium-980e-von-gys-3216\\\/#primaryimage\"},\"image\":{\"@id\":\"https:\\\/\\\/www.krafthand.de\\\/truck\\\/artikel\\\/mobil-starten-und-laden-mit-startium-980e-von-gys-3216\\\/#primaryimage\"},\"thumbnailUrl\":\"https:\\\/\\\/static.krafthand-truck.de\\\/uploads\\\/2017\\\/09\\\/kht0317_019.jpg\",\"datePublished\":\"2017-09-27T10:10:44+00:00\",\"author\":{\"@id\":\"https:\\\/\\\/www.krafthand.de\\\/truck\\\/#\\\/schema\\\/person\\\/8e290c6d425b72d176adc7767a251001\"},\"breadcrumb\":{\"@id\":\"https:\\\/\\\/www.krafthand.de\\\/truck\\\/artikel\\\/mobil-starten-und-laden-mit-startium-980e-von-gys-3216\\\/#breadcrumb\"},\"inLanguage\":\"de\",\"potentialAction\":[{\"@type\":\"ReadAction\",\"target\":[\"https:\\\/\\\/www.krafthand.de\\\/truck\\\/artikel\\\/mobil-starten-und-laden-mit-startium-980e-von-gys-3216\\\/\"]}]},{\"@type\":\"ImageObject\",\"inLanguage\":\"de\",\"@id\":\"https:\\\/\\\/www.krafthand.de\\\/truck\\\/artikel\\\/mobil-starten-und-laden-mit-startium-980e-von-gys-3216\\\/#primaryimage\",\"url\":\"https:\\\/\\\/static.krafthand-truck.de\\\/uploads\\\/2017\\\/09\\\/kht0317_019.jpg\",\"contentUrl\":\"https:\\\/\\\/static.krafthand-truck.de\\\/uploads\\\/2017\\\/09\\\/kht0317_019.jpg\",\"width\":1200,\"height\":1200,\"caption\":\"Start- und Ladeger\u00e4t in einem: Das fahrbare \u201aStartium 980E\u2019 von GYS erkennt besch\u00e4digte Batterien und liefert dann keinen Startstrom, um die Bordelektronik zu sch\u00fctzen. Tiefentladene und bereits teilsulfatierte Akkus sollen sich dank Mikroprozessorsteuerung und spezieller Ladekennlinien regenerieren lassen. Bild: GYS\"},{\"@type\":\"BreadcrumbList\",\"@id\":\"https:\\\/\\\/www.krafthand.de\\\/truck\\\/artikel\\\/mobil-starten-und-laden-mit-startium-980e-von-gys-3216\\\/#breadcrumb\",\"itemListElement\":[{\"@type\":\"ListItem\",\"position\":1,\"name\":\"Krafthand-Truck\",\"item\":\"https:\\\/\\\/www.krafthand.de\\\/truck\\\/\"},{\"@type\":\"ListItem\",\"position\":2,\"name\":\"Nfz-Branche\",\"item\":\"https:\\\/\\\/www.krafthand.de\\\/truck\\\/kategorie\\\/branche\\\/\"},{\"@type\":\"ListItem\",\"position\":3,\"name\":\"Mobil starten und laden mit &#8218;Startium 980E&#8216; von GYS\"}]},{\"@type\":\"WebSite\",\"@id\":\"https:\\\/\\\/www.krafthand.de\\\/truck\\\/#website\",\"url\":\"https:\\\/\\\/www.krafthand.de\\\/truck\\\/\",\"name\":\"Krafthand-Truck\",\"description\":\"\",\"potentialAction\":[{\"@type\":\"SearchAction\",\"target\":{\"@type\":\"EntryPoint\",\"urlTemplate\":\"https:\\\/\\\/www.krafthand.de\\\/truck\\\/?s={search_term_string}\"},\"query-input\":{\"@type\":\"PropertyValueSpecification\",\"valueRequired\":true,\"valueName\":\"search_term_string\"}}],\"inLanguage\":\"de\"},{\"@type\":\"Person\",\"@id\":\"https:\\\/\\\/www.krafthand.de\\\/truck\\\/#\\\/schema\\\/person\\\/8e290c6d425b72d176adc7767a251001\",\"name\":\"katja.heid@krafthand.de\",\"image\":{\"@type\":\"ImageObject\",\"inLanguage\":\"de\",\"@id\":\"https:\\\/\\\/secure.gravatar.com\\\/avatar\\\/9a2930c54ede0e0a76c0f8abfb74704de273084f2aa0e3c6deb2c86704c7402b?s=96&d=mm&r=g\",\"url\":\"https:\\\/\\\/secure.gravatar.com\\\/avatar\\\/9a2930c54ede0e0a76c0f8abfb74704de273084f2aa0e3c6deb2c86704c7402b?s=96&d=mm&r=g\",\"contentUrl\":\"https:\\\/\\\/secure.gravatar.com\\\/avatar\\\/9a2930c54ede0e0a76c0f8abfb74704de273084f2aa0e3c6deb2c86704c7402b?s=96&d=mm&r=g\",\"caption\":\"katja.heid@krafthand.de\"}}]}<\/script>\n<!-- \/ Yoast SEO plugin. -->","yoast_head_json":{"title":"Mobil starten und laden mit 'Startium 980E' von GYS - Krafthand-Truck","robots":{"index":"index","follow":"follow","max-snippet":"max-snippet:-1","max-image-preview":"max-image-preview:large","max-video-preview":"max-video-preview:-1"},"canonical":"https:\/\/www.krafthand.de\/truck\/artikel\/mobil-starten-und-laden-mit-startium-980e-von-gys-3216\/","og_locale":"de_DE","og_type":"article","og_title":"Mobil starten und laden mit 'Startium 980E' von GYS - Krafthand-Truck","og_description":"Streikt die Starterbatterie, ist schnelle Hilfe gefragt. Doch mit Fremdstarten alleine ist die Sache meist nur teilweise erledigt, idealerweise sollte man anschlie\u00dfend die Batterie erst voll laden, bevor das Fahrzeug wieder auf Tour geht. Beispielsweise mit dem 'Startium 980E' des franz\u00f6sischen Ladetechnik-Spezialisten GYS. Das fahrbare Startund Ladeger\u00e4t arbeitet automatisch, eine integrierte Mikroprozessorsteuerung soll dabei eine hohe Sicherheit und Effizienz bieten. ... weiter","og_url":"https:\/\/www.krafthand-truck.de\/artikel\/mobil-starten-und-laden-mit-startium-980e-von-gys-3216\/","og_site_name":"Krafthand-Truck","article_published_time":"2017-09-27T10:10:44+00:00","og_image":[{"width":1200,"height":1200,"url":"https:\/\/www.krafthand.de\/truck\/wp-content\/uploads\/2017\/09\/kht0317_019.jpg","type":"image\/jpeg"}],"author":"katja.heid@krafthand.de","twitter_card":"summary_large_image","twitter_misc":{"Verfasst von":"katja.heid@krafthand.de","Gesch\u00e4tzte Lesezeit":"1\u00a0Minute"},"schema":{"@context":"https:\/\/schema.org","@graph":[{"@type":"Article","@id":"https:\/\/www.krafthand.de\/truck\/artikel\/mobil-starten-und-laden-mit-startium-980e-von-gys-3216\/#article","isPartOf":{"@id":"https:\/\/www.krafthand.de\/truck\/artikel\/mobil-starten-und-laden-mit-startium-980e-von-gys-3216\/"},"author":{"name":"katja.heid@krafthand.de","@id":"https:\/\/www.krafthand.de\/truck\/#\/schema\/person\/8e290c6d425b72d176adc7767a251001"},"headline":"Mobil starten und laden mit &#8218;Startium 980E&#8216; von GYS","datePublished":"2017-09-27T10:10:44+00:00","mainEntityOfPage":{"@id":"https:\/\/www.krafthand.de\/truck\/artikel\/mobil-starten-und-laden-mit-startium-980e-von-gys-3216\/"},"wordCount":236,"image":{"@id":"https:\/\/www.krafthand.de\/truck\/artikel\/mobil-starten-und-laden-mit-startium-980e-von-gys-3216\/#primaryimage"},"thumbnailUrl":"https:\/\/static.krafthand-truck.de\/uploads\/2017\/09\/kht0317_019.jpg","keywords":["Batterie","Gys","Ladeger\u00e4t","Mikroprozessorsteuerung","Startger\u00e4t","Startium 980E"],"articleSection":["Nfz-Branche"],"inLanguage":"de"},{"@type":"WebPage","@id":"https:\/\/www.krafthand.de\/truck\/artikel\/mobil-starten-und-laden-mit-startium-980e-von-gys-3216\/","url":"https:\/\/www.krafthand.de\/truck\/artikel\/mobil-starten-und-laden-mit-startium-980e-von-gys-3216\/","name":"Mobil starten und laden mit 'Startium 980E' von GYS - Krafthand-Truck","isPartOf":{"@id":"https:\/\/www.krafthand.de\/truck\/#website"},"primaryImageOfPage":{"@id":"https:\/\/www.krafthand.de\/truck\/artikel\/mobil-starten-und-laden-mit-startium-980e-von-gys-3216\/#primaryimage"},"image":{"@id":"https:\/\/www.krafthand.de\/truck\/artikel\/mobil-starten-und-laden-mit-startium-980e-von-gys-3216\/#primaryimage"},"thumbnailUrl":"https:\/\/static.krafthand-truck.de\/uploads\/2017\/09\/kht0317_019.jpg","datePublished":"2017-09-27T10:10:44+00:00","author":{"@id":"https:\/\/www.krafthand.de\/truck\/#\/schema\/person\/8e290c6d425b72d176adc7767a251001"},"breadcrumb":{"@id":"https:\/\/www.krafthand.de\/truck\/artikel\/mobil-starten-und-laden-mit-startium-980e-von-gys-3216\/#breadcrumb"},"inLanguage":"de","potentialAction":[{"@type":"ReadAction","target":["https:\/\/www.krafthand.de\/truck\/artikel\/mobil-starten-und-laden-mit-startium-980e-von-gys-3216\/"]}]},{"@type":"ImageObject","inLanguage":"de","@id":"https:\/\/www.krafthand.de\/truck\/artikel\/mobil-starten-und-laden-mit-startium-980e-von-gys-3216\/#primaryimage","url":"https:\/\/static.krafthand-truck.de\/uploads\/2017\/09\/kht0317_019.jpg","contentUrl":"https:\/\/static.krafthand-truck.de\/uploads\/2017\/09\/kht0317_019.jpg","width":1200,"height":1200,"caption":"Start- und Ladeger\u00e4t in einem: Das fahrbare \u201aStartium 980E\u2019 von GYS erkennt besch\u00e4digte Batterien und liefert dann keinen Startstrom, um die Bordelektronik zu sch\u00fctzen. Tiefentladene und bereits teilsulfatierte Akkus sollen sich dank Mikroprozessorsteuerung und spezieller Ladekennlinien regenerieren lassen. Bild: GYS"},{"@type":"BreadcrumbList","@id":"https:\/\/www.krafthand.de\/truck\/artikel\/mobil-starten-und-laden-mit-startium-980e-von-gys-3216\/#breadcrumb","itemListElement":[{"@type":"ListItem","position":1,"name":"Krafthand-Truck","item":"https:\/\/www.krafthand.de\/truck\/"},{"@type":"ListItem","position":2,"name":"Nfz-Branche","item":"https:\/\/www.krafthand.de\/truck\/kategorie\/branche\/"},{"@type":"ListItem","position":3,"name":"Mobil starten und laden mit &#8218;Startium 980E&#8216; von GYS"}]},{"@type":"WebSite","@id":"https:\/\/www.krafthand.de\/truck\/#website","url":"https:\/\/www.krafthand.de\/truck\/","name":"Krafthand-Truck","description":"","potentialAction":[{"@type":"SearchAction","target":{"@type":"EntryPoint","urlTemplate":"https:\/\/www.krafthand.de\/truck\/?s={search_term_string}"},"query-input":{"@type":"PropertyValueSpecification","valueRequired":true,"valueName":"search_term_string"}}],"inLanguage":"de"},{"@type":"Person","@id":"https:\/\/www.krafthand.de\/truck\/#\/schema\/person\/8e290c6d425b72d176adc7767a251001","name":"katja.heid@krafthand.de","image":{"@type":"ImageObject","inLanguage":"de","@id":"https:\/\/secure.gravatar.com\/avatar\/9a2930c54ede0e0a76c0f8abfb74704de273084f2aa0e3c6deb2c86704c7402b?s=96&d=mm&r=g","url":"https:\/\/secure.gravatar.com\/avatar\/9a2930c54ede0e0a76c0f8abfb74704de273084f2aa0e3c6deb2c86704c7402b?s=96&d=mm&r=g","contentUrl":"https:\/\/secure.gravatar.com\/avatar\/9a2930c54ede0e0a76c0f8abfb74704de273084f2aa0e3c6deb2c86704c7402b?s=96&d=mm&r=g","caption":"katja.heid@krafthand.de"}}]}},"_links":{"self":[{"href":"https:\/\/www.krafthand.de\/truck\/wp-json\/wp\/v2\/posts\/3216","targetHints":{"allow":["GET"]}}],"collection":[{"href":"https:\/\/www.krafthand.de\/truck\/wp-json\/wp\/v2\/posts"}],"about":[{"href":"https:\/\/www.krafthand.de\/truck\/wp-json\/wp\/v2\/types\/post"}],"author":[{"embeddable":true,"href":"https:\/\/www.krafthand.de\/truck\/wp-json\/wp\/v2\/users\/3"}],"replies":[{"embeddable":true,"href":"https:\/\/www.krafthand.de\/truck\/wp-json\/wp\/v2\/comments?post=3216"}],"version-history":[{"count":0,"href":"https:\/\/www.krafthand.de\/truck\/wp-json\/wp\/v2\/posts\/3216\/revisions"}],"wp:featuredmedia":[{"embeddable":true,"href":"https:\/\/www.krafthand.de\/truck\/wp-json\/wp\/v2\/media\/3217"}],"wp:attachment":[{"href":"https:\/\/www.krafthand.de\/truck\/wp-json\/wp\/v2\/media?parent=3216"}],"wp:term":[{"taxonomy":"category","embeddable":true,"href":"https:\/\/www.krafthand.de\/truck\/wp-json\/wp\/v2\/categories?post=3216"},{"taxonomy":"post_tag","embeddable":true,"href":"https:\/\/www.krafthand.de\/truck\/wp-json\/wp\/v2\/tags?post=3216"},{"taxonomy":"settings","embeddable":true,"href":"https:\/\/www.krafthand.de\/truck\/wp-json\/wp\/v2\/settings?post=3216"}],"curies":[{"name":"wp","href":"https:\/\/api.w.org\/{rel}","templated":true}]}}