{"id":32127,"date":"2022-04-20T12:06:51","date_gmt":"2022-04-20T10:06:51","guid":{"rendered":"https:\/\/www.krafthand.de\/truck\/?p=32127"},"modified":"2022-04-20T12:09:11","modified_gmt":"2022-04-20T10:09:11","slug":"webfleet-mobility-conference-einblicke-in-die-trends-im-flottenmanagement","status":"publish","type":"post","link":"https:\/\/www.krafthand.de\/truck\/artikel\/webfleet-mobility-conference-einblicke-in-die-trends-im-flottenmanagement-32127\/","title":{"rendered":"Webfleet Mobility Conference: Einblicke in die Flottenmanagement-Trends"},"content":{"rendered":"<p>Am 26. April 2022 findet die Webfleet Mobility Conference als digitales Event statt. Die Konferenz liefert laut Webfleet (einer Bridgestone-Tochter) einen umfassenden Einblick in das Flottenmanagement und die Mobilit\u00e4t der Zukunft. Der Schwerpunkt wird auf den Themen Elektromobilit\u00e4t, Innovationen rund um den vernetzten Lkw sowie wegweisenden Mobilit\u00e4tsl\u00f6sungen und Partnerschaften liegen.<\/p>\n<p>In diversen Vortr\u00e4gen und Interviews erfahren die Teilnehmerinnen und Teilnehmer mehr \u00fcber informative Best Practices, Erfahrungen aus erster Hand und die aktuellen Trends rund um die nachhaltige Flotte von morgen.<\/p>\n<h3>Themenschwerpunkte<\/h3>\n<ul class=\"el-UList el-UList-checklist\">\n<li class=\"el-UList_Item d-flex\">Urbane Mobilit\u00e4t und intel\u00adli\u00adgente St\u00e4dte \u2013 das sind die Trends der n\u00e4chsten zehn Jahre.<\/li>\n<li class=\"el-UList_Item d-flex\">Elektro\u00adfahr\u00adzeuge sind erwachsen geworden \u2013 wir geben einen faszi\u00adnie\u00adrenden Einblick in ein wirklich bahnbre\u00adchendes Beispiel f\u00fcr nachhaltige<br \/>\nMobili\u00ad\u00e4ts-Tech\u00adno\u00adlogie.<\/li>\n<li class=\"el-UList_Item d-flex\">Der Lkw der Zukunft: Wir zeigen Innova\u00adtionen, die den Lkw-Verkehr grundlegend ver\u00e4ndern werden.<\/li>\n<li class=\"el-UList_Item d-flex\">Konnek\u00adti\u00advit\u00e4t und Partner\u00adschaften: das ist f\u00fcr uns der Schl\u00fcssel zur Erschlie\u00dfung des vollen Potenzials von Mobili\u00adt\u00e4ts-L\u00f6\u00adsungen.<\/li>\n<\/ul>\n<p>Die Teilnahme an der Webfleet Mobility Conference 2022 ist kostenfrei. Mehr zu den Referentinnen und Referenten, zu den Themen sowie zur Anmeldung erfahren Sie <a href=\"https:\/\/www.webfleet.com\/de_de\/webfleet\/lp\/mobility-conference-2022\/?cid=7016N000000DuKFQA0\" target=\"_blank\" rel=\"noopener\">hier<\/a>.<\/p>\n","protected":false},"excerpt":{"rendered":"<p>Am 26. April 2022 findet die Webfleet Mobility Conference als digitales Event statt. Die Konferenz liefert laut Webfleet (einer Bridgestone-Tochter) einen umfassenden Einblick in das Flottenmanagement und die Mobilit\u00e4t der Zukunft. <span class=\"excerpt-more__dots\">&#8230;<\/span> <a class=\"excerpt-more__link\" href=\"https:\/\/www.krafthand.de\/truck\/artikel\/webfleet-mobility-conference-einblicke-in-die-trends-im-flottenmanagement-32127\/\" >weiter<\/a><\/p>\n","protected":false},"author":9,"featured_media":32129,"comment_status":"closed","ping_status":"closed","sticky":false,"template":"","format":"standard","meta":{"footnotes":""},"categories":[4230,4232,4233],"tags":[288,5178,4436],"settings":[],"class_list":["post-32127","post","type-post","status-publish","format-standard","has-post-thumbnail","hentry","category-fuhrpark","category-remote-service","category-navigation","tag-bridgestone","tag-mobility-conference","tag-webfleet"],"yoast_head":"<!-- This site is optimized with the Yoast SEO plugin v27.3 - https:\/\/yoast.com\/product\/yoast-seo-wordpress\/ -->\n<title>Webfleet Mobility Conference I Krafthand-Truck<\/title>\n<meta name=\"description\" content=\"Die Webfleet Mobility Conference liefert einen umfassenden Einblick in das Flottenmanagement und die Mobilit\u00e4t der Zukunft.\" \/>\n<meta name=\"robots\" content=\"index, follow, max-snippet:-1, max-image-preview:large, max-video-preview:-1\" \/>\n<link rel=\"canonical\" href=\"https:\/\/www.krafthand.de\/truck\/artikel\/webfleet-mobility-conference-einblicke-in-die-trends-im-flottenmanagement-32127\/\" \/>\n<meta property=\"og:locale\" content=\"de_DE\" \/>\n<meta property=\"og:type\" content=\"article\" \/>\n<meta property=\"og:title\" content=\"Webfleet Mobility Conference I Krafthand-Truck\" \/>\n<meta property=\"og:description\" content=\"Die Webfleet Mobility Conference liefert einen umfassenden Einblick in das Flottenmanagement und die Mobilit\u00e4t der Zukunft.\" \/>\n<meta property=\"og:url\" content=\"https:\/\/www.krafthand-truck.de\/artikel\/webfleet-mobility-conference-einblicke-in-die-trends-im-flottenmanagement-32127\/\" \/>\n<meta property=\"og:site_name\" content=\"Krafthand-Truck\" \/>\n<meta property=\"article:published_time\" content=\"2022-04-20T10:06:51+00:00\" \/>\n<meta property=\"article:modified_time\" content=\"2022-04-20T10:09:11+00:00\" \/>\n<meta property=\"og:image\" content=\"https:\/\/static.krafthand-truck.de\/uploads\/2022\/04\/Webfleet-Mobility-Conference-2022_Bridgestone.jpg\" \/>\n\t<meta property=\"og:image:width\" content=\"1200\" \/>\n\t<meta property=\"og:image:height\" content=\"675\" \/>\n\t<meta property=\"og:image:type\" content=\"image\/jpeg\" \/>\n<meta name=\"author\" content=\"georg.blenk@krafthand-medien.de\" \/>\n<meta name=\"twitter:card\" content=\"summary_large_image\" \/>\n<meta name=\"twitter:label1\" content=\"Verfasst von\" \/>\n\t<meta name=\"twitter:data1\" content=\"georg.blenk@krafthand-medien.de\" \/>\n\t<meta name=\"twitter:label2\" content=\"Gesch\u00e4tzte Lesezeit\" \/>\n\t<meta name=\"twitter:data2\" content=\"1\u00a0Minute\" \/>\n<script type=\"application\/ld+json\" class=\"yoast-schema-graph\">{\"@context\":\"https:\\\/\\\/schema.org\",\"@graph\":[{\"@type\":\"Article\",\"@id\":\"https:\\\/\\\/www.krafthand.de\\\/truck\\\/artikel\\\/webfleet-mobility-conference-einblicke-in-die-trends-im-flottenmanagement-32127\\\/#article\",\"isPartOf\":{\"@id\":\"https:\\\/\\\/www.krafthand.de\\\/truck\\\/artikel\\\/webfleet-mobility-conference-einblicke-in-die-trends-im-flottenmanagement-32127\\\/\"},\"author\":{\"name\":\"georg.blenk@krafthand-medien.de\",\"@id\":\"https:\\\/\\\/www.krafthand.de\\\/truck\\\/#\\\/schema\\\/person\\\/51fa80b1c57034c4bf63f9f988fc24ce\"},\"headline\":\"Webfleet Mobility Conference: Einblicke in die Flottenmanagement-Trends\",\"datePublished\":\"2022-04-20T10:06:51+00:00\",\"dateModified\":\"2022-04-20T10:09:11+00:00\",\"mainEntityOfPage\":{\"@id\":\"https:\\\/\\\/www.krafthand.de\\\/truck\\\/artikel\\\/webfleet-mobility-conference-einblicke-in-die-trends-im-flottenmanagement-32127\\\/\"},\"wordCount\":200,\"image\":{\"@id\":\"https:\\\/\\\/www.krafthand.de\\\/truck\\\/artikel\\\/webfleet-mobility-conference-einblicke-in-die-trends-im-flottenmanagement-32127\\\/#primaryimage\"},\"thumbnailUrl\":\"https:\\\/\\\/static.krafthand-truck.de\\\/uploads\\\/2022\\\/04\\\/Webfleet-Mobility-Conference-2022_Bridgestone.jpg\",\"keywords\":[\"Bridgestone\",\"Mobility Conference\",\"Webfleet\"],\"articleSection\":[\"IT+Fuhrpark\",\"Remote-Service\\\/OTA\",\"Telematik \\\/ Navigation\"],\"inLanguage\":\"de\"},{\"@type\":\"WebPage\",\"@id\":\"https:\\\/\\\/www.krafthand.de\\\/truck\\\/artikel\\\/webfleet-mobility-conference-einblicke-in-die-trends-im-flottenmanagement-32127\\\/\",\"url\":\"https:\\\/\\\/www.krafthand.de\\\/truck\\\/artikel\\\/webfleet-mobility-conference-einblicke-in-die-trends-im-flottenmanagement-32127\\\/\",\"name\":\"Webfleet Mobility Conference I Krafthand-Truck\",\"isPartOf\":{\"@id\":\"https:\\\/\\\/www.krafthand.de\\\/truck\\\/#website\"},\"primaryImageOfPage\":{\"@id\":\"https:\\\/\\\/www.krafthand.de\\\/truck\\\/artikel\\\/webfleet-mobility-conference-einblicke-in-die-trends-im-flottenmanagement-32127\\\/#primaryimage\"},\"image\":{\"@id\":\"https:\\\/\\\/www.krafthand.de\\\/truck\\\/artikel\\\/webfleet-mobility-conference-einblicke-in-die-trends-im-flottenmanagement-32127\\\/#primaryimage\"},\"thumbnailUrl\":\"https:\\\/\\\/static.krafthand-truck.de\\\/uploads\\\/2022\\\/04\\\/Webfleet-Mobility-Conference-2022_Bridgestone.jpg\",\"datePublished\":\"2022-04-20T10:06:51+00:00\",\"dateModified\":\"2022-04-20T10:09:11+00:00\",\"author\":{\"@id\":\"https:\\\/\\\/www.krafthand.de\\\/truck\\\/#\\\/schema\\\/person\\\/51fa80b1c57034c4bf63f9f988fc24ce\"},\"description\":\"Die Webfleet Mobility Conference liefert einen umfassenden Einblick in das Flottenmanagement und die Mobilit\u00e4t der Zukunft.\",\"breadcrumb\":{\"@id\":\"https:\\\/\\\/www.krafthand.de\\\/truck\\\/artikel\\\/webfleet-mobility-conference-einblicke-in-die-trends-im-flottenmanagement-32127\\\/#breadcrumb\"},\"inLanguage\":\"de\",\"potentialAction\":[{\"@type\":\"ReadAction\",\"target\":[\"https:\\\/\\\/www.krafthand.de\\\/truck\\\/artikel\\\/webfleet-mobility-conference-einblicke-in-die-trends-im-flottenmanagement-32127\\\/\"]}]},{\"@type\":\"ImageObject\",\"inLanguage\":\"de\",\"@id\":\"https:\\\/\\\/www.krafthand.de\\\/truck\\\/artikel\\\/webfleet-mobility-conference-einblicke-in-die-trends-im-flottenmanagement-32127\\\/#primaryimage\",\"url\":\"https:\\\/\\\/static.krafthand-truck.de\\\/uploads\\\/2022\\\/04\\\/Webfleet-Mobility-Conference-2022_Bridgestone.jpg\",\"contentUrl\":\"https:\\\/\\\/static.krafthand-truck.de\\\/uploads\\\/2022\\\/04\\\/Webfleet-Mobility-Conference-2022_Bridgestone.jpg\",\"width\":1200,\"height\":675},{\"@type\":\"BreadcrumbList\",\"@id\":\"https:\\\/\\\/www.krafthand.de\\\/truck\\\/artikel\\\/webfleet-mobility-conference-einblicke-in-die-trends-im-flottenmanagement-32127\\\/#breadcrumb\",\"itemListElement\":[{\"@type\":\"ListItem\",\"position\":1,\"name\":\"Krafthand-Truck\",\"item\":\"https:\\\/\\\/www.krafthand.de\\\/truck\\\/\"},{\"@type\":\"ListItem\",\"position\":2,\"name\":\"IT+Fuhrpark\",\"item\":\"https:\\\/\\\/www.krafthand.de\\\/truck\\\/kategorie\\\/fuhrpark\\\/\"},{\"@type\":\"ListItem\",\"position\":3,\"name\":\"Webfleet Mobility Conference: Einblicke in die Flottenmanagement-Trends\"}]},{\"@type\":\"WebSite\",\"@id\":\"https:\\\/\\\/www.krafthand.de\\\/truck\\\/#website\",\"url\":\"https:\\\/\\\/www.krafthand.de\\\/truck\\\/\",\"name\":\"Krafthand-Truck\",\"description\":\"\",\"potentialAction\":[{\"@type\":\"SearchAction\",\"target\":{\"@type\":\"EntryPoint\",\"urlTemplate\":\"https:\\\/\\\/www.krafthand.de\\\/truck\\\/?s={search_term_string}\"},\"query-input\":{\"@type\":\"PropertyValueSpecification\",\"valueRequired\":true,\"valueName\":\"search_term_string\"}}],\"inLanguage\":\"de\"},{\"@type\":\"Person\",\"@id\":\"https:\\\/\\\/www.krafthand.de\\\/truck\\\/#\\\/schema\\\/person\\\/51fa80b1c57034c4bf63f9f988fc24ce\",\"name\":\"georg.blenk@krafthand-medien.de\",\"image\":{\"@type\":\"ImageObject\",\"inLanguage\":\"de\",\"@id\":\"https:\\\/\\\/secure.gravatar.com\\\/avatar\\\/93713c30affe0aa95d3a4130e499bb1abee2eb31adbdd9ce2aa1543538490215?s=96&d=mm&r=g\",\"url\":\"https:\\\/\\\/secure.gravatar.com\\\/avatar\\\/93713c30affe0aa95d3a4130e499bb1abee2eb31adbdd9ce2aa1543538490215?s=96&d=mm&r=g\",\"contentUrl\":\"https:\\\/\\\/secure.gravatar.com\\\/avatar\\\/93713c30affe0aa95d3a4130e499bb1abee2eb31adbdd9ce2aa1543538490215?s=96&d=mm&r=g\",\"caption\":\"georg.blenk@krafthand-medien.de\"}}]}<\/script>\n<!-- \/ Yoast SEO plugin. -->","yoast_head_json":{"title":"Webfleet Mobility Conference I Krafthand-Truck","description":"Die Webfleet Mobility Conference liefert einen umfassenden Einblick in das Flottenmanagement und die Mobilit\u00e4t der Zukunft.","robots":{"index":"index","follow":"follow","max-snippet":"max-snippet:-1","max-image-preview":"max-image-preview:large","max-video-preview":"max-video-preview:-1"},"canonical":"https:\/\/www.krafthand.de\/truck\/artikel\/webfleet-mobility-conference-einblicke-in-die-trends-im-flottenmanagement-32127\/","og_locale":"de_DE","og_type":"article","og_title":"Webfleet Mobility Conference I Krafthand-Truck","og_description":"Die Webfleet Mobility Conference liefert einen umfassenden Einblick in das Flottenmanagement und die Mobilit\u00e4t der Zukunft.","og_url":"https:\/\/www.krafthand-truck.de\/artikel\/webfleet-mobility-conference-einblicke-in-die-trends-im-flottenmanagement-32127\/","og_site_name":"Krafthand-Truck","article_published_time":"2022-04-20T10:06:51+00:00","article_modified_time":"2022-04-20T10:09:11+00:00","og_image":[{"width":1200,"height":675,"url":"https:\/\/static.krafthand-truck.de\/uploads\/2022\/04\/Webfleet-Mobility-Conference-2022_Bridgestone.jpg","type":"image\/jpeg"}],"author":"georg.blenk@krafthand-medien.de","twitter_card":"summary_large_image","twitter_misc":{"Verfasst von":"georg.blenk@krafthand-medien.de","Gesch\u00e4tzte Lesezeit":"1\u00a0Minute"},"schema":{"@context":"https:\/\/schema.org","@graph":[{"@type":"Article","@id":"https:\/\/www.krafthand.de\/truck\/artikel\/webfleet-mobility-conference-einblicke-in-die-trends-im-flottenmanagement-32127\/#article","isPartOf":{"@id":"https:\/\/www.krafthand.de\/truck\/artikel\/webfleet-mobility-conference-einblicke-in-die-trends-im-flottenmanagement-32127\/"},"author":{"name":"georg.blenk@krafthand-medien.de","@id":"https:\/\/www.krafthand.de\/truck\/#\/schema\/person\/51fa80b1c57034c4bf63f9f988fc24ce"},"headline":"Webfleet Mobility Conference: Einblicke in die Flottenmanagement-Trends","datePublished":"2022-04-20T10:06:51+00:00","dateModified":"2022-04-20T10:09:11+00:00","mainEntityOfPage":{"@id":"https:\/\/www.krafthand.de\/truck\/artikel\/webfleet-mobility-conference-einblicke-in-die-trends-im-flottenmanagement-32127\/"},"wordCount":200,"image":{"@id":"https:\/\/www.krafthand.de\/truck\/artikel\/webfleet-mobility-conference-einblicke-in-die-trends-im-flottenmanagement-32127\/#primaryimage"},"thumbnailUrl":"https:\/\/static.krafthand-truck.de\/uploads\/2022\/04\/Webfleet-Mobility-Conference-2022_Bridgestone.jpg","keywords":["Bridgestone","Mobility Conference","Webfleet"],"articleSection":["IT+Fuhrpark","Remote-Service\/OTA","Telematik \/ Navigation"],"inLanguage":"de"},{"@type":"WebPage","@id":"https:\/\/www.krafthand.de\/truck\/artikel\/webfleet-mobility-conference-einblicke-in-die-trends-im-flottenmanagement-32127\/","url":"https:\/\/www.krafthand.de\/truck\/artikel\/webfleet-mobility-conference-einblicke-in-die-trends-im-flottenmanagement-32127\/","name":"Webfleet Mobility Conference I Krafthand-Truck","isPartOf":{"@id":"https:\/\/www.krafthand.de\/truck\/#website"},"primaryImageOfPage":{"@id":"https:\/\/www.krafthand.de\/truck\/artikel\/webfleet-mobility-conference-einblicke-in-die-trends-im-flottenmanagement-32127\/#primaryimage"},"image":{"@id":"https:\/\/www.krafthand.de\/truck\/artikel\/webfleet-mobility-conference-einblicke-in-die-trends-im-flottenmanagement-32127\/#primaryimage"},"thumbnailUrl":"https:\/\/static.krafthand-truck.de\/uploads\/2022\/04\/Webfleet-Mobility-Conference-2022_Bridgestone.jpg","datePublished":"2022-04-20T10:06:51+00:00","dateModified":"2022-04-20T10:09:11+00:00","author":{"@id":"https:\/\/www.krafthand.de\/truck\/#\/schema\/person\/51fa80b1c57034c4bf63f9f988fc24ce"},"description":"Die Webfleet Mobility Conference liefert einen umfassenden Einblick in das Flottenmanagement und die Mobilit\u00e4t der Zukunft.","breadcrumb":{"@id":"https:\/\/www.krafthand.de\/truck\/artikel\/webfleet-mobility-conference-einblicke-in-die-trends-im-flottenmanagement-32127\/#breadcrumb"},"inLanguage":"de","potentialAction":[{"@type":"ReadAction","target":["https:\/\/www.krafthand.de\/truck\/artikel\/webfleet-mobility-conference-einblicke-in-die-trends-im-flottenmanagement-32127\/"]}]},{"@type":"ImageObject","inLanguage":"de","@id":"https:\/\/www.krafthand.de\/truck\/artikel\/webfleet-mobility-conference-einblicke-in-die-trends-im-flottenmanagement-32127\/#primaryimage","url":"https:\/\/static.krafthand-truck.de\/uploads\/2022\/04\/Webfleet-Mobility-Conference-2022_Bridgestone.jpg","contentUrl":"https:\/\/static.krafthand-truck.de\/uploads\/2022\/04\/Webfleet-Mobility-Conference-2022_Bridgestone.jpg","width":1200,"height":675},{"@type":"BreadcrumbList","@id":"https:\/\/www.krafthand.de\/truck\/artikel\/webfleet-mobility-conference-einblicke-in-die-trends-im-flottenmanagement-32127\/#breadcrumb","itemListElement":[{"@type":"ListItem","position":1,"name":"Krafthand-Truck","item":"https:\/\/www.krafthand.de\/truck\/"},{"@type":"ListItem","position":2,"name":"IT+Fuhrpark","item":"https:\/\/www.krafthand.de\/truck\/kategorie\/fuhrpark\/"},{"@type":"ListItem","position":3,"name":"Webfleet Mobility Conference: Einblicke in die Flottenmanagement-Trends"}]},{"@type":"WebSite","@id":"https:\/\/www.krafthand.de\/truck\/#website","url":"https:\/\/www.krafthand.de\/truck\/","name":"Krafthand-Truck","description":"","potentialAction":[{"@type":"SearchAction","target":{"@type":"EntryPoint","urlTemplate":"https:\/\/www.krafthand.de\/truck\/?s={search_term_string}"},"query-input":{"@type":"PropertyValueSpecification","valueRequired":true,"valueName":"search_term_string"}}],"inLanguage":"de"},{"@type":"Person","@id":"https:\/\/www.krafthand.de\/truck\/#\/schema\/person\/51fa80b1c57034c4bf63f9f988fc24ce","name":"georg.blenk@krafthand-medien.de","image":{"@type":"ImageObject","inLanguage":"de","@id":"https:\/\/secure.gravatar.com\/avatar\/93713c30affe0aa95d3a4130e499bb1abee2eb31adbdd9ce2aa1543538490215?s=96&d=mm&r=g","url":"https:\/\/secure.gravatar.com\/avatar\/93713c30affe0aa95d3a4130e499bb1abee2eb31adbdd9ce2aa1543538490215?s=96&d=mm&r=g","contentUrl":"https:\/\/secure.gravatar.com\/avatar\/93713c30affe0aa95d3a4130e499bb1abee2eb31adbdd9ce2aa1543538490215?s=96&d=mm&r=g","caption":"georg.blenk@krafthand-medien.de"}}]}},"_links":{"self":[{"href":"https:\/\/www.krafthand.de\/truck\/wp-json\/wp\/v2\/posts\/32127","targetHints":{"allow":["GET"]}}],"collection":[{"href":"https:\/\/www.krafthand.de\/truck\/wp-json\/wp\/v2\/posts"}],"about":[{"href":"https:\/\/www.krafthand.de\/truck\/wp-json\/wp\/v2\/types\/post"}],"author":[{"embeddable":true,"href":"https:\/\/www.krafthand.de\/truck\/wp-json\/wp\/v2\/users\/9"}],"replies":[{"embeddable":true,"href":"https:\/\/www.krafthand.de\/truck\/wp-json\/wp\/v2\/comments?post=32127"}],"version-history":[{"count":7,"href":"https:\/\/www.krafthand.de\/truck\/wp-json\/wp\/v2\/posts\/32127\/revisions"}],"predecessor-version":[{"id":32135,"href":"https:\/\/www.krafthand.de\/truck\/wp-json\/wp\/v2\/posts\/32127\/revisions\/32135"}],"wp:featuredmedia":[{"embeddable":true,"href":"https:\/\/www.krafthand.de\/truck\/wp-json\/wp\/v2\/media\/32129"}],"wp:attachment":[{"href":"https:\/\/www.krafthand.de\/truck\/wp-json\/wp\/v2\/media?parent=32127"}],"wp:term":[{"taxonomy":"category","embeddable":true,"href":"https:\/\/www.krafthand.de\/truck\/wp-json\/wp\/v2\/categories?post=32127"},{"taxonomy":"post_tag","embeddable":true,"href":"https:\/\/www.krafthand.de\/truck\/wp-json\/wp\/v2\/tags?post=32127"},{"taxonomy":"settings","embeddable":true,"href":"https:\/\/www.krafthand.de\/truck\/wp-json\/wp\/v2\/settings?post=32127"}],"curies":[{"name":"wp","href":"https:\/\/api.w.org\/{rel}","templated":true}]}}