{"id":3212,"date":"2017-09-27T11:07:00","date_gmt":"2017-09-27T09:07:00","guid":{"rendered":"https:\/\/www.krafthand.de\/truck\/artikel\/28-september-bis-1-oktober-nufam-oeffnet-ihre-tore-in-karlsruhe-3212\/"},"modified":"2017-09-27T11:07:00","modified_gmt":"2017-09-27T09:07:00","slug":"28-september-bis-1-oktober-nufam-oeffnet-ihre-tore-in-karlsruhe","status":"publish","type":"post","link":"https:\/\/www.krafthand.de\/truck\/artikel\/28-september-bis-1-oktober-nufam-oeffnet-ihre-tore-in-karlsruhe-3212\/","title":{"rendered":"28. September bis 1. Oktober: Nufam \u00f6ffnet ihre Tore in Karlsruhe"},"content":{"rendered":"<p class=\"text-colored\">&#8222;Alles rund um die Nfz-Werkstatt, die aktuellen Trends der Fahrzeuginneneinrichtung sowie ein vielf\u00e4ltiges Angebot der Teile- und Equipmentzulieferer&#8220; &#8211; das verspricht das Organisationsteam der Messe Karlsruhe f\u00fcr die diesj\u00e4hrige &#8218;Nufam&#8216;.<\/p>\n<p>Die &#8218;Nutzfahrzeugmesse des S\u00fcdens&#8216; \u00f6ffnet vom 28. September bis 1.Oktober 2017 ihre Tore und informiert interessierte Besucher in den Hallen 1 und 2 auf einer insgesamt auf \u00fcber 3.000 Quadratmeter angewachsenen Ausstellungsfl\u00e4che speziell zu den neuesten Produkten der Werkstattausr\u00fcstung, des Teilehandels und Zubeh\u00f6rbedarfs. &quot;Damit positioniert sich die Nufam als starke Plattform f\u00fcr den Nutzfahrzeug-Aftermarket. F\u00fcr Fachbesucher ist die Messe eine wichtige Plattform f\u00fcr Investitionsentscheidungen&quot;, hei\u00dft es in einer aktuellen Pressemitteilung des Veranstalters. <\/p>\n<p>Nach den positiven Erfahrungen der vergangenen vier Messen erwartet der Veranstalter nach eigenem Bekunden zur f\u00fcnften Ausgabe der &#8218;Nufam&#8216; mehr als 25.000 Besucher an den insgesamt vier Messetagen. Rund 350 Aussteller sollen auch diesmal wieder ein breites Leistungsspektrum der Branche bieten: Fahrzeuge aller Gewichtsklassen, Aufbauten und Anh\u00e4nger, Reifen, Ersatzteile, Zubeh\u00f6r, Werkstattausr\u00fcstung, Telematik-L\u00f6sungen sowie Dienstleistungen.<\/p>\n","protected":false},"excerpt":{"rendered":"<p>&#8222;Alles rund um die Nfz-Werkstatt, die aktuellen Trends der Fahrzeuginneneinrichtung sowie ein vielf\u00e4ltiges Angebot der Teile- und Equipmentzulieferer&#8220; &#8211; das verspricht das Organisationsteam der Messe Karlsruhe f\u00fcr die diesj\u00e4hrige &#8218;Nufam&#8216;. <span class=\"excerpt-more__dots\">&#8230;<\/span> <a class=\"excerpt-more__link\" href=\"https:\/\/www.krafthand.de\/truck\/artikel\/28-september-bis-1-oktober-nufam-oeffnet-ihre-tore-in-karlsruhe-3212\/\" >weiter<\/a><\/p>\n","protected":false},"author":3,"featured_media":3213,"comment_status":"closed","ping_status":"closed","sticky":false,"template":"","format":"standard","meta":{"footnotes":""},"categories":[5],"tags":[3346,360,132,452,510,447,910,407,3348,522,3349,526,3347],"settings":[],"class_list":["post-3212","post","type-post","status-publish","format-standard","has-post-thumbnail","hentry","category-branche","tag-28-september-01-oktober-2017","tag-aftermarket","tag-anhaenger","tag-aufbauten","tag-ersatzteile","tag-karlsruhe","tag-nfz-werkstatt","tag-nufam","tag-raeifen","tag-teilehandel","tag-telematik-loesung","tag-werkstattausruestung","tag-zueberhoerbedarf"],"yoast_head":"<!-- This site is optimized with the Yoast SEO plugin v27.3 - https:\/\/yoast.com\/product\/yoast-seo-wordpress\/ -->\n<title>28. September bis 1. Oktober: Nufam \u00f6ffnet ihre Tore in Karlsruhe - Krafthand-Truck<\/title>\n<meta name=\"robots\" content=\"index, follow, max-snippet:-1, max-image-preview:large, max-video-preview:-1\" \/>\n<link rel=\"canonical\" href=\"https:\/\/www.krafthand.de\/truck\/artikel\/28-september-bis-1-oktober-nufam-oeffnet-ihre-tore-in-karlsruhe-3212\/\" \/>\n<meta property=\"og:locale\" content=\"de_DE\" \/>\n<meta property=\"og:type\" content=\"article\" \/>\n<meta property=\"og:title\" content=\"28. September bis 1. Oktober: Nufam \u00f6ffnet ihre Tore in Karlsruhe - Krafthand-Truck\" \/>\n<meta property=\"og:description\" content=\"&quot;Alles rund um die Nfz-Werkstatt, die aktuellen Trends der Fahrzeuginneneinrichtung sowie ein vielf\u00e4ltiges Angebot der Teile- und Equipmentzulieferer&quot; - das verspricht das Organisationsteam der Messe Karlsruhe f\u00fcr die diesj\u00e4hrige &#039;Nufam&#039;. ... weiter\" \/>\n<meta property=\"og:url\" content=\"https:\/\/www.krafthand-truck.de\/artikel\/28-september-bis-1-oktober-nufam-oeffnet-ihre-tore-in-karlsruhe-3212\/\" \/>\n<meta property=\"og:site_name\" content=\"Krafthand-Truck\" \/>\n<meta property=\"article:published_time\" content=\"2017-09-27T09:07:00+00:00\" \/>\n<meta property=\"og:image\" content=\"https:\/\/www.krafthand.de\/truck\/wp-content\/uploads\/2017\/09\/kht0317_055.jpg\" \/>\n\t<meta property=\"og:image:width\" content=\"1200\" \/>\n\t<meta property=\"og:image:height\" content=\"866\" \/>\n\t<meta property=\"og:image:type\" content=\"image\/jpeg\" \/>\n<meta name=\"author\" content=\"katja.heid@krafthand.de\" \/>\n<meta name=\"twitter:card\" content=\"summary_large_image\" \/>\n<meta name=\"twitter:label1\" content=\"Verfasst von\" \/>\n\t<meta name=\"twitter:data1\" content=\"katja.heid@krafthand.de\" \/>\n\t<meta name=\"twitter:label2\" content=\"Gesch\u00e4tzte Lesezeit\" \/>\n\t<meta name=\"twitter:data2\" content=\"1\u00a0Minute\" \/>\n<script type=\"application\/ld+json\" class=\"yoast-schema-graph\">{\"@context\":\"https:\\\/\\\/schema.org\",\"@graph\":[{\"@type\":\"Article\",\"@id\":\"https:\\\/\\\/www.krafthand.de\\\/truck\\\/artikel\\\/28-september-bis-1-oktober-nufam-oeffnet-ihre-tore-in-karlsruhe-3212\\\/#article\",\"isPartOf\":{\"@id\":\"https:\\\/\\\/www.krafthand.de\\\/truck\\\/artikel\\\/28-september-bis-1-oktober-nufam-oeffnet-ihre-tore-in-karlsruhe-3212\\\/\"},\"author\":{\"name\":\"katja.heid@krafthand.de\",\"@id\":\"https:\\\/\\\/www.krafthand.de\\\/truck\\\/#\\\/schema\\\/person\\\/8e290c6d425b72d176adc7767a251001\"},\"headline\":\"28. September bis 1. Oktober: Nufam \u00f6ffnet ihre Tore in Karlsruhe\",\"datePublished\":\"2017-09-27T09:07:00+00:00\",\"mainEntityOfPage\":{\"@id\":\"https:\\\/\\\/www.krafthand.de\\\/truck\\\/artikel\\\/28-september-bis-1-oktober-nufam-oeffnet-ihre-tore-in-karlsruhe-3212\\\/\"},\"wordCount\":178,\"image\":{\"@id\":\"https:\\\/\\\/www.krafthand.de\\\/truck\\\/artikel\\\/28-september-bis-1-oktober-nufam-oeffnet-ihre-tore-in-karlsruhe-3212\\\/#primaryimage\"},\"thumbnailUrl\":\"https:\\\/\\\/static.krafthand-truck.de\\\/uploads\\\/2017\\\/09\\\/kht0317_055.jpg\",\"keywords\":[\"28. September - 01. Oktober 2017\",\"Aftermarket\",\"Anh\u00e4nger\",\"Aufbauten\",\"Ersatzteile\",\"Karlsruhe\",\"Nfz-Werkstatt\",\"Nufam\",\"Raeifen\",\"Teilehandel\",\"Telematik-L\u00f6sung\",\"Werkstattausr\u00fcstung\",\"Z\u00fcberh\u00f6rbedarf\"],\"articleSection\":[\"Nfz-Branche\"],\"inLanguage\":\"de\"},{\"@type\":\"WebPage\",\"@id\":\"https:\\\/\\\/www.krafthand.de\\\/truck\\\/artikel\\\/28-september-bis-1-oktober-nufam-oeffnet-ihre-tore-in-karlsruhe-3212\\\/\",\"url\":\"https:\\\/\\\/www.krafthand.de\\\/truck\\\/artikel\\\/28-september-bis-1-oktober-nufam-oeffnet-ihre-tore-in-karlsruhe-3212\\\/\",\"name\":\"28. September bis 1. Oktober: Nufam \u00f6ffnet ihre Tore in Karlsruhe - Krafthand-Truck\",\"isPartOf\":{\"@id\":\"https:\\\/\\\/www.krafthand.de\\\/truck\\\/#website\"},\"primaryImageOfPage\":{\"@id\":\"https:\\\/\\\/www.krafthand.de\\\/truck\\\/artikel\\\/28-september-bis-1-oktober-nufam-oeffnet-ihre-tore-in-karlsruhe-3212\\\/#primaryimage\"},\"image\":{\"@id\":\"https:\\\/\\\/www.krafthand.de\\\/truck\\\/artikel\\\/28-september-bis-1-oktober-nufam-oeffnet-ihre-tore-in-karlsruhe-3212\\\/#primaryimage\"},\"thumbnailUrl\":\"https:\\\/\\\/static.krafthand-truck.de\\\/uploads\\\/2017\\\/09\\\/kht0317_055.jpg\",\"datePublished\":\"2017-09-27T09:07:00+00:00\",\"author\":{\"@id\":\"https:\\\/\\\/www.krafthand.de\\\/truck\\\/#\\\/schema\\\/person\\\/8e290c6d425b72d176adc7767a251001\"},\"breadcrumb\":{\"@id\":\"https:\\\/\\\/www.krafthand.de\\\/truck\\\/artikel\\\/28-september-bis-1-oktober-nufam-oeffnet-ihre-tore-in-karlsruhe-3212\\\/#breadcrumb\"},\"inLanguage\":\"de\",\"potentialAction\":[{\"@type\":\"ReadAction\",\"target\":[\"https:\\\/\\\/www.krafthand.de\\\/truck\\\/artikel\\\/28-september-bis-1-oktober-nufam-oeffnet-ihre-tore-in-karlsruhe-3212\\\/\"]}]},{\"@type\":\"ImageObject\",\"inLanguage\":\"de\",\"@id\":\"https:\\\/\\\/www.krafthand.de\\\/truck\\\/artikel\\\/28-september-bis-1-oktober-nufam-oeffnet-ihre-tore-in-karlsruhe-3212\\\/#primaryimage\",\"url\":\"https:\\\/\\\/static.krafthand-truck.de\\\/uploads\\\/2017\\\/09\\\/kht0317_055.jpg\",\"contentUrl\":\"https:\\\/\\\/static.krafthand-truck.de\\\/uploads\\\/2017\\\/09\\\/kht0317_055.jpg\",\"width\":1200,\"height\":866},{\"@type\":\"BreadcrumbList\",\"@id\":\"https:\\\/\\\/www.krafthand.de\\\/truck\\\/artikel\\\/28-september-bis-1-oktober-nufam-oeffnet-ihre-tore-in-karlsruhe-3212\\\/#breadcrumb\",\"itemListElement\":[{\"@type\":\"ListItem\",\"position\":1,\"name\":\"Krafthand-Truck\",\"item\":\"https:\\\/\\\/www.krafthand.de\\\/truck\\\/\"},{\"@type\":\"ListItem\",\"position\":2,\"name\":\"Nfz-Branche\",\"item\":\"https:\\\/\\\/www.krafthand.de\\\/truck\\\/kategorie\\\/branche\\\/\"},{\"@type\":\"ListItem\",\"position\":3,\"name\":\"28. September bis 1. Oktober: Nufam \u00f6ffnet ihre Tore in Karlsruhe\"}]},{\"@type\":\"WebSite\",\"@id\":\"https:\\\/\\\/www.krafthand.de\\\/truck\\\/#website\",\"url\":\"https:\\\/\\\/www.krafthand.de\\\/truck\\\/\",\"name\":\"Krafthand-Truck\",\"description\":\"\",\"potentialAction\":[{\"@type\":\"SearchAction\",\"target\":{\"@type\":\"EntryPoint\",\"urlTemplate\":\"https:\\\/\\\/www.krafthand.de\\\/truck\\\/?s={search_term_string}\"},\"query-input\":{\"@type\":\"PropertyValueSpecification\",\"valueRequired\":true,\"valueName\":\"search_term_string\"}}],\"inLanguage\":\"de\"},{\"@type\":\"Person\",\"@id\":\"https:\\\/\\\/www.krafthand.de\\\/truck\\\/#\\\/schema\\\/person\\\/8e290c6d425b72d176adc7767a251001\",\"name\":\"katja.heid@krafthand.de\",\"image\":{\"@type\":\"ImageObject\",\"inLanguage\":\"de\",\"@id\":\"https:\\\/\\\/secure.gravatar.com\\\/avatar\\\/9a2930c54ede0e0a76c0f8abfb74704de273084f2aa0e3c6deb2c86704c7402b?s=96&d=mm&r=g\",\"url\":\"https:\\\/\\\/secure.gravatar.com\\\/avatar\\\/9a2930c54ede0e0a76c0f8abfb74704de273084f2aa0e3c6deb2c86704c7402b?s=96&d=mm&r=g\",\"contentUrl\":\"https:\\\/\\\/secure.gravatar.com\\\/avatar\\\/9a2930c54ede0e0a76c0f8abfb74704de273084f2aa0e3c6deb2c86704c7402b?s=96&d=mm&r=g\",\"caption\":\"katja.heid@krafthand.de\"}}]}<\/script>\n<!-- \/ Yoast SEO plugin. -->","yoast_head_json":{"title":"28. September bis 1. Oktober: Nufam \u00f6ffnet ihre Tore in Karlsruhe - Krafthand-Truck","robots":{"index":"index","follow":"follow","max-snippet":"max-snippet:-1","max-image-preview":"max-image-preview:large","max-video-preview":"max-video-preview:-1"},"canonical":"https:\/\/www.krafthand.de\/truck\/artikel\/28-september-bis-1-oktober-nufam-oeffnet-ihre-tore-in-karlsruhe-3212\/","og_locale":"de_DE","og_type":"article","og_title":"28. September bis 1. Oktober: Nufam \u00f6ffnet ihre Tore in Karlsruhe - Krafthand-Truck","og_description":"\"Alles rund um die Nfz-Werkstatt, die aktuellen Trends der Fahrzeuginneneinrichtung sowie ein vielf\u00e4ltiges Angebot der Teile- und Equipmentzulieferer\" - das verspricht das Organisationsteam der Messe Karlsruhe f\u00fcr die diesj\u00e4hrige 'Nufam'. ... weiter","og_url":"https:\/\/www.krafthand-truck.de\/artikel\/28-september-bis-1-oktober-nufam-oeffnet-ihre-tore-in-karlsruhe-3212\/","og_site_name":"Krafthand-Truck","article_published_time":"2017-09-27T09:07:00+00:00","og_image":[{"width":1200,"height":866,"url":"https:\/\/www.krafthand.de\/truck\/wp-content\/uploads\/2017\/09\/kht0317_055.jpg","type":"image\/jpeg"}],"author":"katja.heid@krafthand.de","twitter_card":"summary_large_image","twitter_misc":{"Verfasst von":"katja.heid@krafthand.de","Gesch\u00e4tzte Lesezeit":"1\u00a0Minute"},"schema":{"@context":"https:\/\/schema.org","@graph":[{"@type":"Article","@id":"https:\/\/www.krafthand.de\/truck\/artikel\/28-september-bis-1-oktober-nufam-oeffnet-ihre-tore-in-karlsruhe-3212\/#article","isPartOf":{"@id":"https:\/\/www.krafthand.de\/truck\/artikel\/28-september-bis-1-oktober-nufam-oeffnet-ihre-tore-in-karlsruhe-3212\/"},"author":{"name":"katja.heid@krafthand.de","@id":"https:\/\/www.krafthand.de\/truck\/#\/schema\/person\/8e290c6d425b72d176adc7767a251001"},"headline":"28. September bis 1. Oktober: Nufam \u00f6ffnet ihre Tore in Karlsruhe","datePublished":"2017-09-27T09:07:00+00:00","mainEntityOfPage":{"@id":"https:\/\/www.krafthand.de\/truck\/artikel\/28-september-bis-1-oktober-nufam-oeffnet-ihre-tore-in-karlsruhe-3212\/"},"wordCount":178,"image":{"@id":"https:\/\/www.krafthand.de\/truck\/artikel\/28-september-bis-1-oktober-nufam-oeffnet-ihre-tore-in-karlsruhe-3212\/#primaryimage"},"thumbnailUrl":"https:\/\/static.krafthand-truck.de\/uploads\/2017\/09\/kht0317_055.jpg","keywords":["28. September - 01. Oktober 2017","Aftermarket","Anh\u00e4nger","Aufbauten","Ersatzteile","Karlsruhe","Nfz-Werkstatt","Nufam","Raeifen","Teilehandel","Telematik-L\u00f6sung","Werkstattausr\u00fcstung","Z\u00fcberh\u00f6rbedarf"],"articleSection":["Nfz-Branche"],"inLanguage":"de"},{"@type":"WebPage","@id":"https:\/\/www.krafthand.de\/truck\/artikel\/28-september-bis-1-oktober-nufam-oeffnet-ihre-tore-in-karlsruhe-3212\/","url":"https:\/\/www.krafthand.de\/truck\/artikel\/28-september-bis-1-oktober-nufam-oeffnet-ihre-tore-in-karlsruhe-3212\/","name":"28. September bis 1. Oktober: Nufam \u00f6ffnet ihre Tore in Karlsruhe - Krafthand-Truck","isPartOf":{"@id":"https:\/\/www.krafthand.de\/truck\/#website"},"primaryImageOfPage":{"@id":"https:\/\/www.krafthand.de\/truck\/artikel\/28-september-bis-1-oktober-nufam-oeffnet-ihre-tore-in-karlsruhe-3212\/#primaryimage"},"image":{"@id":"https:\/\/www.krafthand.de\/truck\/artikel\/28-september-bis-1-oktober-nufam-oeffnet-ihre-tore-in-karlsruhe-3212\/#primaryimage"},"thumbnailUrl":"https:\/\/static.krafthand-truck.de\/uploads\/2017\/09\/kht0317_055.jpg","datePublished":"2017-09-27T09:07:00+00:00","author":{"@id":"https:\/\/www.krafthand.de\/truck\/#\/schema\/person\/8e290c6d425b72d176adc7767a251001"},"breadcrumb":{"@id":"https:\/\/www.krafthand.de\/truck\/artikel\/28-september-bis-1-oktober-nufam-oeffnet-ihre-tore-in-karlsruhe-3212\/#breadcrumb"},"inLanguage":"de","potentialAction":[{"@type":"ReadAction","target":["https:\/\/www.krafthand.de\/truck\/artikel\/28-september-bis-1-oktober-nufam-oeffnet-ihre-tore-in-karlsruhe-3212\/"]}]},{"@type":"ImageObject","inLanguage":"de","@id":"https:\/\/www.krafthand.de\/truck\/artikel\/28-september-bis-1-oktober-nufam-oeffnet-ihre-tore-in-karlsruhe-3212\/#primaryimage","url":"https:\/\/static.krafthand-truck.de\/uploads\/2017\/09\/kht0317_055.jpg","contentUrl":"https:\/\/static.krafthand-truck.de\/uploads\/2017\/09\/kht0317_055.jpg","width":1200,"height":866},{"@type":"BreadcrumbList","@id":"https:\/\/www.krafthand.de\/truck\/artikel\/28-september-bis-1-oktober-nufam-oeffnet-ihre-tore-in-karlsruhe-3212\/#breadcrumb","itemListElement":[{"@type":"ListItem","position":1,"name":"Krafthand-Truck","item":"https:\/\/www.krafthand.de\/truck\/"},{"@type":"ListItem","position":2,"name":"Nfz-Branche","item":"https:\/\/www.krafthand.de\/truck\/kategorie\/branche\/"},{"@type":"ListItem","position":3,"name":"28. September bis 1. Oktober: Nufam \u00f6ffnet ihre Tore in Karlsruhe"}]},{"@type":"WebSite","@id":"https:\/\/www.krafthand.de\/truck\/#website","url":"https:\/\/www.krafthand.de\/truck\/","name":"Krafthand-Truck","description":"","potentialAction":[{"@type":"SearchAction","target":{"@type":"EntryPoint","urlTemplate":"https:\/\/www.krafthand.de\/truck\/?s={search_term_string}"},"query-input":{"@type":"PropertyValueSpecification","valueRequired":true,"valueName":"search_term_string"}}],"inLanguage":"de"},{"@type":"Person","@id":"https:\/\/www.krafthand.de\/truck\/#\/schema\/person\/8e290c6d425b72d176adc7767a251001","name":"katja.heid@krafthand.de","image":{"@type":"ImageObject","inLanguage":"de","@id":"https:\/\/secure.gravatar.com\/avatar\/9a2930c54ede0e0a76c0f8abfb74704de273084f2aa0e3c6deb2c86704c7402b?s=96&d=mm&r=g","url":"https:\/\/secure.gravatar.com\/avatar\/9a2930c54ede0e0a76c0f8abfb74704de273084f2aa0e3c6deb2c86704c7402b?s=96&d=mm&r=g","contentUrl":"https:\/\/secure.gravatar.com\/avatar\/9a2930c54ede0e0a76c0f8abfb74704de273084f2aa0e3c6deb2c86704c7402b?s=96&d=mm&r=g","caption":"katja.heid@krafthand.de"}}]}},"_links":{"self":[{"href":"https:\/\/www.krafthand.de\/truck\/wp-json\/wp\/v2\/posts\/3212","targetHints":{"allow":["GET"]}}],"collection":[{"href":"https:\/\/www.krafthand.de\/truck\/wp-json\/wp\/v2\/posts"}],"about":[{"href":"https:\/\/www.krafthand.de\/truck\/wp-json\/wp\/v2\/types\/post"}],"author":[{"embeddable":true,"href":"https:\/\/www.krafthand.de\/truck\/wp-json\/wp\/v2\/users\/3"}],"replies":[{"embeddable":true,"href":"https:\/\/www.krafthand.de\/truck\/wp-json\/wp\/v2\/comments?post=3212"}],"version-history":[{"count":0,"href":"https:\/\/www.krafthand.de\/truck\/wp-json\/wp\/v2\/posts\/3212\/revisions"}],"wp:featuredmedia":[{"embeddable":true,"href":"https:\/\/www.krafthand.de\/truck\/wp-json\/wp\/v2\/media\/3213"}],"wp:attachment":[{"href":"https:\/\/www.krafthand.de\/truck\/wp-json\/wp\/v2\/media?parent=3212"}],"wp:term":[{"taxonomy":"category","embeddable":true,"href":"https:\/\/www.krafthand.de\/truck\/wp-json\/wp\/v2\/categories?post=3212"},{"taxonomy":"post_tag","embeddable":true,"href":"https:\/\/www.krafthand.de\/truck\/wp-json\/wp\/v2\/tags?post=3212"},{"taxonomy":"settings","embeddable":true,"href":"https:\/\/www.krafthand.de\/truck\/wp-json\/wp\/v2\/settings?post=3212"}],"curies":[{"name":"wp","href":"https:\/\/api.w.org\/{rel}","templated":true}]}}