{"id":32081,"date":"2022-04-12T11:48:29","date_gmt":"2022-04-12T09:48:29","guid":{"rendered":"https:\/\/www.krafthand.de\/truck\/?p=32081"},"modified":"2022-04-17T23:37:47","modified_gmt":"2022-04-17T21:37:47","slug":"zukunftskongress-nutzfahrzeuge-neuauflage-anfang-juni-in-berlin","status":"publish","type":"post","link":"https:\/\/www.krafthand.de\/truck\/artikel\/zukunftskongress-nutzfahrzeuge-neuauflage-anfang-juni-in-berlin-32081\/","title":{"rendered":"Zukunftskongress-Nutzfahrzeuge: Neuauflage Anfang Juni in Berlin"},"content":{"rendered":"<p>Im Herbst letzten Jahres musste der DEKRA Zukunftskongress Nutzfahrzeuge pandemiebedingt abgesagt werden. F\u00fcr den 2. und 3. Juni 2022 ist nun eine Neuauflage geplant. Die Veranstaltung hat sich mit ihren drei Ausgaben seit 2015 als die zentrale Plattform zum Austausch innerhalb der Transport- und Logistikbranche etabliert. Vorgesehen ist wieder eine Pr\u00e4senz-Veranstaltung in Berlin.<\/p>\n<h3>Experten, Wissenschaftler, Top-Manager<\/h3>\n<p>Der Zukunftskongress Nutzfahrzeuge steht f\u00fcr hochkar\u00e4tige Experten aus der Fahrzeug- und Zulieferindustrie, der Politik sowie der Wissenschaft. Das Programm steht unter der \u00dcberschrift <strong>&#8218;Future-Proof Transportation&#8216;<\/strong> und ist in drei teilweise parallel laufende Themenstr\u00e4nge unterteilt: Nutzfahrzeug-Technologie, Digitalisierung und Letzte Meile. Das Programm finden Sie <a href=\"https:\/\/static.krafthand-truck.de\/uploads\/2022\/04\/DEKRA_Zukuftskongress_Nutzfahrzeuge_2022_Programm_Krafthand-Truck.pdf\" target=\"_blank\" rel=\"noopener\">hier.<\/a><\/p>\n<p>Insgesamt erwartet die <a href=\"http:\/\/www.dekra.de\" target=\"_blank\" rel=\"noopener\">DEKRA<\/a> als Veranstalter mehr als 350 Experten, Wissenschaftler und Top-Manager namhafter Unternehmen aus der Nutzfahrzeugbranche \u2013 darunter viele von international ausgerichteten Unternehmen wie Chereau SAS, Continental, Dachser, DAF, Daimler Truck, Fleetboard Logistics, Goodyear Dunlop Tires, IKEA, Knorr-Bremse, K\u00f6gel, Krone, MAN, Quantron, Rhenus, Scania, Schmitz Cargobull, Shell und ZF Friedrichshafen.<\/p>\n<p>Au\u00dferdem mit an Bord: Vortragende und Diskutanten aus der Politik, aus Verb\u00e4nden und europ\u00e4ischen Organisationen. Zugesagt haben bisher unter anderen Oliver Luksic (Parlamentarischer Staatssekret\u00e4r im Bundesministerium f\u00fcr Digitales und Verkehr), Prof. Dr. Walter Eichendorf (Pr\u00e4sident des Deutschen Verkehrssicherheitsrates, DVR), Andreas Rade (Gesch\u00e4ftsf\u00fchrer des Verbandes der Automobilindustrie, VDA), Frank Huster (Hauptgesch\u00e4ftsf\u00fchrer DSLV Bundesverband Spedition und Logistik), und Thomas Fabian (Director Commercial Vehicles, ACEA \u2013 European Automobile Manufacturers\u2018 Association).<\/p>\n<h3>Europ\u00e4ischer Sicherheitspreis Nutzfahrzeuge<\/h3>\n<p>Auf dem Zukunftskongress soll auch ebenfalls die pandemiebedingt ausgefallene Verleihung des Europ\u00e4ischen Sicherheitspreises Nutzfahrzeuge 2020 und 2021 nachgeholt werden. Den Preis vergeben DEKRA, DVR und die Europ\u00e4ische Vereinigung f\u00fcr Unfallforschung und Unfallanalyse (EVU) j\u00e4hrlich gemeinsam an Pers\u00f6nlichkeiten, die sich mit ihren beruflichen Leistungen in besonderer Weise um die Sicherheit des Nutzfahrzeugs verdient gemacht haben.<\/p>\n<p>Weitere Informationen und die M\u00f6glichkeit zur Anmeldung gibt es unter <a href=\"http:\/\/www.zukunftskongress-nutzfahrzeuge.de\" target=\"_blank\" rel=\"noopener\">www.zukunftskongress-nutzfahrzeuge.de<\/a>.<\/p>\n\r\n\t\t\t\t<div class=\"post-author\">\r\n\t\t\t\t\t<div class=\"khm-cp-author clearfix\">\r\n\t\t\t\t\t\t<div class=\"khm-cp-author__content\">\r\n\t\t\t\t\t\t\t\tKontakt zum Autor:<br \/>\r\n\t\t\t\t\t\t\t\t<strong>Georg Blenk<\/strong>, 08247 \/ 3007-45 |  <a href=\"mailto:georg.blenk@krafthand-medien.de\">georg.blenk@krafthand-medien.de<\/a>\r\n\t\t\t\t\t\t\t<div class=\"khm-cp-author__image\">\r\n\t\t\t\t\t\t<img src=\"https:\/\/static.krafthand-truck.de\/uploads\/2021\/01\/Blenk_6104-250x300-1-removebg-preview.png\" class=\"img-responsive\">\r\n\t\t\t\t\t<\/div>\r\n\t\t\t\t\t\t<\/div>\r\n\t\t\t\t\t<\/div>\r\n\t\t\t\t<\/div>\r\n\t\t\t\t","protected":false},"excerpt":{"rendered":"<p>Im Herbst letzten Jahres musste der DEKRA Zukunftskongress Nutzfahrzeuge pandemiebedingt abgesagt werden. F\u00fcr den 2. und 3. Juni 2022 ist nun eine Neuauflage geplant. Vorgesehen ist wieder eine Pr\u00e4senz-Veranstaltung in Berlin. <span class=\"excerpt-more__dots\">&#8230;<\/span> <a class=\"excerpt-more__link\" href=\"https:\/\/www.krafthand.de\/truck\/artikel\/zukunftskongress-nutzfahrzeuge-neuauflage-anfang-juni-in-berlin-32081\/\" >weiter<\/a><\/p>\n","protected":false},"author":9,"featured_media":32087,"comment_status":"closed","ping_status":"closed","sticky":false,"template":"","format":"standard","meta":{"footnotes":""},"categories":[4236],"tags":[2151,4683],"settings":[3524,4766,3523],"class_list":["post-32081","post","type-post","status-publish","format-standard","has-post-thumbnail","hentry","category-veranstaltungen","tag-dekra","tag-zukunftskongress-nutzfahrzeuge"],"yoast_head":"<!-- This site is optimized with the Yoast SEO plugin v27.3 - https:\/\/yoast.com\/product\/yoast-seo-wordpress\/ -->\n<title>Zukunftskongress Nutzfahrzeuge am 2.-3.Juli in Berlin I Krafthand-Truck<\/title>\n<meta name=\"description\" content=\"2022 musste der DEKRA Zukunftskongress Nutzfahrzeuge pandemiebedingt abgesagt werden. F\u00fcr den 2.\/3. Juni 2022 ist eine Neuauflage geplant.\" \/>\n<meta name=\"robots\" content=\"index, follow, max-snippet:-1, max-image-preview:large, max-video-preview:-1\" \/>\n<link rel=\"canonical\" href=\"https:\/\/www.krafthand.de\/truck\/artikel\/zukunftskongress-nutzfahrzeuge-neuauflage-anfang-juni-in-berlin-32081\/\" \/>\n<meta property=\"og:locale\" content=\"de_DE\" \/>\n<meta property=\"og:type\" content=\"article\" \/>\n<meta property=\"og:title\" content=\"Zukunftskongress Nutzfahrzeuge am 2.-3.Juli in Berlin I Krafthand-Truck\" \/>\n<meta property=\"og:description\" content=\"2022 musste der DEKRA Zukunftskongress Nutzfahrzeuge pandemiebedingt abgesagt werden. F\u00fcr den 2.\/3. Juni 2022 ist eine Neuauflage geplant.\" \/>\n<meta property=\"og:url\" content=\"https:\/\/www.krafthand-truck.de\/artikel\/zukunftskongress-nutzfahrzeuge-neuauflage-anfang-juni-in-berlin-32081\/\" \/>\n<meta property=\"og:site_name\" content=\"Krafthand-Truck\" \/>\n<meta property=\"article:published_time\" content=\"2022-04-12T09:48:29+00:00\" \/>\n<meta property=\"article:modified_time\" content=\"2022-04-17T21:37:47+00:00\" \/>\n<meta property=\"og:image\" content=\"https:\/\/static.krafthand-truck.de\/uploads\/2022\/04\/Zukunftskongress_Nutzfahrzeuge_2022.jpg\" \/>\n\t<meta property=\"og:image:width\" content=\"1200\" \/>\n\t<meta property=\"og:image:height\" content=\"589\" \/>\n\t<meta property=\"og:image:type\" content=\"image\/jpeg\" \/>\n<meta name=\"author\" content=\"georg.blenk@krafthand-medien.de\" \/>\n<meta name=\"twitter:card\" content=\"summary_large_image\" \/>\n<meta name=\"twitter:label1\" content=\"Verfasst von\" \/>\n\t<meta name=\"twitter:data1\" content=\"georg.blenk@krafthand-medien.de\" \/>\n\t<meta name=\"twitter:label2\" content=\"Gesch\u00e4tzte Lesezeit\" \/>\n\t<meta name=\"twitter:data2\" content=\"2\u00a0Minuten\" \/>\n<script type=\"application\/ld+json\" class=\"yoast-schema-graph\">{\"@context\":\"https:\\\/\\\/schema.org\",\"@graph\":[{\"@type\":\"Article\",\"@id\":\"https:\\\/\\\/www.krafthand.de\\\/truck\\\/artikel\\\/zukunftskongress-nutzfahrzeuge-neuauflage-anfang-juni-in-berlin-32081\\\/#article\",\"isPartOf\":{\"@id\":\"https:\\\/\\\/www.krafthand.de\\\/truck\\\/artikel\\\/zukunftskongress-nutzfahrzeuge-neuauflage-anfang-juni-in-berlin-32081\\\/\"},\"author\":{\"name\":\"georg.blenk@krafthand-medien.de\",\"@id\":\"https:\\\/\\\/www.krafthand.de\\\/truck\\\/#\\\/schema\\\/person\\\/51fa80b1c57034c4bf63f9f988fc24ce\"},\"headline\":\"Zukunftskongress-Nutzfahrzeuge: Neuauflage Anfang Juni in Berlin\",\"datePublished\":\"2022-04-12T09:48:29+00:00\",\"dateModified\":\"2022-04-17T21:37:47+00:00\",\"mainEntityOfPage\":{\"@id\":\"https:\\\/\\\/www.krafthand.de\\\/truck\\\/artikel\\\/zukunftskongress-nutzfahrzeuge-neuauflage-anfang-juni-in-berlin-32081\\\/\"},\"wordCount\":309,\"image\":{\"@id\":\"https:\\\/\\\/www.krafthand.de\\\/truck\\\/artikel\\\/zukunftskongress-nutzfahrzeuge-neuauflage-anfang-juni-in-berlin-32081\\\/#primaryimage\"},\"thumbnailUrl\":\"https:\\\/\\\/static.krafthand-truck.de\\\/uploads\\\/2022\\\/04\\\/Zukunftskongress_Nutzfahrzeuge_2022.jpg\",\"keywords\":[\"Dekra\",\"Zukunftskongress Nutzfahrzeuge\"],\"articleSection\":[\"Veranstaltungen\\\/Messen\"],\"inLanguage\":\"de\"},{\"@type\":\"WebPage\",\"@id\":\"https:\\\/\\\/www.krafthand.de\\\/truck\\\/artikel\\\/zukunftskongress-nutzfahrzeuge-neuauflage-anfang-juni-in-berlin-32081\\\/\",\"url\":\"https:\\\/\\\/www.krafthand.de\\\/truck\\\/artikel\\\/zukunftskongress-nutzfahrzeuge-neuauflage-anfang-juni-in-berlin-32081\\\/\",\"name\":\"Zukunftskongress Nutzfahrzeuge am 2.-3.Juli in Berlin I Krafthand-Truck\",\"isPartOf\":{\"@id\":\"https:\\\/\\\/www.krafthand.de\\\/truck\\\/#website\"},\"primaryImageOfPage\":{\"@id\":\"https:\\\/\\\/www.krafthand.de\\\/truck\\\/artikel\\\/zukunftskongress-nutzfahrzeuge-neuauflage-anfang-juni-in-berlin-32081\\\/#primaryimage\"},\"image\":{\"@id\":\"https:\\\/\\\/www.krafthand.de\\\/truck\\\/artikel\\\/zukunftskongress-nutzfahrzeuge-neuauflage-anfang-juni-in-berlin-32081\\\/#primaryimage\"},\"thumbnailUrl\":\"https:\\\/\\\/static.krafthand-truck.de\\\/uploads\\\/2022\\\/04\\\/Zukunftskongress_Nutzfahrzeuge_2022.jpg\",\"datePublished\":\"2022-04-12T09:48:29+00:00\",\"dateModified\":\"2022-04-17T21:37:47+00:00\",\"author\":{\"@id\":\"https:\\\/\\\/www.krafthand.de\\\/truck\\\/#\\\/schema\\\/person\\\/51fa80b1c57034c4bf63f9f988fc24ce\"},\"description\":\"2022 musste der DEKRA Zukunftskongress Nutzfahrzeuge pandemiebedingt abgesagt werden. F\u00fcr den 2.\\\/3. Juni 2022 ist eine Neuauflage geplant.\",\"breadcrumb\":{\"@id\":\"https:\\\/\\\/www.krafthand.de\\\/truck\\\/artikel\\\/zukunftskongress-nutzfahrzeuge-neuauflage-anfang-juni-in-berlin-32081\\\/#breadcrumb\"},\"inLanguage\":\"de\",\"potentialAction\":[{\"@type\":\"ReadAction\",\"target\":[\"https:\\\/\\\/www.krafthand.de\\\/truck\\\/artikel\\\/zukunftskongress-nutzfahrzeuge-neuauflage-anfang-juni-in-berlin-32081\\\/\"]}]},{\"@type\":\"ImageObject\",\"inLanguage\":\"de\",\"@id\":\"https:\\\/\\\/www.krafthand.de\\\/truck\\\/artikel\\\/zukunftskongress-nutzfahrzeuge-neuauflage-anfang-juni-in-berlin-32081\\\/#primaryimage\",\"url\":\"https:\\\/\\\/static.krafthand-truck.de\\\/uploads\\\/2022\\\/04\\\/Zukunftskongress_Nutzfahrzeuge_2022.jpg\",\"contentUrl\":\"https:\\\/\\\/static.krafthand-truck.de\\\/uploads\\\/2022\\\/04\\\/Zukunftskongress_Nutzfahrzeuge_2022.jpg\",\"width\":1200,\"height\":589},{\"@type\":\"BreadcrumbList\",\"@id\":\"https:\\\/\\\/www.krafthand.de\\\/truck\\\/artikel\\\/zukunftskongress-nutzfahrzeuge-neuauflage-anfang-juni-in-berlin-32081\\\/#breadcrumb\",\"itemListElement\":[{\"@type\":\"ListItem\",\"position\":1,\"name\":\"Krafthand-Truck\",\"item\":\"https:\\\/\\\/www.krafthand.de\\\/truck\\\/\"},{\"@type\":\"ListItem\",\"position\":2,\"name\":\"Nfz-Branche\",\"item\":\"https:\\\/\\\/www.krafthand.de\\\/truck\\\/kategorie\\\/branche\\\/\"},{\"@type\":\"ListItem\",\"position\":3,\"name\":\"Veranstaltungen\\\/Messen\",\"item\":\"https:\\\/\\\/www.krafthand.de\\\/truck\\\/kategorie\\\/branche\\\/veranstaltungen\\\/\"},{\"@type\":\"ListItem\",\"position\":4,\"name\":\"Zukunftskongress-Nutzfahrzeuge: Neuauflage Anfang Juni in Berlin\"}]},{\"@type\":\"WebSite\",\"@id\":\"https:\\\/\\\/www.krafthand.de\\\/truck\\\/#website\",\"url\":\"https:\\\/\\\/www.krafthand.de\\\/truck\\\/\",\"name\":\"Krafthand-Truck\",\"description\":\"\",\"potentialAction\":[{\"@type\":\"SearchAction\",\"target\":{\"@type\":\"EntryPoint\",\"urlTemplate\":\"https:\\\/\\\/www.krafthand.de\\\/truck\\\/?s={search_term_string}\"},\"query-input\":{\"@type\":\"PropertyValueSpecification\",\"valueRequired\":true,\"valueName\":\"search_term_string\"}}],\"inLanguage\":\"de\"},{\"@type\":\"Person\",\"@id\":\"https:\\\/\\\/www.krafthand.de\\\/truck\\\/#\\\/schema\\\/person\\\/51fa80b1c57034c4bf63f9f988fc24ce\",\"name\":\"georg.blenk@krafthand-medien.de\",\"image\":{\"@type\":\"ImageObject\",\"inLanguage\":\"de\",\"@id\":\"https:\\\/\\\/secure.gravatar.com\\\/avatar\\\/93713c30affe0aa95d3a4130e499bb1abee2eb31adbdd9ce2aa1543538490215?s=96&d=mm&r=g\",\"url\":\"https:\\\/\\\/secure.gravatar.com\\\/avatar\\\/93713c30affe0aa95d3a4130e499bb1abee2eb31adbdd9ce2aa1543538490215?s=96&d=mm&r=g\",\"contentUrl\":\"https:\\\/\\\/secure.gravatar.com\\\/avatar\\\/93713c30affe0aa95d3a4130e499bb1abee2eb31adbdd9ce2aa1543538490215?s=96&d=mm&r=g\",\"caption\":\"georg.blenk@krafthand-medien.de\"}}]}<\/script>\n<!-- \/ Yoast SEO plugin. -->","yoast_head_json":{"title":"Zukunftskongress Nutzfahrzeuge am 2.-3.Juli in Berlin I Krafthand-Truck","description":"2022 musste der DEKRA Zukunftskongress Nutzfahrzeuge pandemiebedingt abgesagt werden. F\u00fcr den 2.\/3. Juni 2022 ist eine Neuauflage geplant.","robots":{"index":"index","follow":"follow","max-snippet":"max-snippet:-1","max-image-preview":"max-image-preview:large","max-video-preview":"max-video-preview:-1"},"canonical":"https:\/\/www.krafthand.de\/truck\/artikel\/zukunftskongress-nutzfahrzeuge-neuauflage-anfang-juni-in-berlin-32081\/","og_locale":"de_DE","og_type":"article","og_title":"Zukunftskongress Nutzfahrzeuge am 2.-3.Juli in Berlin I Krafthand-Truck","og_description":"2022 musste der DEKRA Zukunftskongress Nutzfahrzeuge pandemiebedingt abgesagt werden. F\u00fcr den 2.\/3. Juni 2022 ist eine Neuauflage geplant.","og_url":"https:\/\/www.krafthand-truck.de\/artikel\/zukunftskongress-nutzfahrzeuge-neuauflage-anfang-juni-in-berlin-32081\/","og_site_name":"Krafthand-Truck","article_published_time":"2022-04-12T09:48:29+00:00","article_modified_time":"2022-04-17T21:37:47+00:00","og_image":[{"width":1200,"height":589,"url":"https:\/\/static.krafthand-truck.de\/uploads\/2022\/04\/Zukunftskongress_Nutzfahrzeuge_2022.jpg","type":"image\/jpeg"}],"author":"georg.blenk@krafthand-medien.de","twitter_card":"summary_large_image","twitter_misc":{"Verfasst von":"georg.blenk@krafthand-medien.de","Gesch\u00e4tzte Lesezeit":"2\u00a0Minuten"},"schema":{"@context":"https:\/\/schema.org","@graph":[{"@type":"Article","@id":"https:\/\/www.krafthand.de\/truck\/artikel\/zukunftskongress-nutzfahrzeuge-neuauflage-anfang-juni-in-berlin-32081\/#article","isPartOf":{"@id":"https:\/\/www.krafthand.de\/truck\/artikel\/zukunftskongress-nutzfahrzeuge-neuauflage-anfang-juni-in-berlin-32081\/"},"author":{"name":"georg.blenk@krafthand-medien.de","@id":"https:\/\/www.krafthand.de\/truck\/#\/schema\/person\/51fa80b1c57034c4bf63f9f988fc24ce"},"headline":"Zukunftskongress-Nutzfahrzeuge: Neuauflage Anfang Juni in Berlin","datePublished":"2022-04-12T09:48:29+00:00","dateModified":"2022-04-17T21:37:47+00:00","mainEntityOfPage":{"@id":"https:\/\/www.krafthand.de\/truck\/artikel\/zukunftskongress-nutzfahrzeuge-neuauflage-anfang-juni-in-berlin-32081\/"},"wordCount":309,"image":{"@id":"https:\/\/www.krafthand.de\/truck\/artikel\/zukunftskongress-nutzfahrzeuge-neuauflage-anfang-juni-in-berlin-32081\/#primaryimage"},"thumbnailUrl":"https:\/\/static.krafthand-truck.de\/uploads\/2022\/04\/Zukunftskongress_Nutzfahrzeuge_2022.jpg","keywords":["Dekra","Zukunftskongress Nutzfahrzeuge"],"articleSection":["Veranstaltungen\/Messen"],"inLanguage":"de"},{"@type":"WebPage","@id":"https:\/\/www.krafthand.de\/truck\/artikel\/zukunftskongress-nutzfahrzeuge-neuauflage-anfang-juni-in-berlin-32081\/","url":"https:\/\/www.krafthand.de\/truck\/artikel\/zukunftskongress-nutzfahrzeuge-neuauflage-anfang-juni-in-berlin-32081\/","name":"Zukunftskongress Nutzfahrzeuge am 2.-3.Juli in Berlin I Krafthand-Truck","isPartOf":{"@id":"https:\/\/www.krafthand.de\/truck\/#website"},"primaryImageOfPage":{"@id":"https:\/\/www.krafthand.de\/truck\/artikel\/zukunftskongress-nutzfahrzeuge-neuauflage-anfang-juni-in-berlin-32081\/#primaryimage"},"image":{"@id":"https:\/\/www.krafthand.de\/truck\/artikel\/zukunftskongress-nutzfahrzeuge-neuauflage-anfang-juni-in-berlin-32081\/#primaryimage"},"thumbnailUrl":"https:\/\/static.krafthand-truck.de\/uploads\/2022\/04\/Zukunftskongress_Nutzfahrzeuge_2022.jpg","datePublished":"2022-04-12T09:48:29+00:00","dateModified":"2022-04-17T21:37:47+00:00","author":{"@id":"https:\/\/www.krafthand.de\/truck\/#\/schema\/person\/51fa80b1c57034c4bf63f9f988fc24ce"},"description":"2022 musste der DEKRA Zukunftskongress Nutzfahrzeuge pandemiebedingt abgesagt werden. F\u00fcr den 2.\/3. Juni 2022 ist eine Neuauflage geplant.","breadcrumb":{"@id":"https:\/\/www.krafthand.de\/truck\/artikel\/zukunftskongress-nutzfahrzeuge-neuauflage-anfang-juni-in-berlin-32081\/#breadcrumb"},"inLanguage":"de","potentialAction":[{"@type":"ReadAction","target":["https:\/\/www.krafthand.de\/truck\/artikel\/zukunftskongress-nutzfahrzeuge-neuauflage-anfang-juni-in-berlin-32081\/"]}]},{"@type":"ImageObject","inLanguage":"de","@id":"https:\/\/www.krafthand.de\/truck\/artikel\/zukunftskongress-nutzfahrzeuge-neuauflage-anfang-juni-in-berlin-32081\/#primaryimage","url":"https:\/\/static.krafthand-truck.de\/uploads\/2022\/04\/Zukunftskongress_Nutzfahrzeuge_2022.jpg","contentUrl":"https:\/\/static.krafthand-truck.de\/uploads\/2022\/04\/Zukunftskongress_Nutzfahrzeuge_2022.jpg","width":1200,"height":589},{"@type":"BreadcrumbList","@id":"https:\/\/www.krafthand.de\/truck\/artikel\/zukunftskongress-nutzfahrzeuge-neuauflage-anfang-juni-in-berlin-32081\/#breadcrumb","itemListElement":[{"@type":"ListItem","position":1,"name":"Krafthand-Truck","item":"https:\/\/www.krafthand.de\/truck\/"},{"@type":"ListItem","position":2,"name":"Nfz-Branche","item":"https:\/\/www.krafthand.de\/truck\/kategorie\/branche\/"},{"@type":"ListItem","position":3,"name":"Veranstaltungen\/Messen","item":"https:\/\/www.krafthand.de\/truck\/kategorie\/branche\/veranstaltungen\/"},{"@type":"ListItem","position":4,"name":"Zukunftskongress-Nutzfahrzeuge: Neuauflage Anfang Juni in Berlin"}]},{"@type":"WebSite","@id":"https:\/\/www.krafthand.de\/truck\/#website","url":"https:\/\/www.krafthand.de\/truck\/","name":"Krafthand-Truck","description":"","potentialAction":[{"@type":"SearchAction","target":{"@type":"EntryPoint","urlTemplate":"https:\/\/www.krafthand.de\/truck\/?s={search_term_string}"},"query-input":{"@type":"PropertyValueSpecification","valueRequired":true,"valueName":"search_term_string"}}],"inLanguage":"de"},{"@type":"Person","@id":"https:\/\/www.krafthand.de\/truck\/#\/schema\/person\/51fa80b1c57034c4bf63f9f988fc24ce","name":"georg.blenk@krafthand-medien.de","image":{"@type":"ImageObject","inLanguage":"de","@id":"https:\/\/secure.gravatar.com\/avatar\/93713c30affe0aa95d3a4130e499bb1abee2eb31adbdd9ce2aa1543538490215?s=96&d=mm&r=g","url":"https:\/\/secure.gravatar.com\/avatar\/93713c30affe0aa95d3a4130e499bb1abee2eb31adbdd9ce2aa1543538490215?s=96&d=mm&r=g","contentUrl":"https:\/\/secure.gravatar.com\/avatar\/93713c30affe0aa95d3a4130e499bb1abee2eb31adbdd9ce2aa1543538490215?s=96&d=mm&r=g","caption":"georg.blenk@krafthand-medien.de"}}]}},"_links":{"self":[{"href":"https:\/\/www.krafthand.de\/truck\/wp-json\/wp\/v2\/posts\/32081","targetHints":{"allow":["GET"]}}],"collection":[{"href":"https:\/\/www.krafthand.de\/truck\/wp-json\/wp\/v2\/posts"}],"about":[{"href":"https:\/\/www.krafthand.de\/truck\/wp-json\/wp\/v2\/types\/post"}],"author":[{"embeddable":true,"href":"https:\/\/www.krafthand.de\/truck\/wp-json\/wp\/v2\/users\/9"}],"replies":[{"embeddable":true,"href":"https:\/\/www.krafthand.de\/truck\/wp-json\/wp\/v2\/comments?post=32081"}],"version-history":[{"count":7,"href":"https:\/\/www.krafthand.de\/truck\/wp-json\/wp\/v2\/posts\/32081\/revisions"}],"predecessor-version":[{"id":32090,"href":"https:\/\/www.krafthand.de\/truck\/wp-json\/wp\/v2\/posts\/32081\/revisions\/32090"}],"wp:featuredmedia":[{"embeddable":true,"href":"https:\/\/www.krafthand.de\/truck\/wp-json\/wp\/v2\/media\/32087"}],"wp:attachment":[{"href":"https:\/\/www.krafthand.de\/truck\/wp-json\/wp\/v2\/media?parent=32081"}],"wp:term":[{"taxonomy":"category","embeddable":true,"href":"https:\/\/www.krafthand.de\/truck\/wp-json\/wp\/v2\/categories?post=32081"},{"taxonomy":"post_tag","embeddable":true,"href":"https:\/\/www.krafthand.de\/truck\/wp-json\/wp\/v2\/tags?post=32081"},{"taxonomy":"settings","embeddable":true,"href":"https:\/\/www.krafthand.de\/truck\/wp-json\/wp\/v2\/settings?post=32081"}],"curies":[{"name":"wp","href":"https:\/\/api.w.org\/{rel}","templated":true}]}}