{"id":3208,"date":"2017-09-21T15:24:12","date_gmt":"2017-09-21T13:24:12","guid":{"rendered":"https:\/\/www.krafthand.de\/truck\/artikel\/schwerpunkt-technologie-carat-messe-am-14-und-15-oktober-2017-in-kassel-3208\/"},"modified":"2017-09-21T15:24:12","modified_gmt":"2017-09-21T13:24:12","slug":"schwerpunkt-technologie-carat-messe-am-14-und-15-oktober-2017-in-kassel","status":"publish","type":"post","link":"https:\/\/www.krafthand.de\/truck\/artikel\/schwerpunkt-technologie-carat-messe-am-14-und-15-oktober-2017-in-kassel-3208\/","title":{"rendered":"Schwerpunkt Technologie: Carat-Messe am 14. und 15. Oktober 2017 in Kassel"},"content":{"rendered":"<p class=\"text-colored\">Mehr als 200 Aussteller erwartet die Carat-Systemzentrale am 14. und 15. Oktober 2017 zur traditionellen Leistungsmesse in Kassels Messehallen. Zusammen mit seinen Lieferanten zeigt die Mannheimer Teilegro\u00dfhandelskooperation &#8222;alles, was die Werkstatt braucht&#8220;. Und da die Carat in diesem Jahr das 20-j\u00e4hrige Bestehen feiert, rechnet das Messe-Team nach eigenem Bekunden mit mehr als 20.000 Fachbesuchern.<\/p>\n<p>Messe-Schwerpunkt ist diesmal das Thema &#8218;Technologie&#8216;. Zu diesem passend gibt es ein &#8218;Technologie-Forum&#8216; und eine &#8218;Technologie-Live-Werkstatt&#8216;. &quot;Denn auch wenn die Mechanik wichtig bleibt: alles, was mit Elektrik und Elektronik zu tun hat, wird in Zukunft einen noch gr\u00f6\u00dferen Stellenwert in der Werkstatt haben&quot;, prognostiziert Carat-Chef Thomas Vollmar.<\/p>\n<p>Deshalb wolle man die Messebesucher mit interessanten Vortr\u00e4gen und Vorf\u00fchrungen eine wichtige Orientierungshilfe bei Themen rund um Digitalisierung, E-Mobilit\u00e4t und mobile Kommunikation geben. Highlight am Messeabend ist schlie\u00dflich das Konzert mit Sarah Connor zum Abschluss ihrer &#8218;Muttersprache&#8216;- Tournee.<\/p>\n","protected":false},"excerpt":{"rendered":"<p>Mehr als 200 Aussteller erwartet die Carat-Systemzentrale am 14. und 15. Oktober 2017 zur traditionellen Leistungsmesse in Kassels Messehallen. Zusammen mit seinen Lieferanten zeigt die Mannheimer Teilegro\u00dfhandelskooperation &#8222;alles, was die Werkstatt braucht&#8220;. Und da die Carat in diesem Jahr das 20-j\u00e4hrige Bestehen feiert, rechnet das Messe-Team nach eigenem Bekunden mit mehr als 20.000 Fachbesuchern. <span class=\"excerpt-more__dots\">&#8230;<\/span> <a class=\"excerpt-more__link\" href=\"https:\/\/www.krafthand.de\/truck\/artikel\/schwerpunkt-technologie-carat-messe-am-14-und-15-oktober-2017-in-kassel-3208\/\" >weiter<\/a><\/p>\n","protected":false},"author":3,"featured_media":3209,"comment_status":"closed","ping_status":"closed","sticky":false,"template":"","format":"standard","meta":{"footnotes":""},"categories":[5],"tags":[3336,506,1092,507,3338,606,3337],"settings":[],"class_list":["post-3208","post","type-post","status-publish","format-standard","has-post-thumbnail","hentry","category-branche","tag-20-jaehriges-bestehen","tag-carat","tag-kassel","tag-leistungsmesse","tag-sarah-connor","tag-technologie","tag-technologie-forum"],"yoast_head":"<!-- This site is optimized with the Yoast SEO plugin v27.3 - https:\/\/yoast.com\/product\/yoast-seo-wordpress\/ -->\n<title>Schwerpunkt Technologie: Carat-Messe am 14. und 15. Oktober 2017 in Kassel - Krafthand-Truck<\/title>\n<meta name=\"robots\" content=\"index, follow, max-snippet:-1, max-image-preview:large, max-video-preview:-1\" \/>\n<link rel=\"canonical\" href=\"https:\/\/www.krafthand.de\/truck\/artikel\/schwerpunkt-technologie-carat-messe-am-14-und-15-oktober-2017-in-kassel-3208\/\" \/>\n<meta property=\"og:locale\" content=\"de_DE\" \/>\n<meta property=\"og:type\" content=\"article\" \/>\n<meta property=\"og:title\" content=\"Schwerpunkt Technologie: Carat-Messe am 14. und 15. Oktober 2017 in Kassel - Krafthand-Truck\" \/>\n<meta property=\"og:description\" content=\"Mehr als 200 Aussteller erwartet die Carat-Systemzentrale am 14. und 15. Oktober 2017 zur traditionellen Leistungsmesse in Kassels Messehallen. Zusammen mit seinen Lieferanten zeigt die Mannheimer Teilegro\u00dfhandelskooperation &quot;alles, was die Werkstatt braucht&quot;. Und da die Carat in diesem Jahr das 20-j\u00e4hrige Bestehen feiert, rechnet das Messe-Team nach eigenem Bekunden mit mehr als 20.000 Fachbesuchern. ... weiter\" \/>\n<meta property=\"og:url\" content=\"https:\/\/www.krafthand-truck.de\/artikel\/schwerpunkt-technologie-carat-messe-am-14-und-15-oktober-2017-in-kassel-3208\/\" \/>\n<meta property=\"og:site_name\" content=\"Krafthand-Truck\" \/>\n<meta property=\"article:published_time\" content=\"2017-09-21T13:24:12+00:00\" \/>\n<meta property=\"og:image\" content=\"https:\/\/www.krafthand.de\/truck\/wp-content\/uploads\/2017\/09\/kht0317_057.jpg\" \/>\n\t<meta property=\"og:image:width\" content=\"1200\" \/>\n\t<meta property=\"og:image:height\" content=\"800\" \/>\n\t<meta property=\"og:image:type\" content=\"image\/jpeg\" \/>\n<meta name=\"author\" content=\"katja.heid@krafthand.de\" \/>\n<meta name=\"twitter:card\" content=\"summary_large_image\" \/>\n<meta name=\"twitter:label1\" content=\"Verfasst von\" \/>\n\t<meta name=\"twitter:data1\" content=\"katja.heid@krafthand.de\" \/>\n\t<meta name=\"twitter:label2\" content=\"Gesch\u00e4tzte Lesezeit\" \/>\n\t<meta name=\"twitter:data2\" content=\"1\u00a0Minute\" \/>\n<script type=\"application\/ld+json\" class=\"yoast-schema-graph\">{\"@context\":\"https:\\\/\\\/schema.org\",\"@graph\":[{\"@type\":\"Article\",\"@id\":\"https:\\\/\\\/www.krafthand.de\\\/truck\\\/artikel\\\/schwerpunkt-technologie-carat-messe-am-14-und-15-oktober-2017-in-kassel-3208\\\/#article\",\"isPartOf\":{\"@id\":\"https:\\\/\\\/www.krafthand.de\\\/truck\\\/artikel\\\/schwerpunkt-technologie-carat-messe-am-14-und-15-oktober-2017-in-kassel-3208\\\/\"},\"author\":{\"name\":\"katja.heid@krafthand.de\",\"@id\":\"https:\\\/\\\/www.krafthand.de\\\/truck\\\/#\\\/schema\\\/person\\\/8e290c6d425b72d176adc7767a251001\"},\"headline\":\"Schwerpunkt Technologie: Carat-Messe am 14. und 15. Oktober 2017 in Kassel\",\"datePublished\":\"2017-09-21T13:24:12+00:00\",\"mainEntityOfPage\":{\"@id\":\"https:\\\/\\\/www.krafthand.de\\\/truck\\\/artikel\\\/schwerpunkt-technologie-carat-messe-am-14-und-15-oktober-2017-in-kassel-3208\\\/\"},\"wordCount\":154,\"image\":{\"@id\":\"https:\\\/\\\/www.krafthand.de\\\/truck\\\/artikel\\\/schwerpunkt-technologie-carat-messe-am-14-und-15-oktober-2017-in-kassel-3208\\\/#primaryimage\"},\"thumbnailUrl\":\"https:\\\/\\\/static.krafthand-truck.de\\\/uploads\\\/2017\\\/09\\\/kht0317_057.jpg\",\"keywords\":[\"20-j\u00e4hriges Bestehen\",\"Carat\",\"Kassel\",\"Leistungsmesse\",\"Sarah Connor\",\"Technologie\",\"Technologie-Forum\"],\"articleSection\":[\"Nfz-Branche\"],\"inLanguage\":\"de\"},{\"@type\":\"WebPage\",\"@id\":\"https:\\\/\\\/www.krafthand.de\\\/truck\\\/artikel\\\/schwerpunkt-technologie-carat-messe-am-14-und-15-oktober-2017-in-kassel-3208\\\/\",\"url\":\"https:\\\/\\\/www.krafthand.de\\\/truck\\\/artikel\\\/schwerpunkt-technologie-carat-messe-am-14-und-15-oktober-2017-in-kassel-3208\\\/\",\"name\":\"Schwerpunkt Technologie: Carat-Messe am 14. und 15. Oktober 2017 in Kassel - Krafthand-Truck\",\"isPartOf\":{\"@id\":\"https:\\\/\\\/www.krafthand.de\\\/truck\\\/#website\"},\"primaryImageOfPage\":{\"@id\":\"https:\\\/\\\/www.krafthand.de\\\/truck\\\/artikel\\\/schwerpunkt-technologie-carat-messe-am-14-und-15-oktober-2017-in-kassel-3208\\\/#primaryimage\"},\"image\":{\"@id\":\"https:\\\/\\\/www.krafthand.de\\\/truck\\\/artikel\\\/schwerpunkt-technologie-carat-messe-am-14-und-15-oktober-2017-in-kassel-3208\\\/#primaryimage\"},\"thumbnailUrl\":\"https:\\\/\\\/static.krafthand-truck.de\\\/uploads\\\/2017\\\/09\\\/kht0317_057.jpg\",\"datePublished\":\"2017-09-21T13:24:12+00:00\",\"author\":{\"@id\":\"https:\\\/\\\/www.krafthand.de\\\/truck\\\/#\\\/schema\\\/person\\\/8e290c6d425b72d176adc7767a251001\"},\"breadcrumb\":{\"@id\":\"https:\\\/\\\/www.krafthand.de\\\/truck\\\/artikel\\\/schwerpunkt-technologie-carat-messe-am-14-und-15-oktober-2017-in-kassel-3208\\\/#breadcrumb\"},\"inLanguage\":\"de\",\"potentialAction\":[{\"@type\":\"ReadAction\",\"target\":[\"https:\\\/\\\/www.krafthand.de\\\/truck\\\/artikel\\\/schwerpunkt-technologie-carat-messe-am-14-und-15-oktober-2017-in-kassel-3208\\\/\"]}]},{\"@type\":\"ImageObject\",\"inLanguage\":\"de\",\"@id\":\"https:\\\/\\\/www.krafthand.de\\\/truck\\\/artikel\\\/schwerpunkt-technologie-carat-messe-am-14-und-15-oktober-2017-in-kassel-3208\\\/#primaryimage\",\"url\":\"https:\\\/\\\/static.krafthand-truck.de\\\/uploads\\\/2017\\\/09\\\/kht0317_057.jpg\",\"contentUrl\":\"https:\\\/\\\/static.krafthand-truck.de\\\/uploads\\\/2017\\\/09\\\/kht0317_057.jpg\",\"width\":1200,\"height\":800},{\"@type\":\"BreadcrumbList\",\"@id\":\"https:\\\/\\\/www.krafthand.de\\\/truck\\\/artikel\\\/schwerpunkt-technologie-carat-messe-am-14-und-15-oktober-2017-in-kassel-3208\\\/#breadcrumb\",\"itemListElement\":[{\"@type\":\"ListItem\",\"position\":1,\"name\":\"Krafthand-Truck\",\"item\":\"https:\\\/\\\/www.krafthand.de\\\/truck\\\/\"},{\"@type\":\"ListItem\",\"position\":2,\"name\":\"Nfz-Branche\",\"item\":\"https:\\\/\\\/www.krafthand.de\\\/truck\\\/kategorie\\\/branche\\\/\"},{\"@type\":\"ListItem\",\"position\":3,\"name\":\"Schwerpunkt Technologie: Carat-Messe am 14. und 15. Oktober 2017 in Kassel\"}]},{\"@type\":\"WebSite\",\"@id\":\"https:\\\/\\\/www.krafthand.de\\\/truck\\\/#website\",\"url\":\"https:\\\/\\\/www.krafthand.de\\\/truck\\\/\",\"name\":\"Krafthand-Truck\",\"description\":\"\",\"potentialAction\":[{\"@type\":\"SearchAction\",\"target\":{\"@type\":\"EntryPoint\",\"urlTemplate\":\"https:\\\/\\\/www.krafthand.de\\\/truck\\\/?s={search_term_string}\"},\"query-input\":{\"@type\":\"PropertyValueSpecification\",\"valueRequired\":true,\"valueName\":\"search_term_string\"}}],\"inLanguage\":\"de\"},{\"@type\":\"Person\",\"@id\":\"https:\\\/\\\/www.krafthand.de\\\/truck\\\/#\\\/schema\\\/person\\\/8e290c6d425b72d176adc7767a251001\",\"name\":\"katja.heid@krafthand.de\",\"image\":{\"@type\":\"ImageObject\",\"inLanguage\":\"de\",\"@id\":\"https:\\\/\\\/secure.gravatar.com\\\/avatar\\\/9a2930c54ede0e0a76c0f8abfb74704de273084f2aa0e3c6deb2c86704c7402b?s=96&d=mm&r=g\",\"url\":\"https:\\\/\\\/secure.gravatar.com\\\/avatar\\\/9a2930c54ede0e0a76c0f8abfb74704de273084f2aa0e3c6deb2c86704c7402b?s=96&d=mm&r=g\",\"contentUrl\":\"https:\\\/\\\/secure.gravatar.com\\\/avatar\\\/9a2930c54ede0e0a76c0f8abfb74704de273084f2aa0e3c6deb2c86704c7402b?s=96&d=mm&r=g\",\"caption\":\"katja.heid@krafthand.de\"}}]}<\/script>\n<!-- \/ Yoast SEO plugin. -->","yoast_head_json":{"title":"Schwerpunkt Technologie: Carat-Messe am 14. und 15. Oktober 2017 in Kassel - Krafthand-Truck","robots":{"index":"index","follow":"follow","max-snippet":"max-snippet:-1","max-image-preview":"max-image-preview:large","max-video-preview":"max-video-preview:-1"},"canonical":"https:\/\/www.krafthand.de\/truck\/artikel\/schwerpunkt-technologie-carat-messe-am-14-und-15-oktober-2017-in-kassel-3208\/","og_locale":"de_DE","og_type":"article","og_title":"Schwerpunkt Technologie: Carat-Messe am 14. und 15. Oktober 2017 in Kassel - Krafthand-Truck","og_description":"Mehr als 200 Aussteller erwartet die Carat-Systemzentrale am 14. und 15. Oktober 2017 zur traditionellen Leistungsmesse in Kassels Messehallen. Zusammen mit seinen Lieferanten zeigt die Mannheimer Teilegro\u00dfhandelskooperation \"alles, was die Werkstatt braucht\". Und da die Carat in diesem Jahr das 20-j\u00e4hrige Bestehen feiert, rechnet das Messe-Team nach eigenem Bekunden mit mehr als 20.000 Fachbesuchern. ... weiter","og_url":"https:\/\/www.krafthand-truck.de\/artikel\/schwerpunkt-technologie-carat-messe-am-14-und-15-oktober-2017-in-kassel-3208\/","og_site_name":"Krafthand-Truck","article_published_time":"2017-09-21T13:24:12+00:00","og_image":[{"width":1200,"height":800,"url":"https:\/\/www.krafthand.de\/truck\/wp-content\/uploads\/2017\/09\/kht0317_057.jpg","type":"image\/jpeg"}],"author":"katja.heid@krafthand.de","twitter_card":"summary_large_image","twitter_misc":{"Verfasst von":"katja.heid@krafthand.de","Gesch\u00e4tzte Lesezeit":"1\u00a0Minute"},"schema":{"@context":"https:\/\/schema.org","@graph":[{"@type":"Article","@id":"https:\/\/www.krafthand.de\/truck\/artikel\/schwerpunkt-technologie-carat-messe-am-14-und-15-oktober-2017-in-kassel-3208\/#article","isPartOf":{"@id":"https:\/\/www.krafthand.de\/truck\/artikel\/schwerpunkt-technologie-carat-messe-am-14-und-15-oktober-2017-in-kassel-3208\/"},"author":{"name":"katja.heid@krafthand.de","@id":"https:\/\/www.krafthand.de\/truck\/#\/schema\/person\/8e290c6d425b72d176adc7767a251001"},"headline":"Schwerpunkt Technologie: Carat-Messe am 14. und 15. Oktober 2017 in Kassel","datePublished":"2017-09-21T13:24:12+00:00","mainEntityOfPage":{"@id":"https:\/\/www.krafthand.de\/truck\/artikel\/schwerpunkt-technologie-carat-messe-am-14-und-15-oktober-2017-in-kassel-3208\/"},"wordCount":154,"image":{"@id":"https:\/\/www.krafthand.de\/truck\/artikel\/schwerpunkt-technologie-carat-messe-am-14-und-15-oktober-2017-in-kassel-3208\/#primaryimage"},"thumbnailUrl":"https:\/\/static.krafthand-truck.de\/uploads\/2017\/09\/kht0317_057.jpg","keywords":["20-j\u00e4hriges Bestehen","Carat","Kassel","Leistungsmesse","Sarah Connor","Technologie","Technologie-Forum"],"articleSection":["Nfz-Branche"],"inLanguage":"de"},{"@type":"WebPage","@id":"https:\/\/www.krafthand.de\/truck\/artikel\/schwerpunkt-technologie-carat-messe-am-14-und-15-oktober-2017-in-kassel-3208\/","url":"https:\/\/www.krafthand.de\/truck\/artikel\/schwerpunkt-technologie-carat-messe-am-14-und-15-oktober-2017-in-kassel-3208\/","name":"Schwerpunkt Technologie: Carat-Messe am 14. und 15. Oktober 2017 in Kassel - Krafthand-Truck","isPartOf":{"@id":"https:\/\/www.krafthand.de\/truck\/#website"},"primaryImageOfPage":{"@id":"https:\/\/www.krafthand.de\/truck\/artikel\/schwerpunkt-technologie-carat-messe-am-14-und-15-oktober-2017-in-kassel-3208\/#primaryimage"},"image":{"@id":"https:\/\/www.krafthand.de\/truck\/artikel\/schwerpunkt-technologie-carat-messe-am-14-und-15-oktober-2017-in-kassel-3208\/#primaryimage"},"thumbnailUrl":"https:\/\/static.krafthand-truck.de\/uploads\/2017\/09\/kht0317_057.jpg","datePublished":"2017-09-21T13:24:12+00:00","author":{"@id":"https:\/\/www.krafthand.de\/truck\/#\/schema\/person\/8e290c6d425b72d176adc7767a251001"},"breadcrumb":{"@id":"https:\/\/www.krafthand.de\/truck\/artikel\/schwerpunkt-technologie-carat-messe-am-14-und-15-oktober-2017-in-kassel-3208\/#breadcrumb"},"inLanguage":"de","potentialAction":[{"@type":"ReadAction","target":["https:\/\/www.krafthand.de\/truck\/artikel\/schwerpunkt-technologie-carat-messe-am-14-und-15-oktober-2017-in-kassel-3208\/"]}]},{"@type":"ImageObject","inLanguage":"de","@id":"https:\/\/www.krafthand.de\/truck\/artikel\/schwerpunkt-technologie-carat-messe-am-14-und-15-oktober-2017-in-kassel-3208\/#primaryimage","url":"https:\/\/static.krafthand-truck.de\/uploads\/2017\/09\/kht0317_057.jpg","contentUrl":"https:\/\/static.krafthand-truck.de\/uploads\/2017\/09\/kht0317_057.jpg","width":1200,"height":800},{"@type":"BreadcrumbList","@id":"https:\/\/www.krafthand.de\/truck\/artikel\/schwerpunkt-technologie-carat-messe-am-14-und-15-oktober-2017-in-kassel-3208\/#breadcrumb","itemListElement":[{"@type":"ListItem","position":1,"name":"Krafthand-Truck","item":"https:\/\/www.krafthand.de\/truck\/"},{"@type":"ListItem","position":2,"name":"Nfz-Branche","item":"https:\/\/www.krafthand.de\/truck\/kategorie\/branche\/"},{"@type":"ListItem","position":3,"name":"Schwerpunkt Technologie: Carat-Messe am 14. und 15. Oktober 2017 in Kassel"}]},{"@type":"WebSite","@id":"https:\/\/www.krafthand.de\/truck\/#website","url":"https:\/\/www.krafthand.de\/truck\/","name":"Krafthand-Truck","description":"","potentialAction":[{"@type":"SearchAction","target":{"@type":"EntryPoint","urlTemplate":"https:\/\/www.krafthand.de\/truck\/?s={search_term_string}"},"query-input":{"@type":"PropertyValueSpecification","valueRequired":true,"valueName":"search_term_string"}}],"inLanguage":"de"},{"@type":"Person","@id":"https:\/\/www.krafthand.de\/truck\/#\/schema\/person\/8e290c6d425b72d176adc7767a251001","name":"katja.heid@krafthand.de","image":{"@type":"ImageObject","inLanguage":"de","@id":"https:\/\/secure.gravatar.com\/avatar\/9a2930c54ede0e0a76c0f8abfb74704de273084f2aa0e3c6deb2c86704c7402b?s=96&d=mm&r=g","url":"https:\/\/secure.gravatar.com\/avatar\/9a2930c54ede0e0a76c0f8abfb74704de273084f2aa0e3c6deb2c86704c7402b?s=96&d=mm&r=g","contentUrl":"https:\/\/secure.gravatar.com\/avatar\/9a2930c54ede0e0a76c0f8abfb74704de273084f2aa0e3c6deb2c86704c7402b?s=96&d=mm&r=g","caption":"katja.heid@krafthand.de"}}]}},"_links":{"self":[{"href":"https:\/\/www.krafthand.de\/truck\/wp-json\/wp\/v2\/posts\/3208","targetHints":{"allow":["GET"]}}],"collection":[{"href":"https:\/\/www.krafthand.de\/truck\/wp-json\/wp\/v2\/posts"}],"about":[{"href":"https:\/\/www.krafthand.de\/truck\/wp-json\/wp\/v2\/types\/post"}],"author":[{"embeddable":true,"href":"https:\/\/www.krafthand.de\/truck\/wp-json\/wp\/v2\/users\/3"}],"replies":[{"embeddable":true,"href":"https:\/\/www.krafthand.de\/truck\/wp-json\/wp\/v2\/comments?post=3208"}],"version-history":[{"count":0,"href":"https:\/\/www.krafthand.de\/truck\/wp-json\/wp\/v2\/posts\/3208\/revisions"}],"wp:featuredmedia":[{"embeddable":true,"href":"https:\/\/www.krafthand.de\/truck\/wp-json\/wp\/v2\/media\/3209"}],"wp:attachment":[{"href":"https:\/\/www.krafthand.de\/truck\/wp-json\/wp\/v2\/media?parent=3208"}],"wp:term":[{"taxonomy":"category","embeddable":true,"href":"https:\/\/www.krafthand.de\/truck\/wp-json\/wp\/v2\/categories?post=3208"},{"taxonomy":"post_tag","embeddable":true,"href":"https:\/\/www.krafthand.de\/truck\/wp-json\/wp\/v2\/tags?post=3208"},{"taxonomy":"settings","embeddable":true,"href":"https:\/\/www.krafthand.de\/truck\/wp-json\/wp\/v2\/settings?post=3208"}],"curies":[{"name":"wp","href":"https:\/\/api.w.org\/{rel}","templated":true}]}}