{"id":32061,"date":"2022-04-08T11:06:58","date_gmt":"2022-04-08T09:06:58","guid":{"rendered":"https:\/\/www.krafthand.de\/truck\/?p=32061"},"modified":"2022-04-08T11:59:12","modified_gmt":"2022-04-08T09:59:12","slug":"dekra-richtet-aufsichtsrat-und-vorstand-neu-aus-zurkiewicz-wird-neuer-ceo","status":"publish","type":"post","link":"https:\/\/www.krafthand.de\/truck\/artikel\/dekra-richtet-aufsichtsrat-und-vorstand-neu-aus-zurkiewicz-wird-neuer-ceo-32061\/","title":{"rendered":"DEKRA: Zurkiewicz neuer CEO, K\u00f6lbl neuer Aufsichtsratschef"},"content":{"rendered":"<p>Der Pr\u00e4sidialrat des DEKRA e.V. und der Aufsichtsrat der <a href=\"https:\/\/www.dekra.de\" target=\"_blank\" rel=\"noopener\">DEKRA SE<\/a> haben in ihren turnusm\u00e4\u00dfigen Sitzungen am 6. April 2022 mit sofortiger Wirkung eine Neuaufstellung im Vorstand und im Aufsichtsrat des Pr\u00fcfkonzerns beschlossen. Der bisherige Vorstandsvorsitzende Stefan K\u00f6lbl wird zuk\u00fcnftig die h\u00f6chsten Aufsichtsgremien von DEKRA e.V. und DEKRA SE anf\u00fchren.<\/p>\n<p>Mit K\u00f6lbl \u00fcbernimmt ein ausgesprochener Branchenkenner, der \u00fcber 25 Jahre Erfahrung in der TIC-Branche (Testing, Inspection, Certification) verf\u00fcgt, den Vorsitz der Aufsichtsgremien. Die operative F\u00fchrung des Konzerns als Vorstandsvorsitzender und Chief Executive Officer (CEO) von DEKRA e.V.\/SE \u00fcbernimmt <strong>Stan Zurkiewicz<\/strong>. Der neue CEO war viele Jahre Asien-Chef und zuletzt Chief Operating Officer (COO) des Unternehmens. Der langj\u00e4hrige Pr\u00e4sident des Pr\u00e4sidialrats und Aufsichtsratsvorsitzende <strong>Thomas Pleines<\/strong>, legt seine Mandate nach erfolgreicher T\u00e4tigkeit nieder.<\/p>\n<p>Pleines, der seit Dezember 2000 in verschiedenen Gremien von DEKRA aktiv war und seit Mai 2011 sowohl den Pr\u00e4sidialrat des DEKRA e.V. wie auch den Aufsichtsrat der DEKRA SE leitete, will sich k\u00fcnftig verst\u00e4rkt pers\u00f6nlichen Interessen widmen. Aufgrund seiner au\u00dferordentlichen Verdienste wurde ihm zum Ende seiner Amtszeit vom Pr\u00e4sidialrat der Titel \u201eEhrenpr\u00e4sident\u201c verliehen. Er bleibt dem Unternehmen damit fest verbunden.<\/p>\n<p>Mit <strong>Stefan K\u00f6lbl<\/strong> steht zuk\u00fcnftig einer der erfahrensten Vorstandschefs der Branche an der Spitze der Aufsichtsgremien von DEKRA. <span style=\"color: #ffcc00;\"><em>\u201eMit dem Strategie-Programm DEKRA Strategy 2025 \u2013 inklusive der strategischen Ausrichtung auf technische sowie digitale Sicherheit plus Nachhaltigkeitsdienstleistungen \u2013 haben wir eine schlagkr\u00e4ftige Grundaufstellung f\u00fcr die kommenden Jahre geschaffen. Mein besonderer Dank geht an Thomas Pleines f\u00fcr die langj\u00e4hrige sehr gute Zusammenarbeit, dem ich f\u00fcr seinen neuen Lebensabschnitt alles erdenklich Gute w\u00fcnsche&#8220;, so K\u00f6lbl.<\/em><\/span><\/p>\n<p>Die Vorstandsmannschaft wird im Rahmen dieses Wechsels von bisher vier auf drei Positionen reduziert. In den Verantwortungsbereich von Stan Zurkiewicz fallen neben dem operativen Gesch\u00e4ft in den Regionen, Marketing &amp; Vertrieb, die Konzernstrategie und -entwicklung sowie die Konzernkommunikation. <strong>Wolfgang Linsenmaier<\/strong>, der unver\u00e4ndert als Chief Financial Officer (CFO) des DEKRA e.V. und der DEKRA SE die qualitative Entwicklung und Performance der Gruppe verantwortet, erweitert seinen Verantwortungsbereich um die Bereiche Recht und Compliance, Revision und Change Management. <strong>Ulrike Hetzel<\/strong>, Chief Technical Officer (CTO) der DEKRA SE, wird weiterhin die strategische Entwicklung der Service Divisions, das Innovationsmanagement und die globale IT verantworten.<\/p>\n","protected":false},"excerpt":{"rendered":"<p>Der Pr\u00e4sidialrat des DEKRA e.V. und der Aufsichtsrat der DEKRA SE haben in ihren turnusm\u00e4\u00dfigen Sitzungen am 6. April 2022 mit sofortiger Wirkung eine Neuaufstellung im Vorstand und im Aufsichtsrat des Pr\u00fcfkonzerns beschlossen. Der bisherige Vorstandsvorsitzende Stefan K\u00f6lbl wird zuk\u00fcnftig die h\u00f6chsten Aufsichtsgremien von DEKRA e.V. und DEKRA SE anf\u00fchren. Mit K\u00f6lbl \u00fcbernimmt ein ausgesprochener <span class=\"excerpt-more__dots\">&#8230;<\/span> <a class=\"excerpt-more__link\" href=\"https:\/\/www.krafthand.de\/truck\/artikel\/dekra-richtet-aufsichtsrat-und-vorstand-neu-aus-zurkiewicz-wird-neuer-ceo-32061\/\" >weiter<\/a><\/p>\n","protected":false},"author":9,"featured_media":32062,"comment_status":"closed","ping_status":"closed","sticky":false,"template":"","format":"standard","meta":{"footnotes":""},"categories":[4238,4235],"tags":[1538,5171,2151,5174,5172,5173],"settings":[],"class_list":["post-32061","post","type-post","status-publish","format-standard","has-post-thumbnail","hentry","category-koepfe","category-unternehmen","tag-aufsichtsrat","tag-ceo","tag-dekra","tag-stan-zurkiewicz","tag-stefan-koelbl","tag-thomas-pleines"],"yoast_head":"<!-- This site is optimized with the Yoast SEO plugin v27.3 - https:\/\/yoast.com\/product\/yoast-seo-wordpress\/ -->\n<title>DEKRA: Neue Unternehmensf\u00fchrung I Krafthand-Truck<\/title>\n<meta name=\"description\" content=\"DEKRA richtet Aufsichtsrat und Vorstand neu aus: Stand Zurkiewicz wird neuer CEO, Stefan K\u00f6lbl leitet Aufsichtsrat.\" \/>\n<meta name=\"robots\" content=\"index, follow, max-snippet:-1, max-image-preview:large, max-video-preview:-1\" \/>\n<link rel=\"canonical\" href=\"https:\/\/www.krafthand.de\/truck\/artikel\/dekra-richtet-aufsichtsrat-und-vorstand-neu-aus-zurkiewicz-wird-neuer-ceo-32061\/\" \/>\n<meta property=\"og:locale\" content=\"de_DE\" \/>\n<meta property=\"og:type\" content=\"article\" \/>\n<meta property=\"og:title\" content=\"DEKRA: Neue Unternehmensf\u00fchrung I Krafthand-Truck\" \/>\n<meta property=\"og:description\" content=\"DEKRA richtet Aufsichtsrat und Vorstand neu aus: Stand Zurkiewicz wird neuer CEO, Stefan K\u00f6lbl leitet Aufsichtsrat.\" \/>\n<meta property=\"og:url\" content=\"https:\/\/www.krafthand-truck.de\/artikel\/dekra-richtet-aufsichtsrat-und-vorstand-neu-aus-zurkiewicz-wird-neuer-ceo-32061\/\" \/>\n<meta property=\"og:site_name\" content=\"Krafthand-Truck\" \/>\n<meta property=\"article:published_time\" content=\"2022-04-08T09:06:58+00:00\" \/>\n<meta property=\"article:modified_time\" content=\"2022-04-08T09:59:12+00:00\" \/>\n<meta property=\"og:image\" content=\"https:\/\/static.krafthand-truck.de\/uploads\/2022\/04\/DEKRA_CEO-Zurkiewicz_Aufsichtsratschef_Koelbl-re.jpg\" \/>\n\t<meta property=\"og:image:width\" content=\"1000\" \/>\n\t<meta property=\"og:image:height\" content=\"722\" \/>\n\t<meta property=\"og:image:type\" content=\"image\/jpeg\" \/>\n<meta name=\"author\" content=\"georg.blenk@krafthand-medien.de\" \/>\n<meta name=\"twitter:card\" content=\"summary_large_image\" \/>\n<meta name=\"twitter:label1\" content=\"Verfasst von\" \/>\n\t<meta name=\"twitter:data1\" content=\"georg.blenk@krafthand-medien.de\" \/>\n\t<meta name=\"twitter:label2\" content=\"Gesch\u00e4tzte Lesezeit\" \/>\n\t<meta name=\"twitter:data2\" content=\"2\u00a0Minuten\" \/>\n<script type=\"application\/ld+json\" class=\"yoast-schema-graph\">{\"@context\":\"https:\\\/\\\/schema.org\",\"@graph\":[{\"@type\":\"Article\",\"@id\":\"https:\\\/\\\/www.krafthand.de\\\/truck\\\/artikel\\\/dekra-richtet-aufsichtsrat-und-vorstand-neu-aus-zurkiewicz-wird-neuer-ceo-32061\\\/#article\",\"isPartOf\":{\"@id\":\"https:\\\/\\\/www.krafthand.de\\\/truck\\\/artikel\\\/dekra-richtet-aufsichtsrat-und-vorstand-neu-aus-zurkiewicz-wird-neuer-ceo-32061\\\/\"},\"author\":{\"name\":\"georg.blenk@krafthand-medien.de\",\"@id\":\"https:\\\/\\\/www.krafthand.de\\\/truck\\\/#\\\/schema\\\/person\\\/51fa80b1c57034c4bf63f9f988fc24ce\"},\"headline\":\"DEKRA: Zurkiewicz neuer CEO, K\u00f6lbl neuer Aufsichtsratschef\",\"datePublished\":\"2022-04-08T09:06:58+00:00\",\"dateModified\":\"2022-04-08T09:59:12+00:00\",\"mainEntityOfPage\":{\"@id\":\"https:\\\/\\\/www.krafthand.de\\\/truck\\\/artikel\\\/dekra-richtet-aufsichtsrat-und-vorstand-neu-aus-zurkiewicz-wird-neuer-ceo-32061\\\/\"},\"wordCount\":390,\"image\":{\"@id\":\"https:\\\/\\\/www.krafthand.de\\\/truck\\\/artikel\\\/dekra-richtet-aufsichtsrat-und-vorstand-neu-aus-zurkiewicz-wird-neuer-ceo-32061\\\/#primaryimage\"},\"thumbnailUrl\":\"https:\\\/\\\/static.krafthand-truck.de\\\/uploads\\\/2022\\\/04\\\/DEKRA_CEO-Zurkiewicz_Aufsichtsratschef_Koelbl-re.jpg\",\"keywords\":[\"Aufsichtsrat\",\"CEO\",\"Dekra\",\"Stan Zurkiewicz\",\"Stefan K\u00f6lbl\",\"Thomas Pleines\"],\"articleSection\":[\"K\u00f6pfe\\\/Personen\",\"Unternehmen\"],\"inLanguage\":\"de\"},{\"@type\":\"WebPage\",\"@id\":\"https:\\\/\\\/www.krafthand.de\\\/truck\\\/artikel\\\/dekra-richtet-aufsichtsrat-und-vorstand-neu-aus-zurkiewicz-wird-neuer-ceo-32061\\\/\",\"url\":\"https:\\\/\\\/www.krafthand.de\\\/truck\\\/artikel\\\/dekra-richtet-aufsichtsrat-und-vorstand-neu-aus-zurkiewicz-wird-neuer-ceo-32061\\\/\",\"name\":\"DEKRA: Neue Unternehmensf\u00fchrung I Krafthand-Truck\",\"isPartOf\":{\"@id\":\"https:\\\/\\\/www.krafthand.de\\\/truck\\\/#website\"},\"primaryImageOfPage\":{\"@id\":\"https:\\\/\\\/www.krafthand.de\\\/truck\\\/artikel\\\/dekra-richtet-aufsichtsrat-und-vorstand-neu-aus-zurkiewicz-wird-neuer-ceo-32061\\\/#primaryimage\"},\"image\":{\"@id\":\"https:\\\/\\\/www.krafthand.de\\\/truck\\\/artikel\\\/dekra-richtet-aufsichtsrat-und-vorstand-neu-aus-zurkiewicz-wird-neuer-ceo-32061\\\/#primaryimage\"},\"thumbnailUrl\":\"https:\\\/\\\/static.krafthand-truck.de\\\/uploads\\\/2022\\\/04\\\/DEKRA_CEO-Zurkiewicz_Aufsichtsratschef_Koelbl-re.jpg\",\"datePublished\":\"2022-04-08T09:06:58+00:00\",\"dateModified\":\"2022-04-08T09:59:12+00:00\",\"author\":{\"@id\":\"https:\\\/\\\/www.krafthand.de\\\/truck\\\/#\\\/schema\\\/person\\\/51fa80b1c57034c4bf63f9f988fc24ce\"},\"description\":\"DEKRA richtet Aufsichtsrat und Vorstand neu aus: Stand Zurkiewicz wird neuer CEO, Stefan K\u00f6lbl leitet Aufsichtsrat.\",\"breadcrumb\":{\"@id\":\"https:\\\/\\\/www.krafthand.de\\\/truck\\\/artikel\\\/dekra-richtet-aufsichtsrat-und-vorstand-neu-aus-zurkiewicz-wird-neuer-ceo-32061\\\/#breadcrumb\"},\"inLanguage\":\"de\",\"potentialAction\":[{\"@type\":\"ReadAction\",\"target\":[\"https:\\\/\\\/www.krafthand.de\\\/truck\\\/artikel\\\/dekra-richtet-aufsichtsrat-und-vorstand-neu-aus-zurkiewicz-wird-neuer-ceo-32061\\\/\"]}]},{\"@type\":\"ImageObject\",\"inLanguage\":\"de\",\"@id\":\"https:\\\/\\\/www.krafthand.de\\\/truck\\\/artikel\\\/dekra-richtet-aufsichtsrat-und-vorstand-neu-aus-zurkiewicz-wird-neuer-ceo-32061\\\/#primaryimage\",\"url\":\"https:\\\/\\\/static.krafthand-truck.de\\\/uploads\\\/2022\\\/04\\\/DEKRA_CEO-Zurkiewicz_Aufsichtsratschef_Koelbl-re.jpg\",\"contentUrl\":\"https:\\\/\\\/static.krafthand-truck.de\\\/uploads\\\/2022\\\/04\\\/DEKRA_CEO-Zurkiewicz_Aufsichtsratschef_Koelbl-re.jpg\",\"width\":1000,\"height\":722},{\"@type\":\"BreadcrumbList\",\"@id\":\"https:\\\/\\\/www.krafthand.de\\\/truck\\\/artikel\\\/dekra-richtet-aufsichtsrat-und-vorstand-neu-aus-zurkiewicz-wird-neuer-ceo-32061\\\/#breadcrumb\",\"itemListElement\":[{\"@type\":\"ListItem\",\"position\":1,\"name\":\"Krafthand-Truck\",\"item\":\"https:\\\/\\\/www.krafthand.de\\\/truck\\\/\"},{\"@type\":\"ListItem\",\"position\":2,\"name\":\"Nfz-Branche\",\"item\":\"https:\\\/\\\/www.krafthand.de\\\/truck\\\/kategorie\\\/branche\\\/\"},{\"@type\":\"ListItem\",\"position\":3,\"name\":\"K\u00f6pfe\\\/Personen\",\"item\":\"https:\\\/\\\/www.krafthand.de\\\/truck\\\/kategorie\\\/branche\\\/koepfe\\\/\"},{\"@type\":\"ListItem\",\"position\":4,\"name\":\"DEKRA: Zurkiewicz neuer CEO, K\u00f6lbl neuer Aufsichtsratschef\"}]},{\"@type\":\"WebSite\",\"@id\":\"https:\\\/\\\/www.krafthand.de\\\/truck\\\/#website\",\"url\":\"https:\\\/\\\/www.krafthand.de\\\/truck\\\/\",\"name\":\"Krafthand-Truck\",\"description\":\"\",\"potentialAction\":[{\"@type\":\"SearchAction\",\"target\":{\"@type\":\"EntryPoint\",\"urlTemplate\":\"https:\\\/\\\/www.krafthand.de\\\/truck\\\/?s={search_term_string}\"},\"query-input\":{\"@type\":\"PropertyValueSpecification\",\"valueRequired\":true,\"valueName\":\"search_term_string\"}}],\"inLanguage\":\"de\"},{\"@type\":\"Person\",\"@id\":\"https:\\\/\\\/www.krafthand.de\\\/truck\\\/#\\\/schema\\\/person\\\/51fa80b1c57034c4bf63f9f988fc24ce\",\"name\":\"georg.blenk@krafthand-medien.de\",\"image\":{\"@type\":\"ImageObject\",\"inLanguage\":\"de\",\"@id\":\"https:\\\/\\\/secure.gravatar.com\\\/avatar\\\/93713c30affe0aa95d3a4130e499bb1abee2eb31adbdd9ce2aa1543538490215?s=96&d=mm&r=g\",\"url\":\"https:\\\/\\\/secure.gravatar.com\\\/avatar\\\/93713c30affe0aa95d3a4130e499bb1abee2eb31adbdd9ce2aa1543538490215?s=96&d=mm&r=g\",\"contentUrl\":\"https:\\\/\\\/secure.gravatar.com\\\/avatar\\\/93713c30affe0aa95d3a4130e499bb1abee2eb31adbdd9ce2aa1543538490215?s=96&d=mm&r=g\",\"caption\":\"georg.blenk@krafthand-medien.de\"}}]}<\/script>\n<!-- \/ Yoast SEO plugin. -->","yoast_head_json":{"title":"DEKRA: Neue Unternehmensf\u00fchrung I Krafthand-Truck","description":"DEKRA richtet Aufsichtsrat und Vorstand neu aus: Stand Zurkiewicz wird neuer CEO, Stefan K\u00f6lbl leitet Aufsichtsrat.","robots":{"index":"index","follow":"follow","max-snippet":"max-snippet:-1","max-image-preview":"max-image-preview:large","max-video-preview":"max-video-preview:-1"},"canonical":"https:\/\/www.krafthand.de\/truck\/artikel\/dekra-richtet-aufsichtsrat-und-vorstand-neu-aus-zurkiewicz-wird-neuer-ceo-32061\/","og_locale":"de_DE","og_type":"article","og_title":"DEKRA: Neue Unternehmensf\u00fchrung I Krafthand-Truck","og_description":"DEKRA richtet Aufsichtsrat und Vorstand neu aus: Stand Zurkiewicz wird neuer CEO, Stefan K\u00f6lbl leitet Aufsichtsrat.","og_url":"https:\/\/www.krafthand-truck.de\/artikel\/dekra-richtet-aufsichtsrat-und-vorstand-neu-aus-zurkiewicz-wird-neuer-ceo-32061\/","og_site_name":"Krafthand-Truck","article_published_time":"2022-04-08T09:06:58+00:00","article_modified_time":"2022-04-08T09:59:12+00:00","og_image":[{"width":1000,"height":722,"url":"https:\/\/static.krafthand-truck.de\/uploads\/2022\/04\/DEKRA_CEO-Zurkiewicz_Aufsichtsratschef_Koelbl-re.jpg","type":"image\/jpeg"}],"author":"georg.blenk@krafthand-medien.de","twitter_card":"summary_large_image","twitter_misc":{"Verfasst von":"georg.blenk@krafthand-medien.de","Gesch\u00e4tzte Lesezeit":"2\u00a0Minuten"},"schema":{"@context":"https:\/\/schema.org","@graph":[{"@type":"Article","@id":"https:\/\/www.krafthand.de\/truck\/artikel\/dekra-richtet-aufsichtsrat-und-vorstand-neu-aus-zurkiewicz-wird-neuer-ceo-32061\/#article","isPartOf":{"@id":"https:\/\/www.krafthand.de\/truck\/artikel\/dekra-richtet-aufsichtsrat-und-vorstand-neu-aus-zurkiewicz-wird-neuer-ceo-32061\/"},"author":{"name":"georg.blenk@krafthand-medien.de","@id":"https:\/\/www.krafthand.de\/truck\/#\/schema\/person\/51fa80b1c57034c4bf63f9f988fc24ce"},"headline":"DEKRA: Zurkiewicz neuer CEO, K\u00f6lbl neuer Aufsichtsratschef","datePublished":"2022-04-08T09:06:58+00:00","dateModified":"2022-04-08T09:59:12+00:00","mainEntityOfPage":{"@id":"https:\/\/www.krafthand.de\/truck\/artikel\/dekra-richtet-aufsichtsrat-und-vorstand-neu-aus-zurkiewicz-wird-neuer-ceo-32061\/"},"wordCount":390,"image":{"@id":"https:\/\/www.krafthand.de\/truck\/artikel\/dekra-richtet-aufsichtsrat-und-vorstand-neu-aus-zurkiewicz-wird-neuer-ceo-32061\/#primaryimage"},"thumbnailUrl":"https:\/\/static.krafthand-truck.de\/uploads\/2022\/04\/DEKRA_CEO-Zurkiewicz_Aufsichtsratschef_Koelbl-re.jpg","keywords":["Aufsichtsrat","CEO","Dekra","Stan Zurkiewicz","Stefan K\u00f6lbl","Thomas Pleines"],"articleSection":["K\u00f6pfe\/Personen","Unternehmen"],"inLanguage":"de"},{"@type":"WebPage","@id":"https:\/\/www.krafthand.de\/truck\/artikel\/dekra-richtet-aufsichtsrat-und-vorstand-neu-aus-zurkiewicz-wird-neuer-ceo-32061\/","url":"https:\/\/www.krafthand.de\/truck\/artikel\/dekra-richtet-aufsichtsrat-und-vorstand-neu-aus-zurkiewicz-wird-neuer-ceo-32061\/","name":"DEKRA: Neue Unternehmensf\u00fchrung I Krafthand-Truck","isPartOf":{"@id":"https:\/\/www.krafthand.de\/truck\/#website"},"primaryImageOfPage":{"@id":"https:\/\/www.krafthand.de\/truck\/artikel\/dekra-richtet-aufsichtsrat-und-vorstand-neu-aus-zurkiewicz-wird-neuer-ceo-32061\/#primaryimage"},"image":{"@id":"https:\/\/www.krafthand.de\/truck\/artikel\/dekra-richtet-aufsichtsrat-und-vorstand-neu-aus-zurkiewicz-wird-neuer-ceo-32061\/#primaryimage"},"thumbnailUrl":"https:\/\/static.krafthand-truck.de\/uploads\/2022\/04\/DEKRA_CEO-Zurkiewicz_Aufsichtsratschef_Koelbl-re.jpg","datePublished":"2022-04-08T09:06:58+00:00","dateModified":"2022-04-08T09:59:12+00:00","author":{"@id":"https:\/\/www.krafthand.de\/truck\/#\/schema\/person\/51fa80b1c57034c4bf63f9f988fc24ce"},"description":"DEKRA richtet Aufsichtsrat und Vorstand neu aus: Stand Zurkiewicz wird neuer CEO, Stefan K\u00f6lbl leitet Aufsichtsrat.","breadcrumb":{"@id":"https:\/\/www.krafthand.de\/truck\/artikel\/dekra-richtet-aufsichtsrat-und-vorstand-neu-aus-zurkiewicz-wird-neuer-ceo-32061\/#breadcrumb"},"inLanguage":"de","potentialAction":[{"@type":"ReadAction","target":["https:\/\/www.krafthand.de\/truck\/artikel\/dekra-richtet-aufsichtsrat-und-vorstand-neu-aus-zurkiewicz-wird-neuer-ceo-32061\/"]}]},{"@type":"ImageObject","inLanguage":"de","@id":"https:\/\/www.krafthand.de\/truck\/artikel\/dekra-richtet-aufsichtsrat-und-vorstand-neu-aus-zurkiewicz-wird-neuer-ceo-32061\/#primaryimage","url":"https:\/\/static.krafthand-truck.de\/uploads\/2022\/04\/DEKRA_CEO-Zurkiewicz_Aufsichtsratschef_Koelbl-re.jpg","contentUrl":"https:\/\/static.krafthand-truck.de\/uploads\/2022\/04\/DEKRA_CEO-Zurkiewicz_Aufsichtsratschef_Koelbl-re.jpg","width":1000,"height":722},{"@type":"BreadcrumbList","@id":"https:\/\/www.krafthand.de\/truck\/artikel\/dekra-richtet-aufsichtsrat-und-vorstand-neu-aus-zurkiewicz-wird-neuer-ceo-32061\/#breadcrumb","itemListElement":[{"@type":"ListItem","position":1,"name":"Krafthand-Truck","item":"https:\/\/www.krafthand.de\/truck\/"},{"@type":"ListItem","position":2,"name":"Nfz-Branche","item":"https:\/\/www.krafthand.de\/truck\/kategorie\/branche\/"},{"@type":"ListItem","position":3,"name":"K\u00f6pfe\/Personen","item":"https:\/\/www.krafthand.de\/truck\/kategorie\/branche\/koepfe\/"},{"@type":"ListItem","position":4,"name":"DEKRA: Zurkiewicz neuer CEO, K\u00f6lbl neuer Aufsichtsratschef"}]},{"@type":"WebSite","@id":"https:\/\/www.krafthand.de\/truck\/#website","url":"https:\/\/www.krafthand.de\/truck\/","name":"Krafthand-Truck","description":"","potentialAction":[{"@type":"SearchAction","target":{"@type":"EntryPoint","urlTemplate":"https:\/\/www.krafthand.de\/truck\/?s={search_term_string}"},"query-input":{"@type":"PropertyValueSpecification","valueRequired":true,"valueName":"search_term_string"}}],"inLanguage":"de"},{"@type":"Person","@id":"https:\/\/www.krafthand.de\/truck\/#\/schema\/person\/51fa80b1c57034c4bf63f9f988fc24ce","name":"georg.blenk@krafthand-medien.de","image":{"@type":"ImageObject","inLanguage":"de","@id":"https:\/\/secure.gravatar.com\/avatar\/93713c30affe0aa95d3a4130e499bb1abee2eb31adbdd9ce2aa1543538490215?s=96&d=mm&r=g","url":"https:\/\/secure.gravatar.com\/avatar\/93713c30affe0aa95d3a4130e499bb1abee2eb31adbdd9ce2aa1543538490215?s=96&d=mm&r=g","contentUrl":"https:\/\/secure.gravatar.com\/avatar\/93713c30affe0aa95d3a4130e499bb1abee2eb31adbdd9ce2aa1543538490215?s=96&d=mm&r=g","caption":"georg.blenk@krafthand-medien.de"}}]}},"_links":{"self":[{"href":"https:\/\/www.krafthand.de\/truck\/wp-json\/wp\/v2\/posts\/32061","targetHints":{"allow":["GET"]}}],"collection":[{"href":"https:\/\/www.krafthand.de\/truck\/wp-json\/wp\/v2\/posts"}],"about":[{"href":"https:\/\/www.krafthand.de\/truck\/wp-json\/wp\/v2\/types\/post"}],"author":[{"embeddable":true,"href":"https:\/\/www.krafthand.de\/truck\/wp-json\/wp\/v2\/users\/9"}],"replies":[{"embeddable":true,"href":"https:\/\/www.krafthand.de\/truck\/wp-json\/wp\/v2\/comments?post=32061"}],"version-history":[{"count":7,"href":"https:\/\/www.krafthand.de\/truck\/wp-json\/wp\/v2\/posts\/32061\/revisions"}],"predecessor-version":[{"id":32069,"href":"https:\/\/www.krafthand.de\/truck\/wp-json\/wp\/v2\/posts\/32061\/revisions\/32069"}],"wp:featuredmedia":[{"embeddable":true,"href":"https:\/\/www.krafthand.de\/truck\/wp-json\/wp\/v2\/media\/32062"}],"wp:attachment":[{"href":"https:\/\/www.krafthand.de\/truck\/wp-json\/wp\/v2\/media?parent=32061"}],"wp:term":[{"taxonomy":"category","embeddable":true,"href":"https:\/\/www.krafthand.de\/truck\/wp-json\/wp\/v2\/categories?post=32061"},{"taxonomy":"post_tag","embeddable":true,"href":"https:\/\/www.krafthand.de\/truck\/wp-json\/wp\/v2\/tags?post=32061"},{"taxonomy":"settings","embeddable":true,"href":"https:\/\/www.krafthand.de\/truck\/wp-json\/wp\/v2\/settings?post=32061"}],"curies":[{"name":"wp","href":"https:\/\/api.w.org\/{rel}","templated":true}]}}