{"id":32038,"date":"2022-04-08T09:00:41","date_gmt":"2022-04-08T07:00:41","guid":{"rendered":"https:\/\/www.krafthand.de\/truck\/?p=32038"},"modified":"2022-05-31T11:42:44","modified_gmt":"2022-05-31T09:42:44","slug":"magneti-marelli-zwei-neue-klimaservice-stationen","status":"publish","type":"post","link":"https:\/\/www.krafthand.de\/truck\/artikel\/magneti-marelli-zwei-neue-klimaservice-stationen-32038\/","title":{"rendered":"Magneti Marelli: Zwei neue Klimaservice-Stationen"},"content":{"rendered":"<p>Magneti Marelli bietet mit der Alaska-Baureihe und den Prime- und EVO-Modellen jetzt zwei neue Klimaservicestationen an. Das Ziel war m\u00f6glichst viel Arbeitsschritte zu integrieren und den Klimaservice und entsprechende Wartungsarbeiten f\u00fcr Pkw\/Nfz-Werkst\u00e4tten so einfach wie m\u00f6glich zu gestalten.<\/p>\n<h3>Prime-Modelle<\/h3>\n<p>Die Prime Ger\u00e4te erlauben es der Werkstatt, s\u00e4mtliche Wartungs- und Inspektionsarbeiten an Klimaanlagen von Verbrennern und E-Fahrzeugen, beispielsweise die Dichtigkeitspr\u00fcfung oder den Austausch des K\u00e4ltemittels durchzuf\u00fchren. Falls mechanische Komponenten repariert werden m\u00fcssen, die oft mit einer Verunreinigung des Klimasystems einhergehen, kann die Prime mit optionalem Zubeh\u00f6r auch zum Sp\u00fclen eingesetzt werden.<br \/>\nBei der Fehlersuche unterst\u00fctzen die Prime-Modelle die Werkstatt mit einer serienm\u00e4\u00dfigen Diagnose-Datenbank. <a href=\"https:\/\/www.magnetimarelli-parts-and-services.de\/produzieren\/einrichtung.html\" target=\"_blank\" rel=\"noopener\">Magneti Marelli<\/a> bietet zwei Jahre lang ein kostenloses Update dieser Datenbank an.<\/p>\n<h3>Evo-Modelle<\/h3>\n<p>Die Evo-Modelle sollen laut Magneti Marelli durch ihr aufger\u00e4umtes Design schon optisch den Anspruch unterstreichen, die Bedienung m\u00f6glichst einfach zu gestalten. Als Schnittstelle zum Benutzer verf\u00fcgen die Klimaservice-Stationen \u00fcber einen gro\u00dfen Touchscreen, der durch s\u00e4mtliche Arbeitsschritte f\u00fchrt. Die WiFi-F\u00e4higkeit der Evo erm\u00f6glicht es, die Effizienzvorteile der Remote-Bedienung zu nutzen. So besteht die M\u00f6glichkeit per Ferndiagnose Magneti Marelli Expertenwissen abzufragen und sogar die Problembehebung mit externer Unterst\u00fctzung einzuleiten. Auch Updates der Klimaservicestation und aktualisierte Datenbanken lassen sich einfacher laden.<\/p>\n<h3>F\u00fcr R134a und 1234yf verf\u00fcgbar<\/h3>\n<p>Beide Ger\u00e4te der Magneti Marelli Alaska Baureihe erlauben es, einzelne elektronische und mechanische Komponenten, wie das Steuerger\u00e4t der Klimaanlage oder den Kompressor, im Fahrzeug sukzessive zu \u00fcberpr\u00fcfen und ein Wartungsprotokoll ausdrucken \u2013 besonders wichtig, um eine ordnungsgem\u00e4\u00dfe Wartung der systemerhaltenden Klimaanlage gerade bei E-Fahrzeugen zu dokumentieren. Die Alaska Prime und Evo sind jeweils f\u00fcr die K\u00fchlmittel R134a und 1234yf verf\u00fcgbar und k\u00f6nnen mit entsprechendem Zubeh\u00f6r erg\u00e4nzt werden.<\/p>\n<p><i>Den Beitrag finden Sie auch in der Print-Ausgabe 2-2022 der <a href=\"https:\/\/www.krafthand.de\/truck\/magazin\/\" title=\"Zum Magazin\">Krafthand-Truck<\/a>.<\/i><\/p>","protected":false},"excerpt":{"rendered":"<p>Magneti Marelli bietet den neuen Prime- und EVO-Modellen jetzt zwei neue Klimaservicestationen an. Das Ziel war m\u00f6glichst viel Arbeitsschritte zu integrieren und den Klimaservice und entsprechende Wartungsarbeiten f\u00fcr Pkw\/Nfz-Werkst\u00e4tten so einfach wie m\u00f6glich zu gestalten. <span class=\"excerpt-more__dots\">&#8230;<\/span> <a class=\"excerpt-more__link\" href=\"https:\/\/www.krafthand.de\/truck\/artikel\/magneti-marelli-zwei-neue-klimaservice-stationen-32038\/\" >weiter<\/a><\/p>\n","protected":false},"author":9,"featured_media":32055,"comment_status":"closed","ping_status":"closed","sticky":false,"template":"","format":"standard","meta":{"footnotes":""},"categories":[4220],"tags":[5169,5168,5166,80,913,686,5167],"settings":[4766],"class_list":["post-32038","post","type-post","status-publish","format-standard","has-post-thumbnail","hentry","category-werkstattausruestung","tag-alaska","tag-evo","tag-klimacheck","tag-klimaservice","tag-klimaservicegeraet","tag-magneti-marelli","tag-prime"],"yoast_head":"<!-- This site is optimized with the Yoast SEO plugin v27.3 - https:\/\/yoast.com\/product\/yoast-seo-wordpress\/ -->\n<title>Magneti Marelli: Zwei neue Klimaservice-Stationen - Krafthand-Truck<\/title>\n<meta name=\"robots\" content=\"index, follow, max-snippet:-1, max-image-preview:large, max-video-preview:-1\" \/>\n<link rel=\"canonical\" href=\"https:\/\/www.krafthand.de\/truck\/artikel\/magneti-marelli-zwei-neue-klimaservice-stationen-32038\/\" \/>\n<meta property=\"og:locale\" content=\"de_DE\" \/>\n<meta property=\"og:type\" content=\"article\" \/>\n<meta property=\"og:title\" content=\"Magneti Marelli: Zwei neue Klimaservice-Stationen - Krafthand-Truck\" \/>\n<meta property=\"og:description\" content=\"Magneti Marelli bietet den neuen Prime- und EVO-Modellen jetzt zwei neue Klimaservicestationen an. Das Ziel war m\u00f6glichst viel Arbeitsschritte zu integrieren und den Klimaservice und entsprechende Wartungsarbeiten f\u00fcr Pkw\/Nfz-Werkst\u00e4tten so einfach wie m\u00f6glich zu gestalten. ... weiter\" \/>\n<meta property=\"og:url\" content=\"https:\/\/www.krafthand-truck.de\/artikel\/magneti-marelli-zwei-neue-klimaservice-stationen-32038\/\" \/>\n<meta property=\"og:site_name\" content=\"Krafthand-Truck\" \/>\n<meta property=\"article:published_time\" content=\"2022-04-08T07:00:41+00:00\" \/>\n<meta property=\"article:modified_time\" content=\"2022-05-31T09:42:44+00:00\" \/>\n<meta property=\"og:image\" content=\"https:\/\/static.krafthand-truck.de\/uploads\/2022\/04\/Magneti_Marelli_Klimaservicegeraet_Alaska_Serie_Prime_Evo_Krafthand_Truck.jpg\" \/>\n\t<meta property=\"og:image:width\" content=\"1200\" \/>\n\t<meta property=\"og:image:height\" content=\"771\" \/>\n\t<meta property=\"og:image:type\" content=\"image\/jpeg\" \/>\n<meta name=\"author\" content=\"georg.blenk@krafthand-medien.de\" \/>\n<meta name=\"twitter:card\" content=\"summary_large_image\" \/>\n<meta name=\"twitter:label1\" content=\"Verfasst von\" \/>\n\t<meta name=\"twitter:data1\" content=\"georg.blenk@krafthand-medien.de\" \/>\n\t<meta name=\"twitter:label2\" content=\"Gesch\u00e4tzte Lesezeit\" \/>\n\t<meta name=\"twitter:data2\" content=\"2\u00a0Minuten\" \/>\n<script type=\"application\/ld+json\" class=\"yoast-schema-graph\">{\"@context\":\"https:\\\/\\\/schema.org\",\"@graph\":[{\"@type\":\"Article\",\"@id\":\"https:\\\/\\\/www.krafthand.de\\\/truck\\\/artikel\\\/magneti-marelli-zwei-neue-klimaservice-stationen-32038\\\/#article\",\"isPartOf\":{\"@id\":\"https:\\\/\\\/www.krafthand.de\\\/truck\\\/artikel\\\/magneti-marelli-zwei-neue-klimaservice-stationen-32038\\\/\"},\"author\":{\"name\":\"georg.blenk@krafthand-medien.de\",\"@id\":\"https:\\\/\\\/www.krafthand.de\\\/truck\\\/#\\\/schema\\\/person\\\/51fa80b1c57034c4bf63f9f988fc24ce\"},\"headline\":\"Magneti Marelli: Zwei neue Klimaservice-Stationen\",\"datePublished\":\"2022-04-08T07:00:41+00:00\",\"dateModified\":\"2022-05-31T09:42:44+00:00\",\"mainEntityOfPage\":{\"@id\":\"https:\\\/\\\/www.krafthand.de\\\/truck\\\/artikel\\\/magneti-marelli-zwei-neue-klimaservice-stationen-32038\\\/\"},\"wordCount\":308,\"image\":{\"@id\":\"https:\\\/\\\/www.krafthand.de\\\/truck\\\/artikel\\\/magneti-marelli-zwei-neue-klimaservice-stationen-32038\\\/#primaryimage\"},\"thumbnailUrl\":\"https:\\\/\\\/static.krafthand-truck.de\\\/uploads\\\/2022\\\/04\\\/Magneti_Marelli_Klimaservicegeraet_Alaska_Serie_Prime_Evo_Krafthand_Truck.jpg\",\"keywords\":[\"Alaska\",\"EVO\",\"Klimacheck\",\"Klimaservice\",\"Klimaserviceger\u00e4t\",\"Magneti Marelli\",\"Prime\"],\"articleSection\":[\"Werkstattausr\u00fcstung\"],\"inLanguage\":\"de\"},{\"@type\":\"WebPage\",\"@id\":\"https:\\\/\\\/www.krafthand.de\\\/truck\\\/artikel\\\/magneti-marelli-zwei-neue-klimaservice-stationen-32038\\\/\",\"url\":\"https:\\\/\\\/www.krafthand.de\\\/truck\\\/artikel\\\/magneti-marelli-zwei-neue-klimaservice-stationen-32038\\\/\",\"name\":\"Magneti Marelli: Zwei neue Klimaservice-Stationen - Krafthand-Truck\",\"isPartOf\":{\"@id\":\"https:\\\/\\\/www.krafthand.de\\\/truck\\\/#website\"},\"primaryImageOfPage\":{\"@id\":\"https:\\\/\\\/www.krafthand.de\\\/truck\\\/artikel\\\/magneti-marelli-zwei-neue-klimaservice-stationen-32038\\\/#primaryimage\"},\"image\":{\"@id\":\"https:\\\/\\\/www.krafthand.de\\\/truck\\\/artikel\\\/magneti-marelli-zwei-neue-klimaservice-stationen-32038\\\/#primaryimage\"},\"thumbnailUrl\":\"https:\\\/\\\/static.krafthand-truck.de\\\/uploads\\\/2022\\\/04\\\/Magneti_Marelli_Klimaservicegeraet_Alaska_Serie_Prime_Evo_Krafthand_Truck.jpg\",\"datePublished\":\"2022-04-08T07:00:41+00:00\",\"dateModified\":\"2022-05-31T09:42:44+00:00\",\"author\":{\"@id\":\"https:\\\/\\\/www.krafthand.de\\\/truck\\\/#\\\/schema\\\/person\\\/51fa80b1c57034c4bf63f9f988fc24ce\"},\"breadcrumb\":{\"@id\":\"https:\\\/\\\/www.krafthand.de\\\/truck\\\/artikel\\\/magneti-marelli-zwei-neue-klimaservice-stationen-32038\\\/#breadcrumb\"},\"inLanguage\":\"de\",\"potentialAction\":[{\"@type\":\"ReadAction\",\"target\":[\"https:\\\/\\\/www.krafthand.de\\\/truck\\\/artikel\\\/magneti-marelli-zwei-neue-klimaservice-stationen-32038\\\/\"]}]},{\"@type\":\"ImageObject\",\"inLanguage\":\"de\",\"@id\":\"https:\\\/\\\/www.krafthand.de\\\/truck\\\/artikel\\\/magneti-marelli-zwei-neue-klimaservice-stationen-32038\\\/#primaryimage\",\"url\":\"https:\\\/\\\/static.krafthand-truck.de\\\/uploads\\\/2022\\\/04\\\/Magneti_Marelli_Klimaservicegeraet_Alaska_Serie_Prime_Evo_Krafthand_Truck.jpg\",\"contentUrl\":\"https:\\\/\\\/static.krafthand-truck.de\\\/uploads\\\/2022\\\/04\\\/Magneti_Marelli_Klimaservicegeraet_Alaska_Serie_Prime_Evo_Krafthand_Truck.jpg\",\"width\":1200,\"height\":771},{\"@type\":\"BreadcrumbList\",\"@id\":\"https:\\\/\\\/www.krafthand.de\\\/truck\\\/artikel\\\/magneti-marelli-zwei-neue-klimaservice-stationen-32038\\\/#breadcrumb\",\"itemListElement\":[{\"@type\":\"ListItem\",\"position\":1,\"name\":\"Krafthand-Truck\",\"item\":\"https:\\\/\\\/www.krafthand.de\\\/truck\\\/\"},{\"@type\":\"ListItem\",\"position\":2,\"name\":\"Nfz-Service\",\"item\":\"https:\\\/\\\/www.krafthand.de\\\/truck\\\/kategorie\\\/nfz-service\\\/\"},{\"@type\":\"ListItem\",\"position\":3,\"name\":\"Werkstattausr\u00fcstung\",\"item\":\"https:\\\/\\\/www.krafthand.de\\\/truck\\\/kategorie\\\/nfz-service\\\/werkstattausruestung\\\/\"},{\"@type\":\"ListItem\",\"position\":4,\"name\":\"Magneti Marelli: Zwei neue Klimaservice-Stationen\"}]},{\"@type\":\"WebSite\",\"@id\":\"https:\\\/\\\/www.krafthand.de\\\/truck\\\/#website\",\"url\":\"https:\\\/\\\/www.krafthand.de\\\/truck\\\/\",\"name\":\"Krafthand-Truck\",\"description\":\"\",\"potentialAction\":[{\"@type\":\"SearchAction\",\"target\":{\"@type\":\"EntryPoint\",\"urlTemplate\":\"https:\\\/\\\/www.krafthand.de\\\/truck\\\/?s={search_term_string}\"},\"query-input\":{\"@type\":\"PropertyValueSpecification\",\"valueRequired\":true,\"valueName\":\"search_term_string\"}}],\"inLanguage\":\"de\"},{\"@type\":\"Person\",\"@id\":\"https:\\\/\\\/www.krafthand.de\\\/truck\\\/#\\\/schema\\\/person\\\/51fa80b1c57034c4bf63f9f988fc24ce\",\"name\":\"georg.blenk@krafthand-medien.de\",\"image\":{\"@type\":\"ImageObject\",\"inLanguage\":\"de\",\"@id\":\"https:\\\/\\\/secure.gravatar.com\\\/avatar\\\/93713c30affe0aa95d3a4130e499bb1abee2eb31adbdd9ce2aa1543538490215?s=96&d=mm&r=g\",\"url\":\"https:\\\/\\\/secure.gravatar.com\\\/avatar\\\/93713c30affe0aa95d3a4130e499bb1abee2eb31adbdd9ce2aa1543538490215?s=96&d=mm&r=g\",\"contentUrl\":\"https:\\\/\\\/secure.gravatar.com\\\/avatar\\\/93713c30affe0aa95d3a4130e499bb1abee2eb31adbdd9ce2aa1543538490215?s=96&d=mm&r=g\",\"caption\":\"georg.blenk@krafthand-medien.de\"}}]}<\/script>\n<!-- \/ Yoast SEO plugin. -->","yoast_head_json":{"title":"Magneti Marelli: Zwei neue Klimaservice-Stationen - Krafthand-Truck","robots":{"index":"index","follow":"follow","max-snippet":"max-snippet:-1","max-image-preview":"max-image-preview:large","max-video-preview":"max-video-preview:-1"},"canonical":"https:\/\/www.krafthand.de\/truck\/artikel\/magneti-marelli-zwei-neue-klimaservice-stationen-32038\/","og_locale":"de_DE","og_type":"article","og_title":"Magneti Marelli: Zwei neue Klimaservice-Stationen - Krafthand-Truck","og_description":"Magneti Marelli bietet den neuen Prime- und EVO-Modellen jetzt zwei neue Klimaservicestationen an. Das Ziel war m\u00f6glichst viel Arbeitsschritte zu integrieren und den Klimaservice und entsprechende Wartungsarbeiten f\u00fcr Pkw\/Nfz-Werkst\u00e4tten so einfach wie m\u00f6glich zu gestalten. ... weiter","og_url":"https:\/\/www.krafthand-truck.de\/artikel\/magneti-marelli-zwei-neue-klimaservice-stationen-32038\/","og_site_name":"Krafthand-Truck","article_published_time":"2022-04-08T07:00:41+00:00","article_modified_time":"2022-05-31T09:42:44+00:00","og_image":[{"width":1200,"height":771,"url":"https:\/\/static.krafthand-truck.de\/uploads\/2022\/04\/Magneti_Marelli_Klimaservicegeraet_Alaska_Serie_Prime_Evo_Krafthand_Truck.jpg","type":"image\/jpeg"}],"author":"georg.blenk@krafthand-medien.de","twitter_card":"summary_large_image","twitter_misc":{"Verfasst von":"georg.blenk@krafthand-medien.de","Gesch\u00e4tzte Lesezeit":"2\u00a0Minuten"},"schema":{"@context":"https:\/\/schema.org","@graph":[{"@type":"Article","@id":"https:\/\/www.krafthand.de\/truck\/artikel\/magneti-marelli-zwei-neue-klimaservice-stationen-32038\/#article","isPartOf":{"@id":"https:\/\/www.krafthand.de\/truck\/artikel\/magneti-marelli-zwei-neue-klimaservice-stationen-32038\/"},"author":{"name":"georg.blenk@krafthand-medien.de","@id":"https:\/\/www.krafthand.de\/truck\/#\/schema\/person\/51fa80b1c57034c4bf63f9f988fc24ce"},"headline":"Magneti Marelli: Zwei neue Klimaservice-Stationen","datePublished":"2022-04-08T07:00:41+00:00","dateModified":"2022-05-31T09:42:44+00:00","mainEntityOfPage":{"@id":"https:\/\/www.krafthand.de\/truck\/artikel\/magneti-marelli-zwei-neue-klimaservice-stationen-32038\/"},"wordCount":308,"image":{"@id":"https:\/\/www.krafthand.de\/truck\/artikel\/magneti-marelli-zwei-neue-klimaservice-stationen-32038\/#primaryimage"},"thumbnailUrl":"https:\/\/static.krafthand-truck.de\/uploads\/2022\/04\/Magneti_Marelli_Klimaservicegeraet_Alaska_Serie_Prime_Evo_Krafthand_Truck.jpg","keywords":["Alaska","EVO","Klimacheck","Klimaservice","Klimaserviceger\u00e4t","Magneti Marelli","Prime"],"articleSection":["Werkstattausr\u00fcstung"],"inLanguage":"de"},{"@type":"WebPage","@id":"https:\/\/www.krafthand.de\/truck\/artikel\/magneti-marelli-zwei-neue-klimaservice-stationen-32038\/","url":"https:\/\/www.krafthand.de\/truck\/artikel\/magneti-marelli-zwei-neue-klimaservice-stationen-32038\/","name":"Magneti Marelli: Zwei neue Klimaservice-Stationen - Krafthand-Truck","isPartOf":{"@id":"https:\/\/www.krafthand.de\/truck\/#website"},"primaryImageOfPage":{"@id":"https:\/\/www.krafthand.de\/truck\/artikel\/magneti-marelli-zwei-neue-klimaservice-stationen-32038\/#primaryimage"},"image":{"@id":"https:\/\/www.krafthand.de\/truck\/artikel\/magneti-marelli-zwei-neue-klimaservice-stationen-32038\/#primaryimage"},"thumbnailUrl":"https:\/\/static.krafthand-truck.de\/uploads\/2022\/04\/Magneti_Marelli_Klimaservicegeraet_Alaska_Serie_Prime_Evo_Krafthand_Truck.jpg","datePublished":"2022-04-08T07:00:41+00:00","dateModified":"2022-05-31T09:42:44+00:00","author":{"@id":"https:\/\/www.krafthand.de\/truck\/#\/schema\/person\/51fa80b1c57034c4bf63f9f988fc24ce"},"breadcrumb":{"@id":"https:\/\/www.krafthand.de\/truck\/artikel\/magneti-marelli-zwei-neue-klimaservice-stationen-32038\/#breadcrumb"},"inLanguage":"de","potentialAction":[{"@type":"ReadAction","target":["https:\/\/www.krafthand.de\/truck\/artikel\/magneti-marelli-zwei-neue-klimaservice-stationen-32038\/"]}]},{"@type":"ImageObject","inLanguage":"de","@id":"https:\/\/www.krafthand.de\/truck\/artikel\/magneti-marelli-zwei-neue-klimaservice-stationen-32038\/#primaryimage","url":"https:\/\/static.krafthand-truck.de\/uploads\/2022\/04\/Magneti_Marelli_Klimaservicegeraet_Alaska_Serie_Prime_Evo_Krafthand_Truck.jpg","contentUrl":"https:\/\/static.krafthand-truck.de\/uploads\/2022\/04\/Magneti_Marelli_Klimaservicegeraet_Alaska_Serie_Prime_Evo_Krafthand_Truck.jpg","width":1200,"height":771},{"@type":"BreadcrumbList","@id":"https:\/\/www.krafthand.de\/truck\/artikel\/magneti-marelli-zwei-neue-klimaservice-stationen-32038\/#breadcrumb","itemListElement":[{"@type":"ListItem","position":1,"name":"Krafthand-Truck","item":"https:\/\/www.krafthand.de\/truck\/"},{"@type":"ListItem","position":2,"name":"Nfz-Service","item":"https:\/\/www.krafthand.de\/truck\/kategorie\/nfz-service\/"},{"@type":"ListItem","position":3,"name":"Werkstattausr\u00fcstung","item":"https:\/\/www.krafthand.de\/truck\/kategorie\/nfz-service\/werkstattausruestung\/"},{"@type":"ListItem","position":4,"name":"Magneti Marelli: Zwei neue Klimaservice-Stationen"}]},{"@type":"WebSite","@id":"https:\/\/www.krafthand.de\/truck\/#website","url":"https:\/\/www.krafthand.de\/truck\/","name":"Krafthand-Truck","description":"","potentialAction":[{"@type":"SearchAction","target":{"@type":"EntryPoint","urlTemplate":"https:\/\/www.krafthand.de\/truck\/?s={search_term_string}"},"query-input":{"@type":"PropertyValueSpecification","valueRequired":true,"valueName":"search_term_string"}}],"inLanguage":"de"},{"@type":"Person","@id":"https:\/\/www.krafthand.de\/truck\/#\/schema\/person\/51fa80b1c57034c4bf63f9f988fc24ce","name":"georg.blenk@krafthand-medien.de","image":{"@type":"ImageObject","inLanguage":"de","@id":"https:\/\/secure.gravatar.com\/avatar\/93713c30affe0aa95d3a4130e499bb1abee2eb31adbdd9ce2aa1543538490215?s=96&d=mm&r=g","url":"https:\/\/secure.gravatar.com\/avatar\/93713c30affe0aa95d3a4130e499bb1abee2eb31adbdd9ce2aa1543538490215?s=96&d=mm&r=g","contentUrl":"https:\/\/secure.gravatar.com\/avatar\/93713c30affe0aa95d3a4130e499bb1abee2eb31adbdd9ce2aa1543538490215?s=96&d=mm&r=g","caption":"georg.blenk@krafthand-medien.de"}}]}},"_links":{"self":[{"href":"https:\/\/www.krafthand.de\/truck\/wp-json\/wp\/v2\/posts\/32038","targetHints":{"allow":["GET"]}}],"collection":[{"href":"https:\/\/www.krafthand.de\/truck\/wp-json\/wp\/v2\/posts"}],"about":[{"href":"https:\/\/www.krafthand.de\/truck\/wp-json\/wp\/v2\/types\/post"}],"author":[{"embeddable":true,"href":"https:\/\/www.krafthand.de\/truck\/wp-json\/wp\/v2\/users\/9"}],"replies":[{"embeddable":true,"href":"https:\/\/www.krafthand.de\/truck\/wp-json\/wp\/v2\/comments?post=32038"}],"version-history":[{"count":5,"href":"https:\/\/www.krafthand.de\/truck\/wp-json\/wp\/v2\/posts\/32038\/revisions"}],"predecessor-version":[{"id":32056,"href":"https:\/\/www.krafthand.de\/truck\/wp-json\/wp\/v2\/posts\/32038\/revisions\/32056"}],"wp:featuredmedia":[{"embeddable":true,"href":"https:\/\/www.krafthand.de\/truck\/wp-json\/wp\/v2\/media\/32055"}],"wp:attachment":[{"href":"https:\/\/www.krafthand.de\/truck\/wp-json\/wp\/v2\/media?parent=32038"}],"wp:term":[{"taxonomy":"category","embeddable":true,"href":"https:\/\/www.krafthand.de\/truck\/wp-json\/wp\/v2\/categories?post=32038"},{"taxonomy":"post_tag","embeddable":true,"href":"https:\/\/www.krafthand.de\/truck\/wp-json\/wp\/v2\/tags?post=32038"},{"taxonomy":"settings","embeddable":true,"href":"https:\/\/www.krafthand.de\/truck\/wp-json\/wp\/v2\/settings?post=32038"}],"curies":[{"name":"wp","href":"https:\/\/api.w.org\/{rel}","templated":true}]}}