{"id":32024,"date":"2022-04-07T11:30:16","date_gmt":"2022-04-07T09:30:16","guid":{"rendered":"https:\/\/www.krafthand.de\/truck\/?p=32024"},"modified":"2022-04-07T11:40:53","modified_gmt":"2022-04-07T09:40:53","slug":"futuricum-erster-vollelektrischer-autotransporter-carporter-26e","status":"publish","type":"post","link":"https:\/\/www.krafthand.de\/truck\/artikel\/futuricum-erster-vollelektrischer-autotransporter-carporter-26e-32024\/","title":{"rendered":"Futuricum: Erster vollelektrischer Autotransporter Carporter 26E"},"content":{"rendered":"<p>Der Transportdienstleister <a href=\"https:\/\/www.galliker.com\" target=\"_blank\" rel=\"noopener\">Galliker Transport<\/a>, der Aufbauhersteller <a href=\"https:\/\/www.kaessbohrer.com\" target=\"_blank\" rel=\"noopener\">K\u00e4ssbohrer<\/a> und <a href=\"https:\/\/www.futuricum.com\" target=\"_blank\" rel=\"noopener\">Futuricum<\/a>, die E-Lkw-Marke der Schweizer Designwerk Group, haben gemeinsam den ersten elektrischen Autotransporter entwickelt und gebaut. Bei einer kleinen Feierlichkeit wurde der Carporter 26E jetzt f\u00fcr den Betrieb \u00fcbergeben. Der E-Autotransporter kommt bei Galliker Transport in der Auslieferung von Neufahrzeugen zum Einsatz.<\/p>\n<blockquote><p>&#8222;Mit der Fertigstellung des elektrischen Autotransporters setzen wir gemeinsam mit unseren Partnern ein prominentes Zeichen. Elektrisch betriebene Personenwagen k\u00f6nnen von heute an dem H\u00e4ndler emissionsfrei zugestellt werden. Den Autoherstellern und uns ist es wichtig, ein weiteres St\u00fcck zur nachhaltigen Mobilit\u00e4t beizutragen&#8220;, so Tobias W\u00fclser, Gr\u00fcnder der Designwerk Group.<\/p><\/blockquote>\n<h3>Kapazit\u00e4tsstarker E-Lkw f\u00fcr Auslieferung von Neufahrzeugen<\/h3>\n<p>Das Fahrzeug wird laut Designwerk t\u00e4glich Strecken von rund 450 Kilometer auf Schweizer Stra\u00dfen zur\u00fccklegen. Der Autotransporter verf\u00fcgt \u00fcber eine Gesamtleistung von 680 PS und \u00fcber vier modulare Batteriepacks mit einer Gesamtkapazit\u00e4t von 900 Kilowattstunden. Neben dem Antrieb erfolgt auch der Betrieb des Aufbaus von K\u00e4ssbohrer vollst\u00e4ndig elektrisch. Nach dem Einsatz werden die Akkumulatoren \u00fcber Nacht geladen. Wird eine schnelle Ladung ben\u00f6tigt, kann mit einer Ladeleistung von 350 kW innerhalb einer Stunde und 45 Minuten das Fahrzeug auf 80 Prozent der installierten Batteriekapazit\u00e4t geladen werden.<\/p>\n<p>Mit der Inbetriebnahme des elektrischen Carporters 26E m\u00f6chten die drei Partner in einem weiteren Segment der Logistikbranche f\u00fcr lokal emissionsfreie Fahrten sorgen.<\/p>\n<div class=\"infobox box-grey\"><\/p>\n<h4>Hintergrund<\/h4>\n<p>Futuricum ist eine Nutzfahrzeugmarke der Firma <a href=\"https:\/\/www.designwerk.com\" target=\"_blank\" rel=\"noopener\">Designwerk Products AG<\/a> mit Hauptsitz in Winterthur. Die Marke entspringt einem Leuchtturmprojekt, welches die Entwicklung und den Bau von wirtschaftlichen und \u00f6kologischen 26-Tonnen-E-Lkw bezweckte. Die Kernkompetenzen der Unternehmung erlauben die Elektrifizierung verschiedenster Fahrzeugaufbauten sowie auch Fahrzeugumr\u00fcstungen. Damit bietet Futuricum individuelle L\u00f6sungen in den Bereichen der Recycling-Logistik, Verteillogistik, Intralogistik, Baulogistik, Landwirtschafts- und Forstlogistik sowie von anderen Transporten. Der Markenname Futuricum ist den Angaben zufolge eine Hommage an die einstigen Z\u00fcrcher Fahrzeugbaupioniere von Turicum.<br \/>\n<\/div>\n\r\n\t\t\t\t<div class=\"post-author\">\r\n\t\t\t\t\t<div class=\"khm-cp-author clearfix\">\r\n\t\t\t\t\t\t<div class=\"khm-cp-author__content\">\r\n\t\t\t\t\t\t\t\tKontakt zum Autor:<br \/>\r\n\t\t\t\t\t\t\t\t<strong>Georg Blenk<\/strong>, 08247 \/ 3007-45 |  <a href=\"mailto:georg.blenk@krafthand-medien.de\">georg.blenk@krafthand-medien.de<\/a>\r\n\t\t\t\t\t\t\t<div class=\"khm-cp-author__image\">\r\n\t\t\t\t\t\t<img src=\"https:\/\/static.krafthand-truck.de\/uploads\/2021\/01\/Blenk_6104-250x300-1-removebg-preview.png\" class=\"img-responsive\">\r\n\t\t\t\t\t<\/div>\r\n\t\t\t\t\t\t<\/div>\r\n\t\t\t\t\t<\/div>\r\n\t\t\t\t<\/div>\r\n\t\t\t\t","protected":false},"excerpt":{"rendered":"<p>Der Transportdienstleister Galliker Transport, der Aufbauhersteller K\u00e4ssbohrer und Futuricum, die E-Lkw-Marke der Schweizer Designwerk Group, haben gemeinsam den ersten elektrischen Autotransporter &#8218;Carporter 26E&#8216; entwickelt und gebaut. <span class=\"excerpt-more__dots\">&#8230;<\/span> <a class=\"excerpt-more__link\" href=\"https:\/\/www.krafthand.de\/truck\/artikel\/futuricum-erster-vollelektrischer-autotransporter-carporter-26e-32024\/\" >weiter<\/a><\/p>\n","protected":false},"author":9,"featured_media":32028,"comment_status":"closed","ping_status":"closed","sticky":false,"template":"","format":"standard","meta":{"footnotes":""},"categories":[4224],"tags":[1102,5162,5161,4177,4309,5163],"settings":[3524,3523],"class_list":["post-32024","post","type-post","status-publish","format-standard","has-post-thumbnail","hentry","category-e-antrieb","tag-autotransporter","tag-carporter","tag-designwerk","tag-e-lkw","tag-futuricum","tag-volvo-fh"],"yoast_head":"<!-- This site is optimized with the Yoast SEO plugin v27.3 - https:\/\/yoast.com\/product\/yoast-seo-wordpress\/ -->\n<title>Erster vollelektrischer Autotransporter &#039;Carporter 26E&#039; I Krafthand-Truck<\/title>\n<meta name=\"description\" content=\"Galliker Transport, K\u00e4ssbohrer und Futuricum, die E-Lkw-Marke der Schweizer Designwerk Group, haben den &#039;Carporter 26E&#039; entwickelt und gebaut.\" \/>\n<meta name=\"robots\" content=\"index, follow, max-snippet:-1, max-image-preview:large, max-video-preview:-1\" \/>\n<link rel=\"canonical\" href=\"https:\/\/www.krafthand.de\/truck\/artikel\/futuricum-erster-vollelektrischer-autotransporter-carporter-26e-32024\/\" \/>\n<meta property=\"og:locale\" content=\"de_DE\" \/>\n<meta property=\"og:type\" content=\"article\" \/>\n<meta property=\"og:title\" content=\"Erster vollelektrischer Autotransporter &#039;Carporter 26E&#039; I Krafthand-Truck\" \/>\n<meta property=\"og:description\" content=\"Galliker Transport, K\u00e4ssbohrer und Futuricum, die E-Lkw-Marke der Schweizer Designwerk Group, haben den &#039;Carporter 26E&#039; entwickelt und gebaut.\" \/>\n<meta property=\"og:url\" content=\"https:\/\/www.krafthand-truck.de\/artikel\/futuricum-erster-vollelektrischer-autotransporter-carporter-26e-32024\/\" \/>\n<meta property=\"og:site_name\" content=\"Krafthand-Truck\" \/>\n<meta property=\"article:published_time\" content=\"2022-04-07T09:30:16+00:00\" \/>\n<meta property=\"article:modified_time\" content=\"2022-04-07T09:40:53+00:00\" \/>\n<meta property=\"og:image\" content=\"https:\/\/static.krafthand-truck.de\/uploads\/2022\/04\/Futuricum_Carporter_Krafthand_Truck.jpg\" \/>\n\t<meta property=\"og:image:width\" content=\"1920\" \/>\n\t<meta property=\"og:image:height\" content=\"1020\" \/>\n\t<meta property=\"og:image:type\" content=\"image\/jpeg\" \/>\n<meta name=\"author\" content=\"georg.blenk@krafthand-medien.de\" \/>\n<meta name=\"twitter:card\" content=\"summary_large_image\" \/>\n<meta name=\"twitter:label1\" content=\"Verfasst von\" \/>\n\t<meta name=\"twitter:data1\" content=\"georg.blenk@krafthand-medien.de\" \/>\n\t<meta name=\"twitter:label2\" content=\"Gesch\u00e4tzte Lesezeit\" \/>\n\t<meta name=\"twitter:data2\" content=\"2\u00a0Minuten\" \/>\n<script type=\"application\/ld+json\" class=\"yoast-schema-graph\">{\"@context\":\"https:\\\/\\\/schema.org\",\"@graph\":[{\"@type\":\"Article\",\"@id\":\"https:\\\/\\\/www.krafthand.de\\\/truck\\\/artikel\\\/futuricum-erster-vollelektrischer-autotransporter-carporter-26e-32024\\\/#article\",\"isPartOf\":{\"@id\":\"https:\\\/\\\/www.krafthand.de\\\/truck\\\/artikel\\\/futuricum-erster-vollelektrischer-autotransporter-carporter-26e-32024\\\/\"},\"author\":{\"name\":\"georg.blenk@krafthand-medien.de\",\"@id\":\"https:\\\/\\\/www.krafthand.de\\\/truck\\\/#\\\/schema\\\/person\\\/51fa80b1c57034c4bf63f9f988fc24ce\"},\"headline\":\"Futuricum: Erster vollelektrischer Autotransporter Carporter 26E\",\"datePublished\":\"2022-04-07T09:30:16+00:00\",\"dateModified\":\"2022-04-07T09:40:53+00:00\",\"mainEntityOfPage\":{\"@id\":\"https:\\\/\\\/www.krafthand.de\\\/truck\\\/artikel\\\/futuricum-erster-vollelektrischer-autotransporter-carporter-26e-32024\\\/\"},\"wordCount\":316,\"image\":{\"@id\":\"https:\\\/\\\/www.krafthand.de\\\/truck\\\/artikel\\\/futuricum-erster-vollelektrischer-autotransporter-carporter-26e-32024\\\/#primaryimage\"},\"thumbnailUrl\":\"https:\\\/\\\/static.krafthand-truck.de\\\/uploads\\\/2022\\\/04\\\/Futuricum_Carporter_Krafthand_Truck.jpg\",\"keywords\":[\"Autotransporter\",\"Carporter\",\"Designwerk\",\"E-Lkw\",\"Futuricum\",\"Volvo FH\"],\"articleSection\":[\"E-Antrieb (BEV\\\/FCEV)\"],\"inLanguage\":\"de\"},{\"@type\":\"WebPage\",\"@id\":\"https:\\\/\\\/www.krafthand.de\\\/truck\\\/artikel\\\/futuricum-erster-vollelektrischer-autotransporter-carporter-26e-32024\\\/\",\"url\":\"https:\\\/\\\/www.krafthand.de\\\/truck\\\/artikel\\\/futuricum-erster-vollelektrischer-autotransporter-carporter-26e-32024\\\/\",\"name\":\"Erster vollelektrischer Autotransporter 'Carporter 26E' I Krafthand-Truck\",\"isPartOf\":{\"@id\":\"https:\\\/\\\/www.krafthand.de\\\/truck\\\/#website\"},\"primaryImageOfPage\":{\"@id\":\"https:\\\/\\\/www.krafthand.de\\\/truck\\\/artikel\\\/futuricum-erster-vollelektrischer-autotransporter-carporter-26e-32024\\\/#primaryimage\"},\"image\":{\"@id\":\"https:\\\/\\\/www.krafthand.de\\\/truck\\\/artikel\\\/futuricum-erster-vollelektrischer-autotransporter-carporter-26e-32024\\\/#primaryimage\"},\"thumbnailUrl\":\"https:\\\/\\\/static.krafthand-truck.de\\\/uploads\\\/2022\\\/04\\\/Futuricum_Carporter_Krafthand_Truck.jpg\",\"datePublished\":\"2022-04-07T09:30:16+00:00\",\"dateModified\":\"2022-04-07T09:40:53+00:00\",\"author\":{\"@id\":\"https:\\\/\\\/www.krafthand.de\\\/truck\\\/#\\\/schema\\\/person\\\/51fa80b1c57034c4bf63f9f988fc24ce\"},\"description\":\"Galliker Transport, K\u00e4ssbohrer und Futuricum, die E-Lkw-Marke der Schweizer Designwerk Group, haben den 'Carporter 26E' entwickelt und gebaut.\",\"breadcrumb\":{\"@id\":\"https:\\\/\\\/www.krafthand.de\\\/truck\\\/artikel\\\/futuricum-erster-vollelektrischer-autotransporter-carporter-26e-32024\\\/#breadcrumb\"},\"inLanguage\":\"de\",\"potentialAction\":[{\"@type\":\"ReadAction\",\"target\":[\"https:\\\/\\\/www.krafthand.de\\\/truck\\\/artikel\\\/futuricum-erster-vollelektrischer-autotransporter-carporter-26e-32024\\\/\"]}]},{\"@type\":\"ImageObject\",\"inLanguage\":\"de\",\"@id\":\"https:\\\/\\\/www.krafthand.de\\\/truck\\\/artikel\\\/futuricum-erster-vollelektrischer-autotransporter-carporter-26e-32024\\\/#primaryimage\",\"url\":\"https:\\\/\\\/static.krafthand-truck.de\\\/uploads\\\/2022\\\/04\\\/Futuricum_Carporter_Krafthand_Truck.jpg\",\"contentUrl\":\"https:\\\/\\\/static.krafthand-truck.de\\\/uploads\\\/2022\\\/04\\\/Futuricum_Carporter_Krafthand_Truck.jpg\",\"width\":1920,\"height\":1020},{\"@type\":\"BreadcrumbList\",\"@id\":\"https:\\\/\\\/www.krafthand.de\\\/truck\\\/artikel\\\/futuricum-erster-vollelektrischer-autotransporter-carporter-26e-32024\\\/#breadcrumb\",\"itemListElement\":[{\"@type\":\"ListItem\",\"position\":1,\"name\":\"Krafthand-Truck\",\"item\":\"https:\\\/\\\/www.krafthand.de\\\/truck\\\/\"},{\"@type\":\"ListItem\",\"position\":2,\"name\":\"Nfz-Technik\",\"item\":\"https:\\\/\\\/www.krafthand.de\\\/truck\\\/kategorie\\\/nfz-technik\\\/\"},{\"@type\":\"ListItem\",\"position\":3,\"name\":\"E-Antrieb (BEV\\\/FCEV)\",\"item\":\"https:\\\/\\\/www.krafthand.de\\\/truck\\\/kategorie\\\/nfz-technik\\\/e-antrieb\\\/\"},{\"@type\":\"ListItem\",\"position\":4,\"name\":\"Futuricum: Erster vollelektrischer Autotransporter Carporter 26E\"}]},{\"@type\":\"WebSite\",\"@id\":\"https:\\\/\\\/www.krafthand.de\\\/truck\\\/#website\",\"url\":\"https:\\\/\\\/www.krafthand.de\\\/truck\\\/\",\"name\":\"Krafthand-Truck\",\"description\":\"\",\"potentialAction\":[{\"@type\":\"SearchAction\",\"target\":{\"@type\":\"EntryPoint\",\"urlTemplate\":\"https:\\\/\\\/www.krafthand.de\\\/truck\\\/?s={search_term_string}\"},\"query-input\":{\"@type\":\"PropertyValueSpecification\",\"valueRequired\":true,\"valueName\":\"search_term_string\"}}],\"inLanguage\":\"de\"},{\"@type\":\"Person\",\"@id\":\"https:\\\/\\\/www.krafthand.de\\\/truck\\\/#\\\/schema\\\/person\\\/51fa80b1c57034c4bf63f9f988fc24ce\",\"name\":\"georg.blenk@krafthand-medien.de\",\"image\":{\"@type\":\"ImageObject\",\"inLanguage\":\"de\",\"@id\":\"https:\\\/\\\/secure.gravatar.com\\\/avatar\\\/93713c30affe0aa95d3a4130e499bb1abee2eb31adbdd9ce2aa1543538490215?s=96&d=mm&r=g\",\"url\":\"https:\\\/\\\/secure.gravatar.com\\\/avatar\\\/93713c30affe0aa95d3a4130e499bb1abee2eb31adbdd9ce2aa1543538490215?s=96&d=mm&r=g\",\"contentUrl\":\"https:\\\/\\\/secure.gravatar.com\\\/avatar\\\/93713c30affe0aa95d3a4130e499bb1abee2eb31adbdd9ce2aa1543538490215?s=96&d=mm&r=g\",\"caption\":\"georg.blenk@krafthand-medien.de\"}}]}<\/script>\n<!-- \/ Yoast SEO plugin. -->","yoast_head_json":{"title":"Erster vollelektrischer Autotransporter 'Carporter 26E' I Krafthand-Truck","description":"Galliker Transport, K\u00e4ssbohrer und Futuricum, die E-Lkw-Marke der Schweizer Designwerk Group, haben den 'Carporter 26E' entwickelt und gebaut.","robots":{"index":"index","follow":"follow","max-snippet":"max-snippet:-1","max-image-preview":"max-image-preview:large","max-video-preview":"max-video-preview:-1"},"canonical":"https:\/\/www.krafthand.de\/truck\/artikel\/futuricum-erster-vollelektrischer-autotransporter-carporter-26e-32024\/","og_locale":"de_DE","og_type":"article","og_title":"Erster vollelektrischer Autotransporter 'Carporter 26E' I Krafthand-Truck","og_description":"Galliker Transport, K\u00e4ssbohrer und Futuricum, die E-Lkw-Marke der Schweizer Designwerk Group, haben den 'Carporter 26E' entwickelt und gebaut.","og_url":"https:\/\/www.krafthand-truck.de\/artikel\/futuricum-erster-vollelektrischer-autotransporter-carporter-26e-32024\/","og_site_name":"Krafthand-Truck","article_published_time":"2022-04-07T09:30:16+00:00","article_modified_time":"2022-04-07T09:40:53+00:00","og_image":[{"width":1920,"height":1020,"url":"https:\/\/static.krafthand-truck.de\/uploads\/2022\/04\/Futuricum_Carporter_Krafthand_Truck.jpg","type":"image\/jpeg"}],"author":"georg.blenk@krafthand-medien.de","twitter_card":"summary_large_image","twitter_misc":{"Verfasst von":"georg.blenk@krafthand-medien.de","Gesch\u00e4tzte Lesezeit":"2\u00a0Minuten"},"schema":{"@context":"https:\/\/schema.org","@graph":[{"@type":"Article","@id":"https:\/\/www.krafthand.de\/truck\/artikel\/futuricum-erster-vollelektrischer-autotransporter-carporter-26e-32024\/#article","isPartOf":{"@id":"https:\/\/www.krafthand.de\/truck\/artikel\/futuricum-erster-vollelektrischer-autotransporter-carporter-26e-32024\/"},"author":{"name":"georg.blenk@krafthand-medien.de","@id":"https:\/\/www.krafthand.de\/truck\/#\/schema\/person\/51fa80b1c57034c4bf63f9f988fc24ce"},"headline":"Futuricum: Erster vollelektrischer Autotransporter Carporter 26E","datePublished":"2022-04-07T09:30:16+00:00","dateModified":"2022-04-07T09:40:53+00:00","mainEntityOfPage":{"@id":"https:\/\/www.krafthand.de\/truck\/artikel\/futuricum-erster-vollelektrischer-autotransporter-carporter-26e-32024\/"},"wordCount":316,"image":{"@id":"https:\/\/www.krafthand.de\/truck\/artikel\/futuricum-erster-vollelektrischer-autotransporter-carporter-26e-32024\/#primaryimage"},"thumbnailUrl":"https:\/\/static.krafthand-truck.de\/uploads\/2022\/04\/Futuricum_Carporter_Krafthand_Truck.jpg","keywords":["Autotransporter","Carporter","Designwerk","E-Lkw","Futuricum","Volvo FH"],"articleSection":["E-Antrieb (BEV\/FCEV)"],"inLanguage":"de"},{"@type":"WebPage","@id":"https:\/\/www.krafthand.de\/truck\/artikel\/futuricum-erster-vollelektrischer-autotransporter-carporter-26e-32024\/","url":"https:\/\/www.krafthand.de\/truck\/artikel\/futuricum-erster-vollelektrischer-autotransporter-carporter-26e-32024\/","name":"Erster vollelektrischer Autotransporter 'Carporter 26E' I Krafthand-Truck","isPartOf":{"@id":"https:\/\/www.krafthand.de\/truck\/#website"},"primaryImageOfPage":{"@id":"https:\/\/www.krafthand.de\/truck\/artikel\/futuricum-erster-vollelektrischer-autotransporter-carporter-26e-32024\/#primaryimage"},"image":{"@id":"https:\/\/www.krafthand.de\/truck\/artikel\/futuricum-erster-vollelektrischer-autotransporter-carporter-26e-32024\/#primaryimage"},"thumbnailUrl":"https:\/\/static.krafthand-truck.de\/uploads\/2022\/04\/Futuricum_Carporter_Krafthand_Truck.jpg","datePublished":"2022-04-07T09:30:16+00:00","dateModified":"2022-04-07T09:40:53+00:00","author":{"@id":"https:\/\/www.krafthand.de\/truck\/#\/schema\/person\/51fa80b1c57034c4bf63f9f988fc24ce"},"description":"Galliker Transport, K\u00e4ssbohrer und Futuricum, die E-Lkw-Marke der Schweizer Designwerk Group, haben den 'Carporter 26E' entwickelt und gebaut.","breadcrumb":{"@id":"https:\/\/www.krafthand.de\/truck\/artikel\/futuricum-erster-vollelektrischer-autotransporter-carporter-26e-32024\/#breadcrumb"},"inLanguage":"de","potentialAction":[{"@type":"ReadAction","target":["https:\/\/www.krafthand.de\/truck\/artikel\/futuricum-erster-vollelektrischer-autotransporter-carporter-26e-32024\/"]}]},{"@type":"ImageObject","inLanguage":"de","@id":"https:\/\/www.krafthand.de\/truck\/artikel\/futuricum-erster-vollelektrischer-autotransporter-carporter-26e-32024\/#primaryimage","url":"https:\/\/static.krafthand-truck.de\/uploads\/2022\/04\/Futuricum_Carporter_Krafthand_Truck.jpg","contentUrl":"https:\/\/static.krafthand-truck.de\/uploads\/2022\/04\/Futuricum_Carporter_Krafthand_Truck.jpg","width":1920,"height":1020},{"@type":"BreadcrumbList","@id":"https:\/\/www.krafthand.de\/truck\/artikel\/futuricum-erster-vollelektrischer-autotransporter-carporter-26e-32024\/#breadcrumb","itemListElement":[{"@type":"ListItem","position":1,"name":"Krafthand-Truck","item":"https:\/\/www.krafthand.de\/truck\/"},{"@type":"ListItem","position":2,"name":"Nfz-Technik","item":"https:\/\/www.krafthand.de\/truck\/kategorie\/nfz-technik\/"},{"@type":"ListItem","position":3,"name":"E-Antrieb (BEV\/FCEV)","item":"https:\/\/www.krafthand.de\/truck\/kategorie\/nfz-technik\/e-antrieb\/"},{"@type":"ListItem","position":4,"name":"Futuricum: Erster vollelektrischer Autotransporter Carporter 26E"}]},{"@type":"WebSite","@id":"https:\/\/www.krafthand.de\/truck\/#website","url":"https:\/\/www.krafthand.de\/truck\/","name":"Krafthand-Truck","description":"","potentialAction":[{"@type":"SearchAction","target":{"@type":"EntryPoint","urlTemplate":"https:\/\/www.krafthand.de\/truck\/?s={search_term_string}"},"query-input":{"@type":"PropertyValueSpecification","valueRequired":true,"valueName":"search_term_string"}}],"inLanguage":"de"},{"@type":"Person","@id":"https:\/\/www.krafthand.de\/truck\/#\/schema\/person\/51fa80b1c57034c4bf63f9f988fc24ce","name":"georg.blenk@krafthand-medien.de","image":{"@type":"ImageObject","inLanguage":"de","@id":"https:\/\/secure.gravatar.com\/avatar\/93713c30affe0aa95d3a4130e499bb1abee2eb31adbdd9ce2aa1543538490215?s=96&d=mm&r=g","url":"https:\/\/secure.gravatar.com\/avatar\/93713c30affe0aa95d3a4130e499bb1abee2eb31adbdd9ce2aa1543538490215?s=96&d=mm&r=g","contentUrl":"https:\/\/secure.gravatar.com\/avatar\/93713c30affe0aa95d3a4130e499bb1abee2eb31adbdd9ce2aa1543538490215?s=96&d=mm&r=g","caption":"georg.blenk@krafthand-medien.de"}}]}},"_links":{"self":[{"href":"https:\/\/www.krafthand.de\/truck\/wp-json\/wp\/v2\/posts\/32024","targetHints":{"allow":["GET"]}}],"collection":[{"href":"https:\/\/www.krafthand.de\/truck\/wp-json\/wp\/v2\/posts"}],"about":[{"href":"https:\/\/www.krafthand.de\/truck\/wp-json\/wp\/v2\/types\/post"}],"author":[{"embeddable":true,"href":"https:\/\/www.krafthand.de\/truck\/wp-json\/wp\/v2\/users\/9"}],"replies":[{"embeddable":true,"href":"https:\/\/www.krafthand.de\/truck\/wp-json\/wp\/v2\/comments?post=32024"}],"version-history":[{"count":8,"href":"https:\/\/www.krafthand.de\/truck\/wp-json\/wp\/v2\/posts\/32024\/revisions"}],"predecessor-version":[{"id":32033,"href":"https:\/\/www.krafthand.de\/truck\/wp-json\/wp\/v2\/posts\/32024\/revisions\/32033"}],"wp:featuredmedia":[{"embeddable":true,"href":"https:\/\/www.krafthand.de\/truck\/wp-json\/wp\/v2\/media\/32028"}],"wp:attachment":[{"href":"https:\/\/www.krafthand.de\/truck\/wp-json\/wp\/v2\/media?parent=32024"}],"wp:term":[{"taxonomy":"category","embeddable":true,"href":"https:\/\/www.krafthand.de\/truck\/wp-json\/wp\/v2\/categories?post=32024"},{"taxonomy":"post_tag","embeddable":true,"href":"https:\/\/www.krafthand.de\/truck\/wp-json\/wp\/v2\/tags?post=32024"},{"taxonomy":"settings","embeddable":true,"href":"https:\/\/www.krafthand.de\/truck\/wp-json\/wp\/v2\/settings?post=32024"}],"curies":[{"name":"wp","href":"https:\/\/api.w.org\/{rel}","templated":true}]}}