{"id":31980,"date":"2022-04-05T10:11:58","date_gmt":"2022-04-05T08:11:58","guid":{"rendered":"https:\/\/www.krafthand.de\/truck\/?p=31980"},"modified":"2022-04-05T10:16:28","modified_gmt":"2022-04-05T08:16:28","slug":"krone-ole-klose-neu-im-vorstand","status":"publish","type":"post","link":"https:\/\/www.krafthand.de\/truck\/artikel\/krone-ole-klose-neu-im-vorstand-31980\/","title":{"rendered":"Krone: Ole Klose neu im Vorstand"},"content":{"rendered":"<p>Aufgrund des Wachstums der <a href=\"https:\/\/gruppe.krone.de\" target=\"_blank\" rel=\"noopener\">Krone Unternehmensgruppe<\/a> wurde Ole Klose (56) mit Wirkung zum 01.04.2022 als zus\u00e4tzliches Mitglied in den Vorstand berufen. Der Aufsichtsrat unter der F\u00fchrung von Bernard Krone m\u00f6chte mit dieser Entscheidung die zukunftsf\u00e4higen Strukturen und den bisherigen Erfolgskurs des Unternehmens st\u00e4rken. Neben den Vorst\u00e4nden Dr. David Frink (CEO) und Dr. Stefan Binnewies (COO) verantwortet Ole Klose (CFO) bereits seit Oktober 2019 als Mitglied der Gesch\u00e4ftsleitung der Krone Holding zahlreiche Aktivit\u00e4ten der weiteren Unternehmensbereiche wie der Vermietung, der Finanzierung oder der Handelssparte.<\/p>\n<h3>Organisatorische Anpassung<\/h3>\n<p>Mit dem Ausbau des Vorstandes auf drei Mitglieder wird auch eine organisatorische Anpassung der Ressorts vollzogen. Die B\u00fcndelung der komplexen Finanzaktivit\u00e4ten sowie des Personalressorts im Verantwortungsbereich von Ole Klose erlaubt eine intensivere Fokussierung innerhalb des Vorstandes. Dr. Stefan Binnewies wird sich vor dem Hintergrund weltweit angespannter Beschaffungsm\u00e4rkte verst\u00e4rkt den strategischen Einkaufsprozessen und dem Lieferantenmanagement widmen. Er verantwortet zudem weiterhin s\u00e4mtliche Aktivit\u00e4ten der Nutzfahrzeugsparte in der Krone Gruppe. Die stark prozessorientierten Ressorts strategischer Art in den Bereichen der Digitalisierung sowie der Investitionen werden zuk\u00fcnftig direkt vom Vorsitzenden des Vorstandes Dr. David Frink gef\u00fchrt. Ihm obliegt weiterhin die Verantwortung des Gesch\u00e4ftsfeldes der international aktiven Landtechniksparte im Vorstand.<\/p>\n<blockquote><p>\u201eDurch die Erweiterung des Vorstandes festigen wir die Zukunftsf\u00e4higkeit der Aktivit\u00e4ten unserer Unternehmensgruppe in den unterschiedlichsten Bereichen. Traditionell setzen wir als Familienunternehmen damit weiter auf kontinuierliche Innovation, herausragende Produkte und gesunde Finanzkraft\u201c, so Bernard Krone als Vorsitzender des Aufsichtsrates der Krone Gruppe.<\/p><\/blockquote>\n<p>Anm.d.Red.: Sie wollen mehr wissen? Eine Hintergrundgeschichte zum Familienunternehmen Krone finden Sie <a href=\"https:\/\/www.krafthand.de\/truck\/artikel\/wir-transportieren-zukunft-das-familienunternehmen-krone-entwickelte-sich-zum-global-player-30289\/\" target=\"_blank\" rel=\"noopener\">hier<\/a>.<\/p>\n","protected":false},"excerpt":{"rendered":"<p>Aufgrund des Wachstums der Krone Unternehmensgruppe wurde Ole Klose (56) mit Wirkung zum 01.04.2022 als zus\u00e4tzliches Mitglied in den Vorstand berufen. <span class=\"excerpt-more__dots\">&#8230;<\/span> <a class=\"excerpt-more__link\" href=\"https:\/\/www.krafthand.de\/truck\/artikel\/krone-ole-klose-neu-im-vorstand-31980\/\" >weiter<\/a><\/p>\n","protected":false},"author":9,"featured_media":31981,"comment_status":"closed","ping_status":"closed","sticky":false,"template":"","format":"standard","meta":{"footnotes":""},"categories":[4238,4235],"tags":[],"settings":[],"class_list":["post-31980","post","type-post","status-publish","format-standard","has-post-thumbnail","hentry","category-koepfe","category-unternehmen"],"yoast_head":"<!-- This site is optimized with the Yoast SEO plugin v27.3 - https:\/\/yoast.com\/product\/yoast-seo-wordpress\/ -->\n<title>Ole Klose neues Vorstandsmitglied der Krone-Gruppe I Krafthand-Truck<\/title>\n<meta name=\"description\" content=\"Ole Klose (56) wurde mit Wirkung zum 01.04.2022 als zus\u00e4tzliches Mitglied in den Vorstand der Krone-Unternehmensgruppe berufen.\" \/>\n<meta name=\"robots\" content=\"index, follow, max-snippet:-1, max-image-preview:large, max-video-preview:-1\" \/>\n<link rel=\"canonical\" href=\"https:\/\/www.krafthand.de\/truck\/artikel\/krone-ole-klose-neu-im-vorstand-31980\/\" \/>\n<meta property=\"og:locale\" content=\"de_DE\" \/>\n<meta property=\"og:type\" content=\"article\" \/>\n<meta property=\"og:title\" content=\"Ole Klose neues Vorstandsmitglied der Krone-Gruppe I Krafthand-Truck\" \/>\n<meta property=\"og:description\" content=\"Ole Klose (56) wurde mit Wirkung zum 01.04.2022 als zus\u00e4tzliches Mitglied in den Vorstand der Krone-Unternehmensgruppe berufen.\" \/>\n<meta property=\"og:url\" content=\"https:\/\/www.krafthand-truck.de\/artikel\/krone-ole-klose-neu-im-vorstand-31980\/\" \/>\n<meta property=\"og:site_name\" content=\"Krafthand-Truck\" \/>\n<meta property=\"article:published_time\" content=\"2022-04-05T08:11:58+00:00\" \/>\n<meta property=\"article:modified_time\" content=\"2022-04-05T08:16:28+00:00\" \/>\n<meta property=\"og:image\" content=\"https:\/\/static.krafthand-truck.de\/uploads\/2022\/04\/Krone_Ole-Klose-Vorstand_Krafthand_Truck.jpg\" \/>\n\t<meta property=\"og:image:width\" content=\"800\" \/>\n\t<meta property=\"og:image:height\" content=\"1083\" \/>\n\t<meta property=\"og:image:type\" content=\"image\/jpeg\" \/>\n<meta name=\"author\" content=\"georg.blenk@krafthand-medien.de\" \/>\n<meta name=\"twitter:card\" content=\"summary_large_image\" \/>\n<meta name=\"twitter:label1\" content=\"Verfasst von\" \/>\n\t<meta name=\"twitter:data1\" content=\"georg.blenk@krafthand-medien.de\" \/>\n\t<meta name=\"twitter:label2\" content=\"Gesch\u00e4tzte Lesezeit\" \/>\n\t<meta name=\"twitter:data2\" content=\"1\u00a0Minute\" \/>\n<script type=\"application\/ld+json\" class=\"yoast-schema-graph\">{\"@context\":\"https:\\\/\\\/schema.org\",\"@graph\":[{\"@type\":\"Article\",\"@id\":\"https:\\\/\\\/www.krafthand.de\\\/truck\\\/artikel\\\/krone-ole-klose-neu-im-vorstand-31980\\\/#article\",\"isPartOf\":{\"@id\":\"https:\\\/\\\/www.krafthand.de\\\/truck\\\/artikel\\\/krone-ole-klose-neu-im-vorstand-31980\\\/\"},\"author\":{\"name\":\"georg.blenk@krafthand-medien.de\",\"@id\":\"https:\\\/\\\/www.krafthand.de\\\/truck\\\/#\\\/schema\\\/person\\\/51fa80b1c57034c4bf63f9f988fc24ce\"},\"headline\":\"Krone: Ole Klose neu im Vorstand\",\"datePublished\":\"2022-04-05T08:11:58+00:00\",\"dateModified\":\"2022-04-05T08:16:28+00:00\",\"mainEntityOfPage\":{\"@id\":\"https:\\\/\\\/www.krafthand.de\\\/truck\\\/artikel\\\/krone-ole-klose-neu-im-vorstand-31980\\\/\"},\"wordCount\":269,\"image\":{\"@id\":\"https:\\\/\\\/www.krafthand.de\\\/truck\\\/artikel\\\/krone-ole-klose-neu-im-vorstand-31980\\\/#primaryimage\"},\"thumbnailUrl\":\"https:\\\/\\\/static.krafthand-truck.de\\\/uploads\\\/2022\\\/04\\\/Krone_Ole-Klose-Vorstand_Krafthand_Truck.jpg\",\"articleSection\":[\"K\u00f6pfe\\\/Personen\",\"Unternehmen\"],\"inLanguage\":\"de\"},{\"@type\":\"WebPage\",\"@id\":\"https:\\\/\\\/www.krafthand.de\\\/truck\\\/artikel\\\/krone-ole-klose-neu-im-vorstand-31980\\\/\",\"url\":\"https:\\\/\\\/www.krafthand.de\\\/truck\\\/artikel\\\/krone-ole-klose-neu-im-vorstand-31980\\\/\",\"name\":\"Ole Klose neues Vorstandsmitglied der Krone-Gruppe I Krafthand-Truck\",\"isPartOf\":{\"@id\":\"https:\\\/\\\/www.krafthand.de\\\/truck\\\/#website\"},\"primaryImageOfPage\":{\"@id\":\"https:\\\/\\\/www.krafthand.de\\\/truck\\\/artikel\\\/krone-ole-klose-neu-im-vorstand-31980\\\/#primaryimage\"},\"image\":{\"@id\":\"https:\\\/\\\/www.krafthand.de\\\/truck\\\/artikel\\\/krone-ole-klose-neu-im-vorstand-31980\\\/#primaryimage\"},\"thumbnailUrl\":\"https:\\\/\\\/static.krafthand-truck.de\\\/uploads\\\/2022\\\/04\\\/Krone_Ole-Klose-Vorstand_Krafthand_Truck.jpg\",\"datePublished\":\"2022-04-05T08:11:58+00:00\",\"dateModified\":\"2022-04-05T08:16:28+00:00\",\"author\":{\"@id\":\"https:\\\/\\\/www.krafthand.de\\\/truck\\\/#\\\/schema\\\/person\\\/51fa80b1c57034c4bf63f9f988fc24ce\"},\"description\":\"Ole Klose (56) wurde mit Wirkung zum 01.04.2022 als zus\u00e4tzliches Mitglied in den Vorstand der Krone-Unternehmensgruppe berufen.\",\"breadcrumb\":{\"@id\":\"https:\\\/\\\/www.krafthand.de\\\/truck\\\/artikel\\\/krone-ole-klose-neu-im-vorstand-31980\\\/#breadcrumb\"},\"inLanguage\":\"de\",\"potentialAction\":[{\"@type\":\"ReadAction\",\"target\":[\"https:\\\/\\\/www.krafthand.de\\\/truck\\\/artikel\\\/krone-ole-klose-neu-im-vorstand-31980\\\/\"]}]},{\"@type\":\"ImageObject\",\"inLanguage\":\"de\",\"@id\":\"https:\\\/\\\/www.krafthand.de\\\/truck\\\/artikel\\\/krone-ole-klose-neu-im-vorstand-31980\\\/#primaryimage\",\"url\":\"https:\\\/\\\/static.krafthand-truck.de\\\/uploads\\\/2022\\\/04\\\/Krone_Ole-Klose-Vorstand_Krafthand_Truck.jpg\",\"contentUrl\":\"https:\\\/\\\/static.krafthand-truck.de\\\/uploads\\\/2022\\\/04\\\/Krone_Ole-Klose-Vorstand_Krafthand_Truck.jpg\",\"width\":800,\"height\":1083},{\"@type\":\"BreadcrumbList\",\"@id\":\"https:\\\/\\\/www.krafthand.de\\\/truck\\\/artikel\\\/krone-ole-klose-neu-im-vorstand-31980\\\/#breadcrumb\",\"itemListElement\":[{\"@type\":\"ListItem\",\"position\":1,\"name\":\"Krafthand-Truck\",\"item\":\"https:\\\/\\\/www.krafthand.de\\\/truck\\\/\"},{\"@type\":\"ListItem\",\"position\":2,\"name\":\"Nfz-Branche\",\"item\":\"https:\\\/\\\/www.krafthand.de\\\/truck\\\/kategorie\\\/branche\\\/\"},{\"@type\":\"ListItem\",\"position\":3,\"name\":\"K\u00f6pfe\\\/Personen\",\"item\":\"https:\\\/\\\/www.krafthand.de\\\/truck\\\/kategorie\\\/branche\\\/koepfe\\\/\"},{\"@type\":\"ListItem\",\"position\":4,\"name\":\"Krone: Ole Klose neu im Vorstand\"}]},{\"@type\":\"WebSite\",\"@id\":\"https:\\\/\\\/www.krafthand.de\\\/truck\\\/#website\",\"url\":\"https:\\\/\\\/www.krafthand.de\\\/truck\\\/\",\"name\":\"Krafthand-Truck\",\"description\":\"\",\"potentialAction\":[{\"@type\":\"SearchAction\",\"target\":{\"@type\":\"EntryPoint\",\"urlTemplate\":\"https:\\\/\\\/www.krafthand.de\\\/truck\\\/?s={search_term_string}\"},\"query-input\":{\"@type\":\"PropertyValueSpecification\",\"valueRequired\":true,\"valueName\":\"search_term_string\"}}],\"inLanguage\":\"de\"},{\"@type\":\"Person\",\"@id\":\"https:\\\/\\\/www.krafthand.de\\\/truck\\\/#\\\/schema\\\/person\\\/51fa80b1c57034c4bf63f9f988fc24ce\",\"name\":\"georg.blenk@krafthand-medien.de\",\"image\":{\"@type\":\"ImageObject\",\"inLanguage\":\"de\",\"@id\":\"https:\\\/\\\/secure.gravatar.com\\\/avatar\\\/93713c30affe0aa95d3a4130e499bb1abee2eb31adbdd9ce2aa1543538490215?s=96&d=mm&r=g\",\"url\":\"https:\\\/\\\/secure.gravatar.com\\\/avatar\\\/93713c30affe0aa95d3a4130e499bb1abee2eb31adbdd9ce2aa1543538490215?s=96&d=mm&r=g\",\"contentUrl\":\"https:\\\/\\\/secure.gravatar.com\\\/avatar\\\/93713c30affe0aa95d3a4130e499bb1abee2eb31adbdd9ce2aa1543538490215?s=96&d=mm&r=g\",\"caption\":\"georg.blenk@krafthand-medien.de\"}}]}<\/script>\n<!-- \/ Yoast SEO plugin. -->","yoast_head_json":{"title":"Ole Klose neues Vorstandsmitglied der Krone-Gruppe I Krafthand-Truck","description":"Ole Klose (56) wurde mit Wirkung zum 01.04.2022 als zus\u00e4tzliches Mitglied in den Vorstand der Krone-Unternehmensgruppe berufen.","robots":{"index":"index","follow":"follow","max-snippet":"max-snippet:-1","max-image-preview":"max-image-preview:large","max-video-preview":"max-video-preview:-1"},"canonical":"https:\/\/www.krafthand.de\/truck\/artikel\/krone-ole-klose-neu-im-vorstand-31980\/","og_locale":"de_DE","og_type":"article","og_title":"Ole Klose neues Vorstandsmitglied der Krone-Gruppe I Krafthand-Truck","og_description":"Ole Klose (56) wurde mit Wirkung zum 01.04.2022 als zus\u00e4tzliches Mitglied in den Vorstand der Krone-Unternehmensgruppe berufen.","og_url":"https:\/\/www.krafthand-truck.de\/artikel\/krone-ole-klose-neu-im-vorstand-31980\/","og_site_name":"Krafthand-Truck","article_published_time":"2022-04-05T08:11:58+00:00","article_modified_time":"2022-04-05T08:16:28+00:00","og_image":[{"width":800,"height":1083,"url":"https:\/\/static.krafthand-truck.de\/uploads\/2022\/04\/Krone_Ole-Klose-Vorstand_Krafthand_Truck.jpg","type":"image\/jpeg"}],"author":"georg.blenk@krafthand-medien.de","twitter_card":"summary_large_image","twitter_misc":{"Verfasst von":"georg.blenk@krafthand-medien.de","Gesch\u00e4tzte Lesezeit":"1\u00a0Minute"},"schema":{"@context":"https:\/\/schema.org","@graph":[{"@type":"Article","@id":"https:\/\/www.krafthand.de\/truck\/artikel\/krone-ole-klose-neu-im-vorstand-31980\/#article","isPartOf":{"@id":"https:\/\/www.krafthand.de\/truck\/artikel\/krone-ole-klose-neu-im-vorstand-31980\/"},"author":{"name":"georg.blenk@krafthand-medien.de","@id":"https:\/\/www.krafthand.de\/truck\/#\/schema\/person\/51fa80b1c57034c4bf63f9f988fc24ce"},"headline":"Krone: Ole Klose neu im Vorstand","datePublished":"2022-04-05T08:11:58+00:00","dateModified":"2022-04-05T08:16:28+00:00","mainEntityOfPage":{"@id":"https:\/\/www.krafthand.de\/truck\/artikel\/krone-ole-klose-neu-im-vorstand-31980\/"},"wordCount":269,"image":{"@id":"https:\/\/www.krafthand.de\/truck\/artikel\/krone-ole-klose-neu-im-vorstand-31980\/#primaryimage"},"thumbnailUrl":"https:\/\/static.krafthand-truck.de\/uploads\/2022\/04\/Krone_Ole-Klose-Vorstand_Krafthand_Truck.jpg","articleSection":["K\u00f6pfe\/Personen","Unternehmen"],"inLanguage":"de"},{"@type":"WebPage","@id":"https:\/\/www.krafthand.de\/truck\/artikel\/krone-ole-klose-neu-im-vorstand-31980\/","url":"https:\/\/www.krafthand.de\/truck\/artikel\/krone-ole-klose-neu-im-vorstand-31980\/","name":"Ole Klose neues Vorstandsmitglied der Krone-Gruppe I Krafthand-Truck","isPartOf":{"@id":"https:\/\/www.krafthand.de\/truck\/#website"},"primaryImageOfPage":{"@id":"https:\/\/www.krafthand.de\/truck\/artikel\/krone-ole-klose-neu-im-vorstand-31980\/#primaryimage"},"image":{"@id":"https:\/\/www.krafthand.de\/truck\/artikel\/krone-ole-klose-neu-im-vorstand-31980\/#primaryimage"},"thumbnailUrl":"https:\/\/static.krafthand-truck.de\/uploads\/2022\/04\/Krone_Ole-Klose-Vorstand_Krafthand_Truck.jpg","datePublished":"2022-04-05T08:11:58+00:00","dateModified":"2022-04-05T08:16:28+00:00","author":{"@id":"https:\/\/www.krafthand.de\/truck\/#\/schema\/person\/51fa80b1c57034c4bf63f9f988fc24ce"},"description":"Ole Klose (56) wurde mit Wirkung zum 01.04.2022 als zus\u00e4tzliches Mitglied in den Vorstand der Krone-Unternehmensgruppe berufen.","breadcrumb":{"@id":"https:\/\/www.krafthand.de\/truck\/artikel\/krone-ole-klose-neu-im-vorstand-31980\/#breadcrumb"},"inLanguage":"de","potentialAction":[{"@type":"ReadAction","target":["https:\/\/www.krafthand.de\/truck\/artikel\/krone-ole-klose-neu-im-vorstand-31980\/"]}]},{"@type":"ImageObject","inLanguage":"de","@id":"https:\/\/www.krafthand.de\/truck\/artikel\/krone-ole-klose-neu-im-vorstand-31980\/#primaryimage","url":"https:\/\/static.krafthand-truck.de\/uploads\/2022\/04\/Krone_Ole-Klose-Vorstand_Krafthand_Truck.jpg","contentUrl":"https:\/\/static.krafthand-truck.de\/uploads\/2022\/04\/Krone_Ole-Klose-Vorstand_Krafthand_Truck.jpg","width":800,"height":1083},{"@type":"BreadcrumbList","@id":"https:\/\/www.krafthand.de\/truck\/artikel\/krone-ole-klose-neu-im-vorstand-31980\/#breadcrumb","itemListElement":[{"@type":"ListItem","position":1,"name":"Krafthand-Truck","item":"https:\/\/www.krafthand.de\/truck\/"},{"@type":"ListItem","position":2,"name":"Nfz-Branche","item":"https:\/\/www.krafthand.de\/truck\/kategorie\/branche\/"},{"@type":"ListItem","position":3,"name":"K\u00f6pfe\/Personen","item":"https:\/\/www.krafthand.de\/truck\/kategorie\/branche\/koepfe\/"},{"@type":"ListItem","position":4,"name":"Krone: Ole Klose neu im Vorstand"}]},{"@type":"WebSite","@id":"https:\/\/www.krafthand.de\/truck\/#website","url":"https:\/\/www.krafthand.de\/truck\/","name":"Krafthand-Truck","description":"","potentialAction":[{"@type":"SearchAction","target":{"@type":"EntryPoint","urlTemplate":"https:\/\/www.krafthand.de\/truck\/?s={search_term_string}"},"query-input":{"@type":"PropertyValueSpecification","valueRequired":true,"valueName":"search_term_string"}}],"inLanguage":"de"},{"@type":"Person","@id":"https:\/\/www.krafthand.de\/truck\/#\/schema\/person\/51fa80b1c57034c4bf63f9f988fc24ce","name":"georg.blenk@krafthand-medien.de","image":{"@type":"ImageObject","inLanguage":"de","@id":"https:\/\/secure.gravatar.com\/avatar\/93713c30affe0aa95d3a4130e499bb1abee2eb31adbdd9ce2aa1543538490215?s=96&d=mm&r=g","url":"https:\/\/secure.gravatar.com\/avatar\/93713c30affe0aa95d3a4130e499bb1abee2eb31adbdd9ce2aa1543538490215?s=96&d=mm&r=g","contentUrl":"https:\/\/secure.gravatar.com\/avatar\/93713c30affe0aa95d3a4130e499bb1abee2eb31adbdd9ce2aa1543538490215?s=96&d=mm&r=g","caption":"georg.blenk@krafthand-medien.de"}}]}},"_links":{"self":[{"href":"https:\/\/www.krafthand.de\/truck\/wp-json\/wp\/v2\/posts\/31980","targetHints":{"allow":["GET"]}}],"collection":[{"href":"https:\/\/www.krafthand.de\/truck\/wp-json\/wp\/v2\/posts"}],"about":[{"href":"https:\/\/www.krafthand.de\/truck\/wp-json\/wp\/v2\/types\/post"}],"author":[{"embeddable":true,"href":"https:\/\/www.krafthand.de\/truck\/wp-json\/wp\/v2\/users\/9"}],"replies":[{"embeddable":true,"href":"https:\/\/www.krafthand.de\/truck\/wp-json\/wp\/v2\/comments?post=31980"}],"version-history":[{"count":2,"href":"https:\/\/www.krafthand.de\/truck\/wp-json\/wp\/v2\/posts\/31980\/revisions"}],"predecessor-version":[{"id":31983,"href":"https:\/\/www.krafthand.de\/truck\/wp-json\/wp\/v2\/posts\/31980\/revisions\/31983"}],"wp:featuredmedia":[{"embeddable":true,"href":"https:\/\/www.krafthand.de\/truck\/wp-json\/wp\/v2\/media\/31981"}],"wp:attachment":[{"href":"https:\/\/www.krafthand.de\/truck\/wp-json\/wp\/v2\/media?parent=31980"}],"wp:term":[{"taxonomy":"category","embeddable":true,"href":"https:\/\/www.krafthand.de\/truck\/wp-json\/wp\/v2\/categories?post=31980"},{"taxonomy":"post_tag","embeddable":true,"href":"https:\/\/www.krafthand.de\/truck\/wp-json\/wp\/v2\/tags?post=31980"},{"taxonomy":"settings","embeddable":true,"href":"https:\/\/www.krafthand.de\/truck\/wp-json\/wp\/v2\/settings?post=31980"}],"curies":[{"name":"wp","href":"https:\/\/api.w.org\/{rel}","templated":true}]}}