{"id":31962,"date":"2022-04-05T09:11:21","date_gmt":"2022-04-05T07:11:21","guid":{"rendered":"https:\/\/www.krafthand.de\/truck\/?p=31962"},"modified":"2022-04-05T09:19:33","modified_gmt":"2022-04-05T07:19:33","slug":"montage-tipps-zum-thema-gelenkwellen","status":"publish","type":"post","link":"https:\/\/www.krafthand.de\/truck\/artikel\/montage-tipps-zum-thema-gelenkwellen-31962\/","title":{"rendered":"Montage-Tipps zum Thema Gelenkwellen"},"content":{"rendered":"<p>Die Gelenk- oder Kardanwelle, ist eine wichtige Komponente f\u00fcr den Hinterrad- und den Allrad-Antrieb. Sie hat die Aufgabe, das Drehmoment in einem geknickten Wellenstrang von der Motor beziehungsweise der Getriebeeinheit zum Achsdifferential zu \u00fcbertragen. Damit Motor und Achse nicht starr und ungefedert miteinander verbunden sind, besitzt die Gelenkwelle Kreuzgelenke. Sie sichert so die Beweglichkeit im normalen Fahrbetrieb und gleicht H\u00f6henunterschiede aus.<\/p>\n<h4>Werkstatt-Tipps<\/h4>\n<p>Um die Moment\u00fcbertragung zu gew\u00e4hrleisten, sollten vor dem Einbau alle Flanschfl\u00e4chen von Rostschutzmittel, Schmutz und Fett befreit werden. Au\u00dferdem m\u00fcssen die an Keilwelle und Keilnabe angebrachten Markierungspfeile gegen\u00fcberliegen. Dar\u00fcber hinaus ist sicherzustellen, dass die<br \/>\nGelenkwellen im Keilprofil nicht getrennt und untereinander ausgetauscht werden, da dies sonst Einfluss auf die Auswuchtg\u00fcte nimmt. Nach dem Einbau m\u00fcssen die Gelenkwellen abgeschmiert werden.<\/p>\n<p><strong>Anm.: d. Red.:<\/strong> Mehr zum Thema Gelenk-\/Kardanwellen bei Lkw erfahren Sie im Hintergrundbericht <a href=\"https:\/\/www.krafthand.de\/truck\/artikel\/schaeden-an-lkw-kardanwellen-reparieren-i-krafthand-truck-31590\/\" target=\"_blank\" rel=\"noopener\">Die gro\u00dfe Welle &#8211; Sch\u00e4den an Gelenk- und Kardanwellen &#8211; Aus- und Einbau<\/a>.<\/p>\n<p>&nbsp;<\/p>\n<div class=\"infobox box-grey\"><\/p>\n<p><strong>Hintergrund: DT Spare Parts<\/strong><br \/>\nDie Marke <a href=\"https:\/\/www.dt-spareparts.com\/de\/\" target=\"_blank\" rel=\"noopener\">DT Spare Parts<\/a> aus Deutschland steht f\u00fcr ein Komplettsortiment mit rund 40 000 Fahrzeugteilen und Zubeh\u00f6r in garantierter Qualit\u00e4t und einem umfassendes Serviceangebot. Die konsequente Orientierung an der Originalqualit\u00e4t (inklusive 24-monatiger Markengarantie) der Erstausr\u00fcstung und die kontinuierliche Weiterentwicklung der Services haben die Marke DT Spare Parts laut Diesel Technic zu dem gemacht, was sie heute ist \u2013 eine f\u00fchrende Produktmarke im Nutzfahrzeug-Bereich als Alternative zu Originalteilen der Herstellermarken.<\/p>\n<p><\/div>\n","protected":false},"excerpt":{"rendered":"<p>Die Gelenk- oder Kardanwelle, ist eine wichtige Komponente f\u00fcr den Hinterrad- und den Allrad-Antrieb. Sie hat die Aufgabe, das Drehmoment in einem geknickten Wellenstrang von der Motor beziehungsweise der Getriebeeinheit zum Achsdifferential zu \u00fcbertragen. Damit Motor und Achse nicht starr und ungefedert miteinander verbunden sind, besitzt die Gelenkwelle Kreuzgelenke. Sie sichert so die Beweglichkeit im <span class=\"excerpt-more__dots\">&#8230;<\/span> <a class=\"excerpt-more__link\" href=\"https:\/\/www.krafthand.de\/truck\/artikel\/montage-tipps-zum-thema-gelenkwellen-31962\/\" >weiter<\/a><\/p>\n","protected":false},"author":9,"featured_media":31963,"comment_status":"closed","ping_status":"closed","sticky":false,"template":"","format":"standard","meta":{"footnotes":""},"categories":[4912,4218],"tags":[223,4283,5153,5109],"settings":[],"class_list":["post-31962","post","type-post","status-publish","format-standard","has-post-thumbnail","hentry","category-ersatzteile-zubehoer","category-werkstattpraxis","tag-diesel-technic","tag-dt-spareparts","tag-gelenkwelle","tag-kardanwelle"],"yoast_head":"<!-- This site is optimized with the Yoast SEO plugin v27.3 - https:\/\/yoast.com\/product\/yoast-seo-wordpress\/ -->\n<title>Montagetipps von DT Spareparts zur Kardanwelle I Krafthand-Truck<\/title>\n<meta name=\"robots\" content=\"index, follow, max-snippet:-1, max-image-preview:large, max-video-preview:-1\" \/>\n<link rel=\"canonical\" href=\"https:\/\/www.krafthand.de\/truck\/artikel\/montage-tipps-zum-thema-gelenkwellen-31962\/\" \/>\n<meta property=\"og:locale\" content=\"de_DE\" \/>\n<meta property=\"og:type\" content=\"article\" \/>\n<meta property=\"og:title\" content=\"Montagetipps von DT Spareparts zur Kardanwelle I Krafthand-Truck\" \/>\n<meta property=\"og:description\" content=\"Die Gelenk- oder Kardanwelle, ist eine wichtige Komponente f\u00fcr den Hinterrad- und den Allrad-Antrieb. Sie hat die Aufgabe, das Drehmoment in einem geknickten Wellenstrang von der Motor beziehungsweise der Getriebeeinheit zum Achsdifferential zu \u00fcbertragen. Damit Motor und Achse nicht starr und ungefedert miteinander verbunden sind, besitzt die Gelenkwelle Kreuzgelenke. Sie sichert so die Beweglichkeit im ... weiter\" \/>\n<meta property=\"og:url\" content=\"https:\/\/www.krafthand-truck.de\/artikel\/montage-tipps-zum-thema-gelenkwellen-31962\/\" \/>\n<meta property=\"og:site_name\" content=\"Krafthand-Truck\" \/>\n<meta property=\"article:published_time\" content=\"2022-04-05T07:11:21+00:00\" \/>\n<meta property=\"article:modified_time\" content=\"2022-04-05T07:19:33+00:00\" \/>\n<meta property=\"og:image\" content=\"https:\/\/static.krafthand-truck.de\/uploads\/2022\/04\/Diesel_Technic_DT_Spareparts_Gelenkwelle_Kardanwelle_Lkw_Krafthand_Truck.jpg\" \/>\n\t<meta property=\"og:image:width\" content=\"1200\" \/>\n\t<meta property=\"og:image:height\" content=\"800\" \/>\n\t<meta property=\"og:image:type\" content=\"image\/jpeg\" \/>\n<meta name=\"author\" content=\"georg.blenk@krafthand-medien.de\" \/>\n<meta name=\"twitter:card\" content=\"summary_large_image\" \/>\n<meta name=\"twitter:label1\" content=\"Verfasst von\" \/>\n\t<meta name=\"twitter:data1\" content=\"georg.blenk@krafthand-medien.de\" \/>\n\t<meta name=\"twitter:label2\" content=\"Gesch\u00e4tzte Lesezeit\" \/>\n\t<meta name=\"twitter:data2\" content=\"1\u00a0Minute\" \/>\n<script type=\"application\/ld+json\" class=\"yoast-schema-graph\">{\"@context\":\"https:\\\/\\\/schema.org\",\"@graph\":[{\"@type\":\"Article\",\"@id\":\"https:\\\/\\\/www.krafthand.de\\\/truck\\\/artikel\\\/montage-tipps-zum-thema-gelenkwellen-31962\\\/#article\",\"isPartOf\":{\"@id\":\"https:\\\/\\\/www.krafthand.de\\\/truck\\\/artikel\\\/montage-tipps-zum-thema-gelenkwellen-31962\\\/\"},\"author\":{\"name\":\"georg.blenk@krafthand-medien.de\",\"@id\":\"https:\\\/\\\/www.krafthand.de\\\/truck\\\/#\\\/schema\\\/person\\\/51fa80b1c57034c4bf63f9f988fc24ce\"},\"headline\":\"Montage-Tipps zum Thema Gelenkwellen\",\"datePublished\":\"2022-04-05T07:11:21+00:00\",\"dateModified\":\"2022-04-05T07:19:33+00:00\",\"mainEntityOfPage\":{\"@id\":\"https:\\\/\\\/www.krafthand.de\\\/truck\\\/artikel\\\/montage-tipps-zum-thema-gelenkwellen-31962\\\/\"},\"wordCount\":245,\"image\":{\"@id\":\"https:\\\/\\\/www.krafthand.de\\\/truck\\\/artikel\\\/montage-tipps-zum-thema-gelenkwellen-31962\\\/#primaryimage\"},\"thumbnailUrl\":\"https:\\\/\\\/static.krafthand-truck.de\\\/uploads\\\/2022\\\/04\\\/Diesel_Technic_DT_Spareparts_Gelenkwelle_Kardanwelle_Lkw_Krafthand_Truck.jpg\",\"keywords\":[\"Diesel Technic\",\"DT Spareparts\",\"Gelenkwelle\",\"Kardanwelle\"],\"articleSection\":[\"Ersatzteile\\\/Zubeh\u00f6r\",\"Werkstattpraxis\"],\"inLanguage\":\"de\"},{\"@type\":\"WebPage\",\"@id\":\"https:\\\/\\\/www.krafthand.de\\\/truck\\\/artikel\\\/montage-tipps-zum-thema-gelenkwellen-31962\\\/\",\"url\":\"https:\\\/\\\/www.krafthand.de\\\/truck\\\/artikel\\\/montage-tipps-zum-thema-gelenkwellen-31962\\\/\",\"name\":\"Montagetipps von DT Spareparts zur Kardanwelle I Krafthand-Truck\",\"isPartOf\":{\"@id\":\"https:\\\/\\\/www.krafthand.de\\\/truck\\\/#website\"},\"primaryImageOfPage\":{\"@id\":\"https:\\\/\\\/www.krafthand.de\\\/truck\\\/artikel\\\/montage-tipps-zum-thema-gelenkwellen-31962\\\/#primaryimage\"},\"image\":{\"@id\":\"https:\\\/\\\/www.krafthand.de\\\/truck\\\/artikel\\\/montage-tipps-zum-thema-gelenkwellen-31962\\\/#primaryimage\"},\"thumbnailUrl\":\"https:\\\/\\\/static.krafthand-truck.de\\\/uploads\\\/2022\\\/04\\\/Diesel_Technic_DT_Spareparts_Gelenkwelle_Kardanwelle_Lkw_Krafthand_Truck.jpg\",\"datePublished\":\"2022-04-05T07:11:21+00:00\",\"dateModified\":\"2022-04-05T07:19:33+00:00\",\"author\":{\"@id\":\"https:\\\/\\\/www.krafthand.de\\\/truck\\\/#\\\/schema\\\/person\\\/51fa80b1c57034c4bf63f9f988fc24ce\"},\"breadcrumb\":{\"@id\":\"https:\\\/\\\/www.krafthand.de\\\/truck\\\/artikel\\\/montage-tipps-zum-thema-gelenkwellen-31962\\\/#breadcrumb\"},\"inLanguage\":\"de\",\"potentialAction\":[{\"@type\":\"ReadAction\",\"target\":[\"https:\\\/\\\/www.krafthand.de\\\/truck\\\/artikel\\\/montage-tipps-zum-thema-gelenkwellen-31962\\\/\"]}]},{\"@type\":\"ImageObject\",\"inLanguage\":\"de\",\"@id\":\"https:\\\/\\\/www.krafthand.de\\\/truck\\\/artikel\\\/montage-tipps-zum-thema-gelenkwellen-31962\\\/#primaryimage\",\"url\":\"https:\\\/\\\/static.krafthand-truck.de\\\/uploads\\\/2022\\\/04\\\/Diesel_Technic_DT_Spareparts_Gelenkwelle_Kardanwelle_Lkw_Krafthand_Truck.jpg\",\"contentUrl\":\"https:\\\/\\\/static.krafthand-truck.de\\\/uploads\\\/2022\\\/04\\\/Diesel_Technic_DT_Spareparts_Gelenkwelle_Kardanwelle_Lkw_Krafthand_Truck.jpg\",\"width\":1200,\"height\":800},{\"@type\":\"BreadcrumbList\",\"@id\":\"https:\\\/\\\/www.krafthand.de\\\/truck\\\/artikel\\\/montage-tipps-zum-thema-gelenkwellen-31962\\\/#breadcrumb\",\"itemListElement\":[{\"@type\":\"ListItem\",\"position\":1,\"name\":\"Krafthand-Truck\",\"item\":\"https:\\\/\\\/www.krafthand.de\\\/truck\\\/\"},{\"@type\":\"ListItem\",\"position\":2,\"name\":\"Nfz-Service\",\"item\":\"https:\\\/\\\/www.krafthand.de\\\/truck\\\/kategorie\\\/nfz-service\\\/\"},{\"@type\":\"ListItem\",\"position\":3,\"name\":\"Ersatzteile\\\/Zubeh\u00f6r\",\"item\":\"https:\\\/\\\/www.krafthand.de\\\/truck\\\/kategorie\\\/nfz-service\\\/ersatzteile-zubehoer\\\/\"},{\"@type\":\"ListItem\",\"position\":4,\"name\":\"Montage-Tipps zum Thema Gelenkwellen\"}]},{\"@type\":\"WebSite\",\"@id\":\"https:\\\/\\\/www.krafthand.de\\\/truck\\\/#website\",\"url\":\"https:\\\/\\\/www.krafthand.de\\\/truck\\\/\",\"name\":\"Krafthand-Truck\",\"description\":\"\",\"potentialAction\":[{\"@type\":\"SearchAction\",\"target\":{\"@type\":\"EntryPoint\",\"urlTemplate\":\"https:\\\/\\\/www.krafthand.de\\\/truck\\\/?s={search_term_string}\"},\"query-input\":{\"@type\":\"PropertyValueSpecification\",\"valueRequired\":true,\"valueName\":\"search_term_string\"}}],\"inLanguage\":\"de\"},{\"@type\":\"Person\",\"@id\":\"https:\\\/\\\/www.krafthand.de\\\/truck\\\/#\\\/schema\\\/person\\\/51fa80b1c57034c4bf63f9f988fc24ce\",\"name\":\"georg.blenk@krafthand-medien.de\",\"image\":{\"@type\":\"ImageObject\",\"inLanguage\":\"de\",\"@id\":\"https:\\\/\\\/secure.gravatar.com\\\/avatar\\\/93713c30affe0aa95d3a4130e499bb1abee2eb31adbdd9ce2aa1543538490215?s=96&d=mm&r=g\",\"url\":\"https:\\\/\\\/secure.gravatar.com\\\/avatar\\\/93713c30affe0aa95d3a4130e499bb1abee2eb31adbdd9ce2aa1543538490215?s=96&d=mm&r=g\",\"contentUrl\":\"https:\\\/\\\/secure.gravatar.com\\\/avatar\\\/93713c30affe0aa95d3a4130e499bb1abee2eb31adbdd9ce2aa1543538490215?s=96&d=mm&r=g\",\"caption\":\"georg.blenk@krafthand-medien.de\"}}]}<\/script>\n<!-- \/ Yoast SEO plugin. -->","yoast_head_json":{"title":"Montagetipps von DT Spareparts zur Kardanwelle I Krafthand-Truck","robots":{"index":"index","follow":"follow","max-snippet":"max-snippet:-1","max-image-preview":"max-image-preview:large","max-video-preview":"max-video-preview:-1"},"canonical":"https:\/\/www.krafthand.de\/truck\/artikel\/montage-tipps-zum-thema-gelenkwellen-31962\/","og_locale":"de_DE","og_type":"article","og_title":"Montagetipps von DT Spareparts zur Kardanwelle I Krafthand-Truck","og_description":"Die Gelenk- oder Kardanwelle, ist eine wichtige Komponente f\u00fcr den Hinterrad- und den Allrad-Antrieb. Sie hat die Aufgabe, das Drehmoment in einem geknickten Wellenstrang von der Motor beziehungsweise der Getriebeeinheit zum Achsdifferential zu \u00fcbertragen. Damit Motor und Achse nicht starr und ungefedert miteinander verbunden sind, besitzt die Gelenkwelle Kreuzgelenke. Sie sichert so die Beweglichkeit im ... weiter","og_url":"https:\/\/www.krafthand-truck.de\/artikel\/montage-tipps-zum-thema-gelenkwellen-31962\/","og_site_name":"Krafthand-Truck","article_published_time":"2022-04-05T07:11:21+00:00","article_modified_time":"2022-04-05T07:19:33+00:00","og_image":[{"width":1200,"height":800,"url":"https:\/\/static.krafthand-truck.de\/uploads\/2022\/04\/Diesel_Technic_DT_Spareparts_Gelenkwelle_Kardanwelle_Lkw_Krafthand_Truck.jpg","type":"image\/jpeg"}],"author":"georg.blenk@krafthand-medien.de","twitter_card":"summary_large_image","twitter_misc":{"Verfasst von":"georg.blenk@krafthand-medien.de","Gesch\u00e4tzte Lesezeit":"1\u00a0Minute"},"schema":{"@context":"https:\/\/schema.org","@graph":[{"@type":"Article","@id":"https:\/\/www.krafthand.de\/truck\/artikel\/montage-tipps-zum-thema-gelenkwellen-31962\/#article","isPartOf":{"@id":"https:\/\/www.krafthand.de\/truck\/artikel\/montage-tipps-zum-thema-gelenkwellen-31962\/"},"author":{"name":"georg.blenk@krafthand-medien.de","@id":"https:\/\/www.krafthand.de\/truck\/#\/schema\/person\/51fa80b1c57034c4bf63f9f988fc24ce"},"headline":"Montage-Tipps zum Thema Gelenkwellen","datePublished":"2022-04-05T07:11:21+00:00","dateModified":"2022-04-05T07:19:33+00:00","mainEntityOfPage":{"@id":"https:\/\/www.krafthand.de\/truck\/artikel\/montage-tipps-zum-thema-gelenkwellen-31962\/"},"wordCount":245,"image":{"@id":"https:\/\/www.krafthand.de\/truck\/artikel\/montage-tipps-zum-thema-gelenkwellen-31962\/#primaryimage"},"thumbnailUrl":"https:\/\/static.krafthand-truck.de\/uploads\/2022\/04\/Diesel_Technic_DT_Spareparts_Gelenkwelle_Kardanwelle_Lkw_Krafthand_Truck.jpg","keywords":["Diesel Technic","DT Spareparts","Gelenkwelle","Kardanwelle"],"articleSection":["Ersatzteile\/Zubeh\u00f6r","Werkstattpraxis"],"inLanguage":"de"},{"@type":"WebPage","@id":"https:\/\/www.krafthand.de\/truck\/artikel\/montage-tipps-zum-thema-gelenkwellen-31962\/","url":"https:\/\/www.krafthand.de\/truck\/artikel\/montage-tipps-zum-thema-gelenkwellen-31962\/","name":"Montagetipps von DT Spareparts zur Kardanwelle I Krafthand-Truck","isPartOf":{"@id":"https:\/\/www.krafthand.de\/truck\/#website"},"primaryImageOfPage":{"@id":"https:\/\/www.krafthand.de\/truck\/artikel\/montage-tipps-zum-thema-gelenkwellen-31962\/#primaryimage"},"image":{"@id":"https:\/\/www.krafthand.de\/truck\/artikel\/montage-tipps-zum-thema-gelenkwellen-31962\/#primaryimage"},"thumbnailUrl":"https:\/\/static.krafthand-truck.de\/uploads\/2022\/04\/Diesel_Technic_DT_Spareparts_Gelenkwelle_Kardanwelle_Lkw_Krafthand_Truck.jpg","datePublished":"2022-04-05T07:11:21+00:00","dateModified":"2022-04-05T07:19:33+00:00","author":{"@id":"https:\/\/www.krafthand.de\/truck\/#\/schema\/person\/51fa80b1c57034c4bf63f9f988fc24ce"},"breadcrumb":{"@id":"https:\/\/www.krafthand.de\/truck\/artikel\/montage-tipps-zum-thema-gelenkwellen-31962\/#breadcrumb"},"inLanguage":"de","potentialAction":[{"@type":"ReadAction","target":["https:\/\/www.krafthand.de\/truck\/artikel\/montage-tipps-zum-thema-gelenkwellen-31962\/"]}]},{"@type":"ImageObject","inLanguage":"de","@id":"https:\/\/www.krafthand.de\/truck\/artikel\/montage-tipps-zum-thema-gelenkwellen-31962\/#primaryimage","url":"https:\/\/static.krafthand-truck.de\/uploads\/2022\/04\/Diesel_Technic_DT_Spareparts_Gelenkwelle_Kardanwelle_Lkw_Krafthand_Truck.jpg","contentUrl":"https:\/\/static.krafthand-truck.de\/uploads\/2022\/04\/Diesel_Technic_DT_Spareparts_Gelenkwelle_Kardanwelle_Lkw_Krafthand_Truck.jpg","width":1200,"height":800},{"@type":"BreadcrumbList","@id":"https:\/\/www.krafthand.de\/truck\/artikel\/montage-tipps-zum-thema-gelenkwellen-31962\/#breadcrumb","itemListElement":[{"@type":"ListItem","position":1,"name":"Krafthand-Truck","item":"https:\/\/www.krafthand.de\/truck\/"},{"@type":"ListItem","position":2,"name":"Nfz-Service","item":"https:\/\/www.krafthand.de\/truck\/kategorie\/nfz-service\/"},{"@type":"ListItem","position":3,"name":"Ersatzteile\/Zubeh\u00f6r","item":"https:\/\/www.krafthand.de\/truck\/kategorie\/nfz-service\/ersatzteile-zubehoer\/"},{"@type":"ListItem","position":4,"name":"Montage-Tipps zum Thema Gelenkwellen"}]},{"@type":"WebSite","@id":"https:\/\/www.krafthand.de\/truck\/#website","url":"https:\/\/www.krafthand.de\/truck\/","name":"Krafthand-Truck","description":"","potentialAction":[{"@type":"SearchAction","target":{"@type":"EntryPoint","urlTemplate":"https:\/\/www.krafthand.de\/truck\/?s={search_term_string}"},"query-input":{"@type":"PropertyValueSpecification","valueRequired":true,"valueName":"search_term_string"}}],"inLanguage":"de"},{"@type":"Person","@id":"https:\/\/www.krafthand.de\/truck\/#\/schema\/person\/51fa80b1c57034c4bf63f9f988fc24ce","name":"georg.blenk@krafthand-medien.de","image":{"@type":"ImageObject","inLanguage":"de","@id":"https:\/\/secure.gravatar.com\/avatar\/93713c30affe0aa95d3a4130e499bb1abee2eb31adbdd9ce2aa1543538490215?s=96&d=mm&r=g","url":"https:\/\/secure.gravatar.com\/avatar\/93713c30affe0aa95d3a4130e499bb1abee2eb31adbdd9ce2aa1543538490215?s=96&d=mm&r=g","contentUrl":"https:\/\/secure.gravatar.com\/avatar\/93713c30affe0aa95d3a4130e499bb1abee2eb31adbdd9ce2aa1543538490215?s=96&d=mm&r=g","caption":"georg.blenk@krafthand-medien.de"}}]}},"_links":{"self":[{"href":"https:\/\/www.krafthand.de\/truck\/wp-json\/wp\/v2\/posts\/31962","targetHints":{"allow":["GET"]}}],"collection":[{"href":"https:\/\/www.krafthand.de\/truck\/wp-json\/wp\/v2\/posts"}],"about":[{"href":"https:\/\/www.krafthand.de\/truck\/wp-json\/wp\/v2\/types\/post"}],"author":[{"embeddable":true,"href":"https:\/\/www.krafthand.de\/truck\/wp-json\/wp\/v2\/users\/9"}],"replies":[{"embeddable":true,"href":"https:\/\/www.krafthand.de\/truck\/wp-json\/wp\/v2\/comments?post=31962"}],"version-history":[{"count":8,"href":"https:\/\/www.krafthand.de\/truck\/wp-json\/wp\/v2\/posts\/31962\/revisions"}],"predecessor-version":[{"id":31971,"href":"https:\/\/www.krafthand.de\/truck\/wp-json\/wp\/v2\/posts\/31962\/revisions\/31971"}],"wp:featuredmedia":[{"embeddable":true,"href":"https:\/\/www.krafthand.de\/truck\/wp-json\/wp\/v2\/media\/31963"}],"wp:attachment":[{"href":"https:\/\/www.krafthand.de\/truck\/wp-json\/wp\/v2\/media?parent=31962"}],"wp:term":[{"taxonomy":"category","embeddable":true,"href":"https:\/\/www.krafthand.de\/truck\/wp-json\/wp\/v2\/categories?post=31962"},{"taxonomy":"post_tag","embeddable":true,"href":"https:\/\/www.krafthand.de\/truck\/wp-json\/wp\/v2\/tags?post=31962"},{"taxonomy":"settings","embeddable":true,"href":"https:\/\/www.krafthand.de\/truck\/wp-json\/wp\/v2\/settings?post=31962"}],"curies":[{"name":"wp","href":"https:\/\/api.w.org\/{rel}","templated":true}]}}