{"id":31896,"date":"2022-03-30T12:57:59","date_gmt":"2022-03-30T10:57:59","guid":{"rendered":"https:\/\/www.krafthand.de\/truck\/?p=31896"},"modified":"2022-04-04T10:10:39","modified_gmt":"2022-04-04T08:10:39","slug":"neues-zentrallager-renault-trucks-liefert-ersatzteile-in-zusammenarbeit-mit-geodis","status":"publish","type":"post","link":"https:\/\/www.krafthand.de\/truck\/artikel\/neues-zentrallager-renault-trucks-liefert-ersatzteile-in-zusammenarbeit-mit-geodis-31896\/","title":{"rendered":"Neues Zentrallager: Renault-Trucks liefert Ersatzteile in Zusammenarbeit mit GEODIS"},"content":{"rendered":"<p>Die Volvo Group hat ein neues Support Distribution Center in Deutschland in Betrieb genommen. In Zusammenarbeit mit dem Logistikpartner <a href=\"https:\/\/geodis.com\/de\" target=\"_blank\" rel=\"noopener\">GEODIS<\/a> entstand in Nordhessen bei Malsfeld auf einer Fl\u00e4che von rund 5.000 Quadratmetern ein neues Zentrallager. Hier werden Teile f\u00fcr <a href=\"https:\/\/www.renault-trucks.de\" target=\"_blank\" rel=\"noopener\">Renault Trucks<\/a> gelagert und an Nfz-Werkst\u00e4tten und den den Teilehandel weiterverteilt.<\/p>\n<blockquote><p>&#8222;Die Partnerschaft mit GEODIS basiert auf Transparenz und gegenseitigem Respekt. Gemeinsam sind wir bestrebt, den Service kontinuierlich zu verbessern. Dies ist ein echter Meilenstein in unserem Bestreben, die Abl\u00e4ufe in der Service-Markt-Logistik weiterzuentwickeln und den Wert f\u00fcr alle Kund:innen der Volvo Group in Deutschland zu erh\u00f6hen&#8220;, so Peter Devos, Vice President Service Market Logistics Volvo Group Europe.<\/p><\/blockquote>\n<figure id=\"attachment_31900\" aria-describedby=\"caption-attachment-31900\" style=\"width: 420px\" class=\"wp-caption alignleft\"><a href=\"https:\/\/static.krafthand-truck.de\/uploads\/2022\/03\/Volvo-Group-Zentrallager-Malsfeld-02.jpg\" target=\"_blank\" rel=\"noopener\"><img fetchpriority=\"high\" decoding=\"async\" class=\"wp-image-31900\" src=\"https:\/\/static.krafthand-truck.de\/uploads\/2022\/03\/Volvo-Group-Zentrallager-Malsfeld-02-300x200.jpg\" alt=\"\" width=\"420\" height=\"280\" srcset=\"https:\/\/static.krafthand-truck.de\/uploads\/2022\/03\/Volvo-Group-Zentrallager-Malsfeld-02-300x200.jpg 300w, https:\/\/static.krafthand-truck.de\/uploads\/2022\/03\/Volvo-Group-Zentrallager-Malsfeld-02-1024x683.jpg 1024w, https:\/\/static.krafthand-truck.de\/uploads\/2022\/03\/Volvo-Group-Zentrallager-Malsfeld-02-768x512.jpg 768w, https:\/\/static.krafthand-truck.de\/uploads\/2022\/03\/Volvo-Group-Zentrallager-Malsfeld-02.jpg 1200w\" sizes=\"(max-width: 420px) 100vw, 420px\" \/><\/a><figcaption id=\"caption-attachment-31900\" class=\"wp-caption-text\">Das neue Zentrallager in Malsfels im nordhessischen Schwalm-Eder-Kreis hat eine Fl\u00e4che von 5.000 Quadratmeter.<\/figcaption><\/figure>\n<p>Eine variable Anzahl Mitarbeiter:innen sollen im neuen Zentrallager f\u00fcr die reibungslose Verwaltung von mehr als 30.000 gelagerten Produkten sorgen. T\u00e4glich werden laut Renault-Trucks (eine <a href=\"https:\/\/www.volvogroup.com\/de\" target=\"_blank\" rel=\"noopener\">Volvo-Tochter<\/a>) rund 1.000 Auftr\u00e4ge gepackt und versendet. Per Over-Night-Service werden die Teile den H\u00e4ndlern und Nutzfahrzeug-Werkst\u00e4tten am n\u00e4chsten Tag bundesweit zugestellt \u2013 auch am Wochenende. Zus\u00e4tzlich hat man mit dem &#8218;Call-Out-Service&#8216; eine besondere Dienstleistung f\u00fcr Notf\u00e4lle an 365 Tagen \u00fcber 24h eingerichtet.<\/p>\n<blockquote><p>Antje Lochmann, Managing Director GEODIS in Deutschland: \u201cWir freuen uns sehr, mit der Volvo Group einen professionellen Partner im Premiumsegment der Nutzfahrzeughersteller gewonnen zu haben und diese konstruktive Partnerschaft in den n\u00e4chsten Jahren ausbauen zu k\u00f6nnen. Die Schaffung weiterer Fl\u00e4chen am Standort Malsfeld f\u00fcr die Volvo Group in zentraler Lage in Deutschland ist Teil unserer Strategie, um Kund:innen im Automobilsektor im Bereich der Ersatzteile zu unterst\u00fctzen.\u201d<\/p><\/blockquote>\n<p>Mit dieser Investition m\u00f6chten die Marken der Volvo Group in Deutschland nicht nur die Kundenzufriedenheit, sondern auch die Qualit\u00e4t der Anlieferung steigern. Durch die Anbindung an wichtige deutsche Verkehrsachsen und die schnellere Verf\u00fcgbarkeit durch sp\u00e4teren und einheitlichen Bestellschluss, hat der schwedische Konzern so f\u00fcr seine Gesch\u00e4ftsbereiche die Weichen f\u00fcr eine erfolgreiche Zukunft gestellt. Zudem wird durch die M\u00f6glichkeit der Selbstabholung die Flexibilit\u00e4t erh\u00f6ht. Mit der Verk\u00fcrzung der Lieferwege soll auch eine sp\u00fcrbare CO2 -Reduktion erreicht werden.<\/p>\n\r\n\t\t\t\t<div class=\"post-author\">\r\n\t\t\t\t\t<div class=\"khm-cp-author clearfix\">\r\n\t\t\t\t\t\t<div class=\"khm-cp-author__content\">\r\n\t\t\t\t\t\t\t\tKontakt zum Autor:<br \/>\r\n\t\t\t\t\t\t\t\t<strong>Georg Blenk<\/strong>, 08247 \/ 3007-45 |  <a href=\"mailto:georg.blenk@krafthand-medien.de\">georg.blenk@krafthand-medien.de<\/a>\r\n\t\t\t\t\t\t\t<div class=\"khm-cp-author__image\">\r\n\t\t\t\t\t\t<img src=\"https:\/\/static.krafthand-truck.de\/uploads\/2021\/01\/Blenk_6104-250x300-1-removebg-preview.png\" class=\"img-responsive\">\r\n\t\t\t\t\t<\/div>\r\n\t\t\t\t\t\t<\/div>\r\n\t\t\t\t\t<\/div>\r\n\t\t\t\t<\/div>\r\n\t\t\t\t","protected":false},"excerpt":{"rendered":"<p>Die Volvo Group hat ein neues Support Distribution Center in Deutschland in Betrieb genommen. In Zusammenarbeit mit dem Logistikpartner GEODIS entstand in Nordhessen bei Malsfeld auf einer Fl\u00e4che von rund 5.000 Quadratmetern ein neues Zentrallager. Hier werden Teile f\u00fcr Renault Trucks gelagert und an Nfz-Werkst\u00e4tten und den den Teilehandel weiterverteilt. <span class=\"excerpt-more__dots\">&#8230;<\/span> <a class=\"excerpt-more__link\" href=\"https:\/\/www.krafthand.de\/truck\/artikel\/neues-zentrallager-renault-trucks-liefert-ersatzteile-in-zusammenarbeit-mit-geodis-31896\/\" >weiter<\/a><\/p>\n","protected":false},"author":9,"featured_media":31902,"comment_status":"closed","ping_status":"closed","sticky":false,"template":"","format":"standard","meta":{"footnotes":""},"categories":[4912,4235],"tags":[5142,5143,3068,752,3146],"settings":[3524,4766,3523],"class_list":["post-31896","post","type-post","status-publish","format-standard","has-post-thumbnail","hentry","category-ersatzteile-zubehoer","category-unternehmen","tag-geodis","tag-renault-truck","tag-teile","tag-volvo","tag-zentrallager"],"yoast_head":"<!-- This site is optimized with the Yoast SEO plugin v27.3 - https:\/\/yoast.com\/product\/yoast-seo-wordpress\/ -->\n<title>Renault-Trucks mit neuem Zentrallager in Malsfeld I Krafthand-Truck<\/title>\n<meta name=\"description\" content=\"Die Volvo Group \/ Renault-Trucks hat ein neues Support Distribution Center in Zusammenarbeit mit GEODIS in Betrieb genommen.\" \/>\n<meta name=\"robots\" content=\"index, follow, max-snippet:-1, max-image-preview:large, max-video-preview:-1\" \/>\n<link rel=\"canonical\" href=\"https:\/\/www.krafthand.de\/truck\/artikel\/neues-zentrallager-renault-trucks-liefert-ersatzteile-in-zusammenarbeit-mit-geodis-31896\/\" \/>\n<meta property=\"og:locale\" content=\"de_DE\" \/>\n<meta property=\"og:type\" content=\"article\" \/>\n<meta property=\"og:title\" content=\"Renault-Trucks mit neuem Zentrallager in Malsfeld I Krafthand-Truck\" \/>\n<meta property=\"og:description\" content=\"Die Volvo Group \/ Renault-Trucks hat ein neues Support Distribution Center in Zusammenarbeit mit GEODIS in Betrieb genommen.\" \/>\n<meta property=\"og:url\" content=\"https:\/\/www.krafthand-truck.de\/artikel\/neues-zentrallager-renault-trucks-liefert-ersatzteile-in-zusammenarbeit-mit-geodis-31896\/\" \/>\n<meta property=\"og:site_name\" content=\"Krafthand-Truck\" \/>\n<meta property=\"article:published_time\" content=\"2022-03-30T10:57:59+00:00\" \/>\n<meta property=\"article:modified_time\" content=\"2022-04-04T08:10:39+00:00\" \/>\n<meta property=\"og:image\" content=\"https:\/\/static.krafthand-truck.de\/uploads\/2022\/03\/Volvo-Group-Zentrallager-Malsfeld-01.jpg\" \/>\n\t<meta property=\"og:image:width\" content=\"1200\" \/>\n\t<meta property=\"og:image:height\" content=\"693\" \/>\n\t<meta property=\"og:image:type\" content=\"image\/jpeg\" \/>\n<meta name=\"author\" content=\"georg.blenk@krafthand-medien.de\" \/>\n<meta name=\"twitter:card\" content=\"summary_large_image\" \/>\n<meta name=\"twitter:label1\" content=\"Verfasst von\" \/>\n\t<meta name=\"twitter:data1\" content=\"georg.blenk@krafthand-medien.de\" \/>\n\t<meta name=\"twitter:label2\" content=\"Gesch\u00e4tzte Lesezeit\" \/>\n\t<meta name=\"twitter:data2\" content=\"3\u00a0Minuten\" \/>\n<script type=\"application\/ld+json\" class=\"yoast-schema-graph\">{\"@context\":\"https:\\\/\\\/schema.org\",\"@graph\":[{\"@type\":\"Article\",\"@id\":\"https:\\\/\\\/www.krafthand.de\\\/truck\\\/artikel\\\/neues-zentrallager-renault-trucks-liefert-ersatzteile-in-zusammenarbeit-mit-geodis-31896\\\/#article\",\"isPartOf\":{\"@id\":\"https:\\\/\\\/www.krafthand.de\\\/truck\\\/artikel\\\/neues-zentrallager-renault-trucks-liefert-ersatzteile-in-zusammenarbeit-mit-geodis-31896\\\/\"},\"author\":{\"name\":\"georg.blenk@krafthand-medien.de\",\"@id\":\"https:\\\/\\\/www.krafthand.de\\\/truck\\\/#\\\/schema\\\/person\\\/51fa80b1c57034c4bf63f9f988fc24ce\"},\"headline\":\"Neues Zentrallager: Renault-Trucks liefert Ersatzteile in Zusammenarbeit mit GEODIS\",\"datePublished\":\"2022-03-30T10:57:59+00:00\",\"dateModified\":\"2022-04-04T08:10:39+00:00\",\"mainEntityOfPage\":{\"@id\":\"https:\\\/\\\/www.krafthand.de\\\/truck\\\/artikel\\\/neues-zentrallager-renault-trucks-liefert-ersatzteile-in-zusammenarbeit-mit-geodis-31896\\\/\"},\"wordCount\":375,\"image\":{\"@id\":\"https:\\\/\\\/www.krafthand.de\\\/truck\\\/artikel\\\/neues-zentrallager-renault-trucks-liefert-ersatzteile-in-zusammenarbeit-mit-geodis-31896\\\/#primaryimage\"},\"thumbnailUrl\":\"https:\\\/\\\/static.krafthand-truck.de\\\/uploads\\\/2022\\\/03\\\/Volvo-Group-Zentrallager-Malsfeld-01.jpg\",\"keywords\":[\"Geodis\",\"Renault-Truck\",\"Teile\",\"Volvo\",\"Zentrallager\"],\"articleSection\":[\"Ersatzteile\\\/Zubeh\u00f6r\",\"Unternehmen\"],\"inLanguage\":\"de\"},{\"@type\":\"WebPage\",\"@id\":\"https:\\\/\\\/www.krafthand.de\\\/truck\\\/artikel\\\/neues-zentrallager-renault-trucks-liefert-ersatzteile-in-zusammenarbeit-mit-geodis-31896\\\/\",\"url\":\"https:\\\/\\\/www.krafthand.de\\\/truck\\\/artikel\\\/neues-zentrallager-renault-trucks-liefert-ersatzteile-in-zusammenarbeit-mit-geodis-31896\\\/\",\"name\":\"Renault-Trucks mit neuem Zentrallager in Malsfeld I Krafthand-Truck\",\"isPartOf\":{\"@id\":\"https:\\\/\\\/www.krafthand.de\\\/truck\\\/#website\"},\"primaryImageOfPage\":{\"@id\":\"https:\\\/\\\/www.krafthand.de\\\/truck\\\/artikel\\\/neues-zentrallager-renault-trucks-liefert-ersatzteile-in-zusammenarbeit-mit-geodis-31896\\\/#primaryimage\"},\"image\":{\"@id\":\"https:\\\/\\\/www.krafthand.de\\\/truck\\\/artikel\\\/neues-zentrallager-renault-trucks-liefert-ersatzteile-in-zusammenarbeit-mit-geodis-31896\\\/#primaryimage\"},\"thumbnailUrl\":\"https:\\\/\\\/static.krafthand-truck.de\\\/uploads\\\/2022\\\/03\\\/Volvo-Group-Zentrallager-Malsfeld-01.jpg\",\"datePublished\":\"2022-03-30T10:57:59+00:00\",\"dateModified\":\"2022-04-04T08:10:39+00:00\",\"author\":{\"@id\":\"https:\\\/\\\/www.krafthand.de\\\/truck\\\/#\\\/schema\\\/person\\\/51fa80b1c57034c4bf63f9f988fc24ce\"},\"description\":\"Die Volvo Group \\\/ Renault-Trucks hat ein neues Support Distribution Center in Zusammenarbeit mit GEODIS in Betrieb genommen.\",\"breadcrumb\":{\"@id\":\"https:\\\/\\\/www.krafthand.de\\\/truck\\\/artikel\\\/neues-zentrallager-renault-trucks-liefert-ersatzteile-in-zusammenarbeit-mit-geodis-31896\\\/#breadcrumb\"},\"inLanguage\":\"de\",\"potentialAction\":[{\"@type\":\"ReadAction\",\"target\":[\"https:\\\/\\\/www.krafthand.de\\\/truck\\\/artikel\\\/neues-zentrallager-renault-trucks-liefert-ersatzteile-in-zusammenarbeit-mit-geodis-31896\\\/\"]}]},{\"@type\":\"ImageObject\",\"inLanguage\":\"de\",\"@id\":\"https:\\\/\\\/www.krafthand.de\\\/truck\\\/artikel\\\/neues-zentrallager-renault-trucks-liefert-ersatzteile-in-zusammenarbeit-mit-geodis-31896\\\/#primaryimage\",\"url\":\"https:\\\/\\\/static.krafthand-truck.de\\\/uploads\\\/2022\\\/03\\\/Volvo-Group-Zentrallager-Malsfeld-01.jpg\",\"contentUrl\":\"https:\\\/\\\/static.krafthand-truck.de\\\/uploads\\\/2022\\\/03\\\/Volvo-Group-Zentrallager-Malsfeld-01.jpg\",\"width\":1200,\"height\":693},{\"@type\":\"BreadcrumbList\",\"@id\":\"https:\\\/\\\/www.krafthand.de\\\/truck\\\/artikel\\\/neues-zentrallager-renault-trucks-liefert-ersatzteile-in-zusammenarbeit-mit-geodis-31896\\\/#breadcrumb\",\"itemListElement\":[{\"@type\":\"ListItem\",\"position\":1,\"name\":\"Krafthand-Truck\",\"item\":\"https:\\\/\\\/www.krafthand.de\\\/truck\\\/\"},{\"@type\":\"ListItem\",\"position\":2,\"name\":\"Nfz-Service\",\"item\":\"https:\\\/\\\/www.krafthand.de\\\/truck\\\/kategorie\\\/nfz-service\\\/\"},{\"@type\":\"ListItem\",\"position\":3,\"name\":\"Ersatzteile\\\/Zubeh\u00f6r\",\"item\":\"https:\\\/\\\/www.krafthand.de\\\/truck\\\/kategorie\\\/nfz-service\\\/ersatzteile-zubehoer\\\/\"},{\"@type\":\"ListItem\",\"position\":4,\"name\":\"Neues Zentrallager: Renault-Trucks liefert Ersatzteile in Zusammenarbeit mit GEODIS\"}]},{\"@type\":\"WebSite\",\"@id\":\"https:\\\/\\\/www.krafthand.de\\\/truck\\\/#website\",\"url\":\"https:\\\/\\\/www.krafthand.de\\\/truck\\\/\",\"name\":\"Krafthand-Truck\",\"description\":\"\",\"potentialAction\":[{\"@type\":\"SearchAction\",\"target\":{\"@type\":\"EntryPoint\",\"urlTemplate\":\"https:\\\/\\\/www.krafthand.de\\\/truck\\\/?s={search_term_string}\"},\"query-input\":{\"@type\":\"PropertyValueSpecification\",\"valueRequired\":true,\"valueName\":\"search_term_string\"}}],\"inLanguage\":\"de\"},{\"@type\":\"Person\",\"@id\":\"https:\\\/\\\/www.krafthand.de\\\/truck\\\/#\\\/schema\\\/person\\\/51fa80b1c57034c4bf63f9f988fc24ce\",\"name\":\"georg.blenk@krafthand-medien.de\",\"image\":{\"@type\":\"ImageObject\",\"inLanguage\":\"de\",\"@id\":\"https:\\\/\\\/secure.gravatar.com\\\/avatar\\\/93713c30affe0aa95d3a4130e499bb1abee2eb31adbdd9ce2aa1543538490215?s=96&d=mm&r=g\",\"url\":\"https:\\\/\\\/secure.gravatar.com\\\/avatar\\\/93713c30affe0aa95d3a4130e499bb1abee2eb31adbdd9ce2aa1543538490215?s=96&d=mm&r=g\",\"contentUrl\":\"https:\\\/\\\/secure.gravatar.com\\\/avatar\\\/93713c30affe0aa95d3a4130e499bb1abee2eb31adbdd9ce2aa1543538490215?s=96&d=mm&r=g\",\"caption\":\"georg.blenk@krafthand-medien.de\"}}]}<\/script>\n<!-- \/ Yoast SEO plugin. -->","yoast_head_json":{"title":"Renault-Trucks mit neuem Zentrallager in Malsfeld I Krafthand-Truck","description":"Die Volvo Group \/ Renault-Trucks hat ein neues Support Distribution Center in Zusammenarbeit mit GEODIS in Betrieb genommen.","robots":{"index":"index","follow":"follow","max-snippet":"max-snippet:-1","max-image-preview":"max-image-preview:large","max-video-preview":"max-video-preview:-1"},"canonical":"https:\/\/www.krafthand.de\/truck\/artikel\/neues-zentrallager-renault-trucks-liefert-ersatzteile-in-zusammenarbeit-mit-geodis-31896\/","og_locale":"de_DE","og_type":"article","og_title":"Renault-Trucks mit neuem Zentrallager in Malsfeld I Krafthand-Truck","og_description":"Die Volvo Group \/ Renault-Trucks hat ein neues Support Distribution Center in Zusammenarbeit mit GEODIS in Betrieb genommen.","og_url":"https:\/\/www.krafthand-truck.de\/artikel\/neues-zentrallager-renault-trucks-liefert-ersatzteile-in-zusammenarbeit-mit-geodis-31896\/","og_site_name":"Krafthand-Truck","article_published_time":"2022-03-30T10:57:59+00:00","article_modified_time":"2022-04-04T08:10:39+00:00","og_image":[{"width":1200,"height":693,"url":"https:\/\/static.krafthand-truck.de\/uploads\/2022\/03\/Volvo-Group-Zentrallager-Malsfeld-01.jpg","type":"image\/jpeg"}],"author":"georg.blenk@krafthand-medien.de","twitter_card":"summary_large_image","twitter_misc":{"Verfasst von":"georg.blenk@krafthand-medien.de","Gesch\u00e4tzte Lesezeit":"3\u00a0Minuten"},"schema":{"@context":"https:\/\/schema.org","@graph":[{"@type":"Article","@id":"https:\/\/www.krafthand.de\/truck\/artikel\/neues-zentrallager-renault-trucks-liefert-ersatzteile-in-zusammenarbeit-mit-geodis-31896\/#article","isPartOf":{"@id":"https:\/\/www.krafthand.de\/truck\/artikel\/neues-zentrallager-renault-trucks-liefert-ersatzteile-in-zusammenarbeit-mit-geodis-31896\/"},"author":{"name":"georg.blenk@krafthand-medien.de","@id":"https:\/\/www.krafthand.de\/truck\/#\/schema\/person\/51fa80b1c57034c4bf63f9f988fc24ce"},"headline":"Neues Zentrallager: Renault-Trucks liefert Ersatzteile in Zusammenarbeit mit GEODIS","datePublished":"2022-03-30T10:57:59+00:00","dateModified":"2022-04-04T08:10:39+00:00","mainEntityOfPage":{"@id":"https:\/\/www.krafthand.de\/truck\/artikel\/neues-zentrallager-renault-trucks-liefert-ersatzteile-in-zusammenarbeit-mit-geodis-31896\/"},"wordCount":375,"image":{"@id":"https:\/\/www.krafthand.de\/truck\/artikel\/neues-zentrallager-renault-trucks-liefert-ersatzteile-in-zusammenarbeit-mit-geodis-31896\/#primaryimage"},"thumbnailUrl":"https:\/\/static.krafthand-truck.de\/uploads\/2022\/03\/Volvo-Group-Zentrallager-Malsfeld-01.jpg","keywords":["Geodis","Renault-Truck","Teile","Volvo","Zentrallager"],"articleSection":["Ersatzteile\/Zubeh\u00f6r","Unternehmen"],"inLanguage":"de"},{"@type":"WebPage","@id":"https:\/\/www.krafthand.de\/truck\/artikel\/neues-zentrallager-renault-trucks-liefert-ersatzteile-in-zusammenarbeit-mit-geodis-31896\/","url":"https:\/\/www.krafthand.de\/truck\/artikel\/neues-zentrallager-renault-trucks-liefert-ersatzteile-in-zusammenarbeit-mit-geodis-31896\/","name":"Renault-Trucks mit neuem Zentrallager in Malsfeld I Krafthand-Truck","isPartOf":{"@id":"https:\/\/www.krafthand.de\/truck\/#website"},"primaryImageOfPage":{"@id":"https:\/\/www.krafthand.de\/truck\/artikel\/neues-zentrallager-renault-trucks-liefert-ersatzteile-in-zusammenarbeit-mit-geodis-31896\/#primaryimage"},"image":{"@id":"https:\/\/www.krafthand.de\/truck\/artikel\/neues-zentrallager-renault-trucks-liefert-ersatzteile-in-zusammenarbeit-mit-geodis-31896\/#primaryimage"},"thumbnailUrl":"https:\/\/static.krafthand-truck.de\/uploads\/2022\/03\/Volvo-Group-Zentrallager-Malsfeld-01.jpg","datePublished":"2022-03-30T10:57:59+00:00","dateModified":"2022-04-04T08:10:39+00:00","author":{"@id":"https:\/\/www.krafthand.de\/truck\/#\/schema\/person\/51fa80b1c57034c4bf63f9f988fc24ce"},"description":"Die Volvo Group \/ Renault-Trucks hat ein neues Support Distribution Center in Zusammenarbeit mit GEODIS in Betrieb genommen.","breadcrumb":{"@id":"https:\/\/www.krafthand.de\/truck\/artikel\/neues-zentrallager-renault-trucks-liefert-ersatzteile-in-zusammenarbeit-mit-geodis-31896\/#breadcrumb"},"inLanguage":"de","potentialAction":[{"@type":"ReadAction","target":["https:\/\/www.krafthand.de\/truck\/artikel\/neues-zentrallager-renault-trucks-liefert-ersatzteile-in-zusammenarbeit-mit-geodis-31896\/"]}]},{"@type":"ImageObject","inLanguage":"de","@id":"https:\/\/www.krafthand.de\/truck\/artikel\/neues-zentrallager-renault-trucks-liefert-ersatzteile-in-zusammenarbeit-mit-geodis-31896\/#primaryimage","url":"https:\/\/static.krafthand-truck.de\/uploads\/2022\/03\/Volvo-Group-Zentrallager-Malsfeld-01.jpg","contentUrl":"https:\/\/static.krafthand-truck.de\/uploads\/2022\/03\/Volvo-Group-Zentrallager-Malsfeld-01.jpg","width":1200,"height":693},{"@type":"BreadcrumbList","@id":"https:\/\/www.krafthand.de\/truck\/artikel\/neues-zentrallager-renault-trucks-liefert-ersatzteile-in-zusammenarbeit-mit-geodis-31896\/#breadcrumb","itemListElement":[{"@type":"ListItem","position":1,"name":"Krafthand-Truck","item":"https:\/\/www.krafthand.de\/truck\/"},{"@type":"ListItem","position":2,"name":"Nfz-Service","item":"https:\/\/www.krafthand.de\/truck\/kategorie\/nfz-service\/"},{"@type":"ListItem","position":3,"name":"Ersatzteile\/Zubeh\u00f6r","item":"https:\/\/www.krafthand.de\/truck\/kategorie\/nfz-service\/ersatzteile-zubehoer\/"},{"@type":"ListItem","position":4,"name":"Neues Zentrallager: Renault-Trucks liefert Ersatzteile in Zusammenarbeit mit GEODIS"}]},{"@type":"WebSite","@id":"https:\/\/www.krafthand.de\/truck\/#website","url":"https:\/\/www.krafthand.de\/truck\/","name":"Krafthand-Truck","description":"","potentialAction":[{"@type":"SearchAction","target":{"@type":"EntryPoint","urlTemplate":"https:\/\/www.krafthand.de\/truck\/?s={search_term_string}"},"query-input":{"@type":"PropertyValueSpecification","valueRequired":true,"valueName":"search_term_string"}}],"inLanguage":"de"},{"@type":"Person","@id":"https:\/\/www.krafthand.de\/truck\/#\/schema\/person\/51fa80b1c57034c4bf63f9f988fc24ce","name":"georg.blenk@krafthand-medien.de","image":{"@type":"ImageObject","inLanguage":"de","@id":"https:\/\/secure.gravatar.com\/avatar\/93713c30affe0aa95d3a4130e499bb1abee2eb31adbdd9ce2aa1543538490215?s=96&d=mm&r=g","url":"https:\/\/secure.gravatar.com\/avatar\/93713c30affe0aa95d3a4130e499bb1abee2eb31adbdd9ce2aa1543538490215?s=96&d=mm&r=g","contentUrl":"https:\/\/secure.gravatar.com\/avatar\/93713c30affe0aa95d3a4130e499bb1abee2eb31adbdd9ce2aa1543538490215?s=96&d=mm&r=g","caption":"georg.blenk@krafthand-medien.de"}}]}},"_links":{"self":[{"href":"https:\/\/www.krafthand.de\/truck\/wp-json\/wp\/v2\/posts\/31896","targetHints":{"allow":["GET"]}}],"collection":[{"href":"https:\/\/www.krafthand.de\/truck\/wp-json\/wp\/v2\/posts"}],"about":[{"href":"https:\/\/www.krafthand.de\/truck\/wp-json\/wp\/v2\/types\/post"}],"author":[{"embeddable":true,"href":"https:\/\/www.krafthand.de\/truck\/wp-json\/wp\/v2\/users\/9"}],"replies":[{"embeddable":true,"href":"https:\/\/www.krafthand.de\/truck\/wp-json\/wp\/v2\/comments?post=31896"}],"version-history":[{"count":8,"href":"https:\/\/www.krafthand.de\/truck\/wp-json\/wp\/v2\/posts\/31896\/revisions"}],"predecessor-version":[{"id":31906,"href":"https:\/\/www.krafthand.de\/truck\/wp-json\/wp\/v2\/posts\/31896\/revisions\/31906"}],"wp:featuredmedia":[{"embeddable":true,"href":"https:\/\/www.krafthand.de\/truck\/wp-json\/wp\/v2\/media\/31902"}],"wp:attachment":[{"href":"https:\/\/www.krafthand.de\/truck\/wp-json\/wp\/v2\/media?parent=31896"}],"wp:term":[{"taxonomy":"category","embeddable":true,"href":"https:\/\/www.krafthand.de\/truck\/wp-json\/wp\/v2\/categories?post=31896"},{"taxonomy":"post_tag","embeddable":true,"href":"https:\/\/www.krafthand.de\/truck\/wp-json\/wp\/v2\/tags?post=31896"},{"taxonomy":"settings","embeddable":true,"href":"https:\/\/www.krafthand.de\/truck\/wp-json\/wp\/v2\/settings?post=31896"}],"curies":[{"name":"wp","href":"https:\/\/api.w.org\/{rel}","templated":true}]}}