{"id":31857,"date":"2022-04-07T11:53:12","date_gmt":"2022-04-07T09:53:12","guid":{"rendered":"https:\/\/www.krafthand.de\/truck\/?p=31857"},"modified":"2022-04-07T11:58:14","modified_gmt":"2022-04-07T09:58:14","slug":"infotag-kompetenzzentrum-nfz-werkstatt","status":"publish","type":"post","link":"https:\/\/www.krafthand.de\/truck\/artikel\/infotag-kompetenzzentrum-nfz-werkstatt-31857\/","title":{"rendered":"Infotag \u2013 Kompetenzzentrum Nfz-Werkstatt"},"content":{"rendered":"<p>Wie vielf\u00e4ltig das Produkt- und Dienstleistungsspektrum im Nfz-Bereich ist, m\u00f6chte die Werbas GmbH sowie die ETL Kanzlei Voigt im Rahmen des Informationstages \u201aKompetenzzentrum Nfz-Werkstatt\u2018 am 27. April in der <a href=\"https:\/\/motorworld.de\/region-stuttgart\" target=\"_blank\" rel=\"noopener\">Motorworld in B\u00f6blingen<\/a> aufzeigen. Der Veranstalter hat 15 namhafte Unternehmen eingeladen, um einen \u00dcberblick \u00fcber die Aufgabenstellungen im Nutzfahrzeugbereich zu liefern.<\/p>\n<p>Unter dem Motto <strong>\u201aNetzwerk f\u00fcr Service\u2018<\/strong> pr\u00e4sentieren die Dienstleistungspartner eine breite Palette an L\u00f6sungsans\u00e4tzen f\u00fcr die unterschiedlichen Herausforderungen im Nfz-Aftermarket. Nach den Erfahrungen der Nfz-Spezialisten unterscheiden sich diese grundlegend vom Pkw-Bereich und k\u00f6nnen nur durch eigenst\u00e4ndige und Nfz-spezifische Dienstleistungsl\u00f6sungen abgebildet werden.<\/p>\n<p>Das Angebot umfasst Fachvortr\u00e4ge zur Schadenskalkulation und zu entsprechenden Gutachten, zum EDV-Werkstatt-Management, zur digitalen Buchhaltung sowie den Abrechnungsservice und das Zahlungsmanagement. Zus\u00e4tzlich sind in B\u00f6blingen Fachleute zum Thema digitales Autohaus und zu F\u00f6rderprogrammen vor Ort.<\/p>\n<p>In weiteren Vortr\u00e4gen geht es um das Fuhrparkmanagement, um Telematik-Systeme sowie um das Management von Originalteilen. Zus\u00e4tzlich werden exklusive F\u00fchrungen durch die Motorworld B\u00f6blingen angeboten. Die Teilnahme am Informationstag ist kostenlos. Anmeldungen sind \u00fcber <a href=\"https:\/\/werbas.com\/service-und-support\/netzwerk-fuer-service\/\" target=\"_blank\" rel=\"noopener\">www.werbas.de<\/a> m\u00f6glich.<\/p>\n<p><i>Den Beitrag finden Sie auch in der Print-Ausgabe 1\/2022 der <a href=\"https:\/\/www.krafthand.de\/truck\/magazin\/\" title=\"Zum Magazin\">Krafthand-Truck<\/a>.<\/i><\/p>","protected":false},"excerpt":{"rendered":"<p>Wie vielf\u00e4ltig das Produkt- und Dienstleistungsspektrum im Nfz-Bereich ist, m\u00f6chte die Dialogmanufaktur im Rahmen des Informationstages \u201aKompetenzzentrum Nfz-Werkstatt\u2018 am 27. April in der Motorworld in B\u00f6blingen aufzeigen. <span class=\"excerpt-more__dots\">&#8230;<\/span> <a class=\"excerpt-more__link\" href=\"https:\/\/www.krafthand.de\/truck\/artikel\/infotag-kompetenzzentrum-nfz-werkstatt-31857\/\" >weiter<\/a><\/p>\n","protected":false},"author":9,"featured_media":31858,"comment_status":"closed","ping_status":"closed","sticky":false,"template":"","format":"standard","meta":{"footnotes":""},"categories":[4235],"tags":[3475,5164,3472,1209],"settings":[],"class_list":["post-31857","post","type-post","status-publish","format-standard","has-post-thumbnail","hentry","category-unternehmen","tag-edv","tag-motorworld","tag-werbas","tag-werkstatt-management-software"],"yoast_head":"<!-- This site is optimized with the Yoast SEO plugin v27.3 - https:\/\/yoast.com\/product\/yoast-seo-wordpress\/ -->\n<title>Infotag \u2013 Kompetenzzentrum Nfz-Werkstatt - Krafthand-Truck<\/title>\n<meta name=\"description\" content=\"Wie vielf\u00e4ltig das Produkt- und Dienstleistungsspektrum im Nfz-Bereich ist, m\u00f6chte der Informationstag \u201aKompetenzzentrum Nfz-Werkstatt\u2018 in der Motorworld-B\u00f6blingen aufzeigen.\" \/>\n<meta name=\"robots\" content=\"index, follow, max-snippet:-1, max-image-preview:large, max-video-preview:-1\" \/>\n<link rel=\"canonical\" href=\"https:\/\/www.krafthand.de\/truck\/artikel\/infotag-kompetenzzentrum-nfz-werkstatt-31857\/\" \/>\n<meta property=\"og:locale\" content=\"de_DE\" \/>\n<meta property=\"og:type\" content=\"article\" \/>\n<meta property=\"og:title\" content=\"Infotag \u2013 Kompetenzzentrum Nfz-Werkstatt - Krafthand-Truck\" \/>\n<meta property=\"og:description\" content=\"Wie vielf\u00e4ltig das Produkt- und Dienstleistungsspektrum im Nfz-Bereich ist, m\u00f6chte der Informationstag \u201aKompetenzzentrum Nfz-Werkstatt\u2018 in der Motorworld-B\u00f6blingen aufzeigen.\" \/>\n<meta property=\"og:url\" content=\"https:\/\/www.krafthand-truck.de\/artikel\/infotag-kompetenzzentrum-nfz-werkstatt-31857\/\" \/>\n<meta property=\"og:site_name\" content=\"Krafthand-Truck\" \/>\n<meta property=\"article:published_time\" content=\"2022-04-07T09:53:12+00:00\" \/>\n<meta property=\"article:modified_time\" content=\"2022-04-07T09:58:14+00:00\" \/>\n<meta property=\"og:image\" content=\"https:\/\/static.krafthand-truck.de\/uploads\/2022\/03\/01_2022_036_Bild01.jpg\" \/>\n\t<meta property=\"og:image:width\" content=\"1400\" \/>\n\t<meta property=\"og:image:height\" content=\"828\" \/>\n\t<meta property=\"og:image:type\" content=\"image\/jpeg\" \/>\n<meta name=\"author\" content=\"georg.blenk@krafthand-medien.de\" \/>\n<meta name=\"twitter:card\" content=\"summary_large_image\" \/>\n<meta name=\"twitter:label1\" content=\"Verfasst von\" \/>\n\t<meta name=\"twitter:data1\" content=\"georg.blenk@krafthand-medien.de\" \/>\n\t<meta name=\"twitter:label2\" content=\"Gesch\u00e4tzte Lesezeit\" \/>\n\t<meta name=\"twitter:data2\" content=\"1\u00a0Minute\" \/>\n<script type=\"application\/ld+json\" class=\"yoast-schema-graph\">{\"@context\":\"https:\\\/\\\/schema.org\",\"@graph\":[{\"@type\":\"Article\",\"@id\":\"https:\\\/\\\/www.krafthand.de\\\/truck\\\/artikel\\\/infotag-kompetenzzentrum-nfz-werkstatt-31857\\\/#article\",\"isPartOf\":{\"@id\":\"https:\\\/\\\/www.krafthand.de\\\/truck\\\/artikel\\\/infotag-kompetenzzentrum-nfz-werkstatt-31857\\\/\"},\"author\":{\"name\":\"georg.blenk@krafthand-medien.de\",\"@id\":\"https:\\\/\\\/www.krafthand.de\\\/truck\\\/#\\\/schema\\\/person\\\/51fa80b1c57034c4bf63f9f988fc24ce\"},\"headline\":\"Infotag \u2013 Kompetenzzentrum Nfz-Werkstatt\",\"datePublished\":\"2022-04-07T09:53:12+00:00\",\"dateModified\":\"2022-04-07T09:58:14+00:00\",\"mainEntityOfPage\":{\"@id\":\"https:\\\/\\\/www.krafthand.de\\\/truck\\\/artikel\\\/infotag-kompetenzzentrum-nfz-werkstatt-31857\\\/\"},\"wordCount\":185,\"image\":{\"@id\":\"https:\\\/\\\/www.krafthand.de\\\/truck\\\/artikel\\\/infotag-kompetenzzentrum-nfz-werkstatt-31857\\\/#primaryimage\"},\"thumbnailUrl\":\"https:\\\/\\\/static.krafthand-truck.de\\\/uploads\\\/2022\\\/03\\\/01_2022_036_Bild01.jpg\",\"keywords\":[\"EDV\",\"Motorworld\",\"Werbas\",\"Werkstatt-Management-Software\"],\"articleSection\":[\"Unternehmen\"],\"inLanguage\":\"de\"},{\"@type\":\"WebPage\",\"@id\":\"https:\\\/\\\/www.krafthand.de\\\/truck\\\/artikel\\\/infotag-kompetenzzentrum-nfz-werkstatt-31857\\\/\",\"url\":\"https:\\\/\\\/www.krafthand.de\\\/truck\\\/artikel\\\/infotag-kompetenzzentrum-nfz-werkstatt-31857\\\/\",\"name\":\"Infotag \u2013 Kompetenzzentrum Nfz-Werkstatt - Krafthand-Truck\",\"isPartOf\":{\"@id\":\"https:\\\/\\\/www.krafthand.de\\\/truck\\\/#website\"},\"primaryImageOfPage\":{\"@id\":\"https:\\\/\\\/www.krafthand.de\\\/truck\\\/artikel\\\/infotag-kompetenzzentrum-nfz-werkstatt-31857\\\/#primaryimage\"},\"image\":{\"@id\":\"https:\\\/\\\/www.krafthand.de\\\/truck\\\/artikel\\\/infotag-kompetenzzentrum-nfz-werkstatt-31857\\\/#primaryimage\"},\"thumbnailUrl\":\"https:\\\/\\\/static.krafthand-truck.de\\\/uploads\\\/2022\\\/03\\\/01_2022_036_Bild01.jpg\",\"datePublished\":\"2022-04-07T09:53:12+00:00\",\"dateModified\":\"2022-04-07T09:58:14+00:00\",\"author\":{\"@id\":\"https:\\\/\\\/www.krafthand.de\\\/truck\\\/#\\\/schema\\\/person\\\/51fa80b1c57034c4bf63f9f988fc24ce\"},\"description\":\"Wie vielf\u00e4ltig das Produkt- und Dienstleistungsspektrum im Nfz-Bereich ist, m\u00f6chte der Informationstag \u201aKompetenzzentrum Nfz-Werkstatt\u2018 in der Motorworld-B\u00f6blingen aufzeigen.\",\"breadcrumb\":{\"@id\":\"https:\\\/\\\/www.krafthand.de\\\/truck\\\/artikel\\\/infotag-kompetenzzentrum-nfz-werkstatt-31857\\\/#breadcrumb\"},\"inLanguage\":\"de\",\"potentialAction\":[{\"@type\":\"ReadAction\",\"target\":[\"https:\\\/\\\/www.krafthand.de\\\/truck\\\/artikel\\\/infotag-kompetenzzentrum-nfz-werkstatt-31857\\\/\"]}]},{\"@type\":\"ImageObject\",\"inLanguage\":\"de\",\"@id\":\"https:\\\/\\\/www.krafthand.de\\\/truck\\\/artikel\\\/infotag-kompetenzzentrum-nfz-werkstatt-31857\\\/#primaryimage\",\"url\":\"https:\\\/\\\/static.krafthand-truck.de\\\/uploads\\\/2022\\\/03\\\/01_2022_036_Bild01.jpg\",\"contentUrl\":\"https:\\\/\\\/static.krafthand-truck.de\\\/uploads\\\/2022\\\/03\\\/01_2022_036_Bild01.jpg\",\"width\":1400,\"height\":828,\"caption\":\"Bild: Werbas\"},{\"@type\":\"BreadcrumbList\",\"@id\":\"https:\\\/\\\/www.krafthand.de\\\/truck\\\/artikel\\\/infotag-kompetenzzentrum-nfz-werkstatt-31857\\\/#breadcrumb\",\"itemListElement\":[{\"@type\":\"ListItem\",\"position\":1,\"name\":\"Krafthand-Truck\",\"item\":\"https:\\\/\\\/www.krafthand.de\\\/truck\\\/\"},{\"@type\":\"ListItem\",\"position\":2,\"name\":\"Nfz-Branche\",\"item\":\"https:\\\/\\\/www.krafthand.de\\\/truck\\\/kategorie\\\/branche\\\/\"},{\"@type\":\"ListItem\",\"position\":3,\"name\":\"Unternehmen\",\"item\":\"https:\\\/\\\/www.krafthand.de\\\/truck\\\/kategorie\\\/branche\\\/unternehmen\\\/\"},{\"@type\":\"ListItem\",\"position\":4,\"name\":\"Infotag \u2013 Kompetenzzentrum Nfz-Werkstatt\"}]},{\"@type\":\"WebSite\",\"@id\":\"https:\\\/\\\/www.krafthand.de\\\/truck\\\/#website\",\"url\":\"https:\\\/\\\/www.krafthand.de\\\/truck\\\/\",\"name\":\"Krafthand-Truck\",\"description\":\"\",\"potentialAction\":[{\"@type\":\"SearchAction\",\"target\":{\"@type\":\"EntryPoint\",\"urlTemplate\":\"https:\\\/\\\/www.krafthand.de\\\/truck\\\/?s={search_term_string}\"},\"query-input\":{\"@type\":\"PropertyValueSpecification\",\"valueRequired\":true,\"valueName\":\"search_term_string\"}}],\"inLanguage\":\"de\"},{\"@type\":\"Person\",\"@id\":\"https:\\\/\\\/www.krafthand.de\\\/truck\\\/#\\\/schema\\\/person\\\/51fa80b1c57034c4bf63f9f988fc24ce\",\"name\":\"georg.blenk@krafthand-medien.de\",\"image\":{\"@type\":\"ImageObject\",\"inLanguage\":\"de\",\"@id\":\"https:\\\/\\\/secure.gravatar.com\\\/avatar\\\/93713c30affe0aa95d3a4130e499bb1abee2eb31adbdd9ce2aa1543538490215?s=96&d=mm&r=g\",\"url\":\"https:\\\/\\\/secure.gravatar.com\\\/avatar\\\/93713c30affe0aa95d3a4130e499bb1abee2eb31adbdd9ce2aa1543538490215?s=96&d=mm&r=g\",\"contentUrl\":\"https:\\\/\\\/secure.gravatar.com\\\/avatar\\\/93713c30affe0aa95d3a4130e499bb1abee2eb31adbdd9ce2aa1543538490215?s=96&d=mm&r=g\",\"caption\":\"georg.blenk@krafthand-medien.de\"}}]}<\/script>\n<!-- \/ Yoast SEO plugin. -->","yoast_head_json":{"title":"Infotag \u2013 Kompetenzzentrum Nfz-Werkstatt - Krafthand-Truck","description":"Wie vielf\u00e4ltig das Produkt- und Dienstleistungsspektrum im Nfz-Bereich ist, m\u00f6chte der Informationstag \u201aKompetenzzentrum Nfz-Werkstatt\u2018 in der Motorworld-B\u00f6blingen aufzeigen.","robots":{"index":"index","follow":"follow","max-snippet":"max-snippet:-1","max-image-preview":"max-image-preview:large","max-video-preview":"max-video-preview:-1"},"canonical":"https:\/\/www.krafthand.de\/truck\/artikel\/infotag-kompetenzzentrum-nfz-werkstatt-31857\/","og_locale":"de_DE","og_type":"article","og_title":"Infotag \u2013 Kompetenzzentrum Nfz-Werkstatt - Krafthand-Truck","og_description":"Wie vielf\u00e4ltig das Produkt- und Dienstleistungsspektrum im Nfz-Bereich ist, m\u00f6chte der Informationstag \u201aKompetenzzentrum Nfz-Werkstatt\u2018 in der Motorworld-B\u00f6blingen aufzeigen.","og_url":"https:\/\/www.krafthand-truck.de\/artikel\/infotag-kompetenzzentrum-nfz-werkstatt-31857\/","og_site_name":"Krafthand-Truck","article_published_time":"2022-04-07T09:53:12+00:00","article_modified_time":"2022-04-07T09:58:14+00:00","og_image":[{"width":1400,"height":828,"url":"https:\/\/static.krafthand-truck.de\/uploads\/2022\/03\/01_2022_036_Bild01.jpg","type":"image\/jpeg"}],"author":"georg.blenk@krafthand-medien.de","twitter_card":"summary_large_image","twitter_misc":{"Verfasst von":"georg.blenk@krafthand-medien.de","Gesch\u00e4tzte Lesezeit":"1\u00a0Minute"},"schema":{"@context":"https:\/\/schema.org","@graph":[{"@type":"Article","@id":"https:\/\/www.krafthand.de\/truck\/artikel\/infotag-kompetenzzentrum-nfz-werkstatt-31857\/#article","isPartOf":{"@id":"https:\/\/www.krafthand.de\/truck\/artikel\/infotag-kompetenzzentrum-nfz-werkstatt-31857\/"},"author":{"name":"georg.blenk@krafthand-medien.de","@id":"https:\/\/www.krafthand.de\/truck\/#\/schema\/person\/51fa80b1c57034c4bf63f9f988fc24ce"},"headline":"Infotag \u2013 Kompetenzzentrum Nfz-Werkstatt","datePublished":"2022-04-07T09:53:12+00:00","dateModified":"2022-04-07T09:58:14+00:00","mainEntityOfPage":{"@id":"https:\/\/www.krafthand.de\/truck\/artikel\/infotag-kompetenzzentrum-nfz-werkstatt-31857\/"},"wordCount":185,"image":{"@id":"https:\/\/www.krafthand.de\/truck\/artikel\/infotag-kompetenzzentrum-nfz-werkstatt-31857\/#primaryimage"},"thumbnailUrl":"https:\/\/static.krafthand-truck.de\/uploads\/2022\/03\/01_2022_036_Bild01.jpg","keywords":["EDV","Motorworld","Werbas","Werkstatt-Management-Software"],"articleSection":["Unternehmen"],"inLanguage":"de"},{"@type":"WebPage","@id":"https:\/\/www.krafthand.de\/truck\/artikel\/infotag-kompetenzzentrum-nfz-werkstatt-31857\/","url":"https:\/\/www.krafthand.de\/truck\/artikel\/infotag-kompetenzzentrum-nfz-werkstatt-31857\/","name":"Infotag \u2013 Kompetenzzentrum Nfz-Werkstatt - Krafthand-Truck","isPartOf":{"@id":"https:\/\/www.krafthand.de\/truck\/#website"},"primaryImageOfPage":{"@id":"https:\/\/www.krafthand.de\/truck\/artikel\/infotag-kompetenzzentrum-nfz-werkstatt-31857\/#primaryimage"},"image":{"@id":"https:\/\/www.krafthand.de\/truck\/artikel\/infotag-kompetenzzentrum-nfz-werkstatt-31857\/#primaryimage"},"thumbnailUrl":"https:\/\/static.krafthand-truck.de\/uploads\/2022\/03\/01_2022_036_Bild01.jpg","datePublished":"2022-04-07T09:53:12+00:00","dateModified":"2022-04-07T09:58:14+00:00","author":{"@id":"https:\/\/www.krafthand.de\/truck\/#\/schema\/person\/51fa80b1c57034c4bf63f9f988fc24ce"},"description":"Wie vielf\u00e4ltig das Produkt- und Dienstleistungsspektrum im Nfz-Bereich ist, m\u00f6chte der Informationstag \u201aKompetenzzentrum Nfz-Werkstatt\u2018 in der Motorworld-B\u00f6blingen aufzeigen.","breadcrumb":{"@id":"https:\/\/www.krafthand.de\/truck\/artikel\/infotag-kompetenzzentrum-nfz-werkstatt-31857\/#breadcrumb"},"inLanguage":"de","potentialAction":[{"@type":"ReadAction","target":["https:\/\/www.krafthand.de\/truck\/artikel\/infotag-kompetenzzentrum-nfz-werkstatt-31857\/"]}]},{"@type":"ImageObject","inLanguage":"de","@id":"https:\/\/www.krafthand.de\/truck\/artikel\/infotag-kompetenzzentrum-nfz-werkstatt-31857\/#primaryimage","url":"https:\/\/static.krafthand-truck.de\/uploads\/2022\/03\/01_2022_036_Bild01.jpg","contentUrl":"https:\/\/static.krafthand-truck.de\/uploads\/2022\/03\/01_2022_036_Bild01.jpg","width":1400,"height":828,"caption":"Bild: Werbas"},{"@type":"BreadcrumbList","@id":"https:\/\/www.krafthand.de\/truck\/artikel\/infotag-kompetenzzentrum-nfz-werkstatt-31857\/#breadcrumb","itemListElement":[{"@type":"ListItem","position":1,"name":"Krafthand-Truck","item":"https:\/\/www.krafthand.de\/truck\/"},{"@type":"ListItem","position":2,"name":"Nfz-Branche","item":"https:\/\/www.krafthand.de\/truck\/kategorie\/branche\/"},{"@type":"ListItem","position":3,"name":"Unternehmen","item":"https:\/\/www.krafthand.de\/truck\/kategorie\/branche\/unternehmen\/"},{"@type":"ListItem","position":4,"name":"Infotag \u2013 Kompetenzzentrum Nfz-Werkstatt"}]},{"@type":"WebSite","@id":"https:\/\/www.krafthand.de\/truck\/#website","url":"https:\/\/www.krafthand.de\/truck\/","name":"Krafthand-Truck","description":"","potentialAction":[{"@type":"SearchAction","target":{"@type":"EntryPoint","urlTemplate":"https:\/\/www.krafthand.de\/truck\/?s={search_term_string}"},"query-input":{"@type":"PropertyValueSpecification","valueRequired":true,"valueName":"search_term_string"}}],"inLanguage":"de"},{"@type":"Person","@id":"https:\/\/www.krafthand.de\/truck\/#\/schema\/person\/51fa80b1c57034c4bf63f9f988fc24ce","name":"georg.blenk@krafthand-medien.de","image":{"@type":"ImageObject","inLanguage":"de","@id":"https:\/\/secure.gravatar.com\/avatar\/93713c30affe0aa95d3a4130e499bb1abee2eb31adbdd9ce2aa1543538490215?s=96&d=mm&r=g","url":"https:\/\/secure.gravatar.com\/avatar\/93713c30affe0aa95d3a4130e499bb1abee2eb31adbdd9ce2aa1543538490215?s=96&d=mm&r=g","contentUrl":"https:\/\/secure.gravatar.com\/avatar\/93713c30affe0aa95d3a4130e499bb1abee2eb31adbdd9ce2aa1543538490215?s=96&d=mm&r=g","caption":"georg.blenk@krafthand-medien.de"}}]}},"_links":{"self":[{"href":"https:\/\/www.krafthand.de\/truck\/wp-json\/wp\/v2\/posts\/31857","targetHints":{"allow":["GET"]}}],"collection":[{"href":"https:\/\/www.krafthand.de\/truck\/wp-json\/wp\/v2\/posts"}],"about":[{"href":"https:\/\/www.krafthand.de\/truck\/wp-json\/wp\/v2\/types\/post"}],"author":[{"embeddable":true,"href":"https:\/\/www.krafthand.de\/truck\/wp-json\/wp\/v2\/users\/9"}],"replies":[{"embeddable":true,"href":"https:\/\/www.krafthand.de\/truck\/wp-json\/wp\/v2\/comments?post=31857"}],"version-history":[{"count":6,"href":"https:\/\/www.krafthand.de\/truck\/wp-json\/wp\/v2\/posts\/31857\/revisions"}],"predecessor-version":[{"id":32037,"href":"https:\/\/www.krafthand.de\/truck\/wp-json\/wp\/v2\/posts\/31857\/revisions\/32037"}],"wp:featuredmedia":[{"embeddable":true,"href":"https:\/\/www.krafthand.de\/truck\/wp-json\/wp\/v2\/media\/31858"}],"wp:attachment":[{"href":"https:\/\/www.krafthand.de\/truck\/wp-json\/wp\/v2\/media?parent=31857"}],"wp:term":[{"taxonomy":"category","embeddable":true,"href":"https:\/\/www.krafthand.de\/truck\/wp-json\/wp\/v2\/categories?post=31857"},{"taxonomy":"post_tag","embeddable":true,"href":"https:\/\/www.krafthand.de\/truck\/wp-json\/wp\/v2\/tags?post=31857"},{"taxonomy":"settings","embeddable":true,"href":"https:\/\/www.krafthand.de\/truck\/wp-json\/wp\/v2\/settings?post=31857"}],"curies":[{"name":"wp","href":"https:\/\/api.w.org\/{rel}","templated":true}]}}