{"id":31845,"date":"2022-03-29T16:08:08","date_gmt":"2022-03-29T14:08:08","guid":{"rendered":"https:\/\/www.krafthand.de\/truck\/?p=31845"},"modified":"2022-03-29T16:08:08","modified_gmt":"2022-03-29T14:08:08","slug":"neuer-arbeitsscheinwerfer","status":"publish","type":"post","link":"https:\/\/www.krafthand.de\/truck\/artikel\/neuer-arbeitsscheinwerfer-31845\/","title":{"rendered":"Neuer Arbeitsscheinwerfer"},"content":{"rendered":"<p><a href=\"https:\/\/www.febi.com\/\" target=\"_blank\" rel=\"noopener\">Febi Bilstein<\/a> hat einen neuen, universell einsetzbaren Arbeitsscheinwerfer mit der Bezeichnung \u201a173159\u2018 im Programm, der auch als R\u00fcckfahrscheinwerfer eingesetzt werden kann. Der robuste LED-Scheinwerfer hat ein Aluminium-Geh\u00e4use mit Pulverbeschichtung und erf\u00fcllt die IP-Klasse IP 6K9K. Somit ist er sowohl staubdicht als auch resistent gegen die Reinigung mit hei\u00dfem Wasser unter hohem Druck.<\/p>\n<p>Der Spannungsbereich des Arbeitsscheinwerfer reicht von 9 bis 32 Volt, die Lichtmenge gibt Febi mit 2.500 Lumen an. Ein eingebautes Ventil vermeidet die Kondenswasserbildung, das Frontglas aus Polycarbonat kann auch h\u00e4rtere Schl\u00e4ge ab. Der Scheinwerfer erf\u00fcllt die ECE-Normen R10, R148 und tr\u00e4gt die Pr\u00fcfzeichen EMC und ADR.<\/p>\n<p>&nbsp;<\/p>\n<figure id=\"attachment_31847\" aria-describedby=\"caption-attachment-31847\" style=\"width: 300px\" class=\"wp-caption alignright\"><a href=\"https:\/\/static.krafthand-truck.de\/uploads\/2022\/03\/01_2022_034_2.jpg\" target=\"_blank\" rel=\"noopener\"><img fetchpriority=\"high\" decoding=\"async\" class=\"wp-image-31847 size-medium\" src=\"https:\/\/static.krafthand-truck.de\/uploads\/2022\/03\/01_2022_034_2-300x242.jpg\" alt=\"\" width=\"300\" height=\"242\" srcset=\"https:\/\/static.krafthand-truck.de\/uploads\/2022\/03\/01_2022_034_2-300x242.jpg 300w, https:\/\/static.krafthand-truck.de\/uploads\/2022\/03\/01_2022_034_2-1024x827.jpg 1024w, https:\/\/static.krafthand-truck.de\/uploads\/2022\/03\/01_2022_034_2-768x620.jpg 768w, https:\/\/static.krafthand-truck.de\/uploads\/2022\/03\/01_2022_034_2-1320x1066.jpg 1320w, https:\/\/static.krafthand-truck.de\/uploads\/2022\/03\/01_2022_034_2.jpg 1400w\" sizes=\"(max-width: 300px) 100vw, 300px\" \/><\/a><figcaption id=\"caption-attachment-31847\" class=\"wp-caption-text\">Die Anschluss- und Verl\u00e4ngerungskabel weisen einen hohen Anschlussschutz auf. Bild: Febi Bilstein<\/figcaption><\/figure>\n<p>Optional liefert Febi zum f\u00fcnf Zentimeter langen Anschlusskabel mit deutschem Stecker, ein zwei oder f\u00fcnf Meter langes. Die Kabel weisen einen hohen Anschlussschutz auf, sie sind samt Stecker umgossen.<\/p>\n<p><i>Den Beitrag finden Sie auch in der Print-Ausgabe 1\/2022 der <a href=\"https:\/\/www.krafthand.de\/truck\/magazin\/\" title=\"Zum Magazin\">Krafthand-Truck<\/a>.<\/i><\/p>","protected":false},"excerpt":{"rendered":"<p>Febi Bilstein hat einen neuen, universell einsetzbaren Arbeitsscheinwerfer mit der Bezeichnung \u201a173159\u2018 im Programm, der auch als R\u00fcckfahrscheinwerfer eingesetzt werden kann. <span class=\"excerpt-more__dots\">&#8230;<\/span> <a class=\"excerpt-more__link\" href=\"https:\/\/www.krafthand.de\/truck\/artikel\/neuer-arbeitsscheinwerfer-31845\/\" >weiter<\/a><\/p>\n","protected":false},"author":9,"featured_media":31846,"comment_status":"closed","ping_status":"closed","sticky":false,"template":"","format":"standard","meta":{"footnotes":""},"categories":[4912],"tags":[3934,1837,2673,3796],"settings":[],"class_list":["post-31845","post","type-post","status-publish","format-standard","has-post-thumbnail","hentry","category-ersatzteile-zubehoer","tag-arbeitsscheinwerfer","tag-febi-bilstein","tag-led-arbeitsscheinwerfer","tag-scheinwerfer"],"yoast_head":"<!-- This site is optimized with the Yoast SEO plugin v27.3 - https:\/\/yoast.com\/product\/yoast-seo-wordpress\/ -->\n<title>Neuer Arbeitsscheinwerfer f\u00fcr Lkw I Febi Bilstein I Krafthand-Truck<\/title>\n<meta name=\"description\" content=\"Febi Bilstein hat einen neuen Lkw-Arbeitsscheinwerfer im Programm, der auch als R\u00fcckfahrscheinwerfer eingesetzt werden kann.\" \/>\n<meta name=\"robots\" content=\"index, follow, max-snippet:-1, max-image-preview:large, max-video-preview:-1\" \/>\n<link rel=\"canonical\" href=\"https:\/\/www.krafthand.de\/truck\/artikel\/neuer-arbeitsscheinwerfer-31845\/\" \/>\n<meta property=\"og:locale\" content=\"de_DE\" \/>\n<meta property=\"og:type\" content=\"article\" \/>\n<meta property=\"og:title\" content=\"Neuer Arbeitsscheinwerfer f\u00fcr Lkw I Febi Bilstein I Krafthand-Truck\" \/>\n<meta property=\"og:description\" content=\"Febi Bilstein hat einen neuen Lkw-Arbeitsscheinwerfer im Programm, der auch als R\u00fcckfahrscheinwerfer eingesetzt werden kann.\" \/>\n<meta property=\"og:url\" content=\"https:\/\/www.krafthand-truck.de\/artikel\/neuer-arbeitsscheinwerfer-31845\/\" \/>\n<meta property=\"og:site_name\" content=\"Krafthand-Truck\" \/>\n<meta property=\"article:published_time\" content=\"2022-03-29T14:08:08+00:00\" \/>\n<meta property=\"og:image\" content=\"https:\/\/static.krafthand-truck.de\/uploads\/2022\/03\/01_2022_034_1.jpg\" \/>\n\t<meta property=\"og:image:width\" content=\"1200\" \/>\n\t<meta property=\"og:image:height\" content=\"1200\" \/>\n\t<meta property=\"og:image:type\" content=\"image\/jpeg\" \/>\n<meta name=\"author\" content=\"georg.blenk@krafthand-medien.de\" \/>\n<meta name=\"twitter:card\" content=\"summary_large_image\" \/>\n<meta name=\"twitter:label1\" content=\"Verfasst von\" \/>\n\t<meta name=\"twitter:data1\" content=\"georg.blenk@krafthand-medien.de\" \/>\n\t<meta name=\"twitter:label2\" content=\"Gesch\u00e4tzte Lesezeit\" \/>\n\t<meta name=\"twitter:data2\" content=\"1\u00a0Minute\" \/>\n<script type=\"application\/ld+json\" class=\"yoast-schema-graph\">{\"@context\":\"https:\\\/\\\/schema.org\",\"@graph\":[{\"@type\":\"Article\",\"@id\":\"https:\\\/\\\/www.krafthand.de\\\/truck\\\/artikel\\\/neuer-arbeitsscheinwerfer-31845\\\/#article\",\"isPartOf\":{\"@id\":\"https:\\\/\\\/www.krafthand.de\\\/truck\\\/artikel\\\/neuer-arbeitsscheinwerfer-31845\\\/\"},\"author\":{\"name\":\"georg.blenk@krafthand-medien.de\",\"@id\":\"https:\\\/\\\/www.krafthand.de\\\/truck\\\/#\\\/schema\\\/person\\\/51fa80b1c57034c4bf63f9f988fc24ce\"},\"headline\":\"Neuer Arbeitsscheinwerfer\",\"datePublished\":\"2022-03-29T14:08:08+00:00\",\"mainEntityOfPage\":{\"@id\":\"https:\\\/\\\/www.krafthand.de\\\/truck\\\/artikel\\\/neuer-arbeitsscheinwerfer-31845\\\/\"},\"wordCount\":159,\"image\":{\"@id\":\"https:\\\/\\\/www.krafthand.de\\\/truck\\\/artikel\\\/neuer-arbeitsscheinwerfer-31845\\\/#primaryimage\"},\"thumbnailUrl\":\"https:\\\/\\\/static.krafthand-truck.de\\\/uploads\\\/2022\\\/03\\\/01_2022_034_1.jpg\",\"keywords\":[\"Arbeitsscheinwerfer\",\"Febi Bilstein\",\"LED-Arbeitsscheinwerfer\",\"Scheinwerfer\"],\"articleSection\":[\"Ersatzteile\\\/Zubeh\u00f6r\"],\"inLanguage\":\"de\"},{\"@type\":\"WebPage\",\"@id\":\"https:\\\/\\\/www.krafthand.de\\\/truck\\\/artikel\\\/neuer-arbeitsscheinwerfer-31845\\\/\",\"url\":\"https:\\\/\\\/www.krafthand.de\\\/truck\\\/artikel\\\/neuer-arbeitsscheinwerfer-31845\\\/\",\"name\":\"Neuer Arbeitsscheinwerfer f\u00fcr Lkw I Febi Bilstein I Krafthand-Truck\",\"isPartOf\":{\"@id\":\"https:\\\/\\\/www.krafthand.de\\\/truck\\\/#website\"},\"primaryImageOfPage\":{\"@id\":\"https:\\\/\\\/www.krafthand.de\\\/truck\\\/artikel\\\/neuer-arbeitsscheinwerfer-31845\\\/#primaryimage\"},\"image\":{\"@id\":\"https:\\\/\\\/www.krafthand.de\\\/truck\\\/artikel\\\/neuer-arbeitsscheinwerfer-31845\\\/#primaryimage\"},\"thumbnailUrl\":\"https:\\\/\\\/static.krafthand-truck.de\\\/uploads\\\/2022\\\/03\\\/01_2022_034_1.jpg\",\"datePublished\":\"2022-03-29T14:08:08+00:00\",\"author\":{\"@id\":\"https:\\\/\\\/www.krafthand.de\\\/truck\\\/#\\\/schema\\\/person\\\/51fa80b1c57034c4bf63f9f988fc24ce\"},\"description\":\"Febi Bilstein hat einen neuen Lkw-Arbeitsscheinwerfer im Programm, der auch als R\u00fcckfahrscheinwerfer eingesetzt werden kann.\",\"breadcrumb\":{\"@id\":\"https:\\\/\\\/www.krafthand.de\\\/truck\\\/artikel\\\/neuer-arbeitsscheinwerfer-31845\\\/#breadcrumb\"},\"inLanguage\":\"de\",\"potentialAction\":[{\"@type\":\"ReadAction\",\"target\":[\"https:\\\/\\\/www.krafthand.de\\\/truck\\\/artikel\\\/neuer-arbeitsscheinwerfer-31845\\\/\"]}]},{\"@type\":\"ImageObject\",\"inLanguage\":\"de\",\"@id\":\"https:\\\/\\\/www.krafthand.de\\\/truck\\\/artikel\\\/neuer-arbeitsscheinwerfer-31845\\\/#primaryimage\",\"url\":\"https:\\\/\\\/static.krafthand-truck.de\\\/uploads\\\/2022\\\/03\\\/01_2022_034_1.jpg\",\"contentUrl\":\"https:\\\/\\\/static.krafthand-truck.de\\\/uploads\\\/2022\\\/03\\\/01_2022_034_1.jpg\",\"width\":1200,\"height\":1200,\"caption\":\"Bild: Febi Bilstein\"},{\"@type\":\"BreadcrumbList\",\"@id\":\"https:\\\/\\\/www.krafthand.de\\\/truck\\\/artikel\\\/neuer-arbeitsscheinwerfer-31845\\\/#breadcrumb\",\"itemListElement\":[{\"@type\":\"ListItem\",\"position\":1,\"name\":\"Krafthand-Truck\",\"item\":\"https:\\\/\\\/www.krafthand.de\\\/truck\\\/\"},{\"@type\":\"ListItem\",\"position\":2,\"name\":\"Nfz-Service\",\"item\":\"https:\\\/\\\/www.krafthand.de\\\/truck\\\/kategorie\\\/nfz-service\\\/\"},{\"@type\":\"ListItem\",\"position\":3,\"name\":\"Ersatzteile\\\/Zubeh\u00f6r\",\"item\":\"https:\\\/\\\/www.krafthand.de\\\/truck\\\/kategorie\\\/nfz-service\\\/ersatzteile-zubehoer\\\/\"},{\"@type\":\"ListItem\",\"position\":4,\"name\":\"Neuer Arbeitsscheinwerfer\"}]},{\"@type\":\"WebSite\",\"@id\":\"https:\\\/\\\/www.krafthand.de\\\/truck\\\/#website\",\"url\":\"https:\\\/\\\/www.krafthand.de\\\/truck\\\/\",\"name\":\"Krafthand-Truck\",\"description\":\"\",\"potentialAction\":[{\"@type\":\"SearchAction\",\"target\":{\"@type\":\"EntryPoint\",\"urlTemplate\":\"https:\\\/\\\/www.krafthand.de\\\/truck\\\/?s={search_term_string}\"},\"query-input\":{\"@type\":\"PropertyValueSpecification\",\"valueRequired\":true,\"valueName\":\"search_term_string\"}}],\"inLanguage\":\"de\"},{\"@type\":\"Person\",\"@id\":\"https:\\\/\\\/www.krafthand.de\\\/truck\\\/#\\\/schema\\\/person\\\/51fa80b1c57034c4bf63f9f988fc24ce\",\"name\":\"georg.blenk@krafthand-medien.de\",\"image\":{\"@type\":\"ImageObject\",\"inLanguage\":\"de\",\"@id\":\"https:\\\/\\\/secure.gravatar.com\\\/avatar\\\/93713c30affe0aa95d3a4130e499bb1abee2eb31adbdd9ce2aa1543538490215?s=96&d=mm&r=g\",\"url\":\"https:\\\/\\\/secure.gravatar.com\\\/avatar\\\/93713c30affe0aa95d3a4130e499bb1abee2eb31adbdd9ce2aa1543538490215?s=96&d=mm&r=g\",\"contentUrl\":\"https:\\\/\\\/secure.gravatar.com\\\/avatar\\\/93713c30affe0aa95d3a4130e499bb1abee2eb31adbdd9ce2aa1543538490215?s=96&d=mm&r=g\",\"caption\":\"georg.blenk@krafthand-medien.de\"}}]}<\/script>\n<!-- \/ Yoast SEO plugin. -->","yoast_head_json":{"title":"Neuer Arbeitsscheinwerfer f\u00fcr Lkw I Febi Bilstein I Krafthand-Truck","description":"Febi Bilstein hat einen neuen Lkw-Arbeitsscheinwerfer im Programm, der auch als R\u00fcckfahrscheinwerfer eingesetzt werden kann.","robots":{"index":"index","follow":"follow","max-snippet":"max-snippet:-1","max-image-preview":"max-image-preview:large","max-video-preview":"max-video-preview:-1"},"canonical":"https:\/\/www.krafthand.de\/truck\/artikel\/neuer-arbeitsscheinwerfer-31845\/","og_locale":"de_DE","og_type":"article","og_title":"Neuer Arbeitsscheinwerfer f\u00fcr Lkw I Febi Bilstein I Krafthand-Truck","og_description":"Febi Bilstein hat einen neuen Lkw-Arbeitsscheinwerfer im Programm, der auch als R\u00fcckfahrscheinwerfer eingesetzt werden kann.","og_url":"https:\/\/www.krafthand-truck.de\/artikel\/neuer-arbeitsscheinwerfer-31845\/","og_site_name":"Krafthand-Truck","article_published_time":"2022-03-29T14:08:08+00:00","og_image":[{"width":1200,"height":1200,"url":"https:\/\/static.krafthand-truck.de\/uploads\/2022\/03\/01_2022_034_1.jpg","type":"image\/jpeg"}],"author":"georg.blenk@krafthand-medien.de","twitter_card":"summary_large_image","twitter_misc":{"Verfasst von":"georg.blenk@krafthand-medien.de","Gesch\u00e4tzte Lesezeit":"1\u00a0Minute"},"schema":{"@context":"https:\/\/schema.org","@graph":[{"@type":"Article","@id":"https:\/\/www.krafthand.de\/truck\/artikel\/neuer-arbeitsscheinwerfer-31845\/#article","isPartOf":{"@id":"https:\/\/www.krafthand.de\/truck\/artikel\/neuer-arbeitsscheinwerfer-31845\/"},"author":{"name":"georg.blenk@krafthand-medien.de","@id":"https:\/\/www.krafthand.de\/truck\/#\/schema\/person\/51fa80b1c57034c4bf63f9f988fc24ce"},"headline":"Neuer Arbeitsscheinwerfer","datePublished":"2022-03-29T14:08:08+00:00","mainEntityOfPage":{"@id":"https:\/\/www.krafthand.de\/truck\/artikel\/neuer-arbeitsscheinwerfer-31845\/"},"wordCount":159,"image":{"@id":"https:\/\/www.krafthand.de\/truck\/artikel\/neuer-arbeitsscheinwerfer-31845\/#primaryimage"},"thumbnailUrl":"https:\/\/static.krafthand-truck.de\/uploads\/2022\/03\/01_2022_034_1.jpg","keywords":["Arbeitsscheinwerfer","Febi Bilstein","LED-Arbeitsscheinwerfer","Scheinwerfer"],"articleSection":["Ersatzteile\/Zubeh\u00f6r"],"inLanguage":"de"},{"@type":"WebPage","@id":"https:\/\/www.krafthand.de\/truck\/artikel\/neuer-arbeitsscheinwerfer-31845\/","url":"https:\/\/www.krafthand.de\/truck\/artikel\/neuer-arbeitsscheinwerfer-31845\/","name":"Neuer Arbeitsscheinwerfer f\u00fcr Lkw I Febi Bilstein I Krafthand-Truck","isPartOf":{"@id":"https:\/\/www.krafthand.de\/truck\/#website"},"primaryImageOfPage":{"@id":"https:\/\/www.krafthand.de\/truck\/artikel\/neuer-arbeitsscheinwerfer-31845\/#primaryimage"},"image":{"@id":"https:\/\/www.krafthand.de\/truck\/artikel\/neuer-arbeitsscheinwerfer-31845\/#primaryimage"},"thumbnailUrl":"https:\/\/static.krafthand-truck.de\/uploads\/2022\/03\/01_2022_034_1.jpg","datePublished":"2022-03-29T14:08:08+00:00","author":{"@id":"https:\/\/www.krafthand.de\/truck\/#\/schema\/person\/51fa80b1c57034c4bf63f9f988fc24ce"},"description":"Febi Bilstein hat einen neuen Lkw-Arbeitsscheinwerfer im Programm, der auch als R\u00fcckfahrscheinwerfer eingesetzt werden kann.","breadcrumb":{"@id":"https:\/\/www.krafthand.de\/truck\/artikel\/neuer-arbeitsscheinwerfer-31845\/#breadcrumb"},"inLanguage":"de","potentialAction":[{"@type":"ReadAction","target":["https:\/\/www.krafthand.de\/truck\/artikel\/neuer-arbeitsscheinwerfer-31845\/"]}]},{"@type":"ImageObject","inLanguage":"de","@id":"https:\/\/www.krafthand.de\/truck\/artikel\/neuer-arbeitsscheinwerfer-31845\/#primaryimage","url":"https:\/\/static.krafthand-truck.de\/uploads\/2022\/03\/01_2022_034_1.jpg","contentUrl":"https:\/\/static.krafthand-truck.de\/uploads\/2022\/03\/01_2022_034_1.jpg","width":1200,"height":1200,"caption":"Bild: Febi Bilstein"},{"@type":"BreadcrumbList","@id":"https:\/\/www.krafthand.de\/truck\/artikel\/neuer-arbeitsscheinwerfer-31845\/#breadcrumb","itemListElement":[{"@type":"ListItem","position":1,"name":"Krafthand-Truck","item":"https:\/\/www.krafthand.de\/truck\/"},{"@type":"ListItem","position":2,"name":"Nfz-Service","item":"https:\/\/www.krafthand.de\/truck\/kategorie\/nfz-service\/"},{"@type":"ListItem","position":3,"name":"Ersatzteile\/Zubeh\u00f6r","item":"https:\/\/www.krafthand.de\/truck\/kategorie\/nfz-service\/ersatzteile-zubehoer\/"},{"@type":"ListItem","position":4,"name":"Neuer Arbeitsscheinwerfer"}]},{"@type":"WebSite","@id":"https:\/\/www.krafthand.de\/truck\/#website","url":"https:\/\/www.krafthand.de\/truck\/","name":"Krafthand-Truck","description":"","potentialAction":[{"@type":"SearchAction","target":{"@type":"EntryPoint","urlTemplate":"https:\/\/www.krafthand.de\/truck\/?s={search_term_string}"},"query-input":{"@type":"PropertyValueSpecification","valueRequired":true,"valueName":"search_term_string"}}],"inLanguage":"de"},{"@type":"Person","@id":"https:\/\/www.krafthand.de\/truck\/#\/schema\/person\/51fa80b1c57034c4bf63f9f988fc24ce","name":"georg.blenk@krafthand-medien.de","image":{"@type":"ImageObject","inLanguage":"de","@id":"https:\/\/secure.gravatar.com\/avatar\/93713c30affe0aa95d3a4130e499bb1abee2eb31adbdd9ce2aa1543538490215?s=96&d=mm&r=g","url":"https:\/\/secure.gravatar.com\/avatar\/93713c30affe0aa95d3a4130e499bb1abee2eb31adbdd9ce2aa1543538490215?s=96&d=mm&r=g","contentUrl":"https:\/\/secure.gravatar.com\/avatar\/93713c30affe0aa95d3a4130e499bb1abee2eb31adbdd9ce2aa1543538490215?s=96&d=mm&r=g","caption":"georg.blenk@krafthand-medien.de"}}]}},"_links":{"self":[{"href":"https:\/\/www.krafthand.de\/truck\/wp-json\/wp\/v2\/posts\/31845","targetHints":{"allow":["GET"]}}],"collection":[{"href":"https:\/\/www.krafthand.de\/truck\/wp-json\/wp\/v2\/posts"}],"about":[{"href":"https:\/\/www.krafthand.de\/truck\/wp-json\/wp\/v2\/types\/post"}],"author":[{"embeddable":true,"href":"https:\/\/www.krafthand.de\/truck\/wp-json\/wp\/v2\/users\/9"}],"replies":[{"embeddable":true,"href":"https:\/\/www.krafthand.de\/truck\/wp-json\/wp\/v2\/comments?post=31845"}],"version-history":[{"count":5,"href":"https:\/\/www.krafthand.de\/truck\/wp-json\/wp\/v2\/posts\/31845\/revisions"}],"predecessor-version":[{"id":31855,"href":"https:\/\/www.krafthand.de\/truck\/wp-json\/wp\/v2\/posts\/31845\/revisions\/31855"}],"wp:featuredmedia":[{"embeddable":true,"href":"https:\/\/www.krafthand.de\/truck\/wp-json\/wp\/v2\/media\/31846"}],"wp:attachment":[{"href":"https:\/\/www.krafthand.de\/truck\/wp-json\/wp\/v2\/media?parent=31845"}],"wp:term":[{"taxonomy":"category","embeddable":true,"href":"https:\/\/www.krafthand.de\/truck\/wp-json\/wp\/v2\/categories?post=31845"},{"taxonomy":"post_tag","embeddable":true,"href":"https:\/\/www.krafthand.de\/truck\/wp-json\/wp\/v2\/tags?post=31845"},{"taxonomy":"settings","embeddable":true,"href":"https:\/\/www.krafthand.de\/truck\/wp-json\/wp\/v2\/settings?post=31845"}],"curies":[{"name":"wp","href":"https:\/\/api.w.org\/{rel}","templated":true}]}}