{"id":3182,"date":"2017-09-04T13:15:25","date_gmt":"2017-09-04T11:15:25","guid":{"rendered":"https:\/\/www.krafthand.de\/truck\/artikel\/winkler-auf-der-nufam-2017-leistungen-rund-um-fuhrpark-und-werkstatt-3182\/"},"modified":"2017-09-04T13:15:25","modified_gmt":"2017-09-04T11:15:25","slug":"winkler-auf-der-nufam-2017-leistungen-rund-um-fuhrpark-und-werkstatt","status":"publish","type":"post","link":"https:\/\/www.krafthand.de\/truck\/artikel\/winkler-auf-der-nufam-2017-leistungen-rund-um-fuhrpark-und-werkstatt-3182\/","title":{"rendered":"Winkler auf der Nufam 2017: Leistungen rund um Fuhrpark und Werkstatt"},"content":{"rendered":"<p class=\"text-colored\">Winkler stellt zum wiederholten Mal auf der Nutzfahrzeugmesse Nufam in Karlsruhe aus. Auf 150 m2 pr\u00e4sentiert der Nutzfahrzeugspezialist vom 28. September bis 1. Oktober in Halle 1, Stand A111, seine Leistungen rund um Fuhrpark und Werkstatt.<\/p>\n<p>Die Fachberater der Standorte Karlsruhe, Freiburg, Ludwigsburg und Frankfurt stellen das Leistungsspektrum des Nutzfahrzeugspezialisten vor und stehen f\u00fcr individuelle Fragen und Gespr\u00e4che zur Verf\u00fcgung. Anhand zweier Modelle geben die Nutzfahrzeugprofis zudem konkrete Einblicke in die Fahrzeugtechnik.<br \/>\nSo erhalten die Besucher an einem selbst entwickelten Hydraulik-Kippermodell einen Eindruck von der Funktionsweise einer Hydraulikanlage und deren einzelner Komponenten. An einem Druckluft-Trailermodell mit moderner Anh\u00e4ngetechnik demonstrieren die Winkler-Fachberater zudem die Funktionen und M\u00f6glichkeiten von Diagnosesystemen. F\u00fcr Unterhaltung sorgt der Pantomime Andreas Hartmann, der die Messebesucher mit seiner Show am Stand unterh\u00e4lt.<\/p>\n","protected":false},"excerpt":{"rendered":"<p>Winkler stellt zum wiederholten Mal auf der Nutzfahrzeugmesse Nufam in Karlsruhe aus. Auf 150 m2 pr\u00e4sentiert der Nutzfahrzeugspezialist vom 28. September bis 1. Oktober in Halle 1, Stand A111, seine Leistungen rund um Fuhrpark und Werkstatt. <span class=\"excerpt-more__dots\">&#8230;<\/span> <a class=\"excerpt-more__link\" href=\"https:\/\/www.krafthand.de\/truck\/artikel\/winkler-auf-der-nufam-2017-leistungen-rund-um-fuhrpark-und-werkstatt-3182\/\" >weiter<\/a><\/p>\n","protected":false},"author":3,"featured_media":3183,"comment_status":"closed","ping_status":"closed","sticky":false,"template":"","format":"standard","meta":{"footnotes":""},"categories":[5],"tags":[407,460],"settings":[],"class_list":["post-3182","post","type-post","status-publish","format-standard","has-post-thumbnail","hentry","category-branche","tag-nufam","tag-winkler"],"yoast_head":"<!-- This site is optimized with the Yoast SEO plugin v27.3 - https:\/\/yoast.com\/product\/yoast-seo-wordpress\/ -->\n<title>Winkler auf der Nufam 2017: Leistungen rund um Fuhrpark und Werkstatt - Krafthand-Truck<\/title>\n<meta name=\"robots\" content=\"index, follow, max-snippet:-1, max-image-preview:large, max-video-preview:-1\" \/>\n<link rel=\"canonical\" href=\"https:\/\/www.krafthand.de\/truck\/artikel\/winkler-auf-der-nufam-2017-leistungen-rund-um-fuhrpark-und-werkstatt-3182\/\" \/>\n<meta property=\"og:locale\" content=\"de_DE\" \/>\n<meta property=\"og:type\" content=\"article\" \/>\n<meta property=\"og:title\" content=\"Winkler auf der Nufam 2017: Leistungen rund um Fuhrpark und Werkstatt - Krafthand-Truck\" \/>\n<meta property=\"og:description\" content=\"Winkler stellt zum wiederholten Mal auf der Nutzfahrzeugmesse Nufam in Karlsruhe aus. Auf 150 m2 pr\u00e4sentiert der Nutzfahrzeugspezialist vom 28. September bis 1. Oktober in Halle 1, Stand A111, seine Leistungen rund um Fuhrpark und Werkstatt. ... weiter\" \/>\n<meta property=\"og:url\" content=\"https:\/\/www.krafthand-truck.de\/artikel\/winkler-auf-der-nufam-2017-leistungen-rund-um-fuhrpark-und-werkstatt-3182\/\" \/>\n<meta property=\"og:site_name\" content=\"Krafthand-Truck\" \/>\n<meta property=\"article:published_time\" content=\"2017-09-04T11:15:25+00:00\" \/>\n<meta property=\"og:image\" content=\"https:\/\/www.krafthand.de\/truck\/wp-content\/uploads\/2017\/09\/Winkler_Nufam__.jpg\" \/>\n\t<meta property=\"og:image:width\" content=\"1400\" \/>\n\t<meta property=\"og:image:height\" content=\"933\" \/>\n\t<meta property=\"og:image:type\" content=\"image\/jpeg\" \/>\n<meta name=\"author\" content=\"katja.heid@krafthand.de\" \/>\n<meta name=\"twitter:card\" content=\"summary_large_image\" \/>\n<meta name=\"twitter:label1\" content=\"Verfasst von\" \/>\n\t<meta name=\"twitter:data1\" content=\"katja.heid@krafthand.de\" \/>\n\t<meta name=\"twitter:label2\" content=\"Gesch\u00e4tzte Lesezeit\" \/>\n\t<meta name=\"twitter:data2\" content=\"1\u00a0Minute\" \/>\n<script type=\"application\/ld+json\" class=\"yoast-schema-graph\">{\"@context\":\"https:\\\/\\\/schema.org\",\"@graph\":[{\"@type\":\"Article\",\"@id\":\"https:\\\/\\\/www.krafthand.de\\\/truck\\\/artikel\\\/winkler-auf-der-nufam-2017-leistungen-rund-um-fuhrpark-und-werkstatt-3182\\\/#article\",\"isPartOf\":{\"@id\":\"https:\\\/\\\/www.krafthand.de\\\/truck\\\/artikel\\\/winkler-auf-der-nufam-2017-leistungen-rund-um-fuhrpark-und-werkstatt-3182\\\/\"},\"author\":{\"name\":\"katja.heid@krafthand.de\",\"@id\":\"https:\\\/\\\/www.krafthand.de\\\/truck\\\/#\\\/schema\\\/person\\\/8e290c6d425b72d176adc7767a251001\"},\"headline\":\"Winkler auf der Nufam 2017: Leistungen rund um Fuhrpark und Werkstatt\",\"datePublished\":\"2017-09-04T11:15:25+00:00\",\"mainEntityOfPage\":{\"@id\":\"https:\\\/\\\/www.krafthand.de\\\/truck\\\/artikel\\\/winkler-auf-der-nufam-2017-leistungen-rund-um-fuhrpark-und-werkstatt-3182\\\/\"},\"wordCount\":140,\"image\":{\"@id\":\"https:\\\/\\\/www.krafthand.de\\\/truck\\\/artikel\\\/winkler-auf-der-nufam-2017-leistungen-rund-um-fuhrpark-und-werkstatt-3182\\\/#primaryimage\"},\"thumbnailUrl\":\"https:\\\/\\\/static.krafthand-truck.de\\\/uploads\\\/2017\\\/09\\\/Winkler_Nufam__.jpg\",\"keywords\":[\"Nufam\",\"Winkler\"],\"articleSection\":[\"Nfz-Branche\"],\"inLanguage\":\"de\"},{\"@type\":\"WebPage\",\"@id\":\"https:\\\/\\\/www.krafthand.de\\\/truck\\\/artikel\\\/winkler-auf-der-nufam-2017-leistungen-rund-um-fuhrpark-und-werkstatt-3182\\\/\",\"url\":\"https:\\\/\\\/www.krafthand.de\\\/truck\\\/artikel\\\/winkler-auf-der-nufam-2017-leistungen-rund-um-fuhrpark-und-werkstatt-3182\\\/\",\"name\":\"Winkler auf der Nufam 2017: Leistungen rund um Fuhrpark und Werkstatt - Krafthand-Truck\",\"isPartOf\":{\"@id\":\"https:\\\/\\\/www.krafthand.de\\\/truck\\\/#website\"},\"primaryImageOfPage\":{\"@id\":\"https:\\\/\\\/www.krafthand.de\\\/truck\\\/artikel\\\/winkler-auf-der-nufam-2017-leistungen-rund-um-fuhrpark-und-werkstatt-3182\\\/#primaryimage\"},\"image\":{\"@id\":\"https:\\\/\\\/www.krafthand.de\\\/truck\\\/artikel\\\/winkler-auf-der-nufam-2017-leistungen-rund-um-fuhrpark-und-werkstatt-3182\\\/#primaryimage\"},\"thumbnailUrl\":\"https:\\\/\\\/static.krafthand-truck.de\\\/uploads\\\/2017\\\/09\\\/Winkler_Nufam__.jpg\",\"datePublished\":\"2017-09-04T11:15:25+00:00\",\"author\":{\"@id\":\"https:\\\/\\\/www.krafthand.de\\\/truck\\\/#\\\/schema\\\/person\\\/8e290c6d425b72d176adc7767a251001\"},\"breadcrumb\":{\"@id\":\"https:\\\/\\\/www.krafthand.de\\\/truck\\\/artikel\\\/winkler-auf-der-nufam-2017-leistungen-rund-um-fuhrpark-und-werkstatt-3182\\\/#breadcrumb\"},\"inLanguage\":\"de\",\"potentialAction\":[{\"@type\":\"ReadAction\",\"target\":[\"https:\\\/\\\/www.krafthand.de\\\/truck\\\/artikel\\\/winkler-auf-der-nufam-2017-leistungen-rund-um-fuhrpark-und-werkstatt-3182\\\/\"]}]},{\"@type\":\"ImageObject\",\"inLanguage\":\"de\",\"@id\":\"https:\\\/\\\/www.krafthand.de\\\/truck\\\/artikel\\\/winkler-auf-der-nufam-2017-leistungen-rund-um-fuhrpark-und-werkstatt-3182\\\/#primaryimage\",\"url\":\"https:\\\/\\\/static.krafthand-truck.de\\\/uploads\\\/2017\\\/09\\\/Winkler_Nufam__.jpg\",\"contentUrl\":\"https:\\\/\\\/static.krafthand-truck.de\\\/uploads\\\/2017\\\/09\\\/Winkler_Nufam__.jpg\",\"width\":1400,\"height\":933,\"caption\":\"Winkler pr\u00e4sentiert sein Leistungsspektrum auf der Nufam. Bild: Christian Winkler GmbH & Co. KG\"},{\"@type\":\"BreadcrumbList\",\"@id\":\"https:\\\/\\\/www.krafthand.de\\\/truck\\\/artikel\\\/winkler-auf-der-nufam-2017-leistungen-rund-um-fuhrpark-und-werkstatt-3182\\\/#breadcrumb\",\"itemListElement\":[{\"@type\":\"ListItem\",\"position\":1,\"name\":\"Krafthand-Truck\",\"item\":\"https:\\\/\\\/www.krafthand.de\\\/truck\\\/\"},{\"@type\":\"ListItem\",\"position\":2,\"name\":\"Nfz-Branche\",\"item\":\"https:\\\/\\\/www.krafthand.de\\\/truck\\\/kategorie\\\/branche\\\/\"},{\"@type\":\"ListItem\",\"position\":3,\"name\":\"Winkler auf der Nufam 2017: Leistungen rund um Fuhrpark und Werkstatt\"}]},{\"@type\":\"WebSite\",\"@id\":\"https:\\\/\\\/www.krafthand.de\\\/truck\\\/#website\",\"url\":\"https:\\\/\\\/www.krafthand.de\\\/truck\\\/\",\"name\":\"Krafthand-Truck\",\"description\":\"\",\"potentialAction\":[{\"@type\":\"SearchAction\",\"target\":{\"@type\":\"EntryPoint\",\"urlTemplate\":\"https:\\\/\\\/www.krafthand.de\\\/truck\\\/?s={search_term_string}\"},\"query-input\":{\"@type\":\"PropertyValueSpecification\",\"valueRequired\":true,\"valueName\":\"search_term_string\"}}],\"inLanguage\":\"de\"},{\"@type\":\"Person\",\"@id\":\"https:\\\/\\\/www.krafthand.de\\\/truck\\\/#\\\/schema\\\/person\\\/8e290c6d425b72d176adc7767a251001\",\"name\":\"katja.heid@krafthand.de\",\"image\":{\"@type\":\"ImageObject\",\"inLanguage\":\"de\",\"@id\":\"https:\\\/\\\/secure.gravatar.com\\\/avatar\\\/9a2930c54ede0e0a76c0f8abfb74704de273084f2aa0e3c6deb2c86704c7402b?s=96&d=mm&r=g\",\"url\":\"https:\\\/\\\/secure.gravatar.com\\\/avatar\\\/9a2930c54ede0e0a76c0f8abfb74704de273084f2aa0e3c6deb2c86704c7402b?s=96&d=mm&r=g\",\"contentUrl\":\"https:\\\/\\\/secure.gravatar.com\\\/avatar\\\/9a2930c54ede0e0a76c0f8abfb74704de273084f2aa0e3c6deb2c86704c7402b?s=96&d=mm&r=g\",\"caption\":\"katja.heid@krafthand.de\"}}]}<\/script>\n<!-- \/ Yoast SEO plugin. -->","yoast_head_json":{"title":"Winkler auf der Nufam 2017: Leistungen rund um Fuhrpark und Werkstatt - Krafthand-Truck","robots":{"index":"index","follow":"follow","max-snippet":"max-snippet:-1","max-image-preview":"max-image-preview:large","max-video-preview":"max-video-preview:-1"},"canonical":"https:\/\/www.krafthand.de\/truck\/artikel\/winkler-auf-der-nufam-2017-leistungen-rund-um-fuhrpark-und-werkstatt-3182\/","og_locale":"de_DE","og_type":"article","og_title":"Winkler auf der Nufam 2017: Leistungen rund um Fuhrpark und Werkstatt - Krafthand-Truck","og_description":"Winkler stellt zum wiederholten Mal auf der Nutzfahrzeugmesse Nufam in Karlsruhe aus. Auf 150 m2 pr\u00e4sentiert der Nutzfahrzeugspezialist vom 28. September bis 1. Oktober in Halle 1, Stand A111, seine Leistungen rund um Fuhrpark und Werkstatt. ... weiter","og_url":"https:\/\/www.krafthand-truck.de\/artikel\/winkler-auf-der-nufam-2017-leistungen-rund-um-fuhrpark-und-werkstatt-3182\/","og_site_name":"Krafthand-Truck","article_published_time":"2017-09-04T11:15:25+00:00","og_image":[{"width":1400,"height":933,"url":"https:\/\/www.krafthand.de\/truck\/wp-content\/uploads\/2017\/09\/Winkler_Nufam__.jpg","type":"image\/jpeg"}],"author":"katja.heid@krafthand.de","twitter_card":"summary_large_image","twitter_misc":{"Verfasst von":"katja.heid@krafthand.de","Gesch\u00e4tzte Lesezeit":"1\u00a0Minute"},"schema":{"@context":"https:\/\/schema.org","@graph":[{"@type":"Article","@id":"https:\/\/www.krafthand.de\/truck\/artikel\/winkler-auf-der-nufam-2017-leistungen-rund-um-fuhrpark-und-werkstatt-3182\/#article","isPartOf":{"@id":"https:\/\/www.krafthand.de\/truck\/artikel\/winkler-auf-der-nufam-2017-leistungen-rund-um-fuhrpark-und-werkstatt-3182\/"},"author":{"name":"katja.heid@krafthand.de","@id":"https:\/\/www.krafthand.de\/truck\/#\/schema\/person\/8e290c6d425b72d176adc7767a251001"},"headline":"Winkler auf der Nufam 2017: Leistungen rund um Fuhrpark und Werkstatt","datePublished":"2017-09-04T11:15:25+00:00","mainEntityOfPage":{"@id":"https:\/\/www.krafthand.de\/truck\/artikel\/winkler-auf-der-nufam-2017-leistungen-rund-um-fuhrpark-und-werkstatt-3182\/"},"wordCount":140,"image":{"@id":"https:\/\/www.krafthand.de\/truck\/artikel\/winkler-auf-der-nufam-2017-leistungen-rund-um-fuhrpark-und-werkstatt-3182\/#primaryimage"},"thumbnailUrl":"https:\/\/static.krafthand-truck.de\/uploads\/2017\/09\/Winkler_Nufam__.jpg","keywords":["Nufam","Winkler"],"articleSection":["Nfz-Branche"],"inLanguage":"de"},{"@type":"WebPage","@id":"https:\/\/www.krafthand.de\/truck\/artikel\/winkler-auf-der-nufam-2017-leistungen-rund-um-fuhrpark-und-werkstatt-3182\/","url":"https:\/\/www.krafthand.de\/truck\/artikel\/winkler-auf-der-nufam-2017-leistungen-rund-um-fuhrpark-und-werkstatt-3182\/","name":"Winkler auf der Nufam 2017: Leistungen rund um Fuhrpark und Werkstatt - Krafthand-Truck","isPartOf":{"@id":"https:\/\/www.krafthand.de\/truck\/#website"},"primaryImageOfPage":{"@id":"https:\/\/www.krafthand.de\/truck\/artikel\/winkler-auf-der-nufam-2017-leistungen-rund-um-fuhrpark-und-werkstatt-3182\/#primaryimage"},"image":{"@id":"https:\/\/www.krafthand.de\/truck\/artikel\/winkler-auf-der-nufam-2017-leistungen-rund-um-fuhrpark-und-werkstatt-3182\/#primaryimage"},"thumbnailUrl":"https:\/\/static.krafthand-truck.de\/uploads\/2017\/09\/Winkler_Nufam__.jpg","datePublished":"2017-09-04T11:15:25+00:00","author":{"@id":"https:\/\/www.krafthand.de\/truck\/#\/schema\/person\/8e290c6d425b72d176adc7767a251001"},"breadcrumb":{"@id":"https:\/\/www.krafthand.de\/truck\/artikel\/winkler-auf-der-nufam-2017-leistungen-rund-um-fuhrpark-und-werkstatt-3182\/#breadcrumb"},"inLanguage":"de","potentialAction":[{"@type":"ReadAction","target":["https:\/\/www.krafthand.de\/truck\/artikel\/winkler-auf-der-nufam-2017-leistungen-rund-um-fuhrpark-und-werkstatt-3182\/"]}]},{"@type":"ImageObject","inLanguage":"de","@id":"https:\/\/www.krafthand.de\/truck\/artikel\/winkler-auf-der-nufam-2017-leistungen-rund-um-fuhrpark-und-werkstatt-3182\/#primaryimage","url":"https:\/\/static.krafthand-truck.de\/uploads\/2017\/09\/Winkler_Nufam__.jpg","contentUrl":"https:\/\/static.krafthand-truck.de\/uploads\/2017\/09\/Winkler_Nufam__.jpg","width":1400,"height":933,"caption":"Winkler pr\u00e4sentiert sein Leistungsspektrum auf der Nufam. Bild: Christian Winkler GmbH & Co. KG"},{"@type":"BreadcrumbList","@id":"https:\/\/www.krafthand.de\/truck\/artikel\/winkler-auf-der-nufam-2017-leistungen-rund-um-fuhrpark-und-werkstatt-3182\/#breadcrumb","itemListElement":[{"@type":"ListItem","position":1,"name":"Krafthand-Truck","item":"https:\/\/www.krafthand.de\/truck\/"},{"@type":"ListItem","position":2,"name":"Nfz-Branche","item":"https:\/\/www.krafthand.de\/truck\/kategorie\/branche\/"},{"@type":"ListItem","position":3,"name":"Winkler auf der Nufam 2017: Leistungen rund um Fuhrpark und Werkstatt"}]},{"@type":"WebSite","@id":"https:\/\/www.krafthand.de\/truck\/#website","url":"https:\/\/www.krafthand.de\/truck\/","name":"Krafthand-Truck","description":"","potentialAction":[{"@type":"SearchAction","target":{"@type":"EntryPoint","urlTemplate":"https:\/\/www.krafthand.de\/truck\/?s={search_term_string}"},"query-input":{"@type":"PropertyValueSpecification","valueRequired":true,"valueName":"search_term_string"}}],"inLanguage":"de"},{"@type":"Person","@id":"https:\/\/www.krafthand.de\/truck\/#\/schema\/person\/8e290c6d425b72d176adc7767a251001","name":"katja.heid@krafthand.de","image":{"@type":"ImageObject","inLanguage":"de","@id":"https:\/\/secure.gravatar.com\/avatar\/9a2930c54ede0e0a76c0f8abfb74704de273084f2aa0e3c6deb2c86704c7402b?s=96&d=mm&r=g","url":"https:\/\/secure.gravatar.com\/avatar\/9a2930c54ede0e0a76c0f8abfb74704de273084f2aa0e3c6deb2c86704c7402b?s=96&d=mm&r=g","contentUrl":"https:\/\/secure.gravatar.com\/avatar\/9a2930c54ede0e0a76c0f8abfb74704de273084f2aa0e3c6deb2c86704c7402b?s=96&d=mm&r=g","caption":"katja.heid@krafthand.de"}}]}},"_links":{"self":[{"href":"https:\/\/www.krafthand.de\/truck\/wp-json\/wp\/v2\/posts\/3182","targetHints":{"allow":["GET"]}}],"collection":[{"href":"https:\/\/www.krafthand.de\/truck\/wp-json\/wp\/v2\/posts"}],"about":[{"href":"https:\/\/www.krafthand.de\/truck\/wp-json\/wp\/v2\/types\/post"}],"author":[{"embeddable":true,"href":"https:\/\/www.krafthand.de\/truck\/wp-json\/wp\/v2\/users\/3"}],"replies":[{"embeddable":true,"href":"https:\/\/www.krafthand.de\/truck\/wp-json\/wp\/v2\/comments?post=3182"}],"version-history":[{"count":0,"href":"https:\/\/www.krafthand.de\/truck\/wp-json\/wp\/v2\/posts\/3182\/revisions"}],"wp:featuredmedia":[{"embeddable":true,"href":"https:\/\/www.krafthand.de\/truck\/wp-json\/wp\/v2\/media\/3183"}],"wp:attachment":[{"href":"https:\/\/www.krafthand.de\/truck\/wp-json\/wp\/v2\/media?parent=3182"}],"wp:term":[{"taxonomy":"category","embeddable":true,"href":"https:\/\/www.krafthand.de\/truck\/wp-json\/wp\/v2\/categories?post=3182"},{"taxonomy":"post_tag","embeddable":true,"href":"https:\/\/www.krafthand.de\/truck\/wp-json\/wp\/v2\/tags?post=3182"},{"taxonomy":"settings","embeddable":true,"href":"https:\/\/www.krafthand.de\/truck\/wp-json\/wp\/v2\/settings?post=3182"}],"curies":[{"name":"wp","href":"https:\/\/api.w.org\/{rel}","templated":true}]}}