{"id":3174,"date":"2017-08-28T08:17:56","date_gmt":"2017-08-28T06:17:56","guid":{"rendered":"https:\/\/www.krafthand.de\/truck\/artikel\/neuauflage-der-kultfigur-michelin-mann-fuers-lkw-dach-ist-zurueck-3174\/"},"modified":"2017-08-28T08:17:56","modified_gmt":"2017-08-28T06:17:56","slug":"neuauflage-der-kultfigur-michelin-mann-fuers-lkw-dach-ist-zurueck","status":"publish","type":"post","link":"https:\/\/www.krafthand.de\/truck\/artikel\/neuauflage-der-kultfigur-michelin-mann-fuers-lkw-dach-ist-zurueck-3174\/","title":{"rendered":"Neuauflage der Kultfigur: Michelin-Mann f\u00fcrs Lkw-Dach ist zur\u00fcck"},"content":{"rendered":"<p class=\"text-colored\">Das Markensymbol &#8218;Michelin-Mann&#8216; kehrt aufs F\u00fchrerhausdach zur\u00fcck und begleitet Lkw-Fahrer wieder auf ihren Touren. Der Reifenhersteller hat jetzt die Neuauflage des Markensymbols ins Leben gerufen. Der neue Michelin-Mann ist rund 40 Zentimeter gro\u00df und speziell f\u00fcr die sichere Installation auf der Fahrerkabine konzipiert.<\/p>\n<p>Die Neuauflage bringt laut Michelin alle Voraussetzungen mit, um ein begehrtes Sammlerst\u00fcck zu werden, genau wie ihre Vorg\u00e4nger. Jedes Exemplar ist mit einem Hologramm mit fortlaufender Seriennummer versehen. Der K\u00e4ufer erh\u00e4lt zus\u00e4tzlich ein Echtheitszertifikat.<br \/><b><br \/>Michelin-Mann: Werbeikone mit Auszeichnung<\/b><br \/>Bereits seit 1898 steht der Michelin-Mann, auch als \u201eBibendum\u201c bekannt, f\u00fcr die Reifenmarke Michelin. Die weltweit bekannte Markenikone transportiert seit jeher das Unternehmensimage \u00fcber die Reifenbranche hinaus und erhielt in der Vergangenheit zahlreiche Auszeichnungen. So w\u00e4hlte eine Jury der renommierten Tageszeitung Financial Times sie im Jahr 2000 zum \u201eBesten Markenzeichen des Jahrhunderts\u201c. 2007 z\u00e4hlte der Reifenmann beim Ranking von Advertising Age und Century Icons zu den zehn bekanntesten Werbesymbolen weltweit. Eine Studie von TNS Sofres, Paris, kam 2008 zu dem Ergebnis, dass 90 Prozent der Weltbev\u00f6lkerung den Michelin-Botschafter kennen.<\/p>\n<p><b>Mehrere Evolutionsstufen<br \/><\/b>F\u00fcr Lkw und andere Fahrzeuge ist der Michelin-Mann f\u00fcr das Fahrzeug-Exterieur seit den 1950er-Jahren erh\u00e4ltlich und hat bereits mehrere Evolutionsstufen durchlaufen. Die erste Generation trug eine gelbe Sch\u00e4rpe und hatte die F\u00fc\u00dfe parallel nebeneinanderstehen. Die zweite aus dem Jahr 1966, ebenfalls mit Sch\u00e4rpe in gelb, lie\u00df ihre F\u00fc\u00dfe gem\u00fctlich verschr\u00e4nkt baumeln. Die dritte Generation von 2003 erhielt eine neue, blaue Sch\u00e4rpe und modernere Proportionen. Insgesamt fanden Tausende Exemplare ihren Platz auf Lkw und Transportern weltweit.<\/p>\n<p>Der neue Michelin-Mann f\u00fcrs Lkw-Dach kostet etwa 80 Euro. Erh\u00e4ltlich ist er in Tankstellen und Autoh\u00f6fen entlang der Autobahn sowie im gut sortierten Reifenfachhandel. In Deutschland startete der Verkauf Mitte August. Schritt f\u00fcr Schritt sollen weitere europ\u00e4ische L\u00e4nder folgen. In \u00d6sterreich kommt die Figur Anfang Oktober in den Handel.<\/p>\n<p><b>Fakten zum Michelin-Mann:<\/b><br \/>Ma\u00dfe: H 40,3 cm, B 23,6 cm, T 21 cm<br \/>Gewicht: 1,3 Kilogramm<br \/>Preis: circa 80 Euro<\/p>\n","protected":false},"excerpt":{"rendered":"<p>Das Markensymbol &#8218;Michelin-Mann&#8216; kehrt aufs F\u00fchrerhausdach zur\u00fcck und begleitet Lkw-Fahrer wieder auf ihren Touren. Der Reifenhersteller hat jetzt die Neuauflage des Markensymbols ins Leben gerufen. Der neue Michelin-Mann ist rund 40 Zentimeter gro\u00df und speziell f\u00fcr die sichere Installation auf der Fahrerkabine konzipiert. <span class=\"excerpt-more__dots\">&#8230;<\/span> <a class=\"excerpt-more__link\" href=\"https:\/\/www.krafthand.de\/truck\/artikel\/neuauflage-der-kultfigur-michelin-mann-fuers-lkw-dach-ist-zurueck-3174\/\" >weiter<\/a><\/p>\n","protected":false},"author":3,"featured_media":3175,"comment_status":"closed","ping_status":"closed","sticky":false,"template":"","format":"standard","meta":{"footnotes":""},"categories":[5],"tags":[56,3245,3244],"settings":[],"class_list":["post-3174","post","type-post","status-publish","format-standard","has-post-thumbnail","hentry","category-branche","tag-lkw","tag-lkw-dach","tag-michelin-mann"],"yoast_head":"<!-- This site is optimized with the Yoast SEO plugin v27.3 - https:\/\/yoast.com\/product\/yoast-seo-wordpress\/ -->\n<title>Neuauflage der Kultfigur: Michelin-Mann f\u00fcrs Lkw-Dach ist zur\u00fcck - Krafthand-Truck<\/title>\n<meta name=\"robots\" content=\"index, follow, max-snippet:-1, max-image-preview:large, max-video-preview:-1\" \/>\n<link rel=\"canonical\" href=\"https:\/\/www.krafthand.de\/truck\/artikel\/neuauflage-der-kultfigur-michelin-mann-fuers-lkw-dach-ist-zurueck-3174\/\" \/>\n<meta property=\"og:locale\" content=\"de_DE\" \/>\n<meta property=\"og:type\" content=\"article\" \/>\n<meta property=\"og:title\" content=\"Neuauflage der Kultfigur: Michelin-Mann f\u00fcrs Lkw-Dach ist zur\u00fcck - Krafthand-Truck\" \/>\n<meta property=\"og:description\" content=\"Das Markensymbol &#039;Michelin-Mann&#039; kehrt aufs F\u00fchrerhausdach zur\u00fcck und begleitet Lkw-Fahrer wieder auf ihren Touren. Der Reifenhersteller hat jetzt die Neuauflage des Markensymbols ins Leben gerufen. Der neue Michelin-Mann ist rund 40 Zentimeter gro\u00df und speziell f\u00fcr die sichere Installation auf der Fahrerkabine konzipiert. ... weiter\" \/>\n<meta property=\"og:url\" content=\"https:\/\/www.krafthand-truck.de\/artikel\/neuauflage-der-kultfigur-michelin-mann-fuers-lkw-dach-ist-zurueck-3174\/\" \/>\n<meta property=\"og:site_name\" content=\"Krafthand-Truck\" \/>\n<meta property=\"article:published_time\" content=\"2017-08-28T06:17:56+00:00\" \/>\n<meta property=\"og:image\" content=\"https:\/\/www.krafthand.de\/truck\/wp-content\/uploads\/2017\/08\/Michelin_Mann_.jpg\" \/>\n\t<meta property=\"og:image:width\" content=\"1300\" \/>\n\t<meta property=\"og:image:height\" content=\"867\" \/>\n\t<meta property=\"og:image:type\" content=\"image\/jpeg\" \/>\n<meta name=\"author\" content=\"katja.heid@krafthand.de\" \/>\n<meta name=\"twitter:card\" content=\"summary_large_image\" \/>\n<meta name=\"twitter:label1\" content=\"Verfasst von\" \/>\n\t<meta name=\"twitter:data1\" content=\"katja.heid@krafthand.de\" \/>\n\t<meta name=\"twitter:label2\" content=\"Gesch\u00e4tzte Lesezeit\" \/>\n\t<meta name=\"twitter:data2\" content=\"2\u00a0Minuten\" \/>\n<script type=\"application\/ld+json\" class=\"yoast-schema-graph\">{\"@context\":\"https:\\\/\\\/schema.org\",\"@graph\":[{\"@type\":\"Article\",\"@id\":\"https:\\\/\\\/www.krafthand.de\\\/truck\\\/artikel\\\/neuauflage-der-kultfigur-michelin-mann-fuers-lkw-dach-ist-zurueck-3174\\\/#article\",\"isPartOf\":{\"@id\":\"https:\\\/\\\/www.krafthand.de\\\/truck\\\/artikel\\\/neuauflage-der-kultfigur-michelin-mann-fuers-lkw-dach-ist-zurueck-3174\\\/\"},\"author\":{\"name\":\"katja.heid@krafthand.de\",\"@id\":\"https:\\\/\\\/www.krafthand.de\\\/truck\\\/#\\\/schema\\\/person\\\/8e290c6d425b72d176adc7767a251001\"},\"headline\":\"Neuauflage der Kultfigur: Michelin-Mann f\u00fcrs Lkw-Dach ist zur\u00fcck\",\"datePublished\":\"2017-08-28T06:17:56+00:00\",\"mainEntityOfPage\":{\"@id\":\"https:\\\/\\\/www.krafthand.de\\\/truck\\\/artikel\\\/neuauflage-der-kultfigur-michelin-mann-fuers-lkw-dach-ist-zurueck-3174\\\/\"},\"wordCount\":341,\"image\":{\"@id\":\"https:\\\/\\\/www.krafthand.de\\\/truck\\\/artikel\\\/neuauflage-der-kultfigur-michelin-mann-fuers-lkw-dach-ist-zurueck-3174\\\/#primaryimage\"},\"thumbnailUrl\":\"https:\\\/\\\/static.krafthand-truck.de\\\/uploads\\\/2017\\\/08\\\/Michelin_Mann_.jpg\",\"keywords\":[\"Lkw\",\"Lkw-Dach\",\"Michelin-Mann\"],\"articleSection\":[\"Nfz-Branche\"],\"inLanguage\":\"de\"},{\"@type\":\"WebPage\",\"@id\":\"https:\\\/\\\/www.krafthand.de\\\/truck\\\/artikel\\\/neuauflage-der-kultfigur-michelin-mann-fuers-lkw-dach-ist-zurueck-3174\\\/\",\"url\":\"https:\\\/\\\/www.krafthand.de\\\/truck\\\/artikel\\\/neuauflage-der-kultfigur-michelin-mann-fuers-lkw-dach-ist-zurueck-3174\\\/\",\"name\":\"Neuauflage der Kultfigur: Michelin-Mann f\u00fcrs Lkw-Dach ist zur\u00fcck - Krafthand-Truck\",\"isPartOf\":{\"@id\":\"https:\\\/\\\/www.krafthand.de\\\/truck\\\/#website\"},\"primaryImageOfPage\":{\"@id\":\"https:\\\/\\\/www.krafthand.de\\\/truck\\\/artikel\\\/neuauflage-der-kultfigur-michelin-mann-fuers-lkw-dach-ist-zurueck-3174\\\/#primaryimage\"},\"image\":{\"@id\":\"https:\\\/\\\/www.krafthand.de\\\/truck\\\/artikel\\\/neuauflage-der-kultfigur-michelin-mann-fuers-lkw-dach-ist-zurueck-3174\\\/#primaryimage\"},\"thumbnailUrl\":\"https:\\\/\\\/static.krafthand-truck.de\\\/uploads\\\/2017\\\/08\\\/Michelin_Mann_.jpg\",\"datePublished\":\"2017-08-28T06:17:56+00:00\",\"author\":{\"@id\":\"https:\\\/\\\/www.krafthand.de\\\/truck\\\/#\\\/schema\\\/person\\\/8e290c6d425b72d176adc7767a251001\"},\"breadcrumb\":{\"@id\":\"https:\\\/\\\/www.krafthand.de\\\/truck\\\/artikel\\\/neuauflage-der-kultfigur-michelin-mann-fuers-lkw-dach-ist-zurueck-3174\\\/#breadcrumb\"},\"inLanguage\":\"de\",\"potentialAction\":[{\"@type\":\"ReadAction\",\"target\":[\"https:\\\/\\\/www.krafthand.de\\\/truck\\\/artikel\\\/neuauflage-der-kultfigur-michelin-mann-fuers-lkw-dach-ist-zurueck-3174\\\/\"]}]},{\"@type\":\"ImageObject\",\"inLanguage\":\"de\",\"@id\":\"https:\\\/\\\/www.krafthand.de\\\/truck\\\/artikel\\\/neuauflage-der-kultfigur-michelin-mann-fuers-lkw-dach-ist-zurueck-3174\\\/#primaryimage\",\"url\":\"https:\\\/\\\/static.krafthand-truck.de\\\/uploads\\\/2017\\\/08\\\/Michelin_Mann_.jpg\",\"contentUrl\":\"https:\\\/\\\/static.krafthand-truck.de\\\/uploads\\\/2017\\\/08\\\/Michelin_Mann_.jpg\",\"width\":1300,\"height\":867,\"caption\":\"Michelin hat die Neuauflage des Markensymbols 'Michelin-Mann' ins Leben gerufen. Bild: Michelin\"},{\"@type\":\"BreadcrumbList\",\"@id\":\"https:\\\/\\\/www.krafthand.de\\\/truck\\\/artikel\\\/neuauflage-der-kultfigur-michelin-mann-fuers-lkw-dach-ist-zurueck-3174\\\/#breadcrumb\",\"itemListElement\":[{\"@type\":\"ListItem\",\"position\":1,\"name\":\"Krafthand-Truck\",\"item\":\"https:\\\/\\\/www.krafthand.de\\\/truck\\\/\"},{\"@type\":\"ListItem\",\"position\":2,\"name\":\"Nfz-Branche\",\"item\":\"https:\\\/\\\/www.krafthand.de\\\/truck\\\/kategorie\\\/branche\\\/\"},{\"@type\":\"ListItem\",\"position\":3,\"name\":\"Neuauflage der Kultfigur: Michelin-Mann f\u00fcrs Lkw-Dach ist zur\u00fcck\"}]},{\"@type\":\"WebSite\",\"@id\":\"https:\\\/\\\/www.krafthand.de\\\/truck\\\/#website\",\"url\":\"https:\\\/\\\/www.krafthand.de\\\/truck\\\/\",\"name\":\"Krafthand-Truck\",\"description\":\"\",\"potentialAction\":[{\"@type\":\"SearchAction\",\"target\":{\"@type\":\"EntryPoint\",\"urlTemplate\":\"https:\\\/\\\/www.krafthand.de\\\/truck\\\/?s={search_term_string}\"},\"query-input\":{\"@type\":\"PropertyValueSpecification\",\"valueRequired\":true,\"valueName\":\"search_term_string\"}}],\"inLanguage\":\"de\"},{\"@type\":\"Person\",\"@id\":\"https:\\\/\\\/www.krafthand.de\\\/truck\\\/#\\\/schema\\\/person\\\/8e290c6d425b72d176adc7767a251001\",\"name\":\"katja.heid@krafthand.de\",\"image\":{\"@type\":\"ImageObject\",\"inLanguage\":\"de\",\"@id\":\"https:\\\/\\\/secure.gravatar.com\\\/avatar\\\/9a2930c54ede0e0a76c0f8abfb74704de273084f2aa0e3c6deb2c86704c7402b?s=96&d=mm&r=g\",\"url\":\"https:\\\/\\\/secure.gravatar.com\\\/avatar\\\/9a2930c54ede0e0a76c0f8abfb74704de273084f2aa0e3c6deb2c86704c7402b?s=96&d=mm&r=g\",\"contentUrl\":\"https:\\\/\\\/secure.gravatar.com\\\/avatar\\\/9a2930c54ede0e0a76c0f8abfb74704de273084f2aa0e3c6deb2c86704c7402b?s=96&d=mm&r=g\",\"caption\":\"katja.heid@krafthand.de\"}}]}<\/script>\n<!-- \/ Yoast SEO plugin. -->","yoast_head_json":{"title":"Neuauflage der Kultfigur: Michelin-Mann f\u00fcrs Lkw-Dach ist zur\u00fcck - Krafthand-Truck","robots":{"index":"index","follow":"follow","max-snippet":"max-snippet:-1","max-image-preview":"max-image-preview:large","max-video-preview":"max-video-preview:-1"},"canonical":"https:\/\/www.krafthand.de\/truck\/artikel\/neuauflage-der-kultfigur-michelin-mann-fuers-lkw-dach-ist-zurueck-3174\/","og_locale":"de_DE","og_type":"article","og_title":"Neuauflage der Kultfigur: Michelin-Mann f\u00fcrs Lkw-Dach ist zur\u00fcck - Krafthand-Truck","og_description":"Das Markensymbol 'Michelin-Mann' kehrt aufs F\u00fchrerhausdach zur\u00fcck und begleitet Lkw-Fahrer wieder auf ihren Touren. Der Reifenhersteller hat jetzt die Neuauflage des Markensymbols ins Leben gerufen. Der neue Michelin-Mann ist rund 40 Zentimeter gro\u00df und speziell f\u00fcr die sichere Installation auf der Fahrerkabine konzipiert. ... weiter","og_url":"https:\/\/www.krafthand-truck.de\/artikel\/neuauflage-der-kultfigur-michelin-mann-fuers-lkw-dach-ist-zurueck-3174\/","og_site_name":"Krafthand-Truck","article_published_time":"2017-08-28T06:17:56+00:00","og_image":[{"width":1300,"height":867,"url":"https:\/\/www.krafthand.de\/truck\/wp-content\/uploads\/2017\/08\/Michelin_Mann_.jpg","type":"image\/jpeg"}],"author":"katja.heid@krafthand.de","twitter_card":"summary_large_image","twitter_misc":{"Verfasst von":"katja.heid@krafthand.de","Gesch\u00e4tzte Lesezeit":"2\u00a0Minuten"},"schema":{"@context":"https:\/\/schema.org","@graph":[{"@type":"Article","@id":"https:\/\/www.krafthand.de\/truck\/artikel\/neuauflage-der-kultfigur-michelin-mann-fuers-lkw-dach-ist-zurueck-3174\/#article","isPartOf":{"@id":"https:\/\/www.krafthand.de\/truck\/artikel\/neuauflage-der-kultfigur-michelin-mann-fuers-lkw-dach-ist-zurueck-3174\/"},"author":{"name":"katja.heid@krafthand.de","@id":"https:\/\/www.krafthand.de\/truck\/#\/schema\/person\/8e290c6d425b72d176adc7767a251001"},"headline":"Neuauflage der Kultfigur: Michelin-Mann f\u00fcrs Lkw-Dach ist zur\u00fcck","datePublished":"2017-08-28T06:17:56+00:00","mainEntityOfPage":{"@id":"https:\/\/www.krafthand.de\/truck\/artikel\/neuauflage-der-kultfigur-michelin-mann-fuers-lkw-dach-ist-zurueck-3174\/"},"wordCount":341,"image":{"@id":"https:\/\/www.krafthand.de\/truck\/artikel\/neuauflage-der-kultfigur-michelin-mann-fuers-lkw-dach-ist-zurueck-3174\/#primaryimage"},"thumbnailUrl":"https:\/\/static.krafthand-truck.de\/uploads\/2017\/08\/Michelin_Mann_.jpg","keywords":["Lkw","Lkw-Dach","Michelin-Mann"],"articleSection":["Nfz-Branche"],"inLanguage":"de"},{"@type":"WebPage","@id":"https:\/\/www.krafthand.de\/truck\/artikel\/neuauflage-der-kultfigur-michelin-mann-fuers-lkw-dach-ist-zurueck-3174\/","url":"https:\/\/www.krafthand.de\/truck\/artikel\/neuauflage-der-kultfigur-michelin-mann-fuers-lkw-dach-ist-zurueck-3174\/","name":"Neuauflage der Kultfigur: Michelin-Mann f\u00fcrs Lkw-Dach ist zur\u00fcck - Krafthand-Truck","isPartOf":{"@id":"https:\/\/www.krafthand.de\/truck\/#website"},"primaryImageOfPage":{"@id":"https:\/\/www.krafthand.de\/truck\/artikel\/neuauflage-der-kultfigur-michelin-mann-fuers-lkw-dach-ist-zurueck-3174\/#primaryimage"},"image":{"@id":"https:\/\/www.krafthand.de\/truck\/artikel\/neuauflage-der-kultfigur-michelin-mann-fuers-lkw-dach-ist-zurueck-3174\/#primaryimage"},"thumbnailUrl":"https:\/\/static.krafthand-truck.de\/uploads\/2017\/08\/Michelin_Mann_.jpg","datePublished":"2017-08-28T06:17:56+00:00","author":{"@id":"https:\/\/www.krafthand.de\/truck\/#\/schema\/person\/8e290c6d425b72d176adc7767a251001"},"breadcrumb":{"@id":"https:\/\/www.krafthand.de\/truck\/artikel\/neuauflage-der-kultfigur-michelin-mann-fuers-lkw-dach-ist-zurueck-3174\/#breadcrumb"},"inLanguage":"de","potentialAction":[{"@type":"ReadAction","target":["https:\/\/www.krafthand.de\/truck\/artikel\/neuauflage-der-kultfigur-michelin-mann-fuers-lkw-dach-ist-zurueck-3174\/"]}]},{"@type":"ImageObject","inLanguage":"de","@id":"https:\/\/www.krafthand.de\/truck\/artikel\/neuauflage-der-kultfigur-michelin-mann-fuers-lkw-dach-ist-zurueck-3174\/#primaryimage","url":"https:\/\/static.krafthand-truck.de\/uploads\/2017\/08\/Michelin_Mann_.jpg","contentUrl":"https:\/\/static.krafthand-truck.de\/uploads\/2017\/08\/Michelin_Mann_.jpg","width":1300,"height":867,"caption":"Michelin hat die Neuauflage des Markensymbols 'Michelin-Mann' ins Leben gerufen. Bild: Michelin"},{"@type":"BreadcrumbList","@id":"https:\/\/www.krafthand.de\/truck\/artikel\/neuauflage-der-kultfigur-michelin-mann-fuers-lkw-dach-ist-zurueck-3174\/#breadcrumb","itemListElement":[{"@type":"ListItem","position":1,"name":"Krafthand-Truck","item":"https:\/\/www.krafthand.de\/truck\/"},{"@type":"ListItem","position":2,"name":"Nfz-Branche","item":"https:\/\/www.krafthand.de\/truck\/kategorie\/branche\/"},{"@type":"ListItem","position":3,"name":"Neuauflage der Kultfigur: Michelin-Mann f\u00fcrs Lkw-Dach ist zur\u00fcck"}]},{"@type":"WebSite","@id":"https:\/\/www.krafthand.de\/truck\/#website","url":"https:\/\/www.krafthand.de\/truck\/","name":"Krafthand-Truck","description":"","potentialAction":[{"@type":"SearchAction","target":{"@type":"EntryPoint","urlTemplate":"https:\/\/www.krafthand.de\/truck\/?s={search_term_string}"},"query-input":{"@type":"PropertyValueSpecification","valueRequired":true,"valueName":"search_term_string"}}],"inLanguage":"de"},{"@type":"Person","@id":"https:\/\/www.krafthand.de\/truck\/#\/schema\/person\/8e290c6d425b72d176adc7767a251001","name":"katja.heid@krafthand.de","image":{"@type":"ImageObject","inLanguage":"de","@id":"https:\/\/secure.gravatar.com\/avatar\/9a2930c54ede0e0a76c0f8abfb74704de273084f2aa0e3c6deb2c86704c7402b?s=96&d=mm&r=g","url":"https:\/\/secure.gravatar.com\/avatar\/9a2930c54ede0e0a76c0f8abfb74704de273084f2aa0e3c6deb2c86704c7402b?s=96&d=mm&r=g","contentUrl":"https:\/\/secure.gravatar.com\/avatar\/9a2930c54ede0e0a76c0f8abfb74704de273084f2aa0e3c6deb2c86704c7402b?s=96&d=mm&r=g","caption":"katja.heid@krafthand.de"}}]}},"_links":{"self":[{"href":"https:\/\/www.krafthand.de\/truck\/wp-json\/wp\/v2\/posts\/3174","targetHints":{"allow":["GET"]}}],"collection":[{"href":"https:\/\/www.krafthand.de\/truck\/wp-json\/wp\/v2\/posts"}],"about":[{"href":"https:\/\/www.krafthand.de\/truck\/wp-json\/wp\/v2\/types\/post"}],"author":[{"embeddable":true,"href":"https:\/\/www.krafthand.de\/truck\/wp-json\/wp\/v2\/users\/3"}],"replies":[{"embeddable":true,"href":"https:\/\/www.krafthand.de\/truck\/wp-json\/wp\/v2\/comments?post=3174"}],"version-history":[{"count":0,"href":"https:\/\/www.krafthand.de\/truck\/wp-json\/wp\/v2\/posts\/3174\/revisions"}],"wp:featuredmedia":[{"embeddable":true,"href":"https:\/\/www.krafthand.de\/truck\/wp-json\/wp\/v2\/media\/3175"}],"wp:attachment":[{"href":"https:\/\/www.krafthand.de\/truck\/wp-json\/wp\/v2\/media?parent=3174"}],"wp:term":[{"taxonomy":"category","embeddable":true,"href":"https:\/\/www.krafthand.de\/truck\/wp-json\/wp\/v2\/categories?post=3174"},{"taxonomy":"post_tag","embeddable":true,"href":"https:\/\/www.krafthand.de\/truck\/wp-json\/wp\/v2\/tags?post=3174"},{"taxonomy":"settings","embeddable":true,"href":"https:\/\/www.krafthand.de\/truck\/wp-json\/wp\/v2\/settings?post=3174"}],"curies":[{"name":"wp","href":"https:\/\/api.w.org\/{rel}","templated":true}]}}