{"id":31678,"date":"2022-04-01T11:35:39","date_gmt":"2022-04-01T09:35:39","guid":{"rendered":"https:\/\/www.krafthand.de\/truck\/?p=31678"},"modified":"2022-04-01T12:01:17","modified_gmt":"2022-04-01T10:01:17","slug":"embotech-die-zukunft-des-autonomen-fahrens","status":"publish","type":"post","link":"https:\/\/www.krafthand.de\/truck\/artikel\/embotech-die-zukunft-des-autonomen-fahrens-31678\/","title":{"rendered":"Embotech: Die Zukunft des Autonomen Fahrens"},"content":{"rendered":"<p>Embotech ist kein Industrieunternehmen, die Firma mit Sitz in Z\u00fcrich produziert auch keine Hardware, keine Sensoren oder Steuerungen. Vielmehr besch\u00e4ftigt sich ein internationales Expertenteam mit der Programmierung intelligenter Software, um ein (teil-) autonomes Fahren von Fahrzeugen zu erm\u00f6glichen. Auch Industrieanwendungen und L\u00f6sungen f\u00fcr Logistiker geh\u00f6ren dazu. Embotech ging 2013 aus einem Spin-Off der <a href=\"https:\/\/ethz.ch\/de.html\" target=\"_blank\" rel=\"noopener\">ETH Z\u00fcrich<\/a> hervor. Heute arbeiten rund 50 Ingenieure und Softwarespezialisten f\u00fcr das Unternehmen. Wir haben mit Andreas Kyrtatos, CEO bei <a href=\"https:\/\/www.embotech.com\" target=\"_blank\" rel=\"noopener\">Embotech<\/a>, gesprochen. Wo geht die Reise in Sachen autonomes Fahren bei Lastkraftwagen hin, was ist heute schon m\u00f6glich?<\/p>\n<p class=\"text-question\">Sehr geehrter Herr Kyrtatos, Embotech entwickelt Softwarel\u00f6sungen wie \u201aPRODRIVER\u2018 f\u00fcr das Autonome Fahren von Lkw auf Level 4. Was steckt genau dahinter?<\/p><p class=\"text-answer\"><\/p>\n<p>Der Schwerpunkt unserer Software PRODRIVER liegt in der Entscheidungsoptimierung. Es ist n\u00e4mlich genau dieser Teil des Software-Stacks, der \u00fcber die Reaktion des Fahrzeugs entscheidet, ob der Lkw nach links oder rechts abbiegt, ob gebremst oder beschleunigt wird. All dies bedingt eine pr\u00e4zise Abbildung der Fahrzeugumgebung.<\/p>\n<p>PRODRIVER funktioniert auf jedem beliebigen Fahrzeugtyp und trifft Entscheidungen binnen Millisekunden. Basis f\u00fcr die Software bildet die mathematische Optimierung auf Embedded Hardware, das hei\u00dft, wir setzen auf eine deterministische mathematische Vorgehensweise und physikalische Prozesse, welche die notwendigen Kalkulationen zirka 50 Mal pro Sekunde durchf\u00fchren.<\/p>\n<p class=\"text-question\">Wo liegen speziell die Herausforderungen?<\/p><p class=\"text-answer\"><\/p>\n<p>Die Herausforderungen sind vielf\u00e4ltiger Art. Um ein Beispiel zu nennen, wenden wir uns mal der \u201ePerception\u201c als einem anderen Teil des Software-Stack zu: Diese muss speziell f\u00fcr jede konkrete Anwendung optimiert werden, um einerseits eine hohe Systemverf\u00fcgbarkeit, andererseits tragbare Kosten sicherzustellen. Zudem muss der virtuelle Fahrer lokale Regeln einhalten, welche seine volle Funktionsf\u00e4higkeit allenfalls einschr\u00e4nken. Man denke da etwa an Ausweichman\u00f6ver, die unter bestimmten Umst\u00e4nden und lokalen Voraussetzungen erlaubt sind, unter anderen eben nicht.<\/p>\n<figure id=\"attachment_31680\" aria-describedby=\"caption-attachment-31680\" style=\"width: 1400px\" class=\"wp-caption alignnone\"><a href=\"https:\/\/static.krafthand-truck.de\/uploads\/2022\/03\/01_2022_005_4.jpg\" target=\"_blank\" rel=\"noopener\"><img fetchpriority=\"high\" decoding=\"async\" class=\"wp-image-31680 size-full\" src=\"https:\/\/static.krafthand-truck.de\/uploads\/2022\/03\/01_2022_005_4.jpg\" alt=\"\" width=\"1400\" height=\"855\" srcset=\"https:\/\/static.krafthand-truck.de\/uploads\/2022\/03\/01_2022_005_4.jpg 1400w, https:\/\/static.krafthand-truck.de\/uploads\/2022\/03\/01_2022_005_4-300x183.jpg 300w, https:\/\/static.krafthand-truck.de\/uploads\/2022\/03\/01_2022_005_4-1024x625.jpg 1024w, https:\/\/static.krafthand-truck.de\/uploads\/2022\/03\/01_2022_005_4-768x469.jpg 768w, https:\/\/static.krafthand-truck.de\/uploads\/2022\/03\/01_2022_005_4-1320x806.jpg 1320w\" sizes=\"(max-width: 1400px) 100vw, 1400px\" \/><\/a><figcaption id=\"caption-attachment-31680\" class=\"wp-caption-text\">Die Grafik zeigt ein Gel\u00e4nde mit verschiedenen Stationen, die durch eine Flotte autonomer Fahrzeuge miteinander verbunden sind. <em>\u201eWir fahren stets in einem sogenannten Mischverkehr. Unsere Kunden m\u00f6chten keine getrennten Areale, auf denen einzig autonome Systeme unterwegs sind\u201c<\/em>, so Kyrtatos. Grafik: Embotech<\/figcaption><\/figure>\n<p>&nbsp;<\/p>\n<p class=\"text-question\">Wie ist der Entwicklungsstand? Gibt es bereits Versuchsfahrzeuge?<\/p><p class=\"text-answer\"><\/p>\n<p>Die Software PRODRIVER ist weltweit schon in verschiedenen Anwendungen zum Einsatz gekommen, darunter beispielweise bei Leicht-Lkw im Bergbau oder in Automobilfabriken beziehungsweise auf Werksgel\u00e4nden, wo die Fahrzeuge vom Ende der Fertigungslinie autonom zu den Logistikzentren gefahren werden. Letztere Anwendung startet in Q3 2022 in die Serienproduktion. Schon seit 2020 sammelt unser Team f\u00fcr Nutzfahrzeug-Automatisierung Flottenerfahrung in einem Logistikzentrum in Germersheim. Seit Februar dieses Jahres haben wir auch mit der Produktion des ersten ZF-Embotech Lkws begonnen.<br \/>\n<div class=\"infobox box-grey\"><\/p>\n<figure id=\"attachment_31682\" aria-describedby=\"caption-attachment-31682\" style=\"width: 420px\" class=\"wp-caption alignleft\"><a href=\"https:\/\/static.krafthand-truck.de\/uploads\/2022\/03\/01_2022_005_3.jpg\" target=\"_blank\" rel=\"noopener\"><img decoding=\"async\" class=\"wp-image-31682\" src=\"https:\/\/static.krafthand-truck.de\/uploads\/2022\/03\/01_2022_005_3-300x200.jpg\" alt=\"Automatisiertes Fahren in abgesperrten Gebieten\" width=\"420\" height=\"280\" srcset=\"https:\/\/static.krafthand-truck.de\/uploads\/2022\/03\/01_2022_005_3-300x200.jpg 300w, https:\/\/static.krafthand-truck.de\/uploads\/2022\/03\/01_2022_005_3-1024x682.jpg 1024w, https:\/\/static.krafthand-truck.de\/uploads\/2022\/03\/01_2022_005_3-768x512.jpg 768w, https:\/\/static.krafthand-truck.de\/uploads\/2022\/03\/01_2022_005_3-1320x880.jpg 1320w, https:\/\/static.krafthand-truck.de\/uploads\/2022\/03\/01_2022_005_3.jpg 1400w\" sizes=\"(max-width: 420px) 100vw, 420px\" \/><\/a><figcaption id=\"caption-attachment-31682\" class=\"wp-caption-text\">ZF und Embotech entwickeln gemeinsam Systeml\u00f6sungen, um den Nutzfahrzeugbetrieb in Depots und anderen abgesperrten Gebieten zu automatisieren. Bild: ZF<\/figcaption><\/figure>\n<h3>ZF kooperiert mit Embotech<\/h3>\n<p>J\u00fcngst gab der Technologiekonzern <a href=\"https:\/\/www.zf.com\/mobile\/de\/homepage\/homepage.html\" target=\"_blank\" rel=\"noopener\">ZF Friedrichshafen<\/a> eine Kooperation mit Embotech bekannt. Hintergrund der Zusammenarbeit sind skalierbare und zuverl\u00e4ssige L\u00f6sungen f\u00fcr vielf\u00e4ltige Anwendungen im Bereich Transport-as-a-Service (TaaS), beispielsweise auf abgesperrten Arealen wie Betriebsh\u00f6fen. Ein weiteres gemeinsames Projekt ist ein intelligenter und vorausschauender Geschwindigkeitsassistent, der den Verkehrsfluss, Stra\u00dfenschilder sowie topografische Bedingungen ber\u00fccksichtigen soll. Mit der Software von Embotech k\u00f6nnen Fahrzeuge letztendlich selbstst\u00e4ndige Entscheidungen treffen. Das Know-how kombiniert ZF mit der Kompetenz in Sachen Sensoren, Aktoren sowie elektronischer Steuerungen f\u00fcr selbstfahrende Nutzfahrzeuge der <strong>Stufe 4<\/strong>, einschlie\u00dflich der Technologieplattform ADOPT (Autonomous-Driving-Open-Platform-Technology).<\/p>\n<p><\/div><br \/>\n<p class=\"text-question\">Ihr Fokus liegt also auf dem Vollautomatisierten Fahren?<\/p><p class=\"text-answer\"><\/p><\/p>\n<p>Ja, unser Unternehmen legt seinen Fokus auf die Entwicklung und den Einsatz automatisierter Fahrsysteme, nicht auf Fahrerassistenzsysteme (ADAS). F\u00fcr Lkw haben wir mit dem Zertifizierungsprozess f\u00fcr unsere virtuelle Level 4 Fahrersoftware PRODRIVER angefangen und zwar auf Privatgel\u00e4nde wie Betriebsh\u00f6fen und Werksgel\u00e4nden.<\/p>\n<p class=\"text-question\">Problemfelder des autonomen Fahrens sind einerseits die Sicherheit der Verkehrsteilnehmer, andererseits die rechtlichen Rahmenbedingungen, wie die Haftungsfrage bei Unf\u00e4llen. Wird es dazu in Zukunft einheitliche L\u00f6sungen geben?<\/p><p class=\"text-answer\"><\/p>\n<p>Zun\u00e4chst einmal wird es noch einige Jahre dauern, bis das rechtliche Umfeld rund um das autonome Fahren einen gewissen Reifegrad erreicht hat und somit Teil unseres Alltags darstellen wird. Langsam aber sicher wird das Thema von den Zertifizierungsbeh\u00f6rden wie dem deutschen T\u00dcV ernst genommen. Sie bauen mehr und mehr Expertise auf, damit sie die ihnen vorgelegten Sicherheitsnachweise entsprechend beurteilen k\u00f6nnen. Bei Embotech arbeiten wir intensiv mit dem T\u00dcV Rheinland zusammen, um unser System in Anwendungen wie Betriebsh\u00f6fen zertifizieren zu lassen. Der Zertifizierungsprozess beinhaltet eine sehr ausf\u00fchrliche Gefahren- und Risikoanalyse, die speziell darauf ausgerichtet ist, die Sicherheit nicht-motorisierter, das hei\u00dft ungesch\u00fctzter Verkehrsteilnehmer wie Fu\u00dfg\u00e4nger, Fahrradfahrer und auch anderer Fahrer zu gew\u00e4hrleisten.<\/p>\n<figure id=\"attachment_31681\" aria-describedby=\"caption-attachment-31681\" style=\"width: 266px\" class=\"wp-caption alignright\"><img decoding=\"async\" class=\"wp-image-31681 size-medium\" src=\"https:\/\/static.krafthand-truck.de\/uploads\/2022\/03\/01_2022_005_2-266x300.jpg\" alt=\"Andreas Kyrtatos, Embotech\" width=\"266\" height=\"300\" srcset=\"https:\/\/static.krafthand-truck.de\/uploads\/2022\/03\/01_2022_005_2-266x300.jpg 266w, https:\/\/static.krafthand-truck.de\/uploads\/2022\/03\/01_2022_005_2-907x1024.jpg 907w, https:\/\/static.krafthand-truck.de\/uploads\/2022\/03\/01_2022_005_2-768x867.jpg 768w, https:\/\/static.krafthand-truck.de\/uploads\/2022\/03\/01_2022_005_2.jpg 1063w\" sizes=\"(max-width: 266px) 100vw, 266px\" \/><figcaption id=\"caption-attachment-31681\" class=\"wp-caption-text\">Andreas Kyrtatos. Bild: Embotech<\/figcaption><\/figure>\n<p class=\"text-question\">Wie wird sich das Autonome Fahren im Nutzfahrzeugbereich in Zukunft entwickeln? Geben Sie uns bitte einen kurzen Ausblick.<\/p><p class=\"text-answer\"><\/p>\n<p>Wir gehen davon aus, dass sich der Markt in drei Segmente untergliedern wird: Fernverkehr-Lkw, Direktlieferungen (last-mile-deliveries) sowie die Automatisierung auf Betriebsgel\u00e4nde. Die Anforderungen f\u00fcr jedes dieser autonomen Systeme unterscheiden sich stark voneinander. Aber letztendlich wird es notwendig sein, dass die Systeme alle kompatibel sind und miteinander kommunizieren k\u00f6nnen.<\/p>\n<p>Bei Embotech konzentrieren wir uns auf Betriebsgel\u00e4nde, weil wir damit unsere effiziente und sichere L\u00f6sung schon heute in den Einsatz bringen k\u00f6nnen, ohne auf die Freigabe in Hinblick auf \u00f6ffentliche Stra\u00dfen angewiesen zu sein. Durch die Transportautomatisierung auf Betriebsgel\u00e4nde erm\u00f6glichen wir einen l\u00fcckenlosen autonomen Warentransport, von der Laderampe der Fertigungshalle bis hin zur Einfahrt des Gel\u00e4ndes, zum Beispiel durch Trailer-Yards. Ab dort wird dann entweder ein Fernlaster oder ein Fahrzeug f\u00fcr last-mile-delivery \u00fcbernehmen.<\/p>\n<blockquote class=\"khm-quote\"><p>\u201eLetztendlich ist es eine Frage der Zeit, bis autonome Lkw f\u00fcr den \u00f6ffentlichen Stra\u00dfenverkehr zugelassen werden\u201c, erkl\u00e4rt Andreas Kyrtatos.<\/p><\/blockquote>\n<p>Kunden, die den Verkehr auf Ihrem Firmengel\u00e4nde automatisieren m\u00f6chten, k\u00f6nnen in Zukunft auf verschiedene Alternativen zugreifen. Neben autonomen Lkws bieten sich auch Autonome Mobile Roboter (AMRs) oder automatisierte Landfahrzeuge an. Autonome Lkw haben jedoch den Vorteil, dass sie mit Sondergenehmigungen wie etwa vom T\u00dcV, \u00fcber kurze Strecken auch \u00f6ffentliche Stra\u00dfen befahren d\u00fcrfen. Letztendlich ist aber nur noch eine Frage der Zeit, bis autonome Lastwagen dann in ein paar Jahren g\u00e4nzlich f\u00fcr den \u00f6ffentlichen Verkehr zugelassen werden.<\/p>\n<p>&nbsp;<\/p>\n<div class=\"infobox box-grey\"><\/p>\n<h3>Autonomes Fahren &#8211; Die f\u00fcnf Stufen:<\/h3>\n<ul>\n<li><strong>Level 1: Assistiert<\/strong> (Fahrer f\u00fchrt L\u00e4ngs-\/Quersteuerung durch)<\/li>\n<li><strong>Level 2: Teilautomatisiert<\/strong> (Fahrer \u00fcberwacht Fahraufgabe\/Fahrumfeld permanent, System \u00fcbernimmt L\u00e4ngs-\/Querf\u00fchrung in definiertem Anwendungsfall)<\/li>\n<li><strong>Level 3: Hochautomatisiert<\/strong> (Fahrer \u00fcberwacht Fahraufgabe nicht, muss aber permanent eingreifen k\u00f6nnen, System \u00fcbernimmt L\u00e4ngs-\/Querf\u00fchrung in definiertem Anwendungsfall, erkennt Leistungsgrenzen und fordert Fahrer in ausreichendem Zeitraum auf zu \u00fcbernehmen)<\/li>\n<li><strong>Level 4: Vollautomatisiert<\/strong> (Im definierten Anwendungsfall ist kein Eingreifen des Fahrers notwendig)<\/li>\n<li><strong>Level 5: Autonom<\/strong> (Das System \u00fcbernimmt die komplette Fahraufgabe)<\/li>\n<\/ul>\n<p><\/div>\n<p>&nbsp;<\/p>\n<p><i>Den Beitrag finden Sie auch in der Print-Ausgabe 1\/2022 der <a href=\"https:\/\/www.krafthand.de\/truck\/magazin\/\" title=\"Zum Magazin\">Krafthand-Truck<\/a>.<\/i><\/p>\r\n\t\t\t\t<div class=\"post-author\">\r\n\t\t\t\t\t<div class=\"khm-cp-author clearfix\">\r\n\t\t\t\t\t\t<div class=\"khm-cp-author__content\">\r\n\t\t\t\t\t\t\t\tKontakt zum Autor:<br \/>\r\n\t\t\t\t\t\t\t\t<strong>Georg Blenk<\/strong>, 08247 \/ 3007-45 |  <a href=\"mailto:georg.blenk@krafthand-medien.de\">georg.blenk@krafthand-medien.de<\/a>\r\n\t\t\t\t\t\t\t<div class=\"khm-cp-author__image\">\r\n\t\t\t\t\t\t<img src=\"https:\/\/static.krafthand-truck.de\/uploads\/2021\/01\/Blenk_6104-250x300-1-removebg-preview.png\" class=\"img-responsive\">\r\n\t\t\t\t\t<\/div>\r\n\t\t\t\t\t\t<\/div>\r\n\t\t\t\t\t<\/div>\r\n\t\t\t\t<\/div>\r\n\t\t\t\t","protected":false},"excerpt":{"rendered":"<p>\u201eLetztendlich ist es eine Frage der Zeit bis autonome Lkw f\u00fcr den \u00f6ffentlichen Stra\u00dfenverkehr zugelassen werden.&#8220; Krafthand-Truck hat mit Andreas Kyrtatos, CEO bei Embotech, \u00fcber die Zukunft des Autonomen Fahrens gesprochen. Wo geht die Reise hin, was ist heute schon m\u00f6glich? <span class=\"excerpt-more__dots\">&#8230;<\/span> <a class=\"excerpt-more__link\" href=\"https:\/\/www.krafthand.de\/truck\/artikel\/embotech-die-zukunft-des-autonomen-fahrens-31678\/\" >weiter<\/a><\/p>\n","protected":false},"author":9,"featured_media":31679,"comment_status":"closed","ping_status":"closed","sticky":false,"template":"","format":"standard","meta":{"footnotes":""},"categories":[4225,4235],"tags":[4769,5147,4301,1237,4984,5118,5148,2979],"settings":[3524,3523],"class_list":["post-31678","post","type-post","status-publish","format-standard","has-post-thumbnail","hentry","category-ssistenzsysteme","category-unternehmen","tag-adas","tag-andreas-kyrtatos","tag-assistenzsysteme","tag-autonomes-fahren","tag-embotech","tag-kuenstliche-intelligenz","tag-level4","tag-software"],"yoast_head":"<!-- This site is optimized with the Yoast SEO plugin v27.3 - https:\/\/yoast.com\/product\/yoast-seo-wordpress\/ -->\n<title>Embotech I Andreas Kyrtatos I Autonomes Fahren I Krafthand-Truck<\/title>\n<meta name=\"description\" content=\"\u201eLetztendlich ist es eine Frage der Zeit bis autonome Lkw f\u00fcr den \u00f6ffentlichen Stra\u00dfenverkehr zugelassen werden&quot;, so Andreas Kyrtatos, CEO bei Embotech.\" \/>\n<meta name=\"robots\" content=\"index, follow, max-snippet:-1, max-image-preview:large, max-video-preview:-1\" \/>\n<link rel=\"canonical\" href=\"https:\/\/www.krafthand.de\/truck\/artikel\/embotech-die-zukunft-des-autonomen-fahrens-31678\/\" \/>\n<meta property=\"og:locale\" content=\"de_DE\" \/>\n<meta property=\"og:type\" content=\"article\" \/>\n<meta property=\"og:title\" content=\"Embotech I Andreas Kyrtatos I Autonomes Fahren I Krafthand-Truck\" \/>\n<meta property=\"og:description\" content=\"\u201eLetztendlich ist es eine Frage der Zeit bis autonome Lkw f\u00fcr den \u00f6ffentlichen Stra\u00dfenverkehr zugelassen werden&quot;, so Andreas Kyrtatos, CEO bei Embotech.\" \/>\n<meta property=\"og:url\" content=\"https:\/\/www.krafthand-truck.de\/artikel\/embotech-die-zukunft-des-autonomen-fahrens-31678\/\" \/>\n<meta property=\"og:site_name\" content=\"Krafthand-Truck\" \/>\n<meta property=\"article:published_time\" content=\"2022-04-01T09:35:39+00:00\" \/>\n<meta property=\"article:modified_time\" content=\"2022-04-01T10:01:17+00:00\" \/>\n<meta property=\"og:image\" content=\"https:\/\/static.krafthand-truck.de\/uploads\/2022\/03\/01_2022_005_1.jpg\" \/>\n\t<meta property=\"og:image:width\" content=\"1400\" \/>\n\t<meta property=\"og:image:height\" content=\"933\" \/>\n\t<meta property=\"og:image:type\" content=\"image\/jpeg\" \/>\n<meta name=\"author\" content=\"georg.blenk@krafthand-medien.de\" \/>\n<meta name=\"twitter:card\" content=\"summary_large_image\" \/>\n<meta name=\"twitter:label1\" content=\"Verfasst von\" \/>\n\t<meta name=\"twitter:data1\" content=\"georg.blenk@krafthand-medien.de\" \/>\n\t<meta name=\"twitter:label2\" content=\"Gesch\u00e4tzte Lesezeit\" \/>\n\t<meta name=\"twitter:data2\" content=\"7\u00a0Minuten\" \/>\n<script type=\"application\/ld+json\" class=\"yoast-schema-graph\">{\"@context\":\"https:\\\/\\\/schema.org\",\"@graph\":[{\"@type\":\"Article\",\"@id\":\"https:\\\/\\\/www.krafthand.de\\\/truck\\\/artikel\\\/embotech-die-zukunft-des-autonomen-fahrens-31678\\\/#article\",\"isPartOf\":{\"@id\":\"https:\\\/\\\/www.krafthand.de\\\/truck\\\/artikel\\\/embotech-die-zukunft-des-autonomen-fahrens-31678\\\/\"},\"author\":{\"name\":\"georg.blenk@krafthand-medien.de\",\"@id\":\"https:\\\/\\\/www.krafthand.de\\\/truck\\\/#\\\/schema\\\/person\\\/51fa80b1c57034c4bf63f9f988fc24ce\"},\"headline\":\"Embotech: Die Zukunft des Autonomen Fahrens\",\"datePublished\":\"2022-04-01T09:35:39+00:00\",\"dateModified\":\"2022-04-01T10:01:17+00:00\",\"mainEntityOfPage\":{\"@id\":\"https:\\\/\\\/www.krafthand.de\\\/truck\\\/artikel\\\/embotech-die-zukunft-des-autonomen-fahrens-31678\\\/\"},\"wordCount\":1144,\"image\":{\"@id\":\"https:\\\/\\\/www.krafthand.de\\\/truck\\\/artikel\\\/embotech-die-zukunft-des-autonomen-fahrens-31678\\\/#primaryimage\"},\"thumbnailUrl\":\"https:\\\/\\\/static.krafthand-truck.de\\\/uploads\\\/2022\\\/03\\\/01_2022_005_1.jpg\",\"keywords\":[\"ADAS\",\"Andreas Kyrtatos\",\"Assistenzsysteme\",\"Autonomes Fahren\",\"Embotech\",\"k\u00fcnstliche Intelligenz\",\"Level4\",\"Software\"],\"articleSection\":[\"Assistenzsysteme\",\"Unternehmen\"],\"inLanguage\":\"de\"},{\"@type\":\"WebPage\",\"@id\":\"https:\\\/\\\/www.krafthand.de\\\/truck\\\/artikel\\\/embotech-die-zukunft-des-autonomen-fahrens-31678\\\/\",\"url\":\"https:\\\/\\\/www.krafthand.de\\\/truck\\\/artikel\\\/embotech-die-zukunft-des-autonomen-fahrens-31678\\\/\",\"name\":\"Embotech I Andreas Kyrtatos I Autonomes Fahren I Krafthand-Truck\",\"isPartOf\":{\"@id\":\"https:\\\/\\\/www.krafthand.de\\\/truck\\\/#website\"},\"primaryImageOfPage\":{\"@id\":\"https:\\\/\\\/www.krafthand.de\\\/truck\\\/artikel\\\/embotech-die-zukunft-des-autonomen-fahrens-31678\\\/#primaryimage\"},\"image\":{\"@id\":\"https:\\\/\\\/www.krafthand.de\\\/truck\\\/artikel\\\/embotech-die-zukunft-des-autonomen-fahrens-31678\\\/#primaryimage\"},\"thumbnailUrl\":\"https:\\\/\\\/static.krafthand-truck.de\\\/uploads\\\/2022\\\/03\\\/01_2022_005_1.jpg\",\"datePublished\":\"2022-04-01T09:35:39+00:00\",\"dateModified\":\"2022-04-01T10:01:17+00:00\",\"author\":{\"@id\":\"https:\\\/\\\/www.krafthand.de\\\/truck\\\/#\\\/schema\\\/person\\\/51fa80b1c57034c4bf63f9f988fc24ce\"},\"description\":\"\u201eLetztendlich ist es eine Frage der Zeit bis autonome Lkw f\u00fcr den \u00f6ffentlichen Stra\u00dfenverkehr zugelassen werden\\\", so Andreas Kyrtatos, CEO bei Embotech.\",\"breadcrumb\":{\"@id\":\"https:\\\/\\\/www.krafthand.de\\\/truck\\\/artikel\\\/embotech-die-zukunft-des-autonomen-fahrens-31678\\\/#breadcrumb\"},\"inLanguage\":\"de\",\"potentialAction\":[{\"@type\":\"ReadAction\",\"target\":[\"https:\\\/\\\/www.krafthand.de\\\/truck\\\/artikel\\\/embotech-die-zukunft-des-autonomen-fahrens-31678\\\/\"]}]},{\"@type\":\"ImageObject\",\"inLanguage\":\"de\",\"@id\":\"https:\\\/\\\/www.krafthand.de\\\/truck\\\/artikel\\\/embotech-die-zukunft-des-autonomen-fahrens-31678\\\/#primaryimage\",\"url\":\"https:\\\/\\\/static.krafthand-truck.de\\\/uploads\\\/2022\\\/03\\\/01_2022_005_1.jpg\",\"contentUrl\":\"https:\\\/\\\/static.krafthand-truck.de\\\/uploads\\\/2022\\\/03\\\/01_2022_005_1.jpg\",\"width\":1400,\"height\":933,\"caption\":\"Dank intelligenter Software: Lkw sind auf Betriebsh\u00f6fen im Rahmen von Pilotprojekten heute schon selbstst\u00e4ndig unterwegs, eine erste Serienanwendung folgt in K\u00fcrze. Bild: th-photo - stock.adobe.com\"},{\"@type\":\"BreadcrumbList\",\"@id\":\"https:\\\/\\\/www.krafthand.de\\\/truck\\\/artikel\\\/embotech-die-zukunft-des-autonomen-fahrens-31678\\\/#breadcrumb\",\"itemListElement\":[{\"@type\":\"ListItem\",\"position\":1,\"name\":\"Krafthand-Truck\",\"item\":\"https:\\\/\\\/www.krafthand.de\\\/truck\\\/\"},{\"@type\":\"ListItem\",\"position\":2,\"name\":\"Nfz-Technik\",\"item\":\"https:\\\/\\\/www.krafthand.de\\\/truck\\\/kategorie\\\/nfz-technik\\\/\"},{\"@type\":\"ListItem\",\"position\":3,\"name\":\"Assistenzsysteme\",\"item\":\"https:\\\/\\\/www.krafthand.de\\\/truck\\\/kategorie\\\/nfz-technik\\\/ssistenzsysteme\\\/\"},{\"@type\":\"ListItem\",\"position\":4,\"name\":\"Embotech: Die Zukunft des Autonomen Fahrens\"}]},{\"@type\":\"WebSite\",\"@id\":\"https:\\\/\\\/www.krafthand.de\\\/truck\\\/#website\",\"url\":\"https:\\\/\\\/www.krafthand.de\\\/truck\\\/\",\"name\":\"Krafthand-Truck\",\"description\":\"\",\"potentialAction\":[{\"@type\":\"SearchAction\",\"target\":{\"@type\":\"EntryPoint\",\"urlTemplate\":\"https:\\\/\\\/www.krafthand.de\\\/truck\\\/?s={search_term_string}\"},\"query-input\":{\"@type\":\"PropertyValueSpecification\",\"valueRequired\":true,\"valueName\":\"search_term_string\"}}],\"inLanguage\":\"de\"},{\"@type\":\"Person\",\"@id\":\"https:\\\/\\\/www.krafthand.de\\\/truck\\\/#\\\/schema\\\/person\\\/51fa80b1c57034c4bf63f9f988fc24ce\",\"name\":\"georg.blenk@krafthand-medien.de\",\"image\":{\"@type\":\"ImageObject\",\"inLanguage\":\"de\",\"@id\":\"https:\\\/\\\/secure.gravatar.com\\\/avatar\\\/93713c30affe0aa95d3a4130e499bb1abee2eb31adbdd9ce2aa1543538490215?s=96&d=mm&r=g\",\"url\":\"https:\\\/\\\/secure.gravatar.com\\\/avatar\\\/93713c30affe0aa95d3a4130e499bb1abee2eb31adbdd9ce2aa1543538490215?s=96&d=mm&r=g\",\"contentUrl\":\"https:\\\/\\\/secure.gravatar.com\\\/avatar\\\/93713c30affe0aa95d3a4130e499bb1abee2eb31adbdd9ce2aa1543538490215?s=96&d=mm&r=g\",\"caption\":\"georg.blenk@krafthand-medien.de\"}}]}<\/script>\n<!-- \/ Yoast SEO plugin. -->","yoast_head_json":{"title":"Embotech I Andreas Kyrtatos I Autonomes Fahren I Krafthand-Truck","description":"\u201eLetztendlich ist es eine Frage der Zeit bis autonome Lkw f\u00fcr den \u00f6ffentlichen Stra\u00dfenverkehr zugelassen werden\", so Andreas Kyrtatos, CEO bei Embotech.","robots":{"index":"index","follow":"follow","max-snippet":"max-snippet:-1","max-image-preview":"max-image-preview:large","max-video-preview":"max-video-preview:-1"},"canonical":"https:\/\/www.krafthand.de\/truck\/artikel\/embotech-die-zukunft-des-autonomen-fahrens-31678\/","og_locale":"de_DE","og_type":"article","og_title":"Embotech I Andreas Kyrtatos I Autonomes Fahren I Krafthand-Truck","og_description":"\u201eLetztendlich ist es eine Frage der Zeit bis autonome Lkw f\u00fcr den \u00f6ffentlichen Stra\u00dfenverkehr zugelassen werden\", so Andreas Kyrtatos, CEO bei Embotech.","og_url":"https:\/\/www.krafthand-truck.de\/artikel\/embotech-die-zukunft-des-autonomen-fahrens-31678\/","og_site_name":"Krafthand-Truck","article_published_time":"2022-04-01T09:35:39+00:00","article_modified_time":"2022-04-01T10:01:17+00:00","og_image":[{"width":1400,"height":933,"url":"https:\/\/static.krafthand-truck.de\/uploads\/2022\/03\/01_2022_005_1.jpg","type":"image\/jpeg"}],"author":"georg.blenk@krafthand-medien.de","twitter_card":"summary_large_image","twitter_misc":{"Verfasst von":"georg.blenk@krafthand-medien.de","Gesch\u00e4tzte Lesezeit":"7\u00a0Minuten"},"schema":{"@context":"https:\/\/schema.org","@graph":[{"@type":"Article","@id":"https:\/\/www.krafthand.de\/truck\/artikel\/embotech-die-zukunft-des-autonomen-fahrens-31678\/#article","isPartOf":{"@id":"https:\/\/www.krafthand.de\/truck\/artikel\/embotech-die-zukunft-des-autonomen-fahrens-31678\/"},"author":{"name":"georg.blenk@krafthand-medien.de","@id":"https:\/\/www.krafthand.de\/truck\/#\/schema\/person\/51fa80b1c57034c4bf63f9f988fc24ce"},"headline":"Embotech: Die Zukunft des Autonomen Fahrens","datePublished":"2022-04-01T09:35:39+00:00","dateModified":"2022-04-01T10:01:17+00:00","mainEntityOfPage":{"@id":"https:\/\/www.krafthand.de\/truck\/artikel\/embotech-die-zukunft-des-autonomen-fahrens-31678\/"},"wordCount":1144,"image":{"@id":"https:\/\/www.krafthand.de\/truck\/artikel\/embotech-die-zukunft-des-autonomen-fahrens-31678\/#primaryimage"},"thumbnailUrl":"https:\/\/static.krafthand-truck.de\/uploads\/2022\/03\/01_2022_005_1.jpg","keywords":["ADAS","Andreas Kyrtatos","Assistenzsysteme","Autonomes Fahren","Embotech","k\u00fcnstliche Intelligenz","Level4","Software"],"articleSection":["Assistenzsysteme","Unternehmen"],"inLanguage":"de"},{"@type":"WebPage","@id":"https:\/\/www.krafthand.de\/truck\/artikel\/embotech-die-zukunft-des-autonomen-fahrens-31678\/","url":"https:\/\/www.krafthand.de\/truck\/artikel\/embotech-die-zukunft-des-autonomen-fahrens-31678\/","name":"Embotech I Andreas Kyrtatos I Autonomes Fahren I Krafthand-Truck","isPartOf":{"@id":"https:\/\/www.krafthand.de\/truck\/#website"},"primaryImageOfPage":{"@id":"https:\/\/www.krafthand.de\/truck\/artikel\/embotech-die-zukunft-des-autonomen-fahrens-31678\/#primaryimage"},"image":{"@id":"https:\/\/www.krafthand.de\/truck\/artikel\/embotech-die-zukunft-des-autonomen-fahrens-31678\/#primaryimage"},"thumbnailUrl":"https:\/\/static.krafthand-truck.de\/uploads\/2022\/03\/01_2022_005_1.jpg","datePublished":"2022-04-01T09:35:39+00:00","dateModified":"2022-04-01T10:01:17+00:00","author":{"@id":"https:\/\/www.krafthand.de\/truck\/#\/schema\/person\/51fa80b1c57034c4bf63f9f988fc24ce"},"description":"\u201eLetztendlich ist es eine Frage der Zeit bis autonome Lkw f\u00fcr den \u00f6ffentlichen Stra\u00dfenverkehr zugelassen werden\", so Andreas Kyrtatos, CEO bei Embotech.","breadcrumb":{"@id":"https:\/\/www.krafthand.de\/truck\/artikel\/embotech-die-zukunft-des-autonomen-fahrens-31678\/#breadcrumb"},"inLanguage":"de","potentialAction":[{"@type":"ReadAction","target":["https:\/\/www.krafthand.de\/truck\/artikel\/embotech-die-zukunft-des-autonomen-fahrens-31678\/"]}]},{"@type":"ImageObject","inLanguage":"de","@id":"https:\/\/www.krafthand.de\/truck\/artikel\/embotech-die-zukunft-des-autonomen-fahrens-31678\/#primaryimage","url":"https:\/\/static.krafthand-truck.de\/uploads\/2022\/03\/01_2022_005_1.jpg","contentUrl":"https:\/\/static.krafthand-truck.de\/uploads\/2022\/03\/01_2022_005_1.jpg","width":1400,"height":933,"caption":"Dank intelligenter Software: Lkw sind auf Betriebsh\u00f6fen im Rahmen von Pilotprojekten heute schon selbstst\u00e4ndig unterwegs, eine erste Serienanwendung folgt in K\u00fcrze. Bild: th-photo - stock.adobe.com"},{"@type":"BreadcrumbList","@id":"https:\/\/www.krafthand.de\/truck\/artikel\/embotech-die-zukunft-des-autonomen-fahrens-31678\/#breadcrumb","itemListElement":[{"@type":"ListItem","position":1,"name":"Krafthand-Truck","item":"https:\/\/www.krafthand.de\/truck\/"},{"@type":"ListItem","position":2,"name":"Nfz-Technik","item":"https:\/\/www.krafthand.de\/truck\/kategorie\/nfz-technik\/"},{"@type":"ListItem","position":3,"name":"Assistenzsysteme","item":"https:\/\/www.krafthand.de\/truck\/kategorie\/nfz-technik\/ssistenzsysteme\/"},{"@type":"ListItem","position":4,"name":"Embotech: Die Zukunft des Autonomen Fahrens"}]},{"@type":"WebSite","@id":"https:\/\/www.krafthand.de\/truck\/#website","url":"https:\/\/www.krafthand.de\/truck\/","name":"Krafthand-Truck","description":"","potentialAction":[{"@type":"SearchAction","target":{"@type":"EntryPoint","urlTemplate":"https:\/\/www.krafthand.de\/truck\/?s={search_term_string}"},"query-input":{"@type":"PropertyValueSpecification","valueRequired":true,"valueName":"search_term_string"}}],"inLanguage":"de"},{"@type":"Person","@id":"https:\/\/www.krafthand.de\/truck\/#\/schema\/person\/51fa80b1c57034c4bf63f9f988fc24ce","name":"georg.blenk@krafthand-medien.de","image":{"@type":"ImageObject","inLanguage":"de","@id":"https:\/\/secure.gravatar.com\/avatar\/93713c30affe0aa95d3a4130e499bb1abee2eb31adbdd9ce2aa1543538490215?s=96&d=mm&r=g","url":"https:\/\/secure.gravatar.com\/avatar\/93713c30affe0aa95d3a4130e499bb1abee2eb31adbdd9ce2aa1543538490215?s=96&d=mm&r=g","contentUrl":"https:\/\/secure.gravatar.com\/avatar\/93713c30affe0aa95d3a4130e499bb1abee2eb31adbdd9ce2aa1543538490215?s=96&d=mm&r=g","caption":"georg.blenk@krafthand-medien.de"}}]}},"_links":{"self":[{"href":"https:\/\/www.krafthand.de\/truck\/wp-json\/wp\/v2\/posts\/31678","targetHints":{"allow":["GET"]}}],"collection":[{"href":"https:\/\/www.krafthand.de\/truck\/wp-json\/wp\/v2\/posts"}],"about":[{"href":"https:\/\/www.krafthand.de\/truck\/wp-json\/wp\/v2\/types\/post"}],"author":[{"embeddable":true,"href":"https:\/\/www.krafthand.de\/truck\/wp-json\/wp\/v2\/users\/9"}],"replies":[{"embeddable":true,"href":"https:\/\/www.krafthand.de\/truck\/wp-json\/wp\/v2\/comments?post=31678"}],"version-history":[{"count":11,"href":"https:\/\/www.krafthand.de\/truck\/wp-json\/wp\/v2\/posts\/31678\/revisions"}],"predecessor-version":[{"id":31943,"href":"https:\/\/www.krafthand.de\/truck\/wp-json\/wp\/v2\/posts\/31678\/revisions\/31943"}],"wp:featuredmedia":[{"embeddable":true,"href":"https:\/\/www.krafthand.de\/truck\/wp-json\/wp\/v2\/media\/31679"}],"wp:attachment":[{"href":"https:\/\/www.krafthand.de\/truck\/wp-json\/wp\/v2\/media?parent=31678"}],"wp:term":[{"taxonomy":"category","embeddable":true,"href":"https:\/\/www.krafthand.de\/truck\/wp-json\/wp\/v2\/categories?post=31678"},{"taxonomy":"post_tag","embeddable":true,"href":"https:\/\/www.krafthand.de\/truck\/wp-json\/wp\/v2\/tags?post=31678"},{"taxonomy":"settings","embeddable":true,"href":"https:\/\/www.krafthand.de\/truck\/wp-json\/wp\/v2\/settings?post=31678"}],"curies":[{"name":"wp","href":"https:\/\/api.w.org\/{rel}","templated":true}]}}