{"id":31657,"date":"2022-03-18T11:37:49","date_gmt":"2022-03-18T10:37:49","guid":{"rendered":"https:\/\/www.krafthand.de\/truck\/?p=31657"},"modified":"2022-04-09T08:25:59","modified_gmt":"2022-04-09T06:25:59","slug":"klappe-die-letzte-im-gespraech-mit-ernst-prost","status":"publish","type":"post","link":"https:\/\/www.krafthand.de\/truck\/artikel\/klappe-die-letzte-im-gespraech-mit-ernst-prost-31657\/","title":{"rendered":"Klappe, die Letzte!? &#8211; Georg Blenk im Gespr\u00e4ch mit Ernst Prost"},"content":{"rendered":"<h3>Ernst Prost, langj\u00e4hriger Inhaber und Gesch\u00e4ftsf\u00fchrer von LIQUI MOLY, ist ein kritischer, mitunter unbequemer, teils streitbarer Geist. Er glaubt an traditionelle Werte und ist durch und durch Unternehmer. Am 22. Februar 2022 hat er nach \u00fcber 31 Jahren das Unternehmen verlassen und sich in den Ruhestand verabschiedet. Georg Blenk hat mit Prost \u00fcber den Menschen, die Karriere und die Entwicklung des Schmierstoffgesch\u00e4fts gesprochen.<\/h3>\n<p class=\"text-question\">Herr Prost, sie absolvierten eine Lehre zum Kfz-Schlosser, sind bei Sonax durchgestartet, haben LIQUI MOLY \u00fcbernommen und zur globalen Marke weiterentwickelt. Das nennt man Erfolgsstory! Sind Sie ein disziplinierter Malocher, ein brillanter Manager oder einfach nur ein \u201aWilder Hund\u2018?<\/p><p class=\"text-answer\"><\/p>\n<p>Da haben Sie mich ganz treffend beschrieben. Von allem etwas. Zus\u00e4tzlich bin ich noch ein sehr ehrgeiziger Mensch, der gro\u00dfe Freude am Schaffen und Erschaffen hat.<\/p>\n<p class=\"text-question\">Sie bezeichneten sich selbst einmal als Schlossherr, \u00d6l-Fuzzi und Multimillion\u00e4r. Kokettieren Sie da nicht ein bisschen?<\/p><p class=\"text-answer\"><\/p>\n<p>Das sind die Etiketten, die mir im Laufe meines Arbeitslebens durch die Presse angeheftet wurden. Kommt nicht von mir. \u201eRoter Kapitalist\u201c war auch schon dabei, \u201eDer \u00d6lprinz\u201c \u2013 und was wei\u00df ich noch alles. Ist doch lustig. Ich nehme das nicht so ernst und am\u00fcsiere mich \u00fcber diese fantasiereichen Titel, solange nichts Ehrenr\u00fchriges darunter ist.<\/p>\n<h2><em>\u201eIch am\u00fcsiere mich \u00fcber fantasiereiche Titel\u201c<\/em><\/h2>\n<p class=\"text-question\">Sie gelten als unkonventioneller Macher. Wie w\u00fcrden Sie Ihren F\u00fchrungsstil beschreiben?<\/p><p class=\"text-answer\"><\/p>\n<p>Ich f\u00fchre durch Vorangehen. \u201eFolgt mir\u201c gef\u00e4llt mir besser als \u201eMacht mal\u201c. Ich k\u00fcmmere mich um meine Leute und bin f\u00fcr jeden da. Deshalb vertrauen und folgen mir die Menschen. Halte ich \u00fcbrigens nicht f\u00fcr unkonventionell, sondern im Gebaren von Profit-Maschinen und Turbo-Kapitalisten nur etwas aus der Mode gekommen. Die Wirtschaft muss dem Menschen dienen und nicht umgekehrt.<\/p>\n<p class=\"text-question\">Liqui Moly hat im Jahr 2021 so viel \u00d6l produziert wie niemals zuvor. Der Umsatz stieg gegen\u00fcber 2020 auf 733 Millionen Euro, ein Plus von 20 Prozent. Wie motivieren Sie ihre Mitarbeiter zu immer neuen H\u00f6chstleitungen?<\/p><p class=\"text-answer\"><\/p>\n<p>Die Menschen sind doch grunds\u00e4tzlich motiviert. Das liegt in unserer Natur. Man sollte seine Mitstreiter nur nicht demotivieren. Frust erzeugt Lust-Verlust. Die Menschen sind doch schon zufrieden und dankbar, wenn man sie anst\u00e4ndig behandelt, fair bezahlt und geben dann schon von selbst ihr Bestes. Da muss man kein Motivations-Klimbim veranstalten.<\/p>\n<h2><em>\u201eMan muss kein Motivations-Klimbim veranstalten\u201c<\/em><\/h2>\n<p class=\"text-question\">Menschen haben unterschiedliche St\u00e4rken und Schw\u00e4chen. Legen Sie an Ihre Mitarbeiter ebenso hohe Ma\u00dfst\u00e4be an wie an sich selbst?<\/p><p class=\"text-answer\"><\/p>\n<p>Das w\u00e4re falsch. Den Fehler habe ich oft gemacht. Aber erstens sind nicht alle Menschen gleich und zweitens haben nicht alle Menschen die gleich starke Antriebsfeder, die gleichen Lebensziele, den gleichen Spa\u00dffaktor an der Arbeit \u2013 und dem muss man Rechnung tragen. Genauso wie den Wechself\u00e4llen des Lebens, die manchen oft genug hart pr\u00fcgeln und aus einem Starken ganz geschwind einen Schwachen machen k\u00f6nnen. Da n\u00fctzt es dann nichts zu fordern. In solchen F\u00e4llen ist Hilfe gefragt. Hilfe vom Chef und Hilfe von der Mannschaft. Mir ist nur wichtig, dass jeder sein Bestes gibt \u2013 egal wie viel das im Vergleich zu anderen ist. Manch einer m\u00f6chte gerne, aber kann halt nicht. Die Schw\u00e4che des einen kann durch die St\u00e4rke des anderen ausgeglichen werden und genau dieses Mannschafts-Denken ist schon immer unsere St\u00e4rke gewesen.<\/p>\n<p class=\"text-question\">Man sagt Ihnen ein unerm\u00fcdliches Arbeitspensum nach. Wie gelang es Ihnen trotzdem hin und wieder abzuschalten?<\/p><p class=\"text-answer\"><\/p>\n<p>Ja, ich bin ein Workaholic. Das habe ich schon sehr fr\u00fch feststellen m\u00fcssen. Arbeit ist f\u00fcr mich eine Droge. Aber ich habe schon Schlimmeres konsumiert, das weitaus weniger Nutzen f\u00fcr mich, meine Kolleginnen und Kollegen und die gesamte Gesellschaft gebracht hat. Von daher habe ich Frieden mit diesem Charakterzug von mir gemacht. Was soll ich mich auch gegen eine Veranlagung wehren? Tag und Nacht schaffen war mir deshalb auch keine Last, sondern eine Freude und ein Vergn\u00fcgen. Mehr Hobby und Leidenschaft als missliebige T\u00e4tigkeit. Und wenn man was gerne tut, dann will man auch gar nicht abschalten. Im \u00dcbrigen bin ich da nicht der Einzige in unseren Reihen, der so unterwegs ist.<\/p>\n<p class=\"text-question\">In den Jahren 2009 bis 2012 waren Sie in den Medien omnipr\u00e4sent, sa\u00dfen in Talkshows, ihr Konterfei war auf gro\u00dffl\u00e4chigen Anzeigen zu sehen. Danach haben Sie sich mehr oder weniger aus den Medien zur\u00fcckgezogen. War die Kommunikationsoffensive ein Fehler?<\/p><p class=\"text-answer\"><\/p>\n<p>Eher weniger habe ich mich zur\u00fcckgezogen. Auch in den nachfolgenden Jahren dieses kommunikativen Trommelfeuers habe ich dieser Firma, dieser Marke ein Gesicht gegeben, eine Pers\u00f6nlichkeit und den Menschen hinter all den Produkten und Konzepten \u2013 n\u00e4mlich mich \u2013 beleuchten lassen. Das ist alles andere als ein Fehler. Ganz im Gegenteil, die Menschen \u2013 wozu auch Kunden geh\u00f6ren, wollen wissen, mit wem sie Gesch\u00e4fte machen, bei wem sie kaufen und wie der Typ tickt. In dieser anonymisierten Wirtschaft bekommt man ja kaum mehr einen Verantwortlichen zu fassen. Anrufbeantworter, Hotlines, Callcenter. Wo bleibt da der Mensch mit seinem Bed\u00fcrfnis nach zwischenmenschlicher Kommunikation und Beziehung? Die Personifizierung von Firmen und Leistungen ist schon richtig \u2013 man muss nur einiges aushalten k\u00f6nnen und ein dickes Fell haben und zus\u00e4tzlich ein erh\u00f6htes Arbeitspensum f\u00fcr diese direkte Form der Kommunikation aufbringen. Aber wenn ich das nicht f\u00fcr meine Kunden mache als Chef, f\u00fcr wen dann?<\/p>\n<h2><em>\u201eWo bleibt der Mensch mit seinem Bed\u00fcrfnis nach zwischenmenschlicher Kommunikation und Beziehung?\u201c<\/em><\/h2>\n<p class=\"text-question\">Vor welchen Herausforderungen steht die Schmierstoffbranche in Zeiten des Wandels hin zu alternativen Antrieben und vor dem Hintergrund des Klimaschutzes?<\/p><p class=\"text-answer\"><\/p>\n<p>Vor gewaltigen Herausforderungen, denen wir uns aber schon lange stellen und auf Teufel komm raus diversifizieren und internationalisieren um im Technologie-Wandel nicht unterzugehen, sondern ihn f\u00fcr zukunftsf\u00e4hige Produkte und Gesch\u00e4fte zu nutzen. Man muss sich schon anpassen \u2013 keine Frage \u2013 aber das mussten die Generationen vor uns auch.<\/p>\n<p class=\"text-question\">Wie stehen Sie generell zu batterieelektrischen Fahrzeugen oder beispielsweise Lkw mit Brennstoffzelle?<\/p><p class=\"text-answer\"><\/p>\n<p>Naja, gew\u00fcnscht oder gar bestellt habe ich diese Entwicklung nicht. Gem\u00fctlicher w\u00e4re es schon geblieben, wenn wir nach wie vor, bis in alle Ewigkeit Schmierstoffe f\u00fcr allerlei Verbrenner entwickeln, produzieren und verkaufen h\u00e4tten k\u00f6nnen. Aber das Leben ist nun mal kein Wunschkonzert und die Innovationen im Fahrzeugbau geben uns den Takt f\u00fcr eigene Innovationen vor.<\/p>\n<p class=\"text-question\">In einem offenen Brief an die Belegschafft, sprachen Sie im Juli 2021 davon, dass \u201eHerzblut und Qualen dicht beieinander liegen, das Aufh\u00f6ren schwerf\u00e4llt\u201c. Wird sich das im Ruhestand legen?<\/p><p class=\"text-answer\"><\/p>\n<p>Ich hoffe sehr, dass meine Qualen nachlassen. In der Tat. Es ist jetzt nicht so sehr die B\u00fcrde des Amtes, die immer mit der W\u00fcrde gemeinsam daherkommt, die mich Jahr f\u00fcr Jahr niederdr\u00fcckt. Ich habe nie gelernt einen gesunden Abstand und eine ausk\u00f6mmliche Distanz zu allem Unerfreulichem, Traurigem, Schrecklichem und Tragischem, was den Menschen um mich herum so passiert, einzunehmen. Ich bin halt kein Bruder Leichtfu\u00df. Und so f\u00fchle ich manchmal \u2013 bildlich ausgedr\u00fcckt \u2013 die Last der ganzen Welt auf meinen Schultern. Die Arbeit mit meiner Stiftung beschert mir dar\u00fcber hinaus auch jeden Tag die Begegnung mit Elend, Leid, Not und Tod. So gesehen ist mein R\u00fcckzug nicht nur ein Sprung in die Freiheit, sondern m\u00f6glicherweise sogar eine Art Flucht zur\u00fcck in mein eigenes Leben.<\/p>\n<blockquote>\n<h2><em>\u201eMein R\u00fcckzug ist m\u00f6glicherweise sogar eine Art Flucht zur\u00fcck in mein eigenes Leben\u201c<\/em><\/h2>\n<\/blockquote>\n<p class=\"text-question\">Herr Prost, Sie bezeichneten sich selbst immer wieder als \u201aChef-Teilchen\u2018, Teil des gro\u00dfen Ganzen. Sollte man sich im Berufsleben auch als F\u00fchrungskraft immer etwas zur\u00fccknehmen und einfach andere machen lassen?<\/p><p class=\"text-answer\"><\/p>\n<p>Ja selbstverst\u00e4ndlich. Erstens ist einer alleine sowieso nichts und zweitens muss man Freir\u00e4ume schaffen und zwar ganz aktiv, damit andere Geister zur Entfaltung kommen k\u00f6nnen. Unterschiedliche L\u00f6sungen f\u00fcr die gleiche Problemstellung gibt es nur, wenn man Vielfalt zul\u00e4sst, Kreativit\u00e4t f\u00f6rdert und Vertrauen in die Menschen hat. Zur\u00fccknehmen hei\u00dft ja nicht die Sache laufen lassen oder die Karre gar an die Wand fahren. Aber eben nicht meinen, man selbst h\u00e4tte die Weisheit mit L\u00f6ffel gefressen und ringsherum gebe es nur Erf\u00fcllungsgehilfen. Solches Denken ist uns fremd in unserer <a href=\"https:\/\/www.liqui-moly.com\/de\/de\/\" target=\"_blank\" rel=\"noopener\">LIQUI-MOLY<\/a>&#8211; Familie.<\/p>\n<p>&nbsp;<\/p>\n<div class=\"infobox box-grey\"><\/p>\n<h2>Zur Person<\/h2>\n<p><figure id=\"attachment_31659\" aria-describedby=\"caption-attachment-31659\" style=\"width: 420px\" class=\"wp-caption alignright\"><a href=\"https:\/\/static.krafthand-truck.de\/uploads\/2022\/03\/01_2022_003_2.jpg\" target=\"_blank\" rel=\"noopener\"><img fetchpriority=\"high\" decoding=\"async\" class=\"wp-image-31659\" src=\"https:\/\/static.krafthand-truck.de\/uploads\/2022\/03\/01_2022_003_2.jpg\" alt=\"G\u00fcnter Hiermaier Liqui Moly\" width=\"420\" height=\"280\" srcset=\"https:\/\/static.krafthand-truck.de\/uploads\/2022\/03\/01_2022_003_2.jpg 1400w, https:\/\/static.krafthand-truck.de\/uploads\/2022\/03\/01_2022_003_2-300x200.jpg 300w, https:\/\/static.krafthand-truck.de\/uploads\/2022\/03\/01_2022_003_2-1024x682.jpg 1024w, https:\/\/static.krafthand-truck.de\/uploads\/2022\/03\/01_2022_003_2-768x512.jpg 768w, https:\/\/static.krafthand-truck.de\/uploads\/2022\/03\/01_2022_003_2-1320x880.jpg 1320w\" sizes=\"(max-width: 420px) 100vw, 420px\" \/><\/a><figcaption id=\"caption-attachment-31659\" class=\"wp-caption-text\">G\u00fcnter Hiermaier (l.) hat vor Kurzem das Steuer bei LIQUI MOLY \u00fcbernommen. Ernst Prost hat sich in den (Un-)Ruhestand verabschiedet. Bild: LIQUI MOLY<\/figcaption><\/figure><\/p>\n<p>Ernst Prost wurde am 14. Februar 1957 in Alt\u00f6tting als Sohn eines Maurers und einer Fabrikarbeiterin geboren. Er besuchte die Volksschule in Kissing und anschlie\u00dfend die Realschulen in Friedberg (Bayern) und Wertingen. In Donauw\u00f6rth machte er eine Ausbildung zum Kfz-Schlosser. 1978 begann er beim Autopflegemittel-Hersteller SONAX in Neuburg an der Donau als Junior-Verk\u00e4ufer und stieg bis zum Marketingleiter auf. 1990 wechselte er als Vertriebschef zur LIQUI MOLY GmbH nach Ulm. Schrittweise \u00fcbernahm er von der Gr\u00fcnderfamilie Henle das Unternehmen. 1998 kaufte Prost die letzten Anteile und war bis zum Verkauf seiner Anteile an die W\u00fcrth-Gruppe 2017 gesch\u00e4ftsf\u00fchrender Gesellschafter. Seitdem ist er angestellter Gesch\u00e4ftsf\u00fchrer. Prost ist zum 22.02.2022 bei Liqui Moly ausgeschieden und seitdem im Ruhestand, den er unter anderem in den oberbayerischen Alpen genie\u00dfen m\u00f6chte. Seine Nachfolge als alleiniger Gesch\u00e4ftsf\u00fchrer hat G\u00fcnter Hiermaier \u00fcbernommen.<\/p>\n<p><\/div>\n<p>&nbsp;<\/p>\n<p><i>Den Beitrag finden Sie auch in der Print-Ausgabe 1\/2022 der <a href=\"https:\/\/www.krafthand.de\/truck\/magazin\/\" title=\"Zum Magazin\">Krafthand-Truck<\/a>.<\/i><\/p>\r\n\t\t\t\t<div class=\"post-author\">\r\n\t\t\t\t\t<div class=\"khm-cp-author clearfix\">\r\n\t\t\t\t\t\t<div class=\"khm-cp-author__content\">\r\n\t\t\t\t\t\t\t\tKontakt zum Autor:<br \/>\r\n\t\t\t\t\t\t\t\t<strong>Georg Blenk<\/strong>, 08247 \/ 3007-45 |  <a href=\"mailto:georg.blenk@krafthand-medien.de\">georg.blenk@krafthand-medien.de<\/a>\r\n\t\t\t\t\t\t\t<div class=\"khm-cp-author__image\">\r\n\t\t\t\t\t\t<img src=\"https:\/\/static.krafthand-truck.de\/uploads\/2021\/01\/Blenk_6104-250x300-1-removebg-preview.png\" class=\"img-responsive\">\r\n\t\t\t\t\t<\/div>\r\n\t\t\t\t\t\t<\/div>\r\n\t\t\t\t\t<\/div>\r\n\t\t\t\t<\/div>\r\n\t\t\t\t","protected":false},"excerpt":{"rendered":"<p>Ernst Prost, langj\u00e4hriger Inhaber und Gesch\u00e4ftsf\u00fchrer von LIQUI MOLY, ist ein kritischer, mitunter unbequemer, teils streitbarer Geist. Er glaubt an traditionelle Werte und ist durch und durch Unternehmer. Am 22. Februar 2022 hat er nach \u00fcber 31 Jahren das Unternehmen verlassen und sich in den Ruhestand verabschiedet. Georg Blenk hat mit Prost \u00fcber den Menschen, die Karriere und die Entwicklung des Schmierstoffgesch\u00e4fts gesprochen. <span class=\"excerpt-more__dots\">&#8230;<\/span> <a class=\"excerpt-more__link\" href=\"https:\/\/www.krafthand.de\/truck\/artikel\/klappe-die-letzte-im-gespraech-mit-ernst-prost-31657\/\" >weiter<\/a><\/p>\n","protected":false},"author":11,"featured_media":31658,"comment_status":"closed","ping_status":"closed","sticky":false,"template":"","format":"standard","meta":{"footnotes":""},"categories":[4238,4253,4235],"tags":[3608,5119,5117,249],"settings":[3524,4766,3523],"class_list":["post-31657","post","type-post","status-publish","format-standard","has-post-thumbnail","hentry","category-koepfe","category-schmierstoffe","category-unternehmen","tag-ernst-prost","tag-georg-blenk","tag-interview","tag-liqui-moly"],"yoast_head":"<!-- This site is optimized with the Yoast SEO plugin v27.3 - https:\/\/yoast.com\/product\/yoast-seo-wordpress\/ -->\n<title>LIQUI MOLY: Georg Blenk im Gespr\u00e4ch mit Ernst Prost I Krafthand-Truck<\/title>\n<meta name=\"description\" content=\"Ernst Prost, langj\u00e4hriger Inhaber und Gesch\u00e4ftsf\u00fchrer von LIQUI MOLY glaubt an traditionelle Werte und ist durch und durch Unternehmer. Am 22. Februar 2022 hat er nach \u00fcber 31 Jahren das Unternehmen verlassen und sich in den Ruhestand verabschiedet. Georg Blenk hat mit Prost \u00fcber den Menschen, die Karriere und die Entwicklung des Schmierstoffgesch\u00e4fts gesprochen.\" \/>\n<meta name=\"robots\" content=\"index, follow, max-snippet:-1, max-image-preview:large, max-video-preview:-1\" \/>\n<link rel=\"canonical\" href=\"https:\/\/www.krafthand.de\/truck\/artikel\/klappe-die-letzte-im-gespraech-mit-ernst-prost-31657\/\" \/>\n<meta property=\"og:locale\" content=\"de_DE\" \/>\n<meta property=\"og:type\" content=\"article\" \/>\n<meta property=\"og:title\" content=\"LIQUI MOLY: Georg Blenk im Gespr\u00e4ch mit Ernst Prost I Krafthand-Truck\" \/>\n<meta property=\"og:description\" content=\"Ernst Prost, langj\u00e4hriger Inhaber und Gesch\u00e4ftsf\u00fchrer von LIQUI MOLY glaubt an traditionelle Werte und ist durch und durch Unternehmer. Am 22. Februar 2022 hat er nach \u00fcber 31 Jahren das Unternehmen verlassen und sich in den Ruhestand verabschiedet. Georg Blenk hat mit Prost \u00fcber den Menschen, die Karriere und die Entwicklung des Schmierstoffgesch\u00e4fts gesprochen.\" \/>\n<meta property=\"og:url\" content=\"https:\/\/www.krafthand-truck.de\/artikel\/klappe-die-letzte-im-gespraech-mit-ernst-prost-31657\/\" \/>\n<meta property=\"og:site_name\" content=\"Krafthand-Truck\" \/>\n<meta property=\"article:published_time\" content=\"2022-03-18T10:37:49+00:00\" \/>\n<meta property=\"article:modified_time\" content=\"2022-04-09T06:25:59+00:00\" \/>\n<meta property=\"og:image\" content=\"https:\/\/static.krafthand-truck.de\/uploads\/2022\/03\/01_2022_003_1.jpg\" \/>\n\t<meta property=\"og:image:width\" content=\"1400\" \/>\n\t<meta property=\"og:image:height\" content=\"875\" \/>\n\t<meta property=\"og:image:type\" content=\"image\/jpeg\" \/>\n<meta name=\"author\" content=\"Redaktion Truck\" \/>\n<meta name=\"twitter:card\" content=\"summary_large_image\" \/>\n<meta name=\"twitter:label1\" content=\"Verfasst von\" \/>\n\t<meta name=\"twitter:data1\" content=\"Redaktion Truck\" \/>\n\t<meta name=\"twitter:label2\" content=\"Gesch\u00e4tzte Lesezeit\" \/>\n\t<meta name=\"twitter:data2\" content=\"9\u00a0Minuten\" \/>\n<script type=\"application\/ld+json\" class=\"yoast-schema-graph\">{\"@context\":\"https:\\\/\\\/schema.org\",\"@graph\":[{\"@type\":\"Article\",\"@id\":\"https:\\\/\\\/www.krafthand.de\\\/truck\\\/artikel\\\/klappe-die-letzte-im-gespraech-mit-ernst-prost-31657\\\/#article\",\"isPartOf\":{\"@id\":\"https:\\\/\\\/www.krafthand.de\\\/truck\\\/artikel\\\/klappe-die-letzte-im-gespraech-mit-ernst-prost-31657\\\/\"},\"author\":{\"name\":\"Redaktion Truck\",\"@id\":\"https:\\\/\\\/www.krafthand.de\\\/truck\\\/#\\\/schema\\\/person\\\/5e47d727209575a4b89376746e24f02f\"},\"headline\":\"Klappe, die Letzte!? &#8211; Georg Blenk im Gespr\u00e4ch mit Ernst Prost\",\"datePublished\":\"2022-03-18T10:37:49+00:00\",\"dateModified\":\"2022-04-09T06:25:59+00:00\",\"mainEntityOfPage\":{\"@id\":\"https:\\\/\\\/www.krafthand.de\\\/truck\\\/artikel\\\/klappe-die-letzte-im-gespraech-mit-ernst-prost-31657\\\/\"},\"wordCount\":1565,\"image\":{\"@id\":\"https:\\\/\\\/www.krafthand.de\\\/truck\\\/artikel\\\/klappe-die-letzte-im-gespraech-mit-ernst-prost-31657\\\/#primaryimage\"},\"thumbnailUrl\":\"https:\\\/\\\/static.krafthand-truck.de\\\/uploads\\\/2022\\\/03\\\/01_2022_003_1.jpg\",\"keywords\":[\"Ernst Prost\",\"Georg Blenk\",\"Interview\",\"Liqui Moly\"],\"articleSection\":[\"K\u00f6pfe\\\/Personen\",\"Schmier-\\\/Betriebsstoffe\",\"Unternehmen\"],\"inLanguage\":\"de\"},{\"@type\":\"WebPage\",\"@id\":\"https:\\\/\\\/www.krafthand.de\\\/truck\\\/artikel\\\/klappe-die-letzte-im-gespraech-mit-ernst-prost-31657\\\/\",\"url\":\"https:\\\/\\\/www.krafthand.de\\\/truck\\\/artikel\\\/klappe-die-letzte-im-gespraech-mit-ernst-prost-31657\\\/\",\"name\":\"LIQUI MOLY: Georg Blenk im Gespr\u00e4ch mit Ernst Prost I Krafthand-Truck\",\"isPartOf\":{\"@id\":\"https:\\\/\\\/www.krafthand.de\\\/truck\\\/#website\"},\"primaryImageOfPage\":{\"@id\":\"https:\\\/\\\/www.krafthand.de\\\/truck\\\/artikel\\\/klappe-die-letzte-im-gespraech-mit-ernst-prost-31657\\\/#primaryimage\"},\"image\":{\"@id\":\"https:\\\/\\\/www.krafthand.de\\\/truck\\\/artikel\\\/klappe-die-letzte-im-gespraech-mit-ernst-prost-31657\\\/#primaryimage\"},\"thumbnailUrl\":\"https:\\\/\\\/static.krafthand-truck.de\\\/uploads\\\/2022\\\/03\\\/01_2022_003_1.jpg\",\"datePublished\":\"2022-03-18T10:37:49+00:00\",\"dateModified\":\"2022-04-09T06:25:59+00:00\",\"author\":{\"@id\":\"https:\\\/\\\/www.krafthand.de\\\/truck\\\/#\\\/schema\\\/person\\\/5e47d727209575a4b89376746e24f02f\"},\"description\":\"Ernst Prost, langj\u00e4hriger Inhaber und Gesch\u00e4ftsf\u00fchrer von LIQUI MOLY glaubt an traditionelle Werte und ist durch und durch Unternehmer. Am 22. Februar 2022 hat er nach \u00fcber 31 Jahren das Unternehmen verlassen und sich in den Ruhestand verabschiedet. Georg Blenk hat mit Prost \u00fcber den Menschen, die Karriere und die Entwicklung des Schmierstoffgesch\u00e4fts gesprochen.\",\"breadcrumb\":{\"@id\":\"https:\\\/\\\/www.krafthand.de\\\/truck\\\/artikel\\\/klappe-die-letzte-im-gespraech-mit-ernst-prost-31657\\\/#breadcrumb\"},\"inLanguage\":\"de\",\"potentialAction\":[{\"@type\":\"ReadAction\",\"target\":[\"https:\\\/\\\/www.krafthand.de\\\/truck\\\/artikel\\\/klappe-die-letzte-im-gespraech-mit-ernst-prost-31657\\\/\"]}]},{\"@type\":\"ImageObject\",\"inLanguage\":\"de\",\"@id\":\"https:\\\/\\\/www.krafthand.de\\\/truck\\\/artikel\\\/klappe-die-letzte-im-gespraech-mit-ernst-prost-31657\\\/#primaryimage\",\"url\":\"https:\\\/\\\/static.krafthand-truck.de\\\/uploads\\\/2022\\\/03\\\/01_2022_003_1.jpg\",\"contentUrl\":\"https:\\\/\\\/static.krafthand-truck.de\\\/uploads\\\/2022\\\/03\\\/01_2022_003_1.jpg\",\"width\":1400,\"height\":875,\"caption\":\"\u201eIch bin ein ehrgeiziger Mensch, der gro\u00dfe Freude am Schaffen und Erschaffen hat\u201c, so Prost (r.). Bild: Kerstin Thiele\"},{\"@type\":\"BreadcrumbList\",\"@id\":\"https:\\\/\\\/www.krafthand.de\\\/truck\\\/artikel\\\/klappe-die-letzte-im-gespraech-mit-ernst-prost-31657\\\/#breadcrumb\",\"itemListElement\":[{\"@type\":\"ListItem\",\"position\":1,\"name\":\"Krafthand-Truck\",\"item\":\"https:\\\/\\\/www.krafthand.de\\\/truck\\\/\"},{\"@type\":\"ListItem\",\"position\":2,\"name\":\"Nfz-Branche\",\"item\":\"https:\\\/\\\/www.krafthand.de\\\/truck\\\/kategorie\\\/branche\\\/\"},{\"@type\":\"ListItem\",\"position\":3,\"name\":\"K\u00f6pfe\\\/Personen\",\"item\":\"https:\\\/\\\/www.krafthand.de\\\/truck\\\/kategorie\\\/branche\\\/koepfe\\\/\"},{\"@type\":\"ListItem\",\"position\":4,\"name\":\"Klappe, die Letzte!? &#8211; Georg Blenk im Gespr\u00e4ch mit Ernst Prost\"}]},{\"@type\":\"WebSite\",\"@id\":\"https:\\\/\\\/www.krafthand.de\\\/truck\\\/#website\",\"url\":\"https:\\\/\\\/www.krafthand.de\\\/truck\\\/\",\"name\":\"Krafthand-Truck\",\"description\":\"\",\"potentialAction\":[{\"@type\":\"SearchAction\",\"target\":{\"@type\":\"EntryPoint\",\"urlTemplate\":\"https:\\\/\\\/www.krafthand.de\\\/truck\\\/?s={search_term_string}\"},\"query-input\":{\"@type\":\"PropertyValueSpecification\",\"valueRequired\":true,\"valueName\":\"search_term_string\"}}],\"inLanguage\":\"de\"},{\"@type\":\"Person\",\"@id\":\"https:\\\/\\\/www.krafthand.de\\\/truck\\\/#\\\/schema\\\/person\\\/5e47d727209575a4b89376746e24f02f\",\"name\":\"Redaktion Truck\",\"image\":{\"@type\":\"ImageObject\",\"inLanguage\":\"de\",\"@id\":\"https:\\\/\\\/secure.gravatar.com\\\/avatar\\\/64cedf5d293ad6eb6600c19e949d032ff0090f240174891ab1517d73ead05c87?s=96&d=mm&r=g\",\"url\":\"https:\\\/\\\/secure.gravatar.com\\\/avatar\\\/64cedf5d293ad6eb6600c19e949d032ff0090f240174891ab1517d73ead05c87?s=96&d=mm&r=g\",\"contentUrl\":\"https:\\\/\\\/secure.gravatar.com\\\/avatar\\\/64cedf5d293ad6eb6600c19e949d032ff0090f240174891ab1517d73ead05c87?s=96&d=mm&r=g\",\"caption\":\"Redaktion Truck\"}}]}<\/script>\n<!-- \/ Yoast SEO plugin. -->","yoast_head_json":{"title":"LIQUI MOLY: Georg Blenk im Gespr\u00e4ch mit Ernst Prost I Krafthand-Truck","description":"Ernst Prost, langj\u00e4hriger Inhaber und Gesch\u00e4ftsf\u00fchrer von LIQUI MOLY glaubt an traditionelle Werte und ist durch und durch Unternehmer. Am 22. Februar 2022 hat er nach \u00fcber 31 Jahren das Unternehmen verlassen und sich in den Ruhestand verabschiedet. Georg Blenk hat mit Prost \u00fcber den Menschen, die Karriere und die Entwicklung des Schmierstoffgesch\u00e4fts gesprochen.","robots":{"index":"index","follow":"follow","max-snippet":"max-snippet:-1","max-image-preview":"max-image-preview:large","max-video-preview":"max-video-preview:-1"},"canonical":"https:\/\/www.krafthand.de\/truck\/artikel\/klappe-die-letzte-im-gespraech-mit-ernst-prost-31657\/","og_locale":"de_DE","og_type":"article","og_title":"LIQUI MOLY: Georg Blenk im Gespr\u00e4ch mit Ernst Prost I Krafthand-Truck","og_description":"Ernst Prost, langj\u00e4hriger Inhaber und Gesch\u00e4ftsf\u00fchrer von LIQUI MOLY glaubt an traditionelle Werte und ist durch und durch Unternehmer. Am 22. Februar 2022 hat er nach \u00fcber 31 Jahren das Unternehmen verlassen und sich in den Ruhestand verabschiedet. Georg Blenk hat mit Prost \u00fcber den Menschen, die Karriere und die Entwicklung des Schmierstoffgesch\u00e4fts gesprochen.","og_url":"https:\/\/www.krafthand-truck.de\/artikel\/klappe-die-letzte-im-gespraech-mit-ernst-prost-31657\/","og_site_name":"Krafthand-Truck","article_published_time":"2022-03-18T10:37:49+00:00","article_modified_time":"2022-04-09T06:25:59+00:00","og_image":[{"width":1400,"height":875,"url":"https:\/\/static.krafthand-truck.de\/uploads\/2022\/03\/01_2022_003_1.jpg","type":"image\/jpeg"}],"author":"Redaktion Truck","twitter_card":"summary_large_image","twitter_misc":{"Verfasst von":"Redaktion Truck","Gesch\u00e4tzte Lesezeit":"9\u00a0Minuten"},"schema":{"@context":"https:\/\/schema.org","@graph":[{"@type":"Article","@id":"https:\/\/www.krafthand.de\/truck\/artikel\/klappe-die-letzte-im-gespraech-mit-ernst-prost-31657\/#article","isPartOf":{"@id":"https:\/\/www.krafthand.de\/truck\/artikel\/klappe-die-letzte-im-gespraech-mit-ernst-prost-31657\/"},"author":{"name":"Redaktion Truck","@id":"https:\/\/www.krafthand.de\/truck\/#\/schema\/person\/5e47d727209575a4b89376746e24f02f"},"headline":"Klappe, die Letzte!? &#8211; Georg Blenk im Gespr\u00e4ch mit Ernst Prost","datePublished":"2022-03-18T10:37:49+00:00","dateModified":"2022-04-09T06:25:59+00:00","mainEntityOfPage":{"@id":"https:\/\/www.krafthand.de\/truck\/artikel\/klappe-die-letzte-im-gespraech-mit-ernst-prost-31657\/"},"wordCount":1565,"image":{"@id":"https:\/\/www.krafthand.de\/truck\/artikel\/klappe-die-letzte-im-gespraech-mit-ernst-prost-31657\/#primaryimage"},"thumbnailUrl":"https:\/\/static.krafthand-truck.de\/uploads\/2022\/03\/01_2022_003_1.jpg","keywords":["Ernst Prost","Georg Blenk","Interview","Liqui Moly"],"articleSection":["K\u00f6pfe\/Personen","Schmier-\/Betriebsstoffe","Unternehmen"],"inLanguage":"de"},{"@type":"WebPage","@id":"https:\/\/www.krafthand.de\/truck\/artikel\/klappe-die-letzte-im-gespraech-mit-ernst-prost-31657\/","url":"https:\/\/www.krafthand.de\/truck\/artikel\/klappe-die-letzte-im-gespraech-mit-ernst-prost-31657\/","name":"LIQUI MOLY: Georg Blenk im Gespr\u00e4ch mit Ernst Prost I Krafthand-Truck","isPartOf":{"@id":"https:\/\/www.krafthand.de\/truck\/#website"},"primaryImageOfPage":{"@id":"https:\/\/www.krafthand.de\/truck\/artikel\/klappe-die-letzte-im-gespraech-mit-ernst-prost-31657\/#primaryimage"},"image":{"@id":"https:\/\/www.krafthand.de\/truck\/artikel\/klappe-die-letzte-im-gespraech-mit-ernst-prost-31657\/#primaryimage"},"thumbnailUrl":"https:\/\/static.krafthand-truck.de\/uploads\/2022\/03\/01_2022_003_1.jpg","datePublished":"2022-03-18T10:37:49+00:00","dateModified":"2022-04-09T06:25:59+00:00","author":{"@id":"https:\/\/www.krafthand.de\/truck\/#\/schema\/person\/5e47d727209575a4b89376746e24f02f"},"description":"Ernst Prost, langj\u00e4hriger Inhaber und Gesch\u00e4ftsf\u00fchrer von LIQUI MOLY glaubt an traditionelle Werte und ist durch und durch Unternehmer. Am 22. Februar 2022 hat er nach \u00fcber 31 Jahren das Unternehmen verlassen und sich in den Ruhestand verabschiedet. Georg Blenk hat mit Prost \u00fcber den Menschen, die Karriere und die Entwicklung des Schmierstoffgesch\u00e4fts gesprochen.","breadcrumb":{"@id":"https:\/\/www.krafthand.de\/truck\/artikel\/klappe-die-letzte-im-gespraech-mit-ernst-prost-31657\/#breadcrumb"},"inLanguage":"de","potentialAction":[{"@type":"ReadAction","target":["https:\/\/www.krafthand.de\/truck\/artikel\/klappe-die-letzte-im-gespraech-mit-ernst-prost-31657\/"]}]},{"@type":"ImageObject","inLanguage":"de","@id":"https:\/\/www.krafthand.de\/truck\/artikel\/klappe-die-letzte-im-gespraech-mit-ernst-prost-31657\/#primaryimage","url":"https:\/\/static.krafthand-truck.de\/uploads\/2022\/03\/01_2022_003_1.jpg","contentUrl":"https:\/\/static.krafthand-truck.de\/uploads\/2022\/03\/01_2022_003_1.jpg","width":1400,"height":875,"caption":"\u201eIch bin ein ehrgeiziger Mensch, der gro\u00dfe Freude am Schaffen und Erschaffen hat\u201c, so Prost (r.). Bild: Kerstin Thiele"},{"@type":"BreadcrumbList","@id":"https:\/\/www.krafthand.de\/truck\/artikel\/klappe-die-letzte-im-gespraech-mit-ernst-prost-31657\/#breadcrumb","itemListElement":[{"@type":"ListItem","position":1,"name":"Krafthand-Truck","item":"https:\/\/www.krafthand.de\/truck\/"},{"@type":"ListItem","position":2,"name":"Nfz-Branche","item":"https:\/\/www.krafthand.de\/truck\/kategorie\/branche\/"},{"@type":"ListItem","position":3,"name":"K\u00f6pfe\/Personen","item":"https:\/\/www.krafthand.de\/truck\/kategorie\/branche\/koepfe\/"},{"@type":"ListItem","position":4,"name":"Klappe, die Letzte!? &#8211; Georg Blenk im Gespr\u00e4ch mit Ernst Prost"}]},{"@type":"WebSite","@id":"https:\/\/www.krafthand.de\/truck\/#website","url":"https:\/\/www.krafthand.de\/truck\/","name":"Krafthand-Truck","description":"","potentialAction":[{"@type":"SearchAction","target":{"@type":"EntryPoint","urlTemplate":"https:\/\/www.krafthand.de\/truck\/?s={search_term_string}"},"query-input":{"@type":"PropertyValueSpecification","valueRequired":true,"valueName":"search_term_string"}}],"inLanguage":"de"},{"@type":"Person","@id":"https:\/\/www.krafthand.de\/truck\/#\/schema\/person\/5e47d727209575a4b89376746e24f02f","name":"Redaktion Truck","image":{"@type":"ImageObject","inLanguage":"de","@id":"https:\/\/secure.gravatar.com\/avatar\/64cedf5d293ad6eb6600c19e949d032ff0090f240174891ab1517d73ead05c87?s=96&d=mm&r=g","url":"https:\/\/secure.gravatar.com\/avatar\/64cedf5d293ad6eb6600c19e949d032ff0090f240174891ab1517d73ead05c87?s=96&d=mm&r=g","contentUrl":"https:\/\/secure.gravatar.com\/avatar\/64cedf5d293ad6eb6600c19e949d032ff0090f240174891ab1517d73ead05c87?s=96&d=mm&r=g","caption":"Redaktion Truck"}}]}},"_links":{"self":[{"href":"https:\/\/www.krafthand.de\/truck\/wp-json\/wp\/v2\/posts\/31657","targetHints":{"allow":["GET"]}}],"collection":[{"href":"https:\/\/www.krafthand.de\/truck\/wp-json\/wp\/v2\/posts"}],"about":[{"href":"https:\/\/www.krafthand.de\/truck\/wp-json\/wp\/v2\/types\/post"}],"author":[{"embeddable":true,"href":"https:\/\/www.krafthand.de\/truck\/wp-json\/wp\/v2\/users\/11"}],"replies":[{"embeddable":true,"href":"https:\/\/www.krafthand.de\/truck\/wp-json\/wp\/v2\/comments?post=31657"}],"version-history":[{"count":33,"href":"https:\/\/www.krafthand.de\/truck\/wp-json\/wp\/v2\/posts\/31657\/revisions"}],"predecessor-version":[{"id":32070,"href":"https:\/\/www.krafthand.de\/truck\/wp-json\/wp\/v2\/posts\/31657\/revisions\/32070"}],"wp:featuredmedia":[{"embeddable":true,"href":"https:\/\/www.krafthand.de\/truck\/wp-json\/wp\/v2\/media\/31658"}],"wp:attachment":[{"href":"https:\/\/www.krafthand.de\/truck\/wp-json\/wp\/v2\/media?parent=31657"}],"wp:term":[{"taxonomy":"category","embeddable":true,"href":"https:\/\/www.krafthand.de\/truck\/wp-json\/wp\/v2\/categories?post=31657"},{"taxonomy":"post_tag","embeddable":true,"href":"https:\/\/www.krafthand.de\/truck\/wp-json\/wp\/v2\/tags?post=31657"},{"taxonomy":"settings","embeddable":true,"href":"https:\/\/www.krafthand.de\/truck\/wp-json\/wp\/v2\/settings?post=31657"}],"curies":[{"name":"wp","href":"https:\/\/api.w.org\/{rel}","templated":true}]}}