{"id":3164,"date":"2017-08-22T07:04:13","date_gmt":"2017-08-22T05:04:13","guid":{"rendered":"https:\/\/www.krafthand.de\/truck\/artikel\/zf-aftermarket-naeher-am-kunden-mit-neuem-standkonzept-fuer-hausmessen-3164\/"},"modified":"2017-08-22T07:04:13","modified_gmt":"2017-08-22T05:04:13","slug":"zf-aftermarket-naeher-am-kunden-mit-neuem-standkonzept-fuer-hausmessen","status":"publish","type":"post","link":"https:\/\/www.krafthand.de\/truck\/artikel\/zf-aftermarket-naeher-am-kunden-mit-neuem-standkonzept-fuer-hausmessen-3164\/","title":{"rendered":"ZF Aftermarket: N\u00e4her am Kunden mit neuem Standkonzept f\u00fcr Hausmessen"},"content":{"rendered":"<p class=\"text-colored\">Hausmessen sind laut ZF Aftermarket eine ideale M\u00f6glichkeit, um Werkst\u00e4tten neue Produkte und Dienstleistungen vorzustellen. Um den Messebesucher mehr noch als bisher in den Mittelpunkt stellen und dessen Informationsbed\u00fcrfnis optimal befriedigen zu k\u00f6nnen, will ZF Aftermarket k\u00fcnftig bei Hausmessen mit einem neuen Standkonzept auftreten.<\/p>\n<p>Nach eigenem Bekunden soll dieses dank des modularen Aufbaus neben Informationen \u00fcber das Produkt- und Serviceangebot hinaus auch diverse interaktive M\u00f6glichkeiten bieten und technische Trainings live und direkt am Stand sowie in Form von Virtual-Reality-Filmen erlauben. <\/p>\n<p>&quot;Mit unseren Live-Trainings bieten wir den Werkst\u00e4tten eine echte Erlebnisqualit\u00e4t und st\u00e4rken zudem die Markenbindung&quot;, erkl\u00e4rt Jochen Leuthold, Leiter Independent Aftermarket D-A-CH, die Hintergr\u00fcnde zu dem neuen Konzept. Interessierte Werkstattprofis, die das neue Hausmessekonzept selbst testen m\u00f6chten, finden unter  <a href=\"http:\/\/www.zf.com\/aftermarket\/messen\" target=\"_blank\">www.zf.com\/aftermarket\/messen<\/a> alle Messen, auf denen ZF Aftermarket vertreten ist.<\/p>\n","protected":false},"excerpt":{"rendered":"<p>Hausmessen sind laut ZF Aftermarket eine ideale M\u00f6glichkeit, um Werkst\u00e4tten neue Produkte und Dienstleistungen vorzustellen. Um den Messebesucher mehr noch als bisher in den Mittelpunkt stellen und dessen Informationsbed\u00fcrfnis optimal befriedigen zu k\u00f6nnen, will ZF Aftermarket k\u00fcnftig bei Hausmessen mit einem neuen Standkonzept auftreten. <span class=\"excerpt-more__dots\">&#8230;<\/span> <a class=\"excerpt-more__link\" href=\"https:\/\/www.krafthand.de\/truck\/artikel\/zf-aftermarket-naeher-am-kunden-mit-neuem-standkonzept-fuer-hausmessen-3164\/\" >weiter<\/a><\/p>\n","protected":false},"author":3,"featured_media":3165,"comment_status":"closed","ping_status":"closed","sticky":false,"template":"","format":"standard","meta":{"footnotes":""},"categories":[5],"tags":[3022,3223,3224,3225,2987],"settings":[],"class_list":["post-3164","post","type-post","status-publish","format-standard","has-post-thumbnail","hentry","category-branche","tag-hausmessen","tag-interaktive-moeglichkeiten","tag-technische-trainings","tag-virtual-reality-filme","tag-zf-aftermarket"],"yoast_head":"<!-- This site is optimized with the Yoast SEO plugin v27.3 - https:\/\/yoast.com\/product\/yoast-seo-wordpress\/ -->\n<title>ZF Aftermarket: N\u00e4her am Kunden mit neuem Standkonzept f\u00fcr Hausmessen - Krafthand-Truck<\/title>\n<meta name=\"robots\" content=\"index, follow, max-snippet:-1, max-image-preview:large, max-video-preview:-1\" \/>\n<link rel=\"canonical\" href=\"https:\/\/www.krafthand.de\/truck\/artikel\/zf-aftermarket-naeher-am-kunden-mit-neuem-standkonzept-fuer-hausmessen-3164\/\" \/>\n<meta property=\"og:locale\" content=\"de_DE\" \/>\n<meta property=\"og:type\" content=\"article\" \/>\n<meta property=\"og:title\" content=\"ZF Aftermarket: N\u00e4her am Kunden mit neuem Standkonzept f\u00fcr Hausmessen - Krafthand-Truck\" \/>\n<meta property=\"og:description\" content=\"Hausmessen sind laut ZF Aftermarket eine ideale M\u00f6glichkeit, um Werkst\u00e4tten neue Produkte und Dienstleistungen vorzustellen. Um den Messebesucher mehr noch als bisher in den Mittelpunkt stellen und dessen Informationsbed\u00fcrfnis optimal befriedigen zu k\u00f6nnen, will ZF Aftermarket k\u00fcnftig bei Hausmessen mit einem neuen Standkonzept auftreten. ... weiter\" \/>\n<meta property=\"og:url\" content=\"https:\/\/www.krafthand-truck.de\/artikel\/zf-aftermarket-naeher-am-kunden-mit-neuem-standkonzept-fuer-hausmessen-3164\/\" \/>\n<meta property=\"og:site_name\" content=\"Krafthand-Truck\" \/>\n<meta property=\"article:published_time\" content=\"2017-08-22T05:04:13+00:00\" \/>\n<meta property=\"og:image\" content=\"https:\/\/www.krafthand.de\/truck\/wp-content\/uploads\/2017\/08\/kht0217_065.jpg\" \/>\n\t<meta property=\"og:image:width\" content=\"1200\" \/>\n\t<meta property=\"og:image:height\" content=\"692\" \/>\n\t<meta property=\"og:image:type\" content=\"image\/jpeg\" \/>\n<meta name=\"author\" content=\"katja.heid@krafthand.de\" \/>\n<meta name=\"twitter:card\" content=\"summary_large_image\" \/>\n<meta name=\"twitter:label1\" content=\"Verfasst von\" \/>\n\t<meta name=\"twitter:data1\" content=\"katja.heid@krafthand.de\" \/>\n\t<meta name=\"twitter:label2\" content=\"Gesch\u00e4tzte Lesezeit\" \/>\n\t<meta name=\"twitter:data2\" content=\"1\u00a0Minute\" \/>\n<script type=\"application\/ld+json\" class=\"yoast-schema-graph\">{\"@context\":\"https:\\\/\\\/schema.org\",\"@graph\":[{\"@type\":\"Article\",\"@id\":\"https:\\\/\\\/www.krafthand.de\\\/truck\\\/artikel\\\/zf-aftermarket-naeher-am-kunden-mit-neuem-standkonzept-fuer-hausmessen-3164\\\/#article\",\"isPartOf\":{\"@id\":\"https:\\\/\\\/www.krafthand.de\\\/truck\\\/artikel\\\/zf-aftermarket-naeher-am-kunden-mit-neuem-standkonzept-fuer-hausmessen-3164\\\/\"},\"author\":{\"name\":\"katja.heid@krafthand.de\",\"@id\":\"https:\\\/\\\/www.krafthand.de\\\/truck\\\/#\\\/schema\\\/person\\\/8e290c6d425b72d176adc7767a251001\"},\"headline\":\"ZF Aftermarket: N\u00e4her am Kunden mit neuem Standkonzept f\u00fcr Hausmessen\",\"datePublished\":\"2017-08-22T05:04:13+00:00\",\"mainEntityOfPage\":{\"@id\":\"https:\\\/\\\/www.krafthand.de\\\/truck\\\/artikel\\\/zf-aftermarket-naeher-am-kunden-mit-neuem-standkonzept-fuer-hausmessen-3164\\\/\"},\"wordCount\":160,\"image\":{\"@id\":\"https:\\\/\\\/www.krafthand.de\\\/truck\\\/artikel\\\/zf-aftermarket-naeher-am-kunden-mit-neuem-standkonzept-fuer-hausmessen-3164\\\/#primaryimage\"},\"thumbnailUrl\":\"https:\\\/\\\/static.krafthand-truck.de\\\/uploads\\\/2017\\\/08\\\/kht0217_065.jpg\",\"keywords\":[\"Hausmessen\",\"interaktive M\u00f6glichkeiten\",\"technische Trainings\",\"Virtual-Reality-Filme\",\"ZF Aftermarket\"],\"articleSection\":[\"Nfz-Branche\"],\"inLanguage\":\"de\"},{\"@type\":\"WebPage\",\"@id\":\"https:\\\/\\\/www.krafthand.de\\\/truck\\\/artikel\\\/zf-aftermarket-naeher-am-kunden-mit-neuem-standkonzept-fuer-hausmessen-3164\\\/\",\"url\":\"https:\\\/\\\/www.krafthand.de\\\/truck\\\/artikel\\\/zf-aftermarket-naeher-am-kunden-mit-neuem-standkonzept-fuer-hausmessen-3164\\\/\",\"name\":\"ZF Aftermarket: N\u00e4her am Kunden mit neuem Standkonzept f\u00fcr Hausmessen - Krafthand-Truck\",\"isPartOf\":{\"@id\":\"https:\\\/\\\/www.krafthand.de\\\/truck\\\/#website\"},\"primaryImageOfPage\":{\"@id\":\"https:\\\/\\\/www.krafthand.de\\\/truck\\\/artikel\\\/zf-aftermarket-naeher-am-kunden-mit-neuem-standkonzept-fuer-hausmessen-3164\\\/#primaryimage\"},\"image\":{\"@id\":\"https:\\\/\\\/www.krafthand.de\\\/truck\\\/artikel\\\/zf-aftermarket-naeher-am-kunden-mit-neuem-standkonzept-fuer-hausmessen-3164\\\/#primaryimage\"},\"thumbnailUrl\":\"https:\\\/\\\/static.krafthand-truck.de\\\/uploads\\\/2017\\\/08\\\/kht0217_065.jpg\",\"datePublished\":\"2017-08-22T05:04:13+00:00\",\"author\":{\"@id\":\"https:\\\/\\\/www.krafthand.de\\\/truck\\\/#\\\/schema\\\/person\\\/8e290c6d425b72d176adc7767a251001\"},\"breadcrumb\":{\"@id\":\"https:\\\/\\\/www.krafthand.de\\\/truck\\\/artikel\\\/zf-aftermarket-naeher-am-kunden-mit-neuem-standkonzept-fuer-hausmessen-3164\\\/#breadcrumb\"},\"inLanguage\":\"de\",\"potentialAction\":[{\"@type\":\"ReadAction\",\"target\":[\"https:\\\/\\\/www.krafthand.de\\\/truck\\\/artikel\\\/zf-aftermarket-naeher-am-kunden-mit-neuem-standkonzept-fuer-hausmessen-3164\\\/\"]}]},{\"@type\":\"ImageObject\",\"inLanguage\":\"de\",\"@id\":\"https:\\\/\\\/www.krafthand.de\\\/truck\\\/artikel\\\/zf-aftermarket-naeher-am-kunden-mit-neuem-standkonzept-fuer-hausmessen-3164\\\/#primaryimage\",\"url\":\"https:\\\/\\\/static.krafthand-truck.de\\\/uploads\\\/2017\\\/08\\\/kht0217_065.jpg\",\"contentUrl\":\"https:\\\/\\\/static.krafthand-truck.de\\\/uploads\\\/2017\\\/08\\\/kht0217_065.jpg\",\"width\":1200,\"height\":692,\"caption\":\"(Bild: ZF Aftermarket)\"},{\"@type\":\"BreadcrumbList\",\"@id\":\"https:\\\/\\\/www.krafthand.de\\\/truck\\\/artikel\\\/zf-aftermarket-naeher-am-kunden-mit-neuem-standkonzept-fuer-hausmessen-3164\\\/#breadcrumb\",\"itemListElement\":[{\"@type\":\"ListItem\",\"position\":1,\"name\":\"Krafthand-Truck\",\"item\":\"https:\\\/\\\/www.krafthand.de\\\/truck\\\/\"},{\"@type\":\"ListItem\",\"position\":2,\"name\":\"Nfz-Branche\",\"item\":\"https:\\\/\\\/www.krafthand.de\\\/truck\\\/kategorie\\\/branche\\\/\"},{\"@type\":\"ListItem\",\"position\":3,\"name\":\"ZF Aftermarket: N\u00e4her am Kunden mit neuem Standkonzept f\u00fcr Hausmessen\"}]},{\"@type\":\"WebSite\",\"@id\":\"https:\\\/\\\/www.krafthand.de\\\/truck\\\/#website\",\"url\":\"https:\\\/\\\/www.krafthand.de\\\/truck\\\/\",\"name\":\"Krafthand-Truck\",\"description\":\"\",\"potentialAction\":[{\"@type\":\"SearchAction\",\"target\":{\"@type\":\"EntryPoint\",\"urlTemplate\":\"https:\\\/\\\/www.krafthand.de\\\/truck\\\/?s={search_term_string}\"},\"query-input\":{\"@type\":\"PropertyValueSpecification\",\"valueRequired\":true,\"valueName\":\"search_term_string\"}}],\"inLanguage\":\"de\"},{\"@type\":\"Person\",\"@id\":\"https:\\\/\\\/www.krafthand.de\\\/truck\\\/#\\\/schema\\\/person\\\/8e290c6d425b72d176adc7767a251001\",\"name\":\"katja.heid@krafthand.de\",\"image\":{\"@type\":\"ImageObject\",\"inLanguage\":\"de\",\"@id\":\"https:\\\/\\\/secure.gravatar.com\\\/avatar\\\/9a2930c54ede0e0a76c0f8abfb74704de273084f2aa0e3c6deb2c86704c7402b?s=96&d=mm&r=g\",\"url\":\"https:\\\/\\\/secure.gravatar.com\\\/avatar\\\/9a2930c54ede0e0a76c0f8abfb74704de273084f2aa0e3c6deb2c86704c7402b?s=96&d=mm&r=g\",\"contentUrl\":\"https:\\\/\\\/secure.gravatar.com\\\/avatar\\\/9a2930c54ede0e0a76c0f8abfb74704de273084f2aa0e3c6deb2c86704c7402b?s=96&d=mm&r=g\",\"caption\":\"katja.heid@krafthand.de\"}}]}<\/script>\n<!-- \/ Yoast SEO plugin. -->","yoast_head_json":{"title":"ZF Aftermarket: N\u00e4her am Kunden mit neuem Standkonzept f\u00fcr Hausmessen - Krafthand-Truck","robots":{"index":"index","follow":"follow","max-snippet":"max-snippet:-1","max-image-preview":"max-image-preview:large","max-video-preview":"max-video-preview:-1"},"canonical":"https:\/\/www.krafthand.de\/truck\/artikel\/zf-aftermarket-naeher-am-kunden-mit-neuem-standkonzept-fuer-hausmessen-3164\/","og_locale":"de_DE","og_type":"article","og_title":"ZF Aftermarket: N\u00e4her am Kunden mit neuem Standkonzept f\u00fcr Hausmessen - Krafthand-Truck","og_description":"Hausmessen sind laut ZF Aftermarket eine ideale M\u00f6glichkeit, um Werkst\u00e4tten neue Produkte und Dienstleistungen vorzustellen. Um den Messebesucher mehr noch als bisher in den Mittelpunkt stellen und dessen Informationsbed\u00fcrfnis optimal befriedigen zu k\u00f6nnen, will ZF Aftermarket k\u00fcnftig bei Hausmessen mit einem neuen Standkonzept auftreten. ... weiter","og_url":"https:\/\/www.krafthand-truck.de\/artikel\/zf-aftermarket-naeher-am-kunden-mit-neuem-standkonzept-fuer-hausmessen-3164\/","og_site_name":"Krafthand-Truck","article_published_time":"2017-08-22T05:04:13+00:00","og_image":[{"width":1200,"height":692,"url":"https:\/\/www.krafthand.de\/truck\/wp-content\/uploads\/2017\/08\/kht0217_065.jpg","type":"image\/jpeg"}],"author":"katja.heid@krafthand.de","twitter_card":"summary_large_image","twitter_misc":{"Verfasst von":"katja.heid@krafthand.de","Gesch\u00e4tzte Lesezeit":"1\u00a0Minute"},"schema":{"@context":"https:\/\/schema.org","@graph":[{"@type":"Article","@id":"https:\/\/www.krafthand.de\/truck\/artikel\/zf-aftermarket-naeher-am-kunden-mit-neuem-standkonzept-fuer-hausmessen-3164\/#article","isPartOf":{"@id":"https:\/\/www.krafthand.de\/truck\/artikel\/zf-aftermarket-naeher-am-kunden-mit-neuem-standkonzept-fuer-hausmessen-3164\/"},"author":{"name":"katja.heid@krafthand.de","@id":"https:\/\/www.krafthand.de\/truck\/#\/schema\/person\/8e290c6d425b72d176adc7767a251001"},"headline":"ZF Aftermarket: N\u00e4her am Kunden mit neuem Standkonzept f\u00fcr Hausmessen","datePublished":"2017-08-22T05:04:13+00:00","mainEntityOfPage":{"@id":"https:\/\/www.krafthand.de\/truck\/artikel\/zf-aftermarket-naeher-am-kunden-mit-neuem-standkonzept-fuer-hausmessen-3164\/"},"wordCount":160,"image":{"@id":"https:\/\/www.krafthand.de\/truck\/artikel\/zf-aftermarket-naeher-am-kunden-mit-neuem-standkonzept-fuer-hausmessen-3164\/#primaryimage"},"thumbnailUrl":"https:\/\/static.krafthand-truck.de\/uploads\/2017\/08\/kht0217_065.jpg","keywords":["Hausmessen","interaktive M\u00f6glichkeiten","technische Trainings","Virtual-Reality-Filme","ZF Aftermarket"],"articleSection":["Nfz-Branche"],"inLanguage":"de"},{"@type":"WebPage","@id":"https:\/\/www.krafthand.de\/truck\/artikel\/zf-aftermarket-naeher-am-kunden-mit-neuem-standkonzept-fuer-hausmessen-3164\/","url":"https:\/\/www.krafthand.de\/truck\/artikel\/zf-aftermarket-naeher-am-kunden-mit-neuem-standkonzept-fuer-hausmessen-3164\/","name":"ZF Aftermarket: N\u00e4her am Kunden mit neuem Standkonzept f\u00fcr Hausmessen - Krafthand-Truck","isPartOf":{"@id":"https:\/\/www.krafthand.de\/truck\/#website"},"primaryImageOfPage":{"@id":"https:\/\/www.krafthand.de\/truck\/artikel\/zf-aftermarket-naeher-am-kunden-mit-neuem-standkonzept-fuer-hausmessen-3164\/#primaryimage"},"image":{"@id":"https:\/\/www.krafthand.de\/truck\/artikel\/zf-aftermarket-naeher-am-kunden-mit-neuem-standkonzept-fuer-hausmessen-3164\/#primaryimage"},"thumbnailUrl":"https:\/\/static.krafthand-truck.de\/uploads\/2017\/08\/kht0217_065.jpg","datePublished":"2017-08-22T05:04:13+00:00","author":{"@id":"https:\/\/www.krafthand.de\/truck\/#\/schema\/person\/8e290c6d425b72d176adc7767a251001"},"breadcrumb":{"@id":"https:\/\/www.krafthand.de\/truck\/artikel\/zf-aftermarket-naeher-am-kunden-mit-neuem-standkonzept-fuer-hausmessen-3164\/#breadcrumb"},"inLanguage":"de","potentialAction":[{"@type":"ReadAction","target":["https:\/\/www.krafthand.de\/truck\/artikel\/zf-aftermarket-naeher-am-kunden-mit-neuem-standkonzept-fuer-hausmessen-3164\/"]}]},{"@type":"ImageObject","inLanguage":"de","@id":"https:\/\/www.krafthand.de\/truck\/artikel\/zf-aftermarket-naeher-am-kunden-mit-neuem-standkonzept-fuer-hausmessen-3164\/#primaryimage","url":"https:\/\/static.krafthand-truck.de\/uploads\/2017\/08\/kht0217_065.jpg","contentUrl":"https:\/\/static.krafthand-truck.de\/uploads\/2017\/08\/kht0217_065.jpg","width":1200,"height":692,"caption":"(Bild: ZF Aftermarket)"},{"@type":"BreadcrumbList","@id":"https:\/\/www.krafthand.de\/truck\/artikel\/zf-aftermarket-naeher-am-kunden-mit-neuem-standkonzept-fuer-hausmessen-3164\/#breadcrumb","itemListElement":[{"@type":"ListItem","position":1,"name":"Krafthand-Truck","item":"https:\/\/www.krafthand.de\/truck\/"},{"@type":"ListItem","position":2,"name":"Nfz-Branche","item":"https:\/\/www.krafthand.de\/truck\/kategorie\/branche\/"},{"@type":"ListItem","position":3,"name":"ZF Aftermarket: N\u00e4her am Kunden mit neuem Standkonzept f\u00fcr Hausmessen"}]},{"@type":"WebSite","@id":"https:\/\/www.krafthand.de\/truck\/#website","url":"https:\/\/www.krafthand.de\/truck\/","name":"Krafthand-Truck","description":"","potentialAction":[{"@type":"SearchAction","target":{"@type":"EntryPoint","urlTemplate":"https:\/\/www.krafthand.de\/truck\/?s={search_term_string}"},"query-input":{"@type":"PropertyValueSpecification","valueRequired":true,"valueName":"search_term_string"}}],"inLanguage":"de"},{"@type":"Person","@id":"https:\/\/www.krafthand.de\/truck\/#\/schema\/person\/8e290c6d425b72d176adc7767a251001","name":"katja.heid@krafthand.de","image":{"@type":"ImageObject","inLanguage":"de","@id":"https:\/\/secure.gravatar.com\/avatar\/9a2930c54ede0e0a76c0f8abfb74704de273084f2aa0e3c6deb2c86704c7402b?s=96&d=mm&r=g","url":"https:\/\/secure.gravatar.com\/avatar\/9a2930c54ede0e0a76c0f8abfb74704de273084f2aa0e3c6deb2c86704c7402b?s=96&d=mm&r=g","contentUrl":"https:\/\/secure.gravatar.com\/avatar\/9a2930c54ede0e0a76c0f8abfb74704de273084f2aa0e3c6deb2c86704c7402b?s=96&d=mm&r=g","caption":"katja.heid@krafthand.de"}}]}},"_links":{"self":[{"href":"https:\/\/www.krafthand.de\/truck\/wp-json\/wp\/v2\/posts\/3164","targetHints":{"allow":["GET"]}}],"collection":[{"href":"https:\/\/www.krafthand.de\/truck\/wp-json\/wp\/v2\/posts"}],"about":[{"href":"https:\/\/www.krafthand.de\/truck\/wp-json\/wp\/v2\/types\/post"}],"author":[{"embeddable":true,"href":"https:\/\/www.krafthand.de\/truck\/wp-json\/wp\/v2\/users\/3"}],"replies":[{"embeddable":true,"href":"https:\/\/www.krafthand.de\/truck\/wp-json\/wp\/v2\/comments?post=3164"}],"version-history":[{"count":0,"href":"https:\/\/www.krafthand.de\/truck\/wp-json\/wp\/v2\/posts\/3164\/revisions"}],"wp:featuredmedia":[{"embeddable":true,"href":"https:\/\/www.krafthand.de\/truck\/wp-json\/wp\/v2\/media\/3165"}],"wp:attachment":[{"href":"https:\/\/www.krafthand.de\/truck\/wp-json\/wp\/v2\/media?parent=3164"}],"wp:term":[{"taxonomy":"category","embeddable":true,"href":"https:\/\/www.krafthand.de\/truck\/wp-json\/wp\/v2\/categories?post=3164"},{"taxonomy":"post_tag","embeddable":true,"href":"https:\/\/www.krafthand.de\/truck\/wp-json\/wp\/v2\/tags?post=3164"},{"taxonomy":"settings","embeddable":true,"href":"https:\/\/www.krafthand.de\/truck\/wp-json\/wp\/v2\/settings?post=3164"}],"curies":[{"name":"wp","href":"https:\/\/api.w.org\/{rel}","templated":true}]}}