{"id":31628,"date":"2022-03-16T09:14:45","date_gmt":"2022-03-16T08:14:45","guid":{"rendered":"https:\/\/www.krafthand.de\/truck\/?p=31628"},"modified":"2022-04-08T12:00:46","modified_gmt":"2022-04-08T10:00:46","slug":"uebernahme-von-nussbaum","status":"publish","type":"post","link":"https:\/\/www.krafthand.de\/truck\/artikel\/uebernahme-von-nussbaum-31628\/","title":{"rendered":"\u00dcbernahme von Nussbaum"},"content":{"rendered":"<p>Die <a href=\"https:\/\/stertil.com\/de\/\" target=\"_blank\" rel=\"noopener\">Stertil Group<\/a>, Teil der Citadel Enterprises mit Sitz in Kootstertille (Niederlande), hat zum 16.02.2022 die Nussbaum Custom Lifts GmbH und die Nussbaum World Lifts GmbH in Kehl \u00fcbernommen. Den Angaben zufolge werden beide Unternehmen weiterhin unter den jeweiligen Marken Stertil-Koni und <a href=\"https:\/\/www.nussbaumlifts.com\/\" target=\"_blank\" rel=\"noopener\">Nussbaum<\/a> gef\u00fchrt und Fahrzeughebeb\u00fchnen \u00fcber ihre bestehenden Vertriebsnetze in der ganzen Welt vertreiben.<\/p>\n<p>Die Stertil Group ist Spezialist f\u00fcr Schwerlast-Hebeb\u00fchnen f\u00fcr Nutzfahrzeuge. Zum Portfolio geh\u00f6rt beispielsweise die mobile Radgreiferanlage \u201aEarthlift\u2018 mit dem Smart-Control-System \u201aebright\u2018. Nussbaum setzt seinen Fokus traditionellerweise auf Hebeanlagen f\u00fcr Pkw und leichte Nutzfahrzeuge.<\/p>\n<p>\u201eDie Familie Nussbaum hat die Gewissheit, dass ihr Erbe, das vor fast f\u00fcnfzig Jahren begr\u00fcndet wurde und das mit Leidenschaft und harter Arbeit gewachsen ist, in guten H\u00e4nden ist. Die neuen Eigent\u00fcmer, die Stertil Group, werden dieses Erbe in den Produktionsst\u00e4tten in Kehl weiter ausbauen und pflegen\u201c, so ein Vertreter der Stertil-Group.<\/p>\n<p>Das Bild zeigt Douwe Groenendijk (CFO, Stertil Group), Frank Scherer (Gesch\u00e4ftsf\u00fchrer, Nussbaum), Bennie Stapensea (Stertil Group), Phillip und Steffen Nussbaum (v.l.n.r.).<\/p>\n<p><i>Den Beitrag finden Sie auch in der Print-Ausgabe 1\/2022 der <a href=\"https:\/\/www.krafthand.de\/truck\/magazin\/\" title=\"Zum Magazin\">Krafthand-Truck<\/a>.<\/i><\/p>","protected":false},"excerpt":{"rendered":"<p>Die Stertil Group, Teil der Citadel Enterprises hat zum 16.02.2022 die Nussbaum Custom Lifts GmbH und die Nussbaum World Lifts GmbH in Kehl \u00fcbernommen. <span class=\"excerpt-more__dots\">&#8230;<\/span> <a class=\"excerpt-more__link\" href=\"https:\/\/www.krafthand.de\/truck\/artikel\/uebernahme-von-nussbaum-31628\/\" >weiter<\/a><\/p>\n","protected":false},"author":11,"featured_media":31629,"comment_status":"closed","ping_status":"closed","sticky":false,"template":"","format":"standard","meta":{"footnotes":""},"categories":[4235],"tags":[3549,5116],"settings":[],"class_list":["post-31628","post","type-post","status-publish","format-standard","has-post-thumbnail","hentry","category-unternehmen","tag-nussbaum","tag-stertil-group"],"yoast_head":"<!-- This site is optimized with the Yoast SEO plugin v27.3 - https:\/\/yoast.com\/product\/yoast-seo-wordpress\/ -->\n<title>\u00dcbernahme von Nussbaum - Krafthand-Truck<\/title>\n<meta name=\"robots\" content=\"index, follow, max-snippet:-1, max-image-preview:large, max-video-preview:-1\" \/>\n<link rel=\"canonical\" href=\"https:\/\/www.krafthand.de\/truck\/artikel\/uebernahme-von-nussbaum-31628\/\" \/>\n<meta property=\"og:locale\" content=\"de_DE\" \/>\n<meta property=\"og:type\" content=\"article\" \/>\n<meta property=\"og:title\" content=\"\u00dcbernahme von Nussbaum - Krafthand-Truck\" \/>\n<meta property=\"og:description\" content=\"Die Stertil Group, Teil der Citadel Enterprises hat zum 16.02.2022 die Nussbaum Custom Lifts GmbH und die Nussbaum World Lifts GmbH in Kehl \u00fcbernommen. ... weiter\" \/>\n<meta property=\"og:url\" content=\"https:\/\/www.krafthand-truck.de\/artikel\/uebernahme-von-nussbaum-31628\/\" \/>\n<meta property=\"og:site_name\" content=\"Krafthand-Truck\" \/>\n<meta property=\"article:published_time\" content=\"2022-03-16T08:14:45+00:00\" \/>\n<meta property=\"article:modified_time\" content=\"2022-04-08T10:00:46+00:00\" \/>\n<meta property=\"og:image\" content=\"https:\/\/static.krafthand-truck.de\/uploads\/2022\/03\/01_2022_022.jpg\" \/>\n\t<meta property=\"og:image:width\" content=\"1400\" \/>\n\t<meta property=\"og:image:height\" content=\"815\" \/>\n\t<meta property=\"og:image:type\" content=\"image\/jpeg\" \/>\n<meta name=\"author\" content=\"Redaktion Truck\" \/>\n<meta name=\"twitter:card\" content=\"summary_large_image\" \/>\n<meta name=\"twitter:label1\" content=\"Verfasst von\" \/>\n\t<meta name=\"twitter:data1\" content=\"Redaktion Truck\" \/>\n\t<meta name=\"twitter:label2\" content=\"Gesch\u00e4tzte Lesezeit\" \/>\n\t<meta name=\"twitter:data2\" content=\"1\u00a0Minute\" \/>\n<script type=\"application\/ld+json\" class=\"yoast-schema-graph\">{\"@context\":\"https:\\\/\\\/schema.org\",\"@graph\":[{\"@type\":\"Article\",\"@id\":\"https:\\\/\\\/www.krafthand.de\\\/truck\\\/artikel\\\/uebernahme-von-nussbaum-31628\\\/#article\",\"isPartOf\":{\"@id\":\"https:\\\/\\\/www.krafthand.de\\\/truck\\\/artikel\\\/uebernahme-von-nussbaum-31628\\\/\"},\"author\":{\"name\":\"Redaktion Truck\",\"@id\":\"https:\\\/\\\/www.krafthand.de\\\/truck\\\/#\\\/schema\\\/person\\\/5e47d727209575a4b89376746e24f02f\"},\"headline\":\"\u00dcbernahme von Nussbaum\",\"datePublished\":\"2022-03-16T08:14:45+00:00\",\"dateModified\":\"2022-04-08T10:00:46+00:00\",\"mainEntityOfPage\":{\"@id\":\"https:\\\/\\\/www.krafthand.de\\\/truck\\\/artikel\\\/uebernahme-von-nussbaum-31628\\\/\"},\"wordCount\":180,\"image\":{\"@id\":\"https:\\\/\\\/www.krafthand.de\\\/truck\\\/artikel\\\/uebernahme-von-nussbaum-31628\\\/#primaryimage\"},\"thumbnailUrl\":\"https:\\\/\\\/static.krafthand-truck.de\\\/uploads\\\/2022\\\/03\\\/01_2022_022.jpg\",\"keywords\":[\"Nussbaum\",\"Stertil-Group\"],\"articleSection\":[\"Unternehmen\"],\"inLanguage\":\"de\"},{\"@type\":\"WebPage\",\"@id\":\"https:\\\/\\\/www.krafthand.de\\\/truck\\\/artikel\\\/uebernahme-von-nussbaum-31628\\\/\",\"url\":\"https:\\\/\\\/www.krafthand.de\\\/truck\\\/artikel\\\/uebernahme-von-nussbaum-31628\\\/\",\"name\":\"\u00dcbernahme von Nussbaum - Krafthand-Truck\",\"isPartOf\":{\"@id\":\"https:\\\/\\\/www.krafthand.de\\\/truck\\\/#website\"},\"primaryImageOfPage\":{\"@id\":\"https:\\\/\\\/www.krafthand.de\\\/truck\\\/artikel\\\/uebernahme-von-nussbaum-31628\\\/#primaryimage\"},\"image\":{\"@id\":\"https:\\\/\\\/www.krafthand.de\\\/truck\\\/artikel\\\/uebernahme-von-nussbaum-31628\\\/#primaryimage\"},\"thumbnailUrl\":\"https:\\\/\\\/static.krafthand-truck.de\\\/uploads\\\/2022\\\/03\\\/01_2022_022.jpg\",\"datePublished\":\"2022-03-16T08:14:45+00:00\",\"dateModified\":\"2022-04-08T10:00:46+00:00\",\"author\":{\"@id\":\"https:\\\/\\\/www.krafthand.de\\\/truck\\\/#\\\/schema\\\/person\\\/5e47d727209575a4b89376746e24f02f\"},\"breadcrumb\":{\"@id\":\"https:\\\/\\\/www.krafthand.de\\\/truck\\\/artikel\\\/uebernahme-von-nussbaum-31628\\\/#breadcrumb\"},\"inLanguage\":\"de\",\"potentialAction\":[{\"@type\":\"ReadAction\",\"target\":[\"https:\\\/\\\/www.krafthand.de\\\/truck\\\/artikel\\\/uebernahme-von-nussbaum-31628\\\/\"]}]},{\"@type\":\"ImageObject\",\"inLanguage\":\"de\",\"@id\":\"https:\\\/\\\/www.krafthand.de\\\/truck\\\/artikel\\\/uebernahme-von-nussbaum-31628\\\/#primaryimage\",\"url\":\"https:\\\/\\\/static.krafthand-truck.de\\\/uploads\\\/2022\\\/03\\\/01_2022_022.jpg\",\"contentUrl\":\"https:\\\/\\\/static.krafthand-truck.de\\\/uploads\\\/2022\\\/03\\\/01_2022_022.jpg\",\"width\":1400,\"height\":815,\"caption\":\"Bild: Nussbaum\"},{\"@type\":\"BreadcrumbList\",\"@id\":\"https:\\\/\\\/www.krafthand.de\\\/truck\\\/artikel\\\/uebernahme-von-nussbaum-31628\\\/#breadcrumb\",\"itemListElement\":[{\"@type\":\"ListItem\",\"position\":1,\"name\":\"Krafthand-Truck\",\"item\":\"https:\\\/\\\/www.krafthand.de\\\/truck\\\/\"},{\"@type\":\"ListItem\",\"position\":2,\"name\":\"Nfz-Branche\",\"item\":\"https:\\\/\\\/www.krafthand.de\\\/truck\\\/kategorie\\\/branche\\\/\"},{\"@type\":\"ListItem\",\"position\":3,\"name\":\"Unternehmen\",\"item\":\"https:\\\/\\\/www.krafthand.de\\\/truck\\\/kategorie\\\/branche\\\/unternehmen\\\/\"},{\"@type\":\"ListItem\",\"position\":4,\"name\":\"\u00dcbernahme von Nussbaum\"}]},{\"@type\":\"WebSite\",\"@id\":\"https:\\\/\\\/www.krafthand.de\\\/truck\\\/#website\",\"url\":\"https:\\\/\\\/www.krafthand.de\\\/truck\\\/\",\"name\":\"Krafthand-Truck\",\"description\":\"\",\"potentialAction\":[{\"@type\":\"SearchAction\",\"target\":{\"@type\":\"EntryPoint\",\"urlTemplate\":\"https:\\\/\\\/www.krafthand.de\\\/truck\\\/?s={search_term_string}\"},\"query-input\":{\"@type\":\"PropertyValueSpecification\",\"valueRequired\":true,\"valueName\":\"search_term_string\"}}],\"inLanguage\":\"de\"},{\"@type\":\"Person\",\"@id\":\"https:\\\/\\\/www.krafthand.de\\\/truck\\\/#\\\/schema\\\/person\\\/5e47d727209575a4b89376746e24f02f\",\"name\":\"Redaktion Truck\",\"image\":{\"@type\":\"ImageObject\",\"inLanguage\":\"de\",\"@id\":\"https:\\\/\\\/secure.gravatar.com\\\/avatar\\\/64cedf5d293ad6eb6600c19e949d032ff0090f240174891ab1517d73ead05c87?s=96&d=mm&r=g\",\"url\":\"https:\\\/\\\/secure.gravatar.com\\\/avatar\\\/64cedf5d293ad6eb6600c19e949d032ff0090f240174891ab1517d73ead05c87?s=96&d=mm&r=g\",\"contentUrl\":\"https:\\\/\\\/secure.gravatar.com\\\/avatar\\\/64cedf5d293ad6eb6600c19e949d032ff0090f240174891ab1517d73ead05c87?s=96&d=mm&r=g\",\"caption\":\"Redaktion Truck\"}}]}<\/script>\n<!-- \/ Yoast SEO plugin. -->","yoast_head_json":{"title":"\u00dcbernahme von Nussbaum - Krafthand-Truck","robots":{"index":"index","follow":"follow","max-snippet":"max-snippet:-1","max-image-preview":"max-image-preview:large","max-video-preview":"max-video-preview:-1"},"canonical":"https:\/\/www.krafthand.de\/truck\/artikel\/uebernahme-von-nussbaum-31628\/","og_locale":"de_DE","og_type":"article","og_title":"\u00dcbernahme von Nussbaum - Krafthand-Truck","og_description":"Die Stertil Group, Teil der Citadel Enterprises hat zum 16.02.2022 die Nussbaum Custom Lifts GmbH und die Nussbaum World Lifts GmbH in Kehl \u00fcbernommen. ... weiter","og_url":"https:\/\/www.krafthand-truck.de\/artikel\/uebernahme-von-nussbaum-31628\/","og_site_name":"Krafthand-Truck","article_published_time":"2022-03-16T08:14:45+00:00","article_modified_time":"2022-04-08T10:00:46+00:00","og_image":[{"width":1400,"height":815,"url":"https:\/\/static.krafthand-truck.de\/uploads\/2022\/03\/01_2022_022.jpg","type":"image\/jpeg"}],"author":"Redaktion Truck","twitter_card":"summary_large_image","twitter_misc":{"Verfasst von":"Redaktion Truck","Gesch\u00e4tzte Lesezeit":"1\u00a0Minute"},"schema":{"@context":"https:\/\/schema.org","@graph":[{"@type":"Article","@id":"https:\/\/www.krafthand.de\/truck\/artikel\/uebernahme-von-nussbaum-31628\/#article","isPartOf":{"@id":"https:\/\/www.krafthand.de\/truck\/artikel\/uebernahme-von-nussbaum-31628\/"},"author":{"name":"Redaktion Truck","@id":"https:\/\/www.krafthand.de\/truck\/#\/schema\/person\/5e47d727209575a4b89376746e24f02f"},"headline":"\u00dcbernahme von Nussbaum","datePublished":"2022-03-16T08:14:45+00:00","dateModified":"2022-04-08T10:00:46+00:00","mainEntityOfPage":{"@id":"https:\/\/www.krafthand.de\/truck\/artikel\/uebernahme-von-nussbaum-31628\/"},"wordCount":180,"image":{"@id":"https:\/\/www.krafthand.de\/truck\/artikel\/uebernahme-von-nussbaum-31628\/#primaryimage"},"thumbnailUrl":"https:\/\/static.krafthand-truck.de\/uploads\/2022\/03\/01_2022_022.jpg","keywords":["Nussbaum","Stertil-Group"],"articleSection":["Unternehmen"],"inLanguage":"de"},{"@type":"WebPage","@id":"https:\/\/www.krafthand.de\/truck\/artikel\/uebernahme-von-nussbaum-31628\/","url":"https:\/\/www.krafthand.de\/truck\/artikel\/uebernahme-von-nussbaum-31628\/","name":"\u00dcbernahme von Nussbaum - Krafthand-Truck","isPartOf":{"@id":"https:\/\/www.krafthand.de\/truck\/#website"},"primaryImageOfPage":{"@id":"https:\/\/www.krafthand.de\/truck\/artikel\/uebernahme-von-nussbaum-31628\/#primaryimage"},"image":{"@id":"https:\/\/www.krafthand.de\/truck\/artikel\/uebernahme-von-nussbaum-31628\/#primaryimage"},"thumbnailUrl":"https:\/\/static.krafthand-truck.de\/uploads\/2022\/03\/01_2022_022.jpg","datePublished":"2022-03-16T08:14:45+00:00","dateModified":"2022-04-08T10:00:46+00:00","author":{"@id":"https:\/\/www.krafthand.de\/truck\/#\/schema\/person\/5e47d727209575a4b89376746e24f02f"},"breadcrumb":{"@id":"https:\/\/www.krafthand.de\/truck\/artikel\/uebernahme-von-nussbaum-31628\/#breadcrumb"},"inLanguage":"de","potentialAction":[{"@type":"ReadAction","target":["https:\/\/www.krafthand.de\/truck\/artikel\/uebernahme-von-nussbaum-31628\/"]}]},{"@type":"ImageObject","inLanguage":"de","@id":"https:\/\/www.krafthand.de\/truck\/artikel\/uebernahme-von-nussbaum-31628\/#primaryimage","url":"https:\/\/static.krafthand-truck.de\/uploads\/2022\/03\/01_2022_022.jpg","contentUrl":"https:\/\/static.krafthand-truck.de\/uploads\/2022\/03\/01_2022_022.jpg","width":1400,"height":815,"caption":"Bild: Nussbaum"},{"@type":"BreadcrumbList","@id":"https:\/\/www.krafthand.de\/truck\/artikel\/uebernahme-von-nussbaum-31628\/#breadcrumb","itemListElement":[{"@type":"ListItem","position":1,"name":"Krafthand-Truck","item":"https:\/\/www.krafthand.de\/truck\/"},{"@type":"ListItem","position":2,"name":"Nfz-Branche","item":"https:\/\/www.krafthand.de\/truck\/kategorie\/branche\/"},{"@type":"ListItem","position":3,"name":"Unternehmen","item":"https:\/\/www.krafthand.de\/truck\/kategorie\/branche\/unternehmen\/"},{"@type":"ListItem","position":4,"name":"\u00dcbernahme von Nussbaum"}]},{"@type":"WebSite","@id":"https:\/\/www.krafthand.de\/truck\/#website","url":"https:\/\/www.krafthand.de\/truck\/","name":"Krafthand-Truck","description":"","potentialAction":[{"@type":"SearchAction","target":{"@type":"EntryPoint","urlTemplate":"https:\/\/www.krafthand.de\/truck\/?s={search_term_string}"},"query-input":{"@type":"PropertyValueSpecification","valueRequired":true,"valueName":"search_term_string"}}],"inLanguage":"de"},{"@type":"Person","@id":"https:\/\/www.krafthand.de\/truck\/#\/schema\/person\/5e47d727209575a4b89376746e24f02f","name":"Redaktion Truck","image":{"@type":"ImageObject","inLanguage":"de","@id":"https:\/\/secure.gravatar.com\/avatar\/64cedf5d293ad6eb6600c19e949d032ff0090f240174891ab1517d73ead05c87?s=96&d=mm&r=g","url":"https:\/\/secure.gravatar.com\/avatar\/64cedf5d293ad6eb6600c19e949d032ff0090f240174891ab1517d73ead05c87?s=96&d=mm&r=g","contentUrl":"https:\/\/secure.gravatar.com\/avatar\/64cedf5d293ad6eb6600c19e949d032ff0090f240174891ab1517d73ead05c87?s=96&d=mm&r=g","caption":"Redaktion Truck"}}]}},"_links":{"self":[{"href":"https:\/\/www.krafthand.de\/truck\/wp-json\/wp\/v2\/posts\/31628","targetHints":{"allow":["GET"]}}],"collection":[{"href":"https:\/\/www.krafthand.de\/truck\/wp-json\/wp\/v2\/posts"}],"about":[{"href":"https:\/\/www.krafthand.de\/truck\/wp-json\/wp\/v2\/types\/post"}],"author":[{"embeddable":true,"href":"https:\/\/www.krafthand.de\/truck\/wp-json\/wp\/v2\/users\/11"}],"replies":[{"embeddable":true,"href":"https:\/\/www.krafthand.de\/truck\/wp-json\/wp\/v2\/comments?post=31628"}],"version-history":[{"count":3,"href":"https:\/\/www.krafthand.de\/truck\/wp-json\/wp\/v2\/posts\/31628\/revisions"}],"predecessor-version":[{"id":32058,"href":"https:\/\/www.krafthand.de\/truck\/wp-json\/wp\/v2\/posts\/31628\/revisions\/32058"}],"wp:featuredmedia":[{"embeddable":true,"href":"https:\/\/www.krafthand.de\/truck\/wp-json\/wp\/v2\/media\/31629"}],"wp:attachment":[{"href":"https:\/\/www.krafthand.de\/truck\/wp-json\/wp\/v2\/media?parent=31628"}],"wp:term":[{"taxonomy":"category","embeddable":true,"href":"https:\/\/www.krafthand.de\/truck\/wp-json\/wp\/v2\/categories?post=31628"},{"taxonomy":"post_tag","embeddable":true,"href":"https:\/\/www.krafthand.de\/truck\/wp-json\/wp\/v2\/tags?post=31628"},{"taxonomy":"settings","embeddable":true,"href":"https:\/\/www.krafthand.de\/truck\/wp-json\/wp\/v2\/settings?post=31628"}],"curies":[{"name":"wp","href":"https:\/\/api.w.org\/{rel}","templated":true}]}}