{"id":31625,"date":"2022-03-17T11:30:44","date_gmt":"2022-03-17T10:30:44","guid":{"rendered":"https:\/\/www.krafthand.de\/truck\/?p=31625"},"modified":"2022-03-17T11:31:54","modified_gmt":"2022-03-17T10:31:54","slug":"volta-trucks-schliesst-wintertestprogramm-ab","status":"publish","type":"post","link":"https:\/\/www.krafthand.de\/truck\/artikel\/volta-trucks-schliesst-wintertestprogramm-ab-31625\/","title":{"rendered":"Volta Trucks schlie\u00dft Wintertestprogramm ab"},"content":{"rendered":"<p>Der Hersteller von batterieelektrischen Nutzfahrzeugen Volta Trucks hat sein Wintertestprogramm am Polarkreis in Nordschweden abgeschlossen. Mit dem Kaltwetter-Testprogramm m\u00f6chte <a href=\"https:\/\/voltatrucks.com\/\" target=\"_blank\" rel=\"noopener\">Volta Trucks<\/a> sicherstellen, dass der E-Truck Volta Zero die Anforderungen an Qualit\u00e4t, Zuverl\u00e4ssigkeit und Langlebigkeit erf\u00fcllt. Die Serienproduktion nach Kundenspezifikation soll im weiteren Jahresverlauf\u00a0 beginnen.<\/p>\n<p>Die Fahrzeuge wurden von den Versuchsingenieuren bei bis zu &#8211; 30\u00b0C auf eine breite Vielfalt von technischen Aspekten hin gepr\u00fcft. Dazu geh\u00f6rten die Vorbehandlung und die Temperaturbest\u00e4ndigkeit der Batterie, der thermische Komfort im Innenraum, das Entfrosten und Entfeuchten der Kabine, die Traktion bei unterschiedlicher Haftung und die Laufleistung mit verschiedenen Ladegewichten.<\/p>\n<p>Die Markteinf\u00fchrung des vollelektrischen Volta Zero soll den Angaben zufolge in raschem Tempo erfolgen. Deshalb verwenden die Fahrzeugentwickler bei Volta Trucks hochmoderne Instrumente, um Konsistenz und Kommunikation \u00fcber mehrere gleichzeitig durchgef\u00fchrte Testaktivit\u00e4ten hinweg sicherzustellen. Informationen und Verbesserungen aus den verschiedenen Testteams und Standorten werden sofort erfasst, zentral zusammengef\u00fchrt und in Echtzeit an die anderen Testumgebungen weitergegeben, um den Entwicklungsprozess zu beschleunigen.<\/p>\n<blockquote><p>\u201eDer Abschluss unseres Wintertestprogramms ist ein weiterer Meilenstein auf unserem Weg zum Produktionsstart des Volta Zero. Im Zuge der Entwicklung des vollelektrischen mittelschweren Lkw stehen wir zum ersten Mal vor vielen Herausforderungen, die wir schnell verstehen und l\u00f6sen m\u00fcssen, um das Fahrzeug so schnell wie m\u00f6glich auf den Markt bringen zu k\u00f6nnen. Dass die Kunden in unseren Startm\u00e4rkten London und Paris solche Bedingungen vorfinden werden, ist unwahrscheinlich. Wir m\u00fcssen das Fahrzeug jedoch bis zum \u00c4u\u00dfersten treiben, um zu gew\u00e4hrleisten, dass wir schon bei den ersten produzierten Kundenfahrzeugen ein H\u00f6chstma\u00df an Qualit\u00e4t und Zuverl\u00e4ssigkeit liefern&#8220;, erkl\u00e4rt Ian Collins, Chief Product Officer von Volta Trucks.<\/p><\/blockquote>\n","protected":false},"excerpt":{"rendered":"<p>Der Hersteller von batterieelektrischen Nutzfahrzeugen Volta Trucks hat sein Wintertestprogramm am Polarkreis in Nordschweden abgeschlossen. Mit dem Kaltwetter-Testprogramm m\u00f6chte Volta Trucks sicherstellen, dass der E-Truck Volta Zero alle Anforderungen erf\u00fcllt. Die Serienproduktion nach Kundenspezifikation soll im weiteren Jahresverlauf\u00a0 beginnen. <span class=\"excerpt-more__dots\">&#8230;<\/span> <a class=\"excerpt-more__link\" href=\"https:\/\/www.krafthand.de\/truck\/artikel\/volta-trucks-schliesst-wintertestprogramm-ab-31625\/\" >weiter<\/a><\/p>\n","protected":false},"author":9,"featured_media":31630,"comment_status":"closed","ping_status":"closed","sticky":false,"template":"","format":"standard","meta":{"footnotes":""},"categories":[4224,4915],"tags":[4177,4175,4176],"settings":[],"class_list":["post-31625","post","type-post","status-publish","format-standard","has-post-thumbnail","hentry","category-e-antrieb","category-neue-fahrzeuge","tag-e-lkw","tag-volta-zero","tag-volta-trucks"],"yoast_head":"<!-- This site is optimized with the Yoast SEO plugin v27.3 - https:\/\/yoast.com\/product\/yoast-seo-wordpress\/ -->\n<title>Volta Zero: Volta Trucks schlie\u00dft Wintertest ab I Krafthand-Truck<\/title>\n<meta name=\"description\" content=\"Der Hersteller von batterieelektrischen Nutzfahrzeugen Volta Trucks hat sein Wintertestprogramm am Polarkreis in Nordschweden abgeschlossen. Mit dem Kaltwetter-Testprogramm m\u00f6chte Volta Trucks sicherstellen, dass der E-Truck Volta Zero alle Anforderungen erf\u00fcllt. Die Serienproduktion nach Kundenspezifikation soll im weiteren Jahresverlauf\u00a0 beginnen.\" \/>\n<meta name=\"robots\" content=\"index, follow, max-snippet:-1, max-image-preview:large, max-video-preview:-1\" \/>\n<link rel=\"canonical\" href=\"https:\/\/www.krafthand.de\/truck\/artikel\/volta-trucks-schliesst-wintertestprogramm-ab-31625\/\" \/>\n<meta property=\"og:locale\" content=\"de_DE\" \/>\n<meta property=\"og:type\" content=\"article\" \/>\n<meta property=\"og:title\" content=\"Volta Zero: Volta Trucks schlie\u00dft Wintertest ab I Krafthand-Truck\" \/>\n<meta property=\"og:description\" content=\"Der Hersteller von batterieelektrischen Nutzfahrzeugen Volta Trucks hat sein Wintertestprogramm am Polarkreis in Nordschweden abgeschlossen. Mit dem Kaltwetter-Testprogramm m\u00f6chte Volta Trucks sicherstellen, dass der E-Truck Volta Zero alle Anforderungen erf\u00fcllt. Die Serienproduktion nach Kundenspezifikation soll im weiteren Jahresverlauf\u00a0 beginnen.\" \/>\n<meta property=\"og:url\" content=\"https:\/\/www.krafthand-truck.de\/artikel\/volta-trucks-schliesst-wintertestprogramm-ab-31625\/\" \/>\n<meta property=\"og:site_name\" content=\"Krafthand-Truck\" \/>\n<meta property=\"article:published_time\" content=\"2022-03-17T10:30:44+00:00\" \/>\n<meta property=\"article:modified_time\" content=\"2022-03-17T10:31:54+00:00\" \/>\n<meta property=\"og:image\" content=\"https:\/\/static.krafthand-truck.de\/uploads\/2022\/03\/Volta_Trucks_Volta_Zero_Wintertest.jpg\" \/>\n\t<meta property=\"og:image:width\" content=\"1200\" \/>\n\t<meta property=\"og:image:height\" content=\"808\" \/>\n\t<meta property=\"og:image:type\" content=\"image\/jpeg\" \/>\n<meta name=\"author\" content=\"georg.blenk@krafthand-medien.de\" \/>\n<meta name=\"twitter:card\" content=\"summary_large_image\" \/>\n<meta name=\"twitter:label1\" content=\"Verfasst von\" \/>\n\t<meta name=\"twitter:data1\" content=\"georg.blenk@krafthand-medien.de\" \/>\n\t<meta name=\"twitter:label2\" content=\"Gesch\u00e4tzte Lesezeit\" \/>\n\t<meta name=\"twitter:data2\" content=\"1\u00a0Minute\" \/>\n<script type=\"application\/ld+json\" class=\"yoast-schema-graph\">{\"@context\":\"https:\\\/\\\/schema.org\",\"@graph\":[{\"@type\":\"Article\",\"@id\":\"https:\\\/\\\/www.krafthand.de\\\/truck\\\/artikel\\\/volta-trucks-schliesst-wintertestprogramm-ab-31625\\\/#article\",\"isPartOf\":{\"@id\":\"https:\\\/\\\/www.krafthand.de\\\/truck\\\/artikel\\\/volta-trucks-schliesst-wintertestprogramm-ab-31625\\\/\"},\"author\":{\"name\":\"georg.blenk@krafthand-medien.de\",\"@id\":\"https:\\\/\\\/www.krafthand.de\\\/truck\\\/#\\\/schema\\\/person\\\/51fa80b1c57034c4bf63f9f988fc24ce\"},\"headline\":\"Volta Trucks schlie\u00dft Wintertestprogramm ab\",\"datePublished\":\"2022-03-17T10:30:44+00:00\",\"dateModified\":\"2022-03-17T10:31:54+00:00\",\"mainEntityOfPage\":{\"@id\":\"https:\\\/\\\/www.krafthand.de\\\/truck\\\/artikel\\\/volta-trucks-schliesst-wintertestprogramm-ab-31625\\\/\"},\"wordCount\":288,\"image\":{\"@id\":\"https:\\\/\\\/www.krafthand.de\\\/truck\\\/artikel\\\/volta-trucks-schliesst-wintertestprogramm-ab-31625\\\/#primaryimage\"},\"thumbnailUrl\":\"https:\\\/\\\/static.krafthand-truck.de\\\/uploads\\\/2022\\\/03\\\/Volta_Trucks_Volta_Zero_Wintertest.jpg\",\"keywords\":[\"E-Lkw\",\"Volta Zero\",\"Volta-Trucks\"],\"articleSection\":[\"E-Antrieb (BEV\\\/FCEV)\",\"Neue Fahrzeuge\"],\"inLanguage\":\"de\"},{\"@type\":\"WebPage\",\"@id\":\"https:\\\/\\\/www.krafthand.de\\\/truck\\\/artikel\\\/volta-trucks-schliesst-wintertestprogramm-ab-31625\\\/\",\"url\":\"https:\\\/\\\/www.krafthand.de\\\/truck\\\/artikel\\\/volta-trucks-schliesst-wintertestprogramm-ab-31625\\\/\",\"name\":\"Volta Zero: Volta Trucks schlie\u00dft Wintertest ab I Krafthand-Truck\",\"isPartOf\":{\"@id\":\"https:\\\/\\\/www.krafthand.de\\\/truck\\\/#website\"},\"primaryImageOfPage\":{\"@id\":\"https:\\\/\\\/www.krafthand.de\\\/truck\\\/artikel\\\/volta-trucks-schliesst-wintertestprogramm-ab-31625\\\/#primaryimage\"},\"image\":{\"@id\":\"https:\\\/\\\/www.krafthand.de\\\/truck\\\/artikel\\\/volta-trucks-schliesst-wintertestprogramm-ab-31625\\\/#primaryimage\"},\"thumbnailUrl\":\"https:\\\/\\\/static.krafthand-truck.de\\\/uploads\\\/2022\\\/03\\\/Volta_Trucks_Volta_Zero_Wintertest.jpg\",\"datePublished\":\"2022-03-17T10:30:44+00:00\",\"dateModified\":\"2022-03-17T10:31:54+00:00\",\"author\":{\"@id\":\"https:\\\/\\\/www.krafthand.de\\\/truck\\\/#\\\/schema\\\/person\\\/51fa80b1c57034c4bf63f9f988fc24ce\"},\"description\":\"Der Hersteller von batterieelektrischen Nutzfahrzeugen Volta Trucks hat sein Wintertestprogramm am Polarkreis in Nordschweden abgeschlossen. Mit dem Kaltwetter-Testprogramm m\u00f6chte Volta Trucks sicherstellen, dass der E-Truck Volta Zero alle Anforderungen erf\u00fcllt. Die Serienproduktion nach Kundenspezifikation soll im weiteren Jahresverlauf\u00a0 beginnen.\",\"breadcrumb\":{\"@id\":\"https:\\\/\\\/www.krafthand.de\\\/truck\\\/artikel\\\/volta-trucks-schliesst-wintertestprogramm-ab-31625\\\/#breadcrumb\"},\"inLanguage\":\"de\",\"potentialAction\":[{\"@type\":\"ReadAction\",\"target\":[\"https:\\\/\\\/www.krafthand.de\\\/truck\\\/artikel\\\/volta-trucks-schliesst-wintertestprogramm-ab-31625\\\/\"]}]},{\"@type\":\"ImageObject\",\"inLanguage\":\"de\",\"@id\":\"https:\\\/\\\/www.krafthand.de\\\/truck\\\/artikel\\\/volta-trucks-schliesst-wintertestprogramm-ab-31625\\\/#primaryimage\",\"url\":\"https:\\\/\\\/static.krafthand-truck.de\\\/uploads\\\/2022\\\/03\\\/Volta_Trucks_Volta_Zero_Wintertest.jpg\",\"contentUrl\":\"https:\\\/\\\/static.krafthand-truck.de\\\/uploads\\\/2022\\\/03\\\/Volta_Trucks_Volta_Zero_Wintertest.jpg\",\"width\":1200,\"height\":808},{\"@type\":\"BreadcrumbList\",\"@id\":\"https:\\\/\\\/www.krafthand.de\\\/truck\\\/artikel\\\/volta-trucks-schliesst-wintertestprogramm-ab-31625\\\/#breadcrumb\",\"itemListElement\":[{\"@type\":\"ListItem\",\"position\":1,\"name\":\"Krafthand-Truck\",\"item\":\"https:\\\/\\\/www.krafthand.de\\\/truck\\\/\"},{\"@type\":\"ListItem\",\"position\":2,\"name\":\"IT+Fuhrpark\",\"item\":\"https:\\\/\\\/www.krafthand.de\\\/truck\\\/kategorie\\\/fuhrpark\\\/\"},{\"@type\":\"ListItem\",\"position\":3,\"name\":\"Neue Fahrzeuge\",\"item\":\"https:\\\/\\\/www.krafthand.de\\\/truck\\\/kategorie\\\/fuhrpark\\\/neue-fahrzeuge\\\/\"},{\"@type\":\"ListItem\",\"position\":4,\"name\":\"Volta Trucks schlie\u00dft Wintertestprogramm ab\"}]},{\"@type\":\"WebSite\",\"@id\":\"https:\\\/\\\/www.krafthand.de\\\/truck\\\/#website\",\"url\":\"https:\\\/\\\/www.krafthand.de\\\/truck\\\/\",\"name\":\"Krafthand-Truck\",\"description\":\"\",\"potentialAction\":[{\"@type\":\"SearchAction\",\"target\":{\"@type\":\"EntryPoint\",\"urlTemplate\":\"https:\\\/\\\/www.krafthand.de\\\/truck\\\/?s={search_term_string}\"},\"query-input\":{\"@type\":\"PropertyValueSpecification\",\"valueRequired\":true,\"valueName\":\"search_term_string\"}}],\"inLanguage\":\"de\"},{\"@type\":\"Person\",\"@id\":\"https:\\\/\\\/www.krafthand.de\\\/truck\\\/#\\\/schema\\\/person\\\/51fa80b1c57034c4bf63f9f988fc24ce\",\"name\":\"georg.blenk@krafthand-medien.de\",\"image\":{\"@type\":\"ImageObject\",\"inLanguage\":\"de\",\"@id\":\"https:\\\/\\\/secure.gravatar.com\\\/avatar\\\/93713c30affe0aa95d3a4130e499bb1abee2eb31adbdd9ce2aa1543538490215?s=96&d=mm&r=g\",\"url\":\"https:\\\/\\\/secure.gravatar.com\\\/avatar\\\/93713c30affe0aa95d3a4130e499bb1abee2eb31adbdd9ce2aa1543538490215?s=96&d=mm&r=g\",\"contentUrl\":\"https:\\\/\\\/secure.gravatar.com\\\/avatar\\\/93713c30affe0aa95d3a4130e499bb1abee2eb31adbdd9ce2aa1543538490215?s=96&d=mm&r=g\",\"caption\":\"georg.blenk@krafthand-medien.de\"}}]}<\/script>\n<!-- \/ Yoast SEO plugin. -->","yoast_head_json":{"title":"Volta Zero: Volta Trucks schlie\u00dft Wintertest ab I Krafthand-Truck","description":"Der Hersteller von batterieelektrischen Nutzfahrzeugen Volta Trucks hat sein Wintertestprogramm am Polarkreis in Nordschweden abgeschlossen. Mit dem Kaltwetter-Testprogramm m\u00f6chte Volta Trucks sicherstellen, dass der E-Truck Volta Zero alle Anforderungen erf\u00fcllt. Die Serienproduktion nach Kundenspezifikation soll im weiteren Jahresverlauf\u00a0 beginnen.","robots":{"index":"index","follow":"follow","max-snippet":"max-snippet:-1","max-image-preview":"max-image-preview:large","max-video-preview":"max-video-preview:-1"},"canonical":"https:\/\/www.krafthand.de\/truck\/artikel\/volta-trucks-schliesst-wintertestprogramm-ab-31625\/","og_locale":"de_DE","og_type":"article","og_title":"Volta Zero: Volta Trucks schlie\u00dft Wintertest ab I Krafthand-Truck","og_description":"Der Hersteller von batterieelektrischen Nutzfahrzeugen Volta Trucks hat sein Wintertestprogramm am Polarkreis in Nordschweden abgeschlossen. Mit dem Kaltwetter-Testprogramm m\u00f6chte Volta Trucks sicherstellen, dass der E-Truck Volta Zero alle Anforderungen erf\u00fcllt. Die Serienproduktion nach Kundenspezifikation soll im weiteren Jahresverlauf\u00a0 beginnen.","og_url":"https:\/\/www.krafthand-truck.de\/artikel\/volta-trucks-schliesst-wintertestprogramm-ab-31625\/","og_site_name":"Krafthand-Truck","article_published_time":"2022-03-17T10:30:44+00:00","article_modified_time":"2022-03-17T10:31:54+00:00","og_image":[{"width":1200,"height":808,"url":"https:\/\/static.krafthand-truck.de\/uploads\/2022\/03\/Volta_Trucks_Volta_Zero_Wintertest.jpg","type":"image\/jpeg"}],"author":"georg.blenk@krafthand-medien.de","twitter_card":"summary_large_image","twitter_misc":{"Verfasst von":"georg.blenk@krafthand-medien.de","Gesch\u00e4tzte Lesezeit":"1\u00a0Minute"},"schema":{"@context":"https:\/\/schema.org","@graph":[{"@type":"Article","@id":"https:\/\/www.krafthand.de\/truck\/artikel\/volta-trucks-schliesst-wintertestprogramm-ab-31625\/#article","isPartOf":{"@id":"https:\/\/www.krafthand.de\/truck\/artikel\/volta-trucks-schliesst-wintertestprogramm-ab-31625\/"},"author":{"name":"georg.blenk@krafthand-medien.de","@id":"https:\/\/www.krafthand.de\/truck\/#\/schema\/person\/51fa80b1c57034c4bf63f9f988fc24ce"},"headline":"Volta Trucks schlie\u00dft Wintertestprogramm ab","datePublished":"2022-03-17T10:30:44+00:00","dateModified":"2022-03-17T10:31:54+00:00","mainEntityOfPage":{"@id":"https:\/\/www.krafthand.de\/truck\/artikel\/volta-trucks-schliesst-wintertestprogramm-ab-31625\/"},"wordCount":288,"image":{"@id":"https:\/\/www.krafthand.de\/truck\/artikel\/volta-trucks-schliesst-wintertestprogramm-ab-31625\/#primaryimage"},"thumbnailUrl":"https:\/\/static.krafthand-truck.de\/uploads\/2022\/03\/Volta_Trucks_Volta_Zero_Wintertest.jpg","keywords":["E-Lkw","Volta Zero","Volta-Trucks"],"articleSection":["E-Antrieb (BEV\/FCEV)","Neue Fahrzeuge"],"inLanguage":"de"},{"@type":"WebPage","@id":"https:\/\/www.krafthand.de\/truck\/artikel\/volta-trucks-schliesst-wintertestprogramm-ab-31625\/","url":"https:\/\/www.krafthand.de\/truck\/artikel\/volta-trucks-schliesst-wintertestprogramm-ab-31625\/","name":"Volta Zero: Volta Trucks schlie\u00dft Wintertest ab I Krafthand-Truck","isPartOf":{"@id":"https:\/\/www.krafthand.de\/truck\/#website"},"primaryImageOfPage":{"@id":"https:\/\/www.krafthand.de\/truck\/artikel\/volta-trucks-schliesst-wintertestprogramm-ab-31625\/#primaryimage"},"image":{"@id":"https:\/\/www.krafthand.de\/truck\/artikel\/volta-trucks-schliesst-wintertestprogramm-ab-31625\/#primaryimage"},"thumbnailUrl":"https:\/\/static.krafthand-truck.de\/uploads\/2022\/03\/Volta_Trucks_Volta_Zero_Wintertest.jpg","datePublished":"2022-03-17T10:30:44+00:00","dateModified":"2022-03-17T10:31:54+00:00","author":{"@id":"https:\/\/www.krafthand.de\/truck\/#\/schema\/person\/51fa80b1c57034c4bf63f9f988fc24ce"},"description":"Der Hersteller von batterieelektrischen Nutzfahrzeugen Volta Trucks hat sein Wintertestprogramm am Polarkreis in Nordschweden abgeschlossen. Mit dem Kaltwetter-Testprogramm m\u00f6chte Volta Trucks sicherstellen, dass der E-Truck Volta Zero alle Anforderungen erf\u00fcllt. Die Serienproduktion nach Kundenspezifikation soll im weiteren Jahresverlauf\u00a0 beginnen.","breadcrumb":{"@id":"https:\/\/www.krafthand.de\/truck\/artikel\/volta-trucks-schliesst-wintertestprogramm-ab-31625\/#breadcrumb"},"inLanguage":"de","potentialAction":[{"@type":"ReadAction","target":["https:\/\/www.krafthand.de\/truck\/artikel\/volta-trucks-schliesst-wintertestprogramm-ab-31625\/"]}]},{"@type":"ImageObject","inLanguage":"de","@id":"https:\/\/www.krafthand.de\/truck\/artikel\/volta-trucks-schliesst-wintertestprogramm-ab-31625\/#primaryimage","url":"https:\/\/static.krafthand-truck.de\/uploads\/2022\/03\/Volta_Trucks_Volta_Zero_Wintertest.jpg","contentUrl":"https:\/\/static.krafthand-truck.de\/uploads\/2022\/03\/Volta_Trucks_Volta_Zero_Wintertest.jpg","width":1200,"height":808},{"@type":"BreadcrumbList","@id":"https:\/\/www.krafthand.de\/truck\/artikel\/volta-trucks-schliesst-wintertestprogramm-ab-31625\/#breadcrumb","itemListElement":[{"@type":"ListItem","position":1,"name":"Krafthand-Truck","item":"https:\/\/www.krafthand.de\/truck\/"},{"@type":"ListItem","position":2,"name":"IT+Fuhrpark","item":"https:\/\/www.krafthand.de\/truck\/kategorie\/fuhrpark\/"},{"@type":"ListItem","position":3,"name":"Neue Fahrzeuge","item":"https:\/\/www.krafthand.de\/truck\/kategorie\/fuhrpark\/neue-fahrzeuge\/"},{"@type":"ListItem","position":4,"name":"Volta Trucks schlie\u00dft Wintertestprogramm ab"}]},{"@type":"WebSite","@id":"https:\/\/www.krafthand.de\/truck\/#website","url":"https:\/\/www.krafthand.de\/truck\/","name":"Krafthand-Truck","description":"","potentialAction":[{"@type":"SearchAction","target":{"@type":"EntryPoint","urlTemplate":"https:\/\/www.krafthand.de\/truck\/?s={search_term_string}"},"query-input":{"@type":"PropertyValueSpecification","valueRequired":true,"valueName":"search_term_string"}}],"inLanguage":"de"},{"@type":"Person","@id":"https:\/\/www.krafthand.de\/truck\/#\/schema\/person\/51fa80b1c57034c4bf63f9f988fc24ce","name":"georg.blenk@krafthand-medien.de","image":{"@type":"ImageObject","inLanguage":"de","@id":"https:\/\/secure.gravatar.com\/avatar\/93713c30affe0aa95d3a4130e499bb1abee2eb31adbdd9ce2aa1543538490215?s=96&d=mm&r=g","url":"https:\/\/secure.gravatar.com\/avatar\/93713c30affe0aa95d3a4130e499bb1abee2eb31adbdd9ce2aa1543538490215?s=96&d=mm&r=g","contentUrl":"https:\/\/secure.gravatar.com\/avatar\/93713c30affe0aa95d3a4130e499bb1abee2eb31adbdd9ce2aa1543538490215?s=96&d=mm&r=g","caption":"georg.blenk@krafthand-medien.de"}}]}},"_links":{"self":[{"href":"https:\/\/www.krafthand.de\/truck\/wp-json\/wp\/v2\/posts\/31625","targetHints":{"allow":["GET"]}}],"collection":[{"href":"https:\/\/www.krafthand.de\/truck\/wp-json\/wp\/v2\/posts"}],"about":[{"href":"https:\/\/www.krafthand.de\/truck\/wp-json\/wp\/v2\/types\/post"}],"author":[{"embeddable":true,"href":"https:\/\/www.krafthand.de\/truck\/wp-json\/wp\/v2\/users\/9"}],"replies":[{"embeddable":true,"href":"https:\/\/www.krafthand.de\/truck\/wp-json\/wp\/v2\/comments?post=31625"}],"version-history":[{"count":5,"href":"https:\/\/www.krafthand.de\/truck\/wp-json\/wp\/v2\/posts\/31625\/revisions"}],"predecessor-version":[{"id":31635,"href":"https:\/\/www.krafthand.de\/truck\/wp-json\/wp\/v2\/posts\/31625\/revisions\/31635"}],"wp:featuredmedia":[{"embeddable":true,"href":"https:\/\/www.krafthand.de\/truck\/wp-json\/wp\/v2\/media\/31630"}],"wp:attachment":[{"href":"https:\/\/www.krafthand.de\/truck\/wp-json\/wp\/v2\/media?parent=31625"}],"wp:term":[{"taxonomy":"category","embeddable":true,"href":"https:\/\/www.krafthand.de\/truck\/wp-json\/wp\/v2\/categories?post=31625"},{"taxonomy":"post_tag","embeddable":true,"href":"https:\/\/www.krafthand.de\/truck\/wp-json\/wp\/v2\/tags?post=31625"},{"taxonomy":"settings","embeddable":true,"href":"https:\/\/www.krafthand.de\/truck\/wp-json\/wp\/v2\/settings?post=31625"}],"curies":[{"name":"wp","href":"https:\/\/api.w.org\/{rel}","templated":true}]}}