{"id":31609,"date":"2022-03-24T11:43:18","date_gmt":"2022-03-24T10:43:18","guid":{"rendered":"https:\/\/www.krafthand.de\/truck\/?p=31609"},"modified":"2022-06-16T15:32:10","modified_gmt":"2022-06-16T13:32:10","slug":"verteiler-mit-potenzial-der-daf-lf-electric","status":"publish","type":"post","link":"https:\/\/www.krafthand.de\/truck\/artikel\/verteiler-mit-potenzial-der-daf-lf-electric-31609\/","title":{"rendered":"Verteiler mit Potenzial: Der DAF LF Electric"},"content":{"rendered":"<h3>DAF geh\u00f6rt zur amerikanischen PACCAR-Gruppe und z\u00e4hlt zu den f\u00fchrenden Lkw-Herstellern in Europa. 2021 produzierte man rund 60.000 Lkw, Deutschland ist dabei der gr\u00f6\u00dfte Markt. Das Portfolio reicht von schweren Lkw (Baureihen XF, XG, XG+) \u00fcber mittelschwere (CF) bis hin zu leichten Lkw (LF). Was alternative Antriebe angeht, so setzen die Niederl\u00e4nder auf eine ganzheitliche Strategie.<\/h3>\n<p>Im Testbetrieb befindet sich der DAF CF Hybrid mit PACCAR-Dieselmotor. Die E-Maschine und das TraXon-Getriebe liefert ZF. Zus\u00e4tzlich entwickelt DAF einen Wasserstoff-Verbrennungsmotor, die Konzernmutter <a href=\"https:\/\/www.paccar.com\/\" target=\"_blank\" rel=\"noopener\">PACCAR<\/a> setzt mit dem Kenworth ZECT auf einem Lkw mit Brennstoffzelle. Bereits auf der Stra\u00dfe und bestellbar sind die beiden batterieelektrischen Lkw, der CF Electric sowie sein kleiner Bruder, der leichtere Verteiler-Lkw LF Electric.\u00a0Wir haben uns bei DAF zu aktuellen Marktentwicklungen erkundigt und uns die batterieelektrische Version des LF genauer angesehen.<\/p>\n<figure id=\"attachment_31614\" aria-describedby=\"caption-attachment-31614\" style=\"width: 300px\" class=\"wp-caption alignright\"><img fetchpriority=\"high\" decoding=\"async\" class=\"wp-image-31614 size-medium\" src=\"https:\/\/static.krafthand-truck.de\/uploads\/2022\/03\/01_2022_006_2-e1647511407300-300x226.jpg\" alt=\"Tim Plasberg\" width=\"300\" height=\"226\" srcset=\"https:\/\/static.krafthand-truck.de\/uploads\/2022\/03\/01_2022_006_2-e1647511407300-300x226.jpg 300w, https:\/\/static.krafthand-truck.de\/uploads\/2022\/03\/01_2022_006_2-e1647511407300-768x579.jpg 768w, https:\/\/static.krafthand-truck.de\/uploads\/2022\/03\/01_2022_006_2-e1647511407300-200x150.jpg 200w, https:\/\/static.krafthand-truck.de\/uploads\/2022\/03\/01_2022_006_2-e1647511407300.jpg 927w\" sizes=\"(max-width: 300px) 100vw, 300px\" \/><figcaption id=\"caption-attachment-31614\" class=\"wp-caption-text\">\u201eWir betreiben gezielt Aufkl\u00e4rungsarbeit und beraten jeden potenziellen Kunden individuell auf seine Bed\u00fcrfnisse hin\u201c, so Tim Plasberg.<\/figcaption><\/figure>\n<h2>Der Markt<\/h2>\n<p>Grunds\u00e4tzlich hat DAF, wie auch andere OEM, ein origin\u00e4res Interesse daran die CO2-Bilanz \u00fcber die gesamte Flotte zu verbessern, nicht zuletzt aufgrund der Rahmenbedingungen, die die EU vorschreibt. Da liegt der Einstieg in die batterieelektrische Mobilit\u00e4t nahe. Auf der anderen Seite hat sich nach anf\u00e4nglicher Skepsis auch die Nachfragesituation auf Kundenseite gewandelt. \u201eZum einen fragen Auftraggeber von Transportdienstleistungen nach CO2-freien Bef\u00f6rderungsm\u00f6glichkeiten, zum anderen steigt das Interesse auf Seiten der Spediteure\u201c, erz\u00e4hlt Tim Plasberg, Key Account- und E-Mobility-Manager bei DAF Deutschland. Es ginge darum Kunden zu binden und neue Kunden zu generieren. Hinzu komme laut Plasberg der Wissensvorsprung, besch\u00e4ftige man sich gezielt mit dem Thema E-Lkw. Zu viele Unwahrheiten w\u00e4ren noch im Umlauf. So ginge es beispielsweise um die Bewertung der Angabe von Kilowatt pro Kilometer, letztendlich um den konkreten Einsatzzweck der Fahrzeuge, im Ergebnis um die Kosten. \u201eWir betreiben gezielt Aufkl\u00e4rungsarbeit und beraten jeden potenziellen Kunden individuell auf seine Bed\u00fcrfnisse hin. E-Lkw machen in vielen F\u00e4llen Sinn und zahlen sich heute schon aus\u201c, so Plasberg. Viele Spediteure w\u00fcrden erkennen, dass sie sich durch dieses erworbene Fachwissen einen Wettbewerbsvorteil verschaffen.<\/p>\n<p>Ein optimales Einsatzgebiet des <a href=\"https:\/\/www.daftrucks.de\/de-de\/lkw\/alternative-kraftstoffe-und-antriebsstrange\/batteriebetriebene-elektrofahrzeuge\/daf-lf-electric\" target=\"_blank\" rel=\"noopener\">DAF LF Electric<\/a> ist beispielsweise der Garten- und Landschaftsbau, inklusive Mobilkran. \u201eAktuell l\u00e4uft noch den ganzen Tag der Dieselmotor um den Kran in Betrieb zu halten\u201c, so Plasberg. Es reiche aus, wenn man das Fahrzeug abends wieder in die Garage stellt. Schnellladen sei in solchen F\u00e4llen nicht unbedingt n\u00f6tig. Ebenfalls ideal ist laut Plasberg der LF Electric f\u00fcr die lokale Distribution, das gilt auch f\u00fcr temperaturgef\u00fchrte Transporte in der Frischelogistik. Speziell in Wohngebieten oder in Industrieparks k\u00f6nnen die Fahrzeuge Over-Night liefern, da sie zugleich fl\u00fcsterleise sind.<\/p>\n<h2>Bund f\u00f6rdert Mehrkosten mit 80 Prozent<\/h2>\n<p>Der Bund bezuschusst 80 Prozent der Mehrkosten eines Elektro-Lkw gegen\u00fcber dem Preis eines herk\u00f6mmlichen Diesels. Grundlage ist eine neue F\u00f6rderrichtlinie, die Teil des Gesamtkonzepts klimafreundliche Nutzfahrzeuge ist. Beispielsweise kommt eine CF Electric Sattelzugmaschine auf rund 350.000 Euro Anschaffungskosten, je nach Ausstattung. Kostentreiber sind die komplexen Elektronik-Komponenten und die Batteriepacks, letztere sind laut Plasberg konsequent auf Langlebigkeit und eine hohe Kilometerzahl (bis zu 1,6 Millionen) ausgelegt. Die Mehrkosten gegen\u00fcber einer vergleichbaren Sattelzugmaschine belaufen sich auf rund 250.000 Euro. Damit ergibt sich bei einer F\u00f6rderquote von 80 Prozent der Mehrkosten gegen\u00fcber einem Dieselfahrzeug eine satte F\u00f6rdersumme von 200.000 Euro. Die Ladeinfrastruktur wird ebenfalls mit 80 Prozent gef\u00f6rdert.<\/p>\n<blockquote><p><em>\u201e\u00dcber die Subvention sehen wir eine richtige Dynamik im Markt\u201c<\/em>, erkl\u00e4rt Plasberg.<\/p><\/blockquote>\n<h2>Die Technik des LF Electric<\/h2>\n<p>Der Grundaufbau des LF Electric basiert auf dem LF mit Dieselmotor, jedoch hat DAF den Leiterrahmen erheblich verst\u00e4rkt, um die Batteriepacks aufzunehmen und der Verschr\u00e4nkung im Fahrbetrieb entgegenzuwirken. Der Radstand reicht je nach Kundenwunsch von 5,30 m bis zu maximal 6,60 m. <em>\u201eWir ben\u00f6tigen einen gewissen Platz, um die 282 KWh (254 KWh Nettokapazit\u00e4t) in Form der Batteriepacks unterzubringen. Unter der Fahrerkabine, die nicht ver\u00e4ndert wurde, befinden sich die K\u00fchlung, s\u00e4mtliche Nebenaggregate, das Energie-Managementsystem und letztendlich der elektrifizierte Antriebsstrang\u201c<\/em>, erkl\u00e4rt Plasberg.<\/p>\n<figure id=\"attachment_31613\" aria-describedby=\"caption-attachment-31613\" style=\"width: 1400px\" class=\"wp-caption aligncenter\"><img decoding=\"async\" class=\"size-full wp-image-31613\" src=\"https:\/\/static.krafthand-truck.de\/uploads\/2022\/03\/01_2022_006_3_Text.jpg\" alt=\"Antriebsstrang und Batteriepacks des DAF LF Electric\" width=\"1400\" height=\"708\" srcset=\"https:\/\/static.krafthand-truck.de\/uploads\/2022\/03\/01_2022_006_3_Text.jpg 1400w, https:\/\/static.krafthand-truck.de\/uploads\/2022\/03\/01_2022_006_3_Text-300x152.jpg 300w, https:\/\/static.krafthand-truck.de\/uploads\/2022\/03\/01_2022_006_3_Text-1024x518.jpg 1024w, https:\/\/static.krafthand-truck.de\/uploads\/2022\/03\/01_2022_006_3_Text-768x388.jpg 768w, https:\/\/static.krafthand-truck.de\/uploads\/2022\/03\/01_2022_006_3_Text-1320x668.jpg 1320w\" sizes=\"(max-width: 1400px) 100vw, 1400px\" \/><figcaption id=\"caption-attachment-31613\" class=\"wp-caption-text\">Antriebsstrang + Komponenten: Der Leiterrahmen des DAF LF Electric ist sehr steif ausgef\u00fchrt, um die schweren Batteriepacks sicher aufzunehmen zu k\u00f6nnen.<\/figcaption><\/figure>\n<p>&nbsp;<\/p>\n<p>\u00dcber die Kardanwelle kann DAF also mit unterschiedlichen Radst\u00e4nden arbeiten, die Hinterachse ist eine Standardachse, mit relativ hoher \u00dcbersetzung, da kein Getriebe zum Einsatz kommt. DANA liefert den Antriebsstrang, die Hinterachse stellt DAF im niederl\u00e4ndischen Westerloo her. Die Leistung des Fahrzeugs gibt DAF mit 250 kW (nominal) und 370 kW (Spitze), bei einem Drehmoment von 1.970 Nm (nominal) \/ 3.500 Nm (Spitze) an.<\/p>\n<p>Zus\u00e4tzlich verf\u00fcgt der LF Electric \u00fcber ein getrenntes 24-V-Bordnetzsystem mit eigener Batterie, um beispielsweise die Heizung, die Innenraumbeleuchtung oder das Fahrzeuglicht zu betreiben. Im \u00dcbrigen: Der LF Electric hat einen eigenen Onboard-Charger. Man ben\u00f6tigt nicht zwingend eine Schnellladem\u00f6glichkeit und kann den LF Electric auch \u00fcber eine 22-kW-Ladestation und eine handels\u00fcbliche Dose mit \u201aSaft\u2018 versorgen.<\/p>\n<h2>Batterie-Packs<\/h2>\n<p>DAF setzt bei den Batteriepacks auf Eisen-Phosphatbatterien und damit auf Lithium-Technologie. Das verhindert laut Plasberg den sogenannten Durchz\u00fcndungsprozess (Thermal-Runaway). Andere seltene Erden au\u00dfer Lithium kommen nicht zum Einsatz. <em>\u201eDer LF Electric l\u00e4sst sich mit bis zu 150 kW laden. Zu unserem Kundenservice geh\u00f6rt aber auch die individuelle Beratung hinsichtlich der ben\u00f6tigten Ladeinfrastruktur, bis hin zu PACCAR-Ladestationen\u201c<\/em>, so Plasberg. Um die Leistungsperformance der Batterien \u00fcber den Lebenszyklus zu gew\u00e4hrleisten h\u00e4lt das Thermomanagementsystem des LF Electric die Batterien in einem konstanten Temperaturfenster von 25\u00b0C.<\/p>\n<figure id=\"attachment_31610\" aria-describedby=\"caption-attachment-31610\" style=\"width: 665px\" class=\"wp-caption aligncenter\"><img decoding=\"async\" class=\"wp-image-31610 size-large\" src=\"https:\/\/static.krafthand-truck.de\/uploads\/2022\/03\/01_2022_006_4-1024x561.jpg\" alt=\"Reifen DAF LF Electric\" width=\"665\" height=\"364\" srcset=\"https:\/\/static.krafthand-truck.de\/uploads\/2022\/03\/01_2022_006_4-1024x561.jpg 1024w, https:\/\/static.krafthand-truck.de\/uploads\/2022\/03\/01_2022_006_4-300x164.jpg 300w, https:\/\/static.krafthand-truck.de\/uploads\/2022\/03\/01_2022_006_4-768x421.jpg 768w, https:\/\/static.krafthand-truck.de\/uploads\/2022\/03\/01_2022_006_4-1320x723.jpg 1320w, https:\/\/static.krafthand-truck.de\/uploads\/2022\/03\/01_2022_006_4.jpg 1400w\" sizes=\"(max-width: 665px) 100vw, 665px\" \/><figcaption id=\"caption-attachment-31610\" class=\"wp-caption-text\">Die Reifen des LF Electric sind handels\u00fcblich, jedoch rollwiderstandsoptimiert.<\/figcaption><\/figure>\n<h2>Reifen, Bremsen, Assistenzsysteme<\/h2>\n<p>Der LF Electric steht auf handels\u00fcblichen Reifen, jedoch achtet DAF bei der Auswahl auf den Rollwiderstand. Dabei spielt das sogenannte VECTO-Simulations-Tool eine Rolle. Bei der Bremsanlage handelt es sich um eine EBS-gesteuerte Druckluftbremse, unterst\u00fctzt durch die Rekuperation. Der LF Electric rekuperiert beim Bremsen nicht sofort, sondern erst durch bet\u00e4tigen des Bremspedals unter Einsatz der e-Motorbremse (Segelbetrieb). Ausschlaggebend sind der Bremspedalweg, beziehungsweise die Fahrzeuggeschwindigkeit. Bei st\u00e4rkerem Bremsen tritt die Betriebsbremse ein. Eine intelligente Steuerung sorgt f\u00fcr optimale Brems- und Rekuperier-Performance.<\/p>\n<p>Der LF Electric verf\u00fcgt \u00fcber einen Tempomaten, einen Notbrems- sowie Spurhalteassistent und einen Fahrerairbag. Ein Abbiegeassistent kann optional bestellt werden. Generell sehr gro\u00dfe Fenster, ein tiefgezogenes \u201aBordsteinfenster\u2018 rechts sowie die niedrige Sitzposition sollen f\u00fcr gute Sicht sorgen.<\/p>\n<p>&nbsp;<\/p>\n<div class=\"infobox box-grey\"><\/p>\n<h3>Hintergrund: Das VECTO-Tool<\/h3>\n<p>Das VECTO-Tool (Vehicle-Energy-Consumption-Calculation-Tool) ist ein Simulationstool der EU, um Kraftstoffeffizienz der Neufahrzeuge zu ermitteln. CO2-Emissionen werden durch den VECTO-Wert messbar beziehungsweise vergleichbar gemacht, um das Ziel der CO2-Reduzierung sicherzustellen.<\/p>\n<p>&nbsp;<\/p>\n<p><\/div>\n<p>&nbsp;<\/p>\n<figure id=\"attachment_31612\" aria-describedby=\"caption-attachment-31612\" style=\"width: 420px\" class=\"wp-caption alignleft\"><a href=\"https:\/\/static.krafthand-truck.de\/uploads\/2022\/03\/01_2022_006_5.jpg\" target=\"_blank\" rel=\"noopener\"><img loading=\"lazy\" decoding=\"async\" class=\"wp-image-31612\" src=\"https:\/\/static.krafthand-truck.de\/uploads\/2022\/03\/01_2022_006_5-300x168.jpg\" alt=\"Cockpit DAF LF Electric\" width=\"420\" height=\"236\" srcset=\"https:\/\/static.krafthand-truck.de\/uploads\/2022\/03\/01_2022_006_5-300x168.jpg 300w, https:\/\/static.krafthand-truck.de\/uploads\/2022\/03\/01_2022_006_5-1024x575.jpg 1024w, https:\/\/static.krafthand-truck.de\/uploads\/2022\/03\/01_2022_006_5-768x431.jpg 768w, https:\/\/static.krafthand-truck.de\/uploads\/2022\/03\/01_2022_006_5-1320x741.jpg 1320w, https:\/\/static.krafthand-truck.de\/uploads\/2022\/03\/01_2022_006_5.jpg 1400w\" sizes=\"(max-width: 420px) 100vw, 420px\" \/><\/a><figcaption id=\"caption-attachment-31612\" class=\"wp-caption-text\">Das Cockpit des LF Electric. Rechts ist das \u201aBordsteinfenster\u2018 zu sehen.<\/figcaption><\/figure>\n<h2>Service und Reparatur<\/h2>\n<p>Der LF- sowie der CF Electric von DAF werden inklusive Full-Service-Reparatur- und Wartungsvertrag inklusive Garantie auf die Batterie ausgeliefert. Zust\u00e4ndig sind generell die DAF-Partner vor Ort. <em>\u201eUnsere Kunden k\u00f6nnen einen DAF-Handels- und\/oder Servicepartner anfahren. Dabei bieten wir fl\u00e4chendeckend Hochvoltschulungen an. In 1-2 Jahren haben wir alle DAF-Partner durchgeschult. Nat\u00fcrlich binden wir auf Wunsch auch Speditionen mit Werkstatt und freie Lkw-Servicebetriebe ein\u201c<\/em>, erg\u00e4nzt Plasberg. Der Sicherheitsgedanke stehe bei DAF jedoch im Vordergrund, schlie\u00dflich arbeite man an Fahrzeugen mit einem 600-V-Bordnetz.<\/p>\n<p>Die Ersatzteile liefert PACCAR Parts. Die Lades\u00e4ulen und die Infrastruktur stellt ebenfalls der Teilevertrieb bereit. Sinn macht im Werkstattalltag das mobile Ladeger\u00e4t. Man kann an verschiedenen Arbeitspl\u00e4tzen mit Starkstrom (16, 32, 64 A) laden, da das Ger\u00e4t transportabel ist.<\/p>\n<h2>Gemeinsam am Start<\/h2>\n<p>Um den LF Electric zu verstehen und die Technik optimal n\u00fctzen zu k\u00f6nnen, kommen nicht nur Fahrerinnen und Fahrer in den Genuss von Schulungen, sondern auch Disponenten und Fuhrparkleiter. \u201eSchlie\u00dflich gibt es bei E-Trucks einiges zu beachten und der Disponent muss wissen, ob noch eine Tour machbar ist. \u00dcber das hauseigene Telematik-System DAF-Connect lassen sich relevante Parameter wie der Ladezustand (\u201aState of Charge\u2018) in Echtzeit kontrollieren\u201c, so Plasberg.<\/p>\n<p>Der LF wird seit dem ersten Quartal 2021 produziert und ist seitdem bestellbar. Die Lieferzeiten halten sich laut DAF mit rund einem halben Jahr derzeit im Rahmen. <em>\u201eWir haben noch einiges an \u00dcberzeugungsarbeit vor uns, doch wir merken der Markt gewinnt deutlich an Dynamik\u201c<\/em>, erg\u00e4nzt Plasberg abschlie\u00dfend. Der Verteiler-Lkw LF Electric hat also noch viel Potenzial.<\/p>\n<p><i>Den Beitrag finden Sie auch in der Print-Ausgabe 1\/2022 der <a href=\"https:\/\/www.krafthand.de\/truck\/magazin\/\" title=\"Zum Magazin\">Krafthand-Truck<\/a>.<\/i><\/p>\r\n\t\t\t\t<div class=\"post-author\">\r\n\t\t\t\t\t<div class=\"khm-cp-author clearfix\">\r\n\t\t\t\t\t\t<div class=\"khm-cp-author__content\">\r\n\t\t\t\t\t\t\t\tKontakt zum Autor:<br \/>\r\n\t\t\t\t\t\t\t\t<strong>Georg Blenk<\/strong>, 08247 \/ 3007-45 |  <a href=\"mailto:georg.blenk@krafthand-medien.de\">georg.blenk@krafthand-medien.de<\/a>\r\n\t\t\t\t\t\t\t<div class=\"khm-cp-author__image\">\r\n\t\t\t\t\t\t<img src=\"https:\/\/static.krafthand-truck.de\/uploads\/2021\/01\/Blenk_6104-250x300-1-removebg-preview.png\" class=\"img-responsive\">\r\n\t\t\t\t\t<\/div>\r\n\t\t\t\t\t\t<\/div>\r\n\t\t\t\t\t<\/div>\r\n\t\t\t\t<\/div>\r\n\t\t\t\t","protected":false},"excerpt":{"rendered":"<p>DAF geh\u00f6rt zur amerikanischen PACCAR-Gruppe und z\u00e4hlt zu den f\u00fchrenden Lkw-Herstellern in Europa. 2021 produzierte man rund 60.000 Lkw, Deutschland ist dabei der gr\u00f6\u00dfte Markt. Wir haben uns bei DAF zu aktuellen Marktentwicklungen erkundigt und uns die batterieelektrische Version des LF genauer angesehen. <span class=\"excerpt-more__dots\">&#8230;<\/span> <a class=\"excerpt-more__link\" href=\"https:\/\/www.krafthand.de\/truck\/artikel\/verteiler-mit-potenzial-der-daf-lf-electric-31609\/\" >weiter<\/a><\/p>\n","protected":false},"author":9,"featured_media":31611,"comment_status":"closed","ping_status":"closed","sticky":false,"template":"","format":"standard","meta":{"footnotes":""},"categories":[4224,4915],"tags":[1038,4511,839,5115,5126,2882,3016,4348,5125],"settings":[3524,3523],"class_list":["post-31609","post","type-post","status-publish","format-standard","has-post-thumbnail","hentry","category-e-antrieb","category-neue-fahrzeuge","tag-alternativer-antrieb","tag-bev","tag-daf","tag-daf-lf","tag-daf-lf-electric","tag-elektroantrieb","tag-elektromotor","tag-fcev","tag-paccar"],"yoast_head":"<!-- This site is optimized with the Yoast SEO plugin v27.3 - https:\/\/yoast.com\/product\/yoast-seo-wordpress\/ -->\n<title>Der DAF LF Electric I Krafthand-Truck<\/title>\n<meta name=\"description\" content=\"DAF geh\u00f6rt zur amerikanischen PACCAR-Gruppe und z\u00e4hlt zu den f\u00fchrenden Lkw-Herstellern in Europa. 2021 produzierte man rund 60.000 Lkw, Deutschland ist der gr\u00f6\u00dfte Markt. Krafthand-Truck hat sich bei DAF zu aktuellen Marktentwicklungen erkundigt und sich die batterieelektrische Version des LF, den LF Electric, genauer angesehen.\" \/>\n<meta name=\"robots\" content=\"index, follow, max-snippet:-1, max-image-preview:large, max-video-preview:-1\" \/>\n<link rel=\"canonical\" href=\"https:\/\/www.krafthand.de\/truck\/artikel\/verteiler-mit-potenzial-der-daf-lf-electric-31609\/\" \/>\n<meta property=\"og:locale\" content=\"de_DE\" \/>\n<meta property=\"og:type\" content=\"article\" \/>\n<meta property=\"og:title\" content=\"Der DAF LF Electric I Krafthand-Truck\" \/>\n<meta property=\"og:description\" content=\"DAF geh\u00f6rt zur amerikanischen PACCAR-Gruppe und z\u00e4hlt zu den f\u00fchrenden Lkw-Herstellern in Europa. 2021 produzierte man rund 60.000 Lkw, Deutschland ist der gr\u00f6\u00dfte Markt. Krafthand-Truck hat sich bei DAF zu aktuellen Marktentwicklungen erkundigt und sich die batterieelektrische Version des LF, den LF Electric, genauer angesehen.\" \/>\n<meta property=\"og:url\" content=\"https:\/\/www.krafthand-truck.de\/artikel\/verteiler-mit-potenzial-der-daf-lf-electric-31609\/\" \/>\n<meta property=\"og:site_name\" content=\"Krafthand-Truck\" \/>\n<meta property=\"article:published_time\" content=\"2022-03-24T10:43:18+00:00\" \/>\n<meta property=\"article:modified_time\" content=\"2022-06-16T13:32:10+00:00\" \/>\n<meta property=\"og:image\" content=\"https:\/\/static.krafthand-truck.de\/uploads\/2022\/03\/01_2022_006_1.jpg\" \/>\n\t<meta property=\"og:image:width\" content=\"1400\" \/>\n\t<meta property=\"og:image:height\" content=\"912\" \/>\n\t<meta property=\"og:image:type\" content=\"image\/jpeg\" \/>\n<meta name=\"author\" content=\"georg.blenk@krafthand-medien.de\" \/>\n<meta name=\"twitter:card\" content=\"summary_large_image\" \/>\n<meta name=\"twitter:label1\" content=\"Verfasst von\" \/>\n\t<meta name=\"twitter:data1\" content=\"georg.blenk@krafthand-medien.de\" \/>\n\t<meta name=\"twitter:label2\" content=\"Gesch\u00e4tzte Lesezeit\" \/>\n\t<meta name=\"twitter:data2\" content=\"7\u00a0Minuten\" \/>\n<script type=\"application\/ld+json\" class=\"yoast-schema-graph\">{\"@context\":\"https:\\\/\\\/schema.org\",\"@graph\":[{\"@type\":\"Article\",\"@id\":\"https:\\\/\\\/www.krafthand.de\\\/truck\\\/artikel\\\/verteiler-mit-potenzial-der-daf-lf-electric-31609\\\/#article\",\"isPartOf\":{\"@id\":\"https:\\\/\\\/www.krafthand.de\\\/truck\\\/artikel\\\/verteiler-mit-potenzial-der-daf-lf-electric-31609\\\/\"},\"author\":{\"name\":\"georg.blenk@krafthand-medien.de\",\"@id\":\"https:\\\/\\\/www.krafthand.de\\\/truck\\\/#\\\/schema\\\/person\\\/51fa80b1c57034c4bf63f9f988fc24ce\"},\"headline\":\"Verteiler mit Potenzial: Der DAF LF Electric\",\"datePublished\":\"2022-03-24T10:43:18+00:00\",\"dateModified\":\"2022-06-16T13:32:10+00:00\",\"mainEntityOfPage\":{\"@id\":\"https:\\\/\\\/www.krafthand.de\\\/truck\\\/artikel\\\/verteiler-mit-potenzial-der-daf-lf-electric-31609\\\/\"},\"wordCount\":1378,\"image\":{\"@id\":\"https:\\\/\\\/www.krafthand.de\\\/truck\\\/artikel\\\/verteiler-mit-potenzial-der-daf-lf-electric-31609\\\/#primaryimage\"},\"thumbnailUrl\":\"https:\\\/\\\/static.krafthand-truck.de\\\/uploads\\\/2022\\\/03\\\/01_2022_006_1.jpg\",\"keywords\":[\"Alternativer Antrieb\",\"BEV\",\"DAF\",\"DAF LF\",\"DAF LF Electric\",\"Elektroantrieb\",\"Elektromotor\",\"FCEV\",\"Paccar\"],\"articleSection\":[\"E-Antrieb (BEV\\\/FCEV)\",\"Neue Fahrzeuge\"],\"inLanguage\":\"de\"},{\"@type\":\"WebPage\",\"@id\":\"https:\\\/\\\/www.krafthand.de\\\/truck\\\/artikel\\\/verteiler-mit-potenzial-der-daf-lf-electric-31609\\\/\",\"url\":\"https:\\\/\\\/www.krafthand.de\\\/truck\\\/artikel\\\/verteiler-mit-potenzial-der-daf-lf-electric-31609\\\/\",\"name\":\"Der DAF LF Electric I Krafthand-Truck\",\"isPartOf\":{\"@id\":\"https:\\\/\\\/www.krafthand.de\\\/truck\\\/#website\"},\"primaryImageOfPage\":{\"@id\":\"https:\\\/\\\/www.krafthand.de\\\/truck\\\/artikel\\\/verteiler-mit-potenzial-der-daf-lf-electric-31609\\\/#primaryimage\"},\"image\":{\"@id\":\"https:\\\/\\\/www.krafthand.de\\\/truck\\\/artikel\\\/verteiler-mit-potenzial-der-daf-lf-electric-31609\\\/#primaryimage\"},\"thumbnailUrl\":\"https:\\\/\\\/static.krafthand-truck.de\\\/uploads\\\/2022\\\/03\\\/01_2022_006_1.jpg\",\"datePublished\":\"2022-03-24T10:43:18+00:00\",\"dateModified\":\"2022-06-16T13:32:10+00:00\",\"author\":{\"@id\":\"https:\\\/\\\/www.krafthand.de\\\/truck\\\/#\\\/schema\\\/person\\\/51fa80b1c57034c4bf63f9f988fc24ce\"},\"description\":\"DAF geh\u00f6rt zur amerikanischen PACCAR-Gruppe und z\u00e4hlt zu den f\u00fchrenden Lkw-Herstellern in Europa. 2021 produzierte man rund 60.000 Lkw, Deutschland ist der gr\u00f6\u00dfte Markt. Krafthand-Truck hat sich bei DAF zu aktuellen Marktentwicklungen erkundigt und sich die batterieelektrische Version des LF, den LF Electric, genauer angesehen.\",\"breadcrumb\":{\"@id\":\"https:\\\/\\\/www.krafthand.de\\\/truck\\\/artikel\\\/verteiler-mit-potenzial-der-daf-lf-electric-31609\\\/#breadcrumb\"},\"inLanguage\":\"de\",\"potentialAction\":[{\"@type\":\"ReadAction\",\"target\":[\"https:\\\/\\\/www.krafthand.de\\\/truck\\\/artikel\\\/verteiler-mit-potenzial-der-daf-lf-electric-31609\\\/\"]}]},{\"@type\":\"ImageObject\",\"inLanguage\":\"de\",\"@id\":\"https:\\\/\\\/www.krafthand.de\\\/truck\\\/artikel\\\/verteiler-mit-potenzial-der-daf-lf-electric-31609\\\/#primaryimage\",\"url\":\"https:\\\/\\\/static.krafthand-truck.de\\\/uploads\\\/2022\\\/03\\\/01_2022_006_1.jpg\",\"contentUrl\":\"https:\\\/\\\/static.krafthand-truck.de\\\/uploads\\\/2022\\\/03\\\/01_2022_006_1.jpg\",\"width\":1400,\"height\":912,\"caption\":\"Der DAF LF Electric hat ein Gesamtgewicht von 19 Tonnen und eine Nutzlast von 11.700 kg. Die Reichweite betr\u00e4gt laut DAF bis zu 280 Kilometer. Bilder: DAF\"},{\"@type\":\"BreadcrumbList\",\"@id\":\"https:\\\/\\\/www.krafthand.de\\\/truck\\\/artikel\\\/verteiler-mit-potenzial-der-daf-lf-electric-31609\\\/#breadcrumb\",\"itemListElement\":[{\"@type\":\"ListItem\",\"position\":1,\"name\":\"Krafthand-Truck\",\"item\":\"https:\\\/\\\/www.krafthand.de\\\/truck\\\/\"},{\"@type\":\"ListItem\",\"position\":2,\"name\":\"Nfz-Technik\",\"item\":\"https:\\\/\\\/www.krafthand.de\\\/truck\\\/kategorie\\\/nfz-technik\\\/\"},{\"@type\":\"ListItem\",\"position\":3,\"name\":\"E-Antrieb (BEV\\\/FCEV)\",\"item\":\"https:\\\/\\\/www.krafthand.de\\\/truck\\\/kategorie\\\/nfz-technik\\\/e-antrieb\\\/\"},{\"@type\":\"ListItem\",\"position\":4,\"name\":\"Verteiler mit Potenzial: Der DAF LF Electric\"}]},{\"@type\":\"WebSite\",\"@id\":\"https:\\\/\\\/www.krafthand.de\\\/truck\\\/#website\",\"url\":\"https:\\\/\\\/www.krafthand.de\\\/truck\\\/\",\"name\":\"Krafthand-Truck\",\"description\":\"\",\"potentialAction\":[{\"@type\":\"SearchAction\",\"target\":{\"@type\":\"EntryPoint\",\"urlTemplate\":\"https:\\\/\\\/www.krafthand.de\\\/truck\\\/?s={search_term_string}\"},\"query-input\":{\"@type\":\"PropertyValueSpecification\",\"valueRequired\":true,\"valueName\":\"search_term_string\"}}],\"inLanguage\":\"de\"},{\"@type\":\"Person\",\"@id\":\"https:\\\/\\\/www.krafthand.de\\\/truck\\\/#\\\/schema\\\/person\\\/51fa80b1c57034c4bf63f9f988fc24ce\",\"name\":\"georg.blenk@krafthand-medien.de\",\"image\":{\"@type\":\"ImageObject\",\"inLanguage\":\"de\",\"@id\":\"https:\\\/\\\/secure.gravatar.com\\\/avatar\\\/93713c30affe0aa95d3a4130e499bb1abee2eb31adbdd9ce2aa1543538490215?s=96&d=mm&r=g\",\"url\":\"https:\\\/\\\/secure.gravatar.com\\\/avatar\\\/93713c30affe0aa95d3a4130e499bb1abee2eb31adbdd9ce2aa1543538490215?s=96&d=mm&r=g\",\"contentUrl\":\"https:\\\/\\\/secure.gravatar.com\\\/avatar\\\/93713c30affe0aa95d3a4130e499bb1abee2eb31adbdd9ce2aa1543538490215?s=96&d=mm&r=g\",\"caption\":\"georg.blenk@krafthand-medien.de\"}}]}<\/script>\n<!-- \/ Yoast SEO plugin. -->","yoast_head_json":{"title":"Der DAF LF Electric I Krafthand-Truck","description":"DAF geh\u00f6rt zur amerikanischen PACCAR-Gruppe und z\u00e4hlt zu den f\u00fchrenden Lkw-Herstellern in Europa. 2021 produzierte man rund 60.000 Lkw, Deutschland ist der gr\u00f6\u00dfte Markt. Krafthand-Truck hat sich bei DAF zu aktuellen Marktentwicklungen erkundigt und sich die batterieelektrische Version des LF, den LF Electric, genauer angesehen.","robots":{"index":"index","follow":"follow","max-snippet":"max-snippet:-1","max-image-preview":"max-image-preview:large","max-video-preview":"max-video-preview:-1"},"canonical":"https:\/\/www.krafthand.de\/truck\/artikel\/verteiler-mit-potenzial-der-daf-lf-electric-31609\/","og_locale":"de_DE","og_type":"article","og_title":"Der DAF LF Electric I Krafthand-Truck","og_description":"DAF geh\u00f6rt zur amerikanischen PACCAR-Gruppe und z\u00e4hlt zu den f\u00fchrenden Lkw-Herstellern in Europa. 2021 produzierte man rund 60.000 Lkw, Deutschland ist der gr\u00f6\u00dfte Markt. Krafthand-Truck hat sich bei DAF zu aktuellen Marktentwicklungen erkundigt und sich die batterieelektrische Version des LF, den LF Electric, genauer angesehen.","og_url":"https:\/\/www.krafthand-truck.de\/artikel\/verteiler-mit-potenzial-der-daf-lf-electric-31609\/","og_site_name":"Krafthand-Truck","article_published_time":"2022-03-24T10:43:18+00:00","article_modified_time":"2022-06-16T13:32:10+00:00","og_image":[{"width":1400,"height":912,"url":"https:\/\/static.krafthand-truck.de\/uploads\/2022\/03\/01_2022_006_1.jpg","type":"image\/jpeg"}],"author":"georg.blenk@krafthand-medien.de","twitter_card":"summary_large_image","twitter_misc":{"Verfasst von":"georg.blenk@krafthand-medien.de","Gesch\u00e4tzte Lesezeit":"7\u00a0Minuten"},"schema":{"@context":"https:\/\/schema.org","@graph":[{"@type":"Article","@id":"https:\/\/www.krafthand.de\/truck\/artikel\/verteiler-mit-potenzial-der-daf-lf-electric-31609\/#article","isPartOf":{"@id":"https:\/\/www.krafthand.de\/truck\/artikel\/verteiler-mit-potenzial-der-daf-lf-electric-31609\/"},"author":{"name":"georg.blenk@krafthand-medien.de","@id":"https:\/\/www.krafthand.de\/truck\/#\/schema\/person\/51fa80b1c57034c4bf63f9f988fc24ce"},"headline":"Verteiler mit Potenzial: Der DAF LF Electric","datePublished":"2022-03-24T10:43:18+00:00","dateModified":"2022-06-16T13:32:10+00:00","mainEntityOfPage":{"@id":"https:\/\/www.krafthand.de\/truck\/artikel\/verteiler-mit-potenzial-der-daf-lf-electric-31609\/"},"wordCount":1378,"image":{"@id":"https:\/\/www.krafthand.de\/truck\/artikel\/verteiler-mit-potenzial-der-daf-lf-electric-31609\/#primaryimage"},"thumbnailUrl":"https:\/\/static.krafthand-truck.de\/uploads\/2022\/03\/01_2022_006_1.jpg","keywords":["Alternativer Antrieb","BEV","DAF","DAF LF","DAF LF Electric","Elektroantrieb","Elektromotor","FCEV","Paccar"],"articleSection":["E-Antrieb (BEV\/FCEV)","Neue Fahrzeuge"],"inLanguage":"de"},{"@type":"WebPage","@id":"https:\/\/www.krafthand.de\/truck\/artikel\/verteiler-mit-potenzial-der-daf-lf-electric-31609\/","url":"https:\/\/www.krafthand.de\/truck\/artikel\/verteiler-mit-potenzial-der-daf-lf-electric-31609\/","name":"Der DAF LF Electric I Krafthand-Truck","isPartOf":{"@id":"https:\/\/www.krafthand.de\/truck\/#website"},"primaryImageOfPage":{"@id":"https:\/\/www.krafthand.de\/truck\/artikel\/verteiler-mit-potenzial-der-daf-lf-electric-31609\/#primaryimage"},"image":{"@id":"https:\/\/www.krafthand.de\/truck\/artikel\/verteiler-mit-potenzial-der-daf-lf-electric-31609\/#primaryimage"},"thumbnailUrl":"https:\/\/static.krafthand-truck.de\/uploads\/2022\/03\/01_2022_006_1.jpg","datePublished":"2022-03-24T10:43:18+00:00","dateModified":"2022-06-16T13:32:10+00:00","author":{"@id":"https:\/\/www.krafthand.de\/truck\/#\/schema\/person\/51fa80b1c57034c4bf63f9f988fc24ce"},"description":"DAF geh\u00f6rt zur amerikanischen PACCAR-Gruppe und z\u00e4hlt zu den f\u00fchrenden Lkw-Herstellern in Europa. 2021 produzierte man rund 60.000 Lkw, Deutschland ist der gr\u00f6\u00dfte Markt. Krafthand-Truck hat sich bei DAF zu aktuellen Marktentwicklungen erkundigt und sich die batterieelektrische Version des LF, den LF Electric, genauer angesehen.","breadcrumb":{"@id":"https:\/\/www.krafthand.de\/truck\/artikel\/verteiler-mit-potenzial-der-daf-lf-electric-31609\/#breadcrumb"},"inLanguage":"de","potentialAction":[{"@type":"ReadAction","target":["https:\/\/www.krafthand.de\/truck\/artikel\/verteiler-mit-potenzial-der-daf-lf-electric-31609\/"]}]},{"@type":"ImageObject","inLanguage":"de","@id":"https:\/\/www.krafthand.de\/truck\/artikel\/verteiler-mit-potenzial-der-daf-lf-electric-31609\/#primaryimage","url":"https:\/\/static.krafthand-truck.de\/uploads\/2022\/03\/01_2022_006_1.jpg","contentUrl":"https:\/\/static.krafthand-truck.de\/uploads\/2022\/03\/01_2022_006_1.jpg","width":1400,"height":912,"caption":"Der DAF LF Electric hat ein Gesamtgewicht von 19 Tonnen und eine Nutzlast von 11.700 kg. Die Reichweite betr\u00e4gt laut DAF bis zu 280 Kilometer. Bilder: DAF"},{"@type":"BreadcrumbList","@id":"https:\/\/www.krafthand.de\/truck\/artikel\/verteiler-mit-potenzial-der-daf-lf-electric-31609\/#breadcrumb","itemListElement":[{"@type":"ListItem","position":1,"name":"Krafthand-Truck","item":"https:\/\/www.krafthand.de\/truck\/"},{"@type":"ListItem","position":2,"name":"Nfz-Technik","item":"https:\/\/www.krafthand.de\/truck\/kategorie\/nfz-technik\/"},{"@type":"ListItem","position":3,"name":"E-Antrieb (BEV\/FCEV)","item":"https:\/\/www.krafthand.de\/truck\/kategorie\/nfz-technik\/e-antrieb\/"},{"@type":"ListItem","position":4,"name":"Verteiler mit Potenzial: Der DAF LF Electric"}]},{"@type":"WebSite","@id":"https:\/\/www.krafthand.de\/truck\/#website","url":"https:\/\/www.krafthand.de\/truck\/","name":"Krafthand-Truck","description":"","potentialAction":[{"@type":"SearchAction","target":{"@type":"EntryPoint","urlTemplate":"https:\/\/www.krafthand.de\/truck\/?s={search_term_string}"},"query-input":{"@type":"PropertyValueSpecification","valueRequired":true,"valueName":"search_term_string"}}],"inLanguage":"de"},{"@type":"Person","@id":"https:\/\/www.krafthand.de\/truck\/#\/schema\/person\/51fa80b1c57034c4bf63f9f988fc24ce","name":"georg.blenk@krafthand-medien.de","image":{"@type":"ImageObject","inLanguage":"de","@id":"https:\/\/secure.gravatar.com\/avatar\/93713c30affe0aa95d3a4130e499bb1abee2eb31adbdd9ce2aa1543538490215?s=96&d=mm&r=g","url":"https:\/\/secure.gravatar.com\/avatar\/93713c30affe0aa95d3a4130e499bb1abee2eb31adbdd9ce2aa1543538490215?s=96&d=mm&r=g","contentUrl":"https:\/\/secure.gravatar.com\/avatar\/93713c30affe0aa95d3a4130e499bb1abee2eb31adbdd9ce2aa1543538490215?s=96&d=mm&r=g","caption":"georg.blenk@krafthand-medien.de"}}]}},"_links":{"self":[{"href":"https:\/\/www.krafthand.de\/truck\/wp-json\/wp\/v2\/posts\/31609","targetHints":{"allow":["GET"]}}],"collection":[{"href":"https:\/\/www.krafthand.de\/truck\/wp-json\/wp\/v2\/posts"}],"about":[{"href":"https:\/\/www.krafthand.de\/truck\/wp-json\/wp\/v2\/types\/post"}],"author":[{"embeddable":true,"href":"https:\/\/www.krafthand.de\/truck\/wp-json\/wp\/v2\/users\/9"}],"replies":[{"embeddable":true,"href":"https:\/\/www.krafthand.de\/truck\/wp-json\/wp\/v2\/comments?post=31609"}],"version-history":[{"count":16,"href":"https:\/\/www.krafthand.de\/truck\/wp-json\/wp\/v2\/posts\/31609\/revisions"}],"predecessor-version":[{"id":31794,"href":"https:\/\/www.krafthand.de\/truck\/wp-json\/wp\/v2\/posts\/31609\/revisions\/31794"}],"wp:featuredmedia":[{"embeddable":true,"href":"https:\/\/www.krafthand.de\/truck\/wp-json\/wp\/v2\/media\/31611"}],"wp:attachment":[{"href":"https:\/\/www.krafthand.de\/truck\/wp-json\/wp\/v2\/media?parent=31609"}],"wp:term":[{"taxonomy":"category","embeddable":true,"href":"https:\/\/www.krafthand.de\/truck\/wp-json\/wp\/v2\/categories?post=31609"},{"taxonomy":"post_tag","embeddable":true,"href":"https:\/\/www.krafthand.de\/truck\/wp-json\/wp\/v2\/tags?post=31609"},{"taxonomy":"settings","embeddable":true,"href":"https:\/\/www.krafthand.de\/truck\/wp-json\/wp\/v2\/settings?post=31609"}],"curies":[{"name":"wp","href":"https:\/\/api.w.org\/{rel}","templated":true}]}}