{"id":31590,"date":"2022-04-04T10:16:25","date_gmt":"2022-04-04T08:16:25","guid":{"rendered":"https:\/\/www.krafthand.de\/truck\/?p=31590"},"modified":"2022-04-04T13:09:22","modified_gmt":"2022-04-04T11:09:22","slug":"schaeden-an-lkw-kardanwellen-reparieren-i-krafthand-truck","status":"publish","type":"post","link":"https:\/\/www.krafthand.de\/truck\/artikel\/schaeden-an-lkw-kardanwellen-reparieren-i-krafthand-truck-31590\/","title":{"rendered":"Sch\u00e4den an Gelenk- und Kardanwellen &#8211; Aus- und Einbau"},"content":{"rendered":"<p class=\"text-colored\">Gelenkwellen bleiben lange unbeachtet. Wenn es allerdings unter dem Lkw rumpelt und schl\u00e4gt, ist schnelles Handeln angesagt, um einen Fahrzeugstillstand zu vermeiden. Gleichzeitig stellt sich die Frage, ob die defekte Welle fachgerecht repariert werden kann oder ausgetauscht werden muss.<\/p>\n<p>Gelenk- beziehungsweise L\u00e4ngs- oder Kardanwellen geh\u00f6ren zweifellos zu den simplen und unauff\u00e4lligen Komponenten eines Lkw, und dennoch zu den wichtigsten. Sie m\u00fcssen das gesamte Motordrehmoment \u00fcber die Antriebsachse auf die Stra\u00dfe \u00fcbertragen. Im Defektfall hei\u00dft es daher schnell \u201anichts geht mehr\u2018. Doch ein Gelenk- oder Wellenschaden bedeutet nicht zwangsl\u00e4ufig eine neue Welle: \u00dcber ganz Deutschland verteilt gibt es zahlreiche Spezialisten, die sich mit der professionellen Instandsetzung und Reparatur schadhafter Gelenkwellen besch\u00e4ftigen. Diese Servicecenter sind auch die richtige Anlaufstelle, wenn es um Sonderkonstruktionen f\u00fcr Spezialanwendungen oder um Problemf\u00e4lle geht, bei denen der Werkstattfachmann mit seinem Know-how an Grenzen st\u00f6\u00dft.<\/p>\n<div class=\"gallery-container\"><div class=\"owl-carousel owl-theme\">\r\n        <div>\r\n        \t<img decoding=\"async\" src=\"https:\/\/static.krafthand-truck.de\/uploads\/2022\/03\/01_2022_026_2-1.jpg\" alt=\"\" \/>\r\n          <a href=\"https:\/\/static.krafthand-truck.de\/uploads\/2022\/03\/01_2022_026_2-1.jpg\" data-featherlight=\"gallery_69f5ab8181e70\" class=\"gallery-expand\" data-title=\"Im ausgebauten Zustand lassen sich die Gelenke auf Spiel, Beweglichkeit und Verschlei\u00df pr\u00fcfen. Screenshot: Dana\/Kuss\"><i class=\"fa fa-expand\" aria-hidden=\"true\"><\/i><\/a>\r\n        \t<div class=\"gallery-caption wp-caption-text\"><p>Im ausgebauten Zustand lassen sich die Gelenke auf Spiel, Beweglichkeit und Verschlei\u00df pr\u00fcfen. Screenshot: Dana\/Kuss<\/p>\n<\/div>\r\n        <\/div>\r\n        <div>\r\n        \t<img decoding=\"async\" src=\"https:\/\/static.krafthand-truck.de\/uploads\/2022\/03\/01_2022_026_3-1024x620.jpg\" alt=\"\" \/>\r\n          <a href=\"https:\/\/static.krafthand-truck.de\/uploads\/2022\/03\/01_2022_026_3-1024x620.jpg\" data-featherlight=\"gallery_69f5ab8181e70\" class=\"gallery-expand\" data-title=\"Im ausgebauten Zustand lassen sich die Gelenke auf Spiel, Beweglichkeit und Verschlei\u00df pr\u00fcfen. Screenshot: Dana\/Kuss\"><i class=\"fa fa-expand\" aria-hidden=\"true\"><\/i><\/a>\r\n        \t<div class=\"gallery-caption wp-caption-text\"><p>Im ausgebauten Zustand lassen sich die Gelenke auf Spiel, Beweglichkeit und Verschlei\u00df pr\u00fcfen. Screenshot: Dana\/Kuss<\/p>\n<\/div>\r\n        <\/div><\/div><\/div>\r\n\t<script>\r\n\t\tjQuery(document).ready(function($){\r\n      setTimeout(function(){\r\n  \t\t\t$(\".owl-carousel\").owlCarousel({\r\n  \t\t\t\tloop:true,\r\n    \t\t\tmargin:10,\r\n    \t\t\tresponsiveClass:true,\r\n    \t\t\titems:1,\r\n    \t\t\tautoHeight: true,\r\n          nav: true,\r\n          URLhashListener: true,\r\n          startPosition: \"URLHash\",\r\n          navText: [\r\n            \"<i class='fa fa-chevron-left'><\/i>\",\r\n            \"<i class='fa fa-chevron-right'><\/i>\"\r\n          ],\r\n  \t\t\t});\r\n      }, 2000);\r\n\t\t});\r\n\t<\/script>\r\n\t\n<h2>Kardanwelle reparieren oder ersetzen?<\/h2>\n<p>Die professionelle Instandsetzung von Nutzfahrzeug-Gelenkwellen gewinnt angesichts des steigenden Kostendrucks im Transportgewerbe zunehmend an Bedeutung \u2013 insbesondere dort, wo der Lkw zeitwertgerecht repariert werden soll. Denn eine defekte Gelenkwelle bedeutet in der Regel immer einen Fahrzeugstillstand.<\/p>\n<p>Ein \u201afliegender Wechsel\u2018 des Defektteils im Austausch gegen ein Neu- oder Austauschteil steht deshalb auf der Wunschliste von Fuhrparkbetreibern ganz oben \u2013 insbesondere, wenn die Fahrzeuge quasi rund um die Uhr laufen m\u00fcssen. Aufgrund der Vielfalt an Gelenkwellentypen k\u00f6nnen jedoch weder der Teileservice des jeweiligen Fahrzeugherstellers, noch der freie Teilegro\u00dfhandel, noch die Gelenkwellenhersteller eine einhundertprozentige Bevorratung leisten.<\/p>\n<p>Entsprechende Gelenkwellen-Servicecenter sind jedoch in der Lage, defekte Wellen innerhalb k\u00fcrzester Zeit wieder auf Vordermann zu bringen, ohne dass der Nutzfahrzeugbesitzer dabei im Vergleich zu einer Neuwelle funktionelle oder qualitative Abstriche machen muss.<\/p>\n<p>Vielfach handelt es sich bei den Wellen-Profis um Servicedienstleister von OE-Wellenherstellern. Sie verwenden f\u00fcr die Reparatur Komponenten in Erstausr\u00fcsterqualit\u00e4t und verf\u00fcgen \u00fcber das Know-how und den Maschinenpark, um die geforderten Kriterien wie Passgenauigkeit, Qualita\u0308t der Schwei\u00dfverbindungen, Ausrichtung und Auswuchtung der instandgesetzten Wellen zu gew\u00e4hrleisten. Vielfach unterhalten die Wellen-Spezialisten f\u00fcr die g\u00e4ngigsten Wellentypen auch einen Voraustausch-Service, mit dem sich die Werkstattstandzeiten weiter minimieren lassen.<\/p>\n<h2>Erst diagnostizieren, dann reparieren<\/h2>\n<p>Verschlissene, schwerg\u00e4ngige oder festkorrodierte Kreuzgelenke, schwerg\u00e4ngige Schiebest\u00fccke und ausgeschlagene Gelenkwellen-Zwischenlager geh\u00f6ren zu den klassischen Defekten an Gelenkwellen. Typische Beanstandungen sind Vibrationen und Brummger\u00e4usche, die meist an bestimmte Fahrgeschwindigkeiten beziehungsweise Motordrehzahlen gekoppelt sind. Doch auch schlagende Ger\u00e4usche beim Anfahren und\/oder bei Lastwechseln zeugen von Handlungsbedarf. \u00dcberlastsch\u00e4den, etwa aufgrund von hartem Baustellen- oder Forsteinsatz, lassen sich an eingedellten oder verdrehten Wellenrohren und nicht mehr fluchtenden Zapfensternen erkennen. Eine umfassende und eindeutige Diagnose ist allerdings erst bei ausgebauter Welle m\u00f6glich.<\/p>\n<h2>Ausbau der Kardanwelle<\/h2>\n<p>Nachfolgend skizzieren wir die wichtigsten Arbeitsschritte zum Ausbau der Welle, zur Fehlersuche und zum Ersatz des Zwischenlagers.<\/p>\n<p><strong>Tipp:<\/strong> Zum Abnehmen und Einsetzen der Welle ist ein Helfer hilfreich!<\/p>\n<ol>\n<li>Sicherungsb\u00fcgel der Welle am Rahmen entfernen.<\/li>\n<li>Welle gegen Auseinandergleiten und Herunterfallen sichern (durch hochbinden).<\/li>\n<li>Schrauben an Getriebe- und Differenzialflansch sowie am Zwischenwellenlager entfernen.<\/li>\n<li>Gelenkwelle mit Kollegenhilfe aus dem Fahrzeug abnehmen (darauf achten, dass der Flanschmitnehmer beim Abziehen nicht abkippt).<\/li>\n<li>Welle auf Werkbank ablegen und Schutzmanschette am Schiebest\u00fcck entfernen.<\/li>\n<li>S\u00e4mtliche Kreuzgelenke auf Verschlei\u00df und Schwerg\u00e4ngigkeit, Welle auf Risse, Dellen und andere Besch\u00e4digungen pr\u00fcfen. Welle gegebenenfalls mit Messuhr auf Rundlauf und Spiel im Schiebest\u00fcck pr\u00fcfen. Hat die Untersuchung der Welle einen Verschlei\u00df oder Defekt ergeben, steht die Entscheidung, reparieren oder erneuern, an.<\/li>\n<li>Lage der Teilwellen zueinander kennzeichnen (Falscheinbau kann st\u00f6rende Vibrationen und Ger\u00e4usche verursachen!).<\/li>\n<li>Gelenkwelle auseinanderziehen.<\/li>\n<li>Gegebenenfalls defektes Zwischenlager mit Abzieher entfernen.<\/li>\n<li>Welle und Wellenprofil im Schiebebereich reinigen.<\/li>\n<li>Neue Schutzkappe (Einbaulage beachten!) und Zwischenlager mit Presse beziehungsweise Hammer und Montageh\u00fclse montieren.<\/li>\n<li>Korrekten Sitz des Lagers pr\u00fcfen, zweite Schutzkappe anbringen.<\/li>\n<li>Wellenprofil fetten, Schutzmanschette aufschieben.<\/li>\n<li>Gelenkwellen-Teilst\u00fccke zusammenschieben (Markierungen beachten!).<\/li>\n<li>Befestigungsschellen der Manschette schlie\u00dfen.<\/li>\n<li>Gelenkwelle in umgekehrter Reihenfolge inklusive Sicherungsb\u00fcgel wieder ins Fahrzeug einbauen, neue Schrauben und Muttern verwenden und Drehmomente beachten!<\/li>\n<\/ol>\n<h2>Einbau der Kardanwelle<\/h2>\n<p>Um sicherzustellen, dass die instand gesetzte oder neue Welle optimal l\u00e4uft und lange h\u00e4lt, sollte der Werkstattfachmann auch beim Einbau einige wichtige Punkte beachten:<\/p>\n<ol>\n<li>Stirnfl\u00e4chen der Gelenkwellen- und Gegenflansche m\u00fcssen frei von Rostschutzmitteln, Schmutz, Fett und Farbe sein, um eine betriebssichere Verbindung zu gewa\u0308hrleisten.<\/li>\n<li>Gabelstellung der Welle pr\u00fcfen und auf Pfeilmarkierungen achten: Sie m\u00fcssen einander gegen\u00fcberliegen. Profilteile sind zueinander gepasst und d\u00fcrfen nicht vertauscht werden.<\/li>\n<li>Transportsicherungen gegen ein Auseinanderziehen erst unmittelbar vor dem Einbau entfernen!<\/li>\n<li>Befestigungselemente grunds\u00e4tzlich erneuern und bei Schrauben und Muttern die vom Hersteller vorgeschriebene Qualita\u0308t (Zugfestigkeit\/Streckgrenze) verwenden!<\/li>\n<li>S\u00e4mtliche Verschraubungen mit dem vorgeschriebenen Drehmoment anziehen.<\/li>\n<li>Bei bereits gelaufenen Wellen darauf achten, dass der Wuchtzustand nicht ver\u00e4ndert wurde.<\/li>\n<\/ol>\n<h3>So wird\u2019s gemacht!<\/h3>\n<figure id=\"attachment_31596\" aria-describedby=\"caption-attachment-31596\" style=\"width: 300px\" class=\"wp-caption alignright\"><img decoding=\"async\" class=\"wp-image-31596 size-medium\" src=\"https:\/\/static.krafthand-truck.de\/uploads\/2022\/03\/01_2022_026_5-300x159.jpg\" alt=\"Video-Tutorial Austausch Lkw-Gelenkwelle\" width=\"300\" height=\"159\" srcset=\"https:\/\/static.krafthand-truck.de\/uploads\/2022\/03\/01_2022_026_5-300x159.jpg 300w, https:\/\/static.krafthand-truck.de\/uploads\/2022\/03\/01_2022_026_5-1024x543.jpg 1024w, https:\/\/static.krafthand-truck.de\/uploads\/2022\/03\/01_2022_026_5-768x408.jpg 768w, https:\/\/static.krafthand-truck.de\/uploads\/2022\/03\/01_2022_026_5-1320x701.jpg 1320w, https:\/\/static.krafthand-truck.de\/uploads\/2022\/03\/01_2022_026_5.jpg 1400w\" sizes=\"(max-width: 300px) 100vw, 300px\" \/><figcaption id=\"caption-attachment-31596\" class=\"wp-caption-text\">Mechatronikerin Victoria zeigt im Video-Tutorial von Spicer, wie der fachgerechte Austausch einer Lkw-Gelenkwelle auszusehen hat. Screenshot: Dana\/Kuss<\/figcaption><\/figure>\n<p>Der Aus- und Einbau von Gelenkwellen und der Ersatz defekter Zwischenwellenlager geh\u00f6ren zu den Standardarbeiten in der Nutzfahrzeug-Werkstatt. Wie einfach der fachgerechte Austausch vonstatten geht, zeigen Video-Tutorials des zum Dana-Konzern geh\u00f6renden Gelenkwellenherstellers Spicer. Die aus den Schulungsvideos des ebenfalls zu Dana geh\u00f6renden Dichttechnikspezialisten Victor Reinz bekannte Mechatronikerin Victoria pr\u00e4sentiert im j\u00fcngsten Video von Spicer am Beispiel eines Mercedes-Benz Sprinter, wie der Austausch eines Gelenkwellenzwischenlagers Schritt f\u00fcr Schritt erfolgt. Das Video \u201eSo tausche ich ein Zwischenwellenlager am Sprinter\u201c ist neben \u201eSo ersetze ich eine Gelenkwelle\u201c und \u201eSo demontiere ich ein Gelenkwellenzwischenlager beim Lkw\u201c das dritte Schulungsvideo von Spicer. Alle drei Nutzfahrzeug-Tutorials finden Interessierte unter <a href=\"https:\/\/spicerparts.com\/en-emear\/videos\" target=\"_blank\" rel=\"noopener\">https:\/\/spicerparts.com\/en-emear\/videos<\/a>.<\/p>\n<p>&nbsp;<\/p>\n<div class=\"infobox box-grey\"><\/p>\n<h3>Gibt es die perfekte Welle?<\/h3>\n<p>Aus Kosten- und Gewichtsgru\u0308nden legen Nutzfahrzeughersteller Gelenkwellen meist nur auf den \u00fcberwiegend zu erwartenden Einsatzzweck aus \u2013 mit der Folge, dass es in der Praxis bei extremen Anwendungen zu fr\u00fchzeitigem Verschlei\u00df und U\u0308berlastungssch\u00e4den kommt. Bei einer Reparatur ko\u0308nnen professionelle Wellen-Aufbereiter jedoch Verbesserungen vornehmen, etwa die Welle verst\u00e4rken und feinstwuchten, um sie so ihrem tats\u00e4chlichen Einsatzzweck anzupassen.<\/p>\n<p>Die Erfahrung zeigt aber auch, dass die Standzeit der \u201azweiten Welle\u2018, gleichg\u00fcltig ob neu oder repariert, oftmals k\u00fcrzer ist, was aus dem Zustand der Wellen-Peripherie resultiert. Deshalb sollte der Werkstattfachmann beim Wellentausch auf laufzeitbedingt erh\u00f6htes Spiel an den achsfu\u0308hrenden Teilen, der Motorlagerung sowie auf Verschlei\u00df am Kupplungssystem und den Gesamtzustand des \u00fcbrigen Antriebsstranges achten.<\/p>\n<p><figure id=\"attachment_31592\" aria-describedby=\"caption-attachment-31592\" style=\"width: 1400px\" class=\"wp-caption alignnone\"><img fetchpriority=\"high\" decoding=\"async\" class=\"size-full wp-image-31592\" src=\"https:\/\/static.krafthand-truck.de\/uploads\/2022\/03\/01_2022_026_6.jpg\" alt=\"Gelenkwelle mit Ballspline-Technologie\" width=\"1400\" height=\"183\" srcset=\"https:\/\/static.krafthand-truck.de\/uploads\/2022\/03\/01_2022_026_6.jpg 1400w, https:\/\/static.krafthand-truck.de\/uploads\/2022\/03\/01_2022_026_6-300x39.jpg 300w, https:\/\/static.krafthand-truck.de\/uploads\/2022\/03\/01_2022_026_6-1024x134.jpg 1024w, https:\/\/static.krafthand-truck.de\/uploads\/2022\/03\/01_2022_026_6-768x100.jpg 768w, https:\/\/static.krafthand-truck.de\/uploads\/2022\/03\/01_2022_026_6-1320x173.jpg 1320w\" sizes=\"(max-width: 1400px) 100vw, 1400px\" \/><figcaption id=\"caption-attachment-31592\" class=\"wp-caption-text\">Gelenkwellen, speziell f\u00fcr leichte Nutzfahrzeuge, sind High-Tech-Komponenten. Die \u201aBallspline\u2018-Verschiebeeinheit in der L\u00e4ngswelle des VW Amarok \u2013 in der rechten Bildh\u00e4lfte im Schnitt zu sehen \u2013 beispielsweise erm\u00f6glicht, dass sich die Welle bei einem Crash verk\u00fcrzen kann. Bild: <a href=\"https:\/\/www.gknautomotive.com\" target=\"_blank\" rel=\"noopener\">GKN Automotive<\/a><\/figcaption><\/figure><\/p>\n<p><\/div>\n<p><i>Den Beitrag finden Sie auch in der Print-Ausgabe 1\/2022 der <a href=\"https:\/\/www.krafthand.de\/truck\/magazin\/\" title=\"Zum Magazin\">Krafthand-Truck<\/a>.<\/i><\/p>\r\n\t\t\t\t<div class=\"post-author\">\r\n\t\t\t\t\t<div class=\"khm-cp-author clearfix\">\r\n\t\t\t\t\t\t<div class=\"khm-cp-author__content\">\r\n\t\t\t\t\t\t\t\tKontakt zum Autor:<br \/>\r\n\t\t\t\t\t\t\t\t<strong>Klaus Kuss<\/strong>, 08247 \/ 3007-177 |  <a href=\"mailto:klaus.kuss@krafthand-medien.de\">klaus.kuss@krafthand-medien.de<\/a>\r\n\t\t\t\t\t\t\t<div class=\"khm-cp-author__image\">\r\n\t\t\t\t\t\t<img src=\"https:\/\/static.krafthand-truck.de\/uploads\/2018\/01\/Kuss_Klaus-250x300.png\" class=\"img-responsive\">\r\n\t\t\t\t\t<\/div>\r\n\t\t\t\t\t\t<\/div>\r\n\t\t\t\t\t<\/div>\r\n\t\t\t\t<\/div>\r\n\t\t\t\t","protected":false},"excerpt":{"rendered":"<p>Gelenkwellen bleiben lange unbeachtet. Wenn es allerdings zur Ger\u00e4uschentwicklung kommt, ist schnelles Handeln angesagt. Gleichzeitig stellt sich die Frage, ob die defekte Welle fachgerecht repariert werden kann oder ausgetauscht werden muss. Krafthand-Truck liefert Tipps zum Aus- und Einbau. <span class=\"excerpt-more__dots\">&#8230;<\/span> <a class=\"excerpt-more__link\" href=\"https:\/\/www.krafthand.de\/truck\/artikel\/schaeden-an-lkw-kardanwellen-reparieren-i-krafthand-truck-31590\/\" >weiter<\/a><\/p>\n","protected":false},"author":9,"featured_media":31591,"comment_status":"closed","ping_status":"closed","sticky":false,"template":"","format":"standard","meta":{"footnotes":""},"categories":[4223,4912,4218],"tags":[4685,5149,5109,5150],"settings":[3524,4766,3523],"class_list":["post-31590","post","type-post","status-publish","format-standard","has-post-thumbnail","hentry","category-antrieb","category-ersatzteile-zubehoer","category-werkstattpraxis","tag-gelenkwellen","tag-kardan","tag-kardanwelle","tag-kreuzgelenk"],"yoast_head":"<!-- This site is optimized with the Yoast SEO plugin v27.3 - https:\/\/yoast.com\/product\/yoast-seo-wordpress\/ -->\n<title>Sch\u00e4den an Gelenk- und Kardanwellen - Aus- und Einbau - Krafthand-Truck<\/title>\n<meta name=\"description\" content=\"Lkw-Gelenkwellen bleiben lange unbeachtet. Wenn es allerdings zur Ger\u00e4uschentwicklung kommt, ist schnelles Handeln angesagt. Es stellt sich die Frage, ob die defekte Welle repariert werden kann oder getauscht werden muss.\" \/>\n<meta name=\"robots\" content=\"index, follow, max-snippet:-1, max-image-preview:large, max-video-preview:-1\" \/>\n<link rel=\"canonical\" href=\"https:\/\/www.krafthand.de\/truck\/artikel\/schaeden-an-lkw-kardanwellen-reparieren-i-krafthand-truck-31590\/\" \/>\n<meta property=\"og:locale\" content=\"de_DE\" \/>\n<meta property=\"og:type\" content=\"article\" \/>\n<meta property=\"og:title\" content=\"Sch\u00e4den an Gelenk- und Kardanwellen - Aus- und Einbau - Krafthand-Truck\" \/>\n<meta property=\"og:description\" content=\"Lkw-Gelenkwellen bleiben lange unbeachtet. Wenn es allerdings zur Ger\u00e4uschentwicklung kommt, ist schnelles Handeln angesagt. Es stellt sich die Frage, ob die defekte Welle repariert werden kann oder getauscht werden muss.\" \/>\n<meta property=\"og:url\" content=\"https:\/\/www.krafthand-truck.de\/artikel\/schaeden-an-lkw-kardanwellen-reparieren-i-krafthand-truck-31590\/\" \/>\n<meta property=\"og:site_name\" content=\"Krafthand-Truck\" \/>\n<meta property=\"article:published_time\" content=\"2022-04-04T08:16:25+00:00\" \/>\n<meta property=\"article:modified_time\" content=\"2022-04-04T11:09:22+00:00\" \/>\n<meta property=\"og:image\" content=\"https:\/\/static.krafthand-truck.de\/uploads\/2022\/03\/01_2022_026_1.jpg\" \/>\n\t<meta property=\"og:image:width\" content=\"1400\" \/>\n\t<meta property=\"og:image:height\" content=\"824\" \/>\n\t<meta property=\"og:image:type\" content=\"image\/jpeg\" \/>\n<meta name=\"author\" content=\"georg.blenk@krafthand-medien.de\" \/>\n<meta name=\"twitter:card\" content=\"summary_large_image\" \/>\n<meta name=\"twitter:label1\" content=\"Verfasst von\" \/>\n\t<meta name=\"twitter:data1\" content=\"georg.blenk@krafthand-medien.de\" \/>\n\t<meta name=\"twitter:label2\" content=\"Gesch\u00e4tzte Lesezeit\" \/>\n\t<meta name=\"twitter:data2\" content=\"7\u00a0Minuten\" \/>\n<script type=\"application\/ld+json\" class=\"yoast-schema-graph\">{\"@context\":\"https:\\\/\\\/schema.org\",\"@graph\":[{\"@type\":\"Article\",\"@id\":\"https:\\\/\\\/www.krafthand.de\\\/truck\\\/artikel\\\/schaeden-an-lkw-kardanwellen-reparieren-i-krafthand-truck-31590\\\/#article\",\"isPartOf\":{\"@id\":\"https:\\\/\\\/www.krafthand.de\\\/truck\\\/artikel\\\/schaeden-an-lkw-kardanwellen-reparieren-i-krafthand-truck-31590\\\/\"},\"author\":{\"name\":\"georg.blenk@krafthand-medien.de\",\"@id\":\"https:\\\/\\\/www.krafthand.de\\\/truck\\\/#\\\/schema\\\/person\\\/51fa80b1c57034c4bf63f9f988fc24ce\"},\"headline\":\"Sch\u00e4den an Gelenk- und Kardanwellen &#8211; Aus- und Einbau\",\"datePublished\":\"2022-04-04T08:16:25+00:00\",\"dateModified\":\"2022-04-04T11:09:22+00:00\",\"mainEntityOfPage\":{\"@id\":\"https:\\\/\\\/www.krafthand.de\\\/truck\\\/artikel\\\/schaeden-an-lkw-kardanwellen-reparieren-i-krafthand-truck-31590\\\/\"},\"wordCount\":1117,\"image\":{\"@id\":\"https:\\\/\\\/www.krafthand.de\\\/truck\\\/artikel\\\/schaeden-an-lkw-kardanwellen-reparieren-i-krafthand-truck-31590\\\/#primaryimage\"},\"thumbnailUrl\":\"https:\\\/\\\/static.krafthand-truck.de\\\/uploads\\\/2022\\\/03\\\/01_2022_026_1.jpg\",\"keywords\":[\"Gelenkwellen\",\"Kardan\",\"Kardanwelle\",\"Kreuzgelenk\"],\"articleSection\":[\"Antrieb (Motor\\\/Getriebe)\",\"Ersatzteile\\\/Zubeh\u00f6r\",\"Werkstattpraxis\"],\"inLanguage\":\"de\"},{\"@type\":\"WebPage\",\"@id\":\"https:\\\/\\\/www.krafthand.de\\\/truck\\\/artikel\\\/schaeden-an-lkw-kardanwellen-reparieren-i-krafthand-truck-31590\\\/\",\"url\":\"https:\\\/\\\/www.krafthand.de\\\/truck\\\/artikel\\\/schaeden-an-lkw-kardanwellen-reparieren-i-krafthand-truck-31590\\\/\",\"name\":\"Sch\u00e4den an Gelenk- und Kardanwellen - Aus- und Einbau - Krafthand-Truck\",\"isPartOf\":{\"@id\":\"https:\\\/\\\/www.krafthand.de\\\/truck\\\/#website\"},\"primaryImageOfPage\":{\"@id\":\"https:\\\/\\\/www.krafthand.de\\\/truck\\\/artikel\\\/schaeden-an-lkw-kardanwellen-reparieren-i-krafthand-truck-31590\\\/#primaryimage\"},\"image\":{\"@id\":\"https:\\\/\\\/www.krafthand.de\\\/truck\\\/artikel\\\/schaeden-an-lkw-kardanwellen-reparieren-i-krafthand-truck-31590\\\/#primaryimage\"},\"thumbnailUrl\":\"https:\\\/\\\/static.krafthand-truck.de\\\/uploads\\\/2022\\\/03\\\/01_2022_026_1.jpg\",\"datePublished\":\"2022-04-04T08:16:25+00:00\",\"dateModified\":\"2022-04-04T11:09:22+00:00\",\"author\":{\"@id\":\"https:\\\/\\\/www.krafthand.de\\\/truck\\\/#\\\/schema\\\/person\\\/51fa80b1c57034c4bf63f9f988fc24ce\"},\"description\":\"Lkw-Gelenkwellen bleiben lange unbeachtet. Wenn es allerdings zur Ger\u00e4uschentwicklung kommt, ist schnelles Handeln angesagt. Es stellt sich die Frage, ob die defekte Welle repariert werden kann oder getauscht werden muss.\",\"breadcrumb\":{\"@id\":\"https:\\\/\\\/www.krafthand.de\\\/truck\\\/artikel\\\/schaeden-an-lkw-kardanwellen-reparieren-i-krafthand-truck-31590\\\/#breadcrumb\"},\"inLanguage\":\"de\",\"potentialAction\":[{\"@type\":\"ReadAction\",\"target\":[\"https:\\\/\\\/www.krafthand.de\\\/truck\\\/artikel\\\/schaeden-an-lkw-kardanwellen-reparieren-i-krafthand-truck-31590\\\/\"]}]},{\"@type\":\"ImageObject\",\"inLanguage\":\"de\",\"@id\":\"https:\\\/\\\/www.krafthand.de\\\/truck\\\/artikel\\\/schaeden-an-lkw-kardanwellen-reparieren-i-krafthand-truck-31590\\\/#primaryimage\",\"url\":\"https:\\\/\\\/static.krafthand-truck.de\\\/uploads\\\/2022\\\/03\\\/01_2022_026_1.jpg\",\"contentUrl\":\"https:\\\/\\\/static.krafthand-truck.de\\\/uploads\\\/2022\\\/03\\\/01_2022_026_1.jpg\",\"width\":1400,\"height\":824,\"caption\":\"Solange Gelenkwellen einwandfrei funktionieren, beachtet sie niemand. Im Defektfall ist allerdings schnelle Hilfe gefragt, um das havarierte Fahrzeug schnellstm\u00f6glich wieder auf die Stra\u00dfe zu bringen. Neben dem Teileersatz gibt es die M\u00f6glichkeit, die Welle beim Spezialisten professionell reparieren zu lassen. Bild: Georg Blenk\"},{\"@type\":\"BreadcrumbList\",\"@id\":\"https:\\\/\\\/www.krafthand.de\\\/truck\\\/artikel\\\/schaeden-an-lkw-kardanwellen-reparieren-i-krafthand-truck-31590\\\/#breadcrumb\",\"itemListElement\":[{\"@type\":\"ListItem\",\"position\":1,\"name\":\"Krafthand-Truck\",\"item\":\"https:\\\/\\\/www.krafthand.de\\\/truck\\\/\"},{\"@type\":\"ListItem\",\"position\":2,\"name\":\"Nfz-Service\",\"item\":\"https:\\\/\\\/www.krafthand.de\\\/truck\\\/kategorie\\\/nfz-service\\\/\"},{\"@type\":\"ListItem\",\"position\":3,\"name\":\"Werkstattpraxis\",\"item\":\"https:\\\/\\\/www.krafthand.de\\\/truck\\\/kategorie\\\/nfz-service\\\/werkstattpraxis\\\/\"},{\"@type\":\"ListItem\",\"position\":4,\"name\":\"Sch\u00e4den an Gelenk- und Kardanwellen &#8211; Aus- und Einbau\"}]},{\"@type\":\"WebSite\",\"@id\":\"https:\\\/\\\/www.krafthand.de\\\/truck\\\/#website\",\"url\":\"https:\\\/\\\/www.krafthand.de\\\/truck\\\/\",\"name\":\"Krafthand-Truck\",\"description\":\"\",\"potentialAction\":[{\"@type\":\"SearchAction\",\"target\":{\"@type\":\"EntryPoint\",\"urlTemplate\":\"https:\\\/\\\/www.krafthand.de\\\/truck\\\/?s={search_term_string}\"},\"query-input\":{\"@type\":\"PropertyValueSpecification\",\"valueRequired\":true,\"valueName\":\"search_term_string\"}}],\"inLanguage\":\"de\"},{\"@type\":\"Person\",\"@id\":\"https:\\\/\\\/www.krafthand.de\\\/truck\\\/#\\\/schema\\\/person\\\/51fa80b1c57034c4bf63f9f988fc24ce\",\"name\":\"georg.blenk@krafthand-medien.de\",\"image\":{\"@type\":\"ImageObject\",\"inLanguage\":\"de\",\"@id\":\"https:\\\/\\\/secure.gravatar.com\\\/avatar\\\/93713c30affe0aa95d3a4130e499bb1abee2eb31adbdd9ce2aa1543538490215?s=96&d=mm&r=g\",\"url\":\"https:\\\/\\\/secure.gravatar.com\\\/avatar\\\/93713c30affe0aa95d3a4130e499bb1abee2eb31adbdd9ce2aa1543538490215?s=96&d=mm&r=g\",\"contentUrl\":\"https:\\\/\\\/secure.gravatar.com\\\/avatar\\\/93713c30affe0aa95d3a4130e499bb1abee2eb31adbdd9ce2aa1543538490215?s=96&d=mm&r=g\",\"caption\":\"georg.blenk@krafthand-medien.de\"}}]}<\/script>\n<!-- \/ Yoast SEO plugin. -->","yoast_head_json":{"title":"Sch\u00e4den an Gelenk- und Kardanwellen - Aus- und Einbau - Krafthand-Truck","description":"Lkw-Gelenkwellen bleiben lange unbeachtet. Wenn es allerdings zur Ger\u00e4uschentwicklung kommt, ist schnelles Handeln angesagt. Es stellt sich die Frage, ob die defekte Welle repariert werden kann oder getauscht werden muss.","robots":{"index":"index","follow":"follow","max-snippet":"max-snippet:-1","max-image-preview":"max-image-preview:large","max-video-preview":"max-video-preview:-1"},"canonical":"https:\/\/www.krafthand.de\/truck\/artikel\/schaeden-an-lkw-kardanwellen-reparieren-i-krafthand-truck-31590\/","og_locale":"de_DE","og_type":"article","og_title":"Sch\u00e4den an Gelenk- und Kardanwellen - Aus- und Einbau - Krafthand-Truck","og_description":"Lkw-Gelenkwellen bleiben lange unbeachtet. Wenn es allerdings zur Ger\u00e4uschentwicklung kommt, ist schnelles Handeln angesagt. Es stellt sich die Frage, ob die defekte Welle repariert werden kann oder getauscht werden muss.","og_url":"https:\/\/www.krafthand-truck.de\/artikel\/schaeden-an-lkw-kardanwellen-reparieren-i-krafthand-truck-31590\/","og_site_name":"Krafthand-Truck","article_published_time":"2022-04-04T08:16:25+00:00","article_modified_time":"2022-04-04T11:09:22+00:00","og_image":[{"width":1400,"height":824,"url":"https:\/\/static.krafthand-truck.de\/uploads\/2022\/03\/01_2022_026_1.jpg","type":"image\/jpeg"}],"author":"georg.blenk@krafthand-medien.de","twitter_card":"summary_large_image","twitter_misc":{"Verfasst von":"georg.blenk@krafthand-medien.de","Gesch\u00e4tzte Lesezeit":"7\u00a0Minuten"},"schema":{"@context":"https:\/\/schema.org","@graph":[{"@type":"Article","@id":"https:\/\/www.krafthand.de\/truck\/artikel\/schaeden-an-lkw-kardanwellen-reparieren-i-krafthand-truck-31590\/#article","isPartOf":{"@id":"https:\/\/www.krafthand.de\/truck\/artikel\/schaeden-an-lkw-kardanwellen-reparieren-i-krafthand-truck-31590\/"},"author":{"name":"georg.blenk@krafthand-medien.de","@id":"https:\/\/www.krafthand.de\/truck\/#\/schema\/person\/51fa80b1c57034c4bf63f9f988fc24ce"},"headline":"Sch\u00e4den an Gelenk- und Kardanwellen &#8211; Aus- und Einbau","datePublished":"2022-04-04T08:16:25+00:00","dateModified":"2022-04-04T11:09:22+00:00","mainEntityOfPage":{"@id":"https:\/\/www.krafthand.de\/truck\/artikel\/schaeden-an-lkw-kardanwellen-reparieren-i-krafthand-truck-31590\/"},"wordCount":1117,"image":{"@id":"https:\/\/www.krafthand.de\/truck\/artikel\/schaeden-an-lkw-kardanwellen-reparieren-i-krafthand-truck-31590\/#primaryimage"},"thumbnailUrl":"https:\/\/static.krafthand-truck.de\/uploads\/2022\/03\/01_2022_026_1.jpg","keywords":["Gelenkwellen","Kardan","Kardanwelle","Kreuzgelenk"],"articleSection":["Antrieb (Motor\/Getriebe)","Ersatzteile\/Zubeh\u00f6r","Werkstattpraxis"],"inLanguage":"de"},{"@type":"WebPage","@id":"https:\/\/www.krafthand.de\/truck\/artikel\/schaeden-an-lkw-kardanwellen-reparieren-i-krafthand-truck-31590\/","url":"https:\/\/www.krafthand.de\/truck\/artikel\/schaeden-an-lkw-kardanwellen-reparieren-i-krafthand-truck-31590\/","name":"Sch\u00e4den an Gelenk- und Kardanwellen - Aus- und Einbau - Krafthand-Truck","isPartOf":{"@id":"https:\/\/www.krafthand.de\/truck\/#website"},"primaryImageOfPage":{"@id":"https:\/\/www.krafthand.de\/truck\/artikel\/schaeden-an-lkw-kardanwellen-reparieren-i-krafthand-truck-31590\/#primaryimage"},"image":{"@id":"https:\/\/www.krafthand.de\/truck\/artikel\/schaeden-an-lkw-kardanwellen-reparieren-i-krafthand-truck-31590\/#primaryimage"},"thumbnailUrl":"https:\/\/static.krafthand-truck.de\/uploads\/2022\/03\/01_2022_026_1.jpg","datePublished":"2022-04-04T08:16:25+00:00","dateModified":"2022-04-04T11:09:22+00:00","author":{"@id":"https:\/\/www.krafthand.de\/truck\/#\/schema\/person\/51fa80b1c57034c4bf63f9f988fc24ce"},"description":"Lkw-Gelenkwellen bleiben lange unbeachtet. Wenn es allerdings zur Ger\u00e4uschentwicklung kommt, ist schnelles Handeln angesagt. Es stellt sich die Frage, ob die defekte Welle repariert werden kann oder getauscht werden muss.","breadcrumb":{"@id":"https:\/\/www.krafthand.de\/truck\/artikel\/schaeden-an-lkw-kardanwellen-reparieren-i-krafthand-truck-31590\/#breadcrumb"},"inLanguage":"de","potentialAction":[{"@type":"ReadAction","target":["https:\/\/www.krafthand.de\/truck\/artikel\/schaeden-an-lkw-kardanwellen-reparieren-i-krafthand-truck-31590\/"]}]},{"@type":"ImageObject","inLanguage":"de","@id":"https:\/\/www.krafthand.de\/truck\/artikel\/schaeden-an-lkw-kardanwellen-reparieren-i-krafthand-truck-31590\/#primaryimage","url":"https:\/\/static.krafthand-truck.de\/uploads\/2022\/03\/01_2022_026_1.jpg","contentUrl":"https:\/\/static.krafthand-truck.de\/uploads\/2022\/03\/01_2022_026_1.jpg","width":1400,"height":824,"caption":"Solange Gelenkwellen einwandfrei funktionieren, beachtet sie niemand. Im Defektfall ist allerdings schnelle Hilfe gefragt, um das havarierte Fahrzeug schnellstm\u00f6glich wieder auf die Stra\u00dfe zu bringen. Neben dem Teileersatz gibt es die M\u00f6glichkeit, die Welle beim Spezialisten professionell reparieren zu lassen. Bild: Georg Blenk"},{"@type":"BreadcrumbList","@id":"https:\/\/www.krafthand.de\/truck\/artikel\/schaeden-an-lkw-kardanwellen-reparieren-i-krafthand-truck-31590\/#breadcrumb","itemListElement":[{"@type":"ListItem","position":1,"name":"Krafthand-Truck","item":"https:\/\/www.krafthand.de\/truck\/"},{"@type":"ListItem","position":2,"name":"Nfz-Service","item":"https:\/\/www.krafthand.de\/truck\/kategorie\/nfz-service\/"},{"@type":"ListItem","position":3,"name":"Werkstattpraxis","item":"https:\/\/www.krafthand.de\/truck\/kategorie\/nfz-service\/werkstattpraxis\/"},{"@type":"ListItem","position":4,"name":"Sch\u00e4den an Gelenk- und Kardanwellen &#8211; Aus- und Einbau"}]},{"@type":"WebSite","@id":"https:\/\/www.krafthand.de\/truck\/#website","url":"https:\/\/www.krafthand.de\/truck\/","name":"Krafthand-Truck","description":"","potentialAction":[{"@type":"SearchAction","target":{"@type":"EntryPoint","urlTemplate":"https:\/\/www.krafthand.de\/truck\/?s={search_term_string}"},"query-input":{"@type":"PropertyValueSpecification","valueRequired":true,"valueName":"search_term_string"}}],"inLanguage":"de"},{"@type":"Person","@id":"https:\/\/www.krafthand.de\/truck\/#\/schema\/person\/51fa80b1c57034c4bf63f9f988fc24ce","name":"georg.blenk@krafthand-medien.de","image":{"@type":"ImageObject","inLanguage":"de","@id":"https:\/\/secure.gravatar.com\/avatar\/93713c30affe0aa95d3a4130e499bb1abee2eb31adbdd9ce2aa1543538490215?s=96&d=mm&r=g","url":"https:\/\/secure.gravatar.com\/avatar\/93713c30affe0aa95d3a4130e499bb1abee2eb31adbdd9ce2aa1543538490215?s=96&d=mm&r=g","contentUrl":"https:\/\/secure.gravatar.com\/avatar\/93713c30affe0aa95d3a4130e499bb1abee2eb31adbdd9ce2aa1543538490215?s=96&d=mm&r=g","caption":"georg.blenk@krafthand-medien.de"}}]}},"_links":{"self":[{"href":"https:\/\/www.krafthand.de\/truck\/wp-json\/wp\/v2\/posts\/31590","targetHints":{"allow":["GET"]}}],"collection":[{"href":"https:\/\/www.krafthand.de\/truck\/wp-json\/wp\/v2\/posts"}],"about":[{"href":"https:\/\/www.krafthand.de\/truck\/wp-json\/wp\/v2\/types\/post"}],"author":[{"embeddable":true,"href":"https:\/\/www.krafthand.de\/truck\/wp-json\/wp\/v2\/users\/9"}],"replies":[{"embeddable":true,"href":"https:\/\/www.krafthand.de\/truck\/wp-json\/wp\/v2\/comments?post=31590"}],"version-history":[{"count":10,"href":"https:\/\/www.krafthand.de\/truck\/wp-json\/wp\/v2\/posts\/31590\/revisions"}],"predecessor-version":[{"id":31953,"href":"https:\/\/www.krafthand.de\/truck\/wp-json\/wp\/v2\/posts\/31590\/revisions\/31953"}],"wp:featuredmedia":[{"embeddable":true,"href":"https:\/\/www.krafthand.de\/truck\/wp-json\/wp\/v2\/media\/31591"}],"wp:attachment":[{"href":"https:\/\/www.krafthand.de\/truck\/wp-json\/wp\/v2\/media?parent=31590"}],"wp:term":[{"taxonomy":"category","embeddable":true,"href":"https:\/\/www.krafthand.de\/truck\/wp-json\/wp\/v2\/categories?post=31590"},{"taxonomy":"post_tag","embeddable":true,"href":"https:\/\/www.krafthand.de\/truck\/wp-json\/wp\/v2\/tags?post=31590"},{"taxonomy":"settings","embeddable":true,"href":"https:\/\/www.krafthand.de\/truck\/wp-json\/wp\/v2\/settings?post=31590"}],"curies":[{"name":"wp","href":"https:\/\/api.w.org\/{rel}","templated":true}]}}