{"id":31533,"date":"2022-03-17T10:46:23","date_gmt":"2022-03-17T09:46:23","guid":{"rendered":"https:\/\/www.krafthand.de\/truck\/?p=31533"},"modified":"2022-03-19T09:41:37","modified_gmt":"2022-03-19T08:41:37","slug":"berger-baut-in-radfeld-gewichtsoptimierte-sattelauflieger","status":"publish","type":"post","link":"https:\/\/www.krafthand.de\/truck\/artikel\/berger-baut-in-radfeld-gewichtsoptimierte-sattelauflieger-31533\/","title":{"rendered":"Berger baut in Radfeld gewichtsoptimierte Sattelauflieger"},"content":{"rendered":"<p><strong>Der Name Berger ist seit Jahrzehnten ein Begriff in der internationalen Transportbranche. Ans\u00e4ssig im \u00f6sterreichischen W\u00f6rgl, unweit der Grenze zu Deutschland, begann vor 61 Jahren eine Erfolgsgeschichte. Johann Berger gr\u00fcndete ein Transportunternehmen und expandierte schnell. Schon fr\u00fch erkannte er die Vorteile von Sattelaufliegern mit optimiertem Gewicht, er konstruierte sie anfangs sogar selbst und besch\u00e4ftigte sich schon damals mit dem Thema Leichtbau. So konnte er zum Beispiel mehr Marmor zuladen als die Konkurrenz, die Touren wurden nach Gewicht bezahlt.<\/strong><\/p>\n<figure id=\"attachment_31535\" aria-describedby=\"caption-attachment-31535\" style=\"width: 300px\" class=\"wp-caption alignright\"><a href=\"https:\/\/static.krafthand-truck.de\/uploads\/2022\/03\/01_2022_015_2.jpg\" target=\"_blank\" rel=\"noopener\"><img fetchpriority=\"high\" decoding=\"async\" class=\"wp-image-31535 size-medium\" src=\"https:\/\/static.krafthand-truck.de\/uploads\/2022\/03\/01_2022_015_2-300x256.jpg\" alt=\"Maximilian Hunfeld, Leiter Vertrieb und Marketing bei Berger-Fahrzeugtechnik\" width=\"300\" height=\"256\" srcset=\"https:\/\/static.krafthand-truck.de\/uploads\/2022\/03\/01_2022_015_2-300x256.jpg 300w, https:\/\/static.krafthand-truck.de\/uploads\/2022\/03\/01_2022_015_2-1024x875.jpg 1024w, https:\/\/static.krafthand-truck.de\/uploads\/2022\/03\/01_2022_015_2-768x656.jpg 768w, https:\/\/static.krafthand-truck.de\/uploads\/2022\/03\/01_2022_015_2-1320x1128.jpg 1320w, https:\/\/static.krafthand-truck.de\/uploads\/2022\/03\/01_2022_015_2.jpg 1400w\" sizes=\"(max-width: 300px) 100vw, 300px\" \/><\/a><figcaption id=\"caption-attachment-31535\" class=\"wp-caption-text\">Maximilian Hunfeld<\/figcaption><\/figure>\n<p>Aus der Idee heraus entstand 1994 die Berger Fahrzeugtechnik. Man begann mit der Serienproduktion von gewichtsoptimierten Trailern, damals noch unter der Marke \u201aBerger-Light\u2018. 1997 \u00fcbernahm Gerhard Berger die Unternehmensgruppe, er hat vor allem den Ausbau der Berger Fahrzeugtechnik am Standort Radfeld weiter vorangetrieben. <em>\u201eGerhard Berger hat 1997 seine Formel-1-Karriere beendet und ist seitdem Ideen-, Impulsgeber und Vision\u00e4r. Aus seiner Erfahrung im Rennsport wei\u00df er genau was Leichtbau bedeutet\u201c<\/em>, so Maximilian Hunfeld, Leiter Strategischer Vertrieb &amp; Marketing bei Berger-Fahrzeugtechnik.<\/p>\n<h2>Aus Berger Light wird Berger Ecotrail<\/h2>\n<p>Nach einer Konsolidierungsphase (die Finanzkrise hat auch in der Nutzfahrzeugbranche ihre Spuren hinterlassen) entstand 2008 die Marke <a href=\"https:\/\/www.berger-ecotrail.com\/\" target=\"_blank\" rel=\"noopener\">\u201aBerger Ecotrail\u2018<\/a>. Im darauffolgenden Jahr kam es zur Einf\u00fchrung weiterentwickelter Fahrzeuge unter der neuen Wort- und Bildmarke. <em>\u201eWir haben bereits 2009 das Thema Umweltschutz besetzt und sind mitunter bel\u00e4chelt worden. Damals hat noch niemand \u00fcber Gewichtsoptimierung im Trailerbau nachgedacht\u201c<\/em>, so Tobias Marian, Gesamtvertriebsleiter bei Berger Fahrzeugtechnik.<\/p>\n<h3><em>\u201eLeichtbau hei\u00dft nicht einfach leicht machen\u201c, so Hunfeld.<\/em><\/h3>\n<p>Die Berger-Gruppe besteht heute mit Berger-Logistik, Berger-Fahrzeugbau sowie Berger-Truckservice aus drei Unternehmensteilen. Allein Berger-Truckservice besch\u00e4ftigt rund 75 Mitarbeiter an den Standorten W\u00f6rgl und Thaur bei Innsbruck. <em>\u201eWir decken vollumf\u00e4nglich die Reparatur und Instandhaltung von Lkw und Trailer ab und k\u00fcmmern uns um Fahrzeuge s\u00e4mtlicher Hersteller, inklusive Getriebeservice, Rahmenrichten und Fahrwerksvermessung. Wir kennen das Produkt in all seiner Vielfalt, was uns zus\u00e4tzliche Vorteile beim Trailerbau verschafft\u201c<\/em>, so Marian und erg\u00e4nzt: <em>\u201eWenn man Gewichtsreduzierung und Nutzlastoptimierung betreiben m\u00f6chte, muss man das Gesamtsystem verstehen. Allein der Austausch von Einzelkomponenten f\u00fchrt nicht zum Ziel. Aus diesem Grund sind wir seit 26 Jahren Benchmark in der Branche, niemand produziert ein leichteres Produkt ohne Einbu\u00dfen was die Qualit\u00e4t und die Langlebigkeit angeht.\u201c<\/em><\/p>\n<h2>Rahmenbau<\/h2>\n<p>Beim Bau der Ecotrail-Sattelauflieger spielen zahlreiche Faktoren eine Rolle, die Berger-Fahrzeugbau eigenen Angaben zufolge vom Wettbewerb unterscheidet. <em>\u201eDas ganze Konzept ist so ausgelegt, dass wir so leicht wie m\u00f6glich bauen k\u00f6nnen und dabei eine maximale Lebensdauer erreichen. Wir loten gleichsam die Grenzen des Machbaren aus und setzen konsequent auf Qualit\u00e4t. Dabei hilft uns unsere jahrzehntelange Erfahrung\u201c<\/em>, berichtet Tobias Marian.<\/p>\n<figure id=\"attachment_31536\" aria-describedby=\"caption-attachment-31536\" style=\"width: 1400px\" class=\"wp-caption alignnone\"><img decoding=\"async\" class=\"size-full wp-image-31536\" src=\"https:\/\/static.krafthand-truck.de\/uploads\/2022\/03\/01_2022_015_3.jpg\" alt=\"L\u00e4ngstr\u00e4ger verschwei\u00dfen mit Roboter\" width=\"1400\" height=\"886\" srcset=\"https:\/\/static.krafthand-truck.de\/uploads\/2022\/03\/01_2022_015_3.jpg 1400w, https:\/\/static.krafthand-truck.de\/uploads\/2022\/03\/01_2022_015_3-300x190.jpg 300w, https:\/\/static.krafthand-truck.de\/uploads\/2022\/03\/01_2022_015_3-1024x648.jpg 1024w, https:\/\/static.krafthand-truck.de\/uploads\/2022\/03\/01_2022_015_3-768x486.jpg 768w, https:\/\/static.krafthand-truck.de\/uploads\/2022\/03\/01_2022_015_3-1320x835.jpg 1320w\" sizes=\"(max-width: 1400px) 100vw, 1400px\" \/><figcaption id=\"caption-attachment-31536\" class=\"wp-caption-text\">Beim Verschwei\u00dfen der L\u00e4ngstr\u00e4ger kommen in Radfeld Roboter zum Einsatz.<\/figcaption><\/figure>\n<p>So setzt Berger beispielsweise beim Rahmenbau S700-Feinkornstahl ein. Man k\u00f6nne so in der Fl\u00e4che deutlich mehr Spannung einbringen und Materialst\u00e4rken reduzieren. Beim Schwei\u00dfen des Feinkornstahls sind Experten gefragt. <em>\u201eWir wissen genau wie das Material beim Verschwei\u00dfen reagiert und verhindern so Verzug und Spannungen\u201c<\/em>, so Tobias Marian. Die L\u00e4ngstr\u00e4ger werden von Robotern verschwei\u00dft, alle anderen Schwei\u00dfarbeiten erledigen Experten mit der Hand. Im \u00dcbrigen: An einem Coil-Auflieger befinden sich rund 110 m Schwei\u00dfnaht.<\/p>\n<figure id=\"attachment_31617\" aria-describedby=\"caption-attachment-31617\" style=\"width: 226px\" class=\"wp-caption alignleft\"><a href=\"https:\/\/static.krafthand-truck.de\/uploads\/2022\/03\/Berger_Ecotrail_Tobias_Marian.jpg\" target=\"_blank\" rel=\"noopener\"><img decoding=\"async\" class=\"wp-image-31617 size-medium\" src=\"https:\/\/static.krafthand-truck.de\/uploads\/2022\/03\/Berger_Ecotrail_Tobias_Marian-226x300.jpg\" alt=\"\" width=\"226\" height=\"300\" srcset=\"https:\/\/static.krafthand-truck.de\/uploads\/2022\/03\/Berger_Ecotrail_Tobias_Marian-226x300.jpg 226w, https:\/\/static.krafthand-truck.de\/uploads\/2022\/03\/Berger_Ecotrail_Tobias_Marian-770x1024.jpg 770w, https:\/\/static.krafthand-truck.de\/uploads\/2022\/03\/Berger_Ecotrail_Tobias_Marian-768x1021.jpg 768w, https:\/\/static.krafthand-truck.de\/uploads\/2022\/03\/Berger_Ecotrail_Tobias_Marian.jpg 800w\" sizes=\"(max-width: 226px) 100vw, 226px\" \/><\/a><figcaption id=\"caption-attachment-31617\" class=\"wp-caption-text\">Tobias Marian<\/figcaption><\/figure>\n<p>Ein zentrales Element, was zus\u00e4tzlich zur Gewichtsreduktion beitr\u00e4gt, sind entsprechende Aussparungen in den Rahmenl\u00e4ngs- und Quertr\u00e4gern, sogenannte Reuleaux-Dreiecke. Mit der speziellen Geometrie k\u00f6nnen man mehr Material aussparen ohne Festigkeitseinbu\u00dfen hinnehmen zu m\u00fcssen. Dies gel\u00e4nge nur in der passenden Anordnung und beruhe auf Jahrzehnte-langer Erfahrung in der Konstruktion und den Erkenntnissen aus dem Feld.<\/p>\n<h3><em>\u201eWir verstehen das Gesamtsystem.\u201c<\/em><\/h3>\n<p>Nach Abschluss der Arbeiten am Leiterrahmen wird er auf eine Schablone geklemmt. Die Experten bei Berger-Fahrzeugbau k\u00f6nnen so die Ma\u00dfhaltigkeit exakt \u00fcberpr\u00fcfen. <em>\u201eBei einem Rahmen von rund 2,50 Breite und 13,60 m L\u00e4nge messen wir \u00fcber die Diagonale weniger als 3 mm Differenz. Denn nur wenn die beiden L\u00e4ngstr\u00e4ger exakt parallel positioniert sind, sind es auch sp\u00e4ter die Achsen. Somit generieren unsere Trailer deutlich weniger Reibung im Nachlauf\u201c<\/em>, erkl\u00e4rt Marian.<\/p>\n<h2>Werksseitig vorgespannt<\/h2>\n<p>Auch was das Handling und die Bearbeitung des Rahmens angeht geht Berger eigene Wege. Die Stahlelemente aus Feinstahl sehen quasi kein Tageslicht, von der eigentlichen Produktion bis zur Anlieferung in Radfeld. Sie werden nicht klassisch Sandgestrahlt, vielmehr setzt man auch beim Strahlen auf S700 in unterschiedlichen Kugelgr\u00f6\u00dfen. <em>\u201eSo bringen wir keine Fremdstoffe in das Material ein, die sp\u00e4ter einmal zu Korrosion f\u00fchren k\u00f6nnen.\u201c<\/em><\/p>\n<div class=\"gallery-container\"><div class=\"owl-carousel owl-theme\">\r\n        <div>\r\n        \t<img decoding=\"async\" src=\"https:\/\/static.krafthand-truck.de\/uploads\/2022\/03\/01_2022_015_4-1024x714.jpg\" alt=\"\" \/>\r\n          <a href=\"https:\/\/static.krafthand-truck.de\/uploads\/2022\/03\/01_2022_015_4-1024x714.jpg\" data-featherlight=\"gallery_69f5526bed16c\" class=\"gallery-expand\" data-title=\"Hauptrahmen mit geometrischen Aussparungen, so genannten Reuleaux-Dreiecken (\u201aGleichdick\u2018, Form mit konstanter Breite). Die Geometrien werden von einem Dienstleister mit einem speziellen Laserschei\u00dfverfahren eingebracht ohne das es zu Spannungen und \u00c4nderungen des Korngef\u00fcges im Material kommt. Bild: Georg Blenk\"><i class=\"fa fa-expand\" aria-hidden=\"true\"><\/i><\/a>\r\n        \t<div class=\"gallery-caption wp-caption-text\"><p>Hauptrahmen mit geometrischen Aussparungen, so genannten Reuleaux-Dreiecken (\u201aGleichdick\u2018, Form mit konstanter Breite). Die Geometrien werden von einem Dienstleister mit einem speziellen Laserschei\u00dfverfahren eingebracht ohne das es zu Spannungen und \u00c4nderungen des Korngef\u00fcges im Material kommt. Bild: Georg Blenk<\/p>\n<\/div>\r\n        <\/div>\r\n        <div>\r\n        \t<img decoding=\"async\" src=\"https:\/\/static.krafthand-truck.de\/uploads\/2022\/03\/01_2022_015_5-1024x682.jpg\" alt=\"\" \/>\r\n          <a href=\"https:\/\/static.krafthand-truck.de\/uploads\/2022\/03\/01_2022_015_5-1024x682.jpg\" data-featherlight=\"gallery_69f5526bed16c\" class=\"gallery-expand\" data-title=\"Nach der Pr\u00fcfung des Leiterrahmens auf Ma\u00dfhaltigkeit und Biegesteifigkeit kommt er in die Lackiererei. Dort werden mehrere Schutz- und Lackschichten (Nasslackierung) aufgebracht. Interessant: Die zugelieferte, bereits lackierte Sattelst\u00fctze wird geschliffen und nochmal neu lackiert.\"><i class=\"fa fa-expand\" aria-hidden=\"true\"><\/i><\/a>\r\n        \t<div class=\"gallery-caption wp-caption-text\"><p>Nach der Pr\u00fcfung des Leiterrahmens auf Ma\u00dfhaltigkeit und Biegesteifigkeit kommt er in die Lackiererei. Dort werden mehrere Schutz- und Lackschichten (Nasslackierung) aufgebracht. Interessant: Die zugelieferte, bereits lackierte Sattelst\u00fctze wird geschliffen und nochmal neu lackiert.<\/p>\n<\/div>\r\n        <\/div>\r\n        <div>\r\n        \t<img decoding=\"async\" src=\"https:\/\/static.krafthand-truck.de\/uploads\/2022\/03\/01_2022_015_6-1024x682.jpg\" alt=\"\" \/>\r\n          <a href=\"https:\/\/static.krafthand-truck.de\/uploads\/2022\/03\/01_2022_015_6-1024x682.jpg\" data-featherlight=\"gallery_69f5526bed16c\" class=\"gallery-expand\" data-title=\"Das neue Produktionsgeb\u00e4ude wurde 2019 in Betrieb genommen.  Es wird \u00fcber Erdw\u00e4rme und Wasserkraft mit Energie versorgt. Die Produktionskapazit\u00e4t liegt bei 2.500 bis 3.000 Aufliegern pro Jahr.\"><i class=\"fa fa-expand\" aria-hidden=\"true\"><\/i><\/a>\r\n        \t<div class=\"gallery-caption wp-caption-text\"><p>Das neue Produktionsgeb\u00e4ude wurde 2019 in Betrieb genommen.  Es wird \u00fcber Erdw\u00e4rme und Wasserkraft mit Energie versorgt. Die Produktionskapazit\u00e4t liegt bei 2.500 bis 3.000 Aufliegern pro Jahr.<\/p>\n<\/div>\r\n        <\/div><\/div><\/div>\r\n\t<script>\r\n\t\tjQuery(document).ready(function($){\r\n      setTimeout(function(){\r\n  \t\t\t$(\".owl-carousel\").owlCarousel({\r\n  \t\t\t\tloop:true,\r\n    \t\t\tmargin:10,\r\n    \t\t\tresponsiveClass:true,\r\n    \t\t\titems:1,\r\n    \t\t\tautoHeight: true,\r\n          nav: true,\r\n          URLhashListener: true,\r\n          startPosition: \"URLHash\",\r\n          navText: [\r\n            \"<i class='fa fa-chevron-left'><\/i>\",\r\n            \"<i class='fa fa-chevron-right'><\/i>\"\r\n          ],\r\n  \t\t\t});\r\n      }, 2000);\r\n\t\t});\r\n\t<\/script>\r\n\t\n<p>Und noch eine Besonderheit: Der Rahmen ist werksseitig vorgespannt. So erreicht Berger im beladenen Zustand eine homogene Krafteinleitung \u00fcber die gesamte Konstruktion, es entstehen keine Lastspitzen auf einzelnen Segmenten. So k\u00f6nne man wiederum auf Zusatzverst\u00e4rkungen verzichten. Last but not least kommt jeder Auflieger auf einen Pr\u00fcfplatz und wird vermessen. Dabei simuliert ein Betonblock eine definierte Last, Torsion und Vorspannung k\u00f6nnen so exakt \u00fcberpr\u00fcft werden. Beim Megachassis kommt es beispielsweise bei 29 Tonnen Last auf zwei Meter Fl\u00e4che zu einer Durchbiegung von 8,5 cm, was konstruktiv gew\u00fcnscht ist.<\/p>\n<h3><em>\u201eAlle Fahrzeugkomponenten m\u00fcssen zusammen gedacht werden.\u201c<\/em><\/h3>\n<p>Im \u00dcbrigen k\u00f6nnen die Rahmen trotz konstruktiver Besonderheiten im Falle eines Unfalls und einer Besch\u00e4digung mit der Richtbank, wenn n\u00f6tig mit lokaler Erw\u00e4rmung, gezogen werden. Vorausgesetzt ist nat\u00fcrlich ein entsprechendes Fachwissen und das n\u00f6tige Werkstattequipment.<\/p>\n<h2>Zusatzkomponenten\/Teile<\/h2>\n<p>Berger Fahrzeugbau hat sich auf die Fahnen geschrieben auf jedes Detail zu achten, auf das Zusammenspiel des Ganzen k\u00e4me es an. <em>\u201eWir fangen beim optimierten Planen-Verschluss an und h\u00f6ren bei der ausfallsicheren Fahrzeugbeleuchtung auf\u201c<\/em>, so Maximilian Hunfeld. Berger setzt auch auf angeschraubte Bremsscheiben (Intrascheiben). So entsteht weniger Hitze im Radlager, die Baugruppe wiegt weniger, das Lager h\u00e4lt l\u00e4nger. Die Radnaben sind laut Berger f\u00fcr 10 t ausgelegt, 9 t w\u00fcrden ausreichen. Die Achsen kommen \u00fcbrigens von SAF-Holland, auch hier w\u00e4hlt Berger die leichteste Variante. \u00dcberhaupt arbeitet Berger eng mit namhaften Zulieferern wie Wabco oder Hella zusammen. Ersatzteile der Partner sind weltweit verf\u00fcgbar. Was die Teileverf\u00fcgbarkeit der eigenen Ersatzteile angeht, liefert Berger bei Auftragseingang bis 14.00 Uhr am n\u00e4chsten Tag. Im hauseigenen Lager liegen stets 1,6 bis 2 Millionen Teile parat.<\/p>\n<p>Die hauseigene Konstruktionsabteilung besch\u00e4ftigt sechs Mitarbeiter, die sich Einzelkomponenten wie Heckt\u00fcren oder Dachstreben im Detail ankucken und verbessern. So konnte man zum Beispiel auch die Rungen weiter optimieren. <em>\u201eWenn es nicht leichter geht, arbeiten wir weiter an der Konstruktion. Letztendlich m\u00fcssen alle Fahrzeugkomponenten zusammenpassen und zusammen gedacht werden\u201c<\/em>, so Hunfeld.<\/p>\n<figure id=\"attachment_31540\" aria-describedby=\"caption-attachment-31540\" style=\"width: 400px\" class=\"wp-caption alignleft\"><a href=\"https:\/\/static.krafthand-truck.de\/uploads\/2022\/03\/01_2022_015_7.jpg\" target=\"_blank\" rel=\"noopener\"><img loading=\"lazy\" decoding=\"async\" class=\"wp-image-31540\" src=\"https:\/\/static.krafthand-truck.de\/uploads\/2022\/03\/01_2022_015_7.jpg\" alt=\"\" width=\"400\" height=\"377\" srcset=\"https:\/\/static.krafthand-truck.de\/uploads\/2022\/03\/01_2022_015_7.jpg 1272w, https:\/\/static.krafthand-truck.de\/uploads\/2022\/03\/01_2022_015_7-300x283.jpg 300w, https:\/\/static.krafthand-truck.de\/uploads\/2022\/03\/01_2022_015_7-1024x966.jpg 1024w, https:\/\/static.krafthand-truck.de\/uploads\/2022\/03\/01_2022_015_7-768x725.jpg 768w\" sizes=\"(max-width: 400px) 100vw, 400px\" \/><\/a><figcaption id=\"caption-attachment-31540\" class=\"wp-caption-text\">Kalkulations-Tool: Einsparpotenzial und Reduzierung des CO2-Fu\u00dfabdrucks.<\/figcaption><\/figure>\n<h2>Beratung und Mehrwert<\/h2>\n<p>Die Berger-Ecotrail-Sattelauflieger sind teurer als Wettbewerbsprodukte. Doch Berger-Kunden bekommen nicht nur einen deutlich leichteren Auflieger, der zus\u00e4tzliche Beladung zul\u00e4sst, sondern auch eine individuelle Beratung. <em>\u201eWir gehen zum Kunden und besch\u00e4ftigen uns eingehend mit seinem Aufgabengebiet. Es geht um die Optimierung der Frachtraten, um Wettbewerbsvorteile und letztendlich um die Reduzierung des Kraftstoffverbrauchs und der CO2-Emissionen. Der Mehrpreis des Fahrzeugs amortisiert sich nach rund zwei Jahren und unsere Kunden k\u00f6nnen sofort beginnen die CO2-Emissionen zu senken\u201c<\/em>, so Tobias Marian. Die Strategie geht auf: 88 Prozent der Kunden die einmal einen Berger-Ecotrail gekauft haben, haben sp\u00e4ter wieder auf Berger gesetzt.<\/p>\n<h2>Mehr Spielraum<\/h2>\n<p>Lkw und Auflieger werden tendenziell immer schwerer. Zahlreiche Assistenz-\/Telematik- und Komfortsysteme sind der Grund. Dies gilt aber vor allem auch f\u00fcr die Trucks der Zukunft mit alternativen Antriebstechnologien, wie batterieelektrischen Lkw (BEV) mit schweren Batteriepacks oder Wasserstoff-Lkw (FCEV) mit schweren Tanks. <em>\u201eWir schaffen mit Berger Ecotrail, durch konsequenten Leichtbau jetzt und in Zukunft den n\u00f6tigen Spielraum\u201c<\/em>, so Maximilian Hunfeld.<\/p>\n<p><i>Den Beitrag finden Sie auch in der Print-Ausgabe 1\/2022 der <a href=\"https:\/\/www.krafthand.de\/truck\/magazin\/\" title=\"Zum Magazin\">Krafthand-Truck<\/a>.<\/i><\/p>\r\n\t\t\t\t<div class=\"post-author\">\r\n\t\t\t\t\t<div class=\"khm-cp-author clearfix\">\r\n\t\t\t\t\t\t<div class=\"khm-cp-author__content\">\r\n\t\t\t\t\t\t\t\tKontakt zum Autor:<br \/>\r\n\t\t\t\t\t\t\t\t<strong>Georg Blenk<\/strong>, 08247 \/ 3007-45 |  <a href=\"mailto:georg.blenk@krafthand-medien.de\">georg.blenk@krafthand-medien.de<\/a>\r\n\t\t\t\t\t\t\t<div class=\"khm-cp-author__image\">\r\n\t\t\t\t\t\t<img src=\"https:\/\/static.krafthand-truck.de\/uploads\/2021\/01\/Blenk_6104-250x300-1-removebg-preview.png\" class=\"img-responsive\">\r\n\t\t\t\t\t<\/div>\r\n\t\t\t\t\t\t<\/div>\r\n\t\t\t\t\t<\/div>\r\n\t\t\t\t<\/div>\r\n\t\t\t\t","protected":false},"excerpt":{"rendered":"<p>Der Name Berger ist seit Jahrzehnten ein Begriff in der internationalen Transportbranche. Ans\u00e4ssig im \u00f6sterreichischen W\u00f6rgl begann vor 61 Jahren eine Erfolgsgeschichte. Johann Berger gr\u00fcndete ein Transportunternehmen und expandierte schnell. Schon fr\u00fch erkannte er die Vorteile von Sattelaufliegern mit optimiertem Gewicht.  <span class=\"excerpt-more__dots\">&#8230;<\/span> <a class=\"excerpt-more__link\" href=\"https:\/\/www.krafthand.de\/truck\/artikel\/berger-baut-in-radfeld-gewichtsoptimierte-sattelauflieger-31533\/\" >weiter<\/a><\/p>\n","protected":false},"author":11,"featured_media":31620,"comment_status":"closed","ping_status":"closed","sticky":false,"template":"","format":"standard","meta":{"footnotes":""},"categories":[4914,4235],"tags":[5102,5112,5113,5114,1784,5111,5110,599],"settings":[3524,4766,3523],"class_list":["post-31533","post","type-post","status-publish","format-standard","has-post-thumbnail","hentry","category-trailer-aufbauten","category-unternehmen","tag-berger","tag-berger-ecotrail","tag-gerhard-berger","tag-johann-berger","tag-sattelauflieger","tag-sebastian-hunfeld","tag-tobias-marian","tag-trailer"],"yoast_head":"<!-- This site is optimized with the Yoast SEO plugin v27.3 - https:\/\/yoast.com\/product\/yoast-seo-wordpress\/ -->\n<title>Berger-Ecotrail I Gewichtsoptimierte Sattelauflieger I Krafthand-Truck<\/title>\n<meta name=\"description\" content=\"Der Name Berger ist seit Jahrzehnten ein Begriff in der internationalen Transportbranche. Ans\u00e4ssig im \u00f6sterreichischen W\u00f6rgl begann vor 61 Jahren eine Erfolgsgeschichte. Johann Berger gr\u00fcndete ein Transportunternehmen und erkannte fr\u00fch die Vorteile von Sattelaufliegern mit optimiertem Gewicht.\" \/>\n<meta name=\"robots\" content=\"index, follow, max-snippet:-1, max-image-preview:large, max-video-preview:-1\" \/>\n<link rel=\"canonical\" href=\"https:\/\/www.krafthand.de\/truck\/artikel\/berger-baut-in-radfeld-gewichtsoptimierte-sattelauflieger-31533\/\" \/>\n<meta property=\"og:locale\" content=\"de_DE\" \/>\n<meta property=\"og:type\" content=\"article\" \/>\n<meta property=\"og:title\" content=\"Berger-Ecotrail I Gewichtsoptimierte Sattelauflieger I Krafthand-Truck\" \/>\n<meta property=\"og:description\" content=\"Der Name Berger ist seit Jahrzehnten ein Begriff in der internationalen Transportbranche. Ans\u00e4ssig im \u00f6sterreichischen W\u00f6rgl begann vor 61 Jahren eine Erfolgsgeschichte. Johann Berger gr\u00fcndete ein Transportunternehmen und erkannte fr\u00fch die Vorteile von Sattelaufliegern mit optimiertem Gewicht.\" \/>\n<meta property=\"og:url\" content=\"https:\/\/www.krafthand-truck.de\/artikel\/berger-baut-in-radfeld-gewichtsoptimierte-sattelauflieger-31533\/\" \/>\n<meta property=\"og:site_name\" content=\"Krafthand-Truck\" \/>\n<meta property=\"article:published_time\" content=\"2022-03-17T09:46:23+00:00\" \/>\n<meta property=\"article:modified_time\" content=\"2022-03-19T08:41:37+00:00\" \/>\n<meta property=\"og:image\" content=\"https:\/\/static.krafthand-truck.de\/uploads\/2022\/03\/Berger_Ecotrail_Krafthand_Truck_Aufmacher-1.jpg\" \/>\n\t<meta property=\"og:image:width\" content=\"1200\" \/>\n\t<meta property=\"og:image:height\" content=\"705\" \/>\n\t<meta property=\"og:image:type\" content=\"image\/jpeg\" \/>\n<meta name=\"author\" content=\"Redaktion Truck\" \/>\n<meta name=\"twitter:card\" content=\"summary_large_image\" \/>\n<meta name=\"twitter:label1\" content=\"Verfasst von\" \/>\n\t<meta name=\"twitter:data1\" content=\"Redaktion Truck\" \/>\n\t<meta name=\"twitter:label2\" content=\"Gesch\u00e4tzte Lesezeit\" \/>\n\t<meta name=\"twitter:data2\" content=\"8\u00a0Minuten\" \/>\n<script type=\"application\/ld+json\" class=\"yoast-schema-graph\">{\"@context\":\"https:\\\/\\\/schema.org\",\"@graph\":[{\"@type\":\"Article\",\"@id\":\"https:\\\/\\\/www.krafthand.de\\\/truck\\\/artikel\\\/berger-baut-in-radfeld-gewichtsoptimierte-sattelauflieger-31533\\\/#article\",\"isPartOf\":{\"@id\":\"https:\\\/\\\/www.krafthand.de\\\/truck\\\/artikel\\\/berger-baut-in-radfeld-gewichtsoptimierte-sattelauflieger-31533\\\/\"},\"author\":{\"name\":\"Redaktion Truck\",\"@id\":\"https:\\\/\\\/www.krafthand.de\\\/truck\\\/#\\\/schema\\\/person\\\/5e47d727209575a4b89376746e24f02f\"},\"headline\":\"Berger baut in Radfeld gewichtsoptimierte Sattelauflieger\",\"datePublished\":\"2022-03-17T09:46:23+00:00\",\"dateModified\":\"2022-03-19T08:41:37+00:00\",\"mainEntityOfPage\":{\"@id\":\"https:\\\/\\\/www.krafthand.de\\\/truck\\\/artikel\\\/berger-baut-in-radfeld-gewichtsoptimierte-sattelauflieger-31533\\\/\"},\"wordCount\":1276,\"image\":{\"@id\":\"https:\\\/\\\/www.krafthand.de\\\/truck\\\/artikel\\\/berger-baut-in-radfeld-gewichtsoptimierte-sattelauflieger-31533\\\/#primaryimage\"},\"thumbnailUrl\":\"https:\\\/\\\/static.krafthand-truck.de\\\/uploads\\\/2022\\\/03\\\/Berger_Ecotrail_Krafthand_Truck_Aufmacher-1.jpg\",\"keywords\":[\"Berger\",\"Berger-Ecotrail\",\"Gerhard Berger\",\"Johann Berger\",\"Sattelauflieger\",\"Sebastian Hunfeld\",\"Tobias Marian\",\"Trailer\"],\"articleSection\":[\"Trailer\\\/Aufbauten\",\"Unternehmen\"],\"inLanguage\":\"de\"},{\"@type\":\"WebPage\",\"@id\":\"https:\\\/\\\/www.krafthand.de\\\/truck\\\/artikel\\\/berger-baut-in-radfeld-gewichtsoptimierte-sattelauflieger-31533\\\/\",\"url\":\"https:\\\/\\\/www.krafthand.de\\\/truck\\\/artikel\\\/berger-baut-in-radfeld-gewichtsoptimierte-sattelauflieger-31533\\\/\",\"name\":\"Berger-Ecotrail I Gewichtsoptimierte Sattelauflieger I Krafthand-Truck\",\"isPartOf\":{\"@id\":\"https:\\\/\\\/www.krafthand.de\\\/truck\\\/#website\"},\"primaryImageOfPage\":{\"@id\":\"https:\\\/\\\/www.krafthand.de\\\/truck\\\/artikel\\\/berger-baut-in-radfeld-gewichtsoptimierte-sattelauflieger-31533\\\/#primaryimage\"},\"image\":{\"@id\":\"https:\\\/\\\/www.krafthand.de\\\/truck\\\/artikel\\\/berger-baut-in-radfeld-gewichtsoptimierte-sattelauflieger-31533\\\/#primaryimage\"},\"thumbnailUrl\":\"https:\\\/\\\/static.krafthand-truck.de\\\/uploads\\\/2022\\\/03\\\/Berger_Ecotrail_Krafthand_Truck_Aufmacher-1.jpg\",\"datePublished\":\"2022-03-17T09:46:23+00:00\",\"dateModified\":\"2022-03-19T08:41:37+00:00\",\"author\":{\"@id\":\"https:\\\/\\\/www.krafthand.de\\\/truck\\\/#\\\/schema\\\/person\\\/5e47d727209575a4b89376746e24f02f\"},\"description\":\"Der Name Berger ist seit Jahrzehnten ein Begriff in der internationalen Transportbranche. Ans\u00e4ssig im \u00f6sterreichischen W\u00f6rgl begann vor 61 Jahren eine Erfolgsgeschichte. Johann Berger gr\u00fcndete ein Transportunternehmen und erkannte fr\u00fch die Vorteile von Sattelaufliegern mit optimiertem Gewicht.\",\"breadcrumb\":{\"@id\":\"https:\\\/\\\/www.krafthand.de\\\/truck\\\/artikel\\\/berger-baut-in-radfeld-gewichtsoptimierte-sattelauflieger-31533\\\/#breadcrumb\"},\"inLanguage\":\"de\",\"potentialAction\":[{\"@type\":\"ReadAction\",\"target\":[\"https:\\\/\\\/www.krafthand.de\\\/truck\\\/artikel\\\/berger-baut-in-radfeld-gewichtsoptimierte-sattelauflieger-31533\\\/\"]}]},{\"@type\":\"ImageObject\",\"inLanguage\":\"de\",\"@id\":\"https:\\\/\\\/www.krafthand.de\\\/truck\\\/artikel\\\/berger-baut-in-radfeld-gewichtsoptimierte-sattelauflieger-31533\\\/#primaryimage\",\"url\":\"https:\\\/\\\/static.krafthand-truck.de\\\/uploads\\\/2022\\\/03\\\/Berger_Ecotrail_Krafthand_Truck_Aufmacher-1.jpg\",\"contentUrl\":\"https:\\\/\\\/static.krafthand-truck.de\\\/uploads\\\/2022\\\/03\\\/Berger_Ecotrail_Krafthand_Truck_Aufmacher-1.jpg\",\"width\":1200,\"height\":705},{\"@type\":\"BreadcrumbList\",\"@id\":\"https:\\\/\\\/www.krafthand.de\\\/truck\\\/artikel\\\/berger-baut-in-radfeld-gewichtsoptimierte-sattelauflieger-31533\\\/#breadcrumb\",\"itemListElement\":[{\"@type\":\"ListItem\",\"position\":1,\"name\":\"Krafthand-Truck\",\"item\":\"https:\\\/\\\/www.krafthand.de\\\/truck\\\/\"},{\"@type\":\"ListItem\",\"position\":2,\"name\":\"Nfz-Branche\",\"item\":\"https:\\\/\\\/www.krafthand.de\\\/truck\\\/kategorie\\\/branche\\\/\"},{\"@type\":\"ListItem\",\"position\":3,\"name\":\"Unternehmen\",\"item\":\"https:\\\/\\\/www.krafthand.de\\\/truck\\\/kategorie\\\/branche\\\/unternehmen\\\/\"},{\"@type\":\"ListItem\",\"position\":4,\"name\":\"Berger baut in Radfeld gewichtsoptimierte Sattelauflieger\"}]},{\"@type\":\"WebSite\",\"@id\":\"https:\\\/\\\/www.krafthand.de\\\/truck\\\/#website\",\"url\":\"https:\\\/\\\/www.krafthand.de\\\/truck\\\/\",\"name\":\"Krafthand-Truck\",\"description\":\"\",\"potentialAction\":[{\"@type\":\"SearchAction\",\"target\":{\"@type\":\"EntryPoint\",\"urlTemplate\":\"https:\\\/\\\/www.krafthand.de\\\/truck\\\/?s={search_term_string}\"},\"query-input\":{\"@type\":\"PropertyValueSpecification\",\"valueRequired\":true,\"valueName\":\"search_term_string\"}}],\"inLanguage\":\"de\"},{\"@type\":\"Person\",\"@id\":\"https:\\\/\\\/www.krafthand.de\\\/truck\\\/#\\\/schema\\\/person\\\/5e47d727209575a4b89376746e24f02f\",\"name\":\"Redaktion Truck\",\"image\":{\"@type\":\"ImageObject\",\"inLanguage\":\"de\",\"@id\":\"https:\\\/\\\/secure.gravatar.com\\\/avatar\\\/64cedf5d293ad6eb6600c19e949d032ff0090f240174891ab1517d73ead05c87?s=96&d=mm&r=g\",\"url\":\"https:\\\/\\\/secure.gravatar.com\\\/avatar\\\/64cedf5d293ad6eb6600c19e949d032ff0090f240174891ab1517d73ead05c87?s=96&d=mm&r=g\",\"contentUrl\":\"https:\\\/\\\/secure.gravatar.com\\\/avatar\\\/64cedf5d293ad6eb6600c19e949d032ff0090f240174891ab1517d73ead05c87?s=96&d=mm&r=g\",\"caption\":\"Redaktion Truck\"}}]}<\/script>\n<!-- \/ Yoast SEO plugin. -->","yoast_head_json":{"title":"Berger-Ecotrail I Gewichtsoptimierte Sattelauflieger I Krafthand-Truck","description":"Der Name Berger ist seit Jahrzehnten ein Begriff in der internationalen Transportbranche. Ans\u00e4ssig im \u00f6sterreichischen W\u00f6rgl begann vor 61 Jahren eine Erfolgsgeschichte. Johann Berger gr\u00fcndete ein Transportunternehmen und erkannte fr\u00fch die Vorteile von Sattelaufliegern mit optimiertem Gewicht.","robots":{"index":"index","follow":"follow","max-snippet":"max-snippet:-1","max-image-preview":"max-image-preview:large","max-video-preview":"max-video-preview:-1"},"canonical":"https:\/\/www.krafthand.de\/truck\/artikel\/berger-baut-in-radfeld-gewichtsoptimierte-sattelauflieger-31533\/","og_locale":"de_DE","og_type":"article","og_title":"Berger-Ecotrail I Gewichtsoptimierte Sattelauflieger I Krafthand-Truck","og_description":"Der Name Berger ist seit Jahrzehnten ein Begriff in der internationalen Transportbranche. Ans\u00e4ssig im \u00f6sterreichischen W\u00f6rgl begann vor 61 Jahren eine Erfolgsgeschichte. Johann Berger gr\u00fcndete ein Transportunternehmen und erkannte fr\u00fch die Vorteile von Sattelaufliegern mit optimiertem Gewicht.","og_url":"https:\/\/www.krafthand-truck.de\/artikel\/berger-baut-in-radfeld-gewichtsoptimierte-sattelauflieger-31533\/","og_site_name":"Krafthand-Truck","article_published_time":"2022-03-17T09:46:23+00:00","article_modified_time":"2022-03-19T08:41:37+00:00","og_image":[{"width":1200,"height":705,"url":"https:\/\/static.krafthand-truck.de\/uploads\/2022\/03\/Berger_Ecotrail_Krafthand_Truck_Aufmacher-1.jpg","type":"image\/jpeg"}],"author":"Redaktion Truck","twitter_card":"summary_large_image","twitter_misc":{"Verfasst von":"Redaktion Truck","Gesch\u00e4tzte Lesezeit":"8\u00a0Minuten"},"schema":{"@context":"https:\/\/schema.org","@graph":[{"@type":"Article","@id":"https:\/\/www.krafthand.de\/truck\/artikel\/berger-baut-in-radfeld-gewichtsoptimierte-sattelauflieger-31533\/#article","isPartOf":{"@id":"https:\/\/www.krafthand.de\/truck\/artikel\/berger-baut-in-radfeld-gewichtsoptimierte-sattelauflieger-31533\/"},"author":{"name":"Redaktion Truck","@id":"https:\/\/www.krafthand.de\/truck\/#\/schema\/person\/5e47d727209575a4b89376746e24f02f"},"headline":"Berger baut in Radfeld gewichtsoptimierte Sattelauflieger","datePublished":"2022-03-17T09:46:23+00:00","dateModified":"2022-03-19T08:41:37+00:00","mainEntityOfPage":{"@id":"https:\/\/www.krafthand.de\/truck\/artikel\/berger-baut-in-radfeld-gewichtsoptimierte-sattelauflieger-31533\/"},"wordCount":1276,"image":{"@id":"https:\/\/www.krafthand.de\/truck\/artikel\/berger-baut-in-radfeld-gewichtsoptimierte-sattelauflieger-31533\/#primaryimage"},"thumbnailUrl":"https:\/\/static.krafthand-truck.de\/uploads\/2022\/03\/Berger_Ecotrail_Krafthand_Truck_Aufmacher-1.jpg","keywords":["Berger","Berger-Ecotrail","Gerhard Berger","Johann Berger","Sattelauflieger","Sebastian Hunfeld","Tobias Marian","Trailer"],"articleSection":["Trailer\/Aufbauten","Unternehmen"],"inLanguage":"de"},{"@type":"WebPage","@id":"https:\/\/www.krafthand.de\/truck\/artikel\/berger-baut-in-radfeld-gewichtsoptimierte-sattelauflieger-31533\/","url":"https:\/\/www.krafthand.de\/truck\/artikel\/berger-baut-in-radfeld-gewichtsoptimierte-sattelauflieger-31533\/","name":"Berger-Ecotrail I Gewichtsoptimierte Sattelauflieger I Krafthand-Truck","isPartOf":{"@id":"https:\/\/www.krafthand.de\/truck\/#website"},"primaryImageOfPage":{"@id":"https:\/\/www.krafthand.de\/truck\/artikel\/berger-baut-in-radfeld-gewichtsoptimierte-sattelauflieger-31533\/#primaryimage"},"image":{"@id":"https:\/\/www.krafthand.de\/truck\/artikel\/berger-baut-in-radfeld-gewichtsoptimierte-sattelauflieger-31533\/#primaryimage"},"thumbnailUrl":"https:\/\/static.krafthand-truck.de\/uploads\/2022\/03\/Berger_Ecotrail_Krafthand_Truck_Aufmacher-1.jpg","datePublished":"2022-03-17T09:46:23+00:00","dateModified":"2022-03-19T08:41:37+00:00","author":{"@id":"https:\/\/www.krafthand.de\/truck\/#\/schema\/person\/5e47d727209575a4b89376746e24f02f"},"description":"Der Name Berger ist seit Jahrzehnten ein Begriff in der internationalen Transportbranche. Ans\u00e4ssig im \u00f6sterreichischen W\u00f6rgl begann vor 61 Jahren eine Erfolgsgeschichte. Johann Berger gr\u00fcndete ein Transportunternehmen und erkannte fr\u00fch die Vorteile von Sattelaufliegern mit optimiertem Gewicht.","breadcrumb":{"@id":"https:\/\/www.krafthand.de\/truck\/artikel\/berger-baut-in-radfeld-gewichtsoptimierte-sattelauflieger-31533\/#breadcrumb"},"inLanguage":"de","potentialAction":[{"@type":"ReadAction","target":["https:\/\/www.krafthand.de\/truck\/artikel\/berger-baut-in-radfeld-gewichtsoptimierte-sattelauflieger-31533\/"]}]},{"@type":"ImageObject","inLanguage":"de","@id":"https:\/\/www.krafthand.de\/truck\/artikel\/berger-baut-in-radfeld-gewichtsoptimierte-sattelauflieger-31533\/#primaryimage","url":"https:\/\/static.krafthand-truck.de\/uploads\/2022\/03\/Berger_Ecotrail_Krafthand_Truck_Aufmacher-1.jpg","contentUrl":"https:\/\/static.krafthand-truck.de\/uploads\/2022\/03\/Berger_Ecotrail_Krafthand_Truck_Aufmacher-1.jpg","width":1200,"height":705},{"@type":"BreadcrumbList","@id":"https:\/\/www.krafthand.de\/truck\/artikel\/berger-baut-in-radfeld-gewichtsoptimierte-sattelauflieger-31533\/#breadcrumb","itemListElement":[{"@type":"ListItem","position":1,"name":"Krafthand-Truck","item":"https:\/\/www.krafthand.de\/truck\/"},{"@type":"ListItem","position":2,"name":"Nfz-Branche","item":"https:\/\/www.krafthand.de\/truck\/kategorie\/branche\/"},{"@type":"ListItem","position":3,"name":"Unternehmen","item":"https:\/\/www.krafthand.de\/truck\/kategorie\/branche\/unternehmen\/"},{"@type":"ListItem","position":4,"name":"Berger baut in Radfeld gewichtsoptimierte Sattelauflieger"}]},{"@type":"WebSite","@id":"https:\/\/www.krafthand.de\/truck\/#website","url":"https:\/\/www.krafthand.de\/truck\/","name":"Krafthand-Truck","description":"","potentialAction":[{"@type":"SearchAction","target":{"@type":"EntryPoint","urlTemplate":"https:\/\/www.krafthand.de\/truck\/?s={search_term_string}"},"query-input":{"@type":"PropertyValueSpecification","valueRequired":true,"valueName":"search_term_string"}}],"inLanguage":"de"},{"@type":"Person","@id":"https:\/\/www.krafthand.de\/truck\/#\/schema\/person\/5e47d727209575a4b89376746e24f02f","name":"Redaktion Truck","image":{"@type":"ImageObject","inLanguage":"de","@id":"https:\/\/secure.gravatar.com\/avatar\/64cedf5d293ad6eb6600c19e949d032ff0090f240174891ab1517d73ead05c87?s=96&d=mm&r=g","url":"https:\/\/secure.gravatar.com\/avatar\/64cedf5d293ad6eb6600c19e949d032ff0090f240174891ab1517d73ead05c87?s=96&d=mm&r=g","contentUrl":"https:\/\/secure.gravatar.com\/avatar\/64cedf5d293ad6eb6600c19e949d032ff0090f240174891ab1517d73ead05c87?s=96&d=mm&r=g","caption":"Redaktion Truck"}}]}},"_links":{"self":[{"href":"https:\/\/www.krafthand.de\/truck\/wp-json\/wp\/v2\/posts\/31533","targetHints":{"allow":["GET"]}}],"collection":[{"href":"https:\/\/www.krafthand.de\/truck\/wp-json\/wp\/v2\/posts"}],"about":[{"href":"https:\/\/www.krafthand.de\/truck\/wp-json\/wp\/v2\/types\/post"}],"author":[{"embeddable":true,"href":"https:\/\/www.krafthand.de\/truck\/wp-json\/wp\/v2\/users\/11"}],"replies":[{"embeddable":true,"href":"https:\/\/www.krafthand.de\/truck\/wp-json\/wp\/v2\/comments?post=31533"}],"version-history":[{"count":17,"href":"https:\/\/www.krafthand.de\/truck\/wp-json\/wp\/v2\/posts\/31533\/revisions"}],"predecessor-version":[{"id":31720,"href":"https:\/\/www.krafthand.de\/truck\/wp-json\/wp\/v2\/posts\/31533\/revisions\/31720"}],"wp:featuredmedia":[{"embeddable":true,"href":"https:\/\/www.krafthand.de\/truck\/wp-json\/wp\/v2\/media\/31620"}],"wp:attachment":[{"href":"https:\/\/www.krafthand.de\/truck\/wp-json\/wp\/v2\/media?parent=31533"}],"wp:term":[{"taxonomy":"category","embeddable":true,"href":"https:\/\/www.krafthand.de\/truck\/wp-json\/wp\/v2\/categories?post=31533"},{"taxonomy":"post_tag","embeddable":true,"href":"https:\/\/www.krafthand.de\/truck\/wp-json\/wp\/v2\/tags?post=31533"},{"taxonomy":"settings","embeddable":true,"href":"https:\/\/www.krafthand.de\/truck\/wp-json\/wp\/v2\/settings?post=31533"}],"curies":[{"name":"wp","href":"https:\/\/api.w.org\/{rel}","templated":true}]}}