{"id":3146,"date":"2017-08-08T06:09:00","date_gmt":"2017-08-08T04:09:00","guid":{"rendered":"https:\/\/www.krafthand.de\/truck\/artikel\/texa-mehrmarkentaugliche-loesung-mit-dem-ergaenzungskit-adas-truck-3146\/"},"modified":"2017-08-08T06:09:00","modified_gmt":"2017-08-08T04:09:00","slug":"texa-mehrmarkentaugliche-loesung-mit-dem-ergaenzungskit-adas-truck","status":"publish","type":"post","link":"https:\/\/www.krafthand.de\/truck\/artikel\/texa-mehrmarkentaugliche-loesung-mit-dem-ergaenzungskit-adas-truck-3146\/","title":{"rendered":"Texa: Mehrmarkentaugliche L\u00f6sung mit dem Erg\u00e4nzungskit &#8218;ADAS Truck&#8216;"},"content":{"rendered":"<p class=\"text-colored\">Die Radarsensoren und Frontkamerasysteme von Fahrerassistenzsystemen (FAS) wie ACC (Abstandsregeltempomat &#8218;Adaptive Cruise Control&#8216;) oder LDW (Spurhalteassistent &#8218;Lane Departure Warning&#8216;) m\u00fcssen nach der Instandsetzung von Unfallsch\u00e4den, gr\u00f6\u00dferen Fahrwerksreparaturen und einigen anderen Reparaturma\u00dfnahmen wie etwa dem Austausch der Windschutzscheibe bei vielen Nutzfahrzeugmodellen \u00fcberpr\u00fcft und gegebenenfalls neu justiert beziehungsweise kalibriert werden. Neben einem optischen Einstellsystem ist hierf\u00fcr vielfach auch ein Diagnosesystem erforderlich, um im Steuerger\u00e4t des betreffenden FAS die Grundeinstellung vorzunehmen.<\/p>\n<p>Damit auch freie und Mehrmarken- Werkst\u00e4tten die erforderlichen Arbeiten komplett und wie von den jeweiligen Fahrzeugherstellern verlangt erledigen zu k\u00f6nnen, haben sich der nieders\u00e4chsische Achsmessspezialist Haweka und der italienische Diagnosespezialist Texa zusammengetan und eine mehrmarkentaugliche L\u00f6sung entwickelt. Unter der Bezeichnung &#8218;ADAS Truck&#8216; hat Texa ein spezielles Erg\u00e4nzungskit zusammengestellt, das aus einer optischen Einstelleinrichtung (Messtraverse mit Lasereinrichtung) sowie reflektierenden markenspezifischen Kalibriertafeln besteht.<\/p>\n<p>Zusammen mit dem von Haweka angebotenen Laser-Vermesssystem &#8218;Axis500&#8216; lassen sich dann mithilfe der Texa-Diagnosesoftware IDC5 die Radarsensoren der Systeme von Wabco, TRW und TRW\/Knorr justieren sowie Frontkameras kalibrieren. Die Software IDC5 enth\u00e4lt modellabh\u00e4ngige technische Anleitungen und Diagnosehilfen mit den jeweils anzuwendenden Prozeduren, um den Kalibriervorgang des betreffenden FAS zusammen mit der optischen Einstelleinrichtung und den spezifischen Kalibriertafeln vollst\u00e4ndig abzuschlie\u00dfen.<\/p>\n<p>Dar\u00fcber hinaus lassen sich mit der Software von Texa auch selbstlernende Systeme auf einer Probefahrt dynamisch kalibrieren. Hierzu wird der Vorgang durch spezielle Reset-Anweisungen an die Steuerger\u00e4te LDW und ACC gestartet und w\u00e4hrend der Fahrt der Fortschritt dieser dynamischen Kalibrierung \u00fcberwacht.<\/p>\n","protected":false},"excerpt":{"rendered":"<p>Die Radarsensoren und Frontkamerasysteme von Fahrerassistenzsystemen (FAS) wie ACC (Abstandsregeltempomat &#8218;Adaptive Cruise Control&#8216;) oder LDW (Spurhalteassistent &#8218;Lane Departure Warning&#8216;) m\u00fcssen nach der Instandsetzung von Unfallsch\u00e4den, gr\u00f6\u00dferen Fahrwerksreparaturen und einigen anderen Reparaturma\u00dfnahmen wie etwa dem Austausch der Windschutzscheibe bei vielen Nutzfahrzeugmodellen \u00fcberpr\u00fcft und gegebenenfalls neu justiert beziehungsweise kalibriert werden. Neben einem optischen Einstellsystem ist hierf\u00fcr vielfach auch ein Diagnosesystem erforderlich, um im Steuerger\u00e4t des betreffenden FAS die Grundeinstellung vorzunehmen. <span class=\"excerpt-more__dots\">&#8230;<\/span> <a class=\"excerpt-more__link\" href=\"https:\/\/www.krafthand.de\/truck\/artikel\/texa-mehrmarkentaugliche-loesung-mit-dem-ergaenzungskit-adas-truck-3146\/\" >weiter<\/a><\/p>\n","protected":false},"author":3,"featured_media":3147,"comment_status":"closed","ping_status":"closed","sticky":false,"template":"","format":"standard","meta":{"footnotes":""},"categories":[5],"tags":[1831,1635,3182,885,590,3179,3178,3181,3183,3180,2747,1593],"settings":[],"class_list":["post-3146","post","type-post","status-publish","format-standard","has-post-thumbnail","hentry","category-branche","tag-acc","tag-achse","tag-adas-truck","tag-fahrerassistenzsysteme","tag-fahrwerk","tag-fas","tag-frontkamerasysteme","tag-kalibriertafel","tag-laser-achsystem","tag-ldw","tag-radarsensoren","tag-texa"],"yoast_head":"<!-- This site is optimized with the Yoast SEO plugin v27.3 - https:\/\/yoast.com\/product\/yoast-seo-wordpress\/ -->\n<title>Texa: Mehrmarkentaugliche L\u00f6sung mit dem Erg\u00e4nzungskit &#039;ADAS Truck&#039; - Krafthand-Truck<\/title>\n<meta name=\"robots\" content=\"index, follow, max-snippet:-1, max-image-preview:large, max-video-preview:-1\" \/>\n<link rel=\"canonical\" href=\"https:\/\/www.krafthand.de\/truck\/artikel\/texa-mehrmarkentaugliche-loesung-mit-dem-ergaenzungskit-adas-truck-3146\/\" \/>\n<meta property=\"og:locale\" content=\"de_DE\" \/>\n<meta property=\"og:type\" content=\"article\" \/>\n<meta property=\"og:title\" content=\"Texa: Mehrmarkentaugliche L\u00f6sung mit dem Erg\u00e4nzungskit &#039;ADAS Truck&#039; - Krafthand-Truck\" \/>\n<meta property=\"og:description\" content=\"Die Radarsensoren und Frontkamerasysteme von Fahrerassistenzsystemen (FAS) wie ACC (Abstandsregeltempomat &#039;Adaptive Cruise Control&#039;) oder LDW (Spurhalteassistent &#039;Lane Departure Warning&#039;) m\u00fcssen nach der Instandsetzung von Unfallsch\u00e4den, gr\u00f6\u00dferen Fahrwerksreparaturen und einigen anderen Reparaturma\u00dfnahmen wie etwa dem Austausch der Windschutzscheibe bei vielen Nutzfahrzeugmodellen \u00fcberpr\u00fcft und gegebenenfalls neu justiert beziehungsweise kalibriert werden. Neben einem optischen Einstellsystem ist hierf\u00fcr vielfach auch ein Diagnosesystem erforderlich, um im Steuerger\u00e4t des betreffenden FAS die Grundeinstellung vorzunehmen. ... weiter\" \/>\n<meta property=\"og:url\" content=\"https:\/\/www.krafthand-truck.de\/artikel\/texa-mehrmarkentaugliche-loesung-mit-dem-ergaenzungskit-adas-truck-3146\/\" \/>\n<meta property=\"og:site_name\" content=\"Krafthand-Truck\" \/>\n<meta property=\"article:published_time\" content=\"2017-08-08T04:09:00+00:00\" \/>\n<meta property=\"og:image\" content=\"https:\/\/www.krafthand.de\/truck\/wp-content\/uploads\/2017\/08\/kht0217_020_gross.jpg\" \/>\n\t<meta property=\"og:image:width\" content=\"1200\" \/>\n\t<meta property=\"og:image:height\" content=\"851\" \/>\n\t<meta property=\"og:image:type\" content=\"image\/jpeg\" \/>\n<meta name=\"author\" content=\"katja.heid@krafthand.de\" \/>\n<meta name=\"twitter:card\" content=\"summary_large_image\" \/>\n<meta name=\"twitter:label1\" content=\"Verfasst von\" \/>\n\t<meta name=\"twitter:data1\" content=\"katja.heid@krafthand.de\" \/>\n\t<meta name=\"twitter:label2\" content=\"Gesch\u00e4tzte Lesezeit\" \/>\n\t<meta name=\"twitter:data2\" content=\"1\u00a0Minute\" \/>\n<script type=\"application\/ld+json\" class=\"yoast-schema-graph\">{\"@context\":\"https:\\\/\\\/schema.org\",\"@graph\":[{\"@type\":\"Article\",\"@id\":\"https:\\\/\\\/www.krafthand.de\\\/truck\\\/artikel\\\/texa-mehrmarkentaugliche-loesung-mit-dem-ergaenzungskit-adas-truck-3146\\\/#article\",\"isPartOf\":{\"@id\":\"https:\\\/\\\/www.krafthand.de\\\/truck\\\/artikel\\\/texa-mehrmarkentaugliche-loesung-mit-dem-ergaenzungskit-adas-truck-3146\\\/\"},\"author\":{\"name\":\"katja.heid@krafthand.de\",\"@id\":\"https:\\\/\\\/www.krafthand.de\\\/truck\\\/#\\\/schema\\\/person\\\/8e290c6d425b72d176adc7767a251001\"},\"headline\":\"Texa: Mehrmarkentaugliche L\u00f6sung mit dem Erg\u00e4nzungskit &#8218;ADAS Truck&#8216;\",\"datePublished\":\"2017-08-08T04:09:00+00:00\",\"mainEntityOfPage\":{\"@id\":\"https:\\\/\\\/www.krafthand.de\\\/truck\\\/artikel\\\/texa-mehrmarkentaugliche-loesung-mit-dem-ergaenzungskit-adas-truck-3146\\\/\"},\"wordCount\":261,\"image\":{\"@id\":\"https:\\\/\\\/www.krafthand.de\\\/truck\\\/artikel\\\/texa-mehrmarkentaugliche-loesung-mit-dem-ergaenzungskit-adas-truck-3146\\\/#primaryimage\"},\"thumbnailUrl\":\"https:\\\/\\\/static.krafthand-truck.de\\\/uploads\\\/2017\\\/08\\\/kht0217_020_gross.jpg\",\"keywords\":[\"ACC\",\"Achse\",\"ADAS Truck\",\"Fahrerassistenzsysteme\",\"Fahrwerk\",\"FAS\",\"Frontkamerasysteme\",\"Kalibriertafel\",\"Laser-Achsystem\",\"LDW\",\"Radarsensoren\",\"Texa\"],\"articleSection\":[\"Nfz-Branche\"],\"inLanguage\":\"de\"},{\"@type\":\"WebPage\",\"@id\":\"https:\\\/\\\/www.krafthand.de\\\/truck\\\/artikel\\\/texa-mehrmarkentaugliche-loesung-mit-dem-ergaenzungskit-adas-truck-3146\\\/\",\"url\":\"https:\\\/\\\/www.krafthand.de\\\/truck\\\/artikel\\\/texa-mehrmarkentaugliche-loesung-mit-dem-ergaenzungskit-adas-truck-3146\\\/\",\"name\":\"Texa: Mehrmarkentaugliche L\u00f6sung mit dem Erg\u00e4nzungskit 'ADAS Truck' - Krafthand-Truck\",\"isPartOf\":{\"@id\":\"https:\\\/\\\/www.krafthand.de\\\/truck\\\/#website\"},\"primaryImageOfPage\":{\"@id\":\"https:\\\/\\\/www.krafthand.de\\\/truck\\\/artikel\\\/texa-mehrmarkentaugliche-loesung-mit-dem-ergaenzungskit-adas-truck-3146\\\/#primaryimage\"},\"image\":{\"@id\":\"https:\\\/\\\/www.krafthand.de\\\/truck\\\/artikel\\\/texa-mehrmarkentaugliche-loesung-mit-dem-ergaenzungskit-adas-truck-3146\\\/#primaryimage\"},\"thumbnailUrl\":\"https:\\\/\\\/static.krafthand-truck.de\\\/uploads\\\/2017\\\/08\\\/kht0217_020_gross.jpg\",\"datePublished\":\"2017-08-08T04:09:00+00:00\",\"author\":{\"@id\":\"https:\\\/\\\/www.krafthand.de\\\/truck\\\/#\\\/schema\\\/person\\\/8e290c6d425b72d176adc7767a251001\"},\"breadcrumb\":{\"@id\":\"https:\\\/\\\/www.krafthand.de\\\/truck\\\/artikel\\\/texa-mehrmarkentaugliche-loesung-mit-dem-ergaenzungskit-adas-truck-3146\\\/#breadcrumb\"},\"inLanguage\":\"de\",\"potentialAction\":[{\"@type\":\"ReadAction\",\"target\":[\"https:\\\/\\\/www.krafthand.de\\\/truck\\\/artikel\\\/texa-mehrmarkentaugliche-loesung-mit-dem-ergaenzungskit-adas-truck-3146\\\/\"]}]},{\"@type\":\"ImageObject\",\"inLanguage\":\"de\",\"@id\":\"https:\\\/\\\/www.krafthand.de\\\/truck\\\/artikel\\\/texa-mehrmarkentaugliche-loesung-mit-dem-ergaenzungskit-adas-truck-3146\\\/#primaryimage\",\"url\":\"https:\\\/\\\/static.krafthand-truck.de\\\/uploads\\\/2017\\\/08\\\/kht0217_020_gross.jpg\",\"contentUrl\":\"https:\\\/\\\/static.krafthand-truck.de\\\/uploads\\\/2017\\\/08\\\/kht0217_020_gross.jpg\",\"width\":1200,\"height\":851,\"caption\":\"Scharf gestellt: Die fahrzeugspezifischen Kalibriertafeln aus dem Erg\u00e4nzungskit \u201aADAS Truck\u2019 von Texa sind notwendig, um zusammen mit dem Laser-Achsmesssystem \u201aAxis500\u2019 von Haweka die Frontkamera zu kalibrieren. Die IDC5-Software von Texa schlie\u00dft die Prozedur ab (kl. Bild). Bilder: Texa\"},{\"@type\":\"BreadcrumbList\",\"@id\":\"https:\\\/\\\/www.krafthand.de\\\/truck\\\/artikel\\\/texa-mehrmarkentaugliche-loesung-mit-dem-ergaenzungskit-adas-truck-3146\\\/#breadcrumb\",\"itemListElement\":[{\"@type\":\"ListItem\",\"position\":1,\"name\":\"Krafthand-Truck\",\"item\":\"https:\\\/\\\/www.krafthand.de\\\/truck\\\/\"},{\"@type\":\"ListItem\",\"position\":2,\"name\":\"Nfz-Branche\",\"item\":\"https:\\\/\\\/www.krafthand.de\\\/truck\\\/kategorie\\\/branche\\\/\"},{\"@type\":\"ListItem\",\"position\":3,\"name\":\"Texa: Mehrmarkentaugliche L\u00f6sung mit dem Erg\u00e4nzungskit &#8218;ADAS Truck&#8216;\"}]},{\"@type\":\"WebSite\",\"@id\":\"https:\\\/\\\/www.krafthand.de\\\/truck\\\/#website\",\"url\":\"https:\\\/\\\/www.krafthand.de\\\/truck\\\/\",\"name\":\"Krafthand-Truck\",\"description\":\"\",\"potentialAction\":[{\"@type\":\"SearchAction\",\"target\":{\"@type\":\"EntryPoint\",\"urlTemplate\":\"https:\\\/\\\/www.krafthand.de\\\/truck\\\/?s={search_term_string}\"},\"query-input\":{\"@type\":\"PropertyValueSpecification\",\"valueRequired\":true,\"valueName\":\"search_term_string\"}}],\"inLanguage\":\"de\"},{\"@type\":\"Person\",\"@id\":\"https:\\\/\\\/www.krafthand.de\\\/truck\\\/#\\\/schema\\\/person\\\/8e290c6d425b72d176adc7767a251001\",\"name\":\"katja.heid@krafthand.de\",\"image\":{\"@type\":\"ImageObject\",\"inLanguage\":\"de\",\"@id\":\"https:\\\/\\\/secure.gravatar.com\\\/avatar\\\/9a2930c54ede0e0a76c0f8abfb74704de273084f2aa0e3c6deb2c86704c7402b?s=96&d=mm&r=g\",\"url\":\"https:\\\/\\\/secure.gravatar.com\\\/avatar\\\/9a2930c54ede0e0a76c0f8abfb74704de273084f2aa0e3c6deb2c86704c7402b?s=96&d=mm&r=g\",\"contentUrl\":\"https:\\\/\\\/secure.gravatar.com\\\/avatar\\\/9a2930c54ede0e0a76c0f8abfb74704de273084f2aa0e3c6deb2c86704c7402b?s=96&d=mm&r=g\",\"caption\":\"katja.heid@krafthand.de\"}}]}<\/script>\n<!-- \/ Yoast SEO plugin. -->","yoast_head_json":{"title":"Texa: Mehrmarkentaugliche L\u00f6sung mit dem Erg\u00e4nzungskit 'ADAS Truck' - Krafthand-Truck","robots":{"index":"index","follow":"follow","max-snippet":"max-snippet:-1","max-image-preview":"max-image-preview:large","max-video-preview":"max-video-preview:-1"},"canonical":"https:\/\/www.krafthand.de\/truck\/artikel\/texa-mehrmarkentaugliche-loesung-mit-dem-ergaenzungskit-adas-truck-3146\/","og_locale":"de_DE","og_type":"article","og_title":"Texa: Mehrmarkentaugliche L\u00f6sung mit dem Erg\u00e4nzungskit 'ADAS Truck' - Krafthand-Truck","og_description":"Die Radarsensoren und Frontkamerasysteme von Fahrerassistenzsystemen (FAS) wie ACC (Abstandsregeltempomat 'Adaptive Cruise Control') oder LDW (Spurhalteassistent 'Lane Departure Warning') m\u00fcssen nach der Instandsetzung von Unfallsch\u00e4den, gr\u00f6\u00dferen Fahrwerksreparaturen und einigen anderen Reparaturma\u00dfnahmen wie etwa dem Austausch der Windschutzscheibe bei vielen Nutzfahrzeugmodellen \u00fcberpr\u00fcft und gegebenenfalls neu justiert beziehungsweise kalibriert werden. Neben einem optischen Einstellsystem ist hierf\u00fcr vielfach auch ein Diagnosesystem erforderlich, um im Steuerger\u00e4t des betreffenden FAS die Grundeinstellung vorzunehmen. ... weiter","og_url":"https:\/\/www.krafthand-truck.de\/artikel\/texa-mehrmarkentaugliche-loesung-mit-dem-ergaenzungskit-adas-truck-3146\/","og_site_name":"Krafthand-Truck","article_published_time":"2017-08-08T04:09:00+00:00","og_image":[{"width":1200,"height":851,"url":"https:\/\/www.krafthand.de\/truck\/wp-content\/uploads\/2017\/08\/kht0217_020_gross.jpg","type":"image\/jpeg"}],"author":"katja.heid@krafthand.de","twitter_card":"summary_large_image","twitter_misc":{"Verfasst von":"katja.heid@krafthand.de","Gesch\u00e4tzte Lesezeit":"1\u00a0Minute"},"schema":{"@context":"https:\/\/schema.org","@graph":[{"@type":"Article","@id":"https:\/\/www.krafthand.de\/truck\/artikel\/texa-mehrmarkentaugliche-loesung-mit-dem-ergaenzungskit-adas-truck-3146\/#article","isPartOf":{"@id":"https:\/\/www.krafthand.de\/truck\/artikel\/texa-mehrmarkentaugliche-loesung-mit-dem-ergaenzungskit-adas-truck-3146\/"},"author":{"name":"katja.heid@krafthand.de","@id":"https:\/\/www.krafthand.de\/truck\/#\/schema\/person\/8e290c6d425b72d176adc7767a251001"},"headline":"Texa: Mehrmarkentaugliche L\u00f6sung mit dem Erg\u00e4nzungskit &#8218;ADAS Truck&#8216;","datePublished":"2017-08-08T04:09:00+00:00","mainEntityOfPage":{"@id":"https:\/\/www.krafthand.de\/truck\/artikel\/texa-mehrmarkentaugliche-loesung-mit-dem-ergaenzungskit-adas-truck-3146\/"},"wordCount":261,"image":{"@id":"https:\/\/www.krafthand.de\/truck\/artikel\/texa-mehrmarkentaugliche-loesung-mit-dem-ergaenzungskit-adas-truck-3146\/#primaryimage"},"thumbnailUrl":"https:\/\/static.krafthand-truck.de\/uploads\/2017\/08\/kht0217_020_gross.jpg","keywords":["ACC","Achse","ADAS Truck","Fahrerassistenzsysteme","Fahrwerk","FAS","Frontkamerasysteme","Kalibriertafel","Laser-Achsystem","LDW","Radarsensoren","Texa"],"articleSection":["Nfz-Branche"],"inLanguage":"de"},{"@type":"WebPage","@id":"https:\/\/www.krafthand.de\/truck\/artikel\/texa-mehrmarkentaugliche-loesung-mit-dem-ergaenzungskit-adas-truck-3146\/","url":"https:\/\/www.krafthand.de\/truck\/artikel\/texa-mehrmarkentaugliche-loesung-mit-dem-ergaenzungskit-adas-truck-3146\/","name":"Texa: Mehrmarkentaugliche L\u00f6sung mit dem Erg\u00e4nzungskit 'ADAS Truck' - Krafthand-Truck","isPartOf":{"@id":"https:\/\/www.krafthand.de\/truck\/#website"},"primaryImageOfPage":{"@id":"https:\/\/www.krafthand.de\/truck\/artikel\/texa-mehrmarkentaugliche-loesung-mit-dem-ergaenzungskit-adas-truck-3146\/#primaryimage"},"image":{"@id":"https:\/\/www.krafthand.de\/truck\/artikel\/texa-mehrmarkentaugliche-loesung-mit-dem-ergaenzungskit-adas-truck-3146\/#primaryimage"},"thumbnailUrl":"https:\/\/static.krafthand-truck.de\/uploads\/2017\/08\/kht0217_020_gross.jpg","datePublished":"2017-08-08T04:09:00+00:00","author":{"@id":"https:\/\/www.krafthand.de\/truck\/#\/schema\/person\/8e290c6d425b72d176adc7767a251001"},"breadcrumb":{"@id":"https:\/\/www.krafthand.de\/truck\/artikel\/texa-mehrmarkentaugliche-loesung-mit-dem-ergaenzungskit-adas-truck-3146\/#breadcrumb"},"inLanguage":"de","potentialAction":[{"@type":"ReadAction","target":["https:\/\/www.krafthand.de\/truck\/artikel\/texa-mehrmarkentaugliche-loesung-mit-dem-ergaenzungskit-adas-truck-3146\/"]}]},{"@type":"ImageObject","inLanguage":"de","@id":"https:\/\/www.krafthand.de\/truck\/artikel\/texa-mehrmarkentaugliche-loesung-mit-dem-ergaenzungskit-adas-truck-3146\/#primaryimage","url":"https:\/\/static.krafthand-truck.de\/uploads\/2017\/08\/kht0217_020_gross.jpg","contentUrl":"https:\/\/static.krafthand-truck.de\/uploads\/2017\/08\/kht0217_020_gross.jpg","width":1200,"height":851,"caption":"Scharf gestellt: Die fahrzeugspezifischen Kalibriertafeln aus dem Erg\u00e4nzungskit \u201aADAS Truck\u2019 von Texa sind notwendig, um zusammen mit dem Laser-Achsmesssystem \u201aAxis500\u2019 von Haweka die Frontkamera zu kalibrieren. Die IDC5-Software von Texa schlie\u00dft die Prozedur ab (kl. Bild). Bilder: Texa"},{"@type":"BreadcrumbList","@id":"https:\/\/www.krafthand.de\/truck\/artikel\/texa-mehrmarkentaugliche-loesung-mit-dem-ergaenzungskit-adas-truck-3146\/#breadcrumb","itemListElement":[{"@type":"ListItem","position":1,"name":"Krafthand-Truck","item":"https:\/\/www.krafthand.de\/truck\/"},{"@type":"ListItem","position":2,"name":"Nfz-Branche","item":"https:\/\/www.krafthand.de\/truck\/kategorie\/branche\/"},{"@type":"ListItem","position":3,"name":"Texa: Mehrmarkentaugliche L\u00f6sung mit dem Erg\u00e4nzungskit &#8218;ADAS Truck&#8216;"}]},{"@type":"WebSite","@id":"https:\/\/www.krafthand.de\/truck\/#website","url":"https:\/\/www.krafthand.de\/truck\/","name":"Krafthand-Truck","description":"","potentialAction":[{"@type":"SearchAction","target":{"@type":"EntryPoint","urlTemplate":"https:\/\/www.krafthand.de\/truck\/?s={search_term_string}"},"query-input":{"@type":"PropertyValueSpecification","valueRequired":true,"valueName":"search_term_string"}}],"inLanguage":"de"},{"@type":"Person","@id":"https:\/\/www.krafthand.de\/truck\/#\/schema\/person\/8e290c6d425b72d176adc7767a251001","name":"katja.heid@krafthand.de","image":{"@type":"ImageObject","inLanguage":"de","@id":"https:\/\/secure.gravatar.com\/avatar\/9a2930c54ede0e0a76c0f8abfb74704de273084f2aa0e3c6deb2c86704c7402b?s=96&d=mm&r=g","url":"https:\/\/secure.gravatar.com\/avatar\/9a2930c54ede0e0a76c0f8abfb74704de273084f2aa0e3c6deb2c86704c7402b?s=96&d=mm&r=g","contentUrl":"https:\/\/secure.gravatar.com\/avatar\/9a2930c54ede0e0a76c0f8abfb74704de273084f2aa0e3c6deb2c86704c7402b?s=96&d=mm&r=g","caption":"katja.heid@krafthand.de"}}]}},"_links":{"self":[{"href":"https:\/\/www.krafthand.de\/truck\/wp-json\/wp\/v2\/posts\/3146","targetHints":{"allow":["GET"]}}],"collection":[{"href":"https:\/\/www.krafthand.de\/truck\/wp-json\/wp\/v2\/posts"}],"about":[{"href":"https:\/\/www.krafthand.de\/truck\/wp-json\/wp\/v2\/types\/post"}],"author":[{"embeddable":true,"href":"https:\/\/www.krafthand.de\/truck\/wp-json\/wp\/v2\/users\/3"}],"replies":[{"embeddable":true,"href":"https:\/\/www.krafthand.de\/truck\/wp-json\/wp\/v2\/comments?post=3146"}],"version-history":[{"count":0,"href":"https:\/\/www.krafthand.de\/truck\/wp-json\/wp\/v2\/posts\/3146\/revisions"}],"wp:featuredmedia":[{"embeddable":true,"href":"https:\/\/www.krafthand.de\/truck\/wp-json\/wp\/v2\/media\/3147"}],"wp:attachment":[{"href":"https:\/\/www.krafthand.de\/truck\/wp-json\/wp\/v2\/media?parent=3146"}],"wp:term":[{"taxonomy":"category","embeddable":true,"href":"https:\/\/www.krafthand.de\/truck\/wp-json\/wp\/v2\/categories?post=3146"},{"taxonomy":"post_tag","embeddable":true,"href":"https:\/\/www.krafthand.de\/truck\/wp-json\/wp\/v2\/tags?post=3146"},{"taxonomy":"settings","embeddable":true,"href":"https:\/\/www.krafthand.de\/truck\/wp-json\/wp\/v2\/settings?post=3146"}],"curies":[{"name":"wp","href":"https:\/\/api.w.org\/{rel}","templated":true}]}}