{"id":3140,"date":"2017-08-02T09:14:11","date_gmt":"2017-08-02T07:14:11","guid":{"rendered":"https:\/\/www.krafthand.de\/truck\/artikel\/lng-iveco-partner-aus-aalen-faehrt-alternativ-3140\/"},"modified":"2022-02-15T09:13:07","modified_gmt":"2022-02-15T08:13:07","slug":"lng-iveco-partner-aus-aalen-faehrt-alternativ","status":"publish","type":"post","link":"https:\/\/www.krafthand.de\/truck\/artikel\/lng-iveco-partner-aus-aalen-faehrt-alternativ-3140\/","title":{"rendered":"LNG: Iveco-Partner aus Aalen f\u00e4hrt alternativ"},"content":{"rendered":"<p class=\"text-colored\">Der Aalener Iveco-Partner Wellkawee Service-Center GmbH \u00fcbernimmt das erste Vorf\u00fchrfahrzeug mit dem alternativen Antrieb LNG (Fl\u00fcssigerdgas) in Deutschland. Ein befreundeter K\u00fcnstler des Inhabers hat sich f\u00fcr die Gestaltung ein besonderes Design einfallen lassen: der Truck hat gr\u00fcne Adern.<\/p>\n<p>Martin Popp und sein ebenfalls bei Wellkawee arbeitender Neffe Fabian Paul sind fest davon \u00fcberzeugt, dass ihr Betrieb in zehn Jahren v\u00f6llig anders aussehen wird als heute. Bei der Schl\u00fcssel\u00fcbergabe durch Sascha Kaehne, Vorstand Iveco Magirus AG, sagte Martin Popp: \u201eNeben Bestandsfahrzeugen mit Dieselmotoren werden die neuen Fahrzeuge mehrheitlich mit alternativen Antrieben auf dem Programm stehen. Was sich auf lange Zeit durchsetzen wird, vermag man heute noch nicht eindeutig zu sagen.&#8220;<br \/>\n<b>Z\u00fcgig \u00fcber lange Strecken<br \/>\n<\/b>In einem sind sich Popp wie auch Iveco sicher: im schweren Fernverkehr wird es noch lange die Technologie des tiefgek\u00fchlten, verfl\u00fcssigten Erdgases sein, die einen LKW z\u00fcgig \u00fcber lange Strecken zu bringen vermag. CO2 sei die Stellschraube von morgen. Eine Decarbonisierung ist mit Erdgas aus regenerativen Quellen ebenso m\u00f6glich wie in der E-Mobilit\u00e4t mit erneuerbarem Strom.<br \/>\n<b>Windgas und Biogas<br \/>\n<\/b>Power to gas (Windgas), waste to gas (Biogas aus Abf\u00e4llen) sind bekannte Technologien, die noch Potenzial in der Industrialisierung haben. Zudem erm\u00f6glicht das energiereiche und klopffeste Methan einen effizienten Verbrennungsprozess und somit einen systembedingt niedrigen Verbrauch und damit CO2-Aussto\u00df. K\u00fcnftige Mautsysteme oder Einfahrregelungen in St\u00e4dte werden sich am CO2 orientieren. Zudem ist die Ger\u00e4uschentwicklung wegen des Entfalls der dieseltypischen Druckspitzen ebenfalls deutlich niedriger.<br \/>\nMartin Popp ist von der Technologie derart \u00fcberzeugt, dass er sich vorstellen kann, auf<br \/>\nseinem Betriebsgel\u00e4nde eine eigene Tankanlage zu installieren. Grund f\u00fcr seinen<br \/>\nEnthusiasmus sind Kundentests mit einem Stralis NP (natural power) des<br \/>\nIveco Demopools, nach denen die Resonanz positiv war.<\/p>\n","protected":false},"excerpt":{"rendered":"<p>Der Aalener Iveco-Partner Wellkawee Service-Center GmbH \u00fcbernimmt das erste Vorf\u00fchrfahrzeug mit dem alternativen Antrieb LNG (Fl\u00fcssigerdgas) in Deutschland. Ein befreundeter K\u00fcnstler des Inhabers hat sich f\u00fcr die Gestaltung ein besonderes Design einfallen lassen: der Truck hat gr\u00fcne Adern. <span class=\"excerpt-more__dots\">&#8230;<\/span> <a class=\"excerpt-more__link\" href=\"https:\/\/www.krafthand.de\/truck\/artikel\/lng-iveco-partner-aus-aalen-faehrt-alternativ-3140\/\" >weiter<\/a><\/p>\n","protected":false},"author":3,"featured_media":3141,"comment_status":"closed","ping_status":"closed","sticky":false,"template":"","format":"standard","meta":{"footnotes":""},"categories":[4913],"tags":[3172,3173],"settings":[],"class_list":["post-3140","post","type-post","status-publish","format-standard","has-post-thumbnail","hentry","category-alternative-kraftstoffe","tag-iveco-partner","tag-lng"],"yoast_head":"<!-- This site is optimized with the Yoast SEO plugin v27.3 - https:\/\/yoast.com\/product\/yoast-seo-wordpress\/ -->\n<title>LNG: Iveco-Partner aus Aalen f\u00e4hrt alternativ - Krafthand-Truck<\/title>\n<meta name=\"robots\" content=\"index, follow, max-snippet:-1, max-image-preview:large, max-video-preview:-1\" \/>\n<link rel=\"canonical\" href=\"https:\/\/www.krafthand.de\/truck\/artikel\/lng-iveco-partner-aus-aalen-faehrt-alternativ-3140\/\" \/>\n<meta property=\"og:locale\" content=\"de_DE\" \/>\n<meta property=\"og:type\" content=\"article\" \/>\n<meta property=\"og:title\" content=\"LNG: Iveco-Partner aus Aalen f\u00e4hrt alternativ - Krafthand-Truck\" \/>\n<meta property=\"og:description\" content=\"Der Aalener Iveco-Partner Wellkawee Service-Center GmbH \u00fcbernimmt das erste Vorf\u00fchrfahrzeug mit dem alternativen Antrieb LNG (Fl\u00fcssigerdgas) in Deutschland. Ein befreundeter K\u00fcnstler des Inhabers hat sich f\u00fcr die Gestaltung ein besonderes Design einfallen lassen: der Truck hat gr\u00fcne Adern. ... weiter\" \/>\n<meta property=\"og:url\" content=\"https:\/\/www.krafthand-truck.de\/artikel\/lng-iveco-partner-aus-aalen-faehrt-alternativ-3140\/\" \/>\n<meta property=\"og:site_name\" content=\"Krafthand-Truck\" \/>\n<meta property=\"article:published_time\" content=\"2017-08-02T07:14:11+00:00\" \/>\n<meta property=\"article:modified_time\" content=\"2022-02-15T08:13:07+00:00\" \/>\n<meta property=\"og:image\" content=\"https:\/\/static.krafthand-truck.de\/uploads\/2017\/08\/Iveco__02.jpg\" \/>\n\t<meta property=\"og:image:width\" content=\"1100\" \/>\n\t<meta property=\"og:image:height\" content=\"736\" \/>\n\t<meta property=\"og:image:type\" content=\"image\/jpeg\" \/>\n<meta name=\"author\" content=\"katja.heid@krafthand.de\" \/>\n<meta name=\"twitter:card\" content=\"summary_large_image\" \/>\n<meta name=\"twitter:label1\" content=\"Verfasst von\" \/>\n\t<meta name=\"twitter:data1\" content=\"katja.heid@krafthand.de\" \/>\n\t<meta name=\"twitter:label2\" content=\"Gesch\u00e4tzte Lesezeit\" \/>\n\t<meta name=\"twitter:data2\" content=\"2\u00a0Minuten\" \/>\n<script type=\"application\/ld+json\" class=\"yoast-schema-graph\">{\"@context\":\"https:\\\/\\\/schema.org\",\"@graph\":[{\"@type\":\"Article\",\"@id\":\"https:\\\/\\\/www.krafthand.de\\\/truck\\\/artikel\\\/lng-iveco-partner-aus-aalen-faehrt-alternativ-3140\\\/#article\",\"isPartOf\":{\"@id\":\"https:\\\/\\\/www.krafthand.de\\\/truck\\\/artikel\\\/lng-iveco-partner-aus-aalen-faehrt-alternativ-3140\\\/\"},\"author\":{\"name\":\"katja.heid@krafthand.de\",\"@id\":\"https:\\\/\\\/www.krafthand.de\\\/truck\\\/#\\\/schema\\\/person\\\/8e290c6d425b72d176adc7767a251001\"},\"headline\":\"LNG: Iveco-Partner aus Aalen f\u00e4hrt alternativ\",\"datePublished\":\"2017-08-02T07:14:11+00:00\",\"dateModified\":\"2022-02-15T08:13:07+00:00\",\"mainEntityOfPage\":{\"@id\":\"https:\\\/\\\/www.krafthand.de\\\/truck\\\/artikel\\\/lng-iveco-partner-aus-aalen-faehrt-alternativ-3140\\\/\"},\"wordCount\":308,\"image\":{\"@id\":\"https:\\\/\\\/www.krafthand.de\\\/truck\\\/artikel\\\/lng-iveco-partner-aus-aalen-faehrt-alternativ-3140\\\/#primaryimage\"},\"thumbnailUrl\":\"https:\\\/\\\/static.krafthand-truck.de\\\/uploads\\\/2017\\\/08\\\/Iveco__02.jpg\",\"keywords\":[\"Iveco Partner\",\"LNG\"],\"articleSection\":[\"Alternative Kraftstoffe\"],\"inLanguage\":\"de\"},{\"@type\":\"WebPage\",\"@id\":\"https:\\\/\\\/www.krafthand.de\\\/truck\\\/artikel\\\/lng-iveco-partner-aus-aalen-faehrt-alternativ-3140\\\/\",\"url\":\"https:\\\/\\\/www.krafthand.de\\\/truck\\\/artikel\\\/lng-iveco-partner-aus-aalen-faehrt-alternativ-3140\\\/\",\"name\":\"LNG: Iveco-Partner aus Aalen f\u00e4hrt alternativ - Krafthand-Truck\",\"isPartOf\":{\"@id\":\"https:\\\/\\\/www.krafthand.de\\\/truck\\\/#website\"},\"primaryImageOfPage\":{\"@id\":\"https:\\\/\\\/www.krafthand.de\\\/truck\\\/artikel\\\/lng-iveco-partner-aus-aalen-faehrt-alternativ-3140\\\/#primaryimage\"},\"image\":{\"@id\":\"https:\\\/\\\/www.krafthand.de\\\/truck\\\/artikel\\\/lng-iveco-partner-aus-aalen-faehrt-alternativ-3140\\\/#primaryimage\"},\"thumbnailUrl\":\"https:\\\/\\\/static.krafthand-truck.de\\\/uploads\\\/2017\\\/08\\\/Iveco__02.jpg\",\"datePublished\":\"2017-08-02T07:14:11+00:00\",\"dateModified\":\"2022-02-15T08:13:07+00:00\",\"author\":{\"@id\":\"https:\\\/\\\/www.krafthand.de\\\/truck\\\/#\\\/schema\\\/person\\\/8e290c6d425b72d176adc7767a251001\"},\"breadcrumb\":{\"@id\":\"https:\\\/\\\/www.krafthand.de\\\/truck\\\/artikel\\\/lng-iveco-partner-aus-aalen-faehrt-alternativ-3140\\\/#breadcrumb\"},\"inLanguage\":\"de\",\"potentialAction\":[{\"@type\":\"ReadAction\",\"target\":[\"https:\\\/\\\/www.krafthand.de\\\/truck\\\/artikel\\\/lng-iveco-partner-aus-aalen-faehrt-alternativ-3140\\\/\"]}]},{\"@type\":\"ImageObject\",\"inLanguage\":\"de\",\"@id\":\"https:\\\/\\\/www.krafthand.de\\\/truck\\\/artikel\\\/lng-iveco-partner-aus-aalen-faehrt-alternativ-3140\\\/#primaryimage\",\"url\":\"https:\\\/\\\/static.krafthand-truck.de\\\/uploads\\\/2017\\\/08\\\/Iveco__02.jpg\",\"contentUrl\":\"https:\\\/\\\/static.krafthand-truck.de\\\/uploads\\\/2017\\\/08\\\/Iveco__02.jpg\",\"width\":1100,\"height\":736,\"caption\":\"Martin Popp (links) und Sascha Kaehne bei der \u00dcbergabe des Stralis NP im Ulmer Ausliefercentrum von Iveco. Bild: Iveco\"},{\"@type\":\"BreadcrumbList\",\"@id\":\"https:\\\/\\\/www.krafthand.de\\\/truck\\\/artikel\\\/lng-iveco-partner-aus-aalen-faehrt-alternativ-3140\\\/#breadcrumb\",\"itemListElement\":[{\"@type\":\"ListItem\",\"position\":1,\"name\":\"Krafthand-Truck\",\"item\":\"https:\\\/\\\/www.krafthand.de\\\/truck\\\/\"},{\"@type\":\"ListItem\",\"position\":2,\"name\":\"Nfz-Technik\",\"item\":\"https:\\\/\\\/www.krafthand.de\\\/truck\\\/kategorie\\\/nfz-technik\\\/\"},{\"@type\":\"ListItem\",\"position\":3,\"name\":\"Alternative Kraftstoffe\",\"item\":\"https:\\\/\\\/www.krafthand.de\\\/truck\\\/kategorie\\\/nfz-technik\\\/alternative-kraftstoffe\\\/\"},{\"@type\":\"ListItem\",\"position\":4,\"name\":\"LNG: Iveco-Partner aus Aalen f\u00e4hrt alternativ\"}]},{\"@type\":\"WebSite\",\"@id\":\"https:\\\/\\\/www.krafthand.de\\\/truck\\\/#website\",\"url\":\"https:\\\/\\\/www.krafthand.de\\\/truck\\\/\",\"name\":\"Krafthand-Truck\",\"description\":\"\",\"potentialAction\":[{\"@type\":\"SearchAction\",\"target\":{\"@type\":\"EntryPoint\",\"urlTemplate\":\"https:\\\/\\\/www.krafthand.de\\\/truck\\\/?s={search_term_string}\"},\"query-input\":{\"@type\":\"PropertyValueSpecification\",\"valueRequired\":true,\"valueName\":\"search_term_string\"}}],\"inLanguage\":\"de\"},{\"@type\":\"Person\",\"@id\":\"https:\\\/\\\/www.krafthand.de\\\/truck\\\/#\\\/schema\\\/person\\\/8e290c6d425b72d176adc7767a251001\",\"name\":\"katja.heid@krafthand.de\",\"image\":{\"@type\":\"ImageObject\",\"inLanguage\":\"de\",\"@id\":\"https:\\\/\\\/secure.gravatar.com\\\/avatar\\\/9a2930c54ede0e0a76c0f8abfb74704de273084f2aa0e3c6deb2c86704c7402b?s=96&d=mm&r=g\",\"url\":\"https:\\\/\\\/secure.gravatar.com\\\/avatar\\\/9a2930c54ede0e0a76c0f8abfb74704de273084f2aa0e3c6deb2c86704c7402b?s=96&d=mm&r=g\",\"contentUrl\":\"https:\\\/\\\/secure.gravatar.com\\\/avatar\\\/9a2930c54ede0e0a76c0f8abfb74704de273084f2aa0e3c6deb2c86704c7402b?s=96&d=mm&r=g\",\"caption\":\"katja.heid@krafthand.de\"}}]}<\/script>\n<!-- \/ Yoast SEO plugin. -->","yoast_head_json":{"title":"LNG: Iveco-Partner aus Aalen f\u00e4hrt alternativ - Krafthand-Truck","robots":{"index":"index","follow":"follow","max-snippet":"max-snippet:-1","max-image-preview":"max-image-preview:large","max-video-preview":"max-video-preview:-1"},"canonical":"https:\/\/www.krafthand.de\/truck\/artikel\/lng-iveco-partner-aus-aalen-faehrt-alternativ-3140\/","og_locale":"de_DE","og_type":"article","og_title":"LNG: Iveco-Partner aus Aalen f\u00e4hrt alternativ - Krafthand-Truck","og_description":"Der Aalener Iveco-Partner Wellkawee Service-Center GmbH \u00fcbernimmt das erste Vorf\u00fchrfahrzeug mit dem alternativen Antrieb LNG (Fl\u00fcssigerdgas) in Deutschland. Ein befreundeter K\u00fcnstler des Inhabers hat sich f\u00fcr die Gestaltung ein besonderes Design einfallen lassen: der Truck hat gr\u00fcne Adern. ... weiter","og_url":"https:\/\/www.krafthand-truck.de\/artikel\/lng-iveco-partner-aus-aalen-faehrt-alternativ-3140\/","og_site_name":"Krafthand-Truck","article_published_time":"2017-08-02T07:14:11+00:00","article_modified_time":"2022-02-15T08:13:07+00:00","og_image":[{"width":1100,"height":736,"url":"https:\/\/static.krafthand-truck.de\/uploads\/2017\/08\/Iveco__02.jpg","type":"image\/jpeg"}],"author":"katja.heid@krafthand.de","twitter_card":"summary_large_image","twitter_misc":{"Verfasst von":"katja.heid@krafthand.de","Gesch\u00e4tzte Lesezeit":"2\u00a0Minuten"},"schema":{"@context":"https:\/\/schema.org","@graph":[{"@type":"Article","@id":"https:\/\/www.krafthand.de\/truck\/artikel\/lng-iveco-partner-aus-aalen-faehrt-alternativ-3140\/#article","isPartOf":{"@id":"https:\/\/www.krafthand.de\/truck\/artikel\/lng-iveco-partner-aus-aalen-faehrt-alternativ-3140\/"},"author":{"name":"katja.heid@krafthand.de","@id":"https:\/\/www.krafthand.de\/truck\/#\/schema\/person\/8e290c6d425b72d176adc7767a251001"},"headline":"LNG: Iveco-Partner aus Aalen f\u00e4hrt alternativ","datePublished":"2017-08-02T07:14:11+00:00","dateModified":"2022-02-15T08:13:07+00:00","mainEntityOfPage":{"@id":"https:\/\/www.krafthand.de\/truck\/artikel\/lng-iveco-partner-aus-aalen-faehrt-alternativ-3140\/"},"wordCount":308,"image":{"@id":"https:\/\/www.krafthand.de\/truck\/artikel\/lng-iveco-partner-aus-aalen-faehrt-alternativ-3140\/#primaryimage"},"thumbnailUrl":"https:\/\/static.krafthand-truck.de\/uploads\/2017\/08\/Iveco__02.jpg","keywords":["Iveco Partner","LNG"],"articleSection":["Alternative Kraftstoffe"],"inLanguage":"de"},{"@type":"WebPage","@id":"https:\/\/www.krafthand.de\/truck\/artikel\/lng-iveco-partner-aus-aalen-faehrt-alternativ-3140\/","url":"https:\/\/www.krafthand.de\/truck\/artikel\/lng-iveco-partner-aus-aalen-faehrt-alternativ-3140\/","name":"LNG: Iveco-Partner aus Aalen f\u00e4hrt alternativ - Krafthand-Truck","isPartOf":{"@id":"https:\/\/www.krafthand.de\/truck\/#website"},"primaryImageOfPage":{"@id":"https:\/\/www.krafthand.de\/truck\/artikel\/lng-iveco-partner-aus-aalen-faehrt-alternativ-3140\/#primaryimage"},"image":{"@id":"https:\/\/www.krafthand.de\/truck\/artikel\/lng-iveco-partner-aus-aalen-faehrt-alternativ-3140\/#primaryimage"},"thumbnailUrl":"https:\/\/static.krafthand-truck.de\/uploads\/2017\/08\/Iveco__02.jpg","datePublished":"2017-08-02T07:14:11+00:00","dateModified":"2022-02-15T08:13:07+00:00","author":{"@id":"https:\/\/www.krafthand.de\/truck\/#\/schema\/person\/8e290c6d425b72d176adc7767a251001"},"breadcrumb":{"@id":"https:\/\/www.krafthand.de\/truck\/artikel\/lng-iveco-partner-aus-aalen-faehrt-alternativ-3140\/#breadcrumb"},"inLanguage":"de","potentialAction":[{"@type":"ReadAction","target":["https:\/\/www.krafthand.de\/truck\/artikel\/lng-iveco-partner-aus-aalen-faehrt-alternativ-3140\/"]}]},{"@type":"ImageObject","inLanguage":"de","@id":"https:\/\/www.krafthand.de\/truck\/artikel\/lng-iveco-partner-aus-aalen-faehrt-alternativ-3140\/#primaryimage","url":"https:\/\/static.krafthand-truck.de\/uploads\/2017\/08\/Iveco__02.jpg","contentUrl":"https:\/\/static.krafthand-truck.de\/uploads\/2017\/08\/Iveco__02.jpg","width":1100,"height":736,"caption":"Martin Popp (links) und Sascha Kaehne bei der \u00dcbergabe des Stralis NP im Ulmer Ausliefercentrum von Iveco. Bild: Iveco"},{"@type":"BreadcrumbList","@id":"https:\/\/www.krafthand.de\/truck\/artikel\/lng-iveco-partner-aus-aalen-faehrt-alternativ-3140\/#breadcrumb","itemListElement":[{"@type":"ListItem","position":1,"name":"Krafthand-Truck","item":"https:\/\/www.krafthand.de\/truck\/"},{"@type":"ListItem","position":2,"name":"Nfz-Technik","item":"https:\/\/www.krafthand.de\/truck\/kategorie\/nfz-technik\/"},{"@type":"ListItem","position":3,"name":"Alternative Kraftstoffe","item":"https:\/\/www.krafthand.de\/truck\/kategorie\/nfz-technik\/alternative-kraftstoffe\/"},{"@type":"ListItem","position":4,"name":"LNG: Iveco-Partner aus Aalen f\u00e4hrt alternativ"}]},{"@type":"WebSite","@id":"https:\/\/www.krafthand.de\/truck\/#website","url":"https:\/\/www.krafthand.de\/truck\/","name":"Krafthand-Truck","description":"","potentialAction":[{"@type":"SearchAction","target":{"@type":"EntryPoint","urlTemplate":"https:\/\/www.krafthand.de\/truck\/?s={search_term_string}"},"query-input":{"@type":"PropertyValueSpecification","valueRequired":true,"valueName":"search_term_string"}}],"inLanguage":"de"},{"@type":"Person","@id":"https:\/\/www.krafthand.de\/truck\/#\/schema\/person\/8e290c6d425b72d176adc7767a251001","name":"katja.heid@krafthand.de","image":{"@type":"ImageObject","inLanguage":"de","@id":"https:\/\/secure.gravatar.com\/avatar\/9a2930c54ede0e0a76c0f8abfb74704de273084f2aa0e3c6deb2c86704c7402b?s=96&d=mm&r=g","url":"https:\/\/secure.gravatar.com\/avatar\/9a2930c54ede0e0a76c0f8abfb74704de273084f2aa0e3c6deb2c86704c7402b?s=96&d=mm&r=g","contentUrl":"https:\/\/secure.gravatar.com\/avatar\/9a2930c54ede0e0a76c0f8abfb74704de273084f2aa0e3c6deb2c86704c7402b?s=96&d=mm&r=g","caption":"katja.heid@krafthand.de"}}]}},"_links":{"self":[{"href":"https:\/\/www.krafthand.de\/truck\/wp-json\/wp\/v2\/posts\/3140","targetHints":{"allow":["GET"]}}],"collection":[{"href":"https:\/\/www.krafthand.de\/truck\/wp-json\/wp\/v2\/posts"}],"about":[{"href":"https:\/\/www.krafthand.de\/truck\/wp-json\/wp\/v2\/types\/post"}],"author":[{"embeddable":true,"href":"https:\/\/www.krafthand.de\/truck\/wp-json\/wp\/v2\/users\/3"}],"replies":[{"embeddable":true,"href":"https:\/\/www.krafthand.de\/truck\/wp-json\/wp\/v2\/comments?post=3140"}],"version-history":[{"count":1,"href":"https:\/\/www.krafthand.de\/truck\/wp-json\/wp\/v2\/posts\/3140\/revisions"}],"predecessor-version":[{"id":31155,"href":"https:\/\/www.krafthand.de\/truck\/wp-json\/wp\/v2\/posts\/3140\/revisions\/31155"}],"wp:featuredmedia":[{"embeddable":true,"href":"https:\/\/www.krafthand.de\/truck\/wp-json\/wp\/v2\/media\/3141"}],"wp:attachment":[{"href":"https:\/\/www.krafthand.de\/truck\/wp-json\/wp\/v2\/media?parent=3140"}],"wp:term":[{"taxonomy":"category","embeddable":true,"href":"https:\/\/www.krafthand.de\/truck\/wp-json\/wp\/v2\/categories?post=3140"},{"taxonomy":"post_tag","embeddable":true,"href":"https:\/\/www.krafthand.de\/truck\/wp-json\/wp\/v2\/tags?post=3140"},{"taxonomy":"settings","embeddable":true,"href":"https:\/\/www.krafthand.de\/truck\/wp-json\/wp\/v2\/settings?post=3140"}],"curies":[{"name":"wp","href":"https:\/\/api.w.org\/{rel}","templated":true}]}}