{"id":3138,"date":"2017-08-01T11:40:12","date_gmt":"2017-08-01T09:40:12","guid":{"rendered":"https:\/\/www.krafthand.de\/truck\/artikel\/koegel-auf-dem-groessten-trucker-festival-des-nordens-3138\/"},"modified":"2017-08-01T11:40:12","modified_gmt":"2017-08-01T09:40:12","slug":"koegel-auf-dem-groessten-trucker-festival-des-nordens","status":"publish","type":"post","link":"https:\/\/www.krafthand.de\/truck\/artikel\/koegel-auf-dem-groessten-trucker-festival-des-nordens-3138\/","title":{"rendered":"K\u00f6gel auf dem gr\u00f6\u00dften Trucker-Festival des Nordens"},"content":{"rendered":"<p class=\"text-colored\">K\u00f6gel pr\u00e4sentiert sich in diesem Jahr vom 12. bis 13. August zum ersten Mal auf der Wolfsmeile in Hohenlockstedt (Schleswig Holstein), dem gr\u00f6\u00dften Trucker-Festival des Nordens. Am Flugplatz Hungriger Wolf an der B77 zeigt K\u00f6gel den K\u00f6gel-Lightplus, den K\u00f6gel-Port-45-Simplex und den K\u00f6gel-3-Achs-Mulden-Kipper mit 24 m\u00b3 Ladevolumen.<\/p>\n<p>Neben den Fahrzeugen erwartet die Berufskraftfahrer auch die bereits vom Truck-Grand-Prix bekannte Umfrage zum neuen K\u00f6gel-Trucker-Trailer (KTT). Hier winken als Dankesch\u00f6n ein erfrischendes Getr\u00e4nk und eine Duschmarke gratis.<\/p>\n<p><b>Umfrage zum neuen KTT <br \/><\/b>K\u00f6gel sucht Ideen f\u00fcr den neuen KTT. Alle Ideen, die den Alltag der Berufskraftfahrer im Zusammenhang mit dem Auflieger erleichtern, sind willkommen. Als kleines Dankesch\u00f6n erhalten alle Teilnehmer der Umfrage vom K\u00f6gel-Grid-Girl ein erfrischendes Getr\u00e4nk und eine Duschmarke gratis, die auf einem der teilnehmenden VEDA-Autoh\u00f6fe in Deutschland einzul\u00f6sen ist. Alle eingehenden Vorschl\u00e4ge pr\u00fcft die K\u00f6gel-Entwicklungsabteilung auf Realisierbarkeit und l\u00e4sst sie dann in den KTT einflie\u00dfen. <br \/><b><br \/>K\u00f6gel Highlights auf der Wolfsmeile<\/b><br \/>Die ausgestellten K\u00f6gel-Produkte sollen schon heute ma\u00dfgeblich dazu beitragen, dass die Berufskraftfahrer die Herausforderungen der Branche meistern:<\/p>\n<ul>\n<li>Der K\u00f6gel-Lightplus: besonders nutzlastoptimiert dank gewichtoptimiertem Rahmen und Aufbau <\/li>\n<\/ul>\n<ul>\n<li>Der K\u00f6gel-Port-45-Simplex: flexibles Sattelcontainer-Fahrgestell mit Heckausschub f\u00fcr den Transport von zwei 20-Fu\u00df-ISO-Containern oder einem 20-, 30-, 40-Fu\u00df-ISO-Container oder einem 40-, 45-Fu\u00df-HighCube-Container<\/li>\n<\/ul>\n<ul>\n<li>Der K\u00f6gel 3-Achs-Mulden-Kipper: optional in verschiedenen Muldenst\u00e4rken- und Wandst\u00e4rken-Kombinationen erh\u00e4ltlich<\/li>\n<\/ul>\n","protected":false},"excerpt":{"rendered":"<p>K\u00f6gel pr\u00e4sentiert sich in diesem Jahr vom 12. bis 13. August zum ersten Mal auf der Wolfsmeile in Hohenlockstedt (Schleswig Holstein), dem gr\u00f6\u00dften Trucker-Festival des Nordens. Am Flugplatz Hungriger Wolf an der B77 zeigt K\u00f6gel den K\u00f6gel-Lightplus, den K\u00f6gel-Port-45-Simplex und den K\u00f6gel-3-Achs-Mulden-Kipper mit 24 m\u00b3 Ladevolumen. <span class=\"excerpt-more__dots\">&#8230;<\/span> <a class=\"excerpt-more__link\" href=\"https:\/\/www.krafthand.de\/truck\/artikel\/koegel-auf-dem-groessten-trucker-festival-des-nordens-3138\/\" >weiter<\/a><\/p>\n","protected":false},"author":3,"featured_media":3139,"comment_status":"closed","ping_status":"closed","sticky":false,"template":"","format":"standard","meta":{"footnotes":""},"categories":[5],"tags":[3171,3167,202,3165,3169,3166,3168,3170,3164],"settings":[],"class_list":["post-3138","post","type-post","status-publish","format-standard","has-post-thumbnail","hentry","category-branche","tag-fahrgestell","tag-gewichtoptimiert","tag-koegel","tag-koegel-lightplus","tag-koegel-port-45-simplex","tag-nutzlastoptimiert","tag-rahmen-und-aufbau","tag-sattelcontainer","tag-trucker-festival"],"yoast_head":"<!-- This site is optimized with the Yoast SEO plugin v27.3 - https:\/\/yoast.com\/product\/yoast-seo-wordpress\/ -->\n<title>K\u00f6gel auf dem gr\u00f6\u00dften Trucker-Festival des Nordens - Krafthand-Truck<\/title>\n<meta name=\"robots\" content=\"index, follow, max-snippet:-1, max-image-preview:large, max-video-preview:-1\" \/>\n<link rel=\"canonical\" href=\"https:\/\/www.krafthand.de\/truck\/artikel\/koegel-auf-dem-groessten-trucker-festival-des-nordens-3138\/\" \/>\n<meta property=\"og:locale\" content=\"de_DE\" \/>\n<meta property=\"og:type\" content=\"article\" \/>\n<meta property=\"og:title\" content=\"K\u00f6gel auf dem gr\u00f6\u00dften Trucker-Festival des Nordens - Krafthand-Truck\" \/>\n<meta property=\"og:description\" content=\"K\u00f6gel pr\u00e4sentiert sich in diesem Jahr vom 12. bis 13. August zum ersten Mal auf der Wolfsmeile in Hohenlockstedt (Schleswig Holstein), dem gr\u00f6\u00dften Trucker-Festival des Nordens. Am Flugplatz Hungriger Wolf an der B77 zeigt K\u00f6gel den K\u00f6gel-Lightplus, den K\u00f6gel-Port-45-Simplex und den K\u00f6gel-3-Achs-Mulden-Kipper mit 24 m\u00b3 Ladevolumen. ... weiter\" \/>\n<meta property=\"og:url\" content=\"https:\/\/www.krafthand-truck.de\/artikel\/koegel-auf-dem-groessten-trucker-festival-des-nordens-3138\/\" \/>\n<meta property=\"og:site_name\" content=\"Krafthand-Truck\" \/>\n<meta property=\"article:published_time\" content=\"2017-08-01T09:40:12+00:00\" \/>\n<meta property=\"og:image\" content=\"https:\/\/www.krafthand.de\/truck\/wp-content\/uploads\/2017\/08\/Koegel_Wolfsmeile__.jpg\" \/>\n\t<meta property=\"og:image:width\" content=\"1350\" \/>\n\t<meta property=\"og:image:height\" content=\"945\" \/>\n\t<meta property=\"og:image:type\" content=\"image\/jpeg\" \/>\n<meta name=\"author\" content=\"katja.heid@krafthand.de\" \/>\n<meta name=\"twitter:card\" content=\"summary_large_image\" \/>\n<meta name=\"twitter:label1\" content=\"Verfasst von\" \/>\n\t<meta name=\"twitter:data1\" content=\"katja.heid@krafthand.de\" \/>\n\t<meta name=\"twitter:label2\" content=\"Gesch\u00e4tzte Lesezeit\" \/>\n\t<meta name=\"twitter:data2\" content=\"1\u00a0Minute\" \/>\n<script type=\"application\/ld+json\" class=\"yoast-schema-graph\">{\"@context\":\"https:\\\/\\\/schema.org\",\"@graph\":[{\"@type\":\"Article\",\"@id\":\"https:\\\/\\\/www.krafthand.de\\\/truck\\\/artikel\\\/koegel-auf-dem-groessten-trucker-festival-des-nordens-3138\\\/#article\",\"isPartOf\":{\"@id\":\"https:\\\/\\\/www.krafthand.de\\\/truck\\\/artikel\\\/koegel-auf-dem-groessten-trucker-festival-des-nordens-3138\\\/\"},\"author\":{\"name\":\"katja.heid@krafthand.de\",\"@id\":\"https:\\\/\\\/www.krafthand.de\\\/truck\\\/#\\\/schema\\\/person\\\/8e290c6d425b72d176adc7767a251001\"},\"headline\":\"K\u00f6gel auf dem gr\u00f6\u00dften Trucker-Festival des Nordens\",\"datePublished\":\"2017-08-01T09:40:12+00:00\",\"mainEntityOfPage\":{\"@id\":\"https:\\\/\\\/www.krafthand.de\\\/truck\\\/artikel\\\/koegel-auf-dem-groessten-trucker-festival-des-nordens-3138\\\/\"},\"wordCount\":251,\"image\":{\"@id\":\"https:\\\/\\\/www.krafthand.de\\\/truck\\\/artikel\\\/koegel-auf-dem-groessten-trucker-festival-des-nordens-3138\\\/#primaryimage\"},\"thumbnailUrl\":\"https:\\\/\\\/static.krafthand-truck.de\\\/uploads\\\/2017\\\/08\\\/Koegel_Wolfsmeile__.jpg\",\"keywords\":[\"Fahrgestell\",\"gewichtoptimiert\",\"K\u00f6gel\",\"K\u00f6gel-Lightplus\",\"K\u00f6gel-Port-45-Simplex\",\"nutzlastoptimiert\",\"Rahmen und Aufbau\",\"Sattelcontainer\",\"Trucker-Festival\"],\"articleSection\":[\"Nfz-Branche\"],\"inLanguage\":\"de\"},{\"@type\":\"WebPage\",\"@id\":\"https:\\\/\\\/www.krafthand.de\\\/truck\\\/artikel\\\/koegel-auf-dem-groessten-trucker-festival-des-nordens-3138\\\/\",\"url\":\"https:\\\/\\\/www.krafthand.de\\\/truck\\\/artikel\\\/koegel-auf-dem-groessten-trucker-festival-des-nordens-3138\\\/\",\"name\":\"K\u00f6gel auf dem gr\u00f6\u00dften Trucker-Festival des Nordens - Krafthand-Truck\",\"isPartOf\":{\"@id\":\"https:\\\/\\\/www.krafthand.de\\\/truck\\\/#website\"},\"primaryImageOfPage\":{\"@id\":\"https:\\\/\\\/www.krafthand.de\\\/truck\\\/artikel\\\/koegel-auf-dem-groessten-trucker-festival-des-nordens-3138\\\/#primaryimage\"},\"image\":{\"@id\":\"https:\\\/\\\/www.krafthand.de\\\/truck\\\/artikel\\\/koegel-auf-dem-groessten-trucker-festival-des-nordens-3138\\\/#primaryimage\"},\"thumbnailUrl\":\"https:\\\/\\\/static.krafthand-truck.de\\\/uploads\\\/2017\\\/08\\\/Koegel_Wolfsmeile__.jpg\",\"datePublished\":\"2017-08-01T09:40:12+00:00\",\"author\":{\"@id\":\"https:\\\/\\\/www.krafthand.de\\\/truck\\\/#\\\/schema\\\/person\\\/8e290c6d425b72d176adc7767a251001\"},\"breadcrumb\":{\"@id\":\"https:\\\/\\\/www.krafthand.de\\\/truck\\\/artikel\\\/koegel-auf-dem-groessten-trucker-festival-des-nordens-3138\\\/#breadcrumb\"},\"inLanguage\":\"de\",\"potentialAction\":[{\"@type\":\"ReadAction\",\"target\":[\"https:\\\/\\\/www.krafthand.de\\\/truck\\\/artikel\\\/koegel-auf-dem-groessten-trucker-festival-des-nordens-3138\\\/\"]}]},{\"@type\":\"ImageObject\",\"inLanguage\":\"de\",\"@id\":\"https:\\\/\\\/www.krafthand.de\\\/truck\\\/artikel\\\/koegel-auf-dem-groessten-trucker-festival-des-nordens-3138\\\/#primaryimage\",\"url\":\"https:\\\/\\\/static.krafthand-truck.de\\\/uploads\\\/2017\\\/08\\\/Koegel_Wolfsmeile__.jpg\",\"contentUrl\":\"https:\\\/\\\/static.krafthand-truck.de\\\/uploads\\\/2017\\\/08\\\/Koegel_Wolfsmeile__.jpg\",\"width\":1350,\"height\":945,\"caption\":\"Foto: K\u00f6gel Highlights auf der Wolfsmeile\"},{\"@type\":\"BreadcrumbList\",\"@id\":\"https:\\\/\\\/www.krafthand.de\\\/truck\\\/artikel\\\/koegel-auf-dem-groessten-trucker-festival-des-nordens-3138\\\/#breadcrumb\",\"itemListElement\":[{\"@type\":\"ListItem\",\"position\":1,\"name\":\"Krafthand-Truck\",\"item\":\"https:\\\/\\\/www.krafthand.de\\\/truck\\\/\"},{\"@type\":\"ListItem\",\"position\":2,\"name\":\"Nfz-Branche\",\"item\":\"https:\\\/\\\/www.krafthand.de\\\/truck\\\/kategorie\\\/branche\\\/\"},{\"@type\":\"ListItem\",\"position\":3,\"name\":\"K\u00f6gel auf dem gr\u00f6\u00dften Trucker-Festival des Nordens\"}]},{\"@type\":\"WebSite\",\"@id\":\"https:\\\/\\\/www.krafthand.de\\\/truck\\\/#website\",\"url\":\"https:\\\/\\\/www.krafthand.de\\\/truck\\\/\",\"name\":\"Krafthand-Truck\",\"description\":\"\",\"potentialAction\":[{\"@type\":\"SearchAction\",\"target\":{\"@type\":\"EntryPoint\",\"urlTemplate\":\"https:\\\/\\\/www.krafthand.de\\\/truck\\\/?s={search_term_string}\"},\"query-input\":{\"@type\":\"PropertyValueSpecification\",\"valueRequired\":true,\"valueName\":\"search_term_string\"}}],\"inLanguage\":\"de\"},{\"@type\":\"Person\",\"@id\":\"https:\\\/\\\/www.krafthand.de\\\/truck\\\/#\\\/schema\\\/person\\\/8e290c6d425b72d176adc7767a251001\",\"name\":\"katja.heid@krafthand.de\",\"image\":{\"@type\":\"ImageObject\",\"inLanguage\":\"de\",\"@id\":\"https:\\\/\\\/secure.gravatar.com\\\/avatar\\\/9a2930c54ede0e0a76c0f8abfb74704de273084f2aa0e3c6deb2c86704c7402b?s=96&d=mm&r=g\",\"url\":\"https:\\\/\\\/secure.gravatar.com\\\/avatar\\\/9a2930c54ede0e0a76c0f8abfb74704de273084f2aa0e3c6deb2c86704c7402b?s=96&d=mm&r=g\",\"contentUrl\":\"https:\\\/\\\/secure.gravatar.com\\\/avatar\\\/9a2930c54ede0e0a76c0f8abfb74704de273084f2aa0e3c6deb2c86704c7402b?s=96&d=mm&r=g\",\"caption\":\"katja.heid@krafthand.de\"}}]}<\/script>\n<!-- \/ Yoast SEO plugin. -->","yoast_head_json":{"title":"K\u00f6gel auf dem gr\u00f6\u00dften Trucker-Festival des Nordens - Krafthand-Truck","robots":{"index":"index","follow":"follow","max-snippet":"max-snippet:-1","max-image-preview":"max-image-preview:large","max-video-preview":"max-video-preview:-1"},"canonical":"https:\/\/www.krafthand.de\/truck\/artikel\/koegel-auf-dem-groessten-trucker-festival-des-nordens-3138\/","og_locale":"de_DE","og_type":"article","og_title":"K\u00f6gel auf dem gr\u00f6\u00dften Trucker-Festival des Nordens - Krafthand-Truck","og_description":"K\u00f6gel pr\u00e4sentiert sich in diesem Jahr vom 12. bis 13. August zum ersten Mal auf der Wolfsmeile in Hohenlockstedt (Schleswig Holstein), dem gr\u00f6\u00dften Trucker-Festival des Nordens. Am Flugplatz Hungriger Wolf an der B77 zeigt K\u00f6gel den K\u00f6gel-Lightplus, den K\u00f6gel-Port-45-Simplex und den K\u00f6gel-3-Achs-Mulden-Kipper mit 24 m\u00b3 Ladevolumen. ... weiter","og_url":"https:\/\/www.krafthand-truck.de\/artikel\/koegel-auf-dem-groessten-trucker-festival-des-nordens-3138\/","og_site_name":"Krafthand-Truck","article_published_time":"2017-08-01T09:40:12+00:00","og_image":[{"width":1350,"height":945,"url":"https:\/\/www.krafthand.de\/truck\/wp-content\/uploads\/2017\/08\/Koegel_Wolfsmeile__.jpg","type":"image\/jpeg"}],"author":"katja.heid@krafthand.de","twitter_card":"summary_large_image","twitter_misc":{"Verfasst von":"katja.heid@krafthand.de","Gesch\u00e4tzte Lesezeit":"1\u00a0Minute"},"schema":{"@context":"https:\/\/schema.org","@graph":[{"@type":"Article","@id":"https:\/\/www.krafthand.de\/truck\/artikel\/koegel-auf-dem-groessten-trucker-festival-des-nordens-3138\/#article","isPartOf":{"@id":"https:\/\/www.krafthand.de\/truck\/artikel\/koegel-auf-dem-groessten-trucker-festival-des-nordens-3138\/"},"author":{"name":"katja.heid@krafthand.de","@id":"https:\/\/www.krafthand.de\/truck\/#\/schema\/person\/8e290c6d425b72d176adc7767a251001"},"headline":"K\u00f6gel auf dem gr\u00f6\u00dften Trucker-Festival des Nordens","datePublished":"2017-08-01T09:40:12+00:00","mainEntityOfPage":{"@id":"https:\/\/www.krafthand.de\/truck\/artikel\/koegel-auf-dem-groessten-trucker-festival-des-nordens-3138\/"},"wordCount":251,"image":{"@id":"https:\/\/www.krafthand.de\/truck\/artikel\/koegel-auf-dem-groessten-trucker-festival-des-nordens-3138\/#primaryimage"},"thumbnailUrl":"https:\/\/static.krafthand-truck.de\/uploads\/2017\/08\/Koegel_Wolfsmeile__.jpg","keywords":["Fahrgestell","gewichtoptimiert","K\u00f6gel","K\u00f6gel-Lightplus","K\u00f6gel-Port-45-Simplex","nutzlastoptimiert","Rahmen und Aufbau","Sattelcontainer","Trucker-Festival"],"articleSection":["Nfz-Branche"],"inLanguage":"de"},{"@type":"WebPage","@id":"https:\/\/www.krafthand.de\/truck\/artikel\/koegel-auf-dem-groessten-trucker-festival-des-nordens-3138\/","url":"https:\/\/www.krafthand.de\/truck\/artikel\/koegel-auf-dem-groessten-trucker-festival-des-nordens-3138\/","name":"K\u00f6gel auf dem gr\u00f6\u00dften Trucker-Festival des Nordens - Krafthand-Truck","isPartOf":{"@id":"https:\/\/www.krafthand.de\/truck\/#website"},"primaryImageOfPage":{"@id":"https:\/\/www.krafthand.de\/truck\/artikel\/koegel-auf-dem-groessten-trucker-festival-des-nordens-3138\/#primaryimage"},"image":{"@id":"https:\/\/www.krafthand.de\/truck\/artikel\/koegel-auf-dem-groessten-trucker-festival-des-nordens-3138\/#primaryimage"},"thumbnailUrl":"https:\/\/static.krafthand-truck.de\/uploads\/2017\/08\/Koegel_Wolfsmeile__.jpg","datePublished":"2017-08-01T09:40:12+00:00","author":{"@id":"https:\/\/www.krafthand.de\/truck\/#\/schema\/person\/8e290c6d425b72d176adc7767a251001"},"breadcrumb":{"@id":"https:\/\/www.krafthand.de\/truck\/artikel\/koegel-auf-dem-groessten-trucker-festival-des-nordens-3138\/#breadcrumb"},"inLanguage":"de","potentialAction":[{"@type":"ReadAction","target":["https:\/\/www.krafthand.de\/truck\/artikel\/koegel-auf-dem-groessten-trucker-festival-des-nordens-3138\/"]}]},{"@type":"ImageObject","inLanguage":"de","@id":"https:\/\/www.krafthand.de\/truck\/artikel\/koegel-auf-dem-groessten-trucker-festival-des-nordens-3138\/#primaryimage","url":"https:\/\/static.krafthand-truck.de\/uploads\/2017\/08\/Koegel_Wolfsmeile__.jpg","contentUrl":"https:\/\/static.krafthand-truck.de\/uploads\/2017\/08\/Koegel_Wolfsmeile__.jpg","width":1350,"height":945,"caption":"Foto: K\u00f6gel Highlights auf der Wolfsmeile"},{"@type":"BreadcrumbList","@id":"https:\/\/www.krafthand.de\/truck\/artikel\/koegel-auf-dem-groessten-trucker-festival-des-nordens-3138\/#breadcrumb","itemListElement":[{"@type":"ListItem","position":1,"name":"Krafthand-Truck","item":"https:\/\/www.krafthand.de\/truck\/"},{"@type":"ListItem","position":2,"name":"Nfz-Branche","item":"https:\/\/www.krafthand.de\/truck\/kategorie\/branche\/"},{"@type":"ListItem","position":3,"name":"K\u00f6gel auf dem gr\u00f6\u00dften Trucker-Festival des Nordens"}]},{"@type":"WebSite","@id":"https:\/\/www.krafthand.de\/truck\/#website","url":"https:\/\/www.krafthand.de\/truck\/","name":"Krafthand-Truck","description":"","potentialAction":[{"@type":"SearchAction","target":{"@type":"EntryPoint","urlTemplate":"https:\/\/www.krafthand.de\/truck\/?s={search_term_string}"},"query-input":{"@type":"PropertyValueSpecification","valueRequired":true,"valueName":"search_term_string"}}],"inLanguage":"de"},{"@type":"Person","@id":"https:\/\/www.krafthand.de\/truck\/#\/schema\/person\/8e290c6d425b72d176adc7767a251001","name":"katja.heid@krafthand.de","image":{"@type":"ImageObject","inLanguage":"de","@id":"https:\/\/secure.gravatar.com\/avatar\/9a2930c54ede0e0a76c0f8abfb74704de273084f2aa0e3c6deb2c86704c7402b?s=96&d=mm&r=g","url":"https:\/\/secure.gravatar.com\/avatar\/9a2930c54ede0e0a76c0f8abfb74704de273084f2aa0e3c6deb2c86704c7402b?s=96&d=mm&r=g","contentUrl":"https:\/\/secure.gravatar.com\/avatar\/9a2930c54ede0e0a76c0f8abfb74704de273084f2aa0e3c6deb2c86704c7402b?s=96&d=mm&r=g","caption":"katja.heid@krafthand.de"}}]}},"_links":{"self":[{"href":"https:\/\/www.krafthand.de\/truck\/wp-json\/wp\/v2\/posts\/3138","targetHints":{"allow":["GET"]}}],"collection":[{"href":"https:\/\/www.krafthand.de\/truck\/wp-json\/wp\/v2\/posts"}],"about":[{"href":"https:\/\/www.krafthand.de\/truck\/wp-json\/wp\/v2\/types\/post"}],"author":[{"embeddable":true,"href":"https:\/\/www.krafthand.de\/truck\/wp-json\/wp\/v2\/users\/3"}],"replies":[{"embeddable":true,"href":"https:\/\/www.krafthand.de\/truck\/wp-json\/wp\/v2\/comments?post=3138"}],"version-history":[{"count":0,"href":"https:\/\/www.krafthand.de\/truck\/wp-json\/wp\/v2\/posts\/3138\/revisions"}],"wp:featuredmedia":[{"embeddable":true,"href":"https:\/\/www.krafthand.de\/truck\/wp-json\/wp\/v2\/media\/3139"}],"wp:attachment":[{"href":"https:\/\/www.krafthand.de\/truck\/wp-json\/wp\/v2\/media?parent=3138"}],"wp:term":[{"taxonomy":"category","embeddable":true,"href":"https:\/\/www.krafthand.de\/truck\/wp-json\/wp\/v2\/categories?post=3138"},{"taxonomy":"post_tag","embeddable":true,"href":"https:\/\/www.krafthand.de\/truck\/wp-json\/wp\/v2\/tags?post=3138"},{"taxonomy":"settings","embeddable":true,"href":"https:\/\/www.krafthand.de\/truck\/wp-json\/wp\/v2\/settings?post=3138"}],"curies":[{"name":"wp","href":"https:\/\/api.w.org\/{rel}","templated":true}]}}