{"id":31376,"date":"2022-03-09T10:00:49","date_gmt":"2022-03-09T09:00:49","guid":{"rendered":"https:\/\/www.krafthand.de\/truck\/?p=31376"},"modified":"2022-03-09T10:03:22","modified_gmt":"2022-03-09T09:03:22","slug":"kuehlaggregate-celsineo-servicenetz-und-schulungs-trailer","status":"publish","type":"post","link":"https:\/\/www.krafthand.de\/truck\/artikel\/kuehlaggregate-celsineo-servicenetz-und-schulungs-trailer-31376\/","title":{"rendered":"K\u00fchlaggregate Celsineo: Servicenetz und Schulungs-Trailer"},"content":{"rendered":"<p>Die modularen Trailer-K\u00fchlaggregate der Marke Celsineo, eine Kooperation der Unternehmen <a href=\"https:\/\/www.krone-trailer.com\" target=\"_blank\" rel=\"noopener\">Krone<\/a> und <a href=\"https:\/\/www.liebherr.com\/de\/deu\/%C3%BCber-liebherr\/liebherr-weltweit\/%C3%B6sterreich\/korneuburg\/korneuburg.html\" target=\"_blank\" rel=\"noopener\">Liebherr<\/a>, sind seit der Markteinf\u00fchrung 2021 bereits bei zahlreichen Kunden im Einsatz. Einer der gro\u00dfen Erfolgsfaktoren ist laut Krone das zuverl\u00e4ssige Servicenetz. Zus\u00e4tzlich steht ein Trailer als Ausbildungs- und Trainings-Zentrum zur Verf\u00fcgung.<\/p>\n<p>Celsineo nutzt das Krone-Servicenetz in Europa, das Schritt f\u00fcr Schritt mit entsprechender Servicekompetenz ausgestattet wird. Rund 200 Service-St\u00fctzpunkte entlang der europ\u00e4ischen Hauptverkehrsrouten sind laut Krone bereits zertifiziert, 2022 soll dieses Netz deutlich weiter ausgebaut werden. F\u00fcr neue Servicepartner soll der Aufwand vergleichsweise gering sein, weil spezifisch ausgebildetes K\u00e4ltetechnik-Personal nicht erforderlich ist. Die mindestens zwei Servicetechniker\/innen pro Betrieb durchlaufen f\u00fcr das ben\u00f6tigte Know-how eine kostenlose zweit\u00e4gige Schulung. In der Nfz-Werkstatt wird ein Deckenkran ben\u00f6tigt, das Investitionsvolumen f\u00fcr ein Starterkit liegt laut Krone im unteren vierstelligen Bereich. So k\u00f6nnten die Servicepartner ihren Leistungsumfang mit \u00fcberschaubarem Aufwand erweitern.<\/p>\n<blockquote>\n<figure id=\"attachment_31393\" aria-describedby=\"caption-attachment-31393\" style=\"width: 220px\" class=\"wp-caption alignleft\"><img fetchpriority=\"high\" decoding=\"async\" class=\"wp-image-31393\" src=\"https:\/\/static.krafthand-truck.de\/uploads\/2022\/03\/Celsineo_Krone_Frank_Albers-1-258x300.jpg\" alt=\"\" width=\"220\" height=\"256\" srcset=\"https:\/\/static.krafthand-truck.de\/uploads\/2022\/03\/Celsineo_Krone_Frank_Albers-1-258x300.jpg 258w, https:\/\/static.krafthand-truck.de\/uploads\/2022\/03\/Celsineo_Krone_Frank_Albers-1.jpg 385w\" sizes=\"(max-width: 220px) 100vw, 220px\" \/><figcaption id=\"caption-attachment-31393\" class=\"wp-caption-text\">Dr. Frank Albers<\/figcaption><\/figure>\n<p>\u201eNach der Serienfertigung im Jahr 2021 in Deutschland und \u00d6sterreich verl\u00e4uft der Auftragseingang in 2022 \u00fcber den Erwartungen. Mit \u00fcber 500 ausgelieferten Einheiten Ende 2022 werden wir unsere Ziele mehr als erf\u00fcllen. Mein Dank gilt den vielen namhaften Kunden, die uns das Vertrauen geschenkt haben&#8220;, so Dr. Frank Albers, Gesch\u00e4ftsf\u00fchrer Sales &amp; Marketing bei Krone.<\/p><\/blockquote>\n<p>Gegen\u00fcber herk\u00f6mmlichen K\u00fchlsystemen funktioniert der Celsineo-Service einfacher, weil die geschulten Servicemitarbeiter\/innen ein defektes K\u00e4ltemodul innerhalb einer Stunde schnell und kosteng\u00fcnstig austauschen k\u00f6nnen. Dank des einzigartigen Konzepts verteilt sich die K\u00fchlleistung bei Celsineo auf drei gleich aufgebaute Plug-and-Play-K\u00e4ltemodule, die je einen eigenst\u00e4ndigen, hermetisch geschlossenen K\u00e4ltemittelkreislauf mit nur wenigen Komponenten enthalten. Das bedeutet f\u00fcr Transportunternehmen einen weiteren erheblichen Vorteil, denn die intelligente Regelung der drei K\u00e4ltemodule l\u00e4sst die Betriebsmodi K\u00fchlen und Abtauen gleichzeitig zu. W\u00e4hrend zwei Module k\u00fchlen, kann sich eins im Abtaumodus befinden, so dass unerw\u00fcnschte Temperaturspitzen w\u00e4hrend der Abtauzyklen wirksam minimiert werden.<\/p>\n<blockquote>\n<figure id=\"attachment_31385\" aria-describedby=\"caption-attachment-31385\" style=\"width: 220px\" class=\"wp-caption alignright\"><img decoding=\"async\" class=\"wp-image-31385\" src=\"https:\/\/static.krafthand-truck.de\/uploads\/2022\/03\/Celsineo_Dirk_Junhans_Liebherr1-239x300.jpg\" alt=\"\" width=\"220\" height=\"276\" srcset=\"https:\/\/static.krafthand-truck.de\/uploads\/2022\/03\/Celsineo_Dirk_Junhans_Liebherr1-239x300.jpg 239w, https:\/\/static.krafthand-truck.de\/uploads\/2022\/03\/Celsineo_Dirk_Junhans_Liebherr1.jpg 511w\" sizes=\"(max-width: 220px) 100vw, 220px\" \/><figcaption id=\"caption-attachment-31385\" class=\"wp-caption-text\">Dirk Junghans<\/figcaption><\/figure>\n<p>Dirk Junghans, Gesch\u00e4ftsf\u00fchrer Liebherr-Transportation Systems GmbH &amp; Co KG, erkl\u00e4rt die europaweite Dimension: \u201eIn diesem Jahr vermarkten wir Celsineo weiterhin zun\u00e4chst schwerpunktm\u00e4\u00dfig in Deutschland, \u00d6sterreich, der Schweiz, sowie den Benelux-L\u00e4ndern. In Spanien haben wir vor einigen Tagen die Vertriebs-Aktivit\u00e4ten aufgenommen. Ab 2023 wollen wir dann weiter internationalisieren und beispielsweise die skandinavischen L\u00e4nder in den Fokus nehmen.\u201c<\/p><\/blockquote>\n<h3>Cool-Liner als Trainings-Center<\/h3>\n<p>Um die Schulungen so effektiv wie m\u00f6glich zu gestalten, gehen Krone und Liebherr mit dem Celsineo-Schulungstrailer neue Wege: Ein Krone Cool Liner ist als Ausbildungs- und Trainings-Zentrum aufgebaut. Neben den bestehenden Online-Trainings-Angeboten sind dadurch auch On-site-Trainings und mobile Produktvorf\u00fchrungen f\u00fcr Kunden sowie f\u00fcr Service- und Wartungspersonal umsetzbar. Der Trailer ist mit einem Celsineo Vorf\u00fchrger\u00e4t au\u00dfen und einem Celsineo Ansichtsaggregat innen ausger\u00fcstet. Ein Schulungs-Dieselmotor ist ebenfalls an Bord. Der Schulungstrailer bietet Platz f\u00fcr neun Teilnehmer\/innen sowie f\u00fcr Trainer\/innen und Dolmetscher\/innen. Steckdosen und USB-Stromversorgungen an allen Pl\u00e4tzen und ein gro\u00dfer 4K-Flachbildschirm komplettieren die Ausstattung. F\u00fcr ein helles und komfortables Ambiente sorgen gro\u00dfe Fenster und eine Klimaanlage.<\/p>\n<div class=\"gallery-container\"><div class=\"owl-carousel owl-theme\">\r\n        <div>\r\n        \t<img decoding=\"async\" src=\"https:\/\/static.krafthand-truck.de\/uploads\/2022\/03\/Celsineo_Krone_Liebherr_Schulungstrailer-1024x682.jpg\" alt=\"\" \/>\r\n          <a href=\"https:\/\/static.krafthand-truck.de\/uploads\/2022\/03\/Celsineo_Krone_Liebherr_Schulungstrailer-1024x682.jpg\" data-featherlight=\"gallery_69f5a7af3af00\" class=\"gallery-expand\" data-title=\"Trailer f\u00fcr Schulungs- und Trainingszwecke\"><i class=\"fa fa-expand\" aria-hidden=\"true\"><\/i><\/a>\r\n        \t<div class=\"gallery-caption wp-caption-text\"><p>Trailer f\u00fcr Schulungs- und Trainingszwecke<\/p>\n<\/div>\r\n        <\/div>\r\n        <div>\r\n        \t<img decoding=\"async\" src=\"https:\/\/static.krafthand-truck.de\/uploads\/2022\/03\/Celsineo_Modul_Krone_Liebherr.png\" alt=\"\" \/>\r\n          <a href=\"https:\/\/static.krafthand-truck.de\/uploads\/2022\/03\/Celsineo_Modul_Krone_Liebherr.png\" data-featherlight=\"gallery_69f5a7af3af00\" class=\"gallery-expand\" data-title=\"Celsineo-K\u00fchlmodule\"><i class=\"fa fa-expand\" aria-hidden=\"true\"><\/i><\/a>\r\n        \t<div class=\"gallery-caption wp-caption-text\"><p>Celsineo-K\u00fchlmodule<\/p>\n<\/div>\r\n        <\/div><\/div><\/div>\r\n\t<script>\r\n\t\tjQuery(document).ready(function($){\r\n      setTimeout(function(){\r\n  \t\t\t$(\".owl-carousel\").owlCarousel({\r\n  \t\t\t\tloop:true,\r\n    \t\t\tmargin:10,\r\n    \t\t\tresponsiveClass:true,\r\n    \t\t\titems:1,\r\n    \t\t\tautoHeight: true,\r\n          nav: true,\r\n          URLhashListener: true,\r\n          startPosition: \"URLHash\",\r\n          navText: [\r\n            \"<i class='fa fa-chevron-left'><\/i>\",\r\n            \"<i class='fa fa-chevron-right'><\/i>\"\r\n          ],\r\n  \t\t\t});\r\n      }, 2000);\r\n\t\t});\r\n\t<\/script>\r\n\t\n<p>&nbsp;<\/p>\n<div class=\"infobox box-grey\"><\/p>\n<p><strong>Hintergrund<\/strong><br \/>\nDas modulare K\u00fchlaggregat Celsineo ist eine Entwicklung von Krone und Liebherr und verf\u00fcgt \u00fcber drei K\u00fchlmodule. Die Module von Celsineo sind alle einzeln ansteuerbar. Dies f\u00fchrt zu einer genaueren Kontrolle der Temperatur im Ladebereich. Unterbrechungsfreie K\u00fchlung durch gleichzeitige K\u00fchl- und Defrost-M\u00f6glichkeit ist gew\u00e4hrleistet. Das System deckt zahlreiche Anwendungsgebiete ab, was das Trailer-Gesamtsystem noch vielseitiger macht.<\/p>\n<p><\/div>\n\r\n\t\t\t\t<div class=\"post-author\">\r\n\t\t\t\t\t<div class=\"khm-cp-author clearfix\">\r\n\t\t\t\t\t\t<div class=\"khm-cp-author__content\">\r\n\t\t\t\t\t\t\t\tKontakt zum Autor:<br \/>\r\n\t\t\t\t\t\t\t\t<strong>Georg Blenk<\/strong>, 08247 \/ 3007-45 |  <a href=\"mailto:georg.blenk@krafthand-medien.de\">georg.blenk@krafthand-medien.de<\/a>\r\n\t\t\t\t\t\t\t<div class=\"khm-cp-author__image\">\r\n\t\t\t\t\t\t<img src=\"https:\/\/static.krafthand-truck.de\/uploads\/2021\/01\/Blenk_6104-250x300-1-removebg-preview.png\" class=\"img-responsive\">\r\n\t\t\t\t\t<\/div>\r\n\t\t\t\t\t\t<\/div>\r\n\t\t\t\t\t<\/div>\r\n\t\t\t\t<\/div>\r\n\t\t\t\t","protected":false},"excerpt":{"rendered":"<p>Die Trailer-K\u00fchlaggregate der Marke Celsineo, eine Kooperation der Unternehmen Krone und Liebherr, sind seit der Markteinf\u00fchrung 2021 bereits bei zahlreichen Kunden im Einsatz. Einer der Erfolgsfaktoren ist laut Krone das zuverl\u00e4ssige Servicenetz. Zus\u00e4tzlich steht ein Trailer als Ausbildungs- und Trainings-Zentrum zur Verf\u00fcgung. <span class=\"excerpt-more__dots\">&#8230;<\/span> <a class=\"excerpt-more__link\" href=\"https:\/\/www.krafthand.de\/truck\/artikel\/kuehlaggregate-celsineo-servicenetz-und-schulungs-trailer-31376\/\" >weiter<\/a><\/p>\n","protected":false},"author":9,"featured_media":31378,"comment_status":"closed","ping_status":"closed","sticky":false,"template":"","format":"standard","meta":{"footnotes":""},"categories":[4914,4235],"tags":[4339,388,5090,4340,5091],"settings":[3524,3523],"class_list":["post-31376","post","type-post","status-publish","format-standard","has-post-thumbnail","hentry","category-trailer-aufbauten","category-unternehmen","tag-celsineo","tag-krone","tag-kuehlmodul","tag-liebherr","tag-trailer-kuehlaggregat"],"yoast_head":"<!-- This site is optimized with the Yoast SEO plugin v27.3 - https:\/\/yoast.com\/product\/yoast-seo-wordpress\/ -->\n<title>Trailer-K\u00fchlaggregate Celsineo von Krone und Liebherr, Krafthand-Truck<\/title>\n<meta name=\"description\" content=\"Die Trailer-K\u00fchlaggregate der Marke Celsineo, eine Kooperation der Unternehmen Krone und Liebherr, sind seit der Markteinf\u00fchrung 2021 bereits bei zahlreichen Kunden im Einsatz. Einer der Erfolgsfaktoren ist laut Krone das zuverl\u00e4ssige Servicenetz. Zus\u00e4tzlich steht ein Trailer als Ausbildungs- und Trainings-Zentrum zur Verf\u00fcgung.\" \/>\n<meta name=\"robots\" content=\"index, follow, max-snippet:-1, max-image-preview:large, max-video-preview:-1\" \/>\n<link rel=\"canonical\" href=\"https:\/\/www.krafthand.de\/truck\/artikel\/kuehlaggregate-celsineo-servicenetz-und-schulungs-trailer-31376\/\" \/>\n<meta property=\"og:locale\" content=\"de_DE\" \/>\n<meta property=\"og:type\" content=\"article\" \/>\n<meta property=\"og:title\" content=\"Trailer-K\u00fchlaggregate Celsineo von Krone und Liebherr, Krafthand-Truck\" \/>\n<meta property=\"og:description\" content=\"Die Trailer-K\u00fchlaggregate der Marke Celsineo, eine Kooperation der Unternehmen Krone und Liebherr, sind seit der Markteinf\u00fchrung 2021 bereits bei zahlreichen Kunden im Einsatz. Einer der Erfolgsfaktoren ist laut Krone das zuverl\u00e4ssige Servicenetz. Zus\u00e4tzlich steht ein Trailer als Ausbildungs- und Trainings-Zentrum zur Verf\u00fcgung.\" \/>\n<meta property=\"og:url\" content=\"https:\/\/www.krafthand-truck.de\/artikel\/kuehlaggregate-celsineo-servicenetz-und-schulungs-trailer-31376\/\" \/>\n<meta property=\"og:site_name\" content=\"Krafthand-Truck\" \/>\n<meta property=\"article:published_time\" content=\"2022-03-09T09:00:49+00:00\" \/>\n<meta property=\"article:modified_time\" content=\"2022-03-09T09:03:22+00:00\" \/>\n<meta property=\"og:image\" content=\"https:\/\/static.krafthand-truck.de\/uploads\/2022\/03\/Celsineo_Krone_Kuehlaggregate_01.jpg\" \/>\n\t<meta property=\"og:image:width\" content=\"1200\" \/>\n\t<meta property=\"og:image:height\" content=\"643\" \/>\n\t<meta property=\"og:image:type\" content=\"image\/jpeg\" \/>\n<meta name=\"author\" content=\"georg.blenk@krafthand-medien.de\" \/>\n<meta name=\"twitter:card\" content=\"summary_large_image\" \/>\n<meta name=\"twitter:label1\" content=\"Verfasst von\" \/>\n\t<meta name=\"twitter:data1\" content=\"georg.blenk@krafthand-medien.de\" \/>\n\t<meta name=\"twitter:label2\" content=\"Gesch\u00e4tzte Lesezeit\" \/>\n\t<meta name=\"twitter:data2\" content=\"3\u00a0Minuten\" \/>\n<script type=\"application\/ld+json\" class=\"yoast-schema-graph\">{\"@context\":\"https:\\\/\\\/schema.org\",\"@graph\":[{\"@type\":\"Article\",\"@id\":\"https:\\\/\\\/www.krafthand.de\\\/truck\\\/artikel\\\/kuehlaggregate-celsineo-servicenetz-und-schulungs-trailer-31376\\\/#article\",\"isPartOf\":{\"@id\":\"https:\\\/\\\/www.krafthand.de\\\/truck\\\/artikel\\\/kuehlaggregate-celsineo-servicenetz-und-schulungs-trailer-31376\\\/\"},\"author\":{\"name\":\"georg.blenk@krafthand-medien.de\",\"@id\":\"https:\\\/\\\/www.krafthand.de\\\/truck\\\/#\\\/schema\\\/person\\\/51fa80b1c57034c4bf63f9f988fc24ce\"},\"headline\":\"K\u00fchlaggregate Celsineo: Servicenetz und Schulungs-Trailer\",\"datePublished\":\"2022-03-09T09:00:49+00:00\",\"dateModified\":\"2022-03-09T09:03:22+00:00\",\"mainEntityOfPage\":{\"@id\":\"https:\\\/\\\/www.krafthand.de\\\/truck\\\/artikel\\\/kuehlaggregate-celsineo-servicenetz-und-schulungs-trailer-31376\\\/\"},\"wordCount\":601,\"image\":{\"@id\":\"https:\\\/\\\/www.krafthand.de\\\/truck\\\/artikel\\\/kuehlaggregate-celsineo-servicenetz-und-schulungs-trailer-31376\\\/#primaryimage\"},\"thumbnailUrl\":\"https:\\\/\\\/static.krafthand-truck.de\\\/uploads\\\/2022\\\/03\\\/Celsineo_Krone_Kuehlaggregate_01.jpg\",\"keywords\":[\"Celsineo\",\"Krone\",\"K\u00fchlmodul\",\"Liebherr\",\"Trailer-K\u00fchlaggregat\"],\"articleSection\":[\"Trailer\\\/Aufbauten\",\"Unternehmen\"],\"inLanguage\":\"de\"},{\"@type\":\"WebPage\",\"@id\":\"https:\\\/\\\/www.krafthand.de\\\/truck\\\/artikel\\\/kuehlaggregate-celsineo-servicenetz-und-schulungs-trailer-31376\\\/\",\"url\":\"https:\\\/\\\/www.krafthand.de\\\/truck\\\/artikel\\\/kuehlaggregate-celsineo-servicenetz-und-schulungs-trailer-31376\\\/\",\"name\":\"Trailer-K\u00fchlaggregate Celsineo von Krone und Liebherr, Krafthand-Truck\",\"isPartOf\":{\"@id\":\"https:\\\/\\\/www.krafthand.de\\\/truck\\\/#website\"},\"primaryImageOfPage\":{\"@id\":\"https:\\\/\\\/www.krafthand.de\\\/truck\\\/artikel\\\/kuehlaggregate-celsineo-servicenetz-und-schulungs-trailer-31376\\\/#primaryimage\"},\"image\":{\"@id\":\"https:\\\/\\\/www.krafthand.de\\\/truck\\\/artikel\\\/kuehlaggregate-celsineo-servicenetz-und-schulungs-trailer-31376\\\/#primaryimage\"},\"thumbnailUrl\":\"https:\\\/\\\/static.krafthand-truck.de\\\/uploads\\\/2022\\\/03\\\/Celsineo_Krone_Kuehlaggregate_01.jpg\",\"datePublished\":\"2022-03-09T09:00:49+00:00\",\"dateModified\":\"2022-03-09T09:03:22+00:00\",\"author\":{\"@id\":\"https:\\\/\\\/www.krafthand.de\\\/truck\\\/#\\\/schema\\\/person\\\/51fa80b1c57034c4bf63f9f988fc24ce\"},\"description\":\"Die Trailer-K\u00fchlaggregate der Marke Celsineo, eine Kooperation der Unternehmen Krone und Liebherr, sind seit der Markteinf\u00fchrung 2021 bereits bei zahlreichen Kunden im Einsatz. Einer der Erfolgsfaktoren ist laut Krone das zuverl\u00e4ssige Servicenetz. Zus\u00e4tzlich steht ein Trailer als Ausbildungs- und Trainings-Zentrum zur Verf\u00fcgung.\",\"breadcrumb\":{\"@id\":\"https:\\\/\\\/www.krafthand.de\\\/truck\\\/artikel\\\/kuehlaggregate-celsineo-servicenetz-und-schulungs-trailer-31376\\\/#breadcrumb\"},\"inLanguage\":\"de\",\"potentialAction\":[{\"@type\":\"ReadAction\",\"target\":[\"https:\\\/\\\/www.krafthand.de\\\/truck\\\/artikel\\\/kuehlaggregate-celsineo-servicenetz-und-schulungs-trailer-31376\\\/\"]}]},{\"@type\":\"ImageObject\",\"inLanguage\":\"de\",\"@id\":\"https:\\\/\\\/www.krafthand.de\\\/truck\\\/artikel\\\/kuehlaggregate-celsineo-servicenetz-und-schulungs-trailer-31376\\\/#primaryimage\",\"url\":\"https:\\\/\\\/static.krafthand-truck.de\\\/uploads\\\/2022\\\/03\\\/Celsineo_Krone_Kuehlaggregate_01.jpg\",\"contentUrl\":\"https:\\\/\\\/static.krafthand-truck.de\\\/uploads\\\/2022\\\/03\\\/Celsineo_Krone_Kuehlaggregate_01.jpg\",\"width\":1200,\"height\":643},{\"@type\":\"BreadcrumbList\",\"@id\":\"https:\\\/\\\/www.krafthand.de\\\/truck\\\/artikel\\\/kuehlaggregate-celsineo-servicenetz-und-schulungs-trailer-31376\\\/#breadcrumb\",\"itemListElement\":[{\"@type\":\"ListItem\",\"position\":1,\"name\":\"Krafthand-Truck\",\"item\":\"https:\\\/\\\/www.krafthand.de\\\/truck\\\/\"},{\"@type\":\"ListItem\",\"position\":2,\"name\":\"Nfz-Branche\",\"item\":\"https:\\\/\\\/www.krafthand.de\\\/truck\\\/kategorie\\\/branche\\\/\"},{\"@type\":\"ListItem\",\"position\":3,\"name\":\"Unternehmen\",\"item\":\"https:\\\/\\\/www.krafthand.de\\\/truck\\\/kategorie\\\/branche\\\/unternehmen\\\/\"},{\"@type\":\"ListItem\",\"position\":4,\"name\":\"K\u00fchlaggregate Celsineo: Servicenetz und Schulungs-Trailer\"}]},{\"@type\":\"WebSite\",\"@id\":\"https:\\\/\\\/www.krafthand.de\\\/truck\\\/#website\",\"url\":\"https:\\\/\\\/www.krafthand.de\\\/truck\\\/\",\"name\":\"Krafthand-Truck\",\"description\":\"\",\"potentialAction\":[{\"@type\":\"SearchAction\",\"target\":{\"@type\":\"EntryPoint\",\"urlTemplate\":\"https:\\\/\\\/www.krafthand.de\\\/truck\\\/?s={search_term_string}\"},\"query-input\":{\"@type\":\"PropertyValueSpecification\",\"valueRequired\":true,\"valueName\":\"search_term_string\"}}],\"inLanguage\":\"de\"},{\"@type\":\"Person\",\"@id\":\"https:\\\/\\\/www.krafthand.de\\\/truck\\\/#\\\/schema\\\/person\\\/51fa80b1c57034c4bf63f9f988fc24ce\",\"name\":\"georg.blenk@krafthand-medien.de\",\"image\":{\"@type\":\"ImageObject\",\"inLanguage\":\"de\",\"@id\":\"https:\\\/\\\/secure.gravatar.com\\\/avatar\\\/93713c30affe0aa95d3a4130e499bb1abee2eb31adbdd9ce2aa1543538490215?s=96&d=mm&r=g\",\"url\":\"https:\\\/\\\/secure.gravatar.com\\\/avatar\\\/93713c30affe0aa95d3a4130e499bb1abee2eb31adbdd9ce2aa1543538490215?s=96&d=mm&r=g\",\"contentUrl\":\"https:\\\/\\\/secure.gravatar.com\\\/avatar\\\/93713c30affe0aa95d3a4130e499bb1abee2eb31adbdd9ce2aa1543538490215?s=96&d=mm&r=g\",\"caption\":\"georg.blenk@krafthand-medien.de\"}}]}<\/script>\n<!-- \/ Yoast SEO plugin. -->","yoast_head_json":{"title":"Trailer-K\u00fchlaggregate Celsineo von Krone und Liebherr, Krafthand-Truck","description":"Die Trailer-K\u00fchlaggregate der Marke Celsineo, eine Kooperation der Unternehmen Krone und Liebherr, sind seit der Markteinf\u00fchrung 2021 bereits bei zahlreichen Kunden im Einsatz. Einer der Erfolgsfaktoren ist laut Krone das zuverl\u00e4ssige Servicenetz. Zus\u00e4tzlich steht ein Trailer als Ausbildungs- und Trainings-Zentrum zur Verf\u00fcgung.","robots":{"index":"index","follow":"follow","max-snippet":"max-snippet:-1","max-image-preview":"max-image-preview:large","max-video-preview":"max-video-preview:-1"},"canonical":"https:\/\/www.krafthand.de\/truck\/artikel\/kuehlaggregate-celsineo-servicenetz-und-schulungs-trailer-31376\/","og_locale":"de_DE","og_type":"article","og_title":"Trailer-K\u00fchlaggregate Celsineo von Krone und Liebherr, Krafthand-Truck","og_description":"Die Trailer-K\u00fchlaggregate der Marke Celsineo, eine Kooperation der Unternehmen Krone und Liebherr, sind seit der Markteinf\u00fchrung 2021 bereits bei zahlreichen Kunden im Einsatz. Einer der Erfolgsfaktoren ist laut Krone das zuverl\u00e4ssige Servicenetz. Zus\u00e4tzlich steht ein Trailer als Ausbildungs- und Trainings-Zentrum zur Verf\u00fcgung.","og_url":"https:\/\/www.krafthand-truck.de\/artikel\/kuehlaggregate-celsineo-servicenetz-und-schulungs-trailer-31376\/","og_site_name":"Krafthand-Truck","article_published_time":"2022-03-09T09:00:49+00:00","article_modified_time":"2022-03-09T09:03:22+00:00","og_image":[{"width":1200,"height":643,"url":"https:\/\/static.krafthand-truck.de\/uploads\/2022\/03\/Celsineo_Krone_Kuehlaggregate_01.jpg","type":"image\/jpeg"}],"author":"georg.blenk@krafthand-medien.de","twitter_card":"summary_large_image","twitter_misc":{"Verfasst von":"georg.blenk@krafthand-medien.de","Gesch\u00e4tzte Lesezeit":"3\u00a0Minuten"},"schema":{"@context":"https:\/\/schema.org","@graph":[{"@type":"Article","@id":"https:\/\/www.krafthand.de\/truck\/artikel\/kuehlaggregate-celsineo-servicenetz-und-schulungs-trailer-31376\/#article","isPartOf":{"@id":"https:\/\/www.krafthand.de\/truck\/artikel\/kuehlaggregate-celsineo-servicenetz-und-schulungs-trailer-31376\/"},"author":{"name":"georg.blenk@krafthand-medien.de","@id":"https:\/\/www.krafthand.de\/truck\/#\/schema\/person\/51fa80b1c57034c4bf63f9f988fc24ce"},"headline":"K\u00fchlaggregate Celsineo: Servicenetz und Schulungs-Trailer","datePublished":"2022-03-09T09:00:49+00:00","dateModified":"2022-03-09T09:03:22+00:00","mainEntityOfPage":{"@id":"https:\/\/www.krafthand.de\/truck\/artikel\/kuehlaggregate-celsineo-servicenetz-und-schulungs-trailer-31376\/"},"wordCount":601,"image":{"@id":"https:\/\/www.krafthand.de\/truck\/artikel\/kuehlaggregate-celsineo-servicenetz-und-schulungs-trailer-31376\/#primaryimage"},"thumbnailUrl":"https:\/\/static.krafthand-truck.de\/uploads\/2022\/03\/Celsineo_Krone_Kuehlaggregate_01.jpg","keywords":["Celsineo","Krone","K\u00fchlmodul","Liebherr","Trailer-K\u00fchlaggregat"],"articleSection":["Trailer\/Aufbauten","Unternehmen"],"inLanguage":"de"},{"@type":"WebPage","@id":"https:\/\/www.krafthand.de\/truck\/artikel\/kuehlaggregate-celsineo-servicenetz-und-schulungs-trailer-31376\/","url":"https:\/\/www.krafthand.de\/truck\/artikel\/kuehlaggregate-celsineo-servicenetz-und-schulungs-trailer-31376\/","name":"Trailer-K\u00fchlaggregate Celsineo von Krone und Liebherr, Krafthand-Truck","isPartOf":{"@id":"https:\/\/www.krafthand.de\/truck\/#website"},"primaryImageOfPage":{"@id":"https:\/\/www.krafthand.de\/truck\/artikel\/kuehlaggregate-celsineo-servicenetz-und-schulungs-trailer-31376\/#primaryimage"},"image":{"@id":"https:\/\/www.krafthand.de\/truck\/artikel\/kuehlaggregate-celsineo-servicenetz-und-schulungs-trailer-31376\/#primaryimage"},"thumbnailUrl":"https:\/\/static.krafthand-truck.de\/uploads\/2022\/03\/Celsineo_Krone_Kuehlaggregate_01.jpg","datePublished":"2022-03-09T09:00:49+00:00","dateModified":"2022-03-09T09:03:22+00:00","author":{"@id":"https:\/\/www.krafthand.de\/truck\/#\/schema\/person\/51fa80b1c57034c4bf63f9f988fc24ce"},"description":"Die Trailer-K\u00fchlaggregate der Marke Celsineo, eine Kooperation der Unternehmen Krone und Liebherr, sind seit der Markteinf\u00fchrung 2021 bereits bei zahlreichen Kunden im Einsatz. Einer der Erfolgsfaktoren ist laut Krone das zuverl\u00e4ssige Servicenetz. Zus\u00e4tzlich steht ein Trailer als Ausbildungs- und Trainings-Zentrum zur Verf\u00fcgung.","breadcrumb":{"@id":"https:\/\/www.krafthand.de\/truck\/artikel\/kuehlaggregate-celsineo-servicenetz-und-schulungs-trailer-31376\/#breadcrumb"},"inLanguage":"de","potentialAction":[{"@type":"ReadAction","target":["https:\/\/www.krafthand.de\/truck\/artikel\/kuehlaggregate-celsineo-servicenetz-und-schulungs-trailer-31376\/"]}]},{"@type":"ImageObject","inLanguage":"de","@id":"https:\/\/www.krafthand.de\/truck\/artikel\/kuehlaggregate-celsineo-servicenetz-und-schulungs-trailer-31376\/#primaryimage","url":"https:\/\/static.krafthand-truck.de\/uploads\/2022\/03\/Celsineo_Krone_Kuehlaggregate_01.jpg","contentUrl":"https:\/\/static.krafthand-truck.de\/uploads\/2022\/03\/Celsineo_Krone_Kuehlaggregate_01.jpg","width":1200,"height":643},{"@type":"BreadcrumbList","@id":"https:\/\/www.krafthand.de\/truck\/artikel\/kuehlaggregate-celsineo-servicenetz-und-schulungs-trailer-31376\/#breadcrumb","itemListElement":[{"@type":"ListItem","position":1,"name":"Krafthand-Truck","item":"https:\/\/www.krafthand.de\/truck\/"},{"@type":"ListItem","position":2,"name":"Nfz-Branche","item":"https:\/\/www.krafthand.de\/truck\/kategorie\/branche\/"},{"@type":"ListItem","position":3,"name":"Unternehmen","item":"https:\/\/www.krafthand.de\/truck\/kategorie\/branche\/unternehmen\/"},{"@type":"ListItem","position":4,"name":"K\u00fchlaggregate Celsineo: Servicenetz und Schulungs-Trailer"}]},{"@type":"WebSite","@id":"https:\/\/www.krafthand.de\/truck\/#website","url":"https:\/\/www.krafthand.de\/truck\/","name":"Krafthand-Truck","description":"","potentialAction":[{"@type":"SearchAction","target":{"@type":"EntryPoint","urlTemplate":"https:\/\/www.krafthand.de\/truck\/?s={search_term_string}"},"query-input":{"@type":"PropertyValueSpecification","valueRequired":true,"valueName":"search_term_string"}}],"inLanguage":"de"},{"@type":"Person","@id":"https:\/\/www.krafthand.de\/truck\/#\/schema\/person\/51fa80b1c57034c4bf63f9f988fc24ce","name":"georg.blenk@krafthand-medien.de","image":{"@type":"ImageObject","inLanguage":"de","@id":"https:\/\/secure.gravatar.com\/avatar\/93713c30affe0aa95d3a4130e499bb1abee2eb31adbdd9ce2aa1543538490215?s=96&d=mm&r=g","url":"https:\/\/secure.gravatar.com\/avatar\/93713c30affe0aa95d3a4130e499bb1abee2eb31adbdd9ce2aa1543538490215?s=96&d=mm&r=g","contentUrl":"https:\/\/secure.gravatar.com\/avatar\/93713c30affe0aa95d3a4130e499bb1abee2eb31adbdd9ce2aa1543538490215?s=96&d=mm&r=g","caption":"georg.blenk@krafthand-medien.de"}}]}},"_links":{"self":[{"href":"https:\/\/www.krafthand.de\/truck\/wp-json\/wp\/v2\/posts\/31376","targetHints":{"allow":["GET"]}}],"collection":[{"href":"https:\/\/www.krafthand.de\/truck\/wp-json\/wp\/v2\/posts"}],"about":[{"href":"https:\/\/www.krafthand.de\/truck\/wp-json\/wp\/v2\/types\/post"}],"author":[{"embeddable":true,"href":"https:\/\/www.krafthand.de\/truck\/wp-json\/wp\/v2\/users\/9"}],"replies":[{"embeddable":true,"href":"https:\/\/www.krafthand.de\/truck\/wp-json\/wp\/v2\/comments?post=31376"}],"version-history":[{"count":16,"href":"https:\/\/www.krafthand.de\/truck\/wp-json\/wp\/v2\/posts\/31376\/revisions"}],"predecessor-version":[{"id":31400,"href":"https:\/\/www.krafthand.de\/truck\/wp-json\/wp\/v2\/posts\/31376\/revisions\/31400"}],"wp:featuredmedia":[{"embeddable":true,"href":"https:\/\/www.krafthand.de\/truck\/wp-json\/wp\/v2\/media\/31378"}],"wp:attachment":[{"href":"https:\/\/www.krafthand.de\/truck\/wp-json\/wp\/v2\/media?parent=31376"}],"wp:term":[{"taxonomy":"category","embeddable":true,"href":"https:\/\/www.krafthand.de\/truck\/wp-json\/wp\/v2\/categories?post=31376"},{"taxonomy":"post_tag","embeddable":true,"href":"https:\/\/www.krafthand.de\/truck\/wp-json\/wp\/v2\/tags?post=31376"},{"taxonomy":"settings","embeddable":true,"href":"https:\/\/www.krafthand.de\/truck\/wp-json\/wp\/v2\/settings?post=31376"}],"curies":[{"name":"wp","href":"https:\/\/api.w.org\/{rel}","templated":true}]}}