{"id":3136,"date":"2017-07-28T08:08:47","date_gmt":"2017-07-28T06:08:47","guid":{"rendered":"https:\/\/www.krafthand.de\/truck\/artikel\/renault-trucks-fuehrt-ein-neues-guetesiegel-fuer-gebraucht-lkw-ein-3136\/"},"modified":"2017-07-28T08:08:47","modified_gmt":"2017-07-28T06:08:47","slug":"renault-trucks-fuehrt-ein-neues-guetesiegel-fuer-gebraucht-lkw-ein","status":"publish","type":"post","link":"https:\/\/www.krafthand.de\/truck\/artikel\/renault-trucks-fuehrt-ein-neues-guetesiegel-fuer-gebraucht-lkw-ein-3136\/","title":{"rendered":"Renault Trucks f\u00fchrt ein neues G\u00fctesiegel f\u00fcr Gebraucht-Lkw ein"},"content":{"rendered":"<p class=\"text-colored\">Die Renault Trucks T-Baureihe erh\u00e4lt ab sofort das G\u00fctesiegel Renault-Trucks-Selection. Renault Trucks bietet damit eine Garantie von zw\u00f6lf Monaten oder 120.000 Kilometern auf den Antriebsstrang. Neue Technologien an Bord der Renault-Trucks-T-Baureihe sollen es Kunden zudem erm\u00f6glichen, die Fahrweise und den Verbrauch zu optimieren.<\/p>\n<p>Renault Trucks f\u00fchrt in Deutschland das G\u00fctesiegel Renault-Trucks-Selection f\u00fcr alle gebrauchten Fahrzeuge der Fernverkehrsbaureihe T ein. Dieses G\u00fctesiegel enth\u00e4lt eine Antriebsstranggarantie f\u00fcr ein Jahr oder 120.000 Kilometer durch den Hersteller sowie eine ebenfalls einj\u00e4hrige Abschleppversicherung. Kunden k\u00f6nnen dar\u00fcber hinaus Gebraucht-Lkw erwerben, die mittels eines 200-Punkte-Plans strikt nach Herstellervorgaben gepr\u00fcft, aufbereitet und zertifiziert worden sind. Fahrzeuge, die das G\u00fctesiegel Renault-Trucks-Selection tragen, weisen au\u00dferdem eine l\u00fcckenlose Fahrzeughistorie mit Herstellerdokumentation auf.<\/p>\n<p>Renault-Trucks-Selection-Fahrzeuge verf\u00fcgen dar\u00fcber hinaus \u00fcber aktuelle Technologien zur Optimierung der Fahrweise (Optifleet mit ECO-Score) und zur Senkung des Verbrauchs um bis zu 5 Prozent (Eco-Cruise-Control einschlie\u00dflich Optiroll, automatischer Motorabschaltung und Sperrung des Power-Modus). Durch das serienm\u00e4\u00dfig vorger\u00fcstete Fuhrparkmanagementsystem Optifleet k\u00f6nnen die Betriebskosten des Fahrzeugs weiter verringert werden. Das System zeigt unter anderem Fahrgeschwindigkeit, die genaue Position und die Streckenverl\u00e4ufe an. Dar\u00fcber hinaus k\u00f6nnen technische Daten wie Kraftstoffverbrauch, prozentualer Leerlauf-Zeitanteil oder Anzahl der Bremspedalbet\u00e4tigungen problemlos aus der Ferne analysiert werden. Bei gr\u00f6\u00dferen Ver\u00e4nderungen des Tankinhalts&nbsp; erhalten Kunden einen Warnhinweis im System, um m\u00f6glichst schnell reagieren zu k\u00f6nnen. <\/p>\n<p><b>Ab sofort verf\u00fcgbar<br \/><\/b>Passend zur Einf\u00fchrung des G\u00fctesiegels Renault-Trucks-Selection bietet Renault Trucks in&nbsp; Deutschland nun Renault Trucks T als junge Gebraucht-Lkw (maximal 26 Monate Laufzeit bzw. 280.000 Kilometer Laufleistung) in der Version Sleeper Cab mit einem 11-Liter Motor, Voith-Retarder und 460 PS an. Die Fahrzeuge sind sofort verf\u00fcgbar und erf\u00fcllen die seit 2013 g\u00fcltige Euro-6-Norm. \u00dcberdies sind die beiden Ausstattungspakete Fuel Eco und Komfort sowie eine komplett neue Bereifung inbegriffen. Um sowohl Flexibilit\u00e4t als auch Sicherheit f\u00fcr den Kunden zu optimieren, enth\u00e4lt das Angebot neben den&nbsp; schon genannten Vorz\u00fcgen des Selection-G\u00fctesiegels auch eine variablen Leasing-Laufzeit sowie eine GAP-Versicherung.<\/p>\n","protected":false},"excerpt":{"rendered":"<p>Die Renault Trucks T-Baureihe erh\u00e4lt ab sofort das G\u00fctesiegel Renault-Trucks-Selection. Renault Trucks bietet damit eine Garantie von zw\u00f6lf Monaten oder 120.000 Kilometern auf den Antriebsstrang. Neue Technologien an Bord der Renault-Trucks-T-Baureihe sollen es Kunden zudem erm\u00f6glichen, die Fahrweise und den Verbrauch zu optimieren. <span class=\"excerpt-more__dots\">&#8230;<\/span> <a class=\"excerpt-more__link\" href=\"https:\/\/www.krafthand.de\/truck\/artikel\/renault-trucks-fuehrt-ein-neues-guetesiegel-fuer-gebraucht-lkw-ein-3136\/\" >weiter<\/a><\/p>\n","protected":false},"author":3,"featured_media":3137,"comment_status":"closed","ping_status":"closed","sticky":false,"template":"","format":"standard","meta":{"footnotes":""},"categories":[5],"tags":[3162,3163,1343],"settings":[],"class_list":["post-3136","post","type-post","status-publish","format-standard","has-post-thumbnail","hentry","category-branche","tag-guetesiegel","tag-lkwgebraucht-lkw-ein","tag-renault-trucks"],"yoast_head":"<!-- This site is optimized with the Yoast SEO plugin v27.3 - https:\/\/yoast.com\/product\/yoast-seo-wordpress\/ -->\n<title>Renault Trucks f\u00fchrt ein neues G\u00fctesiegel f\u00fcr Gebraucht-Lkw ein - Krafthand-Truck<\/title>\n<meta name=\"robots\" content=\"index, follow, max-snippet:-1, max-image-preview:large, max-video-preview:-1\" \/>\n<link rel=\"canonical\" href=\"https:\/\/www.krafthand.de\/truck\/artikel\/renault-trucks-fuehrt-ein-neues-guetesiegel-fuer-gebraucht-lkw-ein-3136\/\" \/>\n<meta property=\"og:locale\" content=\"de_DE\" \/>\n<meta property=\"og:type\" content=\"article\" \/>\n<meta property=\"og:title\" content=\"Renault Trucks f\u00fchrt ein neues G\u00fctesiegel f\u00fcr Gebraucht-Lkw ein - Krafthand-Truck\" \/>\n<meta property=\"og:description\" content=\"Die Renault Trucks T-Baureihe erh\u00e4lt ab sofort das G\u00fctesiegel Renault-Trucks-Selection. Renault Trucks bietet damit eine Garantie von zw\u00f6lf Monaten oder 120.000 Kilometern auf den Antriebsstrang. Neue Technologien an Bord der Renault-Trucks-T-Baureihe sollen es Kunden zudem erm\u00f6glichen, die Fahrweise und den Verbrauch zu optimieren. ... weiter\" \/>\n<meta property=\"og:url\" content=\"https:\/\/www.krafthand-truck.de\/artikel\/renault-trucks-fuehrt-ein-neues-guetesiegel-fuer-gebraucht-lkw-ein-3136\/\" \/>\n<meta property=\"og:site_name\" content=\"Krafthand-Truck\" \/>\n<meta property=\"article:published_time\" content=\"2017-07-28T06:08:47+00:00\" \/>\n<meta property=\"og:image\" content=\"https:\/\/www.krafthand.de\/truck\/wp-content\/uploads\/2017\/07\/Renault_Trucks__.jpg\" \/>\n\t<meta property=\"og:image:width\" content=\"1200\" \/>\n\t<meta property=\"og:image:height\" content=\"246\" \/>\n\t<meta property=\"og:image:type\" content=\"image\/jpeg\" \/>\n<meta name=\"author\" content=\"katja.heid@krafthand.de\" \/>\n<meta name=\"twitter:card\" content=\"summary_large_image\" \/>\n<meta name=\"twitter:label1\" content=\"Verfasst von\" \/>\n\t<meta name=\"twitter:data1\" content=\"katja.heid@krafthand.de\" \/>\n\t<meta name=\"twitter:label2\" content=\"Gesch\u00e4tzte Lesezeit\" \/>\n\t<meta name=\"twitter:data2\" content=\"2\u00a0Minuten\" \/>\n<script type=\"application\/ld+json\" class=\"yoast-schema-graph\">{\"@context\":\"https:\\\/\\\/schema.org\",\"@graph\":[{\"@type\":\"Article\",\"@id\":\"https:\\\/\\\/www.krafthand.de\\\/truck\\\/artikel\\\/renault-trucks-fuehrt-ein-neues-guetesiegel-fuer-gebraucht-lkw-ein-3136\\\/#article\",\"isPartOf\":{\"@id\":\"https:\\\/\\\/www.krafthand.de\\\/truck\\\/artikel\\\/renault-trucks-fuehrt-ein-neues-guetesiegel-fuer-gebraucht-lkw-ein-3136\\\/\"},\"author\":{\"name\":\"katja.heid@krafthand.de\",\"@id\":\"https:\\\/\\\/www.krafthand.de\\\/truck\\\/#\\\/schema\\\/person\\\/8e290c6d425b72d176adc7767a251001\"},\"headline\":\"Renault Trucks f\u00fchrt ein neues G\u00fctesiegel f\u00fcr Gebraucht-Lkw ein\",\"datePublished\":\"2017-07-28T06:08:47+00:00\",\"mainEntityOfPage\":{\"@id\":\"https:\\\/\\\/www.krafthand.de\\\/truck\\\/artikel\\\/renault-trucks-fuehrt-ein-neues-guetesiegel-fuer-gebraucht-lkw-ein-3136\\\/\"},\"wordCount\":358,\"image\":{\"@id\":\"https:\\\/\\\/www.krafthand.de\\\/truck\\\/artikel\\\/renault-trucks-fuehrt-ein-neues-guetesiegel-fuer-gebraucht-lkw-ein-3136\\\/#primaryimage\"},\"thumbnailUrl\":\"https:\\\/\\\/static.krafthand-truck.de\\\/uploads\\\/2017\\\/07\\\/Renault_Trucks__.jpg\",\"keywords\":[\"G\u00fctesiegel\",\"LkwGebraucht-Lkw ein\",\"Renault Trucks\"],\"articleSection\":[\"Nfz-Branche\"],\"inLanguage\":\"de\"},{\"@type\":\"WebPage\",\"@id\":\"https:\\\/\\\/www.krafthand.de\\\/truck\\\/artikel\\\/renault-trucks-fuehrt-ein-neues-guetesiegel-fuer-gebraucht-lkw-ein-3136\\\/\",\"url\":\"https:\\\/\\\/www.krafthand.de\\\/truck\\\/artikel\\\/renault-trucks-fuehrt-ein-neues-guetesiegel-fuer-gebraucht-lkw-ein-3136\\\/\",\"name\":\"Renault Trucks f\u00fchrt ein neues G\u00fctesiegel f\u00fcr Gebraucht-Lkw ein - Krafthand-Truck\",\"isPartOf\":{\"@id\":\"https:\\\/\\\/www.krafthand.de\\\/truck\\\/#website\"},\"primaryImageOfPage\":{\"@id\":\"https:\\\/\\\/www.krafthand.de\\\/truck\\\/artikel\\\/renault-trucks-fuehrt-ein-neues-guetesiegel-fuer-gebraucht-lkw-ein-3136\\\/#primaryimage\"},\"image\":{\"@id\":\"https:\\\/\\\/www.krafthand.de\\\/truck\\\/artikel\\\/renault-trucks-fuehrt-ein-neues-guetesiegel-fuer-gebraucht-lkw-ein-3136\\\/#primaryimage\"},\"thumbnailUrl\":\"https:\\\/\\\/static.krafthand-truck.de\\\/uploads\\\/2017\\\/07\\\/Renault_Trucks__.jpg\",\"datePublished\":\"2017-07-28T06:08:47+00:00\",\"author\":{\"@id\":\"https:\\\/\\\/www.krafthand.de\\\/truck\\\/#\\\/schema\\\/person\\\/8e290c6d425b72d176adc7767a251001\"},\"breadcrumb\":{\"@id\":\"https:\\\/\\\/www.krafthand.de\\\/truck\\\/artikel\\\/renault-trucks-fuehrt-ein-neues-guetesiegel-fuer-gebraucht-lkw-ein-3136\\\/#breadcrumb\"},\"inLanguage\":\"de\",\"potentialAction\":[{\"@type\":\"ReadAction\",\"target\":[\"https:\\\/\\\/www.krafthand.de\\\/truck\\\/artikel\\\/renault-trucks-fuehrt-ein-neues-guetesiegel-fuer-gebraucht-lkw-ein-3136\\\/\"]}]},{\"@type\":\"ImageObject\",\"inLanguage\":\"de\",\"@id\":\"https:\\\/\\\/www.krafthand.de\\\/truck\\\/artikel\\\/renault-trucks-fuehrt-ein-neues-guetesiegel-fuer-gebraucht-lkw-ein-3136\\\/#primaryimage\",\"url\":\"https:\\\/\\\/static.krafthand-truck.de\\\/uploads\\\/2017\\\/07\\\/Renault_Trucks__.jpg\",\"contentUrl\":\"https:\\\/\\\/static.krafthand-truck.de\\\/uploads\\\/2017\\\/07\\\/Renault_Trucks__.jpg\",\"width\":1200,\"height\":246,\"caption\":\"Links: Sofort verf\u00fcgbare Gebraucht-Lkw in der Version Renault Trucks T Sleeper Cab. Rechts: Renault Trucks f\u00fchrt in Deutschland das G\u00fctesiegel Renault Trucks Selection f\u00fcr alle gebrauchten Fahrzeuge der Fernverkehrsbaureihe T ein. Bild: Renault Trucks\"},{\"@type\":\"BreadcrumbList\",\"@id\":\"https:\\\/\\\/www.krafthand.de\\\/truck\\\/artikel\\\/renault-trucks-fuehrt-ein-neues-guetesiegel-fuer-gebraucht-lkw-ein-3136\\\/#breadcrumb\",\"itemListElement\":[{\"@type\":\"ListItem\",\"position\":1,\"name\":\"Krafthand-Truck\",\"item\":\"https:\\\/\\\/www.krafthand.de\\\/truck\\\/\"},{\"@type\":\"ListItem\",\"position\":2,\"name\":\"Nfz-Branche\",\"item\":\"https:\\\/\\\/www.krafthand.de\\\/truck\\\/kategorie\\\/branche\\\/\"},{\"@type\":\"ListItem\",\"position\":3,\"name\":\"Renault Trucks f\u00fchrt ein neues G\u00fctesiegel f\u00fcr Gebraucht-Lkw ein\"}]},{\"@type\":\"WebSite\",\"@id\":\"https:\\\/\\\/www.krafthand.de\\\/truck\\\/#website\",\"url\":\"https:\\\/\\\/www.krafthand.de\\\/truck\\\/\",\"name\":\"Krafthand-Truck\",\"description\":\"\",\"potentialAction\":[{\"@type\":\"SearchAction\",\"target\":{\"@type\":\"EntryPoint\",\"urlTemplate\":\"https:\\\/\\\/www.krafthand.de\\\/truck\\\/?s={search_term_string}\"},\"query-input\":{\"@type\":\"PropertyValueSpecification\",\"valueRequired\":true,\"valueName\":\"search_term_string\"}}],\"inLanguage\":\"de\"},{\"@type\":\"Person\",\"@id\":\"https:\\\/\\\/www.krafthand.de\\\/truck\\\/#\\\/schema\\\/person\\\/8e290c6d425b72d176adc7767a251001\",\"name\":\"katja.heid@krafthand.de\",\"image\":{\"@type\":\"ImageObject\",\"inLanguage\":\"de\",\"@id\":\"https:\\\/\\\/secure.gravatar.com\\\/avatar\\\/9a2930c54ede0e0a76c0f8abfb74704de273084f2aa0e3c6deb2c86704c7402b?s=96&d=mm&r=g\",\"url\":\"https:\\\/\\\/secure.gravatar.com\\\/avatar\\\/9a2930c54ede0e0a76c0f8abfb74704de273084f2aa0e3c6deb2c86704c7402b?s=96&d=mm&r=g\",\"contentUrl\":\"https:\\\/\\\/secure.gravatar.com\\\/avatar\\\/9a2930c54ede0e0a76c0f8abfb74704de273084f2aa0e3c6deb2c86704c7402b?s=96&d=mm&r=g\",\"caption\":\"katja.heid@krafthand.de\"}}]}<\/script>\n<!-- \/ Yoast SEO plugin. -->","yoast_head_json":{"title":"Renault Trucks f\u00fchrt ein neues G\u00fctesiegel f\u00fcr Gebraucht-Lkw ein - Krafthand-Truck","robots":{"index":"index","follow":"follow","max-snippet":"max-snippet:-1","max-image-preview":"max-image-preview:large","max-video-preview":"max-video-preview:-1"},"canonical":"https:\/\/www.krafthand.de\/truck\/artikel\/renault-trucks-fuehrt-ein-neues-guetesiegel-fuer-gebraucht-lkw-ein-3136\/","og_locale":"de_DE","og_type":"article","og_title":"Renault Trucks f\u00fchrt ein neues G\u00fctesiegel f\u00fcr Gebraucht-Lkw ein - Krafthand-Truck","og_description":"Die Renault Trucks T-Baureihe erh\u00e4lt ab sofort das G\u00fctesiegel Renault-Trucks-Selection. Renault Trucks bietet damit eine Garantie von zw\u00f6lf Monaten oder 120.000 Kilometern auf den Antriebsstrang. Neue Technologien an Bord der Renault-Trucks-T-Baureihe sollen es Kunden zudem erm\u00f6glichen, die Fahrweise und den Verbrauch zu optimieren. ... weiter","og_url":"https:\/\/www.krafthand-truck.de\/artikel\/renault-trucks-fuehrt-ein-neues-guetesiegel-fuer-gebraucht-lkw-ein-3136\/","og_site_name":"Krafthand-Truck","article_published_time":"2017-07-28T06:08:47+00:00","og_image":[{"width":1200,"height":246,"url":"https:\/\/www.krafthand.de\/truck\/wp-content\/uploads\/2017\/07\/Renault_Trucks__.jpg","type":"image\/jpeg"}],"author":"katja.heid@krafthand.de","twitter_card":"summary_large_image","twitter_misc":{"Verfasst von":"katja.heid@krafthand.de","Gesch\u00e4tzte Lesezeit":"2\u00a0Minuten"},"schema":{"@context":"https:\/\/schema.org","@graph":[{"@type":"Article","@id":"https:\/\/www.krafthand.de\/truck\/artikel\/renault-trucks-fuehrt-ein-neues-guetesiegel-fuer-gebraucht-lkw-ein-3136\/#article","isPartOf":{"@id":"https:\/\/www.krafthand.de\/truck\/artikel\/renault-trucks-fuehrt-ein-neues-guetesiegel-fuer-gebraucht-lkw-ein-3136\/"},"author":{"name":"katja.heid@krafthand.de","@id":"https:\/\/www.krafthand.de\/truck\/#\/schema\/person\/8e290c6d425b72d176adc7767a251001"},"headline":"Renault Trucks f\u00fchrt ein neues G\u00fctesiegel f\u00fcr Gebraucht-Lkw ein","datePublished":"2017-07-28T06:08:47+00:00","mainEntityOfPage":{"@id":"https:\/\/www.krafthand.de\/truck\/artikel\/renault-trucks-fuehrt-ein-neues-guetesiegel-fuer-gebraucht-lkw-ein-3136\/"},"wordCount":358,"image":{"@id":"https:\/\/www.krafthand.de\/truck\/artikel\/renault-trucks-fuehrt-ein-neues-guetesiegel-fuer-gebraucht-lkw-ein-3136\/#primaryimage"},"thumbnailUrl":"https:\/\/static.krafthand-truck.de\/uploads\/2017\/07\/Renault_Trucks__.jpg","keywords":["G\u00fctesiegel","LkwGebraucht-Lkw ein","Renault Trucks"],"articleSection":["Nfz-Branche"],"inLanguage":"de"},{"@type":"WebPage","@id":"https:\/\/www.krafthand.de\/truck\/artikel\/renault-trucks-fuehrt-ein-neues-guetesiegel-fuer-gebraucht-lkw-ein-3136\/","url":"https:\/\/www.krafthand.de\/truck\/artikel\/renault-trucks-fuehrt-ein-neues-guetesiegel-fuer-gebraucht-lkw-ein-3136\/","name":"Renault Trucks f\u00fchrt ein neues G\u00fctesiegel f\u00fcr Gebraucht-Lkw ein - Krafthand-Truck","isPartOf":{"@id":"https:\/\/www.krafthand.de\/truck\/#website"},"primaryImageOfPage":{"@id":"https:\/\/www.krafthand.de\/truck\/artikel\/renault-trucks-fuehrt-ein-neues-guetesiegel-fuer-gebraucht-lkw-ein-3136\/#primaryimage"},"image":{"@id":"https:\/\/www.krafthand.de\/truck\/artikel\/renault-trucks-fuehrt-ein-neues-guetesiegel-fuer-gebraucht-lkw-ein-3136\/#primaryimage"},"thumbnailUrl":"https:\/\/static.krafthand-truck.de\/uploads\/2017\/07\/Renault_Trucks__.jpg","datePublished":"2017-07-28T06:08:47+00:00","author":{"@id":"https:\/\/www.krafthand.de\/truck\/#\/schema\/person\/8e290c6d425b72d176adc7767a251001"},"breadcrumb":{"@id":"https:\/\/www.krafthand.de\/truck\/artikel\/renault-trucks-fuehrt-ein-neues-guetesiegel-fuer-gebraucht-lkw-ein-3136\/#breadcrumb"},"inLanguage":"de","potentialAction":[{"@type":"ReadAction","target":["https:\/\/www.krafthand.de\/truck\/artikel\/renault-trucks-fuehrt-ein-neues-guetesiegel-fuer-gebraucht-lkw-ein-3136\/"]}]},{"@type":"ImageObject","inLanguage":"de","@id":"https:\/\/www.krafthand.de\/truck\/artikel\/renault-trucks-fuehrt-ein-neues-guetesiegel-fuer-gebraucht-lkw-ein-3136\/#primaryimage","url":"https:\/\/static.krafthand-truck.de\/uploads\/2017\/07\/Renault_Trucks__.jpg","contentUrl":"https:\/\/static.krafthand-truck.de\/uploads\/2017\/07\/Renault_Trucks__.jpg","width":1200,"height":246,"caption":"Links: Sofort verf\u00fcgbare Gebraucht-Lkw in der Version Renault Trucks T Sleeper Cab. Rechts: Renault Trucks f\u00fchrt in Deutschland das G\u00fctesiegel Renault Trucks Selection f\u00fcr alle gebrauchten Fahrzeuge der Fernverkehrsbaureihe T ein. Bild: Renault Trucks"},{"@type":"BreadcrumbList","@id":"https:\/\/www.krafthand.de\/truck\/artikel\/renault-trucks-fuehrt-ein-neues-guetesiegel-fuer-gebraucht-lkw-ein-3136\/#breadcrumb","itemListElement":[{"@type":"ListItem","position":1,"name":"Krafthand-Truck","item":"https:\/\/www.krafthand.de\/truck\/"},{"@type":"ListItem","position":2,"name":"Nfz-Branche","item":"https:\/\/www.krafthand.de\/truck\/kategorie\/branche\/"},{"@type":"ListItem","position":3,"name":"Renault Trucks f\u00fchrt ein neues G\u00fctesiegel f\u00fcr Gebraucht-Lkw ein"}]},{"@type":"WebSite","@id":"https:\/\/www.krafthand.de\/truck\/#website","url":"https:\/\/www.krafthand.de\/truck\/","name":"Krafthand-Truck","description":"","potentialAction":[{"@type":"SearchAction","target":{"@type":"EntryPoint","urlTemplate":"https:\/\/www.krafthand.de\/truck\/?s={search_term_string}"},"query-input":{"@type":"PropertyValueSpecification","valueRequired":true,"valueName":"search_term_string"}}],"inLanguage":"de"},{"@type":"Person","@id":"https:\/\/www.krafthand.de\/truck\/#\/schema\/person\/8e290c6d425b72d176adc7767a251001","name":"katja.heid@krafthand.de","image":{"@type":"ImageObject","inLanguage":"de","@id":"https:\/\/secure.gravatar.com\/avatar\/9a2930c54ede0e0a76c0f8abfb74704de273084f2aa0e3c6deb2c86704c7402b?s=96&d=mm&r=g","url":"https:\/\/secure.gravatar.com\/avatar\/9a2930c54ede0e0a76c0f8abfb74704de273084f2aa0e3c6deb2c86704c7402b?s=96&d=mm&r=g","contentUrl":"https:\/\/secure.gravatar.com\/avatar\/9a2930c54ede0e0a76c0f8abfb74704de273084f2aa0e3c6deb2c86704c7402b?s=96&d=mm&r=g","caption":"katja.heid@krafthand.de"}}]}},"_links":{"self":[{"href":"https:\/\/www.krafthand.de\/truck\/wp-json\/wp\/v2\/posts\/3136","targetHints":{"allow":["GET"]}}],"collection":[{"href":"https:\/\/www.krafthand.de\/truck\/wp-json\/wp\/v2\/posts"}],"about":[{"href":"https:\/\/www.krafthand.de\/truck\/wp-json\/wp\/v2\/types\/post"}],"author":[{"embeddable":true,"href":"https:\/\/www.krafthand.de\/truck\/wp-json\/wp\/v2\/users\/3"}],"replies":[{"embeddable":true,"href":"https:\/\/www.krafthand.de\/truck\/wp-json\/wp\/v2\/comments?post=3136"}],"version-history":[{"count":0,"href":"https:\/\/www.krafthand.de\/truck\/wp-json\/wp\/v2\/posts\/3136\/revisions"}],"wp:featuredmedia":[{"embeddable":true,"href":"https:\/\/www.krafthand.de\/truck\/wp-json\/wp\/v2\/media\/3137"}],"wp:attachment":[{"href":"https:\/\/www.krafthand.de\/truck\/wp-json\/wp\/v2\/media?parent=3136"}],"wp:term":[{"taxonomy":"category","embeddable":true,"href":"https:\/\/www.krafthand.de\/truck\/wp-json\/wp\/v2\/categories?post=3136"},{"taxonomy":"post_tag","embeddable":true,"href":"https:\/\/www.krafthand.de\/truck\/wp-json\/wp\/v2\/tags?post=3136"},{"taxonomy":"settings","embeddable":true,"href":"https:\/\/www.krafthand.de\/truck\/wp-json\/wp\/v2\/settings?post=3136"}],"curies":[{"name":"wp","href":"https:\/\/api.w.org\/{rel}","templated":true}]}}