{"id":31309,"date":"2022-03-04T10:31:07","date_gmt":"2022-03-04T09:31:07","guid":{"rendered":"https:\/\/www.krafthand.de\/truck\/?p=31309"},"modified":"2022-03-08T08:13:34","modified_gmt":"2022-03-08T07:13:34","slug":"hybrid-ht3-neuer-trailer-reifen-von-continental","status":"publish","type":"post","link":"https:\/\/www.krafthand.de\/truck\/artikel\/hybrid-ht3-neuer-trailer-reifen-von-continental-31309\/","title":{"rendered":"Hybrid HT3+: Neuer Trailer-Reifen von Continental"},"content":{"rendered":"<p>Die Reifenlinie Conti-Hybrid f\u00fcr den Regionalverkehr bekommt mit dem Plus in der Produktbezeichnung nicht nur \u00e4u\u00dferlich ein Update. Mit einer verbesserten Leistung auf kurvigen, h\u00fcgeligen Stra\u00dfen und der hohen Anpassungsf\u00e4higkeit an Langstrecken sollen die Reifen laut Conti f\u00fcr eine hervorragende Laufleistung und einen minimalen Kraftstoffverbrauch sorgen. Nachdem <a href=\"https:\/\/www.continental-reifen.de\/\/bus-und-lkw\" target=\"_blank\" rel=\"noopener\">Continental<\/a> in den vergangenen Monaten bereits den Conti Hybrid HS3+ f\u00fcr die Lenkachse als Nachfolger f\u00fcr den Conti Hybrid HS3 eingef\u00fchrt hat, folgt nun die Markteinf\u00fchrung des Conti Hybrid HT3+.<\/p>\n<figure id=\"attachment_31314\" aria-describedby=\"caption-attachment-31314\" style=\"width: 244px\" class=\"wp-caption alignright\"><a href=\"https:\/\/static.krafthand-truck.de\/uploads\/2022\/03\/Continental_Hinnerk-Kaiser_Krafthand_Truck.jpg\" target=\"_blank\" rel=\"noopener\"><img fetchpriority=\"high\" decoding=\"async\" class=\"wp-image-31314 size-medium\" src=\"https:\/\/static.krafthand-truck.de\/uploads\/2022\/03\/Continental_Hinnerk-Kaiser_Krafthand_Truck-244x300.jpg\" alt=\"\" width=\"244\" height=\"300\" srcset=\"https:\/\/static.krafthand-truck.de\/uploads\/2022\/03\/Continental_Hinnerk-Kaiser_Krafthand_Truck-244x300.jpg 244w, https:\/\/static.krafthand-truck.de\/uploads\/2022\/03\/Continental_Hinnerk-Kaiser_Krafthand_Truck-768x944.jpg 768w, https:\/\/static.krafthand-truck.de\/uploads\/2022\/03\/Continental_Hinnerk-Kaiser_Krafthand_Truck.jpg 800w\" sizes=\"(max-width: 244px) 100vw, 244px\" \/><\/a><figcaption id=\"caption-attachment-31314\" class=\"wp-caption-text\">Hinnerk Kaiser.<\/figcaption><\/figure>\n<h3>Verbesserter Grip, hohe Laufleistung, De-minimis-f\u00f6rderf\u00e4hig<\/h3>\n<p>Anders als der Vorg\u00e4nger Conti Hybrid HT3 tr\u00e4gt der neue Trailer-Reifen f\u00fcr den Einsatz im regionalen Verteilerverkehr auf seiner Flanke die vorgeschriebene 3PMSF-Kennzeichnung. Das Symbol dokumentiert die Eignung des Reifens f\u00fcr den Einsatz unter winterlichen Bedingungen und kann damit ganzj\u00e4hrig bei jeder Witterung gefahren werden. Mit dem 3-Peak-Mountain-Snowflake-Zeichen gilt der Conti Hybrid HT3+ als Winterreifen gem\u00e4\u00df der 2020 in Deutschland versch\u00e4rften Winterreifenregel. Eine spezielle Rillengeometrie und weiterentwickelte Taschenlamellen bieten laut Conti verbesserten Grip unter winterlichen Fahrbahnbedingungen. Das Profildesign sorgte au\u00dferdem f\u00fcr eine hervorragende Laufleistung.<\/p>\n<blockquote><p>\u201eDer neue Conti Hybrid HT3+ ist die konsequente Weiterentwicklung f\u00fcr den Schwerlastverkehr\u201c, so Hinnerk Kaiser, Leiter der Reifenentwicklung Bus- und Lkw-Reifen von Continental. \u201eDie Hybrid-Linie steht f\u00fcr eine lange Reifenlebensdauer in Kombination mit einer hervorragenden Kraftstoffeffizienz und bietet maximale Wirtschaftlichkeit f\u00fcr Flottenbetreiber \u2013 und dies jetzt mit dem 3PMSF-Symbol an 365 Tagen im Jahr.\u201c<\/p><\/blockquote>\n<p>Der neue Conti Hybrid HT3+ ist ab M\u00e4rz 2022 in den Gr\u00f6\u00dfen 385\/65 R 22.5 164K (158L), 385\/55 R 22.5 160K (158L) und 385\/55 R 19.5 156\/J erh\u00e4ltlich.<\/p>\n<p>&nbsp;<\/p>\n<div class=\"infobox box-grey\"><\/p>\n<p><strong>De-minimis-f\u00f6rderf\u00e4hige Produkte und L\u00f6sungen f\u00fcr Nutzfahrzeuge<\/strong><br \/>\nDer Reifen ist f\u00f6rderf\u00e4hig im Rahmen des deutschen De-minimis-Programms 2022 des Bundesamtes f\u00fcr G\u00fcterverkehr (BAG). Das F\u00f6rderprogramm De-minimis unterst\u00fctzt Unternehmen des G\u00fcterkraftverkehrs mit schweren Nutzfahrzeugen, die Ma\u00dfnahmen zur F\u00f6rderung von Sicherheit und Umwelt umzusetzen. Die Nutzfahrzeugreifen von Continental werden als ger\u00e4usch- und rollwiderstandsarm eingestuft. Daher sind diverse Reifentypen durch das Programm De-minimis f\u00f6rderf\u00e4hig. Runderneuerte ContiRe-Nutzfahrzeugreifen und ContiTread-Laufstreifen, die von Continental in Deutschland zur Vermarktung \u00fcber den Fachhandel angeboten werden, tragen die M+S-Kennung und teilweise auch das 3PMSF-Symbol. Damit besteht f\u00fcr diese Reifen ebenfalls grunds\u00e4tzlich die F\u00f6rderf\u00e4higkeit im Rahmen der 2022er De-minimis-Richtlinie.<br \/>\nWeitere Informationen zum De-minimis-Programm, den Richtlinien und der F\u00f6rderf\u00e4higkeit des Continental-Produktportfolios sowie n\u00fctzliche \u00dcbersichten sind <a href=\"https:\/\/www.continental-reifen.de\/bus-und-lkw\/reifenwissen\/deminimis\" target=\"_blank\" rel=\"noopener\">hier<\/a> zu finden.<\/p>\n<p><\/div>\n","protected":false},"excerpt":{"rendered":"<p>Nachdem Continental in den vergangenen Monaten bereits den Conti Hybrid HS3+ f\u00fcr die Lenkachse als Nachfolger f\u00fcr den Conti Hybrid HS3 eingef\u00fchrt hat, erfolgte nun die Markteinf\u00fchrung des Conti Hybrid HT3+. Der neue Pneu ist im Rahmen des deutschen De-minimis-Programms 2022 f\u00f6rderf\u00e4hig. <span class=\"excerpt-more__dots\">&#8230;<\/span> <a class=\"excerpt-more__link\" href=\"https:\/\/www.krafthand.de\/truck\/artikel\/hybrid-ht3-neuer-trailer-reifen-von-continental-31309\/\" >weiter<\/a><\/p>\n","protected":false},"author":9,"featured_media":31319,"comment_status":"closed","ping_status":"closed","sticky":false,"template":"","format":"standard","meta":{"footnotes":""},"categories":[4227],"tags":[5077,5076,98,5008,5075],"settings":[4766,3523],"class_list":["post-31309","post","type-post","status-publish","format-standard","has-post-thumbnail","hentry","category-rad-reifen-bremse","tag-conti-hybrid-ht3","tag-conti-hybrid","tag-continental","tag-de-minimis","tag-trailerreifen"],"yoast_head":"<!-- This site is optimized with the Yoast SEO plugin v27.3 - https:\/\/yoast.com\/product\/yoast-seo-wordpress\/ -->\n<title>Continental f\u00fchrt neuen Trailer-Reifen Hybrid HT3+ ein.<\/title>\n<meta name=\"description\" content=\"Nachdem Continental in den vergangenen Monaten bereits den Conti Hybrid HS3+ f\u00fcr die Lenkachse als Nachfolger f\u00fcr den Conti Hybrid HS3 eingef\u00fchrt hat, erfolgte nun die Markteinf\u00fchrung des Conti Hybrid HT3+. Auch der neue Pneu ist f\u00f6rderf\u00e4hig im Rahmen des deutschen De-minimis-Programms 2022.\" \/>\n<meta name=\"robots\" content=\"index, follow, max-snippet:-1, max-image-preview:large, max-video-preview:-1\" \/>\n<link rel=\"canonical\" href=\"https:\/\/www.krafthand.de\/truck\/artikel\/hybrid-ht3-neuer-trailer-reifen-von-continental-31309\/\" \/>\n<meta property=\"og:locale\" content=\"de_DE\" \/>\n<meta property=\"og:type\" content=\"article\" \/>\n<meta property=\"og:title\" content=\"Continental f\u00fchrt neuen Trailer-Reifen Hybrid HT3+ ein.\" \/>\n<meta property=\"og:description\" content=\"Nachdem Continental in den vergangenen Monaten bereits den Conti Hybrid HS3+ f\u00fcr die Lenkachse als Nachfolger f\u00fcr den Conti Hybrid HS3 eingef\u00fchrt hat, erfolgte nun die Markteinf\u00fchrung des Conti Hybrid HT3+. Auch der neue Pneu ist f\u00f6rderf\u00e4hig im Rahmen des deutschen De-minimis-Programms 2022.\" \/>\n<meta property=\"og:url\" content=\"https:\/\/www.krafthand-truck.de\/artikel\/hybrid-ht3-neuer-trailer-reifen-von-continental-31309\/\" \/>\n<meta property=\"og:site_name\" content=\"Krafthand-Truck\" \/>\n<meta property=\"article:published_time\" content=\"2022-03-04T09:31:07+00:00\" \/>\n<meta property=\"article:modified_time\" content=\"2022-03-08T07:13:34+00:00\" \/>\n<meta property=\"og:image\" content=\"https:\/\/static.krafthand-truck.de\/uploads\/2022\/03\/Continental_Conti_Hybrid_Plus_Trailer_Reifen_Krafthand_Truck.jpg\" \/>\n\t<meta property=\"og:image:width\" content=\"1200\" \/>\n\t<meta property=\"og:image:height\" content=\"631\" \/>\n\t<meta property=\"og:image:type\" content=\"image\/jpeg\" \/>\n<meta name=\"author\" content=\"georg.blenk@krafthand-medien.de\" \/>\n<meta name=\"twitter:card\" content=\"summary_large_image\" \/>\n<meta name=\"twitter:label1\" content=\"Verfasst von\" \/>\n\t<meta name=\"twitter:data1\" content=\"georg.blenk@krafthand-medien.de\" \/>\n\t<meta name=\"twitter:label2\" content=\"Gesch\u00e4tzte Lesezeit\" \/>\n\t<meta name=\"twitter:data2\" content=\"2\u00a0Minuten\" \/>\n<script type=\"application\/ld+json\" class=\"yoast-schema-graph\">{\"@context\":\"https:\\\/\\\/schema.org\",\"@graph\":[{\"@type\":\"Article\",\"@id\":\"https:\\\/\\\/www.krafthand.de\\\/truck\\\/artikel\\\/hybrid-ht3-neuer-trailer-reifen-von-continental-31309\\\/#article\",\"isPartOf\":{\"@id\":\"https:\\\/\\\/www.krafthand.de\\\/truck\\\/artikel\\\/hybrid-ht3-neuer-trailer-reifen-von-continental-31309\\\/\"},\"author\":{\"name\":\"georg.blenk@krafthand-medien.de\",\"@id\":\"https:\\\/\\\/www.krafthand.de\\\/truck\\\/#\\\/schema\\\/person\\\/51fa80b1c57034c4bf63f9f988fc24ce\"},\"headline\":\"Hybrid HT3+: Neuer Trailer-Reifen von Continental\",\"datePublished\":\"2022-03-04T09:31:07+00:00\",\"dateModified\":\"2022-03-08T07:13:34+00:00\",\"mainEntityOfPage\":{\"@id\":\"https:\\\/\\\/www.krafthand.de\\\/truck\\\/artikel\\\/hybrid-ht3-neuer-trailer-reifen-von-continental-31309\\\/\"},\"wordCount\":420,\"image\":{\"@id\":\"https:\\\/\\\/www.krafthand.de\\\/truck\\\/artikel\\\/hybrid-ht3-neuer-trailer-reifen-von-continental-31309\\\/#primaryimage\"},\"thumbnailUrl\":\"https:\\\/\\\/static.krafthand-truck.de\\\/uploads\\\/2022\\\/03\\\/Continental_Conti_Hybrid_Plus_Trailer_Reifen_Krafthand_Truck.jpg\",\"keywords\":[\"Conti Hybrid HT3+\",\"Conti-Hybrid\",\"Continental\",\"De-Minimis\",\"Trailerreifen\"],\"articleSection\":[\"Rad\\\/Reifen\\\/Bremse\"],\"inLanguage\":\"de\"},{\"@type\":\"WebPage\",\"@id\":\"https:\\\/\\\/www.krafthand.de\\\/truck\\\/artikel\\\/hybrid-ht3-neuer-trailer-reifen-von-continental-31309\\\/\",\"url\":\"https:\\\/\\\/www.krafthand.de\\\/truck\\\/artikel\\\/hybrid-ht3-neuer-trailer-reifen-von-continental-31309\\\/\",\"name\":\"Continental f\u00fchrt neuen Trailer-Reifen Hybrid HT3+ ein.\",\"isPartOf\":{\"@id\":\"https:\\\/\\\/www.krafthand.de\\\/truck\\\/#website\"},\"primaryImageOfPage\":{\"@id\":\"https:\\\/\\\/www.krafthand.de\\\/truck\\\/artikel\\\/hybrid-ht3-neuer-trailer-reifen-von-continental-31309\\\/#primaryimage\"},\"image\":{\"@id\":\"https:\\\/\\\/www.krafthand.de\\\/truck\\\/artikel\\\/hybrid-ht3-neuer-trailer-reifen-von-continental-31309\\\/#primaryimage\"},\"thumbnailUrl\":\"https:\\\/\\\/static.krafthand-truck.de\\\/uploads\\\/2022\\\/03\\\/Continental_Conti_Hybrid_Plus_Trailer_Reifen_Krafthand_Truck.jpg\",\"datePublished\":\"2022-03-04T09:31:07+00:00\",\"dateModified\":\"2022-03-08T07:13:34+00:00\",\"author\":{\"@id\":\"https:\\\/\\\/www.krafthand.de\\\/truck\\\/#\\\/schema\\\/person\\\/51fa80b1c57034c4bf63f9f988fc24ce\"},\"description\":\"Nachdem Continental in den vergangenen Monaten bereits den Conti Hybrid HS3+ f\u00fcr die Lenkachse als Nachfolger f\u00fcr den Conti Hybrid HS3 eingef\u00fchrt hat, erfolgte nun die Markteinf\u00fchrung des Conti Hybrid HT3+. Auch der neue Pneu ist f\u00f6rderf\u00e4hig im Rahmen des deutschen De-minimis-Programms 2022.\",\"breadcrumb\":{\"@id\":\"https:\\\/\\\/www.krafthand.de\\\/truck\\\/artikel\\\/hybrid-ht3-neuer-trailer-reifen-von-continental-31309\\\/#breadcrumb\"},\"inLanguage\":\"de\",\"potentialAction\":[{\"@type\":\"ReadAction\",\"target\":[\"https:\\\/\\\/www.krafthand.de\\\/truck\\\/artikel\\\/hybrid-ht3-neuer-trailer-reifen-von-continental-31309\\\/\"]}]},{\"@type\":\"ImageObject\",\"inLanguage\":\"de\",\"@id\":\"https:\\\/\\\/www.krafthand.de\\\/truck\\\/artikel\\\/hybrid-ht3-neuer-trailer-reifen-von-continental-31309\\\/#primaryimage\",\"url\":\"https:\\\/\\\/static.krafthand-truck.de\\\/uploads\\\/2022\\\/03\\\/Continental_Conti_Hybrid_Plus_Trailer_Reifen_Krafthand_Truck.jpg\",\"contentUrl\":\"https:\\\/\\\/static.krafthand-truck.de\\\/uploads\\\/2022\\\/03\\\/Continental_Conti_Hybrid_Plus_Trailer_Reifen_Krafthand_Truck.jpg\",\"width\":1200,\"height\":631},{\"@type\":\"BreadcrumbList\",\"@id\":\"https:\\\/\\\/www.krafthand.de\\\/truck\\\/artikel\\\/hybrid-ht3-neuer-trailer-reifen-von-continental-31309\\\/#breadcrumb\",\"itemListElement\":[{\"@type\":\"ListItem\",\"position\":1,\"name\":\"Krafthand-Truck\",\"item\":\"https:\\\/\\\/www.krafthand.de\\\/truck\\\/\"},{\"@type\":\"ListItem\",\"position\":2,\"name\":\"Nfz-Technik\",\"item\":\"https:\\\/\\\/www.krafthand.de\\\/truck\\\/kategorie\\\/nfz-technik\\\/\"},{\"@type\":\"ListItem\",\"position\":3,\"name\":\"Rad\\\/Reifen\\\/Bremse\",\"item\":\"https:\\\/\\\/www.krafthand.de\\\/truck\\\/kategorie\\\/nfz-technik\\\/rad-reifen-bremse\\\/\"},{\"@type\":\"ListItem\",\"position\":4,\"name\":\"Hybrid HT3+: Neuer Trailer-Reifen von Continental\"}]},{\"@type\":\"WebSite\",\"@id\":\"https:\\\/\\\/www.krafthand.de\\\/truck\\\/#website\",\"url\":\"https:\\\/\\\/www.krafthand.de\\\/truck\\\/\",\"name\":\"Krafthand-Truck\",\"description\":\"\",\"potentialAction\":[{\"@type\":\"SearchAction\",\"target\":{\"@type\":\"EntryPoint\",\"urlTemplate\":\"https:\\\/\\\/www.krafthand.de\\\/truck\\\/?s={search_term_string}\"},\"query-input\":{\"@type\":\"PropertyValueSpecification\",\"valueRequired\":true,\"valueName\":\"search_term_string\"}}],\"inLanguage\":\"de\"},{\"@type\":\"Person\",\"@id\":\"https:\\\/\\\/www.krafthand.de\\\/truck\\\/#\\\/schema\\\/person\\\/51fa80b1c57034c4bf63f9f988fc24ce\",\"name\":\"georg.blenk@krafthand-medien.de\",\"image\":{\"@type\":\"ImageObject\",\"inLanguage\":\"de\",\"@id\":\"https:\\\/\\\/secure.gravatar.com\\\/avatar\\\/93713c30affe0aa95d3a4130e499bb1abee2eb31adbdd9ce2aa1543538490215?s=96&d=mm&r=g\",\"url\":\"https:\\\/\\\/secure.gravatar.com\\\/avatar\\\/93713c30affe0aa95d3a4130e499bb1abee2eb31adbdd9ce2aa1543538490215?s=96&d=mm&r=g\",\"contentUrl\":\"https:\\\/\\\/secure.gravatar.com\\\/avatar\\\/93713c30affe0aa95d3a4130e499bb1abee2eb31adbdd9ce2aa1543538490215?s=96&d=mm&r=g\",\"caption\":\"georg.blenk@krafthand-medien.de\"}}]}<\/script>\n<!-- \/ Yoast SEO plugin. -->","yoast_head_json":{"title":"Continental f\u00fchrt neuen Trailer-Reifen Hybrid HT3+ ein.","description":"Nachdem Continental in den vergangenen Monaten bereits den Conti Hybrid HS3+ f\u00fcr die Lenkachse als Nachfolger f\u00fcr den Conti Hybrid HS3 eingef\u00fchrt hat, erfolgte nun die Markteinf\u00fchrung des Conti Hybrid HT3+. Auch der neue Pneu ist f\u00f6rderf\u00e4hig im Rahmen des deutschen De-minimis-Programms 2022.","robots":{"index":"index","follow":"follow","max-snippet":"max-snippet:-1","max-image-preview":"max-image-preview:large","max-video-preview":"max-video-preview:-1"},"canonical":"https:\/\/www.krafthand.de\/truck\/artikel\/hybrid-ht3-neuer-trailer-reifen-von-continental-31309\/","og_locale":"de_DE","og_type":"article","og_title":"Continental f\u00fchrt neuen Trailer-Reifen Hybrid HT3+ ein.","og_description":"Nachdem Continental in den vergangenen Monaten bereits den Conti Hybrid HS3+ f\u00fcr die Lenkachse als Nachfolger f\u00fcr den Conti Hybrid HS3 eingef\u00fchrt hat, erfolgte nun die Markteinf\u00fchrung des Conti Hybrid HT3+. Auch der neue Pneu ist f\u00f6rderf\u00e4hig im Rahmen des deutschen De-minimis-Programms 2022.","og_url":"https:\/\/www.krafthand-truck.de\/artikel\/hybrid-ht3-neuer-trailer-reifen-von-continental-31309\/","og_site_name":"Krafthand-Truck","article_published_time":"2022-03-04T09:31:07+00:00","article_modified_time":"2022-03-08T07:13:34+00:00","og_image":[{"width":1200,"height":631,"url":"https:\/\/static.krafthand-truck.de\/uploads\/2022\/03\/Continental_Conti_Hybrid_Plus_Trailer_Reifen_Krafthand_Truck.jpg","type":"image\/jpeg"}],"author":"georg.blenk@krafthand-medien.de","twitter_card":"summary_large_image","twitter_misc":{"Verfasst von":"georg.blenk@krafthand-medien.de","Gesch\u00e4tzte Lesezeit":"2\u00a0Minuten"},"schema":{"@context":"https:\/\/schema.org","@graph":[{"@type":"Article","@id":"https:\/\/www.krafthand.de\/truck\/artikel\/hybrid-ht3-neuer-trailer-reifen-von-continental-31309\/#article","isPartOf":{"@id":"https:\/\/www.krafthand.de\/truck\/artikel\/hybrid-ht3-neuer-trailer-reifen-von-continental-31309\/"},"author":{"name":"georg.blenk@krafthand-medien.de","@id":"https:\/\/www.krafthand.de\/truck\/#\/schema\/person\/51fa80b1c57034c4bf63f9f988fc24ce"},"headline":"Hybrid HT3+: Neuer Trailer-Reifen von Continental","datePublished":"2022-03-04T09:31:07+00:00","dateModified":"2022-03-08T07:13:34+00:00","mainEntityOfPage":{"@id":"https:\/\/www.krafthand.de\/truck\/artikel\/hybrid-ht3-neuer-trailer-reifen-von-continental-31309\/"},"wordCount":420,"image":{"@id":"https:\/\/www.krafthand.de\/truck\/artikel\/hybrid-ht3-neuer-trailer-reifen-von-continental-31309\/#primaryimage"},"thumbnailUrl":"https:\/\/static.krafthand-truck.de\/uploads\/2022\/03\/Continental_Conti_Hybrid_Plus_Trailer_Reifen_Krafthand_Truck.jpg","keywords":["Conti Hybrid HT3+","Conti-Hybrid","Continental","De-Minimis","Trailerreifen"],"articleSection":["Rad\/Reifen\/Bremse"],"inLanguage":"de"},{"@type":"WebPage","@id":"https:\/\/www.krafthand.de\/truck\/artikel\/hybrid-ht3-neuer-trailer-reifen-von-continental-31309\/","url":"https:\/\/www.krafthand.de\/truck\/artikel\/hybrid-ht3-neuer-trailer-reifen-von-continental-31309\/","name":"Continental f\u00fchrt neuen Trailer-Reifen Hybrid HT3+ ein.","isPartOf":{"@id":"https:\/\/www.krafthand.de\/truck\/#website"},"primaryImageOfPage":{"@id":"https:\/\/www.krafthand.de\/truck\/artikel\/hybrid-ht3-neuer-trailer-reifen-von-continental-31309\/#primaryimage"},"image":{"@id":"https:\/\/www.krafthand.de\/truck\/artikel\/hybrid-ht3-neuer-trailer-reifen-von-continental-31309\/#primaryimage"},"thumbnailUrl":"https:\/\/static.krafthand-truck.de\/uploads\/2022\/03\/Continental_Conti_Hybrid_Plus_Trailer_Reifen_Krafthand_Truck.jpg","datePublished":"2022-03-04T09:31:07+00:00","dateModified":"2022-03-08T07:13:34+00:00","author":{"@id":"https:\/\/www.krafthand.de\/truck\/#\/schema\/person\/51fa80b1c57034c4bf63f9f988fc24ce"},"description":"Nachdem Continental in den vergangenen Monaten bereits den Conti Hybrid HS3+ f\u00fcr die Lenkachse als Nachfolger f\u00fcr den Conti Hybrid HS3 eingef\u00fchrt hat, erfolgte nun die Markteinf\u00fchrung des Conti Hybrid HT3+. Auch der neue Pneu ist f\u00f6rderf\u00e4hig im Rahmen des deutschen De-minimis-Programms 2022.","breadcrumb":{"@id":"https:\/\/www.krafthand.de\/truck\/artikel\/hybrid-ht3-neuer-trailer-reifen-von-continental-31309\/#breadcrumb"},"inLanguage":"de","potentialAction":[{"@type":"ReadAction","target":["https:\/\/www.krafthand.de\/truck\/artikel\/hybrid-ht3-neuer-trailer-reifen-von-continental-31309\/"]}]},{"@type":"ImageObject","inLanguage":"de","@id":"https:\/\/www.krafthand.de\/truck\/artikel\/hybrid-ht3-neuer-trailer-reifen-von-continental-31309\/#primaryimage","url":"https:\/\/static.krafthand-truck.de\/uploads\/2022\/03\/Continental_Conti_Hybrid_Plus_Trailer_Reifen_Krafthand_Truck.jpg","contentUrl":"https:\/\/static.krafthand-truck.de\/uploads\/2022\/03\/Continental_Conti_Hybrid_Plus_Trailer_Reifen_Krafthand_Truck.jpg","width":1200,"height":631},{"@type":"BreadcrumbList","@id":"https:\/\/www.krafthand.de\/truck\/artikel\/hybrid-ht3-neuer-trailer-reifen-von-continental-31309\/#breadcrumb","itemListElement":[{"@type":"ListItem","position":1,"name":"Krafthand-Truck","item":"https:\/\/www.krafthand.de\/truck\/"},{"@type":"ListItem","position":2,"name":"Nfz-Technik","item":"https:\/\/www.krafthand.de\/truck\/kategorie\/nfz-technik\/"},{"@type":"ListItem","position":3,"name":"Rad\/Reifen\/Bremse","item":"https:\/\/www.krafthand.de\/truck\/kategorie\/nfz-technik\/rad-reifen-bremse\/"},{"@type":"ListItem","position":4,"name":"Hybrid HT3+: Neuer Trailer-Reifen von Continental"}]},{"@type":"WebSite","@id":"https:\/\/www.krafthand.de\/truck\/#website","url":"https:\/\/www.krafthand.de\/truck\/","name":"Krafthand-Truck","description":"","potentialAction":[{"@type":"SearchAction","target":{"@type":"EntryPoint","urlTemplate":"https:\/\/www.krafthand.de\/truck\/?s={search_term_string}"},"query-input":{"@type":"PropertyValueSpecification","valueRequired":true,"valueName":"search_term_string"}}],"inLanguage":"de"},{"@type":"Person","@id":"https:\/\/www.krafthand.de\/truck\/#\/schema\/person\/51fa80b1c57034c4bf63f9f988fc24ce","name":"georg.blenk@krafthand-medien.de","image":{"@type":"ImageObject","inLanguage":"de","@id":"https:\/\/secure.gravatar.com\/avatar\/93713c30affe0aa95d3a4130e499bb1abee2eb31adbdd9ce2aa1543538490215?s=96&d=mm&r=g","url":"https:\/\/secure.gravatar.com\/avatar\/93713c30affe0aa95d3a4130e499bb1abee2eb31adbdd9ce2aa1543538490215?s=96&d=mm&r=g","contentUrl":"https:\/\/secure.gravatar.com\/avatar\/93713c30affe0aa95d3a4130e499bb1abee2eb31adbdd9ce2aa1543538490215?s=96&d=mm&r=g","caption":"georg.blenk@krafthand-medien.de"}}]}},"_links":{"self":[{"href":"https:\/\/www.krafthand.de\/truck\/wp-json\/wp\/v2\/posts\/31309","targetHints":{"allow":["GET"]}}],"collection":[{"href":"https:\/\/www.krafthand.de\/truck\/wp-json\/wp\/v2\/posts"}],"about":[{"href":"https:\/\/www.krafthand.de\/truck\/wp-json\/wp\/v2\/types\/post"}],"author":[{"embeddable":true,"href":"https:\/\/www.krafthand.de\/truck\/wp-json\/wp\/v2\/users\/9"}],"replies":[{"embeddable":true,"href":"https:\/\/www.krafthand.de\/truck\/wp-json\/wp\/v2\/comments?post=31309"}],"version-history":[{"count":8,"href":"https:\/\/www.krafthand.de\/truck\/wp-json\/wp\/v2\/posts\/31309\/revisions"}],"predecessor-version":[{"id":31320,"href":"https:\/\/www.krafthand.de\/truck\/wp-json\/wp\/v2\/posts\/31309\/revisions\/31320"}],"wp:featuredmedia":[{"embeddable":true,"href":"https:\/\/www.krafthand.de\/truck\/wp-json\/wp\/v2\/media\/31319"}],"wp:attachment":[{"href":"https:\/\/www.krafthand.de\/truck\/wp-json\/wp\/v2\/media?parent=31309"}],"wp:term":[{"taxonomy":"category","embeddable":true,"href":"https:\/\/www.krafthand.de\/truck\/wp-json\/wp\/v2\/categories?post=31309"},{"taxonomy":"post_tag","embeddable":true,"href":"https:\/\/www.krafthand.de\/truck\/wp-json\/wp\/v2\/tags?post=31309"},{"taxonomy":"settings","embeddable":true,"href":"https:\/\/www.krafthand.de\/truck\/wp-json\/wp\/v2\/settings?post=31309"}],"curies":[{"name":"wp","href":"https:\/\/api.w.org\/{rel}","templated":true}]}}