{"id":31284,"date":"2022-03-02T14:41:51","date_gmt":"2022-03-02T13:41:51","guid":{"rendered":"https:\/\/www.krafthand.de\/truck\/?p=31284"},"modified":"2022-03-07T10:06:23","modified_gmt":"2022-03-07T09:06:23","slug":"quantron-erhaelt-europaeischem-transportpreis-fuer-nachhaltigkeit","status":"publish","type":"post","link":"https:\/\/www.krafthand.de\/truck\/artikel\/quantron-erhaelt-europaeischem-transportpreis-fuer-nachhaltigkeit-31284\/","title":{"rendered":"Quantron erh\u00e4lt Europ\u00e4ischem Transportpreis f\u00fcr Nachhaltigkeit"},"content":{"rendered":"<p>Der Europ\u00e4ische Transportpreis f\u00fcr Nachhaltigkeit (ETPN) wurde f\u00fcr das Jahr 2022 zum sechsten Mal verliehen. Der vom Huss-Verlag und der Zeitschrift &#8218;Transport&#8216; ausgeschriebene Preis zeichnet Unternehmen aus der Nutzfahrzeugbranche aus, die nachhaltige Produkte, Dienstleistungen, Projekte, Studien oder Initiativen anbieten. Die <a href=\"https:\/\/www.quantron.net\" target=\"_blank\" rel=\"noopener\">Quantron AG<\/a> erhielt den ETPN in der Kategorie \u201eTransporter und Lieferwagen\u201c f\u00fcr ihren vollelektrischen Transporter Q-Light BEV.<\/p>\n<p>Eine unabh\u00e4ngige Jury aus Nutzfahrzeug-Experten, darunter Professor Dr. Dirk Engelhardt (Vorstandssprecher <a href=\"https:\/\/www.bgl-ev.de\/web\/www.bgl-ev.de\/web\/home\/index.htm\" target=\"_blank\" rel=\"noopener\">Bundesverband G\u00fcterkraftverkehr und Logistik<\/a>) und Professor Dr. Uwe Clausen (<a href=\"https:\/\/www.iml.fraunhofer.de\" target=\"_blank\" rel=\"noopener\">Fraunhofer Institut f\u00fcr Logistik<\/a>) bewertete die Einreichungen anhand der Themenfelder \u00d6konomie, \u00d6kologie und Soziale Verantwortung. Der Q-Light BEV der Quantron AG \u00fcberzeuge den Angaben zufolge durch seinen emissionsfreien und leisen Elektroantrieb sowie seine vielf\u00e4ltigen Einsatzm\u00f6glichkeiten. Der E-Transporter ist bereits bei Unternehmen wie IKEA im t\u00e4glichen Einsatz und wird von Quantron auch als Hybrid- und <a href=\"https:\/\/www.krafthand.de\/truck\/artikel\/technik-q-light-fcev-von-quantron-30304\/\" target=\"_blank\" rel=\"noopener\">Wasserstoff-Brennstoffzellen-Variante<\/a> angeboten.<\/p>\n<blockquote><p>\u201eWir freuen uns sehr \u00fcber diese Auszeichnung. Unser Q-Light BEV steht f\u00fcr eine emissionsfreie und damit klimafreundliche Auslieferung. Mit unseren Zero-Emission Nutzfahrzeugen leistet Quantron schon heute einen wichtigen Beitrag zur Dekarbonisierung des G\u00fcter- und Personenverkehrs&#8220;, so Michael Perschke, CEO und Vorstand der Quantron AG, bei der Pr\u00e4mierungsfeier in M\u00fcnchen.<\/p><\/blockquote>\n","protected":false},"excerpt":{"rendered":"<p>Die Quantron AG ist in M\u00fcnchen mit dem Europ\u00e4ische Transportpreis f\u00fcr Nachhaltigkeit (ETPN) f\u00fcr den vollelektrischen Transporter Q-Light BEV ausgezeichnet worden. <span class=\"excerpt-more__dots\">&#8230;<\/span> <a class=\"excerpt-more__link\" href=\"https:\/\/www.krafthand.de\/truck\/artikel\/quantron-erhaelt-europaeischem-transportpreis-fuer-nachhaltigkeit-31284\/\" >weiter<\/a><\/p>\n","protected":false},"author":9,"featured_media":31287,"comment_status":"closed","ping_status":"closed","sticky":false,"template":"","format":"standard","meta":{"footnotes":""},"categories":[4224,4235],"tags":[4177,5069,4262],"settings":[4766,3523],"class_list":["post-31284","post","type-post","status-publish","format-standard","has-post-thumbnail","hentry","category-e-antrieb","category-unternehmen","tag-e-lkw","tag-q-light-bev","tag-quantron"],"yoast_head":"<!-- This site is optimized with the Yoast SEO plugin v27.3 - https:\/\/yoast.com\/product\/yoast-seo-wordpress\/ -->\n<title>Quantron: Europ\u00e4ischer Transportpreis f\u00fcr Nachhaltigkeit f\u00fcr Q-Light BEV<\/title>\n<meta name=\"description\" content=\"Die Quantron AG ist in M\u00fcnchen mit dem Europ\u00e4ische Transportpreis f\u00fcr Nachhaltigkeit (ETPN) f\u00fcr den vollelektrischen Transporter Q-Light BEV ausgezeichnet worden.\" \/>\n<meta name=\"robots\" content=\"index, follow, max-snippet:-1, max-image-preview:large, max-video-preview:-1\" \/>\n<link rel=\"canonical\" href=\"https:\/\/www.krafthand.de\/truck\/artikel\/quantron-erhaelt-europaeischem-transportpreis-fuer-nachhaltigkeit-31284\/\" \/>\n<meta property=\"og:locale\" content=\"de_DE\" \/>\n<meta property=\"og:type\" content=\"article\" \/>\n<meta property=\"og:title\" content=\"Quantron: Europ\u00e4ischer Transportpreis f\u00fcr Nachhaltigkeit f\u00fcr Q-Light BEV\" \/>\n<meta property=\"og:description\" content=\"Die Quantron AG ist in M\u00fcnchen mit dem Europ\u00e4ische Transportpreis f\u00fcr Nachhaltigkeit (ETPN) f\u00fcr den vollelektrischen Transporter Q-Light BEV ausgezeichnet worden.\" \/>\n<meta property=\"og:url\" content=\"https:\/\/www.krafthand-truck.de\/artikel\/quantron-erhaelt-europaeischem-transportpreis-fuer-nachhaltigkeit-31284\/\" \/>\n<meta property=\"og:site_name\" content=\"Krafthand-Truck\" \/>\n<meta property=\"article:published_time\" content=\"2022-03-02T13:41:51+00:00\" \/>\n<meta property=\"article:modified_time\" content=\"2022-03-07T09:06:23+00:00\" \/>\n<meta property=\"og:image\" content=\"https:\/\/static.krafthand-truck.de\/uploads\/2022\/03\/Quantron_European-Transport-Award-2022_high_res.jpg\" \/>\n\t<meta property=\"og:image:width\" content=\"1200\" \/>\n\t<meta property=\"og:image:height\" content=\"816\" \/>\n\t<meta property=\"og:image:type\" content=\"image\/jpeg\" \/>\n<meta name=\"author\" content=\"georg.blenk@krafthand-medien.de\" \/>\n<meta name=\"twitter:card\" content=\"summary_large_image\" \/>\n<meta name=\"twitter:label1\" content=\"Verfasst von\" \/>\n\t<meta name=\"twitter:data1\" content=\"georg.blenk@krafthand-medien.de\" \/>\n\t<meta name=\"twitter:label2\" content=\"Gesch\u00e4tzte Lesezeit\" \/>\n\t<meta name=\"twitter:data2\" content=\"1\u00a0Minute\" \/>\n<script type=\"application\/ld+json\" class=\"yoast-schema-graph\">{\"@context\":\"https:\\\/\\\/schema.org\",\"@graph\":[{\"@type\":\"Article\",\"@id\":\"https:\\\/\\\/www.krafthand.de\\\/truck\\\/artikel\\\/quantron-erhaelt-europaeischem-transportpreis-fuer-nachhaltigkeit-31284\\\/#article\",\"isPartOf\":{\"@id\":\"https:\\\/\\\/www.krafthand.de\\\/truck\\\/artikel\\\/quantron-erhaelt-europaeischem-transportpreis-fuer-nachhaltigkeit-31284\\\/\"},\"author\":{\"name\":\"georg.blenk@krafthand-medien.de\",\"@id\":\"https:\\\/\\\/www.krafthand.de\\\/truck\\\/#\\\/schema\\\/person\\\/51fa80b1c57034c4bf63f9f988fc24ce\"},\"headline\":\"Quantron erh\u00e4lt Europ\u00e4ischem Transportpreis f\u00fcr Nachhaltigkeit\",\"datePublished\":\"2022-03-02T13:41:51+00:00\",\"dateModified\":\"2022-03-07T09:06:23+00:00\",\"mainEntityOfPage\":{\"@id\":\"https:\\\/\\\/www.krafthand.de\\\/truck\\\/artikel\\\/quantron-erhaelt-europaeischem-transportpreis-fuer-nachhaltigkeit-31284\\\/\"},\"wordCount\":204,\"image\":{\"@id\":\"https:\\\/\\\/www.krafthand.de\\\/truck\\\/artikel\\\/quantron-erhaelt-europaeischem-transportpreis-fuer-nachhaltigkeit-31284\\\/#primaryimage\"},\"thumbnailUrl\":\"https:\\\/\\\/static.krafthand-truck.de\\\/uploads\\\/2022\\\/03\\\/Quantron_European-Transport-Award-2022_high_res.jpg\",\"keywords\":[\"E-Lkw\",\"Q-Light BEV\",\"Quantron\"],\"articleSection\":[\"E-Antrieb (BEV\\\/FCEV)\",\"Unternehmen\"],\"inLanguage\":\"de\"},{\"@type\":\"WebPage\",\"@id\":\"https:\\\/\\\/www.krafthand.de\\\/truck\\\/artikel\\\/quantron-erhaelt-europaeischem-transportpreis-fuer-nachhaltigkeit-31284\\\/\",\"url\":\"https:\\\/\\\/www.krafthand.de\\\/truck\\\/artikel\\\/quantron-erhaelt-europaeischem-transportpreis-fuer-nachhaltigkeit-31284\\\/\",\"name\":\"Quantron: Europ\u00e4ischer Transportpreis f\u00fcr Nachhaltigkeit f\u00fcr Q-Light BEV\",\"isPartOf\":{\"@id\":\"https:\\\/\\\/www.krafthand.de\\\/truck\\\/#website\"},\"primaryImageOfPage\":{\"@id\":\"https:\\\/\\\/www.krafthand.de\\\/truck\\\/artikel\\\/quantron-erhaelt-europaeischem-transportpreis-fuer-nachhaltigkeit-31284\\\/#primaryimage\"},\"image\":{\"@id\":\"https:\\\/\\\/www.krafthand.de\\\/truck\\\/artikel\\\/quantron-erhaelt-europaeischem-transportpreis-fuer-nachhaltigkeit-31284\\\/#primaryimage\"},\"thumbnailUrl\":\"https:\\\/\\\/static.krafthand-truck.de\\\/uploads\\\/2022\\\/03\\\/Quantron_European-Transport-Award-2022_high_res.jpg\",\"datePublished\":\"2022-03-02T13:41:51+00:00\",\"dateModified\":\"2022-03-07T09:06:23+00:00\",\"author\":{\"@id\":\"https:\\\/\\\/www.krafthand.de\\\/truck\\\/#\\\/schema\\\/person\\\/51fa80b1c57034c4bf63f9f988fc24ce\"},\"description\":\"Die Quantron AG ist in M\u00fcnchen mit dem Europ\u00e4ische Transportpreis f\u00fcr Nachhaltigkeit (ETPN) f\u00fcr den vollelektrischen Transporter Q-Light BEV ausgezeichnet worden.\",\"breadcrumb\":{\"@id\":\"https:\\\/\\\/www.krafthand.de\\\/truck\\\/artikel\\\/quantron-erhaelt-europaeischem-transportpreis-fuer-nachhaltigkeit-31284\\\/#breadcrumb\"},\"inLanguage\":\"de\",\"potentialAction\":[{\"@type\":\"ReadAction\",\"target\":[\"https:\\\/\\\/www.krafthand.de\\\/truck\\\/artikel\\\/quantron-erhaelt-europaeischem-transportpreis-fuer-nachhaltigkeit-31284\\\/\"]}]},{\"@type\":\"ImageObject\",\"inLanguage\":\"de\",\"@id\":\"https:\\\/\\\/www.krafthand.de\\\/truck\\\/artikel\\\/quantron-erhaelt-europaeischem-transportpreis-fuer-nachhaltigkeit-31284\\\/#primaryimage\",\"url\":\"https:\\\/\\\/static.krafthand-truck.de\\\/uploads\\\/2022\\\/03\\\/Quantron_European-Transport-Award-2022_high_res.jpg\",\"contentUrl\":\"https:\\\/\\\/static.krafthand-truck.de\\\/uploads\\\/2022\\\/03\\\/Quantron_European-Transport-Award-2022_high_res.jpg\",\"width\":1200,\"height\":816},{\"@type\":\"BreadcrumbList\",\"@id\":\"https:\\\/\\\/www.krafthand.de\\\/truck\\\/artikel\\\/quantron-erhaelt-europaeischem-transportpreis-fuer-nachhaltigkeit-31284\\\/#breadcrumb\",\"itemListElement\":[{\"@type\":\"ListItem\",\"position\":1,\"name\":\"Krafthand-Truck\",\"item\":\"https:\\\/\\\/www.krafthand.de\\\/truck\\\/\"},{\"@type\":\"ListItem\",\"position\":2,\"name\":\"Nfz-Branche\",\"item\":\"https:\\\/\\\/www.krafthand.de\\\/truck\\\/kategorie\\\/branche\\\/\"},{\"@type\":\"ListItem\",\"position\":3,\"name\":\"Unternehmen\",\"item\":\"https:\\\/\\\/www.krafthand.de\\\/truck\\\/kategorie\\\/branche\\\/unternehmen\\\/\"},{\"@type\":\"ListItem\",\"position\":4,\"name\":\"Quantron erh\u00e4lt Europ\u00e4ischem Transportpreis f\u00fcr Nachhaltigkeit\"}]},{\"@type\":\"WebSite\",\"@id\":\"https:\\\/\\\/www.krafthand.de\\\/truck\\\/#website\",\"url\":\"https:\\\/\\\/www.krafthand.de\\\/truck\\\/\",\"name\":\"Krafthand-Truck\",\"description\":\"\",\"potentialAction\":[{\"@type\":\"SearchAction\",\"target\":{\"@type\":\"EntryPoint\",\"urlTemplate\":\"https:\\\/\\\/www.krafthand.de\\\/truck\\\/?s={search_term_string}\"},\"query-input\":{\"@type\":\"PropertyValueSpecification\",\"valueRequired\":true,\"valueName\":\"search_term_string\"}}],\"inLanguage\":\"de\"},{\"@type\":\"Person\",\"@id\":\"https:\\\/\\\/www.krafthand.de\\\/truck\\\/#\\\/schema\\\/person\\\/51fa80b1c57034c4bf63f9f988fc24ce\",\"name\":\"georg.blenk@krafthand-medien.de\",\"image\":{\"@type\":\"ImageObject\",\"inLanguage\":\"de\",\"@id\":\"https:\\\/\\\/secure.gravatar.com\\\/avatar\\\/93713c30affe0aa95d3a4130e499bb1abee2eb31adbdd9ce2aa1543538490215?s=96&d=mm&r=g\",\"url\":\"https:\\\/\\\/secure.gravatar.com\\\/avatar\\\/93713c30affe0aa95d3a4130e499bb1abee2eb31adbdd9ce2aa1543538490215?s=96&d=mm&r=g\",\"contentUrl\":\"https:\\\/\\\/secure.gravatar.com\\\/avatar\\\/93713c30affe0aa95d3a4130e499bb1abee2eb31adbdd9ce2aa1543538490215?s=96&d=mm&r=g\",\"caption\":\"georg.blenk@krafthand-medien.de\"}}]}<\/script>\n<!-- \/ Yoast SEO plugin. -->","yoast_head_json":{"title":"Quantron: Europ\u00e4ischer Transportpreis f\u00fcr Nachhaltigkeit f\u00fcr Q-Light BEV","description":"Die Quantron AG ist in M\u00fcnchen mit dem Europ\u00e4ische Transportpreis f\u00fcr Nachhaltigkeit (ETPN) f\u00fcr den vollelektrischen Transporter Q-Light BEV ausgezeichnet worden.","robots":{"index":"index","follow":"follow","max-snippet":"max-snippet:-1","max-image-preview":"max-image-preview:large","max-video-preview":"max-video-preview:-1"},"canonical":"https:\/\/www.krafthand.de\/truck\/artikel\/quantron-erhaelt-europaeischem-transportpreis-fuer-nachhaltigkeit-31284\/","og_locale":"de_DE","og_type":"article","og_title":"Quantron: Europ\u00e4ischer Transportpreis f\u00fcr Nachhaltigkeit f\u00fcr Q-Light BEV","og_description":"Die Quantron AG ist in M\u00fcnchen mit dem Europ\u00e4ische Transportpreis f\u00fcr Nachhaltigkeit (ETPN) f\u00fcr den vollelektrischen Transporter Q-Light BEV ausgezeichnet worden.","og_url":"https:\/\/www.krafthand-truck.de\/artikel\/quantron-erhaelt-europaeischem-transportpreis-fuer-nachhaltigkeit-31284\/","og_site_name":"Krafthand-Truck","article_published_time":"2022-03-02T13:41:51+00:00","article_modified_time":"2022-03-07T09:06:23+00:00","og_image":[{"width":1200,"height":816,"url":"https:\/\/static.krafthand-truck.de\/uploads\/2022\/03\/Quantron_European-Transport-Award-2022_high_res.jpg","type":"image\/jpeg"}],"author":"georg.blenk@krafthand-medien.de","twitter_card":"summary_large_image","twitter_misc":{"Verfasst von":"georg.blenk@krafthand-medien.de","Gesch\u00e4tzte Lesezeit":"1\u00a0Minute"},"schema":{"@context":"https:\/\/schema.org","@graph":[{"@type":"Article","@id":"https:\/\/www.krafthand.de\/truck\/artikel\/quantron-erhaelt-europaeischem-transportpreis-fuer-nachhaltigkeit-31284\/#article","isPartOf":{"@id":"https:\/\/www.krafthand.de\/truck\/artikel\/quantron-erhaelt-europaeischem-transportpreis-fuer-nachhaltigkeit-31284\/"},"author":{"name":"georg.blenk@krafthand-medien.de","@id":"https:\/\/www.krafthand.de\/truck\/#\/schema\/person\/51fa80b1c57034c4bf63f9f988fc24ce"},"headline":"Quantron erh\u00e4lt Europ\u00e4ischem Transportpreis f\u00fcr Nachhaltigkeit","datePublished":"2022-03-02T13:41:51+00:00","dateModified":"2022-03-07T09:06:23+00:00","mainEntityOfPage":{"@id":"https:\/\/www.krafthand.de\/truck\/artikel\/quantron-erhaelt-europaeischem-transportpreis-fuer-nachhaltigkeit-31284\/"},"wordCount":204,"image":{"@id":"https:\/\/www.krafthand.de\/truck\/artikel\/quantron-erhaelt-europaeischem-transportpreis-fuer-nachhaltigkeit-31284\/#primaryimage"},"thumbnailUrl":"https:\/\/static.krafthand-truck.de\/uploads\/2022\/03\/Quantron_European-Transport-Award-2022_high_res.jpg","keywords":["E-Lkw","Q-Light BEV","Quantron"],"articleSection":["E-Antrieb (BEV\/FCEV)","Unternehmen"],"inLanguage":"de"},{"@type":"WebPage","@id":"https:\/\/www.krafthand.de\/truck\/artikel\/quantron-erhaelt-europaeischem-transportpreis-fuer-nachhaltigkeit-31284\/","url":"https:\/\/www.krafthand.de\/truck\/artikel\/quantron-erhaelt-europaeischem-transportpreis-fuer-nachhaltigkeit-31284\/","name":"Quantron: Europ\u00e4ischer Transportpreis f\u00fcr Nachhaltigkeit f\u00fcr Q-Light BEV","isPartOf":{"@id":"https:\/\/www.krafthand.de\/truck\/#website"},"primaryImageOfPage":{"@id":"https:\/\/www.krafthand.de\/truck\/artikel\/quantron-erhaelt-europaeischem-transportpreis-fuer-nachhaltigkeit-31284\/#primaryimage"},"image":{"@id":"https:\/\/www.krafthand.de\/truck\/artikel\/quantron-erhaelt-europaeischem-transportpreis-fuer-nachhaltigkeit-31284\/#primaryimage"},"thumbnailUrl":"https:\/\/static.krafthand-truck.de\/uploads\/2022\/03\/Quantron_European-Transport-Award-2022_high_res.jpg","datePublished":"2022-03-02T13:41:51+00:00","dateModified":"2022-03-07T09:06:23+00:00","author":{"@id":"https:\/\/www.krafthand.de\/truck\/#\/schema\/person\/51fa80b1c57034c4bf63f9f988fc24ce"},"description":"Die Quantron AG ist in M\u00fcnchen mit dem Europ\u00e4ische Transportpreis f\u00fcr Nachhaltigkeit (ETPN) f\u00fcr den vollelektrischen Transporter Q-Light BEV ausgezeichnet worden.","breadcrumb":{"@id":"https:\/\/www.krafthand.de\/truck\/artikel\/quantron-erhaelt-europaeischem-transportpreis-fuer-nachhaltigkeit-31284\/#breadcrumb"},"inLanguage":"de","potentialAction":[{"@type":"ReadAction","target":["https:\/\/www.krafthand.de\/truck\/artikel\/quantron-erhaelt-europaeischem-transportpreis-fuer-nachhaltigkeit-31284\/"]}]},{"@type":"ImageObject","inLanguage":"de","@id":"https:\/\/www.krafthand.de\/truck\/artikel\/quantron-erhaelt-europaeischem-transportpreis-fuer-nachhaltigkeit-31284\/#primaryimage","url":"https:\/\/static.krafthand-truck.de\/uploads\/2022\/03\/Quantron_European-Transport-Award-2022_high_res.jpg","contentUrl":"https:\/\/static.krafthand-truck.de\/uploads\/2022\/03\/Quantron_European-Transport-Award-2022_high_res.jpg","width":1200,"height":816},{"@type":"BreadcrumbList","@id":"https:\/\/www.krafthand.de\/truck\/artikel\/quantron-erhaelt-europaeischem-transportpreis-fuer-nachhaltigkeit-31284\/#breadcrumb","itemListElement":[{"@type":"ListItem","position":1,"name":"Krafthand-Truck","item":"https:\/\/www.krafthand.de\/truck\/"},{"@type":"ListItem","position":2,"name":"Nfz-Branche","item":"https:\/\/www.krafthand.de\/truck\/kategorie\/branche\/"},{"@type":"ListItem","position":3,"name":"Unternehmen","item":"https:\/\/www.krafthand.de\/truck\/kategorie\/branche\/unternehmen\/"},{"@type":"ListItem","position":4,"name":"Quantron erh\u00e4lt Europ\u00e4ischem Transportpreis f\u00fcr Nachhaltigkeit"}]},{"@type":"WebSite","@id":"https:\/\/www.krafthand.de\/truck\/#website","url":"https:\/\/www.krafthand.de\/truck\/","name":"Krafthand-Truck","description":"","potentialAction":[{"@type":"SearchAction","target":{"@type":"EntryPoint","urlTemplate":"https:\/\/www.krafthand.de\/truck\/?s={search_term_string}"},"query-input":{"@type":"PropertyValueSpecification","valueRequired":true,"valueName":"search_term_string"}}],"inLanguage":"de"},{"@type":"Person","@id":"https:\/\/www.krafthand.de\/truck\/#\/schema\/person\/51fa80b1c57034c4bf63f9f988fc24ce","name":"georg.blenk@krafthand-medien.de","image":{"@type":"ImageObject","inLanguage":"de","@id":"https:\/\/secure.gravatar.com\/avatar\/93713c30affe0aa95d3a4130e499bb1abee2eb31adbdd9ce2aa1543538490215?s=96&d=mm&r=g","url":"https:\/\/secure.gravatar.com\/avatar\/93713c30affe0aa95d3a4130e499bb1abee2eb31adbdd9ce2aa1543538490215?s=96&d=mm&r=g","contentUrl":"https:\/\/secure.gravatar.com\/avatar\/93713c30affe0aa95d3a4130e499bb1abee2eb31adbdd9ce2aa1543538490215?s=96&d=mm&r=g","caption":"georg.blenk@krafthand-medien.de"}}]}},"_links":{"self":[{"href":"https:\/\/www.krafthand.de\/truck\/wp-json\/wp\/v2\/posts\/31284","targetHints":{"allow":["GET"]}}],"collection":[{"href":"https:\/\/www.krafthand.de\/truck\/wp-json\/wp\/v2\/posts"}],"about":[{"href":"https:\/\/www.krafthand.de\/truck\/wp-json\/wp\/v2\/types\/post"}],"author":[{"embeddable":true,"href":"https:\/\/www.krafthand.de\/truck\/wp-json\/wp\/v2\/users\/9"}],"replies":[{"embeddable":true,"href":"https:\/\/www.krafthand.de\/truck\/wp-json\/wp\/v2\/comments?post=31284"}],"version-history":[{"count":5,"href":"https:\/\/www.krafthand.de\/truck\/wp-json\/wp\/v2\/posts\/31284\/revisions"}],"predecessor-version":[{"id":31290,"href":"https:\/\/www.krafthand.de\/truck\/wp-json\/wp\/v2\/posts\/31284\/revisions\/31290"}],"wp:featuredmedia":[{"embeddable":true,"href":"https:\/\/www.krafthand.de\/truck\/wp-json\/wp\/v2\/media\/31287"}],"wp:attachment":[{"href":"https:\/\/www.krafthand.de\/truck\/wp-json\/wp\/v2\/media?parent=31284"}],"wp:term":[{"taxonomy":"category","embeddable":true,"href":"https:\/\/www.krafthand.de\/truck\/wp-json\/wp\/v2\/categories?post=31284"},{"taxonomy":"post_tag","embeddable":true,"href":"https:\/\/www.krafthand.de\/truck\/wp-json\/wp\/v2\/tags?post=31284"},{"taxonomy":"settings","embeddable":true,"href":"https:\/\/www.krafthand.de\/truck\/wp-json\/wp\/v2\/settings?post=31284"}],"curies":[{"name":"wp","href":"https:\/\/api.w.org\/{rel}","templated":true}]}}