{"id":31253,"date":"2022-02-25T12:50:35","date_gmt":"2022-02-25T11:50:35","guid":{"rendered":"https:\/\/www.krafthand.de\/truck\/?p=31253"},"modified":"2022-03-07T10:04:49","modified_gmt":"2022-03-07T09:04:49","slug":"die-bilstein-group-spart-jaehrlich-zwei-tonnen-kunststoff-bei-verpackungen","status":"publish","type":"post","link":"https:\/\/www.krafthand.de\/truck\/artikel\/die-bilstein-group-spart-jaehrlich-zwei-tonnen-kunststoff-bei-verpackungen-31253\/","title":{"rendered":"Die Bilstein-Group spart j\u00e4hrlich zwei Tonnen Kunststoff bei Verpackungen"},"content":{"rendered":"<p>Kleine Ver\u00e4nderung, gro\u00dfe Wirkung f\u00fcr die Umwelt: So lie\u00dfe sich die j\u00fcngste Einsparma\u00dfnahme bei der Bilstein-Group beschreiben. Das Unternehmen verzichtet ab sofort darauf, bei Reparaturs\u00e4tzen Kleinstteile in einen neutralen Plastikbeutel zu packen. Dadurch k\u00f6nnten pro Jahr etwa zwei Tonnen an Kunststoff eingespart werden, so ein Sprecher.<\/p>\n<blockquote><p>\u201eDie Beutel wiegen nur wenige Gramm, aber jedes Jahr kommen davon Hunderttausende zusammen. Die Masse macht\u2019s\u201c, erl\u00e4utert Thomas Pederiva, Gesamtleiter Logistik bei der Bilstein-Group. \u201eDie Verpackungsreduktion ist gut f\u00fcr die Umwelt und gleichzeitig eine Ersparnis f\u00fcr uns. Das zeigt, dass Nachhaltigkeit f\u00fcr Unternehmen nicht immer mit Mehrkosten verbunden sein muss.\u201c<\/p><\/blockquote>\n<p>Hinzu k\u00e4me laut Bilstein der Effizienzgewinn bei der Arbeitszeit: Die Mitarbeitenden sparen sich einen kleinen Arbeitsschritt und haben mehr Zeit f\u00fcr wertsch\u00f6pfende T\u00e4tigkeiten. Der Ersatzteilspezialist sieht zudem noch weiteres Potenzial f\u00fcr die Vermeidung von insbesondere Plastik im Verpackungsprozess. So soll in K\u00fcrze ein Versuch mit Papierverpackungen f\u00fcr bestimmte Artikel starten. Bei Luftpolsterfolien wurde bereits komplett auf den Einsatz von recyceltem Kunststoff umgestellt. Gleichwohl kann die Bilstein-Group aktuell nicht \u00fcberall auf Kunststoff in der Logistik verzichten: <em>\u201eF\u00fcr uns steht der Schutz des Produkts an oberster Stelle. Was bringt eine Verpackungsvermeidung, wenn der Artikel am Ende besch\u00e4digt beim Kunden ankommt und entsorgt werden muss?\u201c<\/em> Zudem m\u00fcssten langfristig auch weitere Handelsstufen des freien Ersatzteilmarkts eingebunden werden, so Pederiva. <em>\u201eWir stehen hier noch ganz am Anfang, aber der erste Schritt ist gemacht.\u201c<\/em><\/p>\n<div class=\"infobox box-grey\"><\/p>\n<p><strong>Das Unternehmen<\/strong><\/p>\n<p>Unter dem Dach der Bilstein Group vereint Ferdinand Bilstein die Produktmarken <a href=\"https:\/\/www.febi.com\/\" target=\"_blank\" rel=\"noopener\">Febi<\/a>, <a href=\"https:\/\/www.swag.de\/\" target=\"_blank\" rel=\"noopener\">SWAG<\/a> und <a href=\"https:\/\/www.blue-print.com\/de\/home\/\" target=\"_blank\" rel=\"noopener\">Blue Print<\/a>. Insgesamt bietet die Bilstein-Goup mehr als 62.000 verschiedene technische Verschlei\u00dfteile f\u00fcr die professionelle Fahrzeugreparatur. Die international agierende Unternehmensgruppe liefert ihre Produkte in \u00fcber 170 L\u00e4nder. Mehr Informationen finden Sie auf <a href=\"https:\/\/www.bilsteingroup.com\" target=\"_blank\" rel=\"noopener\">www.bilsteingroup.com<\/a><\/p>\n<p><\/div>\n","protected":false},"excerpt":{"rendered":"<p>Die Bilstein-Group verzichtet ab sofort bei Reparaturs\u00e4tzen Kleinstteile in einen neutralen Plastikbeutel zu packen. Dadurch k\u00f6nnten pro Jahr etwa zwei Tonnen an Kunststoff eingespart werden. <span class=\"excerpt-more__dots\">&#8230;<\/span> <a class=\"excerpt-more__link\" href=\"https:\/\/www.krafthand.de\/truck\/artikel\/die-bilstein-group-spart-jaehrlich-zwei-tonnen-kunststoff-bei-verpackungen-31253\/\" >weiter<\/a><\/p>\n","protected":false},"author":9,"featured_media":31259,"comment_status":"closed","ping_status":"closed","sticky":false,"template":"","format":"standard","meta":{"footnotes":""},"categories":[4235],"tags":[3124,3101,1481,5067,4008],"settings":[],"class_list":["post-31253","post","type-post","status-publish","format-standard","has-post-thumbnail","hentry","category-unternehmen","tag-bilstein","tag-blue-print","tag-febi","tag-kunststoff-einsparung","tag-umweltschutz"],"yoast_head":"<!-- This site is optimized with the Yoast SEO plugin v27.3 - https:\/\/yoast.com\/product\/yoast-seo-wordpress\/ -->\n<title>Bilstein verzichtet auf Verpackungsbeutel bei Kleinstteilen<\/title>\n<meta name=\"description\" content=\"Die Bilstein-Group verzichtet ab sofort bei Reparaturs\u00e4tzen Kleinstteile in einen neutralen Plastikbeutel zu packen. Dadurch k\u00f6nnten pro Jahr etwa zwei Tonnen an Kunststoff eingespart werden.\" \/>\n<meta name=\"robots\" content=\"index, follow, max-snippet:-1, max-image-preview:large, max-video-preview:-1\" \/>\n<link rel=\"canonical\" href=\"https:\/\/www.krafthand.de\/truck\/artikel\/die-bilstein-group-spart-jaehrlich-zwei-tonnen-kunststoff-bei-verpackungen-31253\/\" \/>\n<meta property=\"og:locale\" content=\"de_DE\" \/>\n<meta property=\"og:type\" content=\"article\" \/>\n<meta property=\"og:title\" content=\"Bilstein verzichtet auf Verpackungsbeutel bei Kleinstteilen\" \/>\n<meta property=\"og:description\" content=\"Die Bilstein-Group verzichtet ab sofort bei Reparaturs\u00e4tzen Kleinstteile in einen neutralen Plastikbeutel zu packen. Dadurch k\u00f6nnten pro Jahr etwa zwei Tonnen an Kunststoff eingespart werden.\" \/>\n<meta property=\"og:url\" content=\"https:\/\/www.krafthand-truck.de\/artikel\/die-bilstein-group-spart-jaehrlich-zwei-tonnen-kunststoff-bei-verpackungen-31253\/\" \/>\n<meta property=\"og:site_name\" content=\"Krafthand-Truck\" \/>\n<meta property=\"article:published_time\" content=\"2022-02-25T11:50:35+00:00\" \/>\n<meta property=\"article:modified_time\" content=\"2022-03-07T09:04:49+00:00\" \/>\n<meta property=\"og:image\" content=\"https:\/\/static.krafthand-truck.de\/uploads\/2022\/02\/bilstein-group-flags-headquarters-Ennepetal.jpg\" \/>\n\t<meta property=\"og:image:width\" content=\"1200\" \/>\n\t<meta property=\"og:image:height\" content=\"823\" \/>\n\t<meta property=\"og:image:type\" content=\"image\/jpeg\" \/>\n<meta name=\"author\" content=\"georg.blenk@krafthand-medien.de\" \/>\n<meta name=\"twitter:card\" content=\"summary_large_image\" \/>\n<meta name=\"twitter:label1\" content=\"Verfasst von\" \/>\n\t<meta name=\"twitter:data1\" content=\"georg.blenk@krafthand-medien.de\" \/>\n\t<meta name=\"twitter:label2\" content=\"Gesch\u00e4tzte Lesezeit\" \/>\n\t<meta name=\"twitter:data2\" content=\"2\u00a0Minuten\" \/>\n<script type=\"application\/ld+json\" class=\"yoast-schema-graph\">{\"@context\":\"https:\\\/\\\/schema.org\",\"@graph\":[{\"@type\":\"Article\",\"@id\":\"https:\\\/\\\/www.krafthand.de\\\/truck\\\/artikel\\\/die-bilstein-group-spart-jaehrlich-zwei-tonnen-kunststoff-bei-verpackungen-31253\\\/#article\",\"isPartOf\":{\"@id\":\"https:\\\/\\\/www.krafthand.de\\\/truck\\\/artikel\\\/die-bilstein-group-spart-jaehrlich-zwei-tonnen-kunststoff-bei-verpackungen-31253\\\/\"},\"author\":{\"name\":\"georg.blenk@krafthand-medien.de\",\"@id\":\"https:\\\/\\\/www.krafthand.de\\\/truck\\\/#\\\/schema\\\/person\\\/51fa80b1c57034c4bf63f9f988fc24ce\"},\"headline\":\"Die Bilstein-Group spart j\u00e4hrlich zwei Tonnen Kunststoff bei Verpackungen\",\"datePublished\":\"2022-02-25T11:50:35+00:00\",\"dateModified\":\"2022-03-07T09:04:49+00:00\",\"mainEntityOfPage\":{\"@id\":\"https:\\\/\\\/www.krafthand.de\\\/truck\\\/artikel\\\/die-bilstein-group-spart-jaehrlich-zwei-tonnen-kunststoff-bei-verpackungen-31253\\\/\"},\"wordCount\":311,\"image\":{\"@id\":\"https:\\\/\\\/www.krafthand.de\\\/truck\\\/artikel\\\/die-bilstein-group-spart-jaehrlich-zwei-tonnen-kunststoff-bei-verpackungen-31253\\\/#primaryimage\"},\"thumbnailUrl\":\"https:\\\/\\\/static.krafthand-truck.de\\\/uploads\\\/2022\\\/02\\\/bilstein-group-flags-headquarters-Ennepetal.jpg\",\"keywords\":[\"Bilstein\",\"Blue Print\",\"Febi\",\"Kunststoff-Einsparung\",\"Umweltschutz\"],\"articleSection\":[\"Unternehmen\"],\"inLanguage\":\"de\"},{\"@type\":\"WebPage\",\"@id\":\"https:\\\/\\\/www.krafthand.de\\\/truck\\\/artikel\\\/die-bilstein-group-spart-jaehrlich-zwei-tonnen-kunststoff-bei-verpackungen-31253\\\/\",\"url\":\"https:\\\/\\\/www.krafthand.de\\\/truck\\\/artikel\\\/die-bilstein-group-spart-jaehrlich-zwei-tonnen-kunststoff-bei-verpackungen-31253\\\/\",\"name\":\"Bilstein verzichtet auf Verpackungsbeutel bei Kleinstteilen\",\"isPartOf\":{\"@id\":\"https:\\\/\\\/www.krafthand.de\\\/truck\\\/#website\"},\"primaryImageOfPage\":{\"@id\":\"https:\\\/\\\/www.krafthand.de\\\/truck\\\/artikel\\\/die-bilstein-group-spart-jaehrlich-zwei-tonnen-kunststoff-bei-verpackungen-31253\\\/#primaryimage\"},\"image\":{\"@id\":\"https:\\\/\\\/www.krafthand.de\\\/truck\\\/artikel\\\/die-bilstein-group-spart-jaehrlich-zwei-tonnen-kunststoff-bei-verpackungen-31253\\\/#primaryimage\"},\"thumbnailUrl\":\"https:\\\/\\\/static.krafthand-truck.de\\\/uploads\\\/2022\\\/02\\\/bilstein-group-flags-headquarters-Ennepetal.jpg\",\"datePublished\":\"2022-02-25T11:50:35+00:00\",\"dateModified\":\"2022-03-07T09:04:49+00:00\",\"author\":{\"@id\":\"https:\\\/\\\/www.krafthand.de\\\/truck\\\/#\\\/schema\\\/person\\\/51fa80b1c57034c4bf63f9f988fc24ce\"},\"description\":\"Die Bilstein-Group verzichtet ab sofort bei Reparaturs\u00e4tzen Kleinstteile in einen neutralen Plastikbeutel zu packen. Dadurch k\u00f6nnten pro Jahr etwa zwei Tonnen an Kunststoff eingespart werden.\",\"breadcrumb\":{\"@id\":\"https:\\\/\\\/www.krafthand.de\\\/truck\\\/artikel\\\/die-bilstein-group-spart-jaehrlich-zwei-tonnen-kunststoff-bei-verpackungen-31253\\\/#breadcrumb\"},\"inLanguage\":\"de\",\"potentialAction\":[{\"@type\":\"ReadAction\",\"target\":[\"https:\\\/\\\/www.krafthand.de\\\/truck\\\/artikel\\\/die-bilstein-group-spart-jaehrlich-zwei-tonnen-kunststoff-bei-verpackungen-31253\\\/\"]}]},{\"@type\":\"ImageObject\",\"inLanguage\":\"de\",\"@id\":\"https:\\\/\\\/www.krafthand.de\\\/truck\\\/artikel\\\/die-bilstein-group-spart-jaehrlich-zwei-tonnen-kunststoff-bei-verpackungen-31253\\\/#primaryimage\",\"url\":\"https:\\\/\\\/static.krafthand-truck.de\\\/uploads\\\/2022\\\/02\\\/bilstein-group-flags-headquarters-Ennepetal.jpg\",\"contentUrl\":\"https:\\\/\\\/static.krafthand-truck.de\\\/uploads\\\/2022\\\/02\\\/bilstein-group-flags-headquarters-Ennepetal.jpg\",\"width\":1200,\"height\":823},{\"@type\":\"BreadcrumbList\",\"@id\":\"https:\\\/\\\/www.krafthand.de\\\/truck\\\/artikel\\\/die-bilstein-group-spart-jaehrlich-zwei-tonnen-kunststoff-bei-verpackungen-31253\\\/#breadcrumb\",\"itemListElement\":[{\"@type\":\"ListItem\",\"position\":1,\"name\":\"Krafthand-Truck\",\"item\":\"https:\\\/\\\/www.krafthand.de\\\/truck\\\/\"},{\"@type\":\"ListItem\",\"position\":2,\"name\":\"Nfz-Branche\",\"item\":\"https:\\\/\\\/www.krafthand.de\\\/truck\\\/kategorie\\\/branche\\\/\"},{\"@type\":\"ListItem\",\"position\":3,\"name\":\"Unternehmen\",\"item\":\"https:\\\/\\\/www.krafthand.de\\\/truck\\\/kategorie\\\/branche\\\/unternehmen\\\/\"},{\"@type\":\"ListItem\",\"position\":4,\"name\":\"Die Bilstein-Group spart j\u00e4hrlich zwei Tonnen Kunststoff bei Verpackungen\"}]},{\"@type\":\"WebSite\",\"@id\":\"https:\\\/\\\/www.krafthand.de\\\/truck\\\/#website\",\"url\":\"https:\\\/\\\/www.krafthand.de\\\/truck\\\/\",\"name\":\"Krafthand-Truck\",\"description\":\"\",\"potentialAction\":[{\"@type\":\"SearchAction\",\"target\":{\"@type\":\"EntryPoint\",\"urlTemplate\":\"https:\\\/\\\/www.krafthand.de\\\/truck\\\/?s={search_term_string}\"},\"query-input\":{\"@type\":\"PropertyValueSpecification\",\"valueRequired\":true,\"valueName\":\"search_term_string\"}}],\"inLanguage\":\"de\"},{\"@type\":\"Person\",\"@id\":\"https:\\\/\\\/www.krafthand.de\\\/truck\\\/#\\\/schema\\\/person\\\/51fa80b1c57034c4bf63f9f988fc24ce\",\"name\":\"georg.blenk@krafthand-medien.de\",\"image\":{\"@type\":\"ImageObject\",\"inLanguage\":\"de\",\"@id\":\"https:\\\/\\\/secure.gravatar.com\\\/avatar\\\/93713c30affe0aa95d3a4130e499bb1abee2eb31adbdd9ce2aa1543538490215?s=96&d=mm&r=g\",\"url\":\"https:\\\/\\\/secure.gravatar.com\\\/avatar\\\/93713c30affe0aa95d3a4130e499bb1abee2eb31adbdd9ce2aa1543538490215?s=96&d=mm&r=g\",\"contentUrl\":\"https:\\\/\\\/secure.gravatar.com\\\/avatar\\\/93713c30affe0aa95d3a4130e499bb1abee2eb31adbdd9ce2aa1543538490215?s=96&d=mm&r=g\",\"caption\":\"georg.blenk@krafthand-medien.de\"}}]}<\/script>\n<!-- \/ Yoast SEO plugin. -->","yoast_head_json":{"title":"Bilstein verzichtet auf Verpackungsbeutel bei Kleinstteilen","description":"Die Bilstein-Group verzichtet ab sofort bei Reparaturs\u00e4tzen Kleinstteile in einen neutralen Plastikbeutel zu packen. Dadurch k\u00f6nnten pro Jahr etwa zwei Tonnen an Kunststoff eingespart werden.","robots":{"index":"index","follow":"follow","max-snippet":"max-snippet:-1","max-image-preview":"max-image-preview:large","max-video-preview":"max-video-preview:-1"},"canonical":"https:\/\/www.krafthand.de\/truck\/artikel\/die-bilstein-group-spart-jaehrlich-zwei-tonnen-kunststoff-bei-verpackungen-31253\/","og_locale":"de_DE","og_type":"article","og_title":"Bilstein verzichtet auf Verpackungsbeutel bei Kleinstteilen","og_description":"Die Bilstein-Group verzichtet ab sofort bei Reparaturs\u00e4tzen Kleinstteile in einen neutralen Plastikbeutel zu packen. Dadurch k\u00f6nnten pro Jahr etwa zwei Tonnen an Kunststoff eingespart werden.","og_url":"https:\/\/www.krafthand-truck.de\/artikel\/die-bilstein-group-spart-jaehrlich-zwei-tonnen-kunststoff-bei-verpackungen-31253\/","og_site_name":"Krafthand-Truck","article_published_time":"2022-02-25T11:50:35+00:00","article_modified_time":"2022-03-07T09:04:49+00:00","og_image":[{"width":1200,"height":823,"url":"https:\/\/static.krafthand-truck.de\/uploads\/2022\/02\/bilstein-group-flags-headquarters-Ennepetal.jpg","type":"image\/jpeg"}],"author":"georg.blenk@krafthand-medien.de","twitter_card":"summary_large_image","twitter_misc":{"Verfasst von":"georg.blenk@krafthand-medien.de","Gesch\u00e4tzte Lesezeit":"2\u00a0Minuten"},"schema":{"@context":"https:\/\/schema.org","@graph":[{"@type":"Article","@id":"https:\/\/www.krafthand.de\/truck\/artikel\/die-bilstein-group-spart-jaehrlich-zwei-tonnen-kunststoff-bei-verpackungen-31253\/#article","isPartOf":{"@id":"https:\/\/www.krafthand.de\/truck\/artikel\/die-bilstein-group-spart-jaehrlich-zwei-tonnen-kunststoff-bei-verpackungen-31253\/"},"author":{"name":"georg.blenk@krafthand-medien.de","@id":"https:\/\/www.krafthand.de\/truck\/#\/schema\/person\/51fa80b1c57034c4bf63f9f988fc24ce"},"headline":"Die Bilstein-Group spart j\u00e4hrlich zwei Tonnen Kunststoff bei Verpackungen","datePublished":"2022-02-25T11:50:35+00:00","dateModified":"2022-03-07T09:04:49+00:00","mainEntityOfPage":{"@id":"https:\/\/www.krafthand.de\/truck\/artikel\/die-bilstein-group-spart-jaehrlich-zwei-tonnen-kunststoff-bei-verpackungen-31253\/"},"wordCount":311,"image":{"@id":"https:\/\/www.krafthand.de\/truck\/artikel\/die-bilstein-group-spart-jaehrlich-zwei-tonnen-kunststoff-bei-verpackungen-31253\/#primaryimage"},"thumbnailUrl":"https:\/\/static.krafthand-truck.de\/uploads\/2022\/02\/bilstein-group-flags-headquarters-Ennepetal.jpg","keywords":["Bilstein","Blue Print","Febi","Kunststoff-Einsparung","Umweltschutz"],"articleSection":["Unternehmen"],"inLanguage":"de"},{"@type":"WebPage","@id":"https:\/\/www.krafthand.de\/truck\/artikel\/die-bilstein-group-spart-jaehrlich-zwei-tonnen-kunststoff-bei-verpackungen-31253\/","url":"https:\/\/www.krafthand.de\/truck\/artikel\/die-bilstein-group-spart-jaehrlich-zwei-tonnen-kunststoff-bei-verpackungen-31253\/","name":"Bilstein verzichtet auf Verpackungsbeutel bei Kleinstteilen","isPartOf":{"@id":"https:\/\/www.krafthand.de\/truck\/#website"},"primaryImageOfPage":{"@id":"https:\/\/www.krafthand.de\/truck\/artikel\/die-bilstein-group-spart-jaehrlich-zwei-tonnen-kunststoff-bei-verpackungen-31253\/#primaryimage"},"image":{"@id":"https:\/\/www.krafthand.de\/truck\/artikel\/die-bilstein-group-spart-jaehrlich-zwei-tonnen-kunststoff-bei-verpackungen-31253\/#primaryimage"},"thumbnailUrl":"https:\/\/static.krafthand-truck.de\/uploads\/2022\/02\/bilstein-group-flags-headquarters-Ennepetal.jpg","datePublished":"2022-02-25T11:50:35+00:00","dateModified":"2022-03-07T09:04:49+00:00","author":{"@id":"https:\/\/www.krafthand.de\/truck\/#\/schema\/person\/51fa80b1c57034c4bf63f9f988fc24ce"},"description":"Die Bilstein-Group verzichtet ab sofort bei Reparaturs\u00e4tzen Kleinstteile in einen neutralen Plastikbeutel zu packen. Dadurch k\u00f6nnten pro Jahr etwa zwei Tonnen an Kunststoff eingespart werden.","breadcrumb":{"@id":"https:\/\/www.krafthand.de\/truck\/artikel\/die-bilstein-group-spart-jaehrlich-zwei-tonnen-kunststoff-bei-verpackungen-31253\/#breadcrumb"},"inLanguage":"de","potentialAction":[{"@type":"ReadAction","target":["https:\/\/www.krafthand.de\/truck\/artikel\/die-bilstein-group-spart-jaehrlich-zwei-tonnen-kunststoff-bei-verpackungen-31253\/"]}]},{"@type":"ImageObject","inLanguage":"de","@id":"https:\/\/www.krafthand.de\/truck\/artikel\/die-bilstein-group-spart-jaehrlich-zwei-tonnen-kunststoff-bei-verpackungen-31253\/#primaryimage","url":"https:\/\/static.krafthand-truck.de\/uploads\/2022\/02\/bilstein-group-flags-headquarters-Ennepetal.jpg","contentUrl":"https:\/\/static.krafthand-truck.de\/uploads\/2022\/02\/bilstein-group-flags-headquarters-Ennepetal.jpg","width":1200,"height":823},{"@type":"BreadcrumbList","@id":"https:\/\/www.krafthand.de\/truck\/artikel\/die-bilstein-group-spart-jaehrlich-zwei-tonnen-kunststoff-bei-verpackungen-31253\/#breadcrumb","itemListElement":[{"@type":"ListItem","position":1,"name":"Krafthand-Truck","item":"https:\/\/www.krafthand.de\/truck\/"},{"@type":"ListItem","position":2,"name":"Nfz-Branche","item":"https:\/\/www.krafthand.de\/truck\/kategorie\/branche\/"},{"@type":"ListItem","position":3,"name":"Unternehmen","item":"https:\/\/www.krafthand.de\/truck\/kategorie\/branche\/unternehmen\/"},{"@type":"ListItem","position":4,"name":"Die Bilstein-Group spart j\u00e4hrlich zwei Tonnen Kunststoff bei Verpackungen"}]},{"@type":"WebSite","@id":"https:\/\/www.krafthand.de\/truck\/#website","url":"https:\/\/www.krafthand.de\/truck\/","name":"Krafthand-Truck","description":"","potentialAction":[{"@type":"SearchAction","target":{"@type":"EntryPoint","urlTemplate":"https:\/\/www.krafthand.de\/truck\/?s={search_term_string}"},"query-input":{"@type":"PropertyValueSpecification","valueRequired":true,"valueName":"search_term_string"}}],"inLanguage":"de"},{"@type":"Person","@id":"https:\/\/www.krafthand.de\/truck\/#\/schema\/person\/51fa80b1c57034c4bf63f9f988fc24ce","name":"georg.blenk@krafthand-medien.de","image":{"@type":"ImageObject","inLanguage":"de","@id":"https:\/\/secure.gravatar.com\/avatar\/93713c30affe0aa95d3a4130e499bb1abee2eb31adbdd9ce2aa1543538490215?s=96&d=mm&r=g","url":"https:\/\/secure.gravatar.com\/avatar\/93713c30affe0aa95d3a4130e499bb1abee2eb31adbdd9ce2aa1543538490215?s=96&d=mm&r=g","contentUrl":"https:\/\/secure.gravatar.com\/avatar\/93713c30affe0aa95d3a4130e499bb1abee2eb31adbdd9ce2aa1543538490215?s=96&d=mm&r=g","caption":"georg.blenk@krafthand-medien.de"}}]}},"_links":{"self":[{"href":"https:\/\/www.krafthand.de\/truck\/wp-json\/wp\/v2\/posts\/31253","targetHints":{"allow":["GET"]}}],"collection":[{"href":"https:\/\/www.krafthand.de\/truck\/wp-json\/wp\/v2\/posts"}],"about":[{"href":"https:\/\/www.krafthand.de\/truck\/wp-json\/wp\/v2\/types\/post"}],"author":[{"embeddable":true,"href":"https:\/\/www.krafthand.de\/truck\/wp-json\/wp\/v2\/users\/9"}],"replies":[{"embeddable":true,"href":"https:\/\/www.krafthand.de\/truck\/wp-json\/wp\/v2\/comments?post=31253"}],"version-history":[{"count":8,"href":"https:\/\/www.krafthand.de\/truck\/wp-json\/wp\/v2\/posts\/31253\/revisions"}],"predecessor-version":[{"id":31262,"href":"https:\/\/www.krafthand.de\/truck\/wp-json\/wp\/v2\/posts\/31253\/revisions\/31262"}],"wp:featuredmedia":[{"embeddable":true,"href":"https:\/\/www.krafthand.de\/truck\/wp-json\/wp\/v2\/media\/31259"}],"wp:attachment":[{"href":"https:\/\/www.krafthand.de\/truck\/wp-json\/wp\/v2\/media?parent=31253"}],"wp:term":[{"taxonomy":"category","embeddable":true,"href":"https:\/\/www.krafthand.de\/truck\/wp-json\/wp\/v2\/categories?post=31253"},{"taxonomy":"post_tag","embeddable":true,"href":"https:\/\/www.krafthand.de\/truck\/wp-json\/wp\/v2\/tags?post=31253"},{"taxonomy":"settings","embeddable":true,"href":"https:\/\/www.krafthand.de\/truck\/wp-json\/wp\/v2\/settings?post=31253"}],"curies":[{"name":"wp","href":"https:\/\/api.w.org\/{rel}","templated":true}]}}