{"id":31248,"date":"2022-02-25T11:32:43","date_gmt":"2022-02-25T10:32:43","guid":{"rendered":"https:\/\/www.krafthand.de\/truck\/?p=31248"},"modified":"2022-02-25T11:32:51","modified_gmt":"2022-02-25T10:32:51","slug":"krone-trusted-ersatzteilmarke-im-aufwind","status":"publish","type":"post","link":"https:\/\/www.krafthand.de\/truck\/artikel\/krone-trusted-ersatzteilmarke-im-aufwind-31248\/","title":{"rendered":"Krone-Trusted: Ersatzteilmarke im Aufwind"},"content":{"rendered":"<p>Die Ersatzteilmarke \u201aKrone-Trusted\u2018 ist laut Krone vom Markt positiv aufgenommen worden. Vor rund einem Jahr ist der Trailer-Spezialist Krone mit einem Lagerbestand von rund einer Million Euro gestartet, der bereits im ersten Jahr umgeschlagen wurde. \u00dcber 300 verschiedene gepr\u00fcfte Markenersatzteile, die mehr als 80 Prozent der g\u00e4ngigen Verschlei\u00dfteile an Trailern abdecken und im Vergleich zum Original-Ersatzteil bis zu 50 Prozent g\u00fcnstiger sind, k\u00f6nnen seit Januar 2021 europaweit bei Krone geordert werden. Das Sortiment reicht von Achsteilen und ABS-Sensoren \u00fcber Bremstrommeln und Luftfederb\u00e4lge bis zu Scheibenbremsbel\u00e4gen.<\/p>\n<h3>Preiswerte Alternative<\/h3>\n<p>Krone-Trusted versteht sich als preiswerte Alternative zu Original-Ersatzteilen, ohne auf Qualit\u00e4t zu verzichten. <a href=\"https:\/\/www.krafthand.de\/truck\/artikel\/wir-transportieren-zukunft-das-familienunternehmen-krone-entwickelte-sich-zum-global-player-30289\/\" target=\"_blank\" rel=\"noopener\">Krone<\/a> bezieht die Ersatzteile direkt von namhaften Herstellern wie zum Beispiel BPW, SAF oder Jost, die Krone auch in der Erstausr\u00fcstung beliefern. Die <a href=\"https:\/\/www.krone-trailerparts.com\/krone-trusted\" target=\"_blank\" rel=\"noopener\">Krone-Trusted<\/a> Ersatzteile sind nicht nur f\u00fcr Krone-Fahrzeuge geeignet, sondern auch f\u00fcr Trailer anderer Hersteller.<\/p>\n<blockquote><p>\u201eWir wollen nicht das g\u00fcnstigste Produkt vorhalten, sondern bedienen die wachsende Nachfrage nach preiswerten Qualit\u00e4tsprodukten. Mit dieser Strategie gelingt es uns, Mischfuhrparks mit unterschiedlichsten Marken zu erreichen\u201c, so Ralf Faust, Gesch\u00e4ftsf\u00fchrer Service der Krone-Nutzfahrzeug-Gruppe.<\/p><\/blockquote>\n<p><i>Den Beitrag finden Sie auch in der Print-Ausgabe 1-2022 der <a href=\"https:\/\/www.krafthand.de\/truck\/magazin\/\" title=\"Zum Magazin\">Krafthand-Truck<\/a>.<\/i><\/p>","protected":false},"excerpt":{"rendered":"<p>Die Ersatzteilmarke \u201aKrone-Trusted\u2018 ist laut Krone vom Markt positiv aufgenommen worden. Vor rund einem Jahr ist der Trailer-Spezialist Krone mit einem Lagerbestand von rund einer Million Euro gestartet, der bereits im ersten Jahr umgeschlagen wurde. <span class=\"excerpt-more__dots\">&#8230;<\/span> <a class=\"excerpt-more__link\" href=\"https:\/\/www.krafthand.de\/truck\/artikel\/krone-trusted-ersatzteilmarke-im-aufwind-31248\/\" >weiter<\/a><\/p>\n","protected":false},"author":9,"featured_media":31251,"comment_status":"closed","ping_status":"closed","sticky":false,"template":"","format":"standard","meta":{"footnotes":""},"categories":[4912,4238],"tags":[24,4657,4656,4316],"settings":[],"class_list":["post-31248","post","type-post","status-publish","format-standard","has-post-thumbnail","hentry","category-ersatzteile-zubehoer","category-koepfe","tag-ersatzteil","tag-ewald-gronewald","tag-krone-trusted","tag-ralf-faust"],"yoast_head":"<!-- This site is optimized with the Yoast SEO plugin v27.3 - https:\/\/yoast.com\/product\/yoast-seo-wordpress\/ -->\n<title>Lkw-Ersatzteilmarke Krone-Trusted entwickelt sich positiv<\/title>\n<meta name=\"description\" content=\"Die Ersatzteilmarke \u201aKrone-Trusted\u2018 ist laut Krone vom Markt positiv aufgenommen worden. Vor rund einem Jahr ist der Trailer-Spezialist Krone mit einem Lagerbestand von rund einer Million Euro gestartet, der bereits im ersten Jahr umgeschlagen wurde.\" \/>\n<meta name=\"robots\" content=\"index, follow, max-snippet:-1, max-image-preview:large, max-video-preview:-1\" \/>\n<link rel=\"canonical\" href=\"https:\/\/www.krafthand.de\/truck\/artikel\/krone-trusted-ersatzteilmarke-im-aufwind-31248\/\" \/>\n<meta property=\"og:locale\" content=\"de_DE\" \/>\n<meta property=\"og:type\" content=\"article\" \/>\n<meta property=\"og:title\" content=\"Lkw-Ersatzteilmarke Krone-Trusted entwickelt sich positiv\" \/>\n<meta property=\"og:description\" content=\"Die Ersatzteilmarke \u201aKrone-Trusted\u2018 ist laut Krone vom Markt positiv aufgenommen worden. Vor rund einem Jahr ist der Trailer-Spezialist Krone mit einem Lagerbestand von rund einer Million Euro gestartet, der bereits im ersten Jahr umgeschlagen wurde.\" \/>\n<meta property=\"og:url\" content=\"https:\/\/www.krafthand-truck.de\/artikel\/krone-trusted-ersatzteilmarke-im-aufwind-31248\/\" \/>\n<meta property=\"og:site_name\" content=\"Krafthand-Truck\" \/>\n<meta property=\"article:published_time\" content=\"2022-02-25T10:32:43+00:00\" \/>\n<meta property=\"article:modified_time\" content=\"2022-02-25T10:32:51+00:00\" \/>\n<meta property=\"og:image\" content=\"https:\/\/static.krafthand-truck.de\/uploads\/2022\/02\/Krone_Trustet_Ewald_Gronewald_Ralf_Faust.jpg\" \/>\n\t<meta property=\"og:image:width\" content=\"1000\" \/>\n\t<meta property=\"og:image:height\" content=\"857\" \/>\n\t<meta property=\"og:image:type\" content=\"image\/jpeg\" \/>\n<meta name=\"author\" content=\"georg.blenk@krafthand-medien.de\" \/>\n<meta name=\"twitter:card\" content=\"summary_large_image\" \/>\n<meta name=\"twitter:label1\" content=\"Verfasst von\" \/>\n\t<meta name=\"twitter:data1\" content=\"georg.blenk@krafthand-medien.de\" \/>\n\t<meta name=\"twitter:label2\" content=\"Gesch\u00e4tzte Lesezeit\" \/>\n\t<meta name=\"twitter:data2\" content=\"1\u00a0Minute\" \/>\n<script type=\"application\/ld+json\" class=\"yoast-schema-graph\">{\"@context\":\"https:\\\/\\\/schema.org\",\"@graph\":[{\"@type\":\"Article\",\"@id\":\"https:\\\/\\\/www.krafthand.de\\\/truck\\\/artikel\\\/krone-trusted-ersatzteilmarke-im-aufwind-31248\\\/#article\",\"isPartOf\":{\"@id\":\"https:\\\/\\\/www.krafthand.de\\\/truck\\\/artikel\\\/krone-trusted-ersatzteilmarke-im-aufwind-31248\\\/\"},\"author\":{\"name\":\"georg.blenk@krafthand-medien.de\",\"@id\":\"https:\\\/\\\/www.krafthand.de\\\/truck\\\/#\\\/schema\\\/person\\\/51fa80b1c57034c4bf63f9f988fc24ce\"},\"headline\":\"Krone-Trusted: Ersatzteilmarke im Aufwind\",\"datePublished\":\"2022-02-25T10:32:43+00:00\",\"dateModified\":\"2022-02-25T10:32:51+00:00\",\"mainEntityOfPage\":{\"@id\":\"https:\\\/\\\/www.krafthand.de\\\/truck\\\/artikel\\\/krone-trusted-ersatzteilmarke-im-aufwind-31248\\\/\"},\"wordCount\":186,\"image\":{\"@id\":\"https:\\\/\\\/www.krafthand.de\\\/truck\\\/artikel\\\/krone-trusted-ersatzteilmarke-im-aufwind-31248\\\/#primaryimage\"},\"thumbnailUrl\":\"https:\\\/\\\/static.krafthand-truck.de\\\/uploads\\\/2022\\\/02\\\/Krone_Trustet_Ewald_Gronewald_Ralf_Faust.jpg\",\"keywords\":[\"Ersatzteil\",\"Ewald Gronewald\",\"Krone-Trusted\",\"Ralf Faust\"],\"articleSection\":[\"Ersatzteile\\\/Zubeh\u00f6r\",\"K\u00f6pfe\\\/Personen\"],\"inLanguage\":\"de\"},{\"@type\":\"WebPage\",\"@id\":\"https:\\\/\\\/www.krafthand.de\\\/truck\\\/artikel\\\/krone-trusted-ersatzteilmarke-im-aufwind-31248\\\/\",\"url\":\"https:\\\/\\\/www.krafthand.de\\\/truck\\\/artikel\\\/krone-trusted-ersatzteilmarke-im-aufwind-31248\\\/\",\"name\":\"Lkw-Ersatzteilmarke Krone-Trusted entwickelt sich positiv\",\"isPartOf\":{\"@id\":\"https:\\\/\\\/www.krafthand.de\\\/truck\\\/#website\"},\"primaryImageOfPage\":{\"@id\":\"https:\\\/\\\/www.krafthand.de\\\/truck\\\/artikel\\\/krone-trusted-ersatzteilmarke-im-aufwind-31248\\\/#primaryimage\"},\"image\":{\"@id\":\"https:\\\/\\\/www.krafthand.de\\\/truck\\\/artikel\\\/krone-trusted-ersatzteilmarke-im-aufwind-31248\\\/#primaryimage\"},\"thumbnailUrl\":\"https:\\\/\\\/static.krafthand-truck.de\\\/uploads\\\/2022\\\/02\\\/Krone_Trustet_Ewald_Gronewald_Ralf_Faust.jpg\",\"datePublished\":\"2022-02-25T10:32:43+00:00\",\"dateModified\":\"2022-02-25T10:32:51+00:00\",\"author\":{\"@id\":\"https:\\\/\\\/www.krafthand.de\\\/truck\\\/#\\\/schema\\\/person\\\/51fa80b1c57034c4bf63f9f988fc24ce\"},\"description\":\"Die Ersatzteilmarke \u201aKrone-Trusted\u2018 ist laut Krone vom Markt positiv aufgenommen worden. Vor rund einem Jahr ist der Trailer-Spezialist Krone mit einem Lagerbestand von rund einer Million Euro gestartet, der bereits im ersten Jahr umgeschlagen wurde.\",\"breadcrumb\":{\"@id\":\"https:\\\/\\\/www.krafthand.de\\\/truck\\\/artikel\\\/krone-trusted-ersatzteilmarke-im-aufwind-31248\\\/#breadcrumb\"},\"inLanguage\":\"de\",\"potentialAction\":[{\"@type\":\"ReadAction\",\"target\":[\"https:\\\/\\\/www.krafthand.de\\\/truck\\\/artikel\\\/krone-trusted-ersatzteilmarke-im-aufwind-31248\\\/\"]}]},{\"@type\":\"ImageObject\",\"inLanguage\":\"de\",\"@id\":\"https:\\\/\\\/www.krafthand.de\\\/truck\\\/artikel\\\/krone-trusted-ersatzteilmarke-im-aufwind-31248\\\/#primaryimage\",\"url\":\"https:\\\/\\\/static.krafthand-truck.de\\\/uploads\\\/2022\\\/02\\\/Krone_Trustet_Ewald_Gronewald_Ralf_Faust.jpg\",\"contentUrl\":\"https:\\\/\\\/static.krafthand-truck.de\\\/uploads\\\/2022\\\/02\\\/Krone_Trustet_Ewald_Gronewald_Ralf_Faust.jpg\",\"width\":1000,\"height\":857},{\"@type\":\"BreadcrumbList\",\"@id\":\"https:\\\/\\\/www.krafthand.de\\\/truck\\\/artikel\\\/krone-trusted-ersatzteilmarke-im-aufwind-31248\\\/#breadcrumb\",\"itemListElement\":[{\"@type\":\"ListItem\",\"position\":1,\"name\":\"Krafthand-Truck\",\"item\":\"https:\\\/\\\/www.krafthand.de\\\/truck\\\/\"},{\"@type\":\"ListItem\",\"position\":2,\"name\":\"Nfz-Branche\",\"item\":\"https:\\\/\\\/www.krafthand.de\\\/truck\\\/kategorie\\\/branche\\\/\"},{\"@type\":\"ListItem\",\"position\":3,\"name\":\"K\u00f6pfe\\\/Personen\",\"item\":\"https:\\\/\\\/www.krafthand.de\\\/truck\\\/kategorie\\\/branche\\\/koepfe\\\/\"},{\"@type\":\"ListItem\",\"position\":4,\"name\":\"Krone-Trusted: Ersatzteilmarke im Aufwind\"}]},{\"@type\":\"WebSite\",\"@id\":\"https:\\\/\\\/www.krafthand.de\\\/truck\\\/#website\",\"url\":\"https:\\\/\\\/www.krafthand.de\\\/truck\\\/\",\"name\":\"Krafthand-Truck\",\"description\":\"\",\"potentialAction\":[{\"@type\":\"SearchAction\",\"target\":{\"@type\":\"EntryPoint\",\"urlTemplate\":\"https:\\\/\\\/www.krafthand.de\\\/truck\\\/?s={search_term_string}\"},\"query-input\":{\"@type\":\"PropertyValueSpecification\",\"valueRequired\":true,\"valueName\":\"search_term_string\"}}],\"inLanguage\":\"de\"},{\"@type\":\"Person\",\"@id\":\"https:\\\/\\\/www.krafthand.de\\\/truck\\\/#\\\/schema\\\/person\\\/51fa80b1c57034c4bf63f9f988fc24ce\",\"name\":\"georg.blenk@krafthand-medien.de\",\"image\":{\"@type\":\"ImageObject\",\"inLanguage\":\"de\",\"@id\":\"https:\\\/\\\/secure.gravatar.com\\\/avatar\\\/93713c30affe0aa95d3a4130e499bb1abee2eb31adbdd9ce2aa1543538490215?s=96&d=mm&r=g\",\"url\":\"https:\\\/\\\/secure.gravatar.com\\\/avatar\\\/93713c30affe0aa95d3a4130e499bb1abee2eb31adbdd9ce2aa1543538490215?s=96&d=mm&r=g\",\"contentUrl\":\"https:\\\/\\\/secure.gravatar.com\\\/avatar\\\/93713c30affe0aa95d3a4130e499bb1abee2eb31adbdd9ce2aa1543538490215?s=96&d=mm&r=g\",\"caption\":\"georg.blenk@krafthand-medien.de\"}}]}<\/script>\n<!-- \/ Yoast SEO plugin. -->","yoast_head_json":{"title":"Lkw-Ersatzteilmarke Krone-Trusted entwickelt sich positiv","description":"Die Ersatzteilmarke \u201aKrone-Trusted\u2018 ist laut Krone vom Markt positiv aufgenommen worden. Vor rund einem Jahr ist der Trailer-Spezialist Krone mit einem Lagerbestand von rund einer Million Euro gestartet, der bereits im ersten Jahr umgeschlagen wurde.","robots":{"index":"index","follow":"follow","max-snippet":"max-snippet:-1","max-image-preview":"max-image-preview:large","max-video-preview":"max-video-preview:-1"},"canonical":"https:\/\/www.krafthand.de\/truck\/artikel\/krone-trusted-ersatzteilmarke-im-aufwind-31248\/","og_locale":"de_DE","og_type":"article","og_title":"Lkw-Ersatzteilmarke Krone-Trusted entwickelt sich positiv","og_description":"Die Ersatzteilmarke \u201aKrone-Trusted\u2018 ist laut Krone vom Markt positiv aufgenommen worden. Vor rund einem Jahr ist der Trailer-Spezialist Krone mit einem Lagerbestand von rund einer Million Euro gestartet, der bereits im ersten Jahr umgeschlagen wurde.","og_url":"https:\/\/www.krafthand-truck.de\/artikel\/krone-trusted-ersatzteilmarke-im-aufwind-31248\/","og_site_name":"Krafthand-Truck","article_published_time":"2022-02-25T10:32:43+00:00","article_modified_time":"2022-02-25T10:32:51+00:00","og_image":[{"width":1000,"height":857,"url":"https:\/\/static.krafthand-truck.de\/uploads\/2022\/02\/Krone_Trustet_Ewald_Gronewald_Ralf_Faust.jpg","type":"image\/jpeg"}],"author":"georg.blenk@krafthand-medien.de","twitter_card":"summary_large_image","twitter_misc":{"Verfasst von":"georg.blenk@krafthand-medien.de","Gesch\u00e4tzte Lesezeit":"1\u00a0Minute"},"schema":{"@context":"https:\/\/schema.org","@graph":[{"@type":"Article","@id":"https:\/\/www.krafthand.de\/truck\/artikel\/krone-trusted-ersatzteilmarke-im-aufwind-31248\/#article","isPartOf":{"@id":"https:\/\/www.krafthand.de\/truck\/artikel\/krone-trusted-ersatzteilmarke-im-aufwind-31248\/"},"author":{"name":"georg.blenk@krafthand-medien.de","@id":"https:\/\/www.krafthand.de\/truck\/#\/schema\/person\/51fa80b1c57034c4bf63f9f988fc24ce"},"headline":"Krone-Trusted: Ersatzteilmarke im Aufwind","datePublished":"2022-02-25T10:32:43+00:00","dateModified":"2022-02-25T10:32:51+00:00","mainEntityOfPage":{"@id":"https:\/\/www.krafthand.de\/truck\/artikel\/krone-trusted-ersatzteilmarke-im-aufwind-31248\/"},"wordCount":186,"image":{"@id":"https:\/\/www.krafthand.de\/truck\/artikel\/krone-trusted-ersatzteilmarke-im-aufwind-31248\/#primaryimage"},"thumbnailUrl":"https:\/\/static.krafthand-truck.de\/uploads\/2022\/02\/Krone_Trustet_Ewald_Gronewald_Ralf_Faust.jpg","keywords":["Ersatzteil","Ewald Gronewald","Krone-Trusted","Ralf Faust"],"articleSection":["Ersatzteile\/Zubeh\u00f6r","K\u00f6pfe\/Personen"],"inLanguage":"de"},{"@type":"WebPage","@id":"https:\/\/www.krafthand.de\/truck\/artikel\/krone-trusted-ersatzteilmarke-im-aufwind-31248\/","url":"https:\/\/www.krafthand.de\/truck\/artikel\/krone-trusted-ersatzteilmarke-im-aufwind-31248\/","name":"Lkw-Ersatzteilmarke Krone-Trusted entwickelt sich positiv","isPartOf":{"@id":"https:\/\/www.krafthand.de\/truck\/#website"},"primaryImageOfPage":{"@id":"https:\/\/www.krafthand.de\/truck\/artikel\/krone-trusted-ersatzteilmarke-im-aufwind-31248\/#primaryimage"},"image":{"@id":"https:\/\/www.krafthand.de\/truck\/artikel\/krone-trusted-ersatzteilmarke-im-aufwind-31248\/#primaryimage"},"thumbnailUrl":"https:\/\/static.krafthand-truck.de\/uploads\/2022\/02\/Krone_Trustet_Ewald_Gronewald_Ralf_Faust.jpg","datePublished":"2022-02-25T10:32:43+00:00","dateModified":"2022-02-25T10:32:51+00:00","author":{"@id":"https:\/\/www.krafthand.de\/truck\/#\/schema\/person\/51fa80b1c57034c4bf63f9f988fc24ce"},"description":"Die Ersatzteilmarke \u201aKrone-Trusted\u2018 ist laut Krone vom Markt positiv aufgenommen worden. Vor rund einem Jahr ist der Trailer-Spezialist Krone mit einem Lagerbestand von rund einer Million Euro gestartet, der bereits im ersten Jahr umgeschlagen wurde.","breadcrumb":{"@id":"https:\/\/www.krafthand.de\/truck\/artikel\/krone-trusted-ersatzteilmarke-im-aufwind-31248\/#breadcrumb"},"inLanguage":"de","potentialAction":[{"@type":"ReadAction","target":["https:\/\/www.krafthand.de\/truck\/artikel\/krone-trusted-ersatzteilmarke-im-aufwind-31248\/"]}]},{"@type":"ImageObject","inLanguage":"de","@id":"https:\/\/www.krafthand.de\/truck\/artikel\/krone-trusted-ersatzteilmarke-im-aufwind-31248\/#primaryimage","url":"https:\/\/static.krafthand-truck.de\/uploads\/2022\/02\/Krone_Trustet_Ewald_Gronewald_Ralf_Faust.jpg","contentUrl":"https:\/\/static.krafthand-truck.de\/uploads\/2022\/02\/Krone_Trustet_Ewald_Gronewald_Ralf_Faust.jpg","width":1000,"height":857},{"@type":"BreadcrumbList","@id":"https:\/\/www.krafthand.de\/truck\/artikel\/krone-trusted-ersatzteilmarke-im-aufwind-31248\/#breadcrumb","itemListElement":[{"@type":"ListItem","position":1,"name":"Krafthand-Truck","item":"https:\/\/www.krafthand.de\/truck\/"},{"@type":"ListItem","position":2,"name":"Nfz-Branche","item":"https:\/\/www.krafthand.de\/truck\/kategorie\/branche\/"},{"@type":"ListItem","position":3,"name":"K\u00f6pfe\/Personen","item":"https:\/\/www.krafthand.de\/truck\/kategorie\/branche\/koepfe\/"},{"@type":"ListItem","position":4,"name":"Krone-Trusted: Ersatzteilmarke im Aufwind"}]},{"@type":"WebSite","@id":"https:\/\/www.krafthand.de\/truck\/#website","url":"https:\/\/www.krafthand.de\/truck\/","name":"Krafthand-Truck","description":"","potentialAction":[{"@type":"SearchAction","target":{"@type":"EntryPoint","urlTemplate":"https:\/\/www.krafthand.de\/truck\/?s={search_term_string}"},"query-input":{"@type":"PropertyValueSpecification","valueRequired":true,"valueName":"search_term_string"}}],"inLanguage":"de"},{"@type":"Person","@id":"https:\/\/www.krafthand.de\/truck\/#\/schema\/person\/51fa80b1c57034c4bf63f9f988fc24ce","name":"georg.blenk@krafthand-medien.de","image":{"@type":"ImageObject","inLanguage":"de","@id":"https:\/\/secure.gravatar.com\/avatar\/93713c30affe0aa95d3a4130e499bb1abee2eb31adbdd9ce2aa1543538490215?s=96&d=mm&r=g","url":"https:\/\/secure.gravatar.com\/avatar\/93713c30affe0aa95d3a4130e499bb1abee2eb31adbdd9ce2aa1543538490215?s=96&d=mm&r=g","contentUrl":"https:\/\/secure.gravatar.com\/avatar\/93713c30affe0aa95d3a4130e499bb1abee2eb31adbdd9ce2aa1543538490215?s=96&d=mm&r=g","caption":"georg.blenk@krafthand-medien.de"}}]}},"_links":{"self":[{"href":"https:\/\/www.krafthand.de\/truck\/wp-json\/wp\/v2\/posts\/31248","targetHints":{"allow":["GET"]}}],"collection":[{"href":"https:\/\/www.krafthand.de\/truck\/wp-json\/wp\/v2\/posts"}],"about":[{"href":"https:\/\/www.krafthand.de\/truck\/wp-json\/wp\/v2\/types\/post"}],"author":[{"embeddable":true,"href":"https:\/\/www.krafthand.de\/truck\/wp-json\/wp\/v2\/users\/9"}],"replies":[{"embeddable":true,"href":"https:\/\/www.krafthand.de\/truck\/wp-json\/wp\/v2\/comments?post=31248"}],"version-history":[{"count":3,"href":"https:\/\/www.krafthand.de\/truck\/wp-json\/wp\/v2\/posts\/31248\/revisions"}],"predecessor-version":[{"id":31252,"href":"https:\/\/www.krafthand.de\/truck\/wp-json\/wp\/v2\/posts\/31248\/revisions\/31252"}],"wp:featuredmedia":[{"embeddable":true,"href":"https:\/\/www.krafthand.de\/truck\/wp-json\/wp\/v2\/media\/31251"}],"wp:attachment":[{"href":"https:\/\/www.krafthand.de\/truck\/wp-json\/wp\/v2\/media?parent=31248"}],"wp:term":[{"taxonomy":"category","embeddable":true,"href":"https:\/\/www.krafthand.de\/truck\/wp-json\/wp\/v2\/categories?post=31248"},{"taxonomy":"post_tag","embeddable":true,"href":"https:\/\/www.krafthand.de\/truck\/wp-json\/wp\/v2\/tags?post=31248"},{"taxonomy":"settings","embeddable":true,"href":"https:\/\/www.krafthand.de\/truck\/wp-json\/wp\/v2\/settings?post=31248"}],"curies":[{"name":"wp","href":"https:\/\/api.w.org\/{rel}","templated":true}]}}