{"id":31242,"date":"2022-02-25T11:03:21","date_gmt":"2022-02-25T10:03:21","guid":{"rendered":"https:\/\/www.krafthand.de\/truck\/?p=31242"},"modified":"2022-03-07T10:07:31","modified_gmt":"2022-03-07T09:07:31","slug":"schwarzmueller-markus-wieshofer-ist-neuer-geschaeftsfuehrer-vertrieb","status":"publish","type":"post","link":"https:\/\/www.krafthand.de\/truck\/artikel\/schwarzmueller-markus-wieshofer-ist-neuer-geschaeftsfuehrer-vertrieb-31242\/","title":{"rendered":"Schwarzm\u00fcller: Markus Wieshofer ist neuer Gesch\u00e4ftsf\u00fchrer Vertrieb"},"content":{"rendered":"<p>Die <a href=\"https:\/\/www.schwarzmueller.com\/de\/home\" target=\"_blank\" rel=\"noopener\">Schwarzm\u00fcller Gruppe<\/a> hat einen neuen Gesch\u00e4ftsf\u00fchrer f\u00fcr den Vertrieb bestellt und erweitert die aktuelle Gesch\u00e4ftsf\u00fchrung von zwei auf drei Mitglieder. Neuer Leiter aller Vertriebsaktivit\u00e4ten in der Schwarzm\u00fcller Gruppe wird der bisherige Gesch\u00e4ftsleiter der <a href=\"https:\/\/www.rosenbauer.com\/de\/at\/group\" target=\"_blank\" rel=\"noopener\">Rosenbauer \u00d6sterreich GmbH<\/a>, Markus Wieshofer. Er tritt seine neue Stellung am 1. Juni an, ist aber bereits in st\u00e4ndigem Austausch mit dem Unternehmen.<\/p>\n<blockquote><p>\u201eWir bauen den internationalen Vertrieb um, hier muss der neue Chef eingebunden sein. Wir freuen uns, dass wir mit Herrn Wieshofer einen ebenso versierten wie erfolgreichen Vertriebsprofi gewinnen konnten\u201c, so Schwarzm\u00fcller CEO Roland Hartwig.<\/p><\/blockquote>\n<p>Markus Wieshofer, Jahrgang 1975, absolvierte eine Lehre zum Industriekaufmann bei Rosenbauer \u00d6sterreich, einer Vertriebs- und Service-GmbH f\u00fcr den Direktvertrieb an Feuerwehren, und arbeitete dort in verschiedenen Funktionen. 2010 stieg er zum Vertriebsleiter auf, 2014 \u00fcbernahm er die Gesch\u00e4ftsleitung. 2015 wurde ihm zus\u00e4tzlich die Vertriebsleitung Zentral- und Osteuropa bei der Rosenbauer International AG anvertraut, die er bis 2018 aus\u00fcbte.<\/p>\n<p><i>Den Beitrag finden Sie auch in der Print-Ausgabe 1\/2022 der <a href=\"https:\/\/www.krafthand.de\/truck\/magazin\/\" title=\"Zum Magazin\">Krafthand-Truck<\/a>.<\/i><\/p>","protected":false},"excerpt":{"rendered":"<p>Die Schwarzm\u00fcller Gruppe hat einen neuen Gesch\u00e4ftsf\u00fchrer f\u00fcr den Vertrieb bestellt und erweitert die aktuelle Gesch\u00e4ftsf\u00fchrung von zwei auf drei Mitglieder. Neuer Leiter aller Vertriebsaktivit\u00e4ten in der Schwarzm\u00fcller Gruppe wird der bisherige Gesch\u00e4ftsleiter der Rosenbauer \u00d6sterreich GmbH, Markus Wieshofer. <span class=\"excerpt-more__dots\">&#8230;<\/span> <a class=\"excerpt-more__link\" href=\"https:\/\/www.krafthand.de\/truck\/artikel\/schwarzmueller-markus-wieshofer-ist-neuer-geschaeftsfuehrer-vertrieb-31242\/\" >weiter<\/a><\/p>\n","protected":false},"author":9,"featured_media":31243,"comment_status":"closed","ping_status":"closed","sticky":false,"template":"","format":"standard","meta":{"footnotes":""},"categories":[4238],"tags":[5066,3881],"settings":[],"class_list":["post-31242","post","type-post","status-publish","format-standard","has-post-thumbnail","hentry","category-koepfe","tag-markus-wieshofer","tag-schwarzmueller"],"yoast_head":"<!-- This site is optimized with the Yoast SEO plugin v27.3 - https:\/\/yoast.com\/product\/yoast-seo-wordpress\/ -->\n<title>Markus Wieshofer ist neuer Gesch\u00e4ftsf\u00fchrer Vertrieb bei Schwarzm\u00fcller<\/title>\n<meta name=\"description\" content=\"Die Schwarzm\u00fcller Gruppe hat einen neuen Gesch\u00e4ftsf\u00fchrer f\u00fcr den Vertrieb bestellt und erweitert die aktuelle Gesch\u00e4ftsf\u00fchrung von zwei auf drei Mitglieder. Neuer Leiter aller Vertriebsaktivit\u00e4ten in der Schwarzm\u00fcller Gruppe wird der bisherige Gesch\u00e4ftsleiter der Rosenbauer \u00d6sterreich GmbH, Markus Wieshofer.\" \/>\n<meta name=\"robots\" content=\"index, follow, max-snippet:-1, max-image-preview:large, max-video-preview:-1\" \/>\n<link rel=\"canonical\" href=\"https:\/\/www.krafthand.de\/truck\/artikel\/schwarzmueller-markus-wieshofer-ist-neuer-geschaeftsfuehrer-vertrieb-31242\/\" \/>\n<meta property=\"og:locale\" content=\"de_DE\" \/>\n<meta property=\"og:type\" content=\"article\" \/>\n<meta property=\"og:title\" content=\"Markus Wieshofer ist neuer Gesch\u00e4ftsf\u00fchrer Vertrieb bei Schwarzm\u00fcller\" \/>\n<meta property=\"og:description\" content=\"Die Schwarzm\u00fcller Gruppe hat einen neuen Gesch\u00e4ftsf\u00fchrer f\u00fcr den Vertrieb bestellt und erweitert die aktuelle Gesch\u00e4ftsf\u00fchrung von zwei auf drei Mitglieder. Neuer Leiter aller Vertriebsaktivit\u00e4ten in der Schwarzm\u00fcller Gruppe wird der bisherige Gesch\u00e4ftsleiter der Rosenbauer \u00d6sterreich GmbH, Markus Wieshofer.\" \/>\n<meta property=\"og:url\" content=\"https:\/\/www.krafthand-truck.de\/artikel\/schwarzmueller-markus-wieshofer-ist-neuer-geschaeftsfuehrer-vertrieb-31242\/\" \/>\n<meta property=\"og:site_name\" content=\"Krafthand-Truck\" \/>\n<meta property=\"article:published_time\" content=\"2022-02-25T10:03:21+00:00\" \/>\n<meta property=\"article:modified_time\" content=\"2022-03-07T09:07:31+00:00\" \/>\n<meta property=\"og:image\" content=\"https:\/\/static.krafthand-truck.de\/uploads\/2022\/02\/Schwarzmueller_Wieshofer_Vertrieb.jpg\" \/>\n\t<meta property=\"og:image:width\" content=\"1200\" \/>\n\t<meta property=\"og:image:height\" content=\"1718\" \/>\n\t<meta property=\"og:image:type\" content=\"image\/jpeg\" \/>\n<meta name=\"author\" content=\"georg.blenk@krafthand-medien.de\" \/>\n<meta name=\"twitter:card\" content=\"summary_large_image\" \/>\n<meta name=\"twitter:label1\" content=\"Verfasst von\" \/>\n\t<meta name=\"twitter:data1\" content=\"georg.blenk@krafthand-medien.de\" \/>\n\t<meta name=\"twitter:label2\" content=\"Gesch\u00e4tzte Lesezeit\" \/>\n\t<meta name=\"twitter:data2\" content=\"1\u00a0Minute\" \/>\n<script type=\"application\/ld+json\" class=\"yoast-schema-graph\">{\"@context\":\"https:\\\/\\\/schema.org\",\"@graph\":[{\"@type\":\"Article\",\"@id\":\"https:\\\/\\\/www.krafthand.de\\\/truck\\\/artikel\\\/schwarzmueller-markus-wieshofer-ist-neuer-geschaeftsfuehrer-vertrieb-31242\\\/#article\",\"isPartOf\":{\"@id\":\"https:\\\/\\\/www.krafthand.de\\\/truck\\\/artikel\\\/schwarzmueller-markus-wieshofer-ist-neuer-geschaeftsfuehrer-vertrieb-31242\\\/\"},\"author\":{\"name\":\"georg.blenk@krafthand-medien.de\",\"@id\":\"https:\\\/\\\/www.krafthand.de\\\/truck\\\/#\\\/schema\\\/person\\\/51fa80b1c57034c4bf63f9f988fc24ce\"},\"headline\":\"Schwarzm\u00fcller: Markus Wieshofer ist neuer Gesch\u00e4ftsf\u00fchrer Vertrieb\",\"datePublished\":\"2022-02-25T10:03:21+00:00\",\"dateModified\":\"2022-03-07T09:07:31+00:00\",\"mainEntityOfPage\":{\"@id\":\"https:\\\/\\\/www.krafthand.de\\\/truck\\\/artikel\\\/schwarzmueller-markus-wieshofer-ist-neuer-geschaeftsfuehrer-vertrieb-31242\\\/\"},\"wordCount\":168,\"image\":{\"@id\":\"https:\\\/\\\/www.krafthand.de\\\/truck\\\/artikel\\\/schwarzmueller-markus-wieshofer-ist-neuer-geschaeftsfuehrer-vertrieb-31242\\\/#primaryimage\"},\"thumbnailUrl\":\"https:\\\/\\\/static.krafthand-truck.de\\\/uploads\\\/2022\\\/02\\\/Schwarzmueller_Wieshofer_Vertrieb.jpg\",\"keywords\":[\"Markus Wieshofer\",\"Schwarzm\u00fcller\"],\"articleSection\":[\"K\u00f6pfe\\\/Personen\"],\"inLanguage\":\"de\"},{\"@type\":\"WebPage\",\"@id\":\"https:\\\/\\\/www.krafthand.de\\\/truck\\\/artikel\\\/schwarzmueller-markus-wieshofer-ist-neuer-geschaeftsfuehrer-vertrieb-31242\\\/\",\"url\":\"https:\\\/\\\/www.krafthand.de\\\/truck\\\/artikel\\\/schwarzmueller-markus-wieshofer-ist-neuer-geschaeftsfuehrer-vertrieb-31242\\\/\",\"name\":\"Markus Wieshofer ist neuer Gesch\u00e4ftsf\u00fchrer Vertrieb bei Schwarzm\u00fcller\",\"isPartOf\":{\"@id\":\"https:\\\/\\\/www.krafthand.de\\\/truck\\\/#website\"},\"primaryImageOfPage\":{\"@id\":\"https:\\\/\\\/www.krafthand.de\\\/truck\\\/artikel\\\/schwarzmueller-markus-wieshofer-ist-neuer-geschaeftsfuehrer-vertrieb-31242\\\/#primaryimage\"},\"image\":{\"@id\":\"https:\\\/\\\/www.krafthand.de\\\/truck\\\/artikel\\\/schwarzmueller-markus-wieshofer-ist-neuer-geschaeftsfuehrer-vertrieb-31242\\\/#primaryimage\"},\"thumbnailUrl\":\"https:\\\/\\\/static.krafthand-truck.de\\\/uploads\\\/2022\\\/02\\\/Schwarzmueller_Wieshofer_Vertrieb.jpg\",\"datePublished\":\"2022-02-25T10:03:21+00:00\",\"dateModified\":\"2022-03-07T09:07:31+00:00\",\"author\":{\"@id\":\"https:\\\/\\\/www.krafthand.de\\\/truck\\\/#\\\/schema\\\/person\\\/51fa80b1c57034c4bf63f9f988fc24ce\"},\"description\":\"Die Schwarzm\u00fcller Gruppe hat einen neuen Gesch\u00e4ftsf\u00fchrer f\u00fcr den Vertrieb bestellt und erweitert die aktuelle Gesch\u00e4ftsf\u00fchrung von zwei auf drei Mitglieder. Neuer Leiter aller Vertriebsaktivit\u00e4ten in der Schwarzm\u00fcller Gruppe wird der bisherige Gesch\u00e4ftsleiter der Rosenbauer \u00d6sterreich GmbH, Markus Wieshofer.\",\"breadcrumb\":{\"@id\":\"https:\\\/\\\/www.krafthand.de\\\/truck\\\/artikel\\\/schwarzmueller-markus-wieshofer-ist-neuer-geschaeftsfuehrer-vertrieb-31242\\\/#breadcrumb\"},\"inLanguage\":\"de\",\"potentialAction\":[{\"@type\":\"ReadAction\",\"target\":[\"https:\\\/\\\/www.krafthand.de\\\/truck\\\/artikel\\\/schwarzmueller-markus-wieshofer-ist-neuer-geschaeftsfuehrer-vertrieb-31242\\\/\"]}]},{\"@type\":\"ImageObject\",\"inLanguage\":\"de\",\"@id\":\"https:\\\/\\\/www.krafthand.de\\\/truck\\\/artikel\\\/schwarzmueller-markus-wieshofer-ist-neuer-geschaeftsfuehrer-vertrieb-31242\\\/#primaryimage\",\"url\":\"https:\\\/\\\/static.krafthand-truck.de\\\/uploads\\\/2022\\\/02\\\/Schwarzmueller_Wieshofer_Vertrieb.jpg\",\"contentUrl\":\"https:\\\/\\\/static.krafthand-truck.de\\\/uploads\\\/2022\\\/02\\\/Schwarzmueller_Wieshofer_Vertrieb.jpg\",\"width\":1200,\"height\":1718},{\"@type\":\"BreadcrumbList\",\"@id\":\"https:\\\/\\\/www.krafthand.de\\\/truck\\\/artikel\\\/schwarzmueller-markus-wieshofer-ist-neuer-geschaeftsfuehrer-vertrieb-31242\\\/#breadcrumb\",\"itemListElement\":[{\"@type\":\"ListItem\",\"position\":1,\"name\":\"Krafthand-Truck\",\"item\":\"https:\\\/\\\/www.krafthand.de\\\/truck\\\/\"},{\"@type\":\"ListItem\",\"position\":2,\"name\":\"Nfz-Branche\",\"item\":\"https:\\\/\\\/www.krafthand.de\\\/truck\\\/kategorie\\\/branche\\\/\"},{\"@type\":\"ListItem\",\"position\":3,\"name\":\"K\u00f6pfe\\\/Personen\",\"item\":\"https:\\\/\\\/www.krafthand.de\\\/truck\\\/kategorie\\\/branche\\\/koepfe\\\/\"},{\"@type\":\"ListItem\",\"position\":4,\"name\":\"Schwarzm\u00fcller: Markus Wieshofer ist neuer Gesch\u00e4ftsf\u00fchrer Vertrieb\"}]},{\"@type\":\"WebSite\",\"@id\":\"https:\\\/\\\/www.krafthand.de\\\/truck\\\/#website\",\"url\":\"https:\\\/\\\/www.krafthand.de\\\/truck\\\/\",\"name\":\"Krafthand-Truck\",\"description\":\"\",\"potentialAction\":[{\"@type\":\"SearchAction\",\"target\":{\"@type\":\"EntryPoint\",\"urlTemplate\":\"https:\\\/\\\/www.krafthand.de\\\/truck\\\/?s={search_term_string}\"},\"query-input\":{\"@type\":\"PropertyValueSpecification\",\"valueRequired\":true,\"valueName\":\"search_term_string\"}}],\"inLanguage\":\"de\"},{\"@type\":\"Person\",\"@id\":\"https:\\\/\\\/www.krafthand.de\\\/truck\\\/#\\\/schema\\\/person\\\/51fa80b1c57034c4bf63f9f988fc24ce\",\"name\":\"georg.blenk@krafthand-medien.de\",\"image\":{\"@type\":\"ImageObject\",\"inLanguage\":\"de\",\"@id\":\"https:\\\/\\\/secure.gravatar.com\\\/avatar\\\/93713c30affe0aa95d3a4130e499bb1abee2eb31adbdd9ce2aa1543538490215?s=96&d=mm&r=g\",\"url\":\"https:\\\/\\\/secure.gravatar.com\\\/avatar\\\/93713c30affe0aa95d3a4130e499bb1abee2eb31adbdd9ce2aa1543538490215?s=96&d=mm&r=g\",\"contentUrl\":\"https:\\\/\\\/secure.gravatar.com\\\/avatar\\\/93713c30affe0aa95d3a4130e499bb1abee2eb31adbdd9ce2aa1543538490215?s=96&d=mm&r=g\",\"caption\":\"georg.blenk@krafthand-medien.de\"}}]}<\/script>\n<!-- \/ Yoast SEO plugin. -->","yoast_head_json":{"title":"Markus Wieshofer ist neuer Gesch\u00e4ftsf\u00fchrer Vertrieb bei Schwarzm\u00fcller","description":"Die Schwarzm\u00fcller Gruppe hat einen neuen Gesch\u00e4ftsf\u00fchrer f\u00fcr den Vertrieb bestellt und erweitert die aktuelle Gesch\u00e4ftsf\u00fchrung von zwei auf drei Mitglieder. Neuer Leiter aller Vertriebsaktivit\u00e4ten in der Schwarzm\u00fcller Gruppe wird der bisherige Gesch\u00e4ftsleiter der Rosenbauer \u00d6sterreich GmbH, Markus Wieshofer.","robots":{"index":"index","follow":"follow","max-snippet":"max-snippet:-1","max-image-preview":"max-image-preview:large","max-video-preview":"max-video-preview:-1"},"canonical":"https:\/\/www.krafthand.de\/truck\/artikel\/schwarzmueller-markus-wieshofer-ist-neuer-geschaeftsfuehrer-vertrieb-31242\/","og_locale":"de_DE","og_type":"article","og_title":"Markus Wieshofer ist neuer Gesch\u00e4ftsf\u00fchrer Vertrieb bei Schwarzm\u00fcller","og_description":"Die Schwarzm\u00fcller Gruppe hat einen neuen Gesch\u00e4ftsf\u00fchrer f\u00fcr den Vertrieb bestellt und erweitert die aktuelle Gesch\u00e4ftsf\u00fchrung von zwei auf drei Mitglieder. Neuer Leiter aller Vertriebsaktivit\u00e4ten in der Schwarzm\u00fcller Gruppe wird der bisherige Gesch\u00e4ftsleiter der Rosenbauer \u00d6sterreich GmbH, Markus Wieshofer.","og_url":"https:\/\/www.krafthand-truck.de\/artikel\/schwarzmueller-markus-wieshofer-ist-neuer-geschaeftsfuehrer-vertrieb-31242\/","og_site_name":"Krafthand-Truck","article_published_time":"2022-02-25T10:03:21+00:00","article_modified_time":"2022-03-07T09:07:31+00:00","og_image":[{"width":1200,"height":1718,"url":"https:\/\/static.krafthand-truck.de\/uploads\/2022\/02\/Schwarzmueller_Wieshofer_Vertrieb.jpg","type":"image\/jpeg"}],"author":"georg.blenk@krafthand-medien.de","twitter_card":"summary_large_image","twitter_misc":{"Verfasst von":"georg.blenk@krafthand-medien.de","Gesch\u00e4tzte Lesezeit":"1\u00a0Minute"},"schema":{"@context":"https:\/\/schema.org","@graph":[{"@type":"Article","@id":"https:\/\/www.krafthand.de\/truck\/artikel\/schwarzmueller-markus-wieshofer-ist-neuer-geschaeftsfuehrer-vertrieb-31242\/#article","isPartOf":{"@id":"https:\/\/www.krafthand.de\/truck\/artikel\/schwarzmueller-markus-wieshofer-ist-neuer-geschaeftsfuehrer-vertrieb-31242\/"},"author":{"name":"georg.blenk@krafthand-medien.de","@id":"https:\/\/www.krafthand.de\/truck\/#\/schema\/person\/51fa80b1c57034c4bf63f9f988fc24ce"},"headline":"Schwarzm\u00fcller: Markus Wieshofer ist neuer Gesch\u00e4ftsf\u00fchrer Vertrieb","datePublished":"2022-02-25T10:03:21+00:00","dateModified":"2022-03-07T09:07:31+00:00","mainEntityOfPage":{"@id":"https:\/\/www.krafthand.de\/truck\/artikel\/schwarzmueller-markus-wieshofer-ist-neuer-geschaeftsfuehrer-vertrieb-31242\/"},"wordCount":168,"image":{"@id":"https:\/\/www.krafthand.de\/truck\/artikel\/schwarzmueller-markus-wieshofer-ist-neuer-geschaeftsfuehrer-vertrieb-31242\/#primaryimage"},"thumbnailUrl":"https:\/\/static.krafthand-truck.de\/uploads\/2022\/02\/Schwarzmueller_Wieshofer_Vertrieb.jpg","keywords":["Markus Wieshofer","Schwarzm\u00fcller"],"articleSection":["K\u00f6pfe\/Personen"],"inLanguage":"de"},{"@type":"WebPage","@id":"https:\/\/www.krafthand.de\/truck\/artikel\/schwarzmueller-markus-wieshofer-ist-neuer-geschaeftsfuehrer-vertrieb-31242\/","url":"https:\/\/www.krafthand.de\/truck\/artikel\/schwarzmueller-markus-wieshofer-ist-neuer-geschaeftsfuehrer-vertrieb-31242\/","name":"Markus Wieshofer ist neuer Gesch\u00e4ftsf\u00fchrer Vertrieb bei Schwarzm\u00fcller","isPartOf":{"@id":"https:\/\/www.krafthand.de\/truck\/#website"},"primaryImageOfPage":{"@id":"https:\/\/www.krafthand.de\/truck\/artikel\/schwarzmueller-markus-wieshofer-ist-neuer-geschaeftsfuehrer-vertrieb-31242\/#primaryimage"},"image":{"@id":"https:\/\/www.krafthand.de\/truck\/artikel\/schwarzmueller-markus-wieshofer-ist-neuer-geschaeftsfuehrer-vertrieb-31242\/#primaryimage"},"thumbnailUrl":"https:\/\/static.krafthand-truck.de\/uploads\/2022\/02\/Schwarzmueller_Wieshofer_Vertrieb.jpg","datePublished":"2022-02-25T10:03:21+00:00","dateModified":"2022-03-07T09:07:31+00:00","author":{"@id":"https:\/\/www.krafthand.de\/truck\/#\/schema\/person\/51fa80b1c57034c4bf63f9f988fc24ce"},"description":"Die Schwarzm\u00fcller Gruppe hat einen neuen Gesch\u00e4ftsf\u00fchrer f\u00fcr den Vertrieb bestellt und erweitert die aktuelle Gesch\u00e4ftsf\u00fchrung von zwei auf drei Mitglieder. Neuer Leiter aller Vertriebsaktivit\u00e4ten in der Schwarzm\u00fcller Gruppe wird der bisherige Gesch\u00e4ftsleiter der Rosenbauer \u00d6sterreich GmbH, Markus Wieshofer.","breadcrumb":{"@id":"https:\/\/www.krafthand.de\/truck\/artikel\/schwarzmueller-markus-wieshofer-ist-neuer-geschaeftsfuehrer-vertrieb-31242\/#breadcrumb"},"inLanguage":"de","potentialAction":[{"@type":"ReadAction","target":["https:\/\/www.krafthand.de\/truck\/artikel\/schwarzmueller-markus-wieshofer-ist-neuer-geschaeftsfuehrer-vertrieb-31242\/"]}]},{"@type":"ImageObject","inLanguage":"de","@id":"https:\/\/www.krafthand.de\/truck\/artikel\/schwarzmueller-markus-wieshofer-ist-neuer-geschaeftsfuehrer-vertrieb-31242\/#primaryimage","url":"https:\/\/static.krafthand-truck.de\/uploads\/2022\/02\/Schwarzmueller_Wieshofer_Vertrieb.jpg","contentUrl":"https:\/\/static.krafthand-truck.de\/uploads\/2022\/02\/Schwarzmueller_Wieshofer_Vertrieb.jpg","width":1200,"height":1718},{"@type":"BreadcrumbList","@id":"https:\/\/www.krafthand.de\/truck\/artikel\/schwarzmueller-markus-wieshofer-ist-neuer-geschaeftsfuehrer-vertrieb-31242\/#breadcrumb","itemListElement":[{"@type":"ListItem","position":1,"name":"Krafthand-Truck","item":"https:\/\/www.krafthand.de\/truck\/"},{"@type":"ListItem","position":2,"name":"Nfz-Branche","item":"https:\/\/www.krafthand.de\/truck\/kategorie\/branche\/"},{"@type":"ListItem","position":3,"name":"K\u00f6pfe\/Personen","item":"https:\/\/www.krafthand.de\/truck\/kategorie\/branche\/koepfe\/"},{"@type":"ListItem","position":4,"name":"Schwarzm\u00fcller: Markus Wieshofer ist neuer Gesch\u00e4ftsf\u00fchrer Vertrieb"}]},{"@type":"WebSite","@id":"https:\/\/www.krafthand.de\/truck\/#website","url":"https:\/\/www.krafthand.de\/truck\/","name":"Krafthand-Truck","description":"","potentialAction":[{"@type":"SearchAction","target":{"@type":"EntryPoint","urlTemplate":"https:\/\/www.krafthand.de\/truck\/?s={search_term_string}"},"query-input":{"@type":"PropertyValueSpecification","valueRequired":true,"valueName":"search_term_string"}}],"inLanguage":"de"},{"@type":"Person","@id":"https:\/\/www.krafthand.de\/truck\/#\/schema\/person\/51fa80b1c57034c4bf63f9f988fc24ce","name":"georg.blenk@krafthand-medien.de","image":{"@type":"ImageObject","inLanguage":"de","@id":"https:\/\/secure.gravatar.com\/avatar\/93713c30affe0aa95d3a4130e499bb1abee2eb31adbdd9ce2aa1543538490215?s=96&d=mm&r=g","url":"https:\/\/secure.gravatar.com\/avatar\/93713c30affe0aa95d3a4130e499bb1abee2eb31adbdd9ce2aa1543538490215?s=96&d=mm&r=g","contentUrl":"https:\/\/secure.gravatar.com\/avatar\/93713c30affe0aa95d3a4130e499bb1abee2eb31adbdd9ce2aa1543538490215?s=96&d=mm&r=g","caption":"georg.blenk@krafthand-medien.de"}}]}},"_links":{"self":[{"href":"https:\/\/www.krafthand.de\/truck\/wp-json\/wp\/v2\/posts\/31242","targetHints":{"allow":["GET"]}}],"collection":[{"href":"https:\/\/www.krafthand.de\/truck\/wp-json\/wp\/v2\/posts"}],"about":[{"href":"https:\/\/www.krafthand.de\/truck\/wp-json\/wp\/v2\/types\/post"}],"author":[{"embeddable":true,"href":"https:\/\/www.krafthand.de\/truck\/wp-json\/wp\/v2\/users\/9"}],"replies":[{"embeddable":true,"href":"https:\/\/www.krafthand.de\/truck\/wp-json\/wp\/v2\/comments?post=31242"}],"version-history":[{"count":4,"href":"https:\/\/www.krafthand.de\/truck\/wp-json\/wp\/v2\/posts\/31242\/revisions"}],"predecessor-version":[{"id":31247,"href":"https:\/\/www.krafthand.de\/truck\/wp-json\/wp\/v2\/posts\/31242\/revisions\/31247"}],"wp:featuredmedia":[{"embeddable":true,"href":"https:\/\/www.krafthand.de\/truck\/wp-json\/wp\/v2\/media\/31243"}],"wp:attachment":[{"href":"https:\/\/www.krafthand.de\/truck\/wp-json\/wp\/v2\/media?parent=31242"}],"wp:term":[{"taxonomy":"category","embeddable":true,"href":"https:\/\/www.krafthand.de\/truck\/wp-json\/wp\/v2\/categories?post=31242"},{"taxonomy":"post_tag","embeddable":true,"href":"https:\/\/www.krafthand.de\/truck\/wp-json\/wp\/v2\/tags?post=31242"},{"taxonomy":"settings","embeddable":true,"href":"https:\/\/www.krafthand.de\/truck\/wp-json\/wp\/v2\/settings?post=31242"}],"curies":[{"name":"wp","href":"https:\/\/api.w.org\/{rel}","templated":true}]}}