{"id":3122,"date":"2017-07-20T10:43:03","date_gmt":"2017-07-20T08:43:03","guid":{"rendered":"https:\/\/www.krafthand.de\/truck\/artikel\/integrierter-sensor-contitech-stattet-luftfeder-mit-intelligenz-aus-3122\/"},"modified":"2017-07-20T10:43:03","modified_gmt":"2017-07-20T08:43:03","slug":"integrierter-sensor-contitech-stattet-luftfeder-mit-intelligenz-aus","status":"publish","type":"post","link":"https:\/\/www.krafthand.de\/truck\/artikel\/integrierter-sensor-contitech-stattet-luftfeder-mit-intelligenz-aus-3122\/","title":{"rendered":"Integrierter Sensor: Contitech stattet Luftfeder mit Intelligenz aus"},"content":{"rendered":"<p class=\"text-colored\">Die Ingenieure von Contitech haben die Luftfeder &#8218;intelligent&#8216; gemacht: Ausgestattet mit einem integrierten Sensor l\u00e4sst sich ihre H\u00f6he elektronisch anpassen. Zudem kann er den Innendruck und die Innentemperatur ermitteln. Verena Weiss, Leiterin des Segments Industrie bei Contitech Air Spring Systems, bezeichnet die Neuentwicklung stolz als &#8218;Meilenstein der Luftfedertechnik&#8216; \u2013 unter anderem, weil die digitale Luftfeder keine verschlei\u00dfanf\u00e4lligen mechanischen Regelungskomponenten mehr besitzt.<\/p>\n<p>Sobald sich die Einsatzbedingungen \u00e4ndern, kann das System reagieren und beispielsweise H\u00f6henunterschiede durch Beladung oder unebene Untergr\u00fcnde ausgleichen. Dazu zeichnet das Steuerger\u00e4t des Systems s\u00e4mtliche Daten im laufenden Betrieb auf und wertet diese aus. Sind mehrere Luftfedern verbaut, lassen sich diese laut Contitech einzeln ansteuern.<br \/>\nDadurch sollen sich eventuelle Probleme in Echtzeit erkennen lassen, bevor Sch\u00e4den entstehen. Den so genannten &#8218;Ultrasonic Height and Pressure Sensor&#8216; (UHPS) haben die Kollegen der Konzernmutter Continental eigens f\u00fcr dieses digitale Luftfedersystem entwickelt.<br \/>\nEr kann nach eigenem Bekunden H\u00f6hen\u00e4nderungen innerhalb der Luftfeder \u00fcber ein druck- und temperaturkorrigiertes Ultraschall-Laufzeitmessverfahren mit einer Aufl\u00f6sung von +\/- 1 Millimeter in einem Messbereich von bis zu 500 Millimeter ermitteln. Laut Contitech l\u00e4sst sich die &#8218;intelligente&#8216; Luftfeder unter anderem f\u00fcr Niveauregulierungen sowie eingebaute Wiegesysteme in Nutzfahrzeugen verwenden. Auch ein Nachr\u00fcsten soll m\u00f6glich sein.<\/p>\n","protected":false},"excerpt":{"rendered":"<p>Die Ingenieure von Contitech haben die Luftfeder &#8218;intelligent&#8216; gemacht: Ausgestattet mit einem integrierten Sensor l\u00e4sst sich ihre H\u00f6he elektronisch anpassen. Zudem kann er den Innendruck und die Innentemperatur ermitteln. Verena Weiss, Leiterin des Segments Industrie bei Contitech Air Spring Systems, bezeichnet die Neuentwicklung stolz als &#8218;Meilenstein der Luftfedertechnik&#8216; \u2013 unter anderem, weil die digitale Luftfeder keine verschlei\u00dfanf\u00e4lligen mechanischen Regelungskomponenten mehr besitzt. <span class=\"excerpt-more__dots\">&#8230;<\/span> <a class=\"excerpt-more__link\" href=\"https:\/\/www.krafthand.de\/truck\/artikel\/integrierter-sensor-contitech-stattet-luftfeder-mit-intelligenz-aus-3122\/\" >weiter<\/a><\/p>\n","protected":false},"author":3,"featured_media":3123,"comment_status":"closed","ping_status":"closed","sticky":false,"template":"","format":"standard","meta":{"footnotes":""},"categories":[5],"tags":[3148,98,1959,3151,118,3150,3149],"settings":[],"class_list":["post-3122","post","type-post","status-publish","format-standard","has-post-thumbnail","hentry","category-branche","tag-conitech","tag-continental","tag-luftfeder","tag-niveauregulierung","tag-nutzfahrzeuge","tag-ultrasonic-height-and-pressure-sensor","tag-verena-weiss"],"yoast_head":"<!-- This site is optimized with the Yoast SEO plugin v27.3 - https:\/\/yoast.com\/product\/yoast-seo-wordpress\/ -->\n<title>Integrierter Sensor: Contitech stattet Luftfeder mit Intelligenz aus - Krafthand-Truck<\/title>\n<meta name=\"robots\" content=\"index, follow, max-snippet:-1, max-image-preview:large, max-video-preview:-1\" \/>\n<link rel=\"canonical\" href=\"https:\/\/www.krafthand.de\/truck\/artikel\/integrierter-sensor-contitech-stattet-luftfeder-mit-intelligenz-aus-3122\/\" \/>\n<meta property=\"og:locale\" content=\"de_DE\" \/>\n<meta property=\"og:type\" content=\"article\" \/>\n<meta property=\"og:title\" content=\"Integrierter Sensor: Contitech stattet Luftfeder mit Intelligenz aus - Krafthand-Truck\" \/>\n<meta property=\"og:description\" content=\"Die Ingenieure von Contitech haben die Luftfeder &#039;intelligent&#039; gemacht: Ausgestattet mit einem integrierten Sensor l\u00e4sst sich ihre H\u00f6he elektronisch anpassen. Zudem kann er den Innendruck und die Innentemperatur ermitteln. Verena Weiss, Leiterin des Segments Industrie bei Contitech Air Spring Systems, bezeichnet die Neuentwicklung stolz als &#039;Meilenstein der Luftfedertechnik&#039; \u2013 unter anderem, weil die digitale Luftfeder keine verschlei\u00dfanf\u00e4lligen mechanischen Regelungskomponenten mehr besitzt. ... weiter\" \/>\n<meta property=\"og:url\" content=\"https:\/\/www.krafthand-truck.de\/artikel\/integrierter-sensor-contitech-stattet-luftfeder-mit-intelligenz-aus-3122\/\" \/>\n<meta property=\"og:site_name\" content=\"Krafthand-Truck\" \/>\n<meta property=\"article:published_time\" content=\"2017-07-20T08:43:03+00:00\" \/>\n<meta property=\"og:image\" content=\"https:\/\/www.krafthand.de\/truck\/wp-content\/uploads\/2017\/07\/kht0217_026.jpg\" \/>\n\t<meta property=\"og:image:width\" content=\"1200\" \/>\n\t<meta property=\"og:image:height\" content=\"920\" \/>\n\t<meta property=\"og:image:type\" content=\"image\/jpeg\" \/>\n<meta name=\"author\" content=\"katja.heid@krafthand.de\" \/>\n<meta name=\"twitter:card\" content=\"summary_large_image\" \/>\n<meta name=\"twitter:label1\" content=\"Verfasst von\" \/>\n\t<meta name=\"twitter:data1\" content=\"katja.heid@krafthand.de\" \/>\n\t<meta name=\"twitter:label2\" content=\"Gesch\u00e4tzte Lesezeit\" \/>\n\t<meta name=\"twitter:data2\" content=\"1\u00a0Minute\" \/>\n<script type=\"application\/ld+json\" class=\"yoast-schema-graph\">{\"@context\":\"https:\\\/\\\/schema.org\",\"@graph\":[{\"@type\":\"Article\",\"@id\":\"https:\\\/\\\/www.krafthand.de\\\/truck\\\/artikel\\\/integrierter-sensor-contitech-stattet-luftfeder-mit-intelligenz-aus-3122\\\/#article\",\"isPartOf\":{\"@id\":\"https:\\\/\\\/www.krafthand.de\\\/truck\\\/artikel\\\/integrierter-sensor-contitech-stattet-luftfeder-mit-intelligenz-aus-3122\\\/\"},\"author\":{\"name\":\"katja.heid@krafthand.de\",\"@id\":\"https:\\\/\\\/www.krafthand.de\\\/truck\\\/#\\\/schema\\\/person\\\/8e290c6d425b72d176adc7767a251001\"},\"headline\":\"Integrierter Sensor: Contitech stattet Luftfeder mit Intelligenz aus\",\"datePublished\":\"2017-07-20T08:43:03+00:00\",\"mainEntityOfPage\":{\"@id\":\"https:\\\/\\\/www.krafthand.de\\\/truck\\\/artikel\\\/integrierter-sensor-contitech-stattet-luftfeder-mit-intelligenz-aus-3122\\\/\"},\"wordCount\":217,\"image\":{\"@id\":\"https:\\\/\\\/www.krafthand.de\\\/truck\\\/artikel\\\/integrierter-sensor-contitech-stattet-luftfeder-mit-intelligenz-aus-3122\\\/#primaryimage\"},\"thumbnailUrl\":\"https:\\\/\\\/static.krafthand-truck.de\\\/uploads\\\/2017\\\/07\\\/kht0217_026.jpg\",\"keywords\":[\"Conitech\",\"Continental\",\"Luftfeder\",\"Niveauregulierung\",\"Nutzfahrzeuge\",\"Ultrasonic Height and Pressure Sensor\",\"Verena Weiss\"],\"articleSection\":[\"Nfz-Branche\"],\"inLanguage\":\"de\"},{\"@type\":\"WebPage\",\"@id\":\"https:\\\/\\\/www.krafthand.de\\\/truck\\\/artikel\\\/integrierter-sensor-contitech-stattet-luftfeder-mit-intelligenz-aus-3122\\\/\",\"url\":\"https:\\\/\\\/www.krafthand.de\\\/truck\\\/artikel\\\/integrierter-sensor-contitech-stattet-luftfeder-mit-intelligenz-aus-3122\\\/\",\"name\":\"Integrierter Sensor: Contitech stattet Luftfeder mit Intelligenz aus - Krafthand-Truck\",\"isPartOf\":{\"@id\":\"https:\\\/\\\/www.krafthand.de\\\/truck\\\/#website\"},\"primaryImageOfPage\":{\"@id\":\"https:\\\/\\\/www.krafthand.de\\\/truck\\\/artikel\\\/integrierter-sensor-contitech-stattet-luftfeder-mit-intelligenz-aus-3122\\\/#primaryimage\"},\"image\":{\"@id\":\"https:\\\/\\\/www.krafthand.de\\\/truck\\\/artikel\\\/integrierter-sensor-contitech-stattet-luftfeder-mit-intelligenz-aus-3122\\\/#primaryimage\"},\"thumbnailUrl\":\"https:\\\/\\\/static.krafthand-truck.de\\\/uploads\\\/2017\\\/07\\\/kht0217_026.jpg\",\"datePublished\":\"2017-07-20T08:43:03+00:00\",\"author\":{\"@id\":\"https:\\\/\\\/www.krafthand.de\\\/truck\\\/#\\\/schema\\\/person\\\/8e290c6d425b72d176adc7767a251001\"},\"breadcrumb\":{\"@id\":\"https:\\\/\\\/www.krafthand.de\\\/truck\\\/artikel\\\/integrierter-sensor-contitech-stattet-luftfeder-mit-intelligenz-aus-3122\\\/#breadcrumb\"},\"inLanguage\":\"de\",\"potentialAction\":[{\"@type\":\"ReadAction\",\"target\":[\"https:\\\/\\\/www.krafthand.de\\\/truck\\\/artikel\\\/integrierter-sensor-contitech-stattet-luftfeder-mit-intelligenz-aus-3122\\\/\"]}]},{\"@type\":\"ImageObject\",\"inLanguage\":\"de\",\"@id\":\"https:\\\/\\\/www.krafthand.de\\\/truck\\\/artikel\\\/integrierter-sensor-contitech-stattet-luftfeder-mit-intelligenz-aus-3122\\\/#primaryimage\",\"url\":\"https:\\\/\\\/static.krafthand-truck.de\\\/uploads\\\/2017\\\/07\\\/kht0217_026.jpg\",\"contentUrl\":\"https:\\\/\\\/static.krafthand-truck.de\\\/uploads\\\/2017\\\/07\\\/kht0217_026.jpg\",\"width\":1200,\"height\":920,\"caption\":\"Smarte Luftfeder: Die neue sensorgesteuerte Luftfeder von Contitech erm\u00f6glicht das ber\u00fchrungslose Messen von exakten Positionen und l\u00e4sst sich als Niveauregulierung und Wiegesystem in Nutzfahrzeugen nutzen. Zudem l\u00e4sst sich das System nachr\u00fcsten. Bild: Contitech\"},{\"@type\":\"BreadcrumbList\",\"@id\":\"https:\\\/\\\/www.krafthand.de\\\/truck\\\/artikel\\\/integrierter-sensor-contitech-stattet-luftfeder-mit-intelligenz-aus-3122\\\/#breadcrumb\",\"itemListElement\":[{\"@type\":\"ListItem\",\"position\":1,\"name\":\"Krafthand-Truck\",\"item\":\"https:\\\/\\\/www.krafthand.de\\\/truck\\\/\"},{\"@type\":\"ListItem\",\"position\":2,\"name\":\"Nfz-Branche\",\"item\":\"https:\\\/\\\/www.krafthand.de\\\/truck\\\/kategorie\\\/branche\\\/\"},{\"@type\":\"ListItem\",\"position\":3,\"name\":\"Integrierter Sensor: Contitech stattet Luftfeder mit Intelligenz aus\"}]},{\"@type\":\"WebSite\",\"@id\":\"https:\\\/\\\/www.krafthand.de\\\/truck\\\/#website\",\"url\":\"https:\\\/\\\/www.krafthand.de\\\/truck\\\/\",\"name\":\"Krafthand-Truck\",\"description\":\"\",\"potentialAction\":[{\"@type\":\"SearchAction\",\"target\":{\"@type\":\"EntryPoint\",\"urlTemplate\":\"https:\\\/\\\/www.krafthand.de\\\/truck\\\/?s={search_term_string}\"},\"query-input\":{\"@type\":\"PropertyValueSpecification\",\"valueRequired\":true,\"valueName\":\"search_term_string\"}}],\"inLanguage\":\"de\"},{\"@type\":\"Person\",\"@id\":\"https:\\\/\\\/www.krafthand.de\\\/truck\\\/#\\\/schema\\\/person\\\/8e290c6d425b72d176adc7767a251001\",\"name\":\"katja.heid@krafthand.de\",\"image\":{\"@type\":\"ImageObject\",\"inLanguage\":\"de\",\"@id\":\"https:\\\/\\\/secure.gravatar.com\\\/avatar\\\/9a2930c54ede0e0a76c0f8abfb74704de273084f2aa0e3c6deb2c86704c7402b?s=96&d=mm&r=g\",\"url\":\"https:\\\/\\\/secure.gravatar.com\\\/avatar\\\/9a2930c54ede0e0a76c0f8abfb74704de273084f2aa0e3c6deb2c86704c7402b?s=96&d=mm&r=g\",\"contentUrl\":\"https:\\\/\\\/secure.gravatar.com\\\/avatar\\\/9a2930c54ede0e0a76c0f8abfb74704de273084f2aa0e3c6deb2c86704c7402b?s=96&d=mm&r=g\",\"caption\":\"katja.heid@krafthand.de\"}}]}<\/script>\n<!-- \/ Yoast SEO plugin. -->","yoast_head_json":{"title":"Integrierter Sensor: Contitech stattet Luftfeder mit Intelligenz aus - Krafthand-Truck","robots":{"index":"index","follow":"follow","max-snippet":"max-snippet:-1","max-image-preview":"max-image-preview:large","max-video-preview":"max-video-preview:-1"},"canonical":"https:\/\/www.krafthand.de\/truck\/artikel\/integrierter-sensor-contitech-stattet-luftfeder-mit-intelligenz-aus-3122\/","og_locale":"de_DE","og_type":"article","og_title":"Integrierter Sensor: Contitech stattet Luftfeder mit Intelligenz aus - Krafthand-Truck","og_description":"Die Ingenieure von Contitech haben die Luftfeder 'intelligent' gemacht: Ausgestattet mit einem integrierten Sensor l\u00e4sst sich ihre H\u00f6he elektronisch anpassen. Zudem kann er den Innendruck und die Innentemperatur ermitteln. Verena Weiss, Leiterin des Segments Industrie bei Contitech Air Spring Systems, bezeichnet die Neuentwicklung stolz als 'Meilenstein der Luftfedertechnik' \u2013 unter anderem, weil die digitale Luftfeder keine verschlei\u00dfanf\u00e4lligen mechanischen Regelungskomponenten mehr besitzt. ... weiter","og_url":"https:\/\/www.krafthand-truck.de\/artikel\/integrierter-sensor-contitech-stattet-luftfeder-mit-intelligenz-aus-3122\/","og_site_name":"Krafthand-Truck","article_published_time":"2017-07-20T08:43:03+00:00","og_image":[{"width":1200,"height":920,"url":"https:\/\/www.krafthand.de\/truck\/wp-content\/uploads\/2017\/07\/kht0217_026.jpg","type":"image\/jpeg"}],"author":"katja.heid@krafthand.de","twitter_card":"summary_large_image","twitter_misc":{"Verfasst von":"katja.heid@krafthand.de","Gesch\u00e4tzte Lesezeit":"1\u00a0Minute"},"schema":{"@context":"https:\/\/schema.org","@graph":[{"@type":"Article","@id":"https:\/\/www.krafthand.de\/truck\/artikel\/integrierter-sensor-contitech-stattet-luftfeder-mit-intelligenz-aus-3122\/#article","isPartOf":{"@id":"https:\/\/www.krafthand.de\/truck\/artikel\/integrierter-sensor-contitech-stattet-luftfeder-mit-intelligenz-aus-3122\/"},"author":{"name":"katja.heid@krafthand.de","@id":"https:\/\/www.krafthand.de\/truck\/#\/schema\/person\/8e290c6d425b72d176adc7767a251001"},"headline":"Integrierter Sensor: Contitech stattet Luftfeder mit Intelligenz aus","datePublished":"2017-07-20T08:43:03+00:00","mainEntityOfPage":{"@id":"https:\/\/www.krafthand.de\/truck\/artikel\/integrierter-sensor-contitech-stattet-luftfeder-mit-intelligenz-aus-3122\/"},"wordCount":217,"image":{"@id":"https:\/\/www.krafthand.de\/truck\/artikel\/integrierter-sensor-contitech-stattet-luftfeder-mit-intelligenz-aus-3122\/#primaryimage"},"thumbnailUrl":"https:\/\/static.krafthand-truck.de\/uploads\/2017\/07\/kht0217_026.jpg","keywords":["Conitech","Continental","Luftfeder","Niveauregulierung","Nutzfahrzeuge","Ultrasonic Height and Pressure Sensor","Verena Weiss"],"articleSection":["Nfz-Branche"],"inLanguage":"de"},{"@type":"WebPage","@id":"https:\/\/www.krafthand.de\/truck\/artikel\/integrierter-sensor-contitech-stattet-luftfeder-mit-intelligenz-aus-3122\/","url":"https:\/\/www.krafthand.de\/truck\/artikel\/integrierter-sensor-contitech-stattet-luftfeder-mit-intelligenz-aus-3122\/","name":"Integrierter Sensor: Contitech stattet Luftfeder mit Intelligenz aus - Krafthand-Truck","isPartOf":{"@id":"https:\/\/www.krafthand.de\/truck\/#website"},"primaryImageOfPage":{"@id":"https:\/\/www.krafthand.de\/truck\/artikel\/integrierter-sensor-contitech-stattet-luftfeder-mit-intelligenz-aus-3122\/#primaryimage"},"image":{"@id":"https:\/\/www.krafthand.de\/truck\/artikel\/integrierter-sensor-contitech-stattet-luftfeder-mit-intelligenz-aus-3122\/#primaryimage"},"thumbnailUrl":"https:\/\/static.krafthand-truck.de\/uploads\/2017\/07\/kht0217_026.jpg","datePublished":"2017-07-20T08:43:03+00:00","author":{"@id":"https:\/\/www.krafthand.de\/truck\/#\/schema\/person\/8e290c6d425b72d176adc7767a251001"},"breadcrumb":{"@id":"https:\/\/www.krafthand.de\/truck\/artikel\/integrierter-sensor-contitech-stattet-luftfeder-mit-intelligenz-aus-3122\/#breadcrumb"},"inLanguage":"de","potentialAction":[{"@type":"ReadAction","target":["https:\/\/www.krafthand.de\/truck\/artikel\/integrierter-sensor-contitech-stattet-luftfeder-mit-intelligenz-aus-3122\/"]}]},{"@type":"ImageObject","inLanguage":"de","@id":"https:\/\/www.krafthand.de\/truck\/artikel\/integrierter-sensor-contitech-stattet-luftfeder-mit-intelligenz-aus-3122\/#primaryimage","url":"https:\/\/static.krafthand-truck.de\/uploads\/2017\/07\/kht0217_026.jpg","contentUrl":"https:\/\/static.krafthand-truck.de\/uploads\/2017\/07\/kht0217_026.jpg","width":1200,"height":920,"caption":"Smarte Luftfeder: Die neue sensorgesteuerte Luftfeder von Contitech erm\u00f6glicht das ber\u00fchrungslose Messen von exakten Positionen und l\u00e4sst sich als Niveauregulierung und Wiegesystem in Nutzfahrzeugen nutzen. Zudem l\u00e4sst sich das System nachr\u00fcsten. Bild: Contitech"},{"@type":"BreadcrumbList","@id":"https:\/\/www.krafthand.de\/truck\/artikel\/integrierter-sensor-contitech-stattet-luftfeder-mit-intelligenz-aus-3122\/#breadcrumb","itemListElement":[{"@type":"ListItem","position":1,"name":"Krafthand-Truck","item":"https:\/\/www.krafthand.de\/truck\/"},{"@type":"ListItem","position":2,"name":"Nfz-Branche","item":"https:\/\/www.krafthand.de\/truck\/kategorie\/branche\/"},{"@type":"ListItem","position":3,"name":"Integrierter Sensor: Contitech stattet Luftfeder mit Intelligenz aus"}]},{"@type":"WebSite","@id":"https:\/\/www.krafthand.de\/truck\/#website","url":"https:\/\/www.krafthand.de\/truck\/","name":"Krafthand-Truck","description":"","potentialAction":[{"@type":"SearchAction","target":{"@type":"EntryPoint","urlTemplate":"https:\/\/www.krafthand.de\/truck\/?s={search_term_string}"},"query-input":{"@type":"PropertyValueSpecification","valueRequired":true,"valueName":"search_term_string"}}],"inLanguage":"de"},{"@type":"Person","@id":"https:\/\/www.krafthand.de\/truck\/#\/schema\/person\/8e290c6d425b72d176adc7767a251001","name":"katja.heid@krafthand.de","image":{"@type":"ImageObject","inLanguage":"de","@id":"https:\/\/secure.gravatar.com\/avatar\/9a2930c54ede0e0a76c0f8abfb74704de273084f2aa0e3c6deb2c86704c7402b?s=96&d=mm&r=g","url":"https:\/\/secure.gravatar.com\/avatar\/9a2930c54ede0e0a76c0f8abfb74704de273084f2aa0e3c6deb2c86704c7402b?s=96&d=mm&r=g","contentUrl":"https:\/\/secure.gravatar.com\/avatar\/9a2930c54ede0e0a76c0f8abfb74704de273084f2aa0e3c6deb2c86704c7402b?s=96&d=mm&r=g","caption":"katja.heid@krafthand.de"}}]}},"_links":{"self":[{"href":"https:\/\/www.krafthand.de\/truck\/wp-json\/wp\/v2\/posts\/3122","targetHints":{"allow":["GET"]}}],"collection":[{"href":"https:\/\/www.krafthand.de\/truck\/wp-json\/wp\/v2\/posts"}],"about":[{"href":"https:\/\/www.krafthand.de\/truck\/wp-json\/wp\/v2\/types\/post"}],"author":[{"embeddable":true,"href":"https:\/\/www.krafthand.de\/truck\/wp-json\/wp\/v2\/users\/3"}],"replies":[{"embeddable":true,"href":"https:\/\/www.krafthand.de\/truck\/wp-json\/wp\/v2\/comments?post=3122"}],"version-history":[{"count":0,"href":"https:\/\/www.krafthand.de\/truck\/wp-json\/wp\/v2\/posts\/3122\/revisions"}],"wp:featuredmedia":[{"embeddable":true,"href":"https:\/\/www.krafthand.de\/truck\/wp-json\/wp\/v2\/media\/3123"}],"wp:attachment":[{"href":"https:\/\/www.krafthand.de\/truck\/wp-json\/wp\/v2\/media?parent=3122"}],"wp:term":[{"taxonomy":"category","embeddable":true,"href":"https:\/\/www.krafthand.de\/truck\/wp-json\/wp\/v2\/categories?post=3122"},{"taxonomy":"post_tag","embeddable":true,"href":"https:\/\/www.krafthand.de\/truck\/wp-json\/wp\/v2\/tags?post=3122"},{"taxonomy":"settings","embeddable":true,"href":"https:\/\/www.krafthand.de\/truck\/wp-json\/wp\/v2\/settings?post=3122"}],"curies":[{"name":"wp","href":"https:\/\/api.w.org\/{rel}","templated":true}]}}