{"id":3120,"date":"2017-07-19T15:06:33","date_gmt":"2017-07-19T13:06:33","guid":{"rendered":"https:\/\/www.krafthand.de\/truck\/artikel\/winkler-baut-neues-zentrallager-bei-wien-3120\/"},"modified":"2017-07-19T15:06:33","modified_gmt":"2017-07-19T13:06:33","slug":"winkler-baut-neues-zentrallager-bei-wien","status":"publish","type":"post","link":"https:\/\/www.krafthand.de\/truck\/artikel\/winkler-baut-neues-zentrallager-bei-wien-3120\/","title":{"rendered":"Winkler baut neues  Zentrallager bei Wien"},"content":{"rendered":"<p class=\"text-colored\">Der Nutzfahrzeugspezialist Winkler baut sein insgesamt drittes Zentrallager in Himberg bei Wien. Gestern erfolgte der offizielle Spatenstich in Himberg, der den Baustart des Projektes markiert. Die Inbetriebnahme des Lagers ist f\u00fcr Anfang 2019 geplant.<\/p>\n<p>Der neue Standort soll dem Wachstum von Winkler in den vergangenen Jahren Rechnung tragen und die Logistik in \u00d6sterreich und den osteurop\u00e4ischen Standorten des Stuttgarter Unternehmens leistungsf\u00e4higer machen.<br \/>&nbsp;&nbsp; &nbsp;<br \/>\u201eMit dem zus\u00e4tzlichen Zentrallager wollen wir die Lieferwege zu unseren osteurop\u00e4ischen Standorten verk\u00fcrzen, um so unsere Kunden vor Ort in Zukunft noch schneller und flexibler beliefern zu k\u00f6nnen\u201c, erkl\u00e4rt R\u00fcdiger Hahn, Vorsitzender der Gesch\u00e4ftsf\u00fchrung der Winkler-Unternehmensgruppe. Von dem neuen Zentrallager aus werden zuk\u00fcnftig die Kunden und Standorte des Nutzfahrzeugprofis in \u00d6sterreich, Tschechien, Polen, Lettland und der Slowakei sowie weltweit die Kunden der Exporttochter Truck and Trailer Parts beliefert. Das neue Zentrallager ist die Reaktion auf das Wachstum der Unternehmensgruppe in den vergangenen Jahren soll Winkler f\u00fcr zuk\u00fcnftige Entwicklungen r\u00fcsten.<\/p>\n<p>Das Gel\u00e4nde in der Gemeinde Himberg bei Wien umfasst 100.000 Quadratmeter und soll eine optimale Verkehrsanbindung an die Autobahn bieten, den Flughafen und das Wiener Stadtgebiet. Im ersten Bauabschnitt wird ein Geb\u00e4ude auf einer Fl\u00e4che von 50.000 Quadratmetern errichtet. <\/p>\n<p><b>Zentrallager mit Winkler-Vertriebsstandort<br \/><\/b>Im Geb\u00e4ude ist ein automatisches Hochregal- und Kleinteilelager integriert, ein manuelles Palettenregal sowie ein Gefahrstofflager und bietet im ersten Bauabschnitt etwa 80.000 Lagerpl\u00e4tze. Alle Lagerbereiche sind durch moderne F\u00f6rdertechnik miteinander verbunden. Dar\u00fcber hinaus entsteht in dem Geb\u00e4ude eine moderne Schlauchfertigungswerkstatt, in der Hydraulik- und Tank- und Siloschl\u00e4uche nach individuellem Kundenwunsch gefertigt werden. In einem Schulungszentrum finden Schulungen rund um Nutzfahrzeug und Werkstatt statt. Das Geb\u00e4ude beinhaltet au\u00dferdem einen Winkler-Vertriebsstandort mit angeschlossenem Abholmarkt. Zum Start Mitte des Jahres 2018 werden etwa 70 Menschen am Standort besch\u00e4ftigt sein, mittelfristig soll die Belegschaft auf etwa 150 Mitarbeiter ansteigen.<\/p>\n<p>Die Winkler-Unternehmensgruppe verf\u00fcgt bereits \u00fcber zwei Zentrallager in Ulm und Kassel in Deutschland, die mit einer Lagerfl\u00e4che von \u00fcber 65.000 Quadratmetern zu den gr\u00f6\u00dften Zentrallagern f\u00fcr Nutzfahrzeugersatzteile in Europa geh\u00f6ren. Von hier aus werden zuk\u00fcnftig weiterhin die 25 Winkler- Standorte und Kunden in Deutschland und der Schweiz beliefert.<\/p>\n","protected":false},"excerpt":{"rendered":"<p>Der Nutzfahrzeugspezialist Winkler baut sein insgesamt drittes Zentrallager in Himberg bei Wien. Gestern erfolgte der offizielle Spatenstich in Himberg, der den Baustart des Projektes markiert. Die Inbetriebnahme des Lagers ist f\u00fcr Anfang 2019 geplant. <span class=\"excerpt-more__dots\">&#8230;<\/span> <a class=\"excerpt-more__link\" href=\"https:\/\/www.krafthand.de\/truck\/artikel\/winkler-baut-neues-zentrallager-bei-wien-3120\/\" >weiter<\/a><\/p>\n","protected":false},"author":3,"featured_media":3121,"comment_status":"closed","ping_status":"closed","sticky":false,"template":"","format":"standard","meta":{"footnotes":""},"categories":[5],"tags":[3147,460,3146],"settings":[],"class_list":["post-3120","post","type-post","status-publish","format-standard","has-post-thumbnail","hentry","category-branche","tag-wien","tag-winkler","tag-zentrallager"],"yoast_head":"<!-- This site is optimized with the Yoast SEO plugin v27.3 - https:\/\/yoast.com\/product\/yoast-seo-wordpress\/ -->\n<title>Winkler baut neues Zentrallager bei Wien - Krafthand-Truck<\/title>\n<meta name=\"robots\" content=\"index, follow, max-snippet:-1, max-image-preview:large, max-video-preview:-1\" \/>\n<link rel=\"canonical\" href=\"https:\/\/www.krafthand.de\/truck\/artikel\/winkler-baut-neues-zentrallager-bei-wien-3120\/\" \/>\n<meta property=\"og:locale\" content=\"de_DE\" \/>\n<meta property=\"og:type\" content=\"article\" \/>\n<meta property=\"og:title\" content=\"Winkler baut neues Zentrallager bei Wien - Krafthand-Truck\" \/>\n<meta property=\"og:description\" content=\"Der Nutzfahrzeugspezialist Winkler baut sein insgesamt drittes Zentrallager in Himberg bei Wien. Gestern erfolgte der offizielle Spatenstich in Himberg, der den Baustart des Projektes markiert. Die Inbetriebnahme des Lagers ist f\u00fcr Anfang 2019 geplant. ... weiter\" \/>\n<meta property=\"og:url\" content=\"https:\/\/www.krafthand-truck.de\/artikel\/winkler-baut-neues-zentrallager-bei-wien-3120\/\" \/>\n<meta property=\"og:site_name\" content=\"Krafthand-Truck\" \/>\n<meta property=\"article:published_time\" content=\"2017-07-19T13:06:33+00:00\" \/>\n<meta property=\"og:image\" content=\"https:\/\/www.krafthand.de\/truck\/wp-content\/uploads\/2017\/07\/Winkler_Spatenstich_.jpg\" \/>\n\t<meta property=\"og:image:width\" content=\"950\" \/>\n\t<meta property=\"og:image:height\" content=\"966\" \/>\n\t<meta property=\"og:image:type\" content=\"image\/jpeg\" \/>\n<meta name=\"author\" content=\"katja.heid@krafthand.de\" \/>\n<meta name=\"twitter:card\" content=\"summary_large_image\" \/>\n<meta name=\"twitter:label1\" content=\"Verfasst von\" \/>\n\t<meta name=\"twitter:data1\" content=\"katja.heid@krafthand.de\" \/>\n\t<meta name=\"twitter:label2\" content=\"Gesch\u00e4tzte Lesezeit\" \/>\n\t<meta name=\"twitter:data2\" content=\"2\u00a0Minuten\" \/>\n<script type=\"application\/ld+json\" class=\"yoast-schema-graph\">{\"@context\":\"https:\\\/\\\/schema.org\",\"@graph\":[{\"@type\":\"Article\",\"@id\":\"https:\\\/\\\/www.krafthand.de\\\/truck\\\/artikel\\\/winkler-baut-neues-zentrallager-bei-wien-3120\\\/#article\",\"isPartOf\":{\"@id\":\"https:\\\/\\\/www.krafthand.de\\\/truck\\\/artikel\\\/winkler-baut-neues-zentrallager-bei-wien-3120\\\/\"},\"author\":{\"name\":\"katja.heid@krafthand.de\",\"@id\":\"https:\\\/\\\/www.krafthand.de\\\/truck\\\/#\\\/schema\\\/person\\\/8e290c6d425b72d176adc7767a251001\"},\"headline\":\"Winkler baut neues Zentrallager bei Wien\",\"datePublished\":\"2017-07-19T13:06:33+00:00\",\"mainEntityOfPage\":{\"@id\":\"https:\\\/\\\/www.krafthand.de\\\/truck\\\/artikel\\\/winkler-baut-neues-zentrallager-bei-wien-3120\\\/\"},\"wordCount\":371,\"image\":{\"@id\":\"https:\\\/\\\/www.krafthand.de\\\/truck\\\/artikel\\\/winkler-baut-neues-zentrallager-bei-wien-3120\\\/#primaryimage\"},\"thumbnailUrl\":\"https:\\\/\\\/static.krafthand-truck.de\\\/uploads\\\/2017\\\/07\\\/Winkler_Spatenstich_.jpg\",\"keywords\":[\"Wien\",\"Winkler\",\"Zentrallager\"],\"articleSection\":[\"Nfz-Branche\"],\"inLanguage\":\"de\"},{\"@type\":\"WebPage\",\"@id\":\"https:\\\/\\\/www.krafthand.de\\\/truck\\\/artikel\\\/winkler-baut-neues-zentrallager-bei-wien-3120\\\/\",\"url\":\"https:\\\/\\\/www.krafthand.de\\\/truck\\\/artikel\\\/winkler-baut-neues-zentrallager-bei-wien-3120\\\/\",\"name\":\"Winkler baut neues Zentrallager bei Wien - Krafthand-Truck\",\"isPartOf\":{\"@id\":\"https:\\\/\\\/www.krafthand.de\\\/truck\\\/#website\"},\"primaryImageOfPage\":{\"@id\":\"https:\\\/\\\/www.krafthand.de\\\/truck\\\/artikel\\\/winkler-baut-neues-zentrallager-bei-wien-3120\\\/#primaryimage\"},\"image\":{\"@id\":\"https:\\\/\\\/www.krafthand.de\\\/truck\\\/artikel\\\/winkler-baut-neues-zentrallager-bei-wien-3120\\\/#primaryimage\"},\"thumbnailUrl\":\"https:\\\/\\\/static.krafthand-truck.de\\\/uploads\\\/2017\\\/07\\\/Winkler_Spatenstich_.jpg\",\"datePublished\":\"2017-07-19T13:06:33+00:00\",\"author\":{\"@id\":\"https:\\\/\\\/www.krafthand.de\\\/truck\\\/#\\\/schema\\\/person\\\/8e290c6d425b72d176adc7767a251001\"},\"breadcrumb\":{\"@id\":\"https:\\\/\\\/www.krafthand.de\\\/truck\\\/artikel\\\/winkler-baut-neues-zentrallager-bei-wien-3120\\\/#breadcrumb\"},\"inLanguage\":\"de\",\"potentialAction\":[{\"@type\":\"ReadAction\",\"target\":[\"https:\\\/\\\/www.krafthand.de\\\/truck\\\/artikel\\\/winkler-baut-neues-zentrallager-bei-wien-3120\\\/\"]}]},{\"@type\":\"ImageObject\",\"inLanguage\":\"de\",\"@id\":\"https:\\\/\\\/www.krafthand.de\\\/truck\\\/artikel\\\/winkler-baut-neues-zentrallager-bei-wien-3120\\\/#primaryimage\",\"url\":\"https:\\\/\\\/static.krafthand-truck.de\\\/uploads\\\/2017\\\/07\\\/Winkler_Spatenstich_.jpg\",\"contentUrl\":\"https:\\\/\\\/static.krafthand-truck.de\\\/uploads\\\/2017\\\/07\\\/Winkler_Spatenstich_.jpg\",\"width\":950,\"height\":966,\"caption\":\"Spatenstich (von links): Erich Klein (B\u00fcrgermeister), Ernst Wendl (Vize-B\u00fcrgermeister) und R\u00fcdiger Hahn, Vorsitzender der Gesch\u00e4ftsf\u00fchrung der winkler Unternehmensgruppe. Bild: Winkler\"},{\"@type\":\"BreadcrumbList\",\"@id\":\"https:\\\/\\\/www.krafthand.de\\\/truck\\\/artikel\\\/winkler-baut-neues-zentrallager-bei-wien-3120\\\/#breadcrumb\",\"itemListElement\":[{\"@type\":\"ListItem\",\"position\":1,\"name\":\"Krafthand-Truck\",\"item\":\"https:\\\/\\\/www.krafthand.de\\\/truck\\\/\"},{\"@type\":\"ListItem\",\"position\":2,\"name\":\"Nfz-Branche\",\"item\":\"https:\\\/\\\/www.krafthand.de\\\/truck\\\/kategorie\\\/branche\\\/\"},{\"@type\":\"ListItem\",\"position\":3,\"name\":\"Winkler baut neues Zentrallager bei Wien\"}]},{\"@type\":\"WebSite\",\"@id\":\"https:\\\/\\\/www.krafthand.de\\\/truck\\\/#website\",\"url\":\"https:\\\/\\\/www.krafthand.de\\\/truck\\\/\",\"name\":\"Krafthand-Truck\",\"description\":\"\",\"potentialAction\":[{\"@type\":\"SearchAction\",\"target\":{\"@type\":\"EntryPoint\",\"urlTemplate\":\"https:\\\/\\\/www.krafthand.de\\\/truck\\\/?s={search_term_string}\"},\"query-input\":{\"@type\":\"PropertyValueSpecification\",\"valueRequired\":true,\"valueName\":\"search_term_string\"}}],\"inLanguage\":\"de\"},{\"@type\":\"Person\",\"@id\":\"https:\\\/\\\/www.krafthand.de\\\/truck\\\/#\\\/schema\\\/person\\\/8e290c6d425b72d176adc7767a251001\",\"name\":\"katja.heid@krafthand.de\",\"image\":{\"@type\":\"ImageObject\",\"inLanguage\":\"de\",\"@id\":\"https:\\\/\\\/secure.gravatar.com\\\/avatar\\\/9a2930c54ede0e0a76c0f8abfb74704de273084f2aa0e3c6deb2c86704c7402b?s=96&d=mm&r=g\",\"url\":\"https:\\\/\\\/secure.gravatar.com\\\/avatar\\\/9a2930c54ede0e0a76c0f8abfb74704de273084f2aa0e3c6deb2c86704c7402b?s=96&d=mm&r=g\",\"contentUrl\":\"https:\\\/\\\/secure.gravatar.com\\\/avatar\\\/9a2930c54ede0e0a76c0f8abfb74704de273084f2aa0e3c6deb2c86704c7402b?s=96&d=mm&r=g\",\"caption\":\"katja.heid@krafthand.de\"}}]}<\/script>\n<!-- \/ Yoast SEO plugin. -->","yoast_head_json":{"title":"Winkler baut neues Zentrallager bei Wien - Krafthand-Truck","robots":{"index":"index","follow":"follow","max-snippet":"max-snippet:-1","max-image-preview":"max-image-preview:large","max-video-preview":"max-video-preview:-1"},"canonical":"https:\/\/www.krafthand.de\/truck\/artikel\/winkler-baut-neues-zentrallager-bei-wien-3120\/","og_locale":"de_DE","og_type":"article","og_title":"Winkler baut neues Zentrallager bei Wien - Krafthand-Truck","og_description":"Der Nutzfahrzeugspezialist Winkler baut sein insgesamt drittes Zentrallager in Himberg bei Wien. Gestern erfolgte der offizielle Spatenstich in Himberg, der den Baustart des Projektes markiert. Die Inbetriebnahme des Lagers ist f\u00fcr Anfang 2019 geplant. ... weiter","og_url":"https:\/\/www.krafthand-truck.de\/artikel\/winkler-baut-neues-zentrallager-bei-wien-3120\/","og_site_name":"Krafthand-Truck","article_published_time":"2017-07-19T13:06:33+00:00","og_image":[{"width":950,"height":966,"url":"https:\/\/www.krafthand.de\/truck\/wp-content\/uploads\/2017\/07\/Winkler_Spatenstich_.jpg","type":"image\/jpeg"}],"author":"katja.heid@krafthand.de","twitter_card":"summary_large_image","twitter_misc":{"Verfasst von":"katja.heid@krafthand.de","Gesch\u00e4tzte Lesezeit":"2\u00a0Minuten"},"schema":{"@context":"https:\/\/schema.org","@graph":[{"@type":"Article","@id":"https:\/\/www.krafthand.de\/truck\/artikel\/winkler-baut-neues-zentrallager-bei-wien-3120\/#article","isPartOf":{"@id":"https:\/\/www.krafthand.de\/truck\/artikel\/winkler-baut-neues-zentrallager-bei-wien-3120\/"},"author":{"name":"katja.heid@krafthand.de","@id":"https:\/\/www.krafthand.de\/truck\/#\/schema\/person\/8e290c6d425b72d176adc7767a251001"},"headline":"Winkler baut neues Zentrallager bei Wien","datePublished":"2017-07-19T13:06:33+00:00","mainEntityOfPage":{"@id":"https:\/\/www.krafthand.de\/truck\/artikel\/winkler-baut-neues-zentrallager-bei-wien-3120\/"},"wordCount":371,"image":{"@id":"https:\/\/www.krafthand.de\/truck\/artikel\/winkler-baut-neues-zentrallager-bei-wien-3120\/#primaryimage"},"thumbnailUrl":"https:\/\/static.krafthand-truck.de\/uploads\/2017\/07\/Winkler_Spatenstich_.jpg","keywords":["Wien","Winkler","Zentrallager"],"articleSection":["Nfz-Branche"],"inLanguage":"de"},{"@type":"WebPage","@id":"https:\/\/www.krafthand.de\/truck\/artikel\/winkler-baut-neues-zentrallager-bei-wien-3120\/","url":"https:\/\/www.krafthand.de\/truck\/artikel\/winkler-baut-neues-zentrallager-bei-wien-3120\/","name":"Winkler baut neues Zentrallager bei Wien - Krafthand-Truck","isPartOf":{"@id":"https:\/\/www.krafthand.de\/truck\/#website"},"primaryImageOfPage":{"@id":"https:\/\/www.krafthand.de\/truck\/artikel\/winkler-baut-neues-zentrallager-bei-wien-3120\/#primaryimage"},"image":{"@id":"https:\/\/www.krafthand.de\/truck\/artikel\/winkler-baut-neues-zentrallager-bei-wien-3120\/#primaryimage"},"thumbnailUrl":"https:\/\/static.krafthand-truck.de\/uploads\/2017\/07\/Winkler_Spatenstich_.jpg","datePublished":"2017-07-19T13:06:33+00:00","author":{"@id":"https:\/\/www.krafthand.de\/truck\/#\/schema\/person\/8e290c6d425b72d176adc7767a251001"},"breadcrumb":{"@id":"https:\/\/www.krafthand.de\/truck\/artikel\/winkler-baut-neues-zentrallager-bei-wien-3120\/#breadcrumb"},"inLanguage":"de","potentialAction":[{"@type":"ReadAction","target":["https:\/\/www.krafthand.de\/truck\/artikel\/winkler-baut-neues-zentrallager-bei-wien-3120\/"]}]},{"@type":"ImageObject","inLanguage":"de","@id":"https:\/\/www.krafthand.de\/truck\/artikel\/winkler-baut-neues-zentrallager-bei-wien-3120\/#primaryimage","url":"https:\/\/static.krafthand-truck.de\/uploads\/2017\/07\/Winkler_Spatenstich_.jpg","contentUrl":"https:\/\/static.krafthand-truck.de\/uploads\/2017\/07\/Winkler_Spatenstich_.jpg","width":950,"height":966,"caption":"Spatenstich (von links): Erich Klein (B\u00fcrgermeister), Ernst Wendl (Vize-B\u00fcrgermeister) und R\u00fcdiger Hahn, Vorsitzender der Gesch\u00e4ftsf\u00fchrung der winkler Unternehmensgruppe. Bild: Winkler"},{"@type":"BreadcrumbList","@id":"https:\/\/www.krafthand.de\/truck\/artikel\/winkler-baut-neues-zentrallager-bei-wien-3120\/#breadcrumb","itemListElement":[{"@type":"ListItem","position":1,"name":"Krafthand-Truck","item":"https:\/\/www.krafthand.de\/truck\/"},{"@type":"ListItem","position":2,"name":"Nfz-Branche","item":"https:\/\/www.krafthand.de\/truck\/kategorie\/branche\/"},{"@type":"ListItem","position":3,"name":"Winkler baut neues Zentrallager bei Wien"}]},{"@type":"WebSite","@id":"https:\/\/www.krafthand.de\/truck\/#website","url":"https:\/\/www.krafthand.de\/truck\/","name":"Krafthand-Truck","description":"","potentialAction":[{"@type":"SearchAction","target":{"@type":"EntryPoint","urlTemplate":"https:\/\/www.krafthand.de\/truck\/?s={search_term_string}"},"query-input":{"@type":"PropertyValueSpecification","valueRequired":true,"valueName":"search_term_string"}}],"inLanguage":"de"},{"@type":"Person","@id":"https:\/\/www.krafthand.de\/truck\/#\/schema\/person\/8e290c6d425b72d176adc7767a251001","name":"katja.heid@krafthand.de","image":{"@type":"ImageObject","inLanguage":"de","@id":"https:\/\/secure.gravatar.com\/avatar\/9a2930c54ede0e0a76c0f8abfb74704de273084f2aa0e3c6deb2c86704c7402b?s=96&d=mm&r=g","url":"https:\/\/secure.gravatar.com\/avatar\/9a2930c54ede0e0a76c0f8abfb74704de273084f2aa0e3c6deb2c86704c7402b?s=96&d=mm&r=g","contentUrl":"https:\/\/secure.gravatar.com\/avatar\/9a2930c54ede0e0a76c0f8abfb74704de273084f2aa0e3c6deb2c86704c7402b?s=96&d=mm&r=g","caption":"katja.heid@krafthand.de"}}]}},"_links":{"self":[{"href":"https:\/\/www.krafthand.de\/truck\/wp-json\/wp\/v2\/posts\/3120","targetHints":{"allow":["GET"]}}],"collection":[{"href":"https:\/\/www.krafthand.de\/truck\/wp-json\/wp\/v2\/posts"}],"about":[{"href":"https:\/\/www.krafthand.de\/truck\/wp-json\/wp\/v2\/types\/post"}],"author":[{"embeddable":true,"href":"https:\/\/www.krafthand.de\/truck\/wp-json\/wp\/v2\/users\/3"}],"replies":[{"embeddable":true,"href":"https:\/\/www.krafthand.de\/truck\/wp-json\/wp\/v2\/comments?post=3120"}],"version-history":[{"count":0,"href":"https:\/\/www.krafthand.de\/truck\/wp-json\/wp\/v2\/posts\/3120\/revisions"}],"wp:featuredmedia":[{"embeddable":true,"href":"https:\/\/www.krafthand.de\/truck\/wp-json\/wp\/v2\/media\/3121"}],"wp:attachment":[{"href":"https:\/\/www.krafthand.de\/truck\/wp-json\/wp\/v2\/media?parent=3120"}],"wp:term":[{"taxonomy":"category","embeddable":true,"href":"https:\/\/www.krafthand.de\/truck\/wp-json\/wp\/v2\/categories?post=3120"},{"taxonomy":"post_tag","embeddable":true,"href":"https:\/\/www.krafthand.de\/truck\/wp-json\/wp\/v2\/tags?post=3120"},{"taxonomy":"settings","embeddable":true,"href":"https:\/\/www.krafthand.de\/truck\/wp-json\/wp\/v2\/settings?post=3120"}],"curies":[{"name":"wp","href":"https:\/\/api.w.org\/{rel}","templated":true}]}}