{"id":31175,"date":"2022-02-16T12:35:08","date_gmt":"2022-02-16T11:35:08","guid":{"rendered":"https:\/\/www.krafthand.de\/truck\/?p=31175"},"modified":"2022-02-16T17:21:44","modified_gmt":"2022-02-16T16:21:44","slug":"iveco-engagiert-sich-fuer-die-initiative-hellwach-mit-80-km-h","status":"publish","type":"post","link":"https:\/\/www.krafthand.de\/truck\/artikel\/iveco-engagiert-sich-fuer-die-initiative-hellwach-mit-80-km-h-31175\/","title":{"rendered":"IVECO engagiert sich f\u00fcr &#8218;Hellwach mit 80 km\/h&#8216;"},"content":{"rendered":"<p>2021 war leider das Jahr mit einem neuen traurigen Rekord in Bezug auf Lkw-Fahrerinnen und Lkw-Fahrer, die an einem Stauende in Deutschland ihr Leben verloren. Dabei spielen drei Ursachen eine Rolle: Ablenkung, Sekundenschlaf und gesundheitliche Probleme. Mit gro\u00dfem Abstand ist jedoch die Ablenkung durch Smartphone und Co. ein wesentlicher Unfalltreiber. Die Initiative <a href=\"https:\/\/www.hellwach-mit-80-kmh.de\" target=\"_blank\" rel=\"noopener\">&#8218;Hellwach mit 80 km\/h&#8216;<\/a> kl\u00e4rt unter anderem mit einer Info-Brosch\u00fcre Fahrerinnen und Fahrer \u00fcber die Grundlagen der Selbstverpflichtung zur Unfallvermeidung auf. Unternehmen wie beispielsweise IVECO unterst\u00fctzen die Initiative und informieren \u00fcber kostenlose Infobl\u00e4tter und Brosch\u00fcren Berufskraftfahrerinnen und Berufskraftfahrer.<\/p>\n<p>Moderne Fernverkehrs-Lkw verf\u00fcgen \u00fcber vielf\u00e4ltige Fahrerassistenzsysteme zur Unfallvermeidung wie den Notbremsassistenten oder eine automatische Distanzregelung. Die Unf\u00e4lle am Stauende passieren jedoch nicht, weil die Systeme deaktiviert wurden, sondern weil die Fahrerinnen oder Fahrer die Systeme im letzten Augenblick \u00fcbersteuern. Der Notbremsassistent reagiert im Notfall, wenn kein aktives Eingreifen aus dem Fahrerhaus erfolgt. Ein Lkw legt bei 80 km\/h pro Sekunde 22 Meter zur\u00fcck. Eine Warnung des Notbremsassistenten erschreckt leider viel zu oft die Fahrerin beziehungsweise den Fahrer bei einer Nebenbesch\u00e4ftigung, was dann im Reflex zu einer \u00dcbersteuerung des Notbremsassistenten f\u00fchren kann. Hauptursache ist mangelnde Aufmerksamkeit und Ablenkungen durch Smartphone-Nutzung, Essen und Trinken, der Griff zur Zigarettenschachtel in der Jacke auf dem Beifahrersitz und vieles mehr. Erschwerend hinzu kommen h\u00e4ufig unzureichender Abstand und M\u00fcdigkeit. Die Initiative &#8218;Hellwach mit 80 km\/h&#8216; macht auf diese Umst\u00e4nde aufmerksam.<\/p>\n<blockquote><p>Dieter Sch\u00e4fer, Ex-Verkehrspolizist und Mitbegr\u00fcnder des Vereins Hellwach mit 80 km\/h e. V.: \u201eMehr als 80 Prozent der t\u00f6dlichen Unf\u00e4lle passieren auf deutschen Transitrouten am Stauende vor Dauerbaustellen zu den bekannten Spitzenverkehrszeiten, meist ausgel\u00f6st durch Ablenkung und Unwissenheit \u00fcber die Wirkungsweise von Fahrerassistenzsystemen. Daran wollen wir ankn\u00fcpfen und aufmerksam machen. Es muss bei den Fahrerinnen und Fahrern in Fleisch und Blut \u00fcbergehen, dass sie vor Fahrtantritt die Fahrstrecke auf Dauerbaustellen \u00fcberpr\u00fcfen und sich vornehmen, besonders dort aufmerksam, vorausschauend und partnerschaftlich zu fahren. Zudem ist eine theoretische und praktische Einweisung in die Sicherheitssysteme der Lkw n\u00f6tig.\u201c<\/p><\/blockquote>\n<p>In einer Pr\u00e4ventionsbrosch\u00fcre erkl\u00e4rt Cartoon-Fahrer Max Achtzig in zehn einfachen Regeln, die zusammen mit Lkw-Fahrern entwickelt wurden, wie einfach sich Auffahrunf\u00e4lle vermeiden lassen. IVECO bietet die Brosch\u00fcre in zahlreichen Sprachen zum Download auf der Website unter <a href=\"https:\/\/max80.iveco.de\/\" target=\"_blank\" rel=\"noopener\">https:\/\/max80.iveco.de\/<\/a> an. Zudem liegt in jedem IVECO-Neufahrzeug, das \u00fcber das Werk Ulm ausgeliefert wird, ein Infoblatt aus, das die zehn Regeln zusammenfasst und einen QR-Code f\u00fcr den Download der kompletten Brosch\u00fcren bietet.<\/p>\n","protected":false},"excerpt":{"rendered":"<p>Die Initiative &#8218;Hellwach mit 80 km\/h&#8216; kl\u00e4rt unter anderem mit einer Info-Brosch\u00fcre Fahrerinnen und Fahrer \u00fcber die Grundlagen der Selbstverpflichtung zur Unfallvermeidung auf. Unternehmen wie beispielsweise IVECO unterst\u00fctzen die Initiative und informieren \u00fcber Infobl\u00e4tter und Brosch\u00fcren Berufskraftfahrerinnen und Berufskraftfahrer. <span class=\"excerpt-more__dots\">&#8230;<\/span> <a class=\"excerpt-more__link\" href=\"https:\/\/www.krafthand.de\/truck\/artikel\/iveco-engagiert-sich-fuer-die-initiative-hellwach-mit-80-km-h-31175\/\" >weiter<\/a><\/p>\n","protected":false},"author":9,"featured_media":31177,"comment_status":"closed","ping_status":"closed","sticky":false,"template":"","format":"standard","meta":{"footnotes":""},"categories":[4225,4245],"tags":[5055,5054,5053,29,5056,1125],"settings":[4766,3523],"class_list":["post-31175","post","type-post","status-publish","format-standard","has-post-thumbnail","hentry","category-ssistenzsysteme","category-verbaende","tag-auffahrunfall","tag-dieter-schaefer","tag-hellwach-mit-80","tag-iveco","tag-max-achtzig","tag-verkehrssicherheit"],"yoast_head":"<!-- This site is optimized with the Yoast SEO plugin v27.3 - https:\/\/yoast.com\/product\/yoast-seo-wordpress\/ -->\n<title>&#039;Hellwach mit 80 km\/h&#039;: Aufkl\u00e4rung in Sachen Unfallvermeidung bei Lkw<\/title>\n<meta name=\"description\" content=\"Die Initiative &#039;Hellwach mit 80 km\/h&#039; kl\u00e4rt unter anderem mit einer Info-Brosch\u00fcre Fahrerinnen und Fahrer \u00fcber die Grundlagen der Selbstverpflichtung zur Unfallvermeidung auf. Unternehmen wie beispielsweise IVECO unterst\u00fctzen die Initiative und informieren \u00fcber Infobl\u00e4tter und Brosch\u00fcren Berufskraftfahrerinnen und Berufskraftfahrer.\" \/>\n<meta name=\"robots\" content=\"index, follow, max-snippet:-1, max-image-preview:large, max-video-preview:-1\" \/>\n<link rel=\"canonical\" href=\"https:\/\/www.krafthand.de\/truck\/artikel\/iveco-engagiert-sich-fuer-die-initiative-hellwach-mit-80-km-h-31175\/\" \/>\n<meta property=\"og:locale\" content=\"de_DE\" \/>\n<meta property=\"og:type\" content=\"article\" \/>\n<meta property=\"og:title\" content=\"&#039;Hellwach mit 80 km\/h&#039;: Aufkl\u00e4rung in Sachen Unfallvermeidung bei Lkw\" \/>\n<meta property=\"og:description\" content=\"Die Initiative &#039;Hellwach mit 80 km\/h&#039; kl\u00e4rt unter anderem mit einer Info-Brosch\u00fcre Fahrerinnen und Fahrer \u00fcber die Grundlagen der Selbstverpflichtung zur Unfallvermeidung auf. Unternehmen wie beispielsweise IVECO unterst\u00fctzen die Initiative und informieren \u00fcber Infobl\u00e4tter und Brosch\u00fcren Berufskraftfahrerinnen und Berufskraftfahrer.\" \/>\n<meta property=\"og:url\" content=\"https:\/\/www.krafthand-truck.de\/artikel\/iveco-engagiert-sich-fuer-die-initiative-hellwach-mit-80-km-h-31175\/\" \/>\n<meta property=\"og:site_name\" content=\"Krafthand-Truck\" \/>\n<meta property=\"article:published_time\" content=\"2022-02-16T11:35:08+00:00\" \/>\n<meta property=\"article:modified_time\" content=\"2022-02-16T16:21:44+00:00\" \/>\n<meta property=\"og:image\" content=\"https:\/\/static.krafthand-truck.de\/uploads\/2022\/02\/Initiative_Hellwach_mit_80_Krafthand_Truck.jpg\" \/>\n\t<meta property=\"og:image:width\" content=\"1200\" \/>\n\t<meta property=\"og:image:height\" content=\"434\" \/>\n\t<meta property=\"og:image:type\" content=\"image\/jpeg\" \/>\n<meta name=\"author\" content=\"georg.blenk@krafthand-medien.de\" \/>\n<meta name=\"twitter:card\" content=\"summary_large_image\" \/>\n<meta name=\"twitter:label1\" content=\"Verfasst von\" \/>\n\t<meta name=\"twitter:data1\" content=\"georg.blenk@krafthand-medien.de\" \/>\n\t<meta name=\"twitter:label2\" content=\"Gesch\u00e4tzte Lesezeit\" \/>\n\t<meta name=\"twitter:data2\" content=\"2\u00a0Minuten\" \/>\n<script type=\"application\/ld+json\" class=\"yoast-schema-graph\">{\"@context\":\"https:\\\/\\\/schema.org\",\"@graph\":[{\"@type\":\"Article\",\"@id\":\"https:\\\/\\\/www.krafthand.de\\\/truck\\\/artikel\\\/iveco-engagiert-sich-fuer-die-initiative-hellwach-mit-80-km-h-31175\\\/#article\",\"isPartOf\":{\"@id\":\"https:\\\/\\\/www.krafthand.de\\\/truck\\\/artikel\\\/iveco-engagiert-sich-fuer-die-initiative-hellwach-mit-80-km-h-31175\\\/\"},\"author\":{\"name\":\"georg.blenk@krafthand-medien.de\",\"@id\":\"https:\\\/\\\/www.krafthand.de\\\/truck\\\/#\\\/schema\\\/person\\\/51fa80b1c57034c4bf63f9f988fc24ce\"},\"headline\":\"IVECO engagiert sich f\u00fcr &#8218;Hellwach mit 80 km\\\/h&#8216;\",\"datePublished\":\"2022-02-16T11:35:08+00:00\",\"dateModified\":\"2022-02-16T16:21:44+00:00\",\"mainEntityOfPage\":{\"@id\":\"https:\\\/\\\/www.krafthand.de\\\/truck\\\/artikel\\\/iveco-engagiert-sich-fuer-die-initiative-hellwach-mit-80-km-h-31175\\\/\"},\"wordCount\":426,\"image\":{\"@id\":\"https:\\\/\\\/www.krafthand.de\\\/truck\\\/artikel\\\/iveco-engagiert-sich-fuer-die-initiative-hellwach-mit-80-km-h-31175\\\/#primaryimage\"},\"thumbnailUrl\":\"https:\\\/\\\/static.krafthand-truck.de\\\/uploads\\\/2022\\\/02\\\/Initiative_Hellwach_mit_80_Krafthand_Truck.jpg\",\"keywords\":[\"Auffahrunfall\",\"Dieter Sch\u00e4fer\",\"Hellwach mit 80\",\"Iveco\",\"Max Achtzig\",\"Verkehrssicherheit\"],\"articleSection\":[\"Assistenzsysteme\",\"Verb\u00e4nde\\\/Politik\\\/Recht\"],\"inLanguage\":\"de\"},{\"@type\":\"WebPage\",\"@id\":\"https:\\\/\\\/www.krafthand.de\\\/truck\\\/artikel\\\/iveco-engagiert-sich-fuer-die-initiative-hellwach-mit-80-km-h-31175\\\/\",\"url\":\"https:\\\/\\\/www.krafthand.de\\\/truck\\\/artikel\\\/iveco-engagiert-sich-fuer-die-initiative-hellwach-mit-80-km-h-31175\\\/\",\"name\":\"'Hellwach mit 80 km\\\/h': Aufkl\u00e4rung in Sachen Unfallvermeidung bei Lkw\",\"isPartOf\":{\"@id\":\"https:\\\/\\\/www.krafthand.de\\\/truck\\\/#website\"},\"primaryImageOfPage\":{\"@id\":\"https:\\\/\\\/www.krafthand.de\\\/truck\\\/artikel\\\/iveco-engagiert-sich-fuer-die-initiative-hellwach-mit-80-km-h-31175\\\/#primaryimage\"},\"image\":{\"@id\":\"https:\\\/\\\/www.krafthand.de\\\/truck\\\/artikel\\\/iveco-engagiert-sich-fuer-die-initiative-hellwach-mit-80-km-h-31175\\\/#primaryimage\"},\"thumbnailUrl\":\"https:\\\/\\\/static.krafthand-truck.de\\\/uploads\\\/2022\\\/02\\\/Initiative_Hellwach_mit_80_Krafthand_Truck.jpg\",\"datePublished\":\"2022-02-16T11:35:08+00:00\",\"dateModified\":\"2022-02-16T16:21:44+00:00\",\"author\":{\"@id\":\"https:\\\/\\\/www.krafthand.de\\\/truck\\\/#\\\/schema\\\/person\\\/51fa80b1c57034c4bf63f9f988fc24ce\"},\"description\":\"Die Initiative 'Hellwach mit 80 km\\\/h' kl\u00e4rt unter anderem mit einer Info-Brosch\u00fcre Fahrerinnen und Fahrer \u00fcber die Grundlagen der Selbstverpflichtung zur Unfallvermeidung auf. Unternehmen wie beispielsweise IVECO unterst\u00fctzen die Initiative und informieren \u00fcber Infobl\u00e4tter und Brosch\u00fcren Berufskraftfahrerinnen und Berufskraftfahrer.\",\"breadcrumb\":{\"@id\":\"https:\\\/\\\/www.krafthand.de\\\/truck\\\/artikel\\\/iveco-engagiert-sich-fuer-die-initiative-hellwach-mit-80-km-h-31175\\\/#breadcrumb\"},\"inLanguage\":\"de\",\"potentialAction\":[{\"@type\":\"ReadAction\",\"target\":[\"https:\\\/\\\/www.krafthand.de\\\/truck\\\/artikel\\\/iveco-engagiert-sich-fuer-die-initiative-hellwach-mit-80-km-h-31175\\\/\"]}]},{\"@type\":\"ImageObject\",\"inLanguage\":\"de\",\"@id\":\"https:\\\/\\\/www.krafthand.de\\\/truck\\\/artikel\\\/iveco-engagiert-sich-fuer-die-initiative-hellwach-mit-80-km-h-31175\\\/#primaryimage\",\"url\":\"https:\\\/\\\/static.krafthand-truck.de\\\/uploads\\\/2022\\\/02\\\/Initiative_Hellwach_mit_80_Krafthand_Truck.jpg\",\"contentUrl\":\"https:\\\/\\\/static.krafthand-truck.de\\\/uploads\\\/2022\\\/02\\\/Initiative_Hellwach_mit_80_Krafthand_Truck.jpg\",\"width\":1200,\"height\":434},{\"@type\":\"BreadcrumbList\",\"@id\":\"https:\\\/\\\/www.krafthand.de\\\/truck\\\/artikel\\\/iveco-engagiert-sich-fuer-die-initiative-hellwach-mit-80-km-h-31175\\\/#breadcrumb\",\"itemListElement\":[{\"@type\":\"ListItem\",\"position\":1,\"name\":\"Krafthand-Truck\",\"item\":\"https:\\\/\\\/www.krafthand.de\\\/truck\\\/\"},{\"@type\":\"ListItem\",\"position\":2,\"name\":\"Nfz-Technik\",\"item\":\"https:\\\/\\\/www.krafthand.de\\\/truck\\\/kategorie\\\/nfz-technik\\\/\"},{\"@type\":\"ListItem\",\"position\":3,\"name\":\"Assistenzsysteme\",\"item\":\"https:\\\/\\\/www.krafthand.de\\\/truck\\\/kategorie\\\/nfz-technik\\\/ssistenzsysteme\\\/\"},{\"@type\":\"ListItem\",\"position\":4,\"name\":\"IVECO engagiert sich f\u00fcr &#8218;Hellwach mit 80 km\\\/h&#8216;\"}]},{\"@type\":\"WebSite\",\"@id\":\"https:\\\/\\\/www.krafthand.de\\\/truck\\\/#website\",\"url\":\"https:\\\/\\\/www.krafthand.de\\\/truck\\\/\",\"name\":\"Krafthand-Truck\",\"description\":\"\",\"potentialAction\":[{\"@type\":\"SearchAction\",\"target\":{\"@type\":\"EntryPoint\",\"urlTemplate\":\"https:\\\/\\\/www.krafthand.de\\\/truck\\\/?s={search_term_string}\"},\"query-input\":{\"@type\":\"PropertyValueSpecification\",\"valueRequired\":true,\"valueName\":\"search_term_string\"}}],\"inLanguage\":\"de\"},{\"@type\":\"Person\",\"@id\":\"https:\\\/\\\/www.krafthand.de\\\/truck\\\/#\\\/schema\\\/person\\\/51fa80b1c57034c4bf63f9f988fc24ce\",\"name\":\"georg.blenk@krafthand-medien.de\",\"image\":{\"@type\":\"ImageObject\",\"inLanguage\":\"de\",\"@id\":\"https:\\\/\\\/secure.gravatar.com\\\/avatar\\\/93713c30affe0aa95d3a4130e499bb1abee2eb31adbdd9ce2aa1543538490215?s=96&d=mm&r=g\",\"url\":\"https:\\\/\\\/secure.gravatar.com\\\/avatar\\\/93713c30affe0aa95d3a4130e499bb1abee2eb31adbdd9ce2aa1543538490215?s=96&d=mm&r=g\",\"contentUrl\":\"https:\\\/\\\/secure.gravatar.com\\\/avatar\\\/93713c30affe0aa95d3a4130e499bb1abee2eb31adbdd9ce2aa1543538490215?s=96&d=mm&r=g\",\"caption\":\"georg.blenk@krafthand-medien.de\"}}]}<\/script>\n<!-- \/ Yoast SEO plugin. -->","yoast_head_json":{"title":"'Hellwach mit 80 km\/h': Aufkl\u00e4rung in Sachen Unfallvermeidung bei Lkw","description":"Die Initiative 'Hellwach mit 80 km\/h' kl\u00e4rt unter anderem mit einer Info-Brosch\u00fcre Fahrerinnen und Fahrer \u00fcber die Grundlagen der Selbstverpflichtung zur Unfallvermeidung auf. Unternehmen wie beispielsweise IVECO unterst\u00fctzen die Initiative und informieren \u00fcber Infobl\u00e4tter und Brosch\u00fcren Berufskraftfahrerinnen und Berufskraftfahrer.","robots":{"index":"index","follow":"follow","max-snippet":"max-snippet:-1","max-image-preview":"max-image-preview:large","max-video-preview":"max-video-preview:-1"},"canonical":"https:\/\/www.krafthand.de\/truck\/artikel\/iveco-engagiert-sich-fuer-die-initiative-hellwach-mit-80-km-h-31175\/","og_locale":"de_DE","og_type":"article","og_title":"'Hellwach mit 80 km\/h': Aufkl\u00e4rung in Sachen Unfallvermeidung bei Lkw","og_description":"Die Initiative 'Hellwach mit 80 km\/h' kl\u00e4rt unter anderem mit einer Info-Brosch\u00fcre Fahrerinnen und Fahrer \u00fcber die Grundlagen der Selbstverpflichtung zur Unfallvermeidung auf. Unternehmen wie beispielsweise IVECO unterst\u00fctzen die Initiative und informieren \u00fcber Infobl\u00e4tter und Brosch\u00fcren Berufskraftfahrerinnen und Berufskraftfahrer.","og_url":"https:\/\/www.krafthand-truck.de\/artikel\/iveco-engagiert-sich-fuer-die-initiative-hellwach-mit-80-km-h-31175\/","og_site_name":"Krafthand-Truck","article_published_time":"2022-02-16T11:35:08+00:00","article_modified_time":"2022-02-16T16:21:44+00:00","og_image":[{"width":1200,"height":434,"url":"https:\/\/static.krafthand-truck.de\/uploads\/2022\/02\/Initiative_Hellwach_mit_80_Krafthand_Truck.jpg","type":"image\/jpeg"}],"author":"georg.blenk@krafthand-medien.de","twitter_card":"summary_large_image","twitter_misc":{"Verfasst von":"georg.blenk@krafthand-medien.de","Gesch\u00e4tzte Lesezeit":"2\u00a0Minuten"},"schema":{"@context":"https:\/\/schema.org","@graph":[{"@type":"Article","@id":"https:\/\/www.krafthand.de\/truck\/artikel\/iveco-engagiert-sich-fuer-die-initiative-hellwach-mit-80-km-h-31175\/#article","isPartOf":{"@id":"https:\/\/www.krafthand.de\/truck\/artikel\/iveco-engagiert-sich-fuer-die-initiative-hellwach-mit-80-km-h-31175\/"},"author":{"name":"georg.blenk@krafthand-medien.de","@id":"https:\/\/www.krafthand.de\/truck\/#\/schema\/person\/51fa80b1c57034c4bf63f9f988fc24ce"},"headline":"IVECO engagiert sich f\u00fcr &#8218;Hellwach mit 80 km\/h&#8216;","datePublished":"2022-02-16T11:35:08+00:00","dateModified":"2022-02-16T16:21:44+00:00","mainEntityOfPage":{"@id":"https:\/\/www.krafthand.de\/truck\/artikel\/iveco-engagiert-sich-fuer-die-initiative-hellwach-mit-80-km-h-31175\/"},"wordCount":426,"image":{"@id":"https:\/\/www.krafthand.de\/truck\/artikel\/iveco-engagiert-sich-fuer-die-initiative-hellwach-mit-80-km-h-31175\/#primaryimage"},"thumbnailUrl":"https:\/\/static.krafthand-truck.de\/uploads\/2022\/02\/Initiative_Hellwach_mit_80_Krafthand_Truck.jpg","keywords":["Auffahrunfall","Dieter Sch\u00e4fer","Hellwach mit 80","Iveco","Max Achtzig","Verkehrssicherheit"],"articleSection":["Assistenzsysteme","Verb\u00e4nde\/Politik\/Recht"],"inLanguage":"de"},{"@type":"WebPage","@id":"https:\/\/www.krafthand.de\/truck\/artikel\/iveco-engagiert-sich-fuer-die-initiative-hellwach-mit-80-km-h-31175\/","url":"https:\/\/www.krafthand.de\/truck\/artikel\/iveco-engagiert-sich-fuer-die-initiative-hellwach-mit-80-km-h-31175\/","name":"'Hellwach mit 80 km\/h': Aufkl\u00e4rung in Sachen Unfallvermeidung bei Lkw","isPartOf":{"@id":"https:\/\/www.krafthand.de\/truck\/#website"},"primaryImageOfPage":{"@id":"https:\/\/www.krafthand.de\/truck\/artikel\/iveco-engagiert-sich-fuer-die-initiative-hellwach-mit-80-km-h-31175\/#primaryimage"},"image":{"@id":"https:\/\/www.krafthand.de\/truck\/artikel\/iveco-engagiert-sich-fuer-die-initiative-hellwach-mit-80-km-h-31175\/#primaryimage"},"thumbnailUrl":"https:\/\/static.krafthand-truck.de\/uploads\/2022\/02\/Initiative_Hellwach_mit_80_Krafthand_Truck.jpg","datePublished":"2022-02-16T11:35:08+00:00","dateModified":"2022-02-16T16:21:44+00:00","author":{"@id":"https:\/\/www.krafthand.de\/truck\/#\/schema\/person\/51fa80b1c57034c4bf63f9f988fc24ce"},"description":"Die Initiative 'Hellwach mit 80 km\/h' kl\u00e4rt unter anderem mit einer Info-Brosch\u00fcre Fahrerinnen und Fahrer \u00fcber die Grundlagen der Selbstverpflichtung zur Unfallvermeidung auf. Unternehmen wie beispielsweise IVECO unterst\u00fctzen die Initiative und informieren \u00fcber Infobl\u00e4tter und Brosch\u00fcren Berufskraftfahrerinnen und Berufskraftfahrer.","breadcrumb":{"@id":"https:\/\/www.krafthand.de\/truck\/artikel\/iveco-engagiert-sich-fuer-die-initiative-hellwach-mit-80-km-h-31175\/#breadcrumb"},"inLanguage":"de","potentialAction":[{"@type":"ReadAction","target":["https:\/\/www.krafthand.de\/truck\/artikel\/iveco-engagiert-sich-fuer-die-initiative-hellwach-mit-80-km-h-31175\/"]}]},{"@type":"ImageObject","inLanguage":"de","@id":"https:\/\/www.krafthand.de\/truck\/artikel\/iveco-engagiert-sich-fuer-die-initiative-hellwach-mit-80-km-h-31175\/#primaryimage","url":"https:\/\/static.krafthand-truck.de\/uploads\/2022\/02\/Initiative_Hellwach_mit_80_Krafthand_Truck.jpg","contentUrl":"https:\/\/static.krafthand-truck.de\/uploads\/2022\/02\/Initiative_Hellwach_mit_80_Krafthand_Truck.jpg","width":1200,"height":434},{"@type":"BreadcrumbList","@id":"https:\/\/www.krafthand.de\/truck\/artikel\/iveco-engagiert-sich-fuer-die-initiative-hellwach-mit-80-km-h-31175\/#breadcrumb","itemListElement":[{"@type":"ListItem","position":1,"name":"Krafthand-Truck","item":"https:\/\/www.krafthand.de\/truck\/"},{"@type":"ListItem","position":2,"name":"Nfz-Technik","item":"https:\/\/www.krafthand.de\/truck\/kategorie\/nfz-technik\/"},{"@type":"ListItem","position":3,"name":"Assistenzsysteme","item":"https:\/\/www.krafthand.de\/truck\/kategorie\/nfz-technik\/ssistenzsysteme\/"},{"@type":"ListItem","position":4,"name":"IVECO engagiert sich f\u00fcr &#8218;Hellwach mit 80 km\/h&#8216;"}]},{"@type":"WebSite","@id":"https:\/\/www.krafthand.de\/truck\/#website","url":"https:\/\/www.krafthand.de\/truck\/","name":"Krafthand-Truck","description":"","potentialAction":[{"@type":"SearchAction","target":{"@type":"EntryPoint","urlTemplate":"https:\/\/www.krafthand.de\/truck\/?s={search_term_string}"},"query-input":{"@type":"PropertyValueSpecification","valueRequired":true,"valueName":"search_term_string"}}],"inLanguage":"de"},{"@type":"Person","@id":"https:\/\/www.krafthand.de\/truck\/#\/schema\/person\/51fa80b1c57034c4bf63f9f988fc24ce","name":"georg.blenk@krafthand-medien.de","image":{"@type":"ImageObject","inLanguage":"de","@id":"https:\/\/secure.gravatar.com\/avatar\/93713c30affe0aa95d3a4130e499bb1abee2eb31adbdd9ce2aa1543538490215?s=96&d=mm&r=g","url":"https:\/\/secure.gravatar.com\/avatar\/93713c30affe0aa95d3a4130e499bb1abee2eb31adbdd9ce2aa1543538490215?s=96&d=mm&r=g","contentUrl":"https:\/\/secure.gravatar.com\/avatar\/93713c30affe0aa95d3a4130e499bb1abee2eb31adbdd9ce2aa1543538490215?s=96&d=mm&r=g","caption":"georg.blenk@krafthand-medien.de"}}]}},"_links":{"self":[{"href":"https:\/\/www.krafthand.de\/truck\/wp-json\/wp\/v2\/posts\/31175","targetHints":{"allow":["GET"]}}],"collection":[{"href":"https:\/\/www.krafthand.de\/truck\/wp-json\/wp\/v2\/posts"}],"about":[{"href":"https:\/\/www.krafthand.de\/truck\/wp-json\/wp\/v2\/types\/post"}],"author":[{"embeddable":true,"href":"https:\/\/www.krafthand.de\/truck\/wp-json\/wp\/v2\/users\/9"}],"replies":[{"embeddable":true,"href":"https:\/\/www.krafthand.de\/truck\/wp-json\/wp\/v2\/comments?post=31175"}],"version-history":[{"count":4,"href":"https:\/\/www.krafthand.de\/truck\/wp-json\/wp\/v2\/posts\/31175\/revisions"}],"predecessor-version":[{"id":31180,"href":"https:\/\/www.krafthand.de\/truck\/wp-json\/wp\/v2\/posts\/31175\/revisions\/31180"}],"wp:featuredmedia":[{"embeddable":true,"href":"https:\/\/www.krafthand.de\/truck\/wp-json\/wp\/v2\/media\/31177"}],"wp:attachment":[{"href":"https:\/\/www.krafthand.de\/truck\/wp-json\/wp\/v2\/media?parent=31175"}],"wp:term":[{"taxonomy":"category","embeddable":true,"href":"https:\/\/www.krafthand.de\/truck\/wp-json\/wp\/v2\/categories?post=31175"},{"taxonomy":"post_tag","embeddable":true,"href":"https:\/\/www.krafthand.de\/truck\/wp-json\/wp\/v2\/tags?post=31175"},{"taxonomy":"settings","embeddable":true,"href":"https:\/\/www.krafthand.de\/truck\/wp-json\/wp\/v2\/settings?post=31175"}],"curies":[{"name":"wp","href":"https:\/\/api.w.org\/{rel}","templated":true}]}}