{"id":31156,"date":"2022-02-15T10:08:04","date_gmt":"2022-02-15T09:08:04","guid":{"rendered":"https:\/\/www.krafthand.de\/truck\/?p=31156"},"modified":"2022-02-25T11:05:19","modified_gmt":"2022-02-25T10:05:19","slug":"hasenkamp-les-der-transport-von-sensiblen-kunstgegenstaenden","status":"publish","type":"post","link":"https:\/\/www.krafthand.de\/truck\/artikel\/hasenkamp-les-der-transport-von-sensiblen-kunstgegenstaenden-31156\/","title":{"rendered":"Hasenkamp-LES: Der Transport von sensiblen Kunstgegenst\u00e4nden"},"content":{"rendered":"<p>Stefan Velte leitet die Abteilung Logistics &amp; Engineering Solutions bei der Spedition Hasenkamp. Das Unternehmen mit Sitz in K\u00f6ln-Frechen hat sich auf den Transport und Lagerung von sensiblen G\u00fctern spezialisiert. Bis Ende des Jahres 2021 stand Velte der sogenannten <strong>Kunstinspektion<\/strong> bei Hasenkamp als Abteilungsleiter vor. Mit Jahresbeginn firmiert diese nun unter der Bezeichnung <strong>Logistics &amp; Engineering Solutions<\/strong> \u2013 kurz LES. Das klingt international und sehr technisch. Und genau das soll es. In den vielen Jahren des Bestehens der Abteilung f\u00fcr besondere logistische Herausforderungen sind die Anforderungen an das rund zehnk\u00f6pfige Team stetig gestiegen. Die neue englische Bezeichnung soll das nun namentlich besser abbilden \u2013 auch, um der immer st\u00e4rker werdenden Internationalisierung gerecht zu werden.<\/p>\n<p>Die Kunstinspektion ist laut <a href=\"https:\/\/hasenkamp.com\/de\/\" target=\"_blank\" rel=\"noopener\">Hasenkamp<\/a> eine Institution im deutschsprachigen Kunstmarkt. Jeder, der mit Kunst- und Kulturg\u00fctern oder sehr wertvollen und sensiblen Transportg\u00fctern arbeitet, hat wenigstens schon den Namen des Unternehmens geh\u00f6rt. Diejenigen, mit besonders komplizierten Aufgabenstellungen, seien es sehr alte, \u00e4u\u00dferst wertvolle, gro\u00dfe oder besonders schwere Objekte, wenden sich an Stefan Velte, dem Leiter der Abteilung.<\/p>\n<h4>Warum haben Sie den Namen Kunstinspektion ge\u00e4ndert?<\/h4>\n<p>Der Name Kunstinspektion hat sicherlich bereits etwas von einem Mythos in der Museums- und Kunstszene. Ein Mythos ist allerdings auch, dass wir nicht nur Kunstobjekte oder Kulturg\u00fcter sicher verpacken und an ihren Bestimmungsort bewegen. Unsere Aufgabenstellung ist h\u00e4ufig viel breiter: Wir planen, beraten und setzen jegliche Art au\u00dfergew\u00f6hnlicher logistischer Projekte in die Tat um. Allen gemein ist: Sie sind so speziell, dass es f\u00fcr sie keine Blaupausen gibt. In der Regel entwickeln wir f\u00fcr solche Transporte individuelle Verpackungen, die die Exponate sch\u00fctzen und transportabel machen. Wir setzen Werkzeuge und Kr\u00e4ne ein, die oftmals Eigenentwicklungen sind \u2013 basierend auf unserer langj\u00e4hrigen Erfahrung.<\/p>\n<h4>Sie sind also nicht nur in der Kunstwelt zuhause. Worauf legen Sie noch Schwerpunkte?<\/h4>\n<p>Wir sind unter anderem bei Routen- und Geb\u00e4udeplanungen beratend t\u00e4tig. Oftmals ist unsere Routine f\u00fcr Bereiche gefragt, an denen gro\u00dfvolumige und schwergewichtige G\u00fcter an- und abtransportiert werden: Beispielsweise bei der Planung von Museumsneubauten, Krankenh\u00e4usern oder Rechenzentren, bei Aufz\u00fcgen, Treppenh\u00e4usern, Rampen sowie bei Geb\u00e4udezug\u00e4ngen. Und das eben vermehrt auch rund um den Globus, weshalb wir den Begriff Kunstinspektor nicht mehr passend fanden und neuerdings unser Team und unsere Leistungen als Abteilung f\u00fcr Logisitics &amp; Engineering Solutions weltweit vermarkten.<\/p>\n<figure id=\"attachment_31165\" aria-describedby=\"caption-attachment-31165\" style=\"width: 420px\" class=\"wp-caption alignleft\"><a href=\"https:\/\/static.krafthand-truck.de\/uploads\/2022\/02\/LES_Grafik_Logistik_Hasenkamp.jpg\" target=\"_blank\" rel=\"noopener\"><img fetchpriority=\"high\" decoding=\"async\" class=\"wp-image-31165\" src=\"https:\/\/static.krafthand-truck.de\/uploads\/2022\/02\/LES_Grafik_Logistik_Hasenkamp-300x212.jpg\" alt=\"\" width=\"420\" height=\"297\" srcset=\"https:\/\/static.krafthand-truck.de\/uploads\/2022\/02\/LES_Grafik_Logistik_Hasenkamp-300x212.jpg 300w, https:\/\/static.krafthand-truck.de\/uploads\/2022\/02\/LES_Grafik_Logistik_Hasenkamp-1024x724.jpg 1024w, https:\/\/static.krafthand-truck.de\/uploads\/2022\/02\/LES_Grafik_Logistik_Hasenkamp-768x543.jpg 768w, https:\/\/static.krafthand-truck.de\/uploads\/2022\/02\/LES_Grafik_Logistik_Hasenkamp.jpg 1200w\" sizes=\"(max-width: 420px) 100vw, 420px\" \/><\/a><figcaption id=\"caption-attachment-31165\" class=\"wp-caption-text\">Die Hasenkamp-Abteilung Logistics &amp; Engineering Solutions \u00fcbernimmt vielf\u00e4ltige Aufgaben.<\/figcaption><\/figure>\n<h4>Was macht Ihre Abteilung einzigartig in der Logistikbranche?<\/h4>\n<p>Das Besondere an unsere Abteilung Logistics &amp; Engingeering Solutions ist sicherlich die F\u00e4higkeit unserer Mitarbeiter, ihre technischen Fertigkeiten mit der Freude am Probleml\u00f6sen zu kombinieren. Ich denke, dass vor allem diese mentale Einstellung uns auszeichnet. Wir arbeiten in dem Wissen, dass wir zufriedenstellende L\u00f6sungen f\u00fcr unsere Kunden finden \u2013 und wir wollen immer die beste, sicherste und effizienteste L\u00f6sung erarbeiten. So gesehen sind wir eine Art Spezialkommando, das gerufen wird, wenn L\u00f6sungen f\u00fcr komplexe logistische Anforderungen gefordert sind. Dazu sind wir weltweit im Einsatz und verf\u00fcgen innerhalb der Hasenkamp Group \u00fcber mehr als 40 Standorte in Europa sowie Ost- und S\u00fcdwestasien.<\/p>\n<h4>Welche F\u00e4higkeiten muss man mitbringen, um diesen Job zu machen?<\/h4>\n<p>Neben einer hohen Flexibilit\u00e4t im Denken sind vor allem bei den Transporten Fingerspitzengef\u00fchl, Ruhe und Ausgeglichenheit gefragt. Oft wird jeder Handgriff von umstehenden Menschen verfolgt. Da muss man schon sicher und routiniert auftreten und darf sich auch in stressigen Situationen nicht ablenken lassen. Ansonsten w\u00fcnsche ich mir, dass meine Mitarbeiter wie Schweizer Taschenmesser sind: Wir brauchen kaufm\u00e4nnisches Verst\u00e4ndnis, ein hohes handwerkliches Geschick, eine starke Kooperations- und Teamf\u00e4higkeit sowie diplomatisches Gesp\u00fcr im Umgang mit Auftraggebern und Projektbeteiligten.<\/p>\n<h4>K\u00f6nnen Sie Beispiele f\u00fcr Arbeiten Ihrer Abteilung nennen?<\/h4>\n<p>Eines meiner Lieblingsst\u00fccke, weil wir es immer wieder einmal bei seinen Reisen begleiten d\u00fcrfen, ist die Himmelsscheibe von Nebra. Sie ist f\u00fcr mich so herausragend wertvoll wie sch\u00f6n, weil sie mit ihren sch\u00e4tzungsweise 3600 Jahren das \u00e4lteste Zeugnis vom astronomischen Wissen unserer Vorfahren ist.<br \/>\nWo wir \u00fcber Himmel und Sterne sprechen, schlie\u00dfe ich gern mit einem weiteren au\u00dfergew\u00f6hnlichen Projekt an, dem Alpha Magnetic Spectrometer (AMS-02). Das ist kurz gesagt ein zwei Milliarden Euro teures wissenschaftliches Experiment, das auf seinem Weg zur Internationalen Raumstation (ISS) von der Firma Hasenkamp per Spezialtransport quer durch Europa gefahren wurde. Vom Cern bei Genf, \u00fcber Aachen nach Nordwijk in den Niederlanden und wieder zur\u00fcck nach Genf, bevor es per Flugzeug nach Cape Canaveral gebracht wurde, um an Bord eines Space Shuttles den Zielort ISS zu erreichen. Die Reise in die USA bis zur <a href=\"https:\/\/www.nasa.gov\/\" target=\"_blank\" rel=\"noopener\">NASA<\/a> in Florida hat unser Team federf\u00fchrend geplant und umgesetzt. Wir sind sehr stolz darauf, einen wichtigen Beitrag zum Gelingen dieser Mission beigetragen zu haben.<br \/>\nVor eine ganz besonders schwergewichtige Herausforderung hat uns ein anderes technisches Meisterwerk gestellt \u2013 diesmal eines aus dem Mittelalter. Mit einer H\u00f6he von je 4,72 Metern und einem Gewicht von etwa 1,85 Tonnen pro Fl\u00fcgel sind die bronzenen Bernwardt\u00fcren des Hildesheimer Doms die gr\u00f6\u00dften ihrer Epoche und, einzigartig um das Jahr 1015, aus einem Guss hergestellt.<br \/>\nNeben dem Transport solcher technischen, k\u00fcnstlerisch wertvollen oder geschichtlich bedeutenden Objekte treffen wir aber auch auf ganz s\u00e4kulare und manchmal auch kuriose Aufgaben. Zum Beispiel der Fall, eines K\u00fcnstlers, der in seinem Atelier ein derma\u00dfen raumgreifendes Gem\u00e4lde erstellt hat, dass es weder zur T\u00fcr noch zum Fenster hinausgebracht werden konnte. Kurzerhand haben wir einen Plan entwickelt, der beinhaltete, dass wir das Dach des Hauses anhoben, das Bild herausnahmen und anschlie\u00dfend das Dach \u00fcber dem Atelier wieder absenkten. Sie sehen, geht nicht, gibt es bei uns nicht.<\/p>\n","protected":false},"excerpt":{"rendered":"<p>Stefan Velte leitet die Abteilung Logistics &amp; Engineering Solutions bei der Spedition Hasenkamp. Das Unternehmen mit Sitz in K\u00f6ln-Frechen hat sich auf den Transport und Lagerung von sensiblen G\u00fctern spezialisiert. Bis Ende des Jahres 2021 stand Velte der sogenannten Kunstinspektion bei Hasenkamp als Abteilungsleiter vor. Mit Jahresbeginn firmiert diese nun unter der Bezeichnung Logistics &amp; <span class=\"excerpt-more__dots\">&#8230;<\/span> <a class=\"excerpt-more__link\" href=\"https:\/\/www.krafthand.de\/truck\/artikel\/hasenkamp-les-der-transport-von-sensiblen-kunstgegenstaenden-31156\/\" >weiter<\/a><\/p>\n","protected":false},"author":9,"featured_media":31160,"comment_status":"closed","ping_status":"closed","sticky":false,"template":"","format":"standard","meta":{"footnotes":""},"categories":[4238,4256,4235],"tags":[5049,5051,406,5050,5052],"settings":[],"class_list":["post-31156","post","type-post","status-publish","format-standard","has-post-thumbnail","hentry","category-koepfe","category-sicherheit-arbeitsschutz","category-unternehmen","tag-hasenkamp","tag-kunsttransport","tag-ladungssicherung","tag-spezialtransport","tag-stefan-velte"],"yoast_head":"<!-- This site is optimized with the Yoast SEO plugin v27.3 - https:\/\/yoast.com\/product\/yoast-seo-wordpress\/ -->\n<title>Spezialtransporte: Stefan Velte leitet Abteilung LES bei Hasenkamp<\/title>\n<meta name=\"description\" content=\"Stefan Velte leitet die Abteilung Logistics &amp; Engineering Solutions bei der Spedition Hasenkamp. Das Unternehmen mit Sitz in K\u00f6ln-Frechen hat sich auf den Transport und Lagerung von sensiblen G\u00fctern spezialisiert. Bis Ende des Jahres 2021 stand Velte der sogenannten Kunstinspektion bei Hasenkamp als Abteilungsleiter vor. Mit Jahresbeginn firmiert diese nun unter der Bezeichnung Logistics &amp; Engineering Solutions \u2013 kurz LES.\" \/>\n<meta name=\"robots\" content=\"index, follow, max-snippet:-1, max-image-preview:large, max-video-preview:-1\" \/>\n<link rel=\"canonical\" href=\"https:\/\/www.krafthand.de\/truck\/artikel\/hasenkamp-les-der-transport-von-sensiblen-kunstgegenstaenden-31156\/\" \/>\n<meta property=\"og:locale\" content=\"de_DE\" \/>\n<meta property=\"og:type\" content=\"article\" \/>\n<meta property=\"og:title\" content=\"Spezialtransporte: Stefan Velte leitet Abteilung LES bei Hasenkamp\" \/>\n<meta property=\"og:description\" content=\"Stefan Velte leitet die Abteilung Logistics &amp; Engineering Solutions bei der Spedition Hasenkamp. Das Unternehmen mit Sitz in K\u00f6ln-Frechen hat sich auf den Transport und Lagerung von sensiblen G\u00fctern spezialisiert. Bis Ende des Jahres 2021 stand Velte der sogenannten Kunstinspektion bei Hasenkamp als Abteilungsleiter vor. Mit Jahresbeginn firmiert diese nun unter der Bezeichnung Logistics &amp; Engineering Solutions \u2013 kurz LES.\" \/>\n<meta property=\"og:url\" content=\"https:\/\/www.krafthand-truck.de\/artikel\/hasenkamp-les-der-transport-von-sensiblen-kunstgegenstaenden-31156\/\" \/>\n<meta property=\"og:site_name\" content=\"Krafthand-Truck\" \/>\n<meta property=\"article:published_time\" content=\"2022-02-15T09:08:04+00:00\" \/>\n<meta property=\"article:modified_time\" content=\"2022-02-25T10:05:19+00:00\" \/>\n<meta property=\"og:image\" content=\"https:\/\/static.krafthand-truck.de\/uploads\/2022\/02\/Stefan-Velte_LES-hasenkamp.jpg\" \/>\n\t<meta property=\"og:image:width\" content=\"1200\" \/>\n\t<meta property=\"og:image:height\" content=\"911\" \/>\n\t<meta property=\"og:image:type\" content=\"image\/jpeg\" \/>\n<meta name=\"author\" content=\"georg.blenk@krafthand-medien.de\" \/>\n<meta name=\"twitter:card\" content=\"summary_large_image\" \/>\n<meta name=\"twitter:label1\" content=\"Verfasst von\" \/>\n\t<meta name=\"twitter:data1\" content=\"georg.blenk@krafthand-medien.de\" \/>\n\t<meta name=\"twitter:label2\" content=\"Gesch\u00e4tzte Lesezeit\" \/>\n\t<meta name=\"twitter:data2\" content=\"5\u00a0Minuten\" \/>\n<script type=\"application\/ld+json\" class=\"yoast-schema-graph\">{\"@context\":\"https:\\\/\\\/schema.org\",\"@graph\":[{\"@type\":\"Article\",\"@id\":\"https:\\\/\\\/www.krafthand.de\\\/truck\\\/artikel\\\/hasenkamp-les-der-transport-von-sensiblen-kunstgegenstaenden-31156\\\/#article\",\"isPartOf\":{\"@id\":\"https:\\\/\\\/www.krafthand.de\\\/truck\\\/artikel\\\/hasenkamp-les-der-transport-von-sensiblen-kunstgegenstaenden-31156\\\/\"},\"author\":{\"name\":\"georg.blenk@krafthand-medien.de\",\"@id\":\"https:\\\/\\\/www.krafthand.de\\\/truck\\\/#\\\/schema\\\/person\\\/51fa80b1c57034c4bf63f9f988fc24ce\"},\"headline\":\"Hasenkamp-LES: Der Transport von sensiblen Kunstgegenst\u00e4nden\",\"datePublished\":\"2022-02-15T09:08:04+00:00\",\"dateModified\":\"2022-02-25T10:05:19+00:00\",\"mainEntityOfPage\":{\"@id\":\"https:\\\/\\\/www.krafthand.de\\\/truck\\\/artikel\\\/hasenkamp-les-der-transport-von-sensiblen-kunstgegenstaenden-31156\\\/\"},\"wordCount\":961,\"image\":{\"@id\":\"https:\\\/\\\/www.krafthand.de\\\/truck\\\/artikel\\\/hasenkamp-les-der-transport-von-sensiblen-kunstgegenstaenden-31156\\\/#primaryimage\"},\"thumbnailUrl\":\"https:\\\/\\\/static.krafthand-truck.de\\\/uploads\\\/2022\\\/02\\\/Stefan-Velte_LES-hasenkamp.jpg\",\"keywords\":[\"Hasenkamp\",\"Kunsttransport\",\"Ladungssicherung\",\"Spezialtransport\",\"Stefan Velte\"],\"articleSection\":[\"K\u00f6pfe\\\/Personen\",\"Sicherheit\\\/Arbeitsschutz\",\"Unternehmen\"],\"inLanguage\":\"de\"},{\"@type\":\"WebPage\",\"@id\":\"https:\\\/\\\/www.krafthand.de\\\/truck\\\/artikel\\\/hasenkamp-les-der-transport-von-sensiblen-kunstgegenstaenden-31156\\\/\",\"url\":\"https:\\\/\\\/www.krafthand.de\\\/truck\\\/artikel\\\/hasenkamp-les-der-transport-von-sensiblen-kunstgegenstaenden-31156\\\/\",\"name\":\"Spezialtransporte: Stefan Velte leitet Abteilung LES bei Hasenkamp\",\"isPartOf\":{\"@id\":\"https:\\\/\\\/www.krafthand.de\\\/truck\\\/#website\"},\"primaryImageOfPage\":{\"@id\":\"https:\\\/\\\/www.krafthand.de\\\/truck\\\/artikel\\\/hasenkamp-les-der-transport-von-sensiblen-kunstgegenstaenden-31156\\\/#primaryimage\"},\"image\":{\"@id\":\"https:\\\/\\\/www.krafthand.de\\\/truck\\\/artikel\\\/hasenkamp-les-der-transport-von-sensiblen-kunstgegenstaenden-31156\\\/#primaryimage\"},\"thumbnailUrl\":\"https:\\\/\\\/static.krafthand-truck.de\\\/uploads\\\/2022\\\/02\\\/Stefan-Velte_LES-hasenkamp.jpg\",\"datePublished\":\"2022-02-15T09:08:04+00:00\",\"dateModified\":\"2022-02-25T10:05:19+00:00\",\"author\":{\"@id\":\"https:\\\/\\\/www.krafthand.de\\\/truck\\\/#\\\/schema\\\/person\\\/51fa80b1c57034c4bf63f9f988fc24ce\"},\"description\":\"Stefan Velte leitet die Abteilung Logistics & Engineering Solutions bei der Spedition Hasenkamp. Das Unternehmen mit Sitz in K\u00f6ln-Frechen hat sich auf den Transport und Lagerung von sensiblen G\u00fctern spezialisiert. Bis Ende des Jahres 2021 stand Velte der sogenannten Kunstinspektion bei Hasenkamp als Abteilungsleiter vor. Mit Jahresbeginn firmiert diese nun unter der Bezeichnung Logistics & Engineering Solutions \u2013 kurz LES.\",\"breadcrumb\":{\"@id\":\"https:\\\/\\\/www.krafthand.de\\\/truck\\\/artikel\\\/hasenkamp-les-der-transport-von-sensiblen-kunstgegenstaenden-31156\\\/#breadcrumb\"},\"inLanguage\":\"de\",\"potentialAction\":[{\"@type\":\"ReadAction\",\"target\":[\"https:\\\/\\\/www.krafthand.de\\\/truck\\\/artikel\\\/hasenkamp-les-der-transport-von-sensiblen-kunstgegenstaenden-31156\\\/\"]}]},{\"@type\":\"ImageObject\",\"inLanguage\":\"de\",\"@id\":\"https:\\\/\\\/www.krafthand.de\\\/truck\\\/artikel\\\/hasenkamp-les-der-transport-von-sensiblen-kunstgegenstaenden-31156\\\/#primaryimage\",\"url\":\"https:\\\/\\\/static.krafthand-truck.de\\\/uploads\\\/2022\\\/02\\\/Stefan-Velte_LES-hasenkamp.jpg\",\"contentUrl\":\"https:\\\/\\\/static.krafthand-truck.de\\\/uploads\\\/2022\\\/02\\\/Stefan-Velte_LES-hasenkamp.jpg\",\"width\":1200,\"height\":911},{\"@type\":\"BreadcrumbList\",\"@id\":\"https:\\\/\\\/www.krafthand.de\\\/truck\\\/artikel\\\/hasenkamp-les-der-transport-von-sensiblen-kunstgegenstaenden-31156\\\/#breadcrumb\",\"itemListElement\":[{\"@type\":\"ListItem\",\"position\":1,\"name\":\"Krafthand-Truck\",\"item\":\"https:\\\/\\\/www.krafthand.de\\\/truck\\\/\"},{\"@type\":\"ListItem\",\"position\":2,\"name\":\"Nfz-Branche\",\"item\":\"https:\\\/\\\/www.krafthand.de\\\/truck\\\/kategorie\\\/branche\\\/\"},{\"@type\":\"ListItem\",\"position\":3,\"name\":\"K\u00f6pfe\\\/Personen\",\"item\":\"https:\\\/\\\/www.krafthand.de\\\/truck\\\/kategorie\\\/branche\\\/koepfe\\\/\"},{\"@type\":\"ListItem\",\"position\":4,\"name\":\"Hasenkamp-LES: Der Transport von sensiblen Kunstgegenst\u00e4nden\"}]},{\"@type\":\"WebSite\",\"@id\":\"https:\\\/\\\/www.krafthand.de\\\/truck\\\/#website\",\"url\":\"https:\\\/\\\/www.krafthand.de\\\/truck\\\/\",\"name\":\"Krafthand-Truck\",\"description\":\"\",\"potentialAction\":[{\"@type\":\"SearchAction\",\"target\":{\"@type\":\"EntryPoint\",\"urlTemplate\":\"https:\\\/\\\/www.krafthand.de\\\/truck\\\/?s={search_term_string}\"},\"query-input\":{\"@type\":\"PropertyValueSpecification\",\"valueRequired\":true,\"valueName\":\"search_term_string\"}}],\"inLanguage\":\"de\"},{\"@type\":\"Person\",\"@id\":\"https:\\\/\\\/www.krafthand.de\\\/truck\\\/#\\\/schema\\\/person\\\/51fa80b1c57034c4bf63f9f988fc24ce\",\"name\":\"georg.blenk@krafthand-medien.de\",\"image\":{\"@type\":\"ImageObject\",\"inLanguage\":\"de\",\"@id\":\"https:\\\/\\\/secure.gravatar.com\\\/avatar\\\/93713c30affe0aa95d3a4130e499bb1abee2eb31adbdd9ce2aa1543538490215?s=96&d=mm&r=g\",\"url\":\"https:\\\/\\\/secure.gravatar.com\\\/avatar\\\/93713c30affe0aa95d3a4130e499bb1abee2eb31adbdd9ce2aa1543538490215?s=96&d=mm&r=g\",\"contentUrl\":\"https:\\\/\\\/secure.gravatar.com\\\/avatar\\\/93713c30affe0aa95d3a4130e499bb1abee2eb31adbdd9ce2aa1543538490215?s=96&d=mm&r=g\",\"caption\":\"georg.blenk@krafthand-medien.de\"}}]}<\/script>\n<!-- \/ Yoast SEO plugin. -->","yoast_head_json":{"title":"Spezialtransporte: Stefan Velte leitet Abteilung LES bei Hasenkamp","description":"Stefan Velte leitet die Abteilung Logistics & Engineering Solutions bei der Spedition Hasenkamp. Das Unternehmen mit Sitz in K\u00f6ln-Frechen hat sich auf den Transport und Lagerung von sensiblen G\u00fctern spezialisiert. Bis Ende des Jahres 2021 stand Velte der sogenannten Kunstinspektion bei Hasenkamp als Abteilungsleiter vor. Mit Jahresbeginn firmiert diese nun unter der Bezeichnung Logistics & Engineering Solutions \u2013 kurz LES.","robots":{"index":"index","follow":"follow","max-snippet":"max-snippet:-1","max-image-preview":"max-image-preview:large","max-video-preview":"max-video-preview:-1"},"canonical":"https:\/\/www.krafthand.de\/truck\/artikel\/hasenkamp-les-der-transport-von-sensiblen-kunstgegenstaenden-31156\/","og_locale":"de_DE","og_type":"article","og_title":"Spezialtransporte: Stefan Velte leitet Abteilung LES bei Hasenkamp","og_description":"Stefan Velte leitet die Abteilung Logistics & Engineering Solutions bei der Spedition Hasenkamp. Das Unternehmen mit Sitz in K\u00f6ln-Frechen hat sich auf den Transport und Lagerung von sensiblen G\u00fctern spezialisiert. Bis Ende des Jahres 2021 stand Velte der sogenannten Kunstinspektion bei Hasenkamp als Abteilungsleiter vor. Mit Jahresbeginn firmiert diese nun unter der Bezeichnung Logistics & Engineering Solutions \u2013 kurz LES.","og_url":"https:\/\/www.krafthand-truck.de\/artikel\/hasenkamp-les-der-transport-von-sensiblen-kunstgegenstaenden-31156\/","og_site_name":"Krafthand-Truck","article_published_time":"2022-02-15T09:08:04+00:00","article_modified_time":"2022-02-25T10:05:19+00:00","og_image":[{"width":1200,"height":911,"url":"https:\/\/static.krafthand-truck.de\/uploads\/2022\/02\/Stefan-Velte_LES-hasenkamp.jpg","type":"image\/jpeg"}],"author":"georg.blenk@krafthand-medien.de","twitter_card":"summary_large_image","twitter_misc":{"Verfasst von":"georg.blenk@krafthand-medien.de","Gesch\u00e4tzte Lesezeit":"5\u00a0Minuten"},"schema":{"@context":"https:\/\/schema.org","@graph":[{"@type":"Article","@id":"https:\/\/www.krafthand.de\/truck\/artikel\/hasenkamp-les-der-transport-von-sensiblen-kunstgegenstaenden-31156\/#article","isPartOf":{"@id":"https:\/\/www.krafthand.de\/truck\/artikel\/hasenkamp-les-der-transport-von-sensiblen-kunstgegenstaenden-31156\/"},"author":{"name":"georg.blenk@krafthand-medien.de","@id":"https:\/\/www.krafthand.de\/truck\/#\/schema\/person\/51fa80b1c57034c4bf63f9f988fc24ce"},"headline":"Hasenkamp-LES: Der Transport von sensiblen Kunstgegenst\u00e4nden","datePublished":"2022-02-15T09:08:04+00:00","dateModified":"2022-02-25T10:05:19+00:00","mainEntityOfPage":{"@id":"https:\/\/www.krafthand.de\/truck\/artikel\/hasenkamp-les-der-transport-von-sensiblen-kunstgegenstaenden-31156\/"},"wordCount":961,"image":{"@id":"https:\/\/www.krafthand.de\/truck\/artikel\/hasenkamp-les-der-transport-von-sensiblen-kunstgegenstaenden-31156\/#primaryimage"},"thumbnailUrl":"https:\/\/static.krafthand-truck.de\/uploads\/2022\/02\/Stefan-Velte_LES-hasenkamp.jpg","keywords":["Hasenkamp","Kunsttransport","Ladungssicherung","Spezialtransport","Stefan Velte"],"articleSection":["K\u00f6pfe\/Personen","Sicherheit\/Arbeitsschutz","Unternehmen"],"inLanguage":"de"},{"@type":"WebPage","@id":"https:\/\/www.krafthand.de\/truck\/artikel\/hasenkamp-les-der-transport-von-sensiblen-kunstgegenstaenden-31156\/","url":"https:\/\/www.krafthand.de\/truck\/artikel\/hasenkamp-les-der-transport-von-sensiblen-kunstgegenstaenden-31156\/","name":"Spezialtransporte: Stefan Velte leitet Abteilung LES bei Hasenkamp","isPartOf":{"@id":"https:\/\/www.krafthand.de\/truck\/#website"},"primaryImageOfPage":{"@id":"https:\/\/www.krafthand.de\/truck\/artikel\/hasenkamp-les-der-transport-von-sensiblen-kunstgegenstaenden-31156\/#primaryimage"},"image":{"@id":"https:\/\/www.krafthand.de\/truck\/artikel\/hasenkamp-les-der-transport-von-sensiblen-kunstgegenstaenden-31156\/#primaryimage"},"thumbnailUrl":"https:\/\/static.krafthand-truck.de\/uploads\/2022\/02\/Stefan-Velte_LES-hasenkamp.jpg","datePublished":"2022-02-15T09:08:04+00:00","dateModified":"2022-02-25T10:05:19+00:00","author":{"@id":"https:\/\/www.krafthand.de\/truck\/#\/schema\/person\/51fa80b1c57034c4bf63f9f988fc24ce"},"description":"Stefan Velte leitet die Abteilung Logistics & Engineering Solutions bei der Spedition Hasenkamp. Das Unternehmen mit Sitz in K\u00f6ln-Frechen hat sich auf den Transport und Lagerung von sensiblen G\u00fctern spezialisiert. Bis Ende des Jahres 2021 stand Velte der sogenannten Kunstinspektion bei Hasenkamp als Abteilungsleiter vor. Mit Jahresbeginn firmiert diese nun unter der Bezeichnung Logistics & Engineering Solutions \u2013 kurz LES.","breadcrumb":{"@id":"https:\/\/www.krafthand.de\/truck\/artikel\/hasenkamp-les-der-transport-von-sensiblen-kunstgegenstaenden-31156\/#breadcrumb"},"inLanguage":"de","potentialAction":[{"@type":"ReadAction","target":["https:\/\/www.krafthand.de\/truck\/artikel\/hasenkamp-les-der-transport-von-sensiblen-kunstgegenstaenden-31156\/"]}]},{"@type":"ImageObject","inLanguage":"de","@id":"https:\/\/www.krafthand.de\/truck\/artikel\/hasenkamp-les-der-transport-von-sensiblen-kunstgegenstaenden-31156\/#primaryimage","url":"https:\/\/static.krafthand-truck.de\/uploads\/2022\/02\/Stefan-Velte_LES-hasenkamp.jpg","contentUrl":"https:\/\/static.krafthand-truck.de\/uploads\/2022\/02\/Stefan-Velte_LES-hasenkamp.jpg","width":1200,"height":911},{"@type":"BreadcrumbList","@id":"https:\/\/www.krafthand.de\/truck\/artikel\/hasenkamp-les-der-transport-von-sensiblen-kunstgegenstaenden-31156\/#breadcrumb","itemListElement":[{"@type":"ListItem","position":1,"name":"Krafthand-Truck","item":"https:\/\/www.krafthand.de\/truck\/"},{"@type":"ListItem","position":2,"name":"Nfz-Branche","item":"https:\/\/www.krafthand.de\/truck\/kategorie\/branche\/"},{"@type":"ListItem","position":3,"name":"K\u00f6pfe\/Personen","item":"https:\/\/www.krafthand.de\/truck\/kategorie\/branche\/koepfe\/"},{"@type":"ListItem","position":4,"name":"Hasenkamp-LES: Der Transport von sensiblen Kunstgegenst\u00e4nden"}]},{"@type":"WebSite","@id":"https:\/\/www.krafthand.de\/truck\/#website","url":"https:\/\/www.krafthand.de\/truck\/","name":"Krafthand-Truck","description":"","potentialAction":[{"@type":"SearchAction","target":{"@type":"EntryPoint","urlTemplate":"https:\/\/www.krafthand.de\/truck\/?s={search_term_string}"},"query-input":{"@type":"PropertyValueSpecification","valueRequired":true,"valueName":"search_term_string"}}],"inLanguage":"de"},{"@type":"Person","@id":"https:\/\/www.krafthand.de\/truck\/#\/schema\/person\/51fa80b1c57034c4bf63f9f988fc24ce","name":"georg.blenk@krafthand-medien.de","image":{"@type":"ImageObject","inLanguage":"de","@id":"https:\/\/secure.gravatar.com\/avatar\/93713c30affe0aa95d3a4130e499bb1abee2eb31adbdd9ce2aa1543538490215?s=96&d=mm&r=g","url":"https:\/\/secure.gravatar.com\/avatar\/93713c30affe0aa95d3a4130e499bb1abee2eb31adbdd9ce2aa1543538490215?s=96&d=mm&r=g","contentUrl":"https:\/\/secure.gravatar.com\/avatar\/93713c30affe0aa95d3a4130e499bb1abee2eb31adbdd9ce2aa1543538490215?s=96&d=mm&r=g","caption":"georg.blenk@krafthand-medien.de"}}]}},"_links":{"self":[{"href":"https:\/\/www.krafthand.de\/truck\/wp-json\/wp\/v2\/posts\/31156","targetHints":{"allow":["GET"]}}],"collection":[{"href":"https:\/\/www.krafthand.de\/truck\/wp-json\/wp\/v2\/posts"}],"about":[{"href":"https:\/\/www.krafthand.de\/truck\/wp-json\/wp\/v2\/types\/post"}],"author":[{"embeddable":true,"href":"https:\/\/www.krafthand.de\/truck\/wp-json\/wp\/v2\/users\/9"}],"replies":[{"embeddable":true,"href":"https:\/\/www.krafthand.de\/truck\/wp-json\/wp\/v2\/comments?post=31156"}],"version-history":[{"count":9,"href":"https:\/\/www.krafthand.de\/truck\/wp-json\/wp\/v2\/posts\/31156\/revisions"}],"predecessor-version":[{"id":31167,"href":"https:\/\/www.krafthand.de\/truck\/wp-json\/wp\/v2\/posts\/31156\/revisions\/31167"}],"wp:featuredmedia":[{"embeddable":true,"href":"https:\/\/www.krafthand.de\/truck\/wp-json\/wp\/v2\/media\/31160"}],"wp:attachment":[{"href":"https:\/\/www.krafthand.de\/truck\/wp-json\/wp\/v2\/media?parent=31156"}],"wp:term":[{"taxonomy":"category","embeddable":true,"href":"https:\/\/www.krafthand.de\/truck\/wp-json\/wp\/v2\/categories?post=31156"},{"taxonomy":"post_tag","embeddable":true,"href":"https:\/\/www.krafthand.de\/truck\/wp-json\/wp\/v2\/tags?post=31156"},{"taxonomy":"settings","embeddable":true,"href":"https:\/\/www.krafthand.de\/truck\/wp-json\/wp\/v2\/settings?post=31156"}],"curies":[{"name":"wp","href":"https:\/\/api.w.org\/{rel}","templated":true}]}}